{"id":140033,"date":"2023-05-23T16:21:07","date_gmt":"2023-05-23T21:21:07","guid":{"rendered":"https:\/\/centrourbano.com\/?p=140033"},"modified":"2023-05-25T15:08:37","modified_gmt":"2023-05-25T20:08:37","slug":"planes-desarrollo-ordenamiento-cdmx","status":"publish","type":"post","link":"https:\/\/centrourbano.com\/revista\/urbanismo\/planes-desarrollo-ordenamiento-cdmx\/","title":{"rendered":"Presentan planes de Desarrollo y Ordenamiento Territorial de la CDMX"},"content":{"rendered":"<p><em>El titular de la Secgob inform\u00f3 que los planes se entregar\u00e1n a la Jefa de Gobierno; y, posteriormente, al Congreso de la CDMX para continuar con el trabajo legislativo <\/em><!--more--><\/p>\n<p>El <strong>Gobierno de la Ciudad de M\u00e9xico<\/strong> present\u00f3 las nuevas propuestas del <strong>Plan General de Desarrollo<\/strong> (<strong>PGD<\/strong>) y el <strong>Programa General de Ordenamiento Territorial<\/strong> (<strong>PGOT<\/strong>); mismos que contienen los ejes rectores para ordenar y regular el espacio de la capital en los pr\u00f3ximos a\u00f1os.<\/p>\n<p>Asimismo, dichos documentos ya integran las <a href=\"https:\/\/centrourbano.com\/urbanismo\/ipdp-reuniones-vecinales\/\" target=\"_blank\" rel=\"noopener\">observaciones<\/a> que vecinos y expertos emitieron sobre diversos temas; tales como la <strong>regulaci\u00f3n responsable del suelo<\/strong>, el <strong>derecho a la Ciudad<\/strong> y el <strong>suelo de conservaci\u00f3n<\/strong>.<\/p>\n<p>Al respecto, <strong>Mart\u00ed Batres Guadarrama<\/strong>, <strong>titular de la Secretar\u00eda de Gobierno de la CDMX<\/strong>, record\u00f3 que ya se hab\u00edan presentado propuestas del <strong>PGD<\/strong> y <strong>PGOT<\/strong>; sin embargo, no pod\u00edan enviarse al Congreso local debido a los cuestionamientos realizados por organizaciones urbanas, sociales y de los pueblos y comunidades del sur de la capital. Por ello, desde el <strong>Instituto de Planeaci\u00f3n Democr\u00e1tica y Prospectiva<\/strong> (<strong>IPDP<\/strong>) se comenz\u00f3 un trabajo para hacer nuevos documentos.<\/p>\n<p>\u201cSe elaboraron documentos distintos, son documentos diferentes; no solo en su elaboraci\u00f3n textual, sino sobre todo en las concepciones que se han incorporado a los mismos\u201d, precis\u00f3.<\/p>\n<p>El funcionario destac\u00f3 que ahora los documentos establecen que el <strong>suelo de conservaci\u00f3n<\/strong> no se dividir\u00e1 en uso de suelo rural, como la propuesta anterior; adem\u00e1s de que defienden la <strong>propiedad social de la tierra<\/strong> en el suelo de conservaci\u00f3n.<\/p>\n<p>De igual manera, se protege la <strong>vocaci\u00f3n residencial de las colonias<\/strong>; esto con el objetivo de evitar que zonas residenciales se conviertan en espacios de grandes edificios que arrasan con la vivienda unifamiliar.<\/p>\n<p>Por otra parte, se protege el patrimonio cultural tangible e intangible de la ciudad, como derecho a la memoria colectiva y la identidad como pueblo; se reivindica el derecho a la ciudad, desde la recuperaci\u00f3n de lo p\u00fablico y lo com\u00fan; adem\u00e1s de que impulsan el combate a las desigualdades y el fortalecimiento de la vida comunitaria.<\/p>\n<p>\u201cAs\u00ed, el documento que hoy se presenta busca que en los pr\u00f3ximos a\u00f1os queden como criterios organizadores del territorio: la regulaci\u00f3n responsable del suelo, la vivienda adecuada, asequible, el espacio p\u00fablico seguro, el medio ambiente sano y la movilidad integrada\u201d, agreg\u00f3.<\/p>\n<p>Finalmente, <strong>Batres<\/strong> inform\u00f3 que los documentos se entregar\u00e1n a la <strong>jefa de Gobierno, Claudia Sheinbaum Pardo<\/strong>; quien los enviar\u00e1 al Congreso de la CDMX para continuar con el trabajo legislativo.<\/p>\n","protected":false},"excerpt":{"rendered":"<p>El titular de la Secgob inform\u00f3 que los planes se entregar\u00e1n a la Jefa de Gobierno; y, posteriormente, al Congreso de la CDMX para continuar con el trabajo legislativo<\/p>\n","protected":false},"author":73,"featured_media":140034,"comment_status":"open","ping_status":"closed","sticky":false,"template":"","format":"standard","meta":{"om_disable_all_campaigns":false,"inline_featured_image":false,"_monsterinsights_skip_tracking":false,"_monsterinsights_sitenote_active":false,"_monsterinsights_sitenote_note":"","_monsterinsights_sitenote_category":0,"footnotes":""},"categories":[82],"tags":[14607,22334,20745,20746,13179],"class_list":["post-140033","post","type-post","status-publish","format-standard","has-post-thumbnail","hentry","category-urbanismo","tag-gobierno-de-la-cdmx","tag-ipdp","tag-plan-general-de-desarrollo","tag-programa-general-de-ordenamiento-territorial","tag-secgob"],"yoast_head":"<!-- This site is optimized with the Yoast SEO plugin v27.4 - https:\/\/yoast.com\/product\/yoast-seo-wordpress\/ -->\n<title>Presentan planes de Desarrollo y Ordenamiento de la CDMX<\/title>\n<meta name=\"description\" content=\"El titular de la Secgob inform\u00f3 que los planes se entregar\u00e1n a la Jefa de Gobierno; y, posteriormente, al Congreso de la CDMX\" \/>\n<meta name=\"robots\" content=\"index, follow, max-snippet:-1, max-image-preview:large, max-video-preview:-1\" \/>\n<link rel=\"canonical\" href=\"https:\/\/centrourbano.com\/revista\/urbanismo\/planes-desarrollo-ordenamiento-cdmx\/\" \/>\n<meta property=\"og:locale\" content=\"es_ES\" \/>\n<meta property=\"og:type\" content=\"article\" \/>\n<meta property=\"og:title\" content=\"Presentan planes de Desarrollo y Ordenamiento de la CDMX\" \/>\n<meta property=\"og:description\" content=\"El titular de la Secgob inform\u00f3 que los planes se entregar\u00e1n a la Jefa de Gobierno; y, posteriormente, al Congreso de la CDMX\" \/>\n<meta property=\"og:url\" content=\"https:\/\/centrourbano.com\/revista\/urbanismo\/planes-desarrollo-ordenamiento-cdmx\/\" \/>\n<meta property=\"og:site_name\" content=\"Centro Urbano\" \/>\n<meta property=\"article:publisher\" content=\"https:\/\/www.facebook.com\/portalcentrourbano\" \/>\n<meta property=\"article:published_time\" content=\"2023-05-23T21:21:07+00:00\" \/>\n<meta property=\"article:modified_time\" content=\"2023-05-25T20:08:37+00:00\" \/>\n<meta property=\"og:image\" content=\"https:\/\/centrourbano.com\/revista\/wp-content\/uploads\/Presentan-planes-de-Desarrollo-y-Ordenamiento-Territorial-de-la-CDMX.jpg\" \/>\n\t<meta property=\"og:image:width\" content=\"850\" \/>\n\t<meta property=\"og:image:height\" content=\"682\" \/>\n\t<meta property=\"og:image:type\" content=\"image\/jpeg\" \/>\n<meta name=\"author\" content=\"Fernanda Hern\u00e1ndez\" \/>\n<meta name=\"twitter:card\" content=\"summary_large_image\" \/>\n<meta name=\"twitter:creator\" content=\"@https:\/\/twitter.com\/Nannz_Hernandez\" \/>\n<meta name=\"twitter:site\" content=\"@CentroUrbano\" \/>\n<meta name=\"twitter:label1\" content=\"Escrito por\" \/>\n\t<meta name=\"twitter:data1\" content=\"Fernanda Hern\u00e1ndez\" \/>\n\t<meta name=\"twitter:label2\" content=\"Tiempo de lectura\" \/>\n\t<meta name=\"twitter:data2\" content=\"2 minutos\" \/>\n<script type=\"application\/ld+json\" class=\"yoast-schema-graph\">{\"@context\":\"https:\\\/\\\/schema.org\",\"@graph\":[{\"@type\":\"Article\",\"@id\":\"https:\\\/\\\/centrourbano.com\\\/revista\\\/urbanismo\\\/planes-desarrollo-ordenamiento-cdmx\\\/#article\",\"isPartOf\":{\"@id\":\"https:\\\/\\\/centrourbano.com\\\/revista\\\/urbanismo\\\/planes-desarrollo-ordenamiento-cdmx\\\/\"},\"author\":{\"name\":\"Fernanda Hern\u00e1ndez\",\"@id\":\"https:\\\/\\\/centrourbano.com\\\/revista\\\/#\\\/schema\\\/person\\\/b190b20bbbceb41ec72278c546fa8df3\"},\"headline\":\"Presentan planes de Desarrollo y Ordenamiento Territorial de la CDMX\",\"datePublished\":\"2023-05-23T21:21:07+00:00\",\"dateModified\":\"2023-05-25T20:08:37+00:00\",\"mainEntityOfPage\":{\"@id\":\"https:\\\/\\\/centrourbano.com\\\/revista\\\/urbanismo\\\/planes-desarrollo-ordenamiento-cdmx\\\/\"},\"wordCount\":440,\"commentCount\":0,\"publisher\":{\"@id\":\"https:\\\/\\\/centrourbano.com\\\/revista\\\/#organization\"},\"image\":{\"@id\":\"https:\\\/\\\/centrourbano.com\\\/revista\\\/urbanismo\\\/planes-desarrollo-ordenamiento-cdmx\\\/#primaryimage\"},\"thumbnailUrl\":\"https:\\\/\\\/centrourbano.com\\\/revista\\\/wp-content\\\/uploads\\\/Presentan-planes-de-Desarrollo-y-Ordenamiento-Territorial-de-la-CDMX.jpg\",\"keywords\":[\"Gobierno de la CDMX\",\"IPDP\",\"Plan General de Desarrollo\",\"Programa General de Ordenamiento Territorial\",\"Secgob\"],\"articleSection\":[\"Urbanismo\"],\"inLanguage\":\"es\",\"potentialAction\":[{\"@type\":\"CommentAction\",\"name\":\"Comment\",\"target\":[\"https:\\\/\\\/centrourbano.com\\\/revista\\\/urbanismo\\\/planes-desarrollo-ordenamiento-cdmx\\\/#respond\"]}]},{\"@type\":\"WebPage\",\"@id\":\"https:\\\/\\\/centrourbano.com\\\/revista\\\/urbanismo\\\/planes-desarrollo-ordenamiento-cdmx\\\/\",\"url\":\"https:\\\/\\\/centrourbano.com\\\/revista\\\/urbanismo\\\/planes-desarrollo-ordenamiento-cdmx\\\/\",\"name\":\"Presentan planes de Desarrollo y Ordenamiento de la CDMX\",\"isPartOf\":{\"@id\":\"https:\\\/\\\/centrourbano.com\\\/revista\\\/#website\"},\"primaryImageOfPage\":{\"@id\":\"https:\\\/\\\/centrourbano.com\\\/revista\\\/urbanismo\\\/planes-desarrollo-ordenamiento-cdmx\\\/#primaryimage\"},\"image\":{\"@id\":\"https:\\\/\\\/centrourbano.com\\\/revista\\\/urbanismo\\\/planes-desarrollo-ordenamiento-cdmx\\\/#primaryimage\"},\"thumbnailUrl\":\"https:\\\/\\\/centrourbano.com\\\/revista\\\/wp-content\\\/uploads\\\/Presentan-planes-de-Desarrollo-y-Ordenamiento-Territorial-de-la-CDMX.jpg\",\"datePublished\":\"2023-05-23T21:21:07+00:00\",\"dateModified\":\"2023-05-25T20:08:37+00:00\",\"description\":\"El titular de la Secgob inform\u00f3 que los planes se entregar\u00e1n a la Jefa de Gobierno; y, posteriormente, al Congreso de la CDMX\",\"breadcrumb\":{\"@id\":\"https:\\\/\\\/centrourbano.com\\\/revista\\\/urbanismo\\\/planes-desarrollo-ordenamiento-cdmx\\\/#breadcrumb\"},\"inLanguage\":\"es\",\"potentialAction\":[{\"@type\":\"ReadAction\",\"target\":[\"https:\\\/\\\/centrourbano.com\\\/revista\\\/urbanismo\\\/planes-desarrollo-ordenamiento-cdmx\\\/\"]}]},{\"@type\":\"ImageObject\",\"inLanguage\":\"es\",\"@id\":\"https:\\\/\\\/centrourbano.com\\\/revista\\\/urbanismo\\\/planes-desarrollo-ordenamiento-cdmx\\\/#primaryimage\",\"url\":\"https:\\\/\\\/centrourbano.com\\\/revista\\\/wp-content\\\/uploads\\\/Presentan-planes-de-Desarrollo-y-Ordenamiento-Territorial-de-la-CDMX.jpg\",\"contentUrl\":\"https:\\\/\\\/centrourbano.com\\\/revista\\\/wp-content\\\/uploads\\\/Presentan-planes-de-Desarrollo-y-Ordenamiento-Territorial-de-la-CDMX.jpg\",\"width\":850,\"height\":682,\"caption\":\"El titular de la Secgob inform\u00f3 que los planes se entregar\u00e1n a la Jefa de Gobierno; y, posteriormente, al Congreso de la CDMX para continuar con el trabajo legislativo\"},{\"@type\":\"BreadcrumbList\",\"@id\":\"https:\\\/\\\/centrourbano.com\\\/revista\\\/urbanismo\\\/planes-desarrollo-ordenamiento-cdmx\\\/#breadcrumb\",\"itemListElement\":[{\"@type\":\"ListItem\",\"position\":1,\"name\":\"Portada\",\"item\":\"https:\\\/\\\/centrourbano.com\\\/revista\\\/\"},{\"@type\":\"ListItem\",\"position\":2,\"name\":\"Presentan planes de Desarrollo y Ordenamiento Territorial de la CDMX\"}]},{\"@type\":\"WebSite\",\"@id\":\"https:\\\/\\\/centrourbano.com\\\/revista\\\/#website\",\"url\":\"https:\\\/\\\/centrourbano.com\\\/revista\\\/\",\"name\":\"Centro Urbano\",\"description\":\"Medio especializado en los sectores vivienda, inmobiliario, construcci\u00f3n, arquitectura y urbanismo.\",\"publisher\":{\"@id\":\"https:\\\/\\\/centrourbano.com\\\/revista\\\/#organization\"},\"potentialAction\":[{\"@type\":\"SearchAction\",\"target\":{\"@type\":\"EntryPoint\",\"urlTemplate\":\"https:\\\/\\\/centrourbano.com\\\/revista\\\/?s={search_term_string}\"},\"query-input\":{\"@type\":\"PropertyValueSpecification\",\"valueRequired\":true,\"valueName\":\"search_term_string\"}}],\"inLanguage\":\"es\"},{\"@type\":\"Organization\",\"@id\":\"https:\\\/\\\/centrourbano.com\\\/revista\\\/#organization\",\"name\":\"Centro Urbano\",\"url\":\"https:\\\/\\\/centrourbano.com\\\/revista\\\/\",\"logo\":{\"@type\":\"ImageObject\",\"inLanguage\":\"es\",\"@id\":\"https:\\\/\\\/centrourbano.com\\\/revista\\\/#\\\/schema\\\/logo\\\/image\\\/\",\"url\":\"https:\\\/\\\/centrourbano.com\\\/revista\\\/wp-content\\\/uploads\\\/web_CU_logo-1.png\",\"contentUrl\":\"https:\\\/\\\/centrourbano.com\\\/revista\\\/wp-content\\\/uploads\\\/web_CU_logo-1.png\",\"width\":350,\"height\":91,\"caption\":\"Centro Urbano\"},\"image\":{\"@id\":\"https:\\\/\\\/centrourbano.com\\\/revista\\\/#\\\/schema\\\/logo\\\/image\\\/\"},\"sameAs\":[\"https:\\\/\\\/www.facebook.com\\\/portalcentrourbano\",\"https:\\\/\\\/x.com\\\/CentroUrbano\",\"https:\\\/\\\/www.instagram.com\\\/centro_urbano\\\/\",\"https:\\\/\\\/www.linkedin.com\\\/company\\\/centro-urbano\\\/\",\"http:\\\/\\\/www.youtube.com\\\/user\\\/portalcentrourbano\"]},{\"@type\":\"Person\",\"@id\":\"https:\\\/\\\/centrourbano.com\\\/revista\\\/#\\\/schema\\\/person\\\/b190b20bbbceb41ec72278c546fa8df3\",\"name\":\"Fernanda Hern\u00e1ndez\",\"image\":{\"@type\":\"ImageObject\",\"inLanguage\":\"es\",\"@id\":\"https:\\\/\\\/secure.gravatar.com\\\/avatar\\\/9471831fb0a24eae9d32d826a7cb8ef07c34a41520aca1a0ab1f5c0903ba49b9?s=96&d=mm&r=g\",\"url\":\"https:\\\/\\\/secure.gravatar.com\\\/avatar\\\/9471831fb0a24eae9d32d826a7cb8ef07c34a41520aca1a0ab1f5c0903ba49b9?s=96&d=mm&r=g\",\"contentUrl\":\"https:\\\/\\\/secure.gravatar.com\\\/avatar\\\/9471831fb0a24eae9d32d826a7cb8ef07c34a41520aca1a0ab1f5c0903ba49b9?s=96&d=mm&r=g\",\"caption\":\"Fernanda Hern\u00e1ndez\"},\"description\":\"Reportera y redactora en Centro Urbano. Soy egresada de la licenciatura en Ciencias de la Comunicaci\u00f3n de la Facultad de Ciencias Pol\u00edticas y Sociales (UNAM). Me interesa la cultura, el urbanismo y la arquitectura. Amante del mundo digital, el cine, la m\u00fasica, la lectura y la escritura.\",\"sameAs\":[\"https:\\\/\\\/x.com\\\/https:\\\/\\\/twitter.com\\\/Nannz_Hernandez\"],\"url\":\"https:\\\/\\\/centrourbano.com\\\/revista\\\/author\\\/fernanda-hernandez\\\/\"}]}<\/script>\n<!-- \/ Yoast SEO plugin. -->","yoast_head_json":{"title":"Presentan planes de Desarrollo y Ordenamiento de la CDMX","description":"El titular de la Secgob inform\u00f3 que los planes se entregar\u00e1n a la Jefa de Gobierno; y, posteriormente, al Congreso de la CDMX","robots":{"index":"index","follow":"follow","max-snippet":"max-snippet:-1","max-image-preview":"max-image-preview:large","max-video-preview":"max-video-preview:-1"},"canonical":"https:\/\/centrourbano.com\/revista\/urbanismo\/planes-desarrollo-ordenamiento-cdmx\/","og_locale":"es_ES","og_type":"article","og_title":"Presentan planes de Desarrollo y Ordenamiento de la CDMX","og_description":"El titular de la Secgob inform\u00f3 que los planes se entregar\u00e1n a la Jefa de Gobierno; y, posteriormente, al Congreso de la CDMX","og_url":"https:\/\/centrourbano.com\/revista\/urbanismo\/planes-desarrollo-ordenamiento-cdmx\/","og_site_name":"Centro Urbano","article_publisher":"https:\/\/www.facebook.com\/portalcentrourbano","article_published_time":"2023-05-23T21:21:07+00:00","article_modified_time":"2023-05-25T20:08:37+00:00","og_image":[{"width":850,"height":682,"url":"https:\/\/centrourbano.com\/revista\/wp-content\/uploads\/Presentan-planes-de-Desarrollo-y-Ordenamiento-Territorial-de-la-CDMX.jpg","type":"image\/jpeg"}],"author":"Fernanda Hern\u00e1ndez","twitter_card":"summary_large_image","twitter_creator":"@https:\/\/twitter.com\/Nannz_Hernandez","twitter_site":"@CentroUrbano","twitter_misc":{"Escrito por":"Fernanda Hern\u00e1ndez","Tiempo de lectura":"2 minutos"},"schema":{"@context":"https:\/\/schema.org","@graph":[{"@type":"Article","@id":"https:\/\/centrourbano.com\/revista\/urbanismo\/planes-desarrollo-ordenamiento-cdmx\/#article","isPartOf":{"@id":"https:\/\/centrourbano.com\/revista\/urbanismo\/planes-desarrollo-ordenamiento-cdmx\/"},"author":{"name":"Fernanda Hern\u00e1ndez","@id":"https:\/\/centrourbano.com\/revista\/#\/schema\/person\/b190b20bbbceb41ec72278c546fa8df3"},"headline":"Presentan planes de Desarrollo y Ordenamiento Territorial de la CDMX","datePublished":"2023-05-23T21:21:07+00:00","dateModified":"2023-05-25T20:08:37+00:00","mainEntityOfPage":{"@id":"https:\/\/centrourbano.com\/revista\/urbanismo\/planes-desarrollo-ordenamiento-cdmx\/"},"wordCount":440,"commentCount":0,"publisher":{"@id":"https:\/\/centrourbano.com\/revista\/#organization"},"image":{"@id":"https:\/\/centrourbano.com\/revista\/urbanismo\/planes-desarrollo-ordenamiento-cdmx\/#primaryimage"},"thumbnailUrl":"https:\/\/centrourbano.com\/revista\/wp-content\/uploads\/Presentan-planes-de-Desarrollo-y-Ordenamiento-Territorial-de-la-CDMX.jpg","keywords":["Gobierno de la CDMX","IPDP","Plan General de Desarrollo","Programa General de Ordenamiento Territorial","Secgob"],"articleSection":["Urbanismo"],"inLanguage":"es","potentialAction":[{"@type":"CommentAction","name":"Comment","target":["https:\/\/centrourbano.com\/revista\/urbanismo\/planes-desarrollo-ordenamiento-cdmx\/#respond"]}]},{"@type":"WebPage","@id":"https:\/\/centrourbano.com\/revista\/urbanismo\/planes-desarrollo-ordenamiento-cdmx\/","url":"https:\/\/centrourbano.com\/revista\/urbanismo\/planes-desarrollo-ordenamiento-cdmx\/","name":"Presentan planes de Desarrollo y Ordenamiento de la CDMX","isPartOf":{"@id":"https:\/\/centrourbano.com\/revista\/#website"},"primaryImageOfPage":{"@id":"https:\/\/centrourbano.com\/revista\/urbanismo\/planes-desarrollo-ordenamiento-cdmx\/#primaryimage"},"image":{"@id":"https:\/\/centrourbano.com\/revista\/urbanismo\/planes-desarrollo-ordenamiento-cdmx\/#primaryimage"},"thumbnailUrl":"https:\/\/centrourbano.com\/revista\/wp-content\/uploads\/Presentan-planes-de-Desarrollo-y-Ordenamiento-Territorial-de-la-CDMX.jpg","datePublished":"2023-05-23T21:21:07+00:00","dateModified":"2023-05-25T20:08:37+00:00","description":"El titular de la Secgob inform\u00f3 que los planes se entregar\u00e1n a la Jefa de Gobierno; y, posteriormente, al Congreso de la CDMX","breadcrumb":{"@id":"https:\/\/centrourbano.com\/revista\/urbanismo\/planes-desarrollo-ordenamiento-cdmx\/#breadcrumb"},"inLanguage":"es","potentialAction":[{"@type":"ReadAction","target":["https:\/\/centrourbano.com\/revista\/urbanismo\/planes-desarrollo-ordenamiento-cdmx\/"]}]},{"@type":"ImageObject","inLanguage":"es","@id":"https:\/\/centrourbano.com\/revista\/urbanismo\/planes-desarrollo-ordenamiento-cdmx\/#primaryimage","url":"https:\/\/centrourbano.com\/revista\/wp-content\/uploads\/Presentan-planes-de-Desarrollo-y-Ordenamiento-Territorial-de-la-CDMX.jpg","contentUrl":"https:\/\/centrourbano.com\/revista\/wp-content\/uploads\/Presentan-planes-de-Desarrollo-y-Ordenamiento-Territorial-de-la-CDMX.jpg","width":850,"height":682,"caption":"El titular de la Secgob inform\u00f3 que los planes se entregar\u00e1n a la Jefa de Gobierno; y, posteriormente, al Congreso de la CDMX para continuar con el trabajo legislativo"},{"@type":"BreadcrumbList","@id":"https:\/\/centrourbano.com\/revista\/urbanismo\/planes-desarrollo-ordenamiento-cdmx\/#breadcrumb","itemListElement":[{"@type":"ListItem","position":1,"name":"Portada","item":"https:\/\/centrourbano.com\/revista\/"},{"@type":"ListItem","position":2,"name":"Presentan planes de Desarrollo y Ordenamiento Territorial de la CDMX"}]},{"@type":"WebSite","@id":"https:\/\/centrourbano.com\/revista\/#website","url":"https:\/\/centrourbano.com\/revista\/","name":"Centro Urbano","description":"Medio especializado en los sectores vivienda, inmobiliario, construcci\u00f3n, arquitectura y urbanismo.","publisher":{"@id":"https:\/\/centrourbano.com\/revista\/#organization"},"potentialAction":[{"@type":"SearchAction","target":{"@type":"EntryPoint","urlTemplate":"https:\/\/centrourbano.com\/revista\/?s={search_term_string}"},"query-input":{"@type":"PropertyValueSpecification","valueRequired":true,"valueName":"search_term_string"}}],"inLanguage":"es"},{"@type":"Organization","@id":"https:\/\/centrourbano.com\/revista\/#organization","name":"Centro Urbano","url":"https:\/\/centrourbano.com\/revista\/","logo":{"@type":"ImageObject","inLanguage":"es","@id":"https:\/\/centrourbano.com\/revista\/#\/schema\/logo\/image\/","url":"https:\/\/centrourbano.com\/revista\/wp-content\/uploads\/web_CU_logo-1.png","contentUrl":"https:\/\/centrourbano.com\/revista\/wp-content\/uploads\/web_CU_logo-1.png","width":350,"height":91,"caption":"Centro Urbano"},"image":{"@id":"https:\/\/centrourbano.com\/revista\/#\/schema\/logo\/image\/"},"sameAs":["https:\/\/www.facebook.com\/portalcentrourbano","https:\/\/x.com\/CentroUrbano","https:\/\/www.instagram.com\/centro_urbano\/","https:\/\/www.linkedin.com\/company\/centro-urbano\/","http:\/\/www.youtube.com\/user\/portalcentrourbano"]},{"@type":"Person","@id":"https:\/\/centrourbano.com\/revista\/#\/schema\/person\/b190b20bbbceb41ec72278c546fa8df3","name":"Fernanda Hern\u00e1ndez","image":{"@type":"ImageObject","inLanguage":"es","@id":"https:\/\/secure.gravatar.com\/avatar\/9471831fb0a24eae9d32d826a7cb8ef07c34a41520aca1a0ab1f5c0903ba49b9?s=96&d=mm&r=g","url":"https:\/\/secure.gravatar.com\/avatar\/9471831fb0a24eae9d32d826a7cb8ef07c34a41520aca1a0ab1f5c0903ba49b9?s=96&d=mm&r=g","contentUrl":"https:\/\/secure.gravatar.com\/avatar\/9471831fb0a24eae9d32d826a7cb8ef07c34a41520aca1a0ab1f5c0903ba49b9?s=96&d=mm&r=g","caption":"Fernanda Hern\u00e1ndez"},"description":"Reportera y redactora en Centro Urbano. Soy egresada de la licenciatura en Ciencias de la Comunicaci\u00f3n de la Facultad de Ciencias Pol\u00edticas y Sociales (UNAM). Me interesa la cultura, el urbanismo y la arquitectura. Amante del mundo digital, el cine, la m\u00fasica, la lectura y la escritura.","sameAs":["https:\/\/x.com\/https:\/\/twitter.com\/Nannz_Hernandez"],"url":"https:\/\/centrourbano.com\/revista\/author\/fernanda-hernandez\/"}]}},"_links":{"self":[{"href":"https:\/\/centrourbano.com\/revista\/wp-json\/wp\/v2\/posts\/140033","targetHints":{"allow":["GET"]}}],"collection":[{"href":"https:\/\/centrourbano.com\/revista\/wp-json\/wp\/v2\/posts"}],"about":[{"href":"https:\/\/centrourbano.com\/revista\/wp-json\/wp\/v2\/types\/post"}],"author":[{"embeddable":true,"href":"https:\/\/centrourbano.com\/revista\/wp-json\/wp\/v2\/users\/73"}],"replies":[{"embeddable":true,"href":"https:\/\/centrourbano.com\/revista\/wp-json\/wp\/v2\/comments?post=140033"}],"version-history":[{"count":1,"href":"https:\/\/centrourbano.com\/revista\/wp-json\/wp\/v2\/posts\/140033\/revisions"}],"predecessor-version":[{"id":140035,"href":"https:\/\/centrourbano.com\/revista\/wp-json\/wp\/v2\/posts\/140033\/revisions\/140035"}],"wp:featuredmedia":[{"embeddable":true,"href":"https:\/\/centrourbano.com\/revista\/wp-json\/wp\/v2\/media\/140034"}],"wp:attachment":[{"href":"https:\/\/centrourbano.com\/revista\/wp-json\/wp\/v2\/media?parent=140033"}],"wp:term":[{"taxonomy":"category","embeddable":true,"href":"https:\/\/centrourbano.com\/revista\/wp-json\/wp\/v2\/categories?post=140033"},{"taxonomy":"post_tag","embeddable":true,"href":"https:\/\/centrourbano.com\/revista\/wp-json\/wp\/v2\/tags?post=140033"}],"curies":[{"name":"wp","href":"https:\/\/api.w.org\/{rel}","templated":true}]}}