{"id":139847,"date":"2023-05-12T17:46:07","date_gmt":"2023-05-12T22:46:07","guid":{"rendered":"https:\/\/centrourbano.com\/?p=139847"},"modified":"2023-05-12T23:49:17","modified_gmt":"2023-05-13T04:49:17","slug":"mem-laboratorio-desafios-cdmx","status":"publish","type":"post","link":"https:\/\/centrourbano.com\/revista\/urbanismo\/mem-laboratorio-desafios-cdmx\/","title":{"rendered":"Crea MEM Laboratorio para abordar desaf\u00edos urbanos de la CDMX"},"content":{"rendered":"<p><em>Mediante el Laboratorio, se realizar\u00e1 un Ideat\u00f3n p\u00fablico con el objetivo de proponer soluciones para un nuevo futuro energ\u00e9tico<\/em><!--more--><\/p>\n<p>La firma <strong>Mota-Engil M\u00e9xico<\/strong> (<a href=\"https:\/\/centrourbano.com\/inmobiliario\/aztlan-parque-feria-chapultepec\/\" target=\"_blank\" rel=\"noopener\"><strong>MEM<\/strong><\/a>) anunci\u00f3 la creaci\u00f3n del <strong>Laboratorio para Mejorar Nuestras Ciudades<\/strong>; mediante el cual se abordar\u00e1n los principales desaf\u00edos urbanos de la Ciudad de M\u00e9xico.<\/p>\n<p>El Laboratorio contempla la creaci\u00f3n de una <strong>red de<\/strong> <strong>colaboraci\u00f3n interdisciplinaria<\/strong> a la vanguardia de la investigaci\u00f3n y la innovaci\u00f3n para impulsar la transici\u00f3n de la dependencia del carbono hacia un sector energ\u00e9tico sostenible; as\u00ed como profundizar la colaboraci\u00f3n con el <strong>Centro Norman B. Leventhal de Urbanismo Avanzado del MIT<\/strong> (LCAU, por sus siglas en ingl\u00e9s).<\/p>\n<p>Adem\u00e1s, <a href=\"https:\/\/www.mota-engil.com\/es\/\" target=\"_blank\" rel=\"noopener\"><strong>MEM<\/strong> <\/a>indic\u00f3 que el G<strong>obierno de la CDMX<\/strong>, a trav\u00e9s del <strong>CDIT-Vallejo-I<\/strong> de la <strong>Secretar\u00eda de Educaci\u00f3n, Ciencia, Tecnolog\u00eda e Innovaci\u00f3n<\/strong> (<strong>Sectei<\/strong>), ser\u00e1 un colaborador clave para el Laboratorio.<\/p>\n<p>A trav\u00e9s del <strong>Laboratorio<\/strong>, los profesionales y acad\u00e9micos en materia de dise\u00f1o, planificaci\u00f3n urbana e innovaci\u00f3n participar\u00e1n en una serie de eventos y talleres dirigidos por el <strong>MITdesignX<\/strong> y el <strong>Gobierno capitalino<\/strong>; as\u00ed como en investigaciones de ense\u00f1anza e innovaci\u00f3n, dirigidas por profesores de la <strong>Escuela de Arquitectura y Planeaci\u00f3n del MIT<\/strong>.<\/p>\n<p>El primero de una serie de eventos ser\u00e1 un <strong>Ideat\u00f3n p\u00fablico<\/strong>, que se realizar\u00e1 el 29 y 30 de mayo en el CDIT Vallejo-i. Este evento est\u00e1 dirigido a estudiantes y emprendedores, y tiene el objetivo de proponer soluciones para un nuevo futuro energ\u00e9tico.<\/p>\n<p>Despu\u00e9s del <strong>Ideat\u00f3n<\/strong>, se abrir\u00e1n aplicaciones para el acelerador de verano <strong>MITdesignX<\/strong> CDMX; que apoyar\u00e1 a los individuos y a startups interesadas en desarrollar ideas en soluciones viables, impactantes y escalables.<\/p>\n","protected":false},"excerpt":{"rendered":"<p>Mediante el Laboratorio, se realizar\u00e1 un Ideat\u00f3n p\u00fablico con el objetivo de proponer soluciones para un nuevo futuro energ\u00e9tico<\/p>\n","protected":false},"author":73,"featured_media":139848,"comment_status":"open","ping_status":"closed","sticky":false,"template":"","format":"standard","meta":{"om_disable_all_campaigns":false,"inline_featured_image":false,"_monsterinsights_skip_tracking":false,"_monsterinsights_sitenote_active":false,"_monsterinsights_sitenote_note":"","_monsterinsights_sitenote_category":0,"footnotes":""},"categories":[82],"tags":[],"class_list":["post-139847","post","type-post","status-publish","format-standard","has-post-thumbnail","hentry","category-urbanismo"],"yoast_head":"<!-- This site is optimized with the Yoast SEO plugin v27.4 - https:\/\/yoast.com\/product\/yoast-seo-wordpress\/ -->\n<title>Crea MEM Laboratorio para abordar desaf\u00edos urbanos de la CDMX<\/title>\n<meta name=\"description\" content=\"Mediante el Laboratorio, se realizar\u00e1 un Ideat\u00f3n p\u00fablico con el objetivo de proponer soluciones para un nuevo futuro energ\u00e9tico\" \/>\n<meta name=\"robots\" content=\"index, follow, max-snippet:-1, max-image-preview:large, max-video-preview:-1\" \/>\n<link rel=\"canonical\" href=\"https:\/\/centrourbano.com\/revista\/urbanismo\/mem-laboratorio-desafios-cdmx\/\" \/>\n<meta property=\"og:locale\" content=\"es_ES\" \/>\n<meta property=\"og:type\" content=\"article\" \/>\n<meta property=\"og:title\" content=\"Crea MEM Laboratorio para abordar desaf\u00edos urbanos de la CDMX\" \/>\n<meta property=\"og:description\" content=\"Mediante el Laboratorio, se realizar\u00e1 un Ideat\u00f3n p\u00fablico con el objetivo de proponer soluciones para un nuevo futuro energ\u00e9tico\" \/>\n<meta property=\"og:url\" content=\"https:\/\/centrourbano.com\/revista\/urbanismo\/mem-laboratorio-desafios-cdmx\/\" \/>\n<meta property=\"og:site_name\" content=\"Centro Urbano\" \/>\n<meta property=\"article:publisher\" content=\"https:\/\/www.facebook.com\/portalcentrourbano\" \/>\n<meta property=\"article:published_time\" content=\"2023-05-12T22:46:07+00:00\" \/>\n<meta property=\"article:modified_time\" content=\"2023-05-13T04:49:17+00:00\" \/>\n<meta property=\"og:image\" content=\"https:\/\/centrourbano.com\/revista\/wp-content\/uploads\/Ciudad-3.jpg\" \/>\n\t<meta property=\"og:image:width\" content=\"929\" \/>\n\t<meta property=\"og:image:height\" content=\"819\" \/>\n\t<meta property=\"og:image:type\" content=\"image\/jpeg\" \/>\n<meta name=\"author\" content=\"Fernanda Hern\u00e1ndez\" \/>\n<meta name=\"twitter:card\" content=\"summary_large_image\" \/>\n<meta name=\"twitter:creator\" content=\"@https:\/\/twitter.com\/Nannz_Hernandez\" \/>\n<meta name=\"twitter:site\" content=\"@CentroUrbano\" \/>\n<meta name=\"twitter:label1\" content=\"Escrito por\" \/>\n\t<meta name=\"twitter:data1\" content=\"Fernanda Hern\u00e1ndez\" \/>\n\t<meta name=\"twitter:label2\" content=\"Tiempo de lectura\" \/>\n\t<meta name=\"twitter:data2\" content=\"2 minutos\" \/>\n<script type=\"application\/ld+json\" class=\"yoast-schema-graph\">{\"@context\":\"https:\\\/\\\/schema.org\",\"@graph\":[{\"@type\":\"Article\",\"@id\":\"https:\\\/\\\/centrourbano.com\\\/revista\\\/urbanismo\\\/mem-laboratorio-desafios-cdmx\\\/#article\",\"isPartOf\":{\"@id\":\"https:\\\/\\\/centrourbano.com\\\/revista\\\/urbanismo\\\/mem-laboratorio-desafios-cdmx\\\/\"},\"author\":{\"name\":\"Fernanda Hern\u00e1ndez\",\"@id\":\"https:\\\/\\\/centrourbano.com\\\/revista\\\/#\\\/schema\\\/person\\\/b190b20bbbceb41ec72278c546fa8df3\"},\"headline\":\"Crea MEM Laboratorio para abordar desaf\u00edos urbanos de la CDMX\",\"datePublished\":\"2023-05-12T22:46:07+00:00\",\"dateModified\":\"2023-05-13T04:49:17+00:00\",\"mainEntityOfPage\":{\"@id\":\"https:\\\/\\\/centrourbano.com\\\/revista\\\/urbanismo\\\/mem-laboratorio-desafios-cdmx\\\/\"},\"wordCount\":306,\"commentCount\":0,\"publisher\":{\"@id\":\"https:\\\/\\\/centrourbano.com\\\/revista\\\/#organization\"},\"image\":{\"@id\":\"https:\\\/\\\/centrourbano.com\\\/revista\\\/urbanismo\\\/mem-laboratorio-desafios-cdmx\\\/#primaryimage\"},\"thumbnailUrl\":\"https:\\\/\\\/centrourbano.com\\\/revista\\\/wp-content\\\/uploads\\\/Ciudad-3.jpg\",\"articleSection\":[\"Urbanismo\"],\"inLanguage\":\"es\",\"potentialAction\":[{\"@type\":\"CommentAction\",\"name\":\"Comment\",\"target\":[\"https:\\\/\\\/centrourbano.com\\\/revista\\\/urbanismo\\\/mem-laboratorio-desafios-cdmx\\\/#respond\"]}]},{\"@type\":\"WebPage\",\"@id\":\"https:\\\/\\\/centrourbano.com\\\/revista\\\/urbanismo\\\/mem-laboratorio-desafios-cdmx\\\/\",\"url\":\"https:\\\/\\\/centrourbano.com\\\/revista\\\/urbanismo\\\/mem-laboratorio-desafios-cdmx\\\/\",\"name\":\"Crea MEM Laboratorio para abordar desaf\u00edos urbanos de la CDMX\",\"isPartOf\":{\"@id\":\"https:\\\/\\\/centrourbano.com\\\/revista\\\/#website\"},\"primaryImageOfPage\":{\"@id\":\"https:\\\/\\\/centrourbano.com\\\/revista\\\/urbanismo\\\/mem-laboratorio-desafios-cdmx\\\/#primaryimage\"},\"image\":{\"@id\":\"https:\\\/\\\/centrourbano.com\\\/revista\\\/urbanismo\\\/mem-laboratorio-desafios-cdmx\\\/#primaryimage\"},\"thumbnailUrl\":\"https:\\\/\\\/centrourbano.com\\\/revista\\\/wp-content\\\/uploads\\\/Ciudad-3.jpg\",\"datePublished\":\"2023-05-12T22:46:07+00:00\",\"dateModified\":\"2023-05-13T04:49:17+00:00\",\"description\":\"Mediante el Laboratorio, se realizar\u00e1 un Ideat\u00f3n p\u00fablico con el objetivo de proponer soluciones para un nuevo futuro energ\u00e9tico\",\"breadcrumb\":{\"@id\":\"https:\\\/\\\/centrourbano.com\\\/revista\\\/urbanismo\\\/mem-laboratorio-desafios-cdmx\\\/#breadcrumb\"},\"inLanguage\":\"es\",\"potentialAction\":[{\"@type\":\"ReadAction\",\"target\":[\"https:\\\/\\\/centrourbano.com\\\/revista\\\/urbanismo\\\/mem-laboratorio-desafios-cdmx\\\/\"]}]},{\"@type\":\"ImageObject\",\"inLanguage\":\"es\",\"@id\":\"https:\\\/\\\/centrourbano.com\\\/revista\\\/urbanismo\\\/mem-laboratorio-desafios-cdmx\\\/#primaryimage\",\"url\":\"https:\\\/\\\/centrourbano.com\\\/revista\\\/wp-content\\\/uploads\\\/Ciudad-3.jpg\",\"contentUrl\":\"https:\\\/\\\/centrourbano.com\\\/revista\\\/wp-content\\\/uploads\\\/Ciudad-3.jpg\",\"width\":929,\"height\":819,\"caption\":\"Mediante el Laboratorio, se realizar\u00e1 un Ideat\u00f3n p\u00fablico con el objetivo de proponer soluciones para un nuevo futuro energ\u00e9tico\"},{\"@type\":\"BreadcrumbList\",\"@id\":\"https:\\\/\\\/centrourbano.com\\\/revista\\\/urbanismo\\\/mem-laboratorio-desafios-cdmx\\\/#breadcrumb\",\"itemListElement\":[{\"@type\":\"ListItem\",\"position\":1,\"name\":\"Portada\",\"item\":\"https:\\\/\\\/centrourbano.com\\\/revista\\\/\"},{\"@type\":\"ListItem\",\"position\":2,\"name\":\"Crea MEM Laboratorio para abordar desaf\u00edos urbanos de la CDMX\"}]},{\"@type\":\"WebSite\",\"@id\":\"https:\\\/\\\/centrourbano.com\\\/revista\\\/#website\",\"url\":\"https:\\\/\\\/centrourbano.com\\\/revista\\\/\",\"name\":\"Centro Urbano\",\"description\":\"Medio especializado en los sectores vivienda, inmobiliario, construcci\u00f3n, arquitectura y urbanismo.\",\"publisher\":{\"@id\":\"https:\\\/\\\/centrourbano.com\\\/revista\\\/#organization\"},\"potentialAction\":[{\"@type\":\"SearchAction\",\"target\":{\"@type\":\"EntryPoint\",\"urlTemplate\":\"https:\\\/\\\/centrourbano.com\\\/revista\\\/?s={search_term_string}\"},\"query-input\":{\"@type\":\"PropertyValueSpecification\",\"valueRequired\":true,\"valueName\":\"search_term_string\"}}],\"inLanguage\":\"es\"},{\"@type\":\"Organization\",\"@id\":\"https:\\\/\\\/centrourbano.com\\\/revista\\\/#organization\",\"name\":\"Centro Urbano\",\"url\":\"https:\\\/\\\/centrourbano.com\\\/revista\\\/\",\"logo\":{\"@type\":\"ImageObject\",\"inLanguage\":\"es\",\"@id\":\"https:\\\/\\\/centrourbano.com\\\/revista\\\/#\\\/schema\\\/logo\\\/image\\\/\",\"url\":\"https:\\\/\\\/centrourbano.com\\\/revista\\\/wp-content\\\/uploads\\\/web_CU_logo-1.png\",\"contentUrl\":\"https:\\\/\\\/centrourbano.com\\\/revista\\\/wp-content\\\/uploads\\\/web_CU_logo-1.png\",\"width\":350,\"height\":91,\"caption\":\"Centro Urbano\"},\"image\":{\"@id\":\"https:\\\/\\\/centrourbano.com\\\/revista\\\/#\\\/schema\\\/logo\\\/image\\\/\"},\"sameAs\":[\"https:\\\/\\\/www.facebook.com\\\/portalcentrourbano\",\"https:\\\/\\\/x.com\\\/CentroUrbano\",\"https:\\\/\\\/www.instagram.com\\\/centro_urbano\\\/\",\"https:\\\/\\\/www.linkedin.com\\\/company\\\/centro-urbano\\\/\",\"http:\\\/\\\/www.youtube.com\\\/user\\\/portalcentrourbano\"]},{\"@type\":\"Person\",\"@id\":\"https:\\\/\\\/centrourbano.com\\\/revista\\\/#\\\/schema\\\/person\\\/b190b20bbbceb41ec72278c546fa8df3\",\"name\":\"Fernanda Hern\u00e1ndez\",\"image\":{\"@type\":\"ImageObject\",\"inLanguage\":\"es\",\"@id\":\"https:\\\/\\\/secure.gravatar.com\\\/avatar\\\/9471831fb0a24eae9d32d826a7cb8ef07c34a41520aca1a0ab1f5c0903ba49b9?s=96&d=mm&r=g\",\"url\":\"https:\\\/\\\/secure.gravatar.com\\\/avatar\\\/9471831fb0a24eae9d32d826a7cb8ef07c34a41520aca1a0ab1f5c0903ba49b9?s=96&d=mm&r=g\",\"contentUrl\":\"https:\\\/\\\/secure.gravatar.com\\\/avatar\\\/9471831fb0a24eae9d32d826a7cb8ef07c34a41520aca1a0ab1f5c0903ba49b9?s=96&d=mm&r=g\",\"caption\":\"Fernanda Hern\u00e1ndez\"},\"description\":\"Reportera y redactora en Centro Urbano. Soy egresada de la licenciatura en Ciencias de la Comunicaci\u00f3n de la Facultad de Ciencias Pol\u00edticas y Sociales (UNAM). Me interesa la cultura, el urbanismo y la arquitectura. Amante del mundo digital, el cine, la m\u00fasica, la lectura y la escritura.\",\"sameAs\":[\"https:\\\/\\\/x.com\\\/https:\\\/\\\/twitter.com\\\/Nannz_Hernandez\"],\"url\":\"https:\\\/\\\/centrourbano.com\\\/revista\\\/author\\\/fernanda-hernandez\\\/\"}]}<\/script>\n<!-- \/ Yoast SEO plugin. -->","yoast_head_json":{"title":"Crea MEM Laboratorio para abordar desaf\u00edos urbanos de la CDMX","description":"Mediante el Laboratorio, se realizar\u00e1 un Ideat\u00f3n p\u00fablico con el objetivo de proponer soluciones para un nuevo futuro energ\u00e9tico","robots":{"index":"index","follow":"follow","max-snippet":"max-snippet:-1","max-image-preview":"max-image-preview:large","max-video-preview":"max-video-preview:-1"},"canonical":"https:\/\/centrourbano.com\/revista\/urbanismo\/mem-laboratorio-desafios-cdmx\/","og_locale":"es_ES","og_type":"article","og_title":"Crea MEM Laboratorio para abordar desaf\u00edos urbanos de la CDMX","og_description":"Mediante el Laboratorio, se realizar\u00e1 un Ideat\u00f3n p\u00fablico con el objetivo de proponer soluciones para un nuevo futuro energ\u00e9tico","og_url":"https:\/\/centrourbano.com\/revista\/urbanismo\/mem-laboratorio-desafios-cdmx\/","og_site_name":"Centro Urbano","article_publisher":"https:\/\/www.facebook.com\/portalcentrourbano","article_published_time":"2023-05-12T22:46:07+00:00","article_modified_time":"2023-05-13T04:49:17+00:00","og_image":[{"width":929,"height":819,"url":"https:\/\/centrourbano.com\/revista\/wp-content\/uploads\/Ciudad-3.jpg","type":"image\/jpeg"}],"author":"Fernanda Hern\u00e1ndez","twitter_card":"summary_large_image","twitter_creator":"@https:\/\/twitter.com\/Nannz_Hernandez","twitter_site":"@CentroUrbano","twitter_misc":{"Escrito por":"Fernanda Hern\u00e1ndez","Tiempo de lectura":"2 minutos"},"schema":{"@context":"https:\/\/schema.org","@graph":[{"@type":"Article","@id":"https:\/\/centrourbano.com\/revista\/urbanismo\/mem-laboratorio-desafios-cdmx\/#article","isPartOf":{"@id":"https:\/\/centrourbano.com\/revista\/urbanismo\/mem-laboratorio-desafios-cdmx\/"},"author":{"name":"Fernanda Hern\u00e1ndez","@id":"https:\/\/centrourbano.com\/revista\/#\/schema\/person\/b190b20bbbceb41ec72278c546fa8df3"},"headline":"Crea MEM Laboratorio para abordar desaf\u00edos urbanos de la CDMX","datePublished":"2023-05-12T22:46:07+00:00","dateModified":"2023-05-13T04:49:17+00:00","mainEntityOfPage":{"@id":"https:\/\/centrourbano.com\/revista\/urbanismo\/mem-laboratorio-desafios-cdmx\/"},"wordCount":306,"commentCount":0,"publisher":{"@id":"https:\/\/centrourbano.com\/revista\/#organization"},"image":{"@id":"https:\/\/centrourbano.com\/revista\/urbanismo\/mem-laboratorio-desafios-cdmx\/#primaryimage"},"thumbnailUrl":"https:\/\/centrourbano.com\/revista\/wp-content\/uploads\/Ciudad-3.jpg","articleSection":["Urbanismo"],"inLanguage":"es","potentialAction":[{"@type":"CommentAction","name":"Comment","target":["https:\/\/centrourbano.com\/revista\/urbanismo\/mem-laboratorio-desafios-cdmx\/#respond"]}]},{"@type":"WebPage","@id":"https:\/\/centrourbano.com\/revista\/urbanismo\/mem-laboratorio-desafios-cdmx\/","url":"https:\/\/centrourbano.com\/revista\/urbanismo\/mem-laboratorio-desafios-cdmx\/","name":"Crea MEM Laboratorio para abordar desaf\u00edos urbanos de la CDMX","isPartOf":{"@id":"https:\/\/centrourbano.com\/revista\/#website"},"primaryImageOfPage":{"@id":"https:\/\/centrourbano.com\/revista\/urbanismo\/mem-laboratorio-desafios-cdmx\/#primaryimage"},"image":{"@id":"https:\/\/centrourbano.com\/revista\/urbanismo\/mem-laboratorio-desafios-cdmx\/#primaryimage"},"thumbnailUrl":"https:\/\/centrourbano.com\/revista\/wp-content\/uploads\/Ciudad-3.jpg","datePublished":"2023-05-12T22:46:07+00:00","dateModified":"2023-05-13T04:49:17+00:00","description":"Mediante el Laboratorio, se realizar\u00e1 un Ideat\u00f3n p\u00fablico con el objetivo de proponer soluciones para un nuevo futuro energ\u00e9tico","breadcrumb":{"@id":"https:\/\/centrourbano.com\/revista\/urbanismo\/mem-laboratorio-desafios-cdmx\/#breadcrumb"},"inLanguage":"es","potentialAction":[{"@type":"ReadAction","target":["https:\/\/centrourbano.com\/revista\/urbanismo\/mem-laboratorio-desafios-cdmx\/"]}]},{"@type":"ImageObject","inLanguage":"es","@id":"https:\/\/centrourbano.com\/revista\/urbanismo\/mem-laboratorio-desafios-cdmx\/#primaryimage","url":"https:\/\/centrourbano.com\/revista\/wp-content\/uploads\/Ciudad-3.jpg","contentUrl":"https:\/\/centrourbano.com\/revista\/wp-content\/uploads\/Ciudad-3.jpg","width":929,"height":819,"caption":"Mediante el Laboratorio, se realizar\u00e1 un Ideat\u00f3n p\u00fablico con el objetivo de proponer soluciones para un nuevo futuro energ\u00e9tico"},{"@type":"BreadcrumbList","@id":"https:\/\/centrourbano.com\/revista\/urbanismo\/mem-laboratorio-desafios-cdmx\/#breadcrumb","itemListElement":[{"@type":"ListItem","position":1,"name":"Portada","item":"https:\/\/centrourbano.com\/revista\/"},{"@type":"ListItem","position":2,"name":"Crea MEM Laboratorio para abordar desaf\u00edos urbanos de la CDMX"}]},{"@type":"WebSite","@id":"https:\/\/centrourbano.com\/revista\/#website","url":"https:\/\/centrourbano.com\/revista\/","name":"Centro Urbano","description":"Medio especializado en los sectores vivienda, inmobiliario, construcci\u00f3n, arquitectura y urbanismo.","publisher":{"@id":"https:\/\/centrourbano.com\/revista\/#organization"},"potentialAction":[{"@type":"SearchAction","target":{"@type":"EntryPoint","urlTemplate":"https:\/\/centrourbano.com\/revista\/?s={search_term_string}"},"query-input":{"@type":"PropertyValueSpecification","valueRequired":true,"valueName":"search_term_string"}}],"inLanguage":"es"},{"@type":"Organization","@id":"https:\/\/centrourbano.com\/revista\/#organization","name":"Centro Urbano","url":"https:\/\/centrourbano.com\/revista\/","logo":{"@type":"ImageObject","inLanguage":"es","@id":"https:\/\/centrourbano.com\/revista\/#\/schema\/logo\/image\/","url":"https:\/\/centrourbano.com\/revista\/wp-content\/uploads\/web_CU_logo-1.png","contentUrl":"https:\/\/centrourbano.com\/revista\/wp-content\/uploads\/web_CU_logo-1.png","width":350,"height":91,"caption":"Centro Urbano"},"image":{"@id":"https:\/\/centrourbano.com\/revista\/#\/schema\/logo\/image\/"},"sameAs":["https:\/\/www.facebook.com\/portalcentrourbano","https:\/\/x.com\/CentroUrbano","https:\/\/www.instagram.com\/centro_urbano\/","https:\/\/www.linkedin.com\/company\/centro-urbano\/","http:\/\/www.youtube.com\/user\/portalcentrourbano"]},{"@type":"Person","@id":"https:\/\/centrourbano.com\/revista\/#\/schema\/person\/b190b20bbbceb41ec72278c546fa8df3","name":"Fernanda Hern\u00e1ndez","image":{"@type":"ImageObject","inLanguage":"es","@id":"https:\/\/secure.gravatar.com\/avatar\/9471831fb0a24eae9d32d826a7cb8ef07c34a41520aca1a0ab1f5c0903ba49b9?s=96&d=mm&r=g","url":"https:\/\/secure.gravatar.com\/avatar\/9471831fb0a24eae9d32d826a7cb8ef07c34a41520aca1a0ab1f5c0903ba49b9?s=96&d=mm&r=g","contentUrl":"https:\/\/secure.gravatar.com\/avatar\/9471831fb0a24eae9d32d826a7cb8ef07c34a41520aca1a0ab1f5c0903ba49b9?s=96&d=mm&r=g","caption":"Fernanda Hern\u00e1ndez"},"description":"Reportera y redactora en Centro Urbano. Soy egresada de la licenciatura en Ciencias de la Comunicaci\u00f3n de la Facultad de Ciencias Pol\u00edticas y Sociales (UNAM). Me interesa la cultura, el urbanismo y la arquitectura. Amante del mundo digital, el cine, la m\u00fasica, la lectura y la escritura.","sameAs":["https:\/\/x.com\/https:\/\/twitter.com\/Nannz_Hernandez"],"url":"https:\/\/centrourbano.com\/revista\/author\/fernanda-hernandez\/"}]}},"_links":{"self":[{"href":"https:\/\/centrourbano.com\/revista\/wp-json\/wp\/v2\/posts\/139847","targetHints":{"allow":["GET"]}}],"collection":[{"href":"https:\/\/centrourbano.com\/revista\/wp-json\/wp\/v2\/posts"}],"about":[{"href":"https:\/\/centrourbano.com\/revista\/wp-json\/wp\/v2\/types\/post"}],"author":[{"embeddable":true,"href":"https:\/\/centrourbano.com\/revista\/wp-json\/wp\/v2\/users\/73"}],"replies":[{"embeddable":true,"href":"https:\/\/centrourbano.com\/revista\/wp-json\/wp\/v2\/comments?post=139847"}],"version-history":[{"count":1,"href":"https:\/\/centrourbano.com\/revista\/wp-json\/wp\/v2\/posts\/139847\/revisions"}],"predecessor-version":[{"id":139849,"href":"https:\/\/centrourbano.com\/revista\/wp-json\/wp\/v2\/posts\/139847\/revisions\/139849"}],"wp:featuredmedia":[{"embeddable":true,"href":"https:\/\/centrourbano.com\/revista\/wp-json\/wp\/v2\/media\/139848"}],"wp:attachment":[{"href":"https:\/\/centrourbano.com\/revista\/wp-json\/wp\/v2\/media?parent=139847"}],"wp:term":[{"taxonomy":"category","embeddable":true,"href":"https:\/\/centrourbano.com\/revista\/wp-json\/wp\/v2\/categories?post=139847"},{"taxonomy":"post_tag","embeddable":true,"href":"https:\/\/centrourbano.com\/revista\/wp-json\/wp\/v2\/tags?post=139847"}],"curies":[{"name":"wp","href":"https:\/\/api.w.org\/{rel}","templated":true}]}}