{"id":139844,"date":"2023-05-12T15:42:57","date_gmt":"2023-05-12T20:42:57","guid":{"rendered":"https:\/\/centrourbano.com\/?p=139844"},"modified":"2023-05-12T15:42:57","modified_gmt":"2023-05-12T20:42:57","slug":"promeza-tulum-cerrara-temporalmente","status":"publish","type":"post","link":"https:\/\/centrourbano.com\/revista\/arquitectura-2\/promeza-tulum-cerrara-temporalmente\/","title":{"rendered":"Por obras del Promeza, Tulum cerrar\u00e1 temporalmente"},"content":{"rendered":"<p><em><span style=\"font-weight: 400;\">El objetivo de las labores realizadas por Promeza es priorizar la seguridad de los visitantes y trabajadores; adem\u00e1s de optimizar la experiencia tur\u00edstica en la zona<\/span><\/em><!--more--><\/p>\n<p><span style=\"font-weight: 400;\">A causa de obras pertenecientes al <a href=\"https:\/\/centrourbano.com\/arquitectura-2\/promeza-inah-fortalece-infraestructura-ruta-puuc\/\" target=\"_blank\" rel=\"noopener\">Programa de Mejoramiento de Zonas Arqueol\u00f3gicas<\/a> (Promeza) y en relaci\u00f3n con la construcci\u00f3n del <strong>Parque Nacional del Jaguar<\/strong>, el sitio arqueol\u00f3gico de<strong> Tulum permanecer\u00e1 cerrado<\/strong>. Por ello la visita p\u00fablica estar\u00e1 cancelada <strong>del 15 al 22 de mayo de 2023.<\/strong><\/span><\/p>\n<p><span style=\"font-weight: 400;\">Dichas labores correr\u00e1n a cargo de la Secretar\u00eda de Cultura (Secult), la Secretar\u00eda de Desarrollo Agrario, Territorial y Urbano (Sedatu); adem\u00e1s de la participaci\u00f3n del Instituto Nacional de Antropolog\u00eda e Historia (<a href=\"https:\/\/www.inah.gob.mx\/\" target=\"_blank\" rel=\"noopener\">INAH<\/a>).\u00a0\u00a0<\/span><\/p>\n<p><span style=\"font-weight: 400;\">Las ya mencionadas obras de mejoramiento corresponden a la <strong>renovaci\u00f3n de la unidad de servicios y de las instalaciones del INAH<\/strong>; estos espacios se encuentran dentro del sitio arqueol\u00f3gico. Del mismo modo, el Promeza contempla la construcci\u00f3n de una nueva \u00e1rea de servicios en Tulum, el cual incluye un <strong>nuevo museo de sitio<\/strong>.<\/span><\/p>\n<p><span style=\"font-weight: 400;\">En ese sentido, Margarito Molina Rend\u00f3n, director del Centro INAH Quintana Roo, se\u00f1al\u00f3 que el objetivo de las labores realizadas por Promeza es priorizar la<strong> seguridad de los visitantes y trabajadores<\/strong>; adem\u00e1s de <strong>optimizar la experiencia tur\u00edstica<\/strong> en la zona.<\/span><\/p>\n<p><span style=\"font-weight: 400;\">Por otra parte, para los visitantes que se encuentren en el sitio durante el cierre temporal, a\u00fan pueden visitar una zona arqueol\u00f3gica. Ya que los sitios <strong>Xel-H\u00e1 y Muyil s\u00ed se encontraran abiertos<\/strong> en esas fechas; estas opciones se encuentran a 12 y 20 kil\u00f3metros de distancia de Tulum, respectivamente.<\/span><\/p>\n","protected":false},"excerpt":{"rendered":"<p>El objetivo de las labores realizadas por Promeza es priorizar la seguridad de los visitantes y trabajadores; adem\u00e1s de optimizar la experiencia tur\u00edstica en la zona<\/p>\n","protected":false},"author":88,"featured_media":139845,"comment_status":"open","ping_status":"closed","sticky":false,"template":"","format":"standard","meta":{"om_disable_all_campaigns":false,"inline_featured_image":false,"_monsterinsights_skip_tracking":false,"_monsterinsights_sitenote_active":false,"_monsterinsights_sitenote_note":"","_monsterinsights_sitenote_category":0,"footnotes":""},"categories":[81],"tags":[19639,22995,22584,993,22996],"class_list":["post-139844","post","type-post","status-publish","format-standard","has-post-thumbnail","hentry","category-arquitectura-2","tag-muyil","tag-parque-nacional-del-jaguar","tag-promeza","tag-tulum","tag-xel-ha"],"yoast_head":"<!-- This site is optimized with the Yoast SEO plugin v27.4 - https:\/\/yoast.com\/product\/yoast-seo-wordpress\/ -->\n<title>Por obras del Promeza, Tulum cerrar\u00e1 temporalmente<\/title>\n<meta name=\"description\" content=\"Las obras del Promeza en Tulum corresponden a la Parque Nacional del Jaguar y un nuevo museo de sitio; ambos dentro de la zona arqueol\u00f3gica.\" \/>\n<meta name=\"robots\" content=\"index, follow, max-snippet:-1, max-image-preview:large, max-video-preview:-1\" \/>\n<link rel=\"canonical\" href=\"https:\/\/centrourbano.com\/revista\/arquitectura-2\/promeza-tulum-cerrara-temporalmente\/\" \/>\n<meta property=\"og:locale\" content=\"es_ES\" \/>\n<meta property=\"og:type\" content=\"article\" \/>\n<meta property=\"og:title\" content=\"Por obras del Promeza, Tulum cerrar\u00e1 temporalmente\" \/>\n<meta property=\"og:description\" content=\"Las obras del Promeza en Tulum corresponden a la Parque Nacional del Jaguar y un nuevo museo de sitio; ambos dentro de la zona arqueol\u00f3gica.\" \/>\n<meta property=\"og:url\" content=\"https:\/\/centrourbano.com\/revista\/arquitectura-2\/promeza-tulum-cerrara-temporalmente\/\" \/>\n<meta property=\"og:site_name\" content=\"Centro Urbano\" \/>\n<meta property=\"article:publisher\" content=\"https:\/\/www.facebook.com\/portalcentrourbano\" \/>\n<meta property=\"article:published_time\" content=\"2023-05-12T20:42:57+00:00\" \/>\n<meta property=\"og:image\" content=\"https:\/\/centrourbano.com\/revista\/wp-content\/uploads\/800-Tulum.jpg\" \/>\n\t<meta property=\"og:image:width\" content=\"800\" \/>\n\t<meta property=\"og:image:height\" content=\"800\" \/>\n\t<meta property=\"og:image:type\" content=\"image\/jpeg\" \/>\n<meta name=\"author\" content=\"Rebeca Romero\" \/>\n<meta name=\"twitter:card\" content=\"summary_large_image\" \/>\n<meta name=\"twitter:creator\" content=\"@CentroUrbano\" \/>\n<meta name=\"twitter:site\" content=\"@CentroUrbano\" \/>\n<meta name=\"twitter:label1\" content=\"Escrito por\" \/>\n\t<meta name=\"twitter:data1\" content=\"Rebeca Romero\" \/>\n\t<meta name=\"twitter:label2\" content=\"Tiempo de lectura\" \/>\n\t<meta name=\"twitter:data2\" content=\"1 minuto\" \/>\n<script type=\"application\/ld+json\" class=\"yoast-schema-graph\">{\"@context\":\"https:\\\/\\\/schema.org\",\"@graph\":[{\"@type\":\"Article\",\"@id\":\"https:\\\/\\\/centrourbano.com\\\/revista\\\/arquitectura-2\\\/promeza-tulum-cerrara-temporalmente\\\/#article\",\"isPartOf\":{\"@id\":\"https:\\\/\\\/centrourbano.com\\\/revista\\\/arquitectura-2\\\/promeza-tulum-cerrara-temporalmente\\\/\"},\"author\":{\"name\":\"Rebeca Romero\",\"@id\":\"https:\\\/\\\/centrourbano.com\\\/revista\\\/#\\\/schema\\\/person\\\/c665f1c60da3ad48cd761a707b7090b0\"},\"headline\":\"Por obras del Promeza, Tulum cerrar\u00e1 temporalmente\",\"datePublished\":\"2023-05-12T20:42:57+00:00\",\"mainEntityOfPage\":{\"@id\":\"https:\\\/\\\/centrourbano.com\\\/revista\\\/arquitectura-2\\\/promeza-tulum-cerrara-temporalmente\\\/\"},\"wordCount\":272,\"commentCount\":0,\"publisher\":{\"@id\":\"https:\\\/\\\/centrourbano.com\\\/revista\\\/#organization\"},\"image\":{\"@id\":\"https:\\\/\\\/centrourbano.com\\\/revista\\\/arquitectura-2\\\/promeza-tulum-cerrara-temporalmente\\\/#primaryimage\"},\"thumbnailUrl\":\"https:\\\/\\\/centrourbano.com\\\/revista\\\/wp-content\\\/uploads\\\/800-Tulum.jpg\",\"keywords\":[\"Muyil\",\"Parque Nacional del Jaguar\",\"Promeza\",\"Tulum\",\"Xel-H\u00e1\"],\"articleSection\":[\"Arquitectura\"],\"inLanguage\":\"es\",\"potentialAction\":[{\"@type\":\"CommentAction\",\"name\":\"Comment\",\"target\":[\"https:\\\/\\\/centrourbano.com\\\/revista\\\/arquitectura-2\\\/promeza-tulum-cerrara-temporalmente\\\/#respond\"]}]},{\"@type\":\"WebPage\",\"@id\":\"https:\\\/\\\/centrourbano.com\\\/revista\\\/arquitectura-2\\\/promeza-tulum-cerrara-temporalmente\\\/\",\"url\":\"https:\\\/\\\/centrourbano.com\\\/revista\\\/arquitectura-2\\\/promeza-tulum-cerrara-temporalmente\\\/\",\"name\":\"Por obras del Promeza, Tulum cerrar\u00e1 temporalmente\",\"isPartOf\":{\"@id\":\"https:\\\/\\\/centrourbano.com\\\/revista\\\/#website\"},\"primaryImageOfPage\":{\"@id\":\"https:\\\/\\\/centrourbano.com\\\/revista\\\/arquitectura-2\\\/promeza-tulum-cerrara-temporalmente\\\/#primaryimage\"},\"image\":{\"@id\":\"https:\\\/\\\/centrourbano.com\\\/revista\\\/arquitectura-2\\\/promeza-tulum-cerrara-temporalmente\\\/#primaryimage\"},\"thumbnailUrl\":\"https:\\\/\\\/centrourbano.com\\\/revista\\\/wp-content\\\/uploads\\\/800-Tulum.jpg\",\"datePublished\":\"2023-05-12T20:42:57+00:00\",\"description\":\"Las obras del Promeza en Tulum corresponden a la Parque Nacional del Jaguar y un nuevo museo de sitio; ambos dentro de la zona arqueol\u00f3gica.\",\"breadcrumb\":{\"@id\":\"https:\\\/\\\/centrourbano.com\\\/revista\\\/arquitectura-2\\\/promeza-tulum-cerrara-temporalmente\\\/#breadcrumb\"},\"inLanguage\":\"es\",\"potentialAction\":[{\"@type\":\"ReadAction\",\"target\":[\"https:\\\/\\\/centrourbano.com\\\/revista\\\/arquitectura-2\\\/promeza-tulum-cerrara-temporalmente\\\/\"]}]},{\"@type\":\"ImageObject\",\"inLanguage\":\"es\",\"@id\":\"https:\\\/\\\/centrourbano.com\\\/revista\\\/arquitectura-2\\\/promeza-tulum-cerrara-temporalmente\\\/#primaryimage\",\"url\":\"https:\\\/\\\/centrourbano.com\\\/revista\\\/wp-content\\\/uploads\\\/800-Tulum.jpg\",\"contentUrl\":\"https:\\\/\\\/centrourbano.com\\\/revista\\\/wp-content\\\/uploads\\\/800-Tulum.jpg\",\"width\":800,\"height\":800,\"caption\":\"Por obras del Promeza, Tulum cerrar\u00e1 temporalmente\"},{\"@type\":\"BreadcrumbList\",\"@id\":\"https:\\\/\\\/centrourbano.com\\\/revista\\\/arquitectura-2\\\/promeza-tulum-cerrara-temporalmente\\\/#breadcrumb\",\"itemListElement\":[{\"@type\":\"ListItem\",\"position\":1,\"name\":\"Portada\",\"item\":\"https:\\\/\\\/centrourbano.com\\\/revista\\\/\"},{\"@type\":\"ListItem\",\"position\":2,\"name\":\"Por obras del Promeza, Tulum cerrar\u00e1 temporalmente\"}]},{\"@type\":\"WebSite\",\"@id\":\"https:\\\/\\\/centrourbano.com\\\/revista\\\/#website\",\"url\":\"https:\\\/\\\/centrourbano.com\\\/revista\\\/\",\"name\":\"Centro Urbano\",\"description\":\"Medio especializado en los sectores vivienda, inmobiliario, construcci\u00f3n, arquitectura y urbanismo.\",\"publisher\":{\"@id\":\"https:\\\/\\\/centrourbano.com\\\/revista\\\/#organization\"},\"potentialAction\":[{\"@type\":\"SearchAction\",\"target\":{\"@type\":\"EntryPoint\",\"urlTemplate\":\"https:\\\/\\\/centrourbano.com\\\/revista\\\/?s={search_term_string}\"},\"query-input\":{\"@type\":\"PropertyValueSpecification\",\"valueRequired\":true,\"valueName\":\"search_term_string\"}}],\"inLanguage\":\"es\"},{\"@type\":\"Organization\",\"@id\":\"https:\\\/\\\/centrourbano.com\\\/revista\\\/#organization\",\"name\":\"Centro Urbano\",\"url\":\"https:\\\/\\\/centrourbano.com\\\/revista\\\/\",\"logo\":{\"@type\":\"ImageObject\",\"inLanguage\":\"es\",\"@id\":\"https:\\\/\\\/centrourbano.com\\\/revista\\\/#\\\/schema\\\/logo\\\/image\\\/\",\"url\":\"https:\\\/\\\/centrourbano.com\\\/revista\\\/wp-content\\\/uploads\\\/web_CU_logo-1.png\",\"contentUrl\":\"https:\\\/\\\/centrourbano.com\\\/revista\\\/wp-content\\\/uploads\\\/web_CU_logo-1.png\",\"width\":350,\"height\":91,\"caption\":\"Centro Urbano\"},\"image\":{\"@id\":\"https:\\\/\\\/centrourbano.com\\\/revista\\\/#\\\/schema\\\/logo\\\/image\\\/\"},\"sameAs\":[\"https:\\\/\\\/www.facebook.com\\\/portalcentrourbano\",\"https:\\\/\\\/x.com\\\/CentroUrbano\",\"https:\\\/\\\/www.instagram.com\\\/centro_urbano\\\/\",\"https:\\\/\\\/www.linkedin.com\\\/company\\\/centro-urbano\\\/\",\"http:\\\/\\\/www.youtube.com\\\/user\\\/portalcentrourbano\"]},{\"@type\":\"Person\",\"@id\":\"https:\\\/\\\/centrourbano.com\\\/revista\\\/#\\\/schema\\\/person\\\/c665f1c60da3ad48cd761a707b7090b0\",\"name\":\"Rebeca Romero\",\"image\":{\"@type\":\"ImageObject\",\"inLanguage\":\"es\",\"@id\":\"https:\\\/\\\/secure.gravatar.com\\\/avatar\\\/aee0068ae3cc041082e0e84a8258fe5ccc00a733f187bde73b0b40d86b892826?s=96&d=mm&r=g\",\"url\":\"https:\\\/\\\/secure.gravatar.com\\\/avatar\\\/aee0068ae3cc041082e0e84a8258fe5ccc00a733f187bde73b0b40d86b892826?s=96&d=mm&r=g\",\"contentUrl\":\"https:\\\/\\\/secure.gravatar.com\\\/avatar\\\/aee0068ae3cc041082e0e84a8258fe5ccc00a733f187bde73b0b40d86b892826?s=96&d=mm&r=g\",\"caption\":\"Rebeca Romero\"},\"url\":\"https:\\\/\\\/centrourbano.com\\\/revista\\\/author\\\/rebeca-romero\\\/\"}]}<\/script>\n<!-- \/ Yoast SEO plugin. -->","yoast_head_json":{"title":"Por obras del Promeza, Tulum cerrar\u00e1 temporalmente","description":"Las obras del Promeza en Tulum corresponden a la Parque Nacional del Jaguar y un nuevo museo de sitio; ambos dentro de la zona arqueol\u00f3gica.","robots":{"index":"index","follow":"follow","max-snippet":"max-snippet:-1","max-image-preview":"max-image-preview:large","max-video-preview":"max-video-preview:-1"},"canonical":"https:\/\/centrourbano.com\/revista\/arquitectura-2\/promeza-tulum-cerrara-temporalmente\/","og_locale":"es_ES","og_type":"article","og_title":"Por obras del Promeza, Tulum cerrar\u00e1 temporalmente","og_description":"Las obras del Promeza en Tulum corresponden a la Parque Nacional del Jaguar y un nuevo museo de sitio; ambos dentro de la zona arqueol\u00f3gica.","og_url":"https:\/\/centrourbano.com\/revista\/arquitectura-2\/promeza-tulum-cerrara-temporalmente\/","og_site_name":"Centro Urbano","article_publisher":"https:\/\/www.facebook.com\/portalcentrourbano","article_published_time":"2023-05-12T20:42:57+00:00","og_image":[{"width":800,"height":800,"url":"https:\/\/centrourbano.com\/revista\/wp-content\/uploads\/800-Tulum.jpg","type":"image\/jpeg"}],"author":"Rebeca Romero","twitter_card":"summary_large_image","twitter_creator":"@CentroUrbano","twitter_site":"@CentroUrbano","twitter_misc":{"Escrito por":"Rebeca Romero","Tiempo de lectura":"1 minuto"},"schema":{"@context":"https:\/\/schema.org","@graph":[{"@type":"Article","@id":"https:\/\/centrourbano.com\/revista\/arquitectura-2\/promeza-tulum-cerrara-temporalmente\/#article","isPartOf":{"@id":"https:\/\/centrourbano.com\/revista\/arquitectura-2\/promeza-tulum-cerrara-temporalmente\/"},"author":{"name":"Rebeca Romero","@id":"https:\/\/centrourbano.com\/revista\/#\/schema\/person\/c665f1c60da3ad48cd761a707b7090b0"},"headline":"Por obras del Promeza, Tulum cerrar\u00e1 temporalmente","datePublished":"2023-05-12T20:42:57+00:00","mainEntityOfPage":{"@id":"https:\/\/centrourbano.com\/revista\/arquitectura-2\/promeza-tulum-cerrara-temporalmente\/"},"wordCount":272,"commentCount":0,"publisher":{"@id":"https:\/\/centrourbano.com\/revista\/#organization"},"image":{"@id":"https:\/\/centrourbano.com\/revista\/arquitectura-2\/promeza-tulum-cerrara-temporalmente\/#primaryimage"},"thumbnailUrl":"https:\/\/centrourbano.com\/revista\/wp-content\/uploads\/800-Tulum.jpg","keywords":["Muyil","Parque Nacional del Jaguar","Promeza","Tulum","Xel-H\u00e1"],"articleSection":["Arquitectura"],"inLanguage":"es","potentialAction":[{"@type":"CommentAction","name":"Comment","target":["https:\/\/centrourbano.com\/revista\/arquitectura-2\/promeza-tulum-cerrara-temporalmente\/#respond"]}]},{"@type":"WebPage","@id":"https:\/\/centrourbano.com\/revista\/arquitectura-2\/promeza-tulum-cerrara-temporalmente\/","url":"https:\/\/centrourbano.com\/revista\/arquitectura-2\/promeza-tulum-cerrara-temporalmente\/","name":"Por obras del Promeza, Tulum cerrar\u00e1 temporalmente","isPartOf":{"@id":"https:\/\/centrourbano.com\/revista\/#website"},"primaryImageOfPage":{"@id":"https:\/\/centrourbano.com\/revista\/arquitectura-2\/promeza-tulum-cerrara-temporalmente\/#primaryimage"},"image":{"@id":"https:\/\/centrourbano.com\/revista\/arquitectura-2\/promeza-tulum-cerrara-temporalmente\/#primaryimage"},"thumbnailUrl":"https:\/\/centrourbano.com\/revista\/wp-content\/uploads\/800-Tulum.jpg","datePublished":"2023-05-12T20:42:57+00:00","description":"Las obras del Promeza en Tulum corresponden a la Parque Nacional del Jaguar y un nuevo museo de sitio; ambos dentro de la zona arqueol\u00f3gica.","breadcrumb":{"@id":"https:\/\/centrourbano.com\/revista\/arquitectura-2\/promeza-tulum-cerrara-temporalmente\/#breadcrumb"},"inLanguage":"es","potentialAction":[{"@type":"ReadAction","target":["https:\/\/centrourbano.com\/revista\/arquitectura-2\/promeza-tulum-cerrara-temporalmente\/"]}]},{"@type":"ImageObject","inLanguage":"es","@id":"https:\/\/centrourbano.com\/revista\/arquitectura-2\/promeza-tulum-cerrara-temporalmente\/#primaryimage","url":"https:\/\/centrourbano.com\/revista\/wp-content\/uploads\/800-Tulum.jpg","contentUrl":"https:\/\/centrourbano.com\/revista\/wp-content\/uploads\/800-Tulum.jpg","width":800,"height":800,"caption":"Por obras del Promeza, Tulum cerrar\u00e1 temporalmente"},{"@type":"BreadcrumbList","@id":"https:\/\/centrourbano.com\/revista\/arquitectura-2\/promeza-tulum-cerrara-temporalmente\/#breadcrumb","itemListElement":[{"@type":"ListItem","position":1,"name":"Portada","item":"https:\/\/centrourbano.com\/revista\/"},{"@type":"ListItem","position":2,"name":"Por obras del Promeza, Tulum cerrar\u00e1 temporalmente"}]},{"@type":"WebSite","@id":"https:\/\/centrourbano.com\/revista\/#website","url":"https:\/\/centrourbano.com\/revista\/","name":"Centro Urbano","description":"Medio especializado en los sectores vivienda, inmobiliario, construcci\u00f3n, arquitectura y urbanismo.","publisher":{"@id":"https:\/\/centrourbano.com\/revista\/#organization"},"potentialAction":[{"@type":"SearchAction","target":{"@type":"EntryPoint","urlTemplate":"https:\/\/centrourbano.com\/revista\/?s={search_term_string}"},"query-input":{"@type":"PropertyValueSpecification","valueRequired":true,"valueName":"search_term_string"}}],"inLanguage":"es"},{"@type":"Organization","@id":"https:\/\/centrourbano.com\/revista\/#organization","name":"Centro Urbano","url":"https:\/\/centrourbano.com\/revista\/","logo":{"@type":"ImageObject","inLanguage":"es","@id":"https:\/\/centrourbano.com\/revista\/#\/schema\/logo\/image\/","url":"https:\/\/centrourbano.com\/revista\/wp-content\/uploads\/web_CU_logo-1.png","contentUrl":"https:\/\/centrourbano.com\/revista\/wp-content\/uploads\/web_CU_logo-1.png","width":350,"height":91,"caption":"Centro Urbano"},"image":{"@id":"https:\/\/centrourbano.com\/revista\/#\/schema\/logo\/image\/"},"sameAs":["https:\/\/www.facebook.com\/portalcentrourbano","https:\/\/x.com\/CentroUrbano","https:\/\/www.instagram.com\/centro_urbano\/","https:\/\/www.linkedin.com\/company\/centro-urbano\/","http:\/\/www.youtube.com\/user\/portalcentrourbano"]},{"@type":"Person","@id":"https:\/\/centrourbano.com\/revista\/#\/schema\/person\/c665f1c60da3ad48cd761a707b7090b0","name":"Rebeca Romero","image":{"@type":"ImageObject","inLanguage":"es","@id":"https:\/\/secure.gravatar.com\/avatar\/aee0068ae3cc041082e0e84a8258fe5ccc00a733f187bde73b0b40d86b892826?s=96&d=mm&r=g","url":"https:\/\/secure.gravatar.com\/avatar\/aee0068ae3cc041082e0e84a8258fe5ccc00a733f187bde73b0b40d86b892826?s=96&d=mm&r=g","contentUrl":"https:\/\/secure.gravatar.com\/avatar\/aee0068ae3cc041082e0e84a8258fe5ccc00a733f187bde73b0b40d86b892826?s=96&d=mm&r=g","caption":"Rebeca Romero"},"url":"https:\/\/centrourbano.com\/revista\/author\/rebeca-romero\/"}]}},"_links":{"self":[{"href":"https:\/\/centrourbano.com\/revista\/wp-json\/wp\/v2\/posts\/139844","targetHints":{"allow":["GET"]}}],"collection":[{"href":"https:\/\/centrourbano.com\/revista\/wp-json\/wp\/v2\/posts"}],"about":[{"href":"https:\/\/centrourbano.com\/revista\/wp-json\/wp\/v2\/types\/post"}],"author":[{"embeddable":true,"href":"https:\/\/centrourbano.com\/revista\/wp-json\/wp\/v2\/users\/88"}],"replies":[{"embeddable":true,"href":"https:\/\/centrourbano.com\/revista\/wp-json\/wp\/v2\/comments?post=139844"}],"version-history":[{"count":1,"href":"https:\/\/centrourbano.com\/revista\/wp-json\/wp\/v2\/posts\/139844\/revisions"}],"predecessor-version":[{"id":139846,"href":"https:\/\/centrourbano.com\/revista\/wp-json\/wp\/v2\/posts\/139844\/revisions\/139846"}],"wp:featuredmedia":[{"embeddable":true,"href":"https:\/\/centrourbano.com\/revista\/wp-json\/wp\/v2\/media\/139845"}],"wp:attachment":[{"href":"https:\/\/centrourbano.com\/revista\/wp-json\/wp\/v2\/media?parent=139844"}],"wp:term":[{"taxonomy":"category","embeddable":true,"href":"https:\/\/centrourbano.com\/revista\/wp-json\/wp\/v2\/categories?post=139844"},{"taxonomy":"post_tag","embeddable":true,"href":"https:\/\/centrourbano.com\/revista\/wp-json\/wp\/v2\/tags?post=139844"}],"curies":[{"name":"wp","href":"https:\/\/api.w.org\/{rel}","templated":true}]}}