{"id":13984,"date":"2014-12-30T09:00:18","date_gmt":"2014-12-30T15:00:18","guid":{"rendered":"http:\/\/centrourbano.com\/?p=13984"},"modified":"2014-12-29T22:11:53","modified_gmt":"2014-12-30T04:11:53","slug":"palacio-de-hierro-destinara-mayor-capital-para-expansion","status":"publish","type":"post","link":"https:\/\/centrourbano.com\/revista\/inmobiliario\/palacio-de-hierro-destinara-mayor-capital-para-expansion\/","title":{"rendered":"Palacio de Hierro destinar\u00e1 mayor capital para expansi\u00f3n"},"content":{"rendered":"<p>&nbsp;<\/p>\n<p><em>El grupo se centrar\u00e1 en el Proyecto Polanco-Moliere-Plat\u00f3n<\/em><!--more--><\/p>\n<p>Para continuar con sus planes de expansi\u00f3n de 2010-2020, entre los cuales destaca el Proyecto Polanco-Moliere-Plat\u00f3n, Grupo Palacio de Hierro anunci\u00f3 que realizar\u00e1 una inversi\u00f3n en un porcentaje significativo en una sociedad relacionada a \u00e9ste.<\/p>\n<p>De acuerdo con un comunicado de la Bolsa Mexicana de Valores (BMV), \u201cen virtud de que su Consejo de Administraci\u00f3n autoriz\u00f3 la celebraci\u00f3n de operaciones que deriven de tales planes de expansi\u00f3n con personas relacionadas con la Sociedad, se informa que \u00e9sta realizar\u00e1 una inversi\u00f3n en un porcentaje significativo en una sociedad relacionada que actualmente desarrolla dicho Proyecto\u201d.<\/p>\n<p>Lo anterior tras la autorizaci\u00f3n del incremento de capital social por parte de la Asamblea de Accionistas, el pasado 28 de noviembre, en la cual se acord\u00f3 un aumento de capital por la cantidad de hasta mil 534 millones de pesos para fondear sus proyectos; mientras que fue el 27 de mayo, cuando se anunciaron los planes de expansi\u00f3n de la empresa.<\/p>\n<p>En d\u00edas recientes, El Palacio de Hierro, nacido en 1888, dio a conocer su proyecto m\u00e1s importante en sus 125 a\u00f1os de historia, el cual corresponde a transformar su sucursal de Polanco en la tienda insignia de la cadena, el cual se desplegar\u00e1 en una tienda de casi 60 mil metros cuadrados y ocupar\u00e1 toda la manzana que componen las calles de Moliere, Homero, Horacio y Plat\u00f3n.<\/p>\n<p>El Palacio de Hierro, dirigido actualmente por Jos\u00e9 Mar\u00eda Blanco, perteneciente al Grupo Bal, es un referente de estilo y tendencias en M\u00e9xico, en donde cuenta con 13 almacenes, ocho de ellos ubicados en el Distrito Federal y \u00e1rea metropolitana; mientras que el resto se localiza en Puebla, Monterrey, Guadalajara, Villahermosa y Quer\u00e9taro. Adem\u00e1s cuenta con Casa Palacio y la tienda concepto La Boutique Palacio en Acoxpa, Acapulco y Canc\u00fan.<\/p>\n","protected":false},"excerpt":{"rendered":"<p>&nbsp; El grupo se centrar\u00e1 en el Proyecto Polanco-Moliere-Plat\u00f3n<\/p>\n","protected":false},"author":5,"featured_media":0,"comment_status":"open","ping_status":"closed","sticky":false,"template":"","format":"standard","meta":{"om_disable_all_campaigns":false,"inline_featured_image":false,"_monsterinsights_skip_tracking":false,"_monsterinsights_sitenote_active":false,"_monsterinsights_sitenote_note":"","_monsterinsights_sitenote_category":0,"footnotes":""},"categories":[15],"tags":[407,770,3863,571],"class_list":["post-13984","post","type-post","status-publish","format-standard","hentry","category-inmobiliario","tag-bmv","tag-grupo-bal","tag-palacio-de-hierro","tag-polanco"],"yoast_head":"<!-- This site is optimized with the Yoast SEO plugin v27.4 - https:\/\/yoast.com\/product\/yoast-seo-wordpress\/ -->\n<title>Palacio de Hierro destinar\u00e1 mayor capital para expansi\u00f3n -<\/title>\n<meta name=\"description\" content=\"&nbsp; El grupo se centrar\u00e1 en el Proyecto Polanco-Moliere-Plat\u00f3n Para continuar con sus planes de expansi\u00f3n de 2010-2020, entre los cuales destaca el\" \/>\n<meta name=\"robots\" content=\"index, follow, max-snippet:-1, max-image-preview:large, max-video-preview:-1\" \/>\n<link rel=\"canonical\" href=\"https:\/\/centrourbano.com\/revista\/inmobiliario\/palacio-de-hierro-destinara-mayor-capital-para-expansion\/\" \/>\n<meta property=\"og:locale\" content=\"es_ES\" \/>\n<meta property=\"og:type\" content=\"article\" \/>\n<meta property=\"og:title\" content=\"Palacio de Hierro destinar\u00e1 mayor capital para expansi\u00f3n -\" \/>\n<meta property=\"og:description\" content=\"&nbsp; El grupo se centrar\u00e1 en el Proyecto Polanco-Moliere-Plat\u00f3n Para continuar con sus planes de expansi\u00f3n de 2010-2020, entre los cuales destaca el\" \/>\n<meta property=\"og:url\" content=\"https:\/\/centrourbano.com\/revista\/inmobiliario\/palacio-de-hierro-destinara-mayor-capital-para-expansion\/\" \/>\n<meta property=\"og:site_name\" content=\"Centro Urbano\" \/>\n<meta property=\"article:publisher\" content=\"https:\/\/www.facebook.com\/portalcentrourbano\" \/>\n<meta property=\"article:published_time\" content=\"2014-12-30T15:00:18+00:00\" \/>\n<meta property=\"og:image\" content=\"https:\/\/centrourbano.com\/revista\/wp-content\/uploads\/CU-logo.png\" \/>\n\t<meta property=\"og:image:width\" content=\"350\" \/>\n\t<meta property=\"og:image:height\" content=\"91\" \/>\n\t<meta property=\"og:image:type\" content=\"image\/png\" \/>\n<meta name=\"author\" content=\"Aura Fuentes\" \/>\n<meta name=\"twitter:card\" content=\"summary_large_image\" \/>\n<meta name=\"twitter:creator\" content=\"@CentroUrbano\" \/>\n<meta name=\"twitter:site\" content=\"@CentroUrbano\" \/>\n<meta name=\"twitter:label1\" content=\"Escrito por\" \/>\n\t<meta name=\"twitter:data1\" content=\"Aura Fuentes\" \/>\n\t<meta name=\"twitter:label2\" content=\"Tiempo de lectura\" \/>\n\t<meta name=\"twitter:data2\" content=\"2 minutos\" \/>\n<script type=\"application\/ld+json\" class=\"yoast-schema-graph\">{\"@context\":\"https:\\\/\\\/schema.org\",\"@graph\":[{\"@type\":\"Article\",\"@id\":\"https:\\\/\\\/centrourbano.com\\\/revista\\\/inmobiliario\\\/palacio-de-hierro-destinara-mayor-capital-para-expansion\\\/#article\",\"isPartOf\":{\"@id\":\"https:\\\/\\\/centrourbano.com\\\/revista\\\/inmobiliario\\\/palacio-de-hierro-destinara-mayor-capital-para-expansion\\\/\"},\"author\":{\"name\":\"Aura Fuentes\",\"@id\":\"https:\\\/\\\/centrourbano.com\\\/revista\\\/#\\\/schema\\\/person\\\/756e631daf8400a0026dd8474463803a\"},\"headline\":\"Palacio de Hierro destinar\u00e1 mayor capital para expansi\u00f3n\",\"datePublished\":\"2014-12-30T15:00:18+00:00\",\"mainEntityOfPage\":{\"@id\":\"https:\\\/\\\/centrourbano.com\\\/revista\\\/inmobiliario\\\/palacio-de-hierro-destinara-mayor-capital-para-expansion\\\/\"},\"wordCount\":322,\"commentCount\":0,\"publisher\":{\"@id\":\"https:\\\/\\\/centrourbano.com\\\/revista\\\/#organization\"},\"keywords\":[\"BMV\",\"Grupo Bal\",\"Palacio de Hierro\",\"Polanco\"],\"articleSection\":[\"Inmobiliario\"],\"inLanguage\":\"es\",\"potentialAction\":[{\"@type\":\"CommentAction\",\"name\":\"Comment\",\"target\":[\"https:\\\/\\\/centrourbano.com\\\/revista\\\/inmobiliario\\\/palacio-de-hierro-destinara-mayor-capital-para-expansion\\\/#respond\"]}]},{\"@type\":\"WebPage\",\"@id\":\"https:\\\/\\\/centrourbano.com\\\/revista\\\/inmobiliario\\\/palacio-de-hierro-destinara-mayor-capital-para-expansion\\\/\",\"url\":\"https:\\\/\\\/centrourbano.com\\\/revista\\\/inmobiliario\\\/palacio-de-hierro-destinara-mayor-capital-para-expansion\\\/\",\"name\":\"Palacio de Hierro destinar\u00e1 mayor capital para expansi\u00f3n -\",\"isPartOf\":{\"@id\":\"https:\\\/\\\/centrourbano.com\\\/revista\\\/#website\"},\"datePublished\":\"2014-12-30T15:00:18+00:00\",\"description\":\"&nbsp; El grupo se centrar\u00e1 en el Proyecto Polanco-Moliere-Plat\u00f3n Para continuar con sus planes de expansi\u00f3n de 2010-2020, entre los cuales destaca el\",\"breadcrumb\":{\"@id\":\"https:\\\/\\\/centrourbano.com\\\/revista\\\/inmobiliario\\\/palacio-de-hierro-destinara-mayor-capital-para-expansion\\\/#breadcrumb\"},\"inLanguage\":\"es\",\"potentialAction\":[{\"@type\":\"ReadAction\",\"target\":[\"https:\\\/\\\/centrourbano.com\\\/revista\\\/inmobiliario\\\/palacio-de-hierro-destinara-mayor-capital-para-expansion\\\/\"]}]},{\"@type\":\"BreadcrumbList\",\"@id\":\"https:\\\/\\\/centrourbano.com\\\/revista\\\/inmobiliario\\\/palacio-de-hierro-destinara-mayor-capital-para-expansion\\\/#breadcrumb\",\"itemListElement\":[{\"@type\":\"ListItem\",\"position\":1,\"name\":\"Portada\",\"item\":\"https:\\\/\\\/centrourbano.com\\\/revista\\\/\"},{\"@type\":\"ListItem\",\"position\":2,\"name\":\"Palacio de Hierro destinar\u00e1 mayor capital para expansi\u00f3n\"}]},{\"@type\":\"WebSite\",\"@id\":\"https:\\\/\\\/centrourbano.com\\\/revista\\\/#website\",\"url\":\"https:\\\/\\\/centrourbano.com\\\/revista\\\/\",\"name\":\"Centro Urbano\",\"description\":\"Medio especializado en los sectores vivienda, inmobiliario, construcci\u00f3n, arquitectura y urbanismo.\",\"publisher\":{\"@id\":\"https:\\\/\\\/centrourbano.com\\\/revista\\\/#organization\"},\"potentialAction\":[{\"@type\":\"SearchAction\",\"target\":{\"@type\":\"EntryPoint\",\"urlTemplate\":\"https:\\\/\\\/centrourbano.com\\\/revista\\\/?s={search_term_string}\"},\"query-input\":{\"@type\":\"PropertyValueSpecification\",\"valueRequired\":true,\"valueName\":\"search_term_string\"}}],\"inLanguage\":\"es\"},{\"@type\":\"Organization\",\"@id\":\"https:\\\/\\\/centrourbano.com\\\/revista\\\/#organization\",\"name\":\"Centro Urbano\",\"url\":\"https:\\\/\\\/centrourbano.com\\\/revista\\\/\",\"logo\":{\"@type\":\"ImageObject\",\"inLanguage\":\"es\",\"@id\":\"https:\\\/\\\/centrourbano.com\\\/revista\\\/#\\\/schema\\\/logo\\\/image\\\/\",\"url\":\"https:\\\/\\\/centrourbano.com\\\/revista\\\/wp-content\\\/uploads\\\/web_CU_logo-1.png\",\"contentUrl\":\"https:\\\/\\\/centrourbano.com\\\/revista\\\/wp-content\\\/uploads\\\/web_CU_logo-1.png\",\"width\":350,\"height\":91,\"caption\":\"Centro Urbano\"},\"image\":{\"@id\":\"https:\\\/\\\/centrourbano.com\\\/revista\\\/#\\\/schema\\\/logo\\\/image\\\/\"},\"sameAs\":[\"https:\\\/\\\/www.facebook.com\\\/portalcentrourbano\",\"https:\\\/\\\/x.com\\\/CentroUrbano\",\"https:\\\/\\\/www.instagram.com\\\/centro_urbano\\\/\",\"https:\\\/\\\/www.linkedin.com\\\/company\\\/centro-urbano\\\/\",\"http:\\\/\\\/www.youtube.com\\\/user\\\/portalcentrourbano\"]},{\"@type\":\"Person\",\"@id\":\"https:\\\/\\\/centrourbano.com\\\/revista\\\/#\\\/schema\\\/person\\\/756e631daf8400a0026dd8474463803a\",\"name\":\"Aura Fuentes\",\"image\":{\"@type\":\"ImageObject\",\"inLanguage\":\"es\",\"@id\":\"https:\\\/\\\/secure.gravatar.com\\\/avatar\\\/d4d494c7466b3a8e92935aa38a4205c72303f888e06051bec24b2018c769f20a?s=96&d=mm&r=g\",\"url\":\"https:\\\/\\\/secure.gravatar.com\\\/avatar\\\/d4d494c7466b3a8e92935aa38a4205c72303f888e06051bec24b2018c769f20a?s=96&d=mm&r=g\",\"contentUrl\":\"https:\\\/\\\/secure.gravatar.com\\\/avatar\\\/d4d494c7466b3a8e92935aa38a4205c72303f888e06051bec24b2018c769f20a?s=96&d=mm&r=g\",\"caption\":\"Aura Fuentes\"},\"description\":\"Egresada de la carrera de Comunicaci\u00f3n y Periodismo en la FES Arag\u00f3n, UNAM. Aunque se especializ\u00f3 en Televisi\u00f3n prefiere estar detr\u00e1s de una computadora haciendo lo que m\u00e1s le gusta: escribir. Su mayor experiencia como profesionista la obtuvo en Diario de M\u00e9xico Edici\u00f3n USA, donde fungi\u00f3 como coordinadora editorial. Siempre perfeccionista y responsable, ahora se desempe\u00f1a como Editora en Jefe dentro de Centro Urbano.\",\"sameAs\":[\"http:\\\/\\\/@Aura_CU\"],\"url\":\"https:\\\/\\\/centrourbano.com\\\/revista\\\/author\\\/aura-fuentes\\\/\"}]}<\/script>\n<!-- \/ Yoast SEO plugin. -->","yoast_head_json":{"title":"Palacio de Hierro destinar\u00e1 mayor capital para expansi\u00f3n -","description":"&nbsp; El grupo se centrar\u00e1 en el Proyecto Polanco-Moliere-Plat\u00f3n Para continuar con sus planes de expansi\u00f3n de 2010-2020, entre los cuales destaca el","robots":{"index":"index","follow":"follow","max-snippet":"max-snippet:-1","max-image-preview":"max-image-preview:large","max-video-preview":"max-video-preview:-1"},"canonical":"https:\/\/centrourbano.com\/revista\/inmobiliario\/palacio-de-hierro-destinara-mayor-capital-para-expansion\/","og_locale":"es_ES","og_type":"article","og_title":"Palacio de Hierro destinar\u00e1 mayor capital para expansi\u00f3n -","og_description":"&nbsp; El grupo se centrar\u00e1 en el Proyecto Polanco-Moliere-Plat\u00f3n Para continuar con sus planes de expansi\u00f3n de 2010-2020, entre los cuales destaca el","og_url":"https:\/\/centrourbano.com\/revista\/inmobiliario\/palacio-de-hierro-destinara-mayor-capital-para-expansion\/","og_site_name":"Centro Urbano","article_publisher":"https:\/\/www.facebook.com\/portalcentrourbano","article_published_time":"2014-12-30T15:00:18+00:00","og_image":[{"width":350,"height":91,"url":"https:\/\/centrourbano.com\/revista\/wp-content\/uploads\/CU-logo.png","type":"image\/png"}],"author":"Aura Fuentes","twitter_card":"summary_large_image","twitter_creator":"@CentroUrbano","twitter_site":"@CentroUrbano","twitter_misc":{"Escrito por":"Aura Fuentes","Tiempo de lectura":"2 minutos"},"schema":{"@context":"https:\/\/schema.org","@graph":[{"@type":"Article","@id":"https:\/\/centrourbano.com\/revista\/inmobiliario\/palacio-de-hierro-destinara-mayor-capital-para-expansion\/#article","isPartOf":{"@id":"https:\/\/centrourbano.com\/revista\/inmobiliario\/palacio-de-hierro-destinara-mayor-capital-para-expansion\/"},"author":{"name":"Aura Fuentes","@id":"https:\/\/centrourbano.com\/revista\/#\/schema\/person\/756e631daf8400a0026dd8474463803a"},"headline":"Palacio de Hierro destinar\u00e1 mayor capital para expansi\u00f3n","datePublished":"2014-12-30T15:00:18+00:00","mainEntityOfPage":{"@id":"https:\/\/centrourbano.com\/revista\/inmobiliario\/palacio-de-hierro-destinara-mayor-capital-para-expansion\/"},"wordCount":322,"commentCount":0,"publisher":{"@id":"https:\/\/centrourbano.com\/revista\/#organization"},"keywords":["BMV","Grupo Bal","Palacio de Hierro","Polanco"],"articleSection":["Inmobiliario"],"inLanguage":"es","potentialAction":[{"@type":"CommentAction","name":"Comment","target":["https:\/\/centrourbano.com\/revista\/inmobiliario\/palacio-de-hierro-destinara-mayor-capital-para-expansion\/#respond"]}]},{"@type":"WebPage","@id":"https:\/\/centrourbano.com\/revista\/inmobiliario\/palacio-de-hierro-destinara-mayor-capital-para-expansion\/","url":"https:\/\/centrourbano.com\/revista\/inmobiliario\/palacio-de-hierro-destinara-mayor-capital-para-expansion\/","name":"Palacio de Hierro destinar\u00e1 mayor capital para expansi\u00f3n -","isPartOf":{"@id":"https:\/\/centrourbano.com\/revista\/#website"},"datePublished":"2014-12-30T15:00:18+00:00","description":"&nbsp; El grupo se centrar\u00e1 en el Proyecto Polanco-Moliere-Plat\u00f3n Para continuar con sus planes de expansi\u00f3n de 2010-2020, entre los cuales destaca el","breadcrumb":{"@id":"https:\/\/centrourbano.com\/revista\/inmobiliario\/palacio-de-hierro-destinara-mayor-capital-para-expansion\/#breadcrumb"},"inLanguage":"es","potentialAction":[{"@type":"ReadAction","target":["https:\/\/centrourbano.com\/revista\/inmobiliario\/palacio-de-hierro-destinara-mayor-capital-para-expansion\/"]}]},{"@type":"BreadcrumbList","@id":"https:\/\/centrourbano.com\/revista\/inmobiliario\/palacio-de-hierro-destinara-mayor-capital-para-expansion\/#breadcrumb","itemListElement":[{"@type":"ListItem","position":1,"name":"Portada","item":"https:\/\/centrourbano.com\/revista\/"},{"@type":"ListItem","position":2,"name":"Palacio de Hierro destinar\u00e1 mayor capital para expansi\u00f3n"}]},{"@type":"WebSite","@id":"https:\/\/centrourbano.com\/revista\/#website","url":"https:\/\/centrourbano.com\/revista\/","name":"Centro Urbano","description":"Medio especializado en los sectores vivienda, inmobiliario, construcci\u00f3n, arquitectura y urbanismo.","publisher":{"@id":"https:\/\/centrourbano.com\/revista\/#organization"},"potentialAction":[{"@type":"SearchAction","target":{"@type":"EntryPoint","urlTemplate":"https:\/\/centrourbano.com\/revista\/?s={search_term_string}"},"query-input":{"@type":"PropertyValueSpecification","valueRequired":true,"valueName":"search_term_string"}}],"inLanguage":"es"},{"@type":"Organization","@id":"https:\/\/centrourbano.com\/revista\/#organization","name":"Centro Urbano","url":"https:\/\/centrourbano.com\/revista\/","logo":{"@type":"ImageObject","inLanguage":"es","@id":"https:\/\/centrourbano.com\/revista\/#\/schema\/logo\/image\/","url":"https:\/\/centrourbano.com\/revista\/wp-content\/uploads\/web_CU_logo-1.png","contentUrl":"https:\/\/centrourbano.com\/revista\/wp-content\/uploads\/web_CU_logo-1.png","width":350,"height":91,"caption":"Centro Urbano"},"image":{"@id":"https:\/\/centrourbano.com\/revista\/#\/schema\/logo\/image\/"},"sameAs":["https:\/\/www.facebook.com\/portalcentrourbano","https:\/\/x.com\/CentroUrbano","https:\/\/www.instagram.com\/centro_urbano\/","https:\/\/www.linkedin.com\/company\/centro-urbano\/","http:\/\/www.youtube.com\/user\/portalcentrourbano"]},{"@type":"Person","@id":"https:\/\/centrourbano.com\/revista\/#\/schema\/person\/756e631daf8400a0026dd8474463803a","name":"Aura Fuentes","image":{"@type":"ImageObject","inLanguage":"es","@id":"https:\/\/secure.gravatar.com\/avatar\/d4d494c7466b3a8e92935aa38a4205c72303f888e06051bec24b2018c769f20a?s=96&d=mm&r=g","url":"https:\/\/secure.gravatar.com\/avatar\/d4d494c7466b3a8e92935aa38a4205c72303f888e06051bec24b2018c769f20a?s=96&d=mm&r=g","contentUrl":"https:\/\/secure.gravatar.com\/avatar\/d4d494c7466b3a8e92935aa38a4205c72303f888e06051bec24b2018c769f20a?s=96&d=mm&r=g","caption":"Aura Fuentes"},"description":"Egresada de la carrera de Comunicaci\u00f3n y Periodismo en la FES Arag\u00f3n, UNAM. Aunque se especializ\u00f3 en Televisi\u00f3n prefiere estar detr\u00e1s de una computadora haciendo lo que m\u00e1s le gusta: escribir. Su mayor experiencia como profesionista la obtuvo en Diario de M\u00e9xico Edici\u00f3n USA, donde fungi\u00f3 como coordinadora editorial. Siempre perfeccionista y responsable, ahora se desempe\u00f1a como Editora en Jefe dentro de Centro Urbano.","sameAs":["http:\/\/@Aura_CU"],"url":"https:\/\/centrourbano.com\/revista\/author\/aura-fuentes\/"}]}},"_links":{"self":[{"href":"https:\/\/centrourbano.com\/revista\/wp-json\/wp\/v2\/posts\/13984","targetHints":{"allow":["GET"]}}],"collection":[{"href":"https:\/\/centrourbano.com\/revista\/wp-json\/wp\/v2\/posts"}],"about":[{"href":"https:\/\/centrourbano.com\/revista\/wp-json\/wp\/v2\/types\/post"}],"author":[{"embeddable":true,"href":"https:\/\/centrourbano.com\/revista\/wp-json\/wp\/v2\/users\/5"}],"replies":[{"embeddable":true,"href":"https:\/\/centrourbano.com\/revista\/wp-json\/wp\/v2\/comments?post=13984"}],"version-history":[{"count":0,"href":"https:\/\/centrourbano.com\/revista\/wp-json\/wp\/v2\/posts\/13984\/revisions"}],"wp:attachment":[{"href":"https:\/\/centrourbano.com\/revista\/wp-json\/wp\/v2\/media?parent=13984"}],"wp:term":[{"taxonomy":"category","embeddable":true,"href":"https:\/\/centrourbano.com\/revista\/wp-json\/wp\/v2\/categories?post=13984"},{"taxonomy":"post_tag","embeddable":true,"href":"https:\/\/centrourbano.com\/revista\/wp-json\/wp\/v2\/tags?post=13984"}],"curies":[{"name":"wp","href":"https:\/\/api.w.org\/{rel}","templated":true}]}}