{"id":13966,"date":"2014-12-29T11:36:57","date_gmt":"2014-12-29T17:36:57","guid":{"rendered":"http:\/\/centrourbano.com\/?p=13966"},"modified":"2014-12-29T11:36:57","modified_gmt":"2014-12-29T17:36:57","slug":"duplica-gobierno-cdmx-ritmo-de-recuperacion-de-suelo-de-conservacion","status":"publish","type":"post","link":"https:\/\/centrourbano.com\/revista\/saladeprensa\/duplica-gobierno-cdmx-ritmo-de-recuperacion-de-suelo-de-conservacion\/","title":{"rendered":"Duplica gobierno CDMX ritmo de recuperaci\u00f3n de suelo de conservaci\u00f3n"},"content":{"rendered":"<p>&nbsp;<\/p>\n<ul>\n<li><em>Esta superficie territorial es pieza clave para la regulaci\u00f3n de la temperatura y la reducci\u00f3n de la contaminaci\u00f3n<\/em><\/li>\n<li><em>Este mismo mes se recobraron 10 hect\u00e1reas m\u00e1s en la delegaci\u00f3n Tlalpan<\/em><\/li>\n<\/ul>\n<p><!--more--><\/p>\n<p><em>\u00a0<\/em><\/p>\n<p>El Gobierno de la Ciudad de M\u00e9xico, encabezado por Miguel \u00c1ngel Mancera, ha recuperado en estos primeros dos a\u00f1os de administraci\u00f3n alrededor de 500 hect\u00e1reas (Ha) -477.53- de Suelos de Conservaci\u00f3n, indispensables para la sustentabilidad de la vida humana, tanto como para la biodiversidad de la flora y la fauna nativas del Valle de M\u00e9xico.<\/p>\n<p>&nbsp;<\/p>\n<p>Esta cantidad representa una aceleraci\u00f3n importante en la recuperaci\u00f3n, ya que el ritmo de recobro aument\u00f3 a 238 Ha por a\u00f1o, con relaci\u00f3n a 107 Ha de los seis a\u00f1os anteriores en los que se rescataron 645 Ha en total.<\/p>\n<p>&nbsp;<\/p>\n<p>Desde el inicio de su administraci\u00f3n, Mancera Espinosa puso especial \u00e9nfasis en la recuperaci\u00f3n de estos suelos, tambi\u00e9n por su importancia para la captaci\u00f3n y suministro de agua de la capital.<\/p>\n<p>&nbsp;<\/p>\n<p>Al representar m\u00e1s de la mitad de la superficie territorial en la capital del pa\u00eds, los Suelos de Conservaci\u00f3n son adem\u00e1s pieza clave para la regulaci\u00f3n de la temperatura, la reducci\u00f3n de la contaminaci\u00f3n y la estabilizaci\u00f3n de suelos.<\/p>\n<p>&nbsp;<\/p>\n<p>Un ejemplo del compromiso de la presente administraci\u00f3n, fue el reciente operativo conjunto entre las Secretar\u00edas de Medio Ambiente, Gobierno, Seguridad P\u00fablica y Obras y Servicios realizado el 23 de diciembre, en el que m\u00e1s de 500 funcionarios recuperaron 10 Ha de \u00e1rea natural protegida en la delegaci\u00f3n Tlalpan.<\/p>\n<p>&nbsp;<\/p>\n<p>En el lugar, fueron retiradas 75 construcciones provisionales y permanentes as\u00ed como cableado el\u00e9ctrico ilegal que perjudicaban el papel de conservaci\u00f3n de este territorio.<\/p>\n<p>&nbsp;<\/p>\n<p>Los trabajos de recuperaci\u00f3n de Suelos de Conservaci\u00f3n continuar\u00e1n su desarrollo el pr\u00f3ximo a\u00f1o en las delegaciones de Gustavo A. Madero, Magdalena Contreras, Milpa Alta, Tl\u00e1huac, Tlalpan y Xochimilco, y comprenden acciones como la prevenci\u00f3n y combate de incendios forestales, la reforestaci\u00f3n rural y reconversi\u00f3n productiva, sanidad forestal, entre otros.<\/p>\n","protected":false},"excerpt":{"rendered":"<p>&nbsp; Esta superficie territorial es pieza clave para la regulaci\u00f3n de la temperatura y la reducci\u00f3n de la contaminaci\u00f3n Este mismo mes se recobraron 10 hect\u00e1reas m\u00e1s en la delegaci\u00f3n Tlalpan<\/p>\n","protected":false},"author":14,"featured_media":0,"comment_status":"open","ping_status":"closed","sticky":false,"template":"","format":"standard","meta":{"om_disable_all_campaigns":false,"inline_featured_image":false,"_monsterinsights_skip_tracking":false,"_monsterinsights_sitenote_active":false,"_monsterinsights_sitenote_note":"","_monsterinsights_sitenote_category":0,"footnotes":""},"categories":[7],"tags":[606,2284,4023,2065,157],"class_list":["post-13966","post","type-post","status-publish","format-standard","hentry","category-saladeprensa","tag-cdmx","tag-conservacion","tag-recuperacion-de-suelo","tag-reforestacion","tag-tlalpan"],"yoast_head":"<!-- This site is optimized with the Yoast SEO plugin v27.5 - https:\/\/yoast.com\/product\/yoast-seo-wordpress\/ -->\n<title>Duplica gobierno CDMX ritmo de recuperaci\u00f3n de suelo de conservaci\u00f3n  -<\/title>\n<meta name=\"description\" content=\"&nbsp; Esta superficie territorial es pieza clave para la regulaci\u00f3n de la temperatura y la reducci\u00f3n de la contaminaci\u00f3n Este mismo mes se recobraron 10\" \/>\n<meta name=\"robots\" content=\"index, follow, max-snippet:-1, max-image-preview:large, max-video-preview:-1\" \/>\n<link rel=\"canonical\" href=\"https:\/\/centrourbano.com\/revista\/saladeprensa\/duplica-gobierno-cdmx-ritmo-de-recuperacion-de-suelo-de-conservacion\/\" \/>\n<meta property=\"og:locale\" content=\"es_ES\" \/>\n<meta property=\"og:type\" content=\"article\" \/>\n<meta property=\"og:title\" content=\"Duplica gobierno CDMX ritmo de recuperaci\u00f3n de suelo de conservaci\u00f3n  -\" \/>\n<meta property=\"og:description\" content=\"&nbsp; Esta superficie territorial es pieza clave para la regulaci\u00f3n de la temperatura y la reducci\u00f3n de la contaminaci\u00f3n Este mismo mes se recobraron 10\" \/>\n<meta property=\"og:url\" content=\"https:\/\/centrourbano.com\/revista\/saladeprensa\/duplica-gobierno-cdmx-ritmo-de-recuperacion-de-suelo-de-conservacion\/\" \/>\n<meta property=\"og:site_name\" content=\"Centro Urbano\" \/>\n<meta property=\"article:publisher\" content=\"https:\/\/www.facebook.com\/portalcentrourbano\" \/>\n<meta property=\"article:published_time\" content=\"2014-12-29T17:36:57+00:00\" \/>\n<meta property=\"og:image\" content=\"https:\/\/centrourbano.com\/revista\/wp-content\/uploads\/CU-logo.png\" \/>\n\t<meta property=\"og:image:width\" content=\"350\" \/>\n\t<meta property=\"og:image:height\" content=\"91\" \/>\n\t<meta property=\"og:image:type\" content=\"image\/png\" \/>\n<meta name=\"author\" content=\"Redacci\u00f3n Centro Urbano\" \/>\n<meta name=\"twitter:card\" content=\"summary_large_image\" \/>\n<meta name=\"twitter:creator\" content=\"@CentroUrbano\" \/>\n<meta name=\"twitter:site\" content=\"@CentroUrbano\" \/>\n<meta name=\"twitter:label1\" content=\"Escrito por\" \/>\n\t<meta name=\"twitter:data1\" content=\"Redacci\u00f3n Centro Urbano\" \/>\n\t<meta name=\"twitter:label2\" content=\"Tiempo de lectura\" \/>\n\t<meta name=\"twitter:data2\" content=\"2 minutos\" \/>\n<script type=\"application\/ld+json\" class=\"yoast-schema-graph\">{\"@context\":\"https:\\\/\\\/schema.org\",\"@graph\":[{\"@type\":\"Article\",\"@id\":\"https:\\\/\\\/centrourbano.com\\\/revista\\\/saladeprensa\\\/duplica-gobierno-cdmx-ritmo-de-recuperacion-de-suelo-de-conservacion\\\/#article\",\"isPartOf\":{\"@id\":\"https:\\\/\\\/centrourbano.com\\\/revista\\\/saladeprensa\\\/duplica-gobierno-cdmx-ritmo-de-recuperacion-de-suelo-de-conservacion\\\/\"},\"author\":{\"name\":\"Redacci\u00f3n Centro Urbano\",\"@id\":\"https:\\\/\\\/centrourbano.com\\\/revista\\\/#\\\/schema\\\/person\\\/680e7c50f9d6e917e416c9efdc26f996\"},\"headline\":\"Duplica gobierno CDMX ritmo de recuperaci\u00f3n de suelo de conservaci\u00f3n\",\"datePublished\":\"2014-12-29T17:36:57+00:00\",\"mainEntityOfPage\":{\"@id\":\"https:\\\/\\\/centrourbano.com\\\/revista\\\/saladeprensa\\\/duplica-gobierno-cdmx-ritmo-de-recuperacion-de-suelo-de-conservacion\\\/\"},\"wordCount\":374,\"commentCount\":0,\"publisher\":{\"@id\":\"https:\\\/\\\/centrourbano.com\\\/revista\\\/#organization\"},\"keywords\":[\"CDMX\",\"Conservaci\u00f3n\",\"recuperaci\u00f3n de suelo\",\"reforestaci\u00f3n\",\"Tlalpan\"],\"articleSection\":[\"Sala de Prensa\"],\"inLanguage\":\"es\",\"potentialAction\":[{\"@type\":\"CommentAction\",\"name\":\"Comment\",\"target\":[\"https:\\\/\\\/centrourbano.com\\\/revista\\\/saladeprensa\\\/duplica-gobierno-cdmx-ritmo-de-recuperacion-de-suelo-de-conservacion\\\/#respond\"]}]},{\"@type\":\"WebPage\",\"@id\":\"https:\\\/\\\/centrourbano.com\\\/revista\\\/saladeprensa\\\/duplica-gobierno-cdmx-ritmo-de-recuperacion-de-suelo-de-conservacion\\\/\",\"url\":\"https:\\\/\\\/centrourbano.com\\\/revista\\\/saladeprensa\\\/duplica-gobierno-cdmx-ritmo-de-recuperacion-de-suelo-de-conservacion\\\/\",\"name\":\"Duplica gobierno CDMX ritmo de recuperaci\u00f3n de suelo de conservaci\u00f3n -\",\"isPartOf\":{\"@id\":\"https:\\\/\\\/centrourbano.com\\\/revista\\\/#website\"},\"datePublished\":\"2014-12-29T17:36:57+00:00\",\"description\":\"&nbsp; Esta superficie territorial es pieza clave para la regulaci\u00f3n de la temperatura y la reducci\u00f3n de la contaminaci\u00f3n Este mismo mes se recobraron 10\",\"breadcrumb\":{\"@id\":\"https:\\\/\\\/centrourbano.com\\\/revista\\\/saladeprensa\\\/duplica-gobierno-cdmx-ritmo-de-recuperacion-de-suelo-de-conservacion\\\/#breadcrumb\"},\"inLanguage\":\"es\",\"potentialAction\":[{\"@type\":\"ReadAction\",\"target\":[\"https:\\\/\\\/centrourbano.com\\\/revista\\\/saladeprensa\\\/duplica-gobierno-cdmx-ritmo-de-recuperacion-de-suelo-de-conservacion\\\/\"]}]},{\"@type\":\"BreadcrumbList\",\"@id\":\"https:\\\/\\\/centrourbano.com\\\/revista\\\/saladeprensa\\\/duplica-gobierno-cdmx-ritmo-de-recuperacion-de-suelo-de-conservacion\\\/#breadcrumb\",\"itemListElement\":[{\"@type\":\"ListItem\",\"position\":1,\"name\":\"Portada\",\"item\":\"https:\\\/\\\/centrourbano.com\\\/revista\\\/\"},{\"@type\":\"ListItem\",\"position\":2,\"name\":\"Duplica gobierno CDMX ritmo de recuperaci\u00f3n de suelo de conservaci\u00f3n\"}]},{\"@type\":\"WebSite\",\"@id\":\"https:\\\/\\\/centrourbano.com\\\/revista\\\/#website\",\"url\":\"https:\\\/\\\/centrourbano.com\\\/revista\\\/\",\"name\":\"Centro Urbano\",\"description\":\"Medio especializado en los sectores vivienda, inmobiliario, construcci\u00f3n, arquitectura y urbanismo.\",\"publisher\":{\"@id\":\"https:\\\/\\\/centrourbano.com\\\/revista\\\/#organization\"},\"potentialAction\":[{\"@type\":\"SearchAction\",\"target\":{\"@type\":\"EntryPoint\",\"urlTemplate\":\"https:\\\/\\\/centrourbano.com\\\/revista\\\/?s={search_term_string}\"},\"query-input\":{\"@type\":\"PropertyValueSpecification\",\"valueRequired\":true,\"valueName\":\"search_term_string\"}}],\"inLanguage\":\"es\"},{\"@type\":\"Organization\",\"@id\":\"https:\\\/\\\/centrourbano.com\\\/revista\\\/#organization\",\"name\":\"Centro Urbano\",\"url\":\"https:\\\/\\\/centrourbano.com\\\/revista\\\/\",\"logo\":{\"@type\":\"ImageObject\",\"inLanguage\":\"es\",\"@id\":\"https:\\\/\\\/centrourbano.com\\\/revista\\\/#\\\/schema\\\/logo\\\/image\\\/\",\"url\":\"https:\\\/\\\/centrourbano.com\\\/revista\\\/wp-content\\\/uploads\\\/web_CU_logo-1.png\",\"contentUrl\":\"https:\\\/\\\/centrourbano.com\\\/revista\\\/wp-content\\\/uploads\\\/web_CU_logo-1.png\",\"width\":350,\"height\":91,\"caption\":\"Centro Urbano\"},\"image\":{\"@id\":\"https:\\\/\\\/centrourbano.com\\\/revista\\\/#\\\/schema\\\/logo\\\/image\\\/\"},\"sameAs\":[\"https:\\\/\\\/www.facebook.com\\\/portalcentrourbano\",\"https:\\\/\\\/x.com\\\/CentroUrbano\",\"https:\\\/\\\/www.instagram.com\\\/centro_urbano\\\/\",\"https:\\\/\\\/www.linkedin.com\\\/company\\\/centro-urbano\\\/\",\"http:\\\/\\\/www.youtube.com\\\/user\\\/portalcentrourbano\"]},{\"@type\":\"Person\",\"@id\":\"https:\\\/\\\/centrourbano.com\\\/revista\\\/#\\\/schema\\\/person\\\/680e7c50f9d6e917e416c9efdc26f996\",\"name\":\"Redacci\u00f3n Centro Urbano\",\"image\":{\"@type\":\"ImageObject\",\"inLanguage\":\"es\",\"@id\":\"https:\\\/\\\/secure.gravatar.com\\\/avatar\\\/15a789f894398c0f311f3a7a2ee28032bbc0483098539da66b6a045aa810bf35?s=96&d=mm&r=g\",\"url\":\"https:\\\/\\\/secure.gravatar.com\\\/avatar\\\/15a789f894398c0f311f3a7a2ee28032bbc0483098539da66b6a045aa810bf35?s=96&d=mm&r=g\",\"contentUrl\":\"https:\\\/\\\/secure.gravatar.com\\\/avatar\\\/15a789f894398c0f311f3a7a2ee28032bbc0483098539da66b6a045aa810bf35?s=96&d=mm&r=g\",\"caption\":\"Redacci\u00f3n Centro Urbano\"},\"url\":\"https:\\\/\\\/centrourbano.com\\\/revista\\\/author\\\/editorial\\\/\"}]}<\/script>\n<!-- \/ Yoast SEO plugin. -->","yoast_head_json":{"title":"Duplica gobierno CDMX ritmo de recuperaci\u00f3n de suelo de conservaci\u00f3n  -","description":"&nbsp; Esta superficie territorial es pieza clave para la regulaci\u00f3n de la temperatura y la reducci\u00f3n de la contaminaci\u00f3n Este mismo mes se recobraron 10","robots":{"index":"index","follow":"follow","max-snippet":"max-snippet:-1","max-image-preview":"max-image-preview:large","max-video-preview":"max-video-preview:-1"},"canonical":"https:\/\/centrourbano.com\/revista\/saladeprensa\/duplica-gobierno-cdmx-ritmo-de-recuperacion-de-suelo-de-conservacion\/","og_locale":"es_ES","og_type":"article","og_title":"Duplica gobierno CDMX ritmo de recuperaci\u00f3n de suelo de conservaci\u00f3n  -","og_description":"&nbsp; Esta superficie territorial es pieza clave para la regulaci\u00f3n de la temperatura y la reducci\u00f3n de la contaminaci\u00f3n Este mismo mes se recobraron 10","og_url":"https:\/\/centrourbano.com\/revista\/saladeprensa\/duplica-gobierno-cdmx-ritmo-de-recuperacion-de-suelo-de-conservacion\/","og_site_name":"Centro Urbano","article_publisher":"https:\/\/www.facebook.com\/portalcentrourbano","article_published_time":"2014-12-29T17:36:57+00:00","og_image":[{"width":350,"height":91,"url":"https:\/\/centrourbano.com\/revista\/wp-content\/uploads\/CU-logo.png","type":"image\/png"}],"author":"Redacci\u00f3n Centro Urbano","twitter_card":"summary_large_image","twitter_creator":"@CentroUrbano","twitter_site":"@CentroUrbano","twitter_misc":{"Escrito por":"Redacci\u00f3n Centro Urbano","Tiempo de lectura":"2 minutos"},"schema":{"@context":"https:\/\/schema.org","@graph":[{"@type":"Article","@id":"https:\/\/centrourbano.com\/revista\/saladeprensa\/duplica-gobierno-cdmx-ritmo-de-recuperacion-de-suelo-de-conservacion\/#article","isPartOf":{"@id":"https:\/\/centrourbano.com\/revista\/saladeprensa\/duplica-gobierno-cdmx-ritmo-de-recuperacion-de-suelo-de-conservacion\/"},"author":{"name":"Redacci\u00f3n Centro Urbano","@id":"https:\/\/centrourbano.com\/revista\/#\/schema\/person\/680e7c50f9d6e917e416c9efdc26f996"},"headline":"Duplica gobierno CDMX ritmo de recuperaci\u00f3n de suelo de conservaci\u00f3n","datePublished":"2014-12-29T17:36:57+00:00","mainEntityOfPage":{"@id":"https:\/\/centrourbano.com\/revista\/saladeprensa\/duplica-gobierno-cdmx-ritmo-de-recuperacion-de-suelo-de-conservacion\/"},"wordCount":374,"commentCount":0,"publisher":{"@id":"https:\/\/centrourbano.com\/revista\/#organization"},"keywords":["CDMX","Conservaci\u00f3n","recuperaci\u00f3n de suelo","reforestaci\u00f3n","Tlalpan"],"articleSection":["Sala de Prensa"],"inLanguage":"es","potentialAction":[{"@type":"CommentAction","name":"Comment","target":["https:\/\/centrourbano.com\/revista\/saladeprensa\/duplica-gobierno-cdmx-ritmo-de-recuperacion-de-suelo-de-conservacion\/#respond"]}]},{"@type":"WebPage","@id":"https:\/\/centrourbano.com\/revista\/saladeprensa\/duplica-gobierno-cdmx-ritmo-de-recuperacion-de-suelo-de-conservacion\/","url":"https:\/\/centrourbano.com\/revista\/saladeprensa\/duplica-gobierno-cdmx-ritmo-de-recuperacion-de-suelo-de-conservacion\/","name":"Duplica gobierno CDMX ritmo de recuperaci\u00f3n de suelo de conservaci\u00f3n -","isPartOf":{"@id":"https:\/\/centrourbano.com\/revista\/#website"},"datePublished":"2014-12-29T17:36:57+00:00","description":"&nbsp; Esta superficie territorial es pieza clave para la regulaci\u00f3n de la temperatura y la reducci\u00f3n de la contaminaci\u00f3n Este mismo mes se recobraron 10","breadcrumb":{"@id":"https:\/\/centrourbano.com\/revista\/saladeprensa\/duplica-gobierno-cdmx-ritmo-de-recuperacion-de-suelo-de-conservacion\/#breadcrumb"},"inLanguage":"es","potentialAction":[{"@type":"ReadAction","target":["https:\/\/centrourbano.com\/revista\/saladeprensa\/duplica-gobierno-cdmx-ritmo-de-recuperacion-de-suelo-de-conservacion\/"]}]},{"@type":"BreadcrumbList","@id":"https:\/\/centrourbano.com\/revista\/saladeprensa\/duplica-gobierno-cdmx-ritmo-de-recuperacion-de-suelo-de-conservacion\/#breadcrumb","itemListElement":[{"@type":"ListItem","position":1,"name":"Portada","item":"https:\/\/centrourbano.com\/revista\/"},{"@type":"ListItem","position":2,"name":"Duplica gobierno CDMX ritmo de recuperaci\u00f3n de suelo de conservaci\u00f3n"}]},{"@type":"WebSite","@id":"https:\/\/centrourbano.com\/revista\/#website","url":"https:\/\/centrourbano.com\/revista\/","name":"Centro Urbano","description":"Medio especializado en los sectores vivienda, inmobiliario, construcci\u00f3n, arquitectura y urbanismo.","publisher":{"@id":"https:\/\/centrourbano.com\/revista\/#organization"},"potentialAction":[{"@type":"SearchAction","target":{"@type":"EntryPoint","urlTemplate":"https:\/\/centrourbano.com\/revista\/?s={search_term_string}"},"query-input":{"@type":"PropertyValueSpecification","valueRequired":true,"valueName":"search_term_string"}}],"inLanguage":"es"},{"@type":"Organization","@id":"https:\/\/centrourbano.com\/revista\/#organization","name":"Centro Urbano","url":"https:\/\/centrourbano.com\/revista\/","logo":{"@type":"ImageObject","inLanguage":"es","@id":"https:\/\/centrourbano.com\/revista\/#\/schema\/logo\/image\/","url":"https:\/\/centrourbano.com\/revista\/wp-content\/uploads\/web_CU_logo-1.png","contentUrl":"https:\/\/centrourbano.com\/revista\/wp-content\/uploads\/web_CU_logo-1.png","width":350,"height":91,"caption":"Centro Urbano"},"image":{"@id":"https:\/\/centrourbano.com\/revista\/#\/schema\/logo\/image\/"},"sameAs":["https:\/\/www.facebook.com\/portalcentrourbano","https:\/\/x.com\/CentroUrbano","https:\/\/www.instagram.com\/centro_urbano\/","https:\/\/www.linkedin.com\/company\/centro-urbano\/","http:\/\/www.youtube.com\/user\/portalcentrourbano"]},{"@type":"Person","@id":"https:\/\/centrourbano.com\/revista\/#\/schema\/person\/680e7c50f9d6e917e416c9efdc26f996","name":"Redacci\u00f3n Centro Urbano","image":{"@type":"ImageObject","inLanguage":"es","@id":"https:\/\/secure.gravatar.com\/avatar\/15a789f894398c0f311f3a7a2ee28032bbc0483098539da66b6a045aa810bf35?s=96&d=mm&r=g","url":"https:\/\/secure.gravatar.com\/avatar\/15a789f894398c0f311f3a7a2ee28032bbc0483098539da66b6a045aa810bf35?s=96&d=mm&r=g","contentUrl":"https:\/\/secure.gravatar.com\/avatar\/15a789f894398c0f311f3a7a2ee28032bbc0483098539da66b6a045aa810bf35?s=96&d=mm&r=g","caption":"Redacci\u00f3n Centro Urbano"},"url":"https:\/\/centrourbano.com\/revista\/author\/editorial\/"}]}},"_links":{"self":[{"href":"https:\/\/centrourbano.com\/revista\/wp-json\/wp\/v2\/posts\/13966","targetHints":{"allow":["GET"]}}],"collection":[{"href":"https:\/\/centrourbano.com\/revista\/wp-json\/wp\/v2\/posts"}],"about":[{"href":"https:\/\/centrourbano.com\/revista\/wp-json\/wp\/v2\/types\/post"}],"author":[{"embeddable":true,"href":"https:\/\/centrourbano.com\/revista\/wp-json\/wp\/v2\/users\/14"}],"replies":[{"embeddable":true,"href":"https:\/\/centrourbano.com\/revista\/wp-json\/wp\/v2\/comments?post=13966"}],"version-history":[{"count":0,"href":"https:\/\/centrourbano.com\/revista\/wp-json\/wp\/v2\/posts\/13966\/revisions"}],"wp:attachment":[{"href":"https:\/\/centrourbano.com\/revista\/wp-json\/wp\/v2\/media?parent=13966"}],"wp:term":[{"taxonomy":"category","embeddable":true,"href":"https:\/\/centrourbano.com\/revista\/wp-json\/wp\/v2\/categories?post=13966"},{"taxonomy":"post_tag","embeddable":true,"href":"https:\/\/centrourbano.com\/revista\/wp-json\/wp\/v2\/tags?post=13966"}],"curies":[{"name":"wp","href":"https:\/\/api.w.org\/{rel}","templated":true}]}}