{"id":139647,"date":"2023-04-28T16:37:22","date_gmt":"2023-04-28T21:37:22","guid":{"rendered":"https:\/\/centrourbano.com\/?p=139647"},"modified":"2023-04-28T16:37:22","modified_gmt":"2023-04-28T21:37:22","slug":"venta-de-vivienda-periferico-sur-portales","status":"publish","type":"post","link":"https:\/\/centrourbano.com\/revista\/vivienda\/venta-de-vivienda-periferico-sur-portales\/","title":{"rendered":"Al alza venta de vivienda corredores de Perif\u00e9rico Sur y Portales"},"content":{"rendered":"<p><em>La venta de vivienda en presenta que en <span style=\"font-weight: 400;\">Perif\u00e9rico sur, los usuarios prefieren hogares con tres rec\u00e1maras; mientras que en Portales, los futuros habitantes se inclinan por espacios con dos habitaciones<\/span><\/em><!--more--><\/p>\n<p><span style=\"font-weight: 400;\">A trav\u00e9s de un <a href=\"https:\/\/centrourbano.com\/vivienda\/venta-vivienda-condesa-roma-narvarte\/\" target=\"_blank\" rel=\"noopener\">informe conjunto<\/a>, <a href=\"https:\/\/www.tinsamexico.mx\/\" target=\"_blank\" rel=\"noopener\">Tinsa<\/a> M\u00e9xico, <a href=\"https:\/\/tuhabi.mx\/?utm_source=google&amp;utm_medium=paid&amp;utm_campaign=aw_tuhabi_mx_do_sem_brand_general_cdmx&amp;keyword=tuhabi&amp;utm_content=602050654054&amp;k_cca=brand&amp;kpid=go_cmp-17410607032_adg-137728657335_ad-602050654054_kwd-1466601378631_dev-c_ext-_sig-Cj0KCQjw3a2iBhCFARIsAD4jQB0rymu1Yft81f8RzWMEIf8JpBjU-sD-dcp71P2CicGUx8Y3COYQq8caAi1TEALw_wcB&amp;gad=1&amp;gclid=Cj0KCQjw3a2iBhCFARIsAD4jQB0rymu1Yft81f8RzWMEIf8JpBjU-sD-dcp71P2CicGUx8Y3COYQq8caAi1TEALw_wcB\" target=\"_blank\" rel=\"noopener\">TuHabi<\/a> y <a href=\"https:\/\/propiedades.com\/\" target=\"_blank\" rel=\"noopener\">Propiedades.com<\/a> se\u00f1alaron que<strong> la venta de vivienda nueva se mantiene a la alza<\/strong>, esto en los corredores <strong>Perif\u00e9rico Sur y Portales<\/strong>. Los datos recabados por los expertos fueron comparados con los obtenidos durante el 2021 y la segunda mitad del 2022<\/span><\/p>\n<p><span style=\"font-weight: 400;\">De acuerdo con el informe y en comparaci\u00f3n con ambas zonas, las empresas especialistas resaltaron que en <strong>Perif\u00e9rico Sur<\/strong>, los usuarios buscan con <strong>mayor frecuencia las viviendas de tres rec\u00e1maras<\/strong>; mientras que en <strong>Portales<\/strong>, los futuros habitantes se inclinan por espacios con <strong>dos habitaciones<\/strong>.<\/span><\/p>\n<h2><span style=\"font-weight: 400;\">Corredor Perif\u00e9rico Sur\u00a0<\/span><\/h2>\n<p><span style=\"font-weight: 400;\">Los expertos detallaron que la zona del corredor Perif\u00e9rico Sur alberga 36,000 hogares en 40,000 viviendas. As\u00ed que, al t\u00e9rmino del 2022, la vivienda nueva <strong>disminuy\u00f3 el aumento de los precios de venta<\/strong>; sin embargo los costos representan un aumento del 2% anual en comparaci\u00f3n al 2021.\u00a0 No obstante,la venta de este tipo de vivienda se<strong> mantiene en niveles superiores al 2021<\/strong>.\u00a0<\/span><\/p>\n<p><span style=\"font-weight: 400;\">Mientras que, <strong>la venta de vivienda usada creci\u00f3 13%<\/strong> en forma anual. Adem\u00e1s, para el cierre del cuarto trimestre de 2022 el corredor Perif\u00e9rico Sur registr\u00f3 135 unidades desplazadas.\u00a0<\/span><\/p>\n<p><span style=\"font-weight: 400;\">Por otra parte,\u00a0 Marisol Becerra, directora de Consultor\u00eda de Tinsa M\u00e9xico, indic\u00f3 que esta zona cuenta con una<strong> gran cantidad de poblaci\u00f3n<\/strong> flotante que se concentra <strong>cerca de los centros de trabajo.<\/strong><\/span><\/p>\n<blockquote><p><span style=\"font-weight: 400;\">\u201cSe puede apreciar que en el sector norte del corredor, en Av. Insurgentes Sur rumbo a San \u00c1ngel, se ubica la mayor densidad de poblaci\u00f3n flotante, esto es debido a la importante concentraci\u00f3n de edificios de oficinas, comercios y corporativos\u201d, coment\u00f3<\/span><\/p><\/blockquote>\n<h2><span style=\"font-weight: 400;\">Corredor Portales<\/span><\/h2>\n<p><span style=\"font-weight: 400;\">En cuanto al corredor Portales, cuenta con 20,000 hogares en 22,000 viviendas. En la zona, la venta de vivienda nueva tambi\u00e9n present\u00f3 una alza considerable a partir de mitad de 2022; esto se debe a que el corredor registr\u00f3 <strong>un aumento anual del 7% al corte del 4T2022<\/strong> , esto en comparaci\u00f3n con el mismo periodo del 2021.<\/span><\/p>\n<p><span style=\"font-weight: 400;\">Igualmente la vivienda usada ha presentado presenta signos de recuperaci\u00f3n desde inicios del 2021, cifras que mantuvo durante el 2022, ya que el \u00faltimo trimestre de dicho a\u00f1o present\u00f3 un crecimiento anual del 22 por ciento.<\/span><\/p>\n","protected":false},"excerpt":{"rendered":"<p>La venta de vivienda en presenta que en Perif\u00e9rico sur, los usuarios prefieren hogares con tres rec\u00e1maras; mientras que en Portales, los futuros habitantes se inclinan por espacios con dos habitaciones<\/p>\n","protected":false},"author":88,"featured_media":139648,"comment_status":"open","ping_status":"closed","sticky":false,"template":"","format":"standard","meta":{"om_disable_all_campaigns":false,"inline_featured_image":false,"_monsterinsights_skip_tracking":false,"_monsterinsights_sitenote_active":false,"_monsterinsights_sitenote_note":"","_monsterinsights_sitenote_category":0,"footnotes":""},"categories":[12],"tags":[606,6188,2013,1546,21371,11241,60],"class_list":["post-139647","post","type-post","status-publish","format-standard","has-post-thumbnail","hentry","category-vivienda","tag-cdmx","tag-periferico-sur","tag-portales","tag-tinsa","tag-tuhabi","tag-venta-de-vivienda","tag-vivienda-2"],"yoast_head":"<!-- This site is optimized with the Yoast SEO plugin v27.4 - https:\/\/yoast.com\/product\/yoast-seo-wordpress\/ -->\n<title>Al alza venta de vivienda corredores de Perif\u00e9rico Sur y Portales<\/title>\n<meta name=\"description\" content=\"De acuerdo con los expertos, la venta de vivienda nueva se mantiene a la alza, esto en los corredores Perif\u00e9rico Sur y Portales.\" \/>\n<meta name=\"robots\" content=\"index, follow, max-snippet:-1, max-image-preview:large, max-video-preview:-1\" \/>\n<link rel=\"canonical\" href=\"https:\/\/centrourbano.com\/revista\/vivienda\/venta-de-vivienda-periferico-sur-portales\/\" \/>\n<meta property=\"og:locale\" content=\"es_ES\" \/>\n<meta property=\"og:type\" content=\"article\" \/>\n<meta property=\"og:title\" content=\"Al alza venta de vivienda corredores de Perif\u00e9rico Sur y Portales\" \/>\n<meta property=\"og:description\" content=\"De acuerdo con los expertos, la venta de vivienda nueva se mantiene a la alza, esto en los corredores Perif\u00e9rico Sur y Portales.\" \/>\n<meta property=\"og:url\" content=\"https:\/\/centrourbano.com\/revista\/vivienda\/venta-de-vivienda-periferico-sur-portales\/\" \/>\n<meta property=\"og:site_name\" content=\"Centro Urbano\" \/>\n<meta property=\"article:publisher\" content=\"https:\/\/www.facebook.com\/portalcentrourbano\" \/>\n<meta property=\"article:published_time\" content=\"2023-04-28T21:37:22+00:00\" \/>\n<meta property=\"og:image\" content=\"https:\/\/centrourbano.com\/revista\/wp-content\/uploads\/800-portales.jpg\" \/>\n\t<meta property=\"og:image:width\" content=\"800\" \/>\n\t<meta property=\"og:image:height\" content=\"800\" \/>\n\t<meta property=\"og:image:type\" content=\"image\/jpeg\" \/>\n<meta name=\"author\" content=\"Rebeca Romero\" \/>\n<meta name=\"twitter:card\" content=\"summary_large_image\" \/>\n<meta name=\"twitter:creator\" content=\"@CentroUrbano\" \/>\n<meta name=\"twitter:site\" content=\"@CentroUrbano\" \/>\n<meta name=\"twitter:label1\" content=\"Escrito por\" \/>\n\t<meta name=\"twitter:data1\" content=\"Rebeca Romero\" \/>\n\t<meta name=\"twitter:label2\" content=\"Tiempo de lectura\" \/>\n\t<meta name=\"twitter:data2\" content=\"2 minutos\" \/>\n<script type=\"application\/ld+json\" class=\"yoast-schema-graph\">{\"@context\":\"https:\\\/\\\/schema.org\",\"@graph\":[{\"@type\":\"Article\",\"@id\":\"https:\\\/\\\/centrourbano.com\\\/revista\\\/vivienda\\\/venta-de-vivienda-periferico-sur-portales\\\/#article\",\"isPartOf\":{\"@id\":\"https:\\\/\\\/centrourbano.com\\\/revista\\\/vivienda\\\/venta-de-vivienda-periferico-sur-portales\\\/\"},\"author\":{\"name\":\"Rebeca Romero\",\"@id\":\"https:\\\/\\\/centrourbano.com\\\/revista\\\/#\\\/schema\\\/person\\\/c665f1c60da3ad48cd761a707b7090b0\"},\"headline\":\"Al alza venta de vivienda corredores de Perif\u00e9rico Sur y Portales\",\"datePublished\":\"2023-04-28T21:37:22+00:00\",\"mainEntityOfPage\":{\"@id\":\"https:\\\/\\\/centrourbano.com\\\/revista\\\/vivienda\\\/venta-de-vivienda-periferico-sur-portales\\\/\"},\"wordCount\":407,\"commentCount\":0,\"publisher\":{\"@id\":\"https:\\\/\\\/centrourbano.com\\\/revista\\\/#organization\"},\"image\":{\"@id\":\"https:\\\/\\\/centrourbano.com\\\/revista\\\/vivienda\\\/venta-de-vivienda-periferico-sur-portales\\\/#primaryimage\"},\"thumbnailUrl\":\"https:\\\/\\\/centrourbano.com\\\/revista\\\/wp-content\\\/uploads\\\/800-portales.jpg\",\"keywords\":[\"CDMX\",\"Perif\u00e9rico Sur\",\"Portales\",\"Tinsa\",\"Tuhabi\",\"Venta de vivienda\",\"vivienda\"],\"articleSection\":[\"Vivienda\"],\"inLanguage\":\"es\",\"potentialAction\":[{\"@type\":\"CommentAction\",\"name\":\"Comment\",\"target\":[\"https:\\\/\\\/centrourbano.com\\\/revista\\\/vivienda\\\/venta-de-vivienda-periferico-sur-portales\\\/#respond\"]}]},{\"@type\":\"WebPage\",\"@id\":\"https:\\\/\\\/centrourbano.com\\\/revista\\\/vivienda\\\/venta-de-vivienda-periferico-sur-portales\\\/\",\"url\":\"https:\\\/\\\/centrourbano.com\\\/revista\\\/vivienda\\\/venta-de-vivienda-periferico-sur-portales\\\/\",\"name\":\"Al alza venta de vivienda corredores de Perif\u00e9rico Sur y Portales\",\"isPartOf\":{\"@id\":\"https:\\\/\\\/centrourbano.com\\\/revista\\\/#website\"},\"primaryImageOfPage\":{\"@id\":\"https:\\\/\\\/centrourbano.com\\\/revista\\\/vivienda\\\/venta-de-vivienda-periferico-sur-portales\\\/#primaryimage\"},\"image\":{\"@id\":\"https:\\\/\\\/centrourbano.com\\\/revista\\\/vivienda\\\/venta-de-vivienda-periferico-sur-portales\\\/#primaryimage\"},\"thumbnailUrl\":\"https:\\\/\\\/centrourbano.com\\\/revista\\\/wp-content\\\/uploads\\\/800-portales.jpg\",\"datePublished\":\"2023-04-28T21:37:22+00:00\",\"description\":\"De acuerdo con los expertos, la venta de vivienda nueva se mantiene a la alza, esto en los corredores Perif\u00e9rico Sur y Portales.\",\"breadcrumb\":{\"@id\":\"https:\\\/\\\/centrourbano.com\\\/revista\\\/vivienda\\\/venta-de-vivienda-periferico-sur-portales\\\/#breadcrumb\"},\"inLanguage\":\"es\",\"potentialAction\":[{\"@type\":\"ReadAction\",\"target\":[\"https:\\\/\\\/centrourbano.com\\\/revista\\\/vivienda\\\/venta-de-vivienda-periferico-sur-portales\\\/\"]}]},{\"@type\":\"ImageObject\",\"inLanguage\":\"es\",\"@id\":\"https:\\\/\\\/centrourbano.com\\\/revista\\\/vivienda\\\/venta-de-vivienda-periferico-sur-portales\\\/#primaryimage\",\"url\":\"https:\\\/\\\/centrourbano.com\\\/revista\\\/wp-content\\\/uploads\\\/800-portales.jpg\",\"contentUrl\":\"https:\\\/\\\/centrourbano.com\\\/revista\\\/wp-content\\\/uploads\\\/800-portales.jpg\",\"width\":800,\"height\":800,\"caption\":\"Al alza venta de vivienda corredores de Perif\u00e9rico Sur y Portales\"},{\"@type\":\"BreadcrumbList\",\"@id\":\"https:\\\/\\\/centrourbano.com\\\/revista\\\/vivienda\\\/venta-de-vivienda-periferico-sur-portales\\\/#breadcrumb\",\"itemListElement\":[{\"@type\":\"ListItem\",\"position\":1,\"name\":\"Portada\",\"item\":\"https:\\\/\\\/centrourbano.com\\\/revista\\\/\"},{\"@type\":\"ListItem\",\"position\":2,\"name\":\"Al alza venta de vivienda corredores de Perif\u00e9rico Sur y Portales\"}]},{\"@type\":\"WebSite\",\"@id\":\"https:\\\/\\\/centrourbano.com\\\/revista\\\/#website\",\"url\":\"https:\\\/\\\/centrourbano.com\\\/revista\\\/\",\"name\":\"Centro Urbano\",\"description\":\"Medio especializado en los sectores vivienda, inmobiliario, construcci\u00f3n, arquitectura y urbanismo.\",\"publisher\":{\"@id\":\"https:\\\/\\\/centrourbano.com\\\/revista\\\/#organization\"},\"potentialAction\":[{\"@type\":\"SearchAction\",\"target\":{\"@type\":\"EntryPoint\",\"urlTemplate\":\"https:\\\/\\\/centrourbano.com\\\/revista\\\/?s={search_term_string}\"},\"query-input\":{\"@type\":\"PropertyValueSpecification\",\"valueRequired\":true,\"valueName\":\"search_term_string\"}}],\"inLanguage\":\"es\"},{\"@type\":\"Organization\",\"@id\":\"https:\\\/\\\/centrourbano.com\\\/revista\\\/#organization\",\"name\":\"Centro Urbano\",\"url\":\"https:\\\/\\\/centrourbano.com\\\/revista\\\/\",\"logo\":{\"@type\":\"ImageObject\",\"inLanguage\":\"es\",\"@id\":\"https:\\\/\\\/centrourbano.com\\\/revista\\\/#\\\/schema\\\/logo\\\/image\\\/\",\"url\":\"https:\\\/\\\/centrourbano.com\\\/revista\\\/wp-content\\\/uploads\\\/web_CU_logo-1.png\",\"contentUrl\":\"https:\\\/\\\/centrourbano.com\\\/revista\\\/wp-content\\\/uploads\\\/web_CU_logo-1.png\",\"width\":350,\"height\":91,\"caption\":\"Centro Urbano\"},\"image\":{\"@id\":\"https:\\\/\\\/centrourbano.com\\\/revista\\\/#\\\/schema\\\/logo\\\/image\\\/\"},\"sameAs\":[\"https:\\\/\\\/www.facebook.com\\\/portalcentrourbano\",\"https:\\\/\\\/x.com\\\/CentroUrbano\",\"https:\\\/\\\/www.instagram.com\\\/centro_urbano\\\/\",\"https:\\\/\\\/www.linkedin.com\\\/company\\\/centro-urbano\\\/\",\"http:\\\/\\\/www.youtube.com\\\/user\\\/portalcentrourbano\"]},{\"@type\":\"Person\",\"@id\":\"https:\\\/\\\/centrourbano.com\\\/revista\\\/#\\\/schema\\\/person\\\/c665f1c60da3ad48cd761a707b7090b0\",\"name\":\"Rebeca Romero\",\"image\":{\"@type\":\"ImageObject\",\"inLanguage\":\"es\",\"@id\":\"https:\\\/\\\/secure.gravatar.com\\\/avatar\\\/aee0068ae3cc041082e0e84a8258fe5ccc00a733f187bde73b0b40d86b892826?s=96&d=mm&r=g\",\"url\":\"https:\\\/\\\/secure.gravatar.com\\\/avatar\\\/aee0068ae3cc041082e0e84a8258fe5ccc00a733f187bde73b0b40d86b892826?s=96&d=mm&r=g\",\"contentUrl\":\"https:\\\/\\\/secure.gravatar.com\\\/avatar\\\/aee0068ae3cc041082e0e84a8258fe5ccc00a733f187bde73b0b40d86b892826?s=96&d=mm&r=g\",\"caption\":\"Rebeca Romero\"},\"url\":\"https:\\\/\\\/centrourbano.com\\\/revista\\\/author\\\/rebeca-romero\\\/\"}]}<\/script>\n<!-- \/ Yoast SEO plugin. -->","yoast_head_json":{"title":"Al alza venta de vivienda corredores de Perif\u00e9rico Sur y Portales","description":"De acuerdo con los expertos, la venta de vivienda nueva se mantiene a la alza, esto en los corredores Perif\u00e9rico Sur y Portales.","robots":{"index":"index","follow":"follow","max-snippet":"max-snippet:-1","max-image-preview":"max-image-preview:large","max-video-preview":"max-video-preview:-1"},"canonical":"https:\/\/centrourbano.com\/revista\/vivienda\/venta-de-vivienda-periferico-sur-portales\/","og_locale":"es_ES","og_type":"article","og_title":"Al alza venta de vivienda corredores de Perif\u00e9rico Sur y Portales","og_description":"De acuerdo con los expertos, la venta de vivienda nueva se mantiene a la alza, esto en los corredores Perif\u00e9rico Sur y Portales.","og_url":"https:\/\/centrourbano.com\/revista\/vivienda\/venta-de-vivienda-periferico-sur-portales\/","og_site_name":"Centro Urbano","article_publisher":"https:\/\/www.facebook.com\/portalcentrourbano","article_published_time":"2023-04-28T21:37:22+00:00","og_image":[{"width":800,"height":800,"url":"https:\/\/centrourbano.com\/revista\/wp-content\/uploads\/800-portales.jpg","type":"image\/jpeg"}],"author":"Rebeca Romero","twitter_card":"summary_large_image","twitter_creator":"@CentroUrbano","twitter_site":"@CentroUrbano","twitter_misc":{"Escrito por":"Rebeca Romero","Tiempo de lectura":"2 minutos"},"schema":{"@context":"https:\/\/schema.org","@graph":[{"@type":"Article","@id":"https:\/\/centrourbano.com\/revista\/vivienda\/venta-de-vivienda-periferico-sur-portales\/#article","isPartOf":{"@id":"https:\/\/centrourbano.com\/revista\/vivienda\/venta-de-vivienda-periferico-sur-portales\/"},"author":{"name":"Rebeca Romero","@id":"https:\/\/centrourbano.com\/revista\/#\/schema\/person\/c665f1c60da3ad48cd761a707b7090b0"},"headline":"Al alza venta de vivienda corredores de Perif\u00e9rico Sur y Portales","datePublished":"2023-04-28T21:37:22+00:00","mainEntityOfPage":{"@id":"https:\/\/centrourbano.com\/revista\/vivienda\/venta-de-vivienda-periferico-sur-portales\/"},"wordCount":407,"commentCount":0,"publisher":{"@id":"https:\/\/centrourbano.com\/revista\/#organization"},"image":{"@id":"https:\/\/centrourbano.com\/revista\/vivienda\/venta-de-vivienda-periferico-sur-portales\/#primaryimage"},"thumbnailUrl":"https:\/\/centrourbano.com\/revista\/wp-content\/uploads\/800-portales.jpg","keywords":["CDMX","Perif\u00e9rico Sur","Portales","Tinsa","Tuhabi","Venta de vivienda","vivienda"],"articleSection":["Vivienda"],"inLanguage":"es","potentialAction":[{"@type":"CommentAction","name":"Comment","target":["https:\/\/centrourbano.com\/revista\/vivienda\/venta-de-vivienda-periferico-sur-portales\/#respond"]}]},{"@type":"WebPage","@id":"https:\/\/centrourbano.com\/revista\/vivienda\/venta-de-vivienda-periferico-sur-portales\/","url":"https:\/\/centrourbano.com\/revista\/vivienda\/venta-de-vivienda-periferico-sur-portales\/","name":"Al alza venta de vivienda corredores de Perif\u00e9rico Sur y Portales","isPartOf":{"@id":"https:\/\/centrourbano.com\/revista\/#website"},"primaryImageOfPage":{"@id":"https:\/\/centrourbano.com\/revista\/vivienda\/venta-de-vivienda-periferico-sur-portales\/#primaryimage"},"image":{"@id":"https:\/\/centrourbano.com\/revista\/vivienda\/venta-de-vivienda-periferico-sur-portales\/#primaryimage"},"thumbnailUrl":"https:\/\/centrourbano.com\/revista\/wp-content\/uploads\/800-portales.jpg","datePublished":"2023-04-28T21:37:22+00:00","description":"De acuerdo con los expertos, la venta de vivienda nueva se mantiene a la alza, esto en los corredores Perif\u00e9rico Sur y Portales.","breadcrumb":{"@id":"https:\/\/centrourbano.com\/revista\/vivienda\/venta-de-vivienda-periferico-sur-portales\/#breadcrumb"},"inLanguage":"es","potentialAction":[{"@type":"ReadAction","target":["https:\/\/centrourbano.com\/revista\/vivienda\/venta-de-vivienda-periferico-sur-portales\/"]}]},{"@type":"ImageObject","inLanguage":"es","@id":"https:\/\/centrourbano.com\/revista\/vivienda\/venta-de-vivienda-periferico-sur-portales\/#primaryimage","url":"https:\/\/centrourbano.com\/revista\/wp-content\/uploads\/800-portales.jpg","contentUrl":"https:\/\/centrourbano.com\/revista\/wp-content\/uploads\/800-portales.jpg","width":800,"height":800,"caption":"Al alza venta de vivienda corredores de Perif\u00e9rico Sur y Portales"},{"@type":"BreadcrumbList","@id":"https:\/\/centrourbano.com\/revista\/vivienda\/venta-de-vivienda-periferico-sur-portales\/#breadcrumb","itemListElement":[{"@type":"ListItem","position":1,"name":"Portada","item":"https:\/\/centrourbano.com\/revista\/"},{"@type":"ListItem","position":2,"name":"Al alza venta de vivienda corredores de Perif\u00e9rico Sur y Portales"}]},{"@type":"WebSite","@id":"https:\/\/centrourbano.com\/revista\/#website","url":"https:\/\/centrourbano.com\/revista\/","name":"Centro Urbano","description":"Medio especializado en los sectores vivienda, inmobiliario, construcci\u00f3n, arquitectura y urbanismo.","publisher":{"@id":"https:\/\/centrourbano.com\/revista\/#organization"},"potentialAction":[{"@type":"SearchAction","target":{"@type":"EntryPoint","urlTemplate":"https:\/\/centrourbano.com\/revista\/?s={search_term_string}"},"query-input":{"@type":"PropertyValueSpecification","valueRequired":true,"valueName":"search_term_string"}}],"inLanguage":"es"},{"@type":"Organization","@id":"https:\/\/centrourbano.com\/revista\/#organization","name":"Centro Urbano","url":"https:\/\/centrourbano.com\/revista\/","logo":{"@type":"ImageObject","inLanguage":"es","@id":"https:\/\/centrourbano.com\/revista\/#\/schema\/logo\/image\/","url":"https:\/\/centrourbano.com\/revista\/wp-content\/uploads\/web_CU_logo-1.png","contentUrl":"https:\/\/centrourbano.com\/revista\/wp-content\/uploads\/web_CU_logo-1.png","width":350,"height":91,"caption":"Centro Urbano"},"image":{"@id":"https:\/\/centrourbano.com\/revista\/#\/schema\/logo\/image\/"},"sameAs":["https:\/\/www.facebook.com\/portalcentrourbano","https:\/\/x.com\/CentroUrbano","https:\/\/www.instagram.com\/centro_urbano\/","https:\/\/www.linkedin.com\/company\/centro-urbano\/","http:\/\/www.youtube.com\/user\/portalcentrourbano"]},{"@type":"Person","@id":"https:\/\/centrourbano.com\/revista\/#\/schema\/person\/c665f1c60da3ad48cd761a707b7090b0","name":"Rebeca Romero","image":{"@type":"ImageObject","inLanguage":"es","@id":"https:\/\/secure.gravatar.com\/avatar\/aee0068ae3cc041082e0e84a8258fe5ccc00a733f187bde73b0b40d86b892826?s=96&d=mm&r=g","url":"https:\/\/secure.gravatar.com\/avatar\/aee0068ae3cc041082e0e84a8258fe5ccc00a733f187bde73b0b40d86b892826?s=96&d=mm&r=g","contentUrl":"https:\/\/secure.gravatar.com\/avatar\/aee0068ae3cc041082e0e84a8258fe5ccc00a733f187bde73b0b40d86b892826?s=96&d=mm&r=g","caption":"Rebeca Romero"},"url":"https:\/\/centrourbano.com\/revista\/author\/rebeca-romero\/"}]}},"_links":{"self":[{"href":"https:\/\/centrourbano.com\/revista\/wp-json\/wp\/v2\/posts\/139647","targetHints":{"allow":["GET"]}}],"collection":[{"href":"https:\/\/centrourbano.com\/revista\/wp-json\/wp\/v2\/posts"}],"about":[{"href":"https:\/\/centrourbano.com\/revista\/wp-json\/wp\/v2\/types\/post"}],"author":[{"embeddable":true,"href":"https:\/\/centrourbano.com\/revista\/wp-json\/wp\/v2\/users\/88"}],"replies":[{"embeddable":true,"href":"https:\/\/centrourbano.com\/revista\/wp-json\/wp\/v2\/comments?post=139647"}],"version-history":[{"count":1,"href":"https:\/\/centrourbano.com\/revista\/wp-json\/wp\/v2\/posts\/139647\/revisions"}],"predecessor-version":[{"id":139649,"href":"https:\/\/centrourbano.com\/revista\/wp-json\/wp\/v2\/posts\/139647\/revisions\/139649"}],"wp:featuredmedia":[{"embeddable":true,"href":"https:\/\/centrourbano.com\/revista\/wp-json\/wp\/v2\/media\/139648"}],"wp:attachment":[{"href":"https:\/\/centrourbano.com\/revista\/wp-json\/wp\/v2\/media?parent=139647"}],"wp:term":[{"taxonomy":"category","embeddable":true,"href":"https:\/\/centrourbano.com\/revista\/wp-json\/wp\/v2\/categories?post=139647"},{"taxonomy":"post_tag","embeddable":true,"href":"https:\/\/centrourbano.com\/revista\/wp-json\/wp\/v2\/tags?post=139647"}],"curies":[{"name":"wp","href":"https:\/\/api.w.org\/{rel}","templated":true}]}}