{"id":139553,"date":"2023-04-21T16:17:48","date_gmt":"2023-04-21T21:17:48","guid":{"rendered":"https:\/\/centrourbano.com\/?p=139553"},"modified":"2023-04-21T16:17:48","modified_gmt":"2023-04-21T21:17:48","slug":"avion-presidencial-hospitales-zonas-pobres-amlo","status":"publish","type":"post","link":"https:\/\/centrourbano.com\/revista\/actualidad\/avion-presidencial-hospitales-zonas-pobres-amlo\/","title":{"rendered":"Dinero del avi\u00f3n presidencial ser\u00e1 para hospitales en zonas pobres: AMLO"},"content":{"rendered":"<p><em>Los hospitales construidos con el dinero de la venta del avi\u00f3n presidencial contar\u00e1n con 80 camas cada uno; estar\u00e1n terminados para antes de que termine el sexenio<\/em><!--more--><\/p>\n<p><span style=\"font-weight: 400;\">Andr\u00e9s Manuel L\u00f3pez Obrador, presidente de M\u00e9xico anunci\u00f3 que la actual administraci\u00f3n federal invertir\u00e1 el<strong> dinero de la venta del avi\u00f3n<\/strong> presidencial en la <strong>construcci\u00f3n de dos hospitales<\/strong> del Instituto Mexicano Del Seguro Social (IMSS) Bienestar en zonas pobres del pa\u00eds.\u00a0<\/span><\/p>\n<p><span style=\"font-weight: 400;\">As\u00ed lo inform\u00f3 el mandatario a trav\u00e9s de un video en redes sociales. En el video L\u00f3pez Obrador indic\u00f3 que los hospitales se ubicar\u00e1n en <strong>Tlapa, Guerrero y Tuxtepec, Oaxaca<\/strong>. y que cada uno contar\u00e1 con 80 camas.\u00a0<\/span><\/p>\n<p><span style=\"font-weight: 400;\">Asimismo, el funcionario federal indic\u00f3 que ingenieros militares de la Secretar\u00eda de la Defensa Nacional (<a href=\"https:\/\/www.gob.mx\/sedena\" target=\"_blank\" rel=\"noopener\">Sedena<\/a>) ser\u00e1n los encargados de la construcci\u00f3n de dichos edificios.\u00a0 Las cl\u00ednicas estar\u00e1n terminadas para <strong>antes de que termine el actual sexenio<\/strong>.<\/span><\/p>\n<h2>Precio del avi\u00f3n presidencial<\/h2>\n<p><span style=\"font-weight: 400;\">Respecto a la venta del avi\u00f3n presidencial, AMLO se\u00f1al\u00f3 que el comprador es el <strong>gobierno de Tayikist\u00e1<\/strong> quien el d\u00eda de hoy, deposit\u00f3 <strong>1,658,684,400 millones de pesos<\/strong> (mdp). El comit\u00e9 estatal de inversiones y administraci\u00f3n de propiedades de aquel pa\u00eds deposit\u00f3 el dinero a la cuenta del Instituto para Devolver al Pueblo lo Robado (Indep).<\/span><\/p>\n<p><span style=\"font-weight: 400;\">Por su parte, Jorge Mendoza S\u00e1nchez, del Banco Nacional de Obras y Servicios P\u00fablicos (<a href=\"https:\/\/centrourbano.com\/urbanismo\/banobras-celebra-90-anos-con-crecimiento-del-26-durante-la-actual-gestion\/\" target=\"_blank\" rel=\"noopener\">Banobras<\/a>), explic\u00f3 que la venta del avi\u00f3n representa un <strong>ahorro para el gobierno federal<\/strong>.<\/span><\/p>\n<p><span style=\"font-weight: 400;\">\u201cEsta venta va a generar, adem\u00e1s de los recursos que recibimos, va a generar ahorros. Primero un ahorro de 232 mdp de intereses que le ten\u00eda que pagar el gobierno federal a Banobras. Con este monto ya se liquida el arrendamiento y Banobras en su lugar, la totalidad de la recepci\u00f3n de estos recursos se los va a regresar a la Tesorer\u00eda de la Federaci\u00f3n para que se puedan aplicar en proyectos en el sector salud\u201d, indic\u00f3.<\/span><\/p>\n","protected":false},"excerpt":{"rendered":"<p>Los hospitales construidos con el dinero de la venta del avi\u00f3n presidencial contar\u00e1n con 80 camas cada uno; estar\u00e1n terminados para antes de que termine el sexenio<\/p>\n","protected":false},"author":88,"featured_media":139554,"comment_status":"open","ping_status":"closed","sticky":false,"template":"","format":"standard","meta":{"om_disable_all_campaigns":false,"inline_featured_image":false,"_monsterinsights_skip_tracking":false,"_monsterinsights_sitenote_active":false,"_monsterinsights_sitenote_note":"","_monsterinsights_sitenote_category":0,"footnotes":""},"categories":[80],"tags":[17288,1116,519,924,22936],"class_list":["post-139553","post","type-post","status-publish","format-standard","has-post-thumbnail","hentry","category-actualidad","tag-avion-presidencial","tag-banobras","tag-gobierno-federal","tag-hospitales","tag-indep"],"yoast_head":"<!-- This site is optimized with the Yoast SEO plugin v27.4 - https:\/\/yoast.com\/product\/yoast-seo-wordpress\/ -->\n<title>Dinero del avi\u00f3n presidencial ser\u00e1 para hospitales en zonas pobres: AMLO<\/title>\n<meta name=\"description\" content=\"Con el dinero de la venta del avi\u00f3n presidencial, el gobierno federal construir\u00e1 dos hospitales ubicados en Guerrero y Oaxaca.\" \/>\n<meta name=\"robots\" content=\"index, follow, max-snippet:-1, max-image-preview:large, max-video-preview:-1\" \/>\n<link rel=\"canonical\" href=\"https:\/\/centrourbano.com\/revista\/actualidad\/avion-presidencial-hospitales-zonas-pobres-amlo\/\" \/>\n<meta property=\"og:locale\" content=\"es_ES\" \/>\n<meta property=\"og:type\" content=\"article\" \/>\n<meta property=\"og:title\" content=\"Dinero del avi\u00f3n presidencial ser\u00e1 para hospitales en zonas pobres: AMLO\" \/>\n<meta property=\"og:description\" content=\"Con el dinero de la venta del avi\u00f3n presidencial, el gobierno federal construir\u00e1 dos hospitales ubicados en Guerrero y Oaxaca.\" \/>\n<meta property=\"og:url\" content=\"https:\/\/centrourbano.com\/revista\/actualidad\/avion-presidencial-hospitales-zonas-pobres-amlo\/\" \/>\n<meta property=\"og:site_name\" content=\"Centro Urbano\" \/>\n<meta property=\"article:publisher\" content=\"https:\/\/www.facebook.com\/portalcentrourbano\" \/>\n<meta property=\"article:published_time\" content=\"2023-04-21T21:17:48+00:00\" \/>\n<meta property=\"og:image\" content=\"https:\/\/centrourbano.com\/revista\/wp-content\/uploads\/avion.jpg\" \/>\n\t<meta property=\"og:image:width\" content=\"800\" \/>\n\t<meta property=\"og:image:height\" content=\"800\" \/>\n\t<meta property=\"og:image:type\" content=\"image\/jpeg\" \/>\n<meta name=\"author\" content=\"Rebeca Romero\" \/>\n<meta name=\"twitter:card\" content=\"summary_large_image\" \/>\n<meta name=\"twitter:creator\" content=\"@CentroUrbano\" \/>\n<meta name=\"twitter:site\" content=\"@CentroUrbano\" \/>\n<meta name=\"twitter:label1\" content=\"Escrito por\" \/>\n\t<meta name=\"twitter:data1\" content=\"Rebeca Romero\" \/>\n\t<meta name=\"twitter:label2\" content=\"Tiempo de lectura\" \/>\n\t<meta name=\"twitter:data2\" content=\"2 minutos\" \/>\n<script type=\"application\/ld+json\" class=\"yoast-schema-graph\">{\"@context\":\"https:\\\/\\\/schema.org\",\"@graph\":[{\"@type\":\"Article\",\"@id\":\"https:\\\/\\\/centrourbano.com\\\/revista\\\/actualidad\\\/avion-presidencial-hospitales-zonas-pobres-amlo\\\/#article\",\"isPartOf\":{\"@id\":\"https:\\\/\\\/centrourbano.com\\\/revista\\\/actualidad\\\/avion-presidencial-hospitales-zonas-pobres-amlo\\\/\"},\"author\":{\"name\":\"Rebeca Romero\",\"@id\":\"https:\\\/\\\/centrourbano.com\\\/revista\\\/#\\\/schema\\\/person\\\/c665f1c60da3ad48cd761a707b7090b0\"},\"headline\":\"Dinero del avi\u00f3n presidencial ser\u00e1 para hospitales en zonas pobres: AMLO\",\"datePublished\":\"2023-04-21T21:17:48+00:00\",\"mainEntityOfPage\":{\"@id\":\"https:\\\/\\\/centrourbano.com\\\/revista\\\/actualidad\\\/avion-presidencial-hospitales-zonas-pobres-amlo\\\/\"},\"wordCount\":347,\"commentCount\":0,\"publisher\":{\"@id\":\"https:\\\/\\\/centrourbano.com\\\/revista\\\/#organization\"},\"image\":{\"@id\":\"https:\\\/\\\/centrourbano.com\\\/revista\\\/actualidad\\\/avion-presidencial-hospitales-zonas-pobres-amlo\\\/#primaryimage\"},\"thumbnailUrl\":\"https:\\\/\\\/centrourbano.com\\\/revista\\\/wp-content\\\/uploads\\\/avion.jpg\",\"keywords\":[\"Avi\u00f3n Presidencial\",\"Banobras\",\"Gobierno federal\",\"hospitales\",\"Indep\"],\"articleSection\":[\"Actualidad\"],\"inLanguage\":\"es\",\"potentialAction\":[{\"@type\":\"CommentAction\",\"name\":\"Comment\",\"target\":[\"https:\\\/\\\/centrourbano.com\\\/revista\\\/actualidad\\\/avion-presidencial-hospitales-zonas-pobres-amlo\\\/#respond\"]}]},{\"@type\":\"WebPage\",\"@id\":\"https:\\\/\\\/centrourbano.com\\\/revista\\\/actualidad\\\/avion-presidencial-hospitales-zonas-pobres-amlo\\\/\",\"url\":\"https:\\\/\\\/centrourbano.com\\\/revista\\\/actualidad\\\/avion-presidencial-hospitales-zonas-pobres-amlo\\\/\",\"name\":\"Dinero del avi\u00f3n presidencial ser\u00e1 para hospitales en zonas pobres: AMLO\",\"isPartOf\":{\"@id\":\"https:\\\/\\\/centrourbano.com\\\/revista\\\/#website\"},\"primaryImageOfPage\":{\"@id\":\"https:\\\/\\\/centrourbano.com\\\/revista\\\/actualidad\\\/avion-presidencial-hospitales-zonas-pobres-amlo\\\/#primaryimage\"},\"image\":{\"@id\":\"https:\\\/\\\/centrourbano.com\\\/revista\\\/actualidad\\\/avion-presidencial-hospitales-zonas-pobres-amlo\\\/#primaryimage\"},\"thumbnailUrl\":\"https:\\\/\\\/centrourbano.com\\\/revista\\\/wp-content\\\/uploads\\\/avion.jpg\",\"datePublished\":\"2023-04-21T21:17:48+00:00\",\"description\":\"Con el dinero de la venta del avi\u00f3n presidencial, el gobierno federal construir\u00e1 dos hospitales ubicados en Guerrero y Oaxaca.\",\"breadcrumb\":{\"@id\":\"https:\\\/\\\/centrourbano.com\\\/revista\\\/actualidad\\\/avion-presidencial-hospitales-zonas-pobres-amlo\\\/#breadcrumb\"},\"inLanguage\":\"es\",\"potentialAction\":[{\"@type\":\"ReadAction\",\"target\":[\"https:\\\/\\\/centrourbano.com\\\/revista\\\/actualidad\\\/avion-presidencial-hospitales-zonas-pobres-amlo\\\/\"]}]},{\"@type\":\"ImageObject\",\"inLanguage\":\"es\",\"@id\":\"https:\\\/\\\/centrourbano.com\\\/revista\\\/actualidad\\\/avion-presidencial-hospitales-zonas-pobres-amlo\\\/#primaryimage\",\"url\":\"https:\\\/\\\/centrourbano.com\\\/revista\\\/wp-content\\\/uploads\\\/avion.jpg\",\"contentUrl\":\"https:\\\/\\\/centrourbano.com\\\/revista\\\/wp-content\\\/uploads\\\/avion.jpg\",\"width\":800,\"height\":800,\"caption\":\"Dinero del avi\u00f3n presidencial ser\u00e1 para hospitales en zonas pobres: AMLO\"},{\"@type\":\"BreadcrumbList\",\"@id\":\"https:\\\/\\\/centrourbano.com\\\/revista\\\/actualidad\\\/avion-presidencial-hospitales-zonas-pobres-amlo\\\/#breadcrumb\",\"itemListElement\":[{\"@type\":\"ListItem\",\"position\":1,\"name\":\"Portada\",\"item\":\"https:\\\/\\\/centrourbano.com\\\/revista\\\/\"},{\"@type\":\"ListItem\",\"position\":2,\"name\":\"Dinero del avi\u00f3n presidencial ser\u00e1 para hospitales en zonas pobres: AMLO\"}]},{\"@type\":\"WebSite\",\"@id\":\"https:\\\/\\\/centrourbano.com\\\/revista\\\/#website\",\"url\":\"https:\\\/\\\/centrourbano.com\\\/revista\\\/\",\"name\":\"Centro Urbano\",\"description\":\"Medio especializado en los sectores vivienda, inmobiliario, construcci\u00f3n, arquitectura y urbanismo.\",\"publisher\":{\"@id\":\"https:\\\/\\\/centrourbano.com\\\/revista\\\/#organization\"},\"potentialAction\":[{\"@type\":\"SearchAction\",\"target\":{\"@type\":\"EntryPoint\",\"urlTemplate\":\"https:\\\/\\\/centrourbano.com\\\/revista\\\/?s={search_term_string}\"},\"query-input\":{\"@type\":\"PropertyValueSpecification\",\"valueRequired\":true,\"valueName\":\"search_term_string\"}}],\"inLanguage\":\"es\"},{\"@type\":\"Organization\",\"@id\":\"https:\\\/\\\/centrourbano.com\\\/revista\\\/#organization\",\"name\":\"Centro Urbano\",\"url\":\"https:\\\/\\\/centrourbano.com\\\/revista\\\/\",\"logo\":{\"@type\":\"ImageObject\",\"inLanguage\":\"es\",\"@id\":\"https:\\\/\\\/centrourbano.com\\\/revista\\\/#\\\/schema\\\/logo\\\/image\\\/\",\"url\":\"https:\\\/\\\/centrourbano.com\\\/revista\\\/wp-content\\\/uploads\\\/web_CU_logo-1.png\",\"contentUrl\":\"https:\\\/\\\/centrourbano.com\\\/revista\\\/wp-content\\\/uploads\\\/web_CU_logo-1.png\",\"width\":350,\"height\":91,\"caption\":\"Centro Urbano\"},\"image\":{\"@id\":\"https:\\\/\\\/centrourbano.com\\\/revista\\\/#\\\/schema\\\/logo\\\/image\\\/\"},\"sameAs\":[\"https:\\\/\\\/www.facebook.com\\\/portalcentrourbano\",\"https:\\\/\\\/x.com\\\/CentroUrbano\",\"https:\\\/\\\/www.instagram.com\\\/centro_urbano\\\/\",\"https:\\\/\\\/www.linkedin.com\\\/company\\\/centro-urbano\\\/\",\"http:\\\/\\\/www.youtube.com\\\/user\\\/portalcentrourbano\"]},{\"@type\":\"Person\",\"@id\":\"https:\\\/\\\/centrourbano.com\\\/revista\\\/#\\\/schema\\\/person\\\/c665f1c60da3ad48cd761a707b7090b0\",\"name\":\"Rebeca Romero\",\"image\":{\"@type\":\"ImageObject\",\"inLanguage\":\"es\",\"@id\":\"https:\\\/\\\/secure.gravatar.com\\\/avatar\\\/aee0068ae3cc041082e0e84a8258fe5ccc00a733f187bde73b0b40d86b892826?s=96&d=mm&r=g\",\"url\":\"https:\\\/\\\/secure.gravatar.com\\\/avatar\\\/aee0068ae3cc041082e0e84a8258fe5ccc00a733f187bde73b0b40d86b892826?s=96&d=mm&r=g\",\"contentUrl\":\"https:\\\/\\\/secure.gravatar.com\\\/avatar\\\/aee0068ae3cc041082e0e84a8258fe5ccc00a733f187bde73b0b40d86b892826?s=96&d=mm&r=g\",\"caption\":\"Rebeca Romero\"},\"url\":\"https:\\\/\\\/centrourbano.com\\\/revista\\\/author\\\/rebeca-romero\\\/\"}]}<\/script>\n<!-- \/ Yoast SEO plugin. -->","yoast_head_json":{"title":"Dinero del avi\u00f3n presidencial ser\u00e1 para hospitales en zonas pobres: AMLO","description":"Con el dinero de la venta del avi\u00f3n presidencial, el gobierno federal construir\u00e1 dos hospitales ubicados en Guerrero y Oaxaca.","robots":{"index":"index","follow":"follow","max-snippet":"max-snippet:-1","max-image-preview":"max-image-preview:large","max-video-preview":"max-video-preview:-1"},"canonical":"https:\/\/centrourbano.com\/revista\/actualidad\/avion-presidencial-hospitales-zonas-pobres-amlo\/","og_locale":"es_ES","og_type":"article","og_title":"Dinero del avi\u00f3n presidencial ser\u00e1 para hospitales en zonas pobres: AMLO","og_description":"Con el dinero de la venta del avi\u00f3n presidencial, el gobierno federal construir\u00e1 dos hospitales ubicados en Guerrero y Oaxaca.","og_url":"https:\/\/centrourbano.com\/revista\/actualidad\/avion-presidencial-hospitales-zonas-pobres-amlo\/","og_site_name":"Centro Urbano","article_publisher":"https:\/\/www.facebook.com\/portalcentrourbano","article_published_time":"2023-04-21T21:17:48+00:00","og_image":[{"width":800,"height":800,"url":"https:\/\/centrourbano.com\/revista\/wp-content\/uploads\/avion.jpg","type":"image\/jpeg"}],"author":"Rebeca Romero","twitter_card":"summary_large_image","twitter_creator":"@CentroUrbano","twitter_site":"@CentroUrbano","twitter_misc":{"Escrito por":"Rebeca Romero","Tiempo de lectura":"2 minutos"},"schema":{"@context":"https:\/\/schema.org","@graph":[{"@type":"Article","@id":"https:\/\/centrourbano.com\/revista\/actualidad\/avion-presidencial-hospitales-zonas-pobres-amlo\/#article","isPartOf":{"@id":"https:\/\/centrourbano.com\/revista\/actualidad\/avion-presidencial-hospitales-zonas-pobres-amlo\/"},"author":{"name":"Rebeca Romero","@id":"https:\/\/centrourbano.com\/revista\/#\/schema\/person\/c665f1c60da3ad48cd761a707b7090b0"},"headline":"Dinero del avi\u00f3n presidencial ser\u00e1 para hospitales en zonas pobres: AMLO","datePublished":"2023-04-21T21:17:48+00:00","mainEntityOfPage":{"@id":"https:\/\/centrourbano.com\/revista\/actualidad\/avion-presidencial-hospitales-zonas-pobres-amlo\/"},"wordCount":347,"commentCount":0,"publisher":{"@id":"https:\/\/centrourbano.com\/revista\/#organization"},"image":{"@id":"https:\/\/centrourbano.com\/revista\/actualidad\/avion-presidencial-hospitales-zonas-pobres-amlo\/#primaryimage"},"thumbnailUrl":"https:\/\/centrourbano.com\/revista\/wp-content\/uploads\/avion.jpg","keywords":["Avi\u00f3n Presidencial","Banobras","Gobierno federal","hospitales","Indep"],"articleSection":["Actualidad"],"inLanguage":"es","potentialAction":[{"@type":"CommentAction","name":"Comment","target":["https:\/\/centrourbano.com\/revista\/actualidad\/avion-presidencial-hospitales-zonas-pobres-amlo\/#respond"]}]},{"@type":"WebPage","@id":"https:\/\/centrourbano.com\/revista\/actualidad\/avion-presidencial-hospitales-zonas-pobres-amlo\/","url":"https:\/\/centrourbano.com\/revista\/actualidad\/avion-presidencial-hospitales-zonas-pobres-amlo\/","name":"Dinero del avi\u00f3n presidencial ser\u00e1 para hospitales en zonas pobres: AMLO","isPartOf":{"@id":"https:\/\/centrourbano.com\/revista\/#website"},"primaryImageOfPage":{"@id":"https:\/\/centrourbano.com\/revista\/actualidad\/avion-presidencial-hospitales-zonas-pobres-amlo\/#primaryimage"},"image":{"@id":"https:\/\/centrourbano.com\/revista\/actualidad\/avion-presidencial-hospitales-zonas-pobres-amlo\/#primaryimage"},"thumbnailUrl":"https:\/\/centrourbano.com\/revista\/wp-content\/uploads\/avion.jpg","datePublished":"2023-04-21T21:17:48+00:00","description":"Con el dinero de la venta del avi\u00f3n presidencial, el gobierno federal construir\u00e1 dos hospitales ubicados en Guerrero y Oaxaca.","breadcrumb":{"@id":"https:\/\/centrourbano.com\/revista\/actualidad\/avion-presidencial-hospitales-zonas-pobres-amlo\/#breadcrumb"},"inLanguage":"es","potentialAction":[{"@type":"ReadAction","target":["https:\/\/centrourbano.com\/revista\/actualidad\/avion-presidencial-hospitales-zonas-pobres-amlo\/"]}]},{"@type":"ImageObject","inLanguage":"es","@id":"https:\/\/centrourbano.com\/revista\/actualidad\/avion-presidencial-hospitales-zonas-pobres-amlo\/#primaryimage","url":"https:\/\/centrourbano.com\/revista\/wp-content\/uploads\/avion.jpg","contentUrl":"https:\/\/centrourbano.com\/revista\/wp-content\/uploads\/avion.jpg","width":800,"height":800,"caption":"Dinero del avi\u00f3n presidencial ser\u00e1 para hospitales en zonas pobres: AMLO"},{"@type":"BreadcrumbList","@id":"https:\/\/centrourbano.com\/revista\/actualidad\/avion-presidencial-hospitales-zonas-pobres-amlo\/#breadcrumb","itemListElement":[{"@type":"ListItem","position":1,"name":"Portada","item":"https:\/\/centrourbano.com\/revista\/"},{"@type":"ListItem","position":2,"name":"Dinero del avi\u00f3n presidencial ser\u00e1 para hospitales en zonas pobres: AMLO"}]},{"@type":"WebSite","@id":"https:\/\/centrourbano.com\/revista\/#website","url":"https:\/\/centrourbano.com\/revista\/","name":"Centro Urbano","description":"Medio especializado en los sectores vivienda, inmobiliario, construcci\u00f3n, arquitectura y urbanismo.","publisher":{"@id":"https:\/\/centrourbano.com\/revista\/#organization"},"potentialAction":[{"@type":"SearchAction","target":{"@type":"EntryPoint","urlTemplate":"https:\/\/centrourbano.com\/revista\/?s={search_term_string}"},"query-input":{"@type":"PropertyValueSpecification","valueRequired":true,"valueName":"search_term_string"}}],"inLanguage":"es"},{"@type":"Organization","@id":"https:\/\/centrourbano.com\/revista\/#organization","name":"Centro Urbano","url":"https:\/\/centrourbano.com\/revista\/","logo":{"@type":"ImageObject","inLanguage":"es","@id":"https:\/\/centrourbano.com\/revista\/#\/schema\/logo\/image\/","url":"https:\/\/centrourbano.com\/revista\/wp-content\/uploads\/web_CU_logo-1.png","contentUrl":"https:\/\/centrourbano.com\/revista\/wp-content\/uploads\/web_CU_logo-1.png","width":350,"height":91,"caption":"Centro Urbano"},"image":{"@id":"https:\/\/centrourbano.com\/revista\/#\/schema\/logo\/image\/"},"sameAs":["https:\/\/www.facebook.com\/portalcentrourbano","https:\/\/x.com\/CentroUrbano","https:\/\/www.instagram.com\/centro_urbano\/","https:\/\/www.linkedin.com\/company\/centro-urbano\/","http:\/\/www.youtube.com\/user\/portalcentrourbano"]},{"@type":"Person","@id":"https:\/\/centrourbano.com\/revista\/#\/schema\/person\/c665f1c60da3ad48cd761a707b7090b0","name":"Rebeca Romero","image":{"@type":"ImageObject","inLanguage":"es","@id":"https:\/\/secure.gravatar.com\/avatar\/aee0068ae3cc041082e0e84a8258fe5ccc00a733f187bde73b0b40d86b892826?s=96&d=mm&r=g","url":"https:\/\/secure.gravatar.com\/avatar\/aee0068ae3cc041082e0e84a8258fe5ccc00a733f187bde73b0b40d86b892826?s=96&d=mm&r=g","contentUrl":"https:\/\/secure.gravatar.com\/avatar\/aee0068ae3cc041082e0e84a8258fe5ccc00a733f187bde73b0b40d86b892826?s=96&d=mm&r=g","caption":"Rebeca Romero"},"url":"https:\/\/centrourbano.com\/revista\/author\/rebeca-romero\/"}]}},"_links":{"self":[{"href":"https:\/\/centrourbano.com\/revista\/wp-json\/wp\/v2\/posts\/139553","targetHints":{"allow":["GET"]}}],"collection":[{"href":"https:\/\/centrourbano.com\/revista\/wp-json\/wp\/v2\/posts"}],"about":[{"href":"https:\/\/centrourbano.com\/revista\/wp-json\/wp\/v2\/types\/post"}],"author":[{"embeddable":true,"href":"https:\/\/centrourbano.com\/revista\/wp-json\/wp\/v2\/users\/88"}],"replies":[{"embeddable":true,"href":"https:\/\/centrourbano.com\/revista\/wp-json\/wp\/v2\/comments?post=139553"}],"version-history":[{"count":1,"href":"https:\/\/centrourbano.com\/revista\/wp-json\/wp\/v2\/posts\/139553\/revisions"}],"predecessor-version":[{"id":139555,"href":"https:\/\/centrourbano.com\/revista\/wp-json\/wp\/v2\/posts\/139553\/revisions\/139555"}],"wp:featuredmedia":[{"embeddable":true,"href":"https:\/\/centrourbano.com\/revista\/wp-json\/wp\/v2\/media\/139554"}],"wp:attachment":[{"href":"https:\/\/centrourbano.com\/revista\/wp-json\/wp\/v2\/media?parent=139553"}],"wp:term":[{"taxonomy":"category","embeddable":true,"href":"https:\/\/centrourbano.com\/revista\/wp-json\/wp\/v2\/categories?post=139553"},{"taxonomy":"post_tag","embeddable":true,"href":"https:\/\/centrourbano.com\/revista\/wp-json\/wp\/v2\/tags?post=139553"}],"curies":[{"name":"wp","href":"https:\/\/api.w.org\/{rel}","templated":true}]}}