{"id":139252,"date":"2023-04-05T18:10:17","date_gmt":"2023-04-05T23:10:17","guid":{"rendered":"https:\/\/centrourbano.com\/?p=139252"},"modified":"2023-04-05T20:10:42","modified_gmt":"2023-04-06T01:10:42","slug":"onu-habitat-asamblea-habitat","status":"publish","type":"post","link":"https:\/\/centrourbano.com\/revista\/urbanismo\/onu-habitat-asamblea-habitat\/","title":{"rendered":"Alista ONU-Habitat Asamblea para el H\u00e1bitat 2023"},"content":{"rendered":"<p><em>El tema de esta sesi\u00f3n de la Asamblea para el H\u00e1bitat ser\u00e1 \u2018Un futuro urbano sostenible a trav\u00e9s del multilateralismo inclusivo y efectivo\u2019<\/em><!--more--><\/p>\n<p><strong>ONU-Habitat<\/strong> alista el segundo periodo de sesiones de la <strong>Asamblea de las Naciones Unidas para el H\u00e1bitat<\/strong>, que se celebrar\u00e1 del 5 al 9 de junio de 2023 en Nairobi, Kenia; esto con el objetivo de formar alianzas estrat\u00e9gicas y avanzar en la agenda de urbanizaci\u00f3n sostenible y asentamientos humanos.<\/p>\n<p>Asimismo, durante el evento se buscar\u00e1 proponer soluciones innovadoras sobre c\u00f3mo se planifican, dise\u00f1an, administran y gobiernan las ciudades y las comunidades; as\u00ed como exponer mejores pr\u00e1cticas para el <strong>desarrollo urbano sostenible e inclusivo<\/strong>.<\/p>\n<p>Lo anterior bajo el tema: \u2018<strong>Un futuro urbano sostenible a trav\u00e9s del multilateralismo inclusivo y efectivo<\/strong>; alcanzar los Objetivos de Desarrollo Sostenible en tiempos de crisis global\u2019.<\/p>\n<p>Las actividades de la <strong>Asamblea<\/strong> contemplan la presentaci\u00f3n del Informe de la <strong>Presidencia del Comit\u00e9 de Representantes Permanentes<\/strong>; as\u00ed como la elecci\u00f3n de los nuevos integrantes de la <strong>Junta Ejecutiva de ONU-Habitat<\/strong>. Adem\u00e1s, se llevar\u00e1 a cabo la revisi\u00f3n y aprobaci\u00f3n del <strong>Plan Estrat\u00e9gico de ONU-Habitat<\/strong> para el periodo 2024-2027.<\/p>\n<p>De igual manera, se realizar\u00e1 una evaluaci\u00f3n de los progresos realizados en la aplicaci\u00f3n de la <strong>Nueva Agenda Urbana<\/strong> y la <strong>Agenda 2030 para el Desarrollo Sostenible<\/strong>; as\u00ed como un informe del <strong>Foro Urbano Mundial<\/strong> y de las actividades de ONU-Habitat.<\/p>\n<p>Las inscripciones a la segunda sesi\u00f3n de la <strong>Asamblea de las Naciones Unidas para el H\u00e1bitat<\/strong> estar\u00e1n abiertas hasta el jueves 25 de mayo de 2023 en este <a href=\"https:\/\/events.unhabitat.org\/\" target=\"_blank\" rel=\"noopener\"><strong>enlace<\/strong><\/a>.<\/p>\n<h2><strong>Otras actividades<\/strong><\/h2>\n<p>En el marco de la <strong>Asamblea de ONU-Habitat<\/strong>, se llevar\u00e1 a cabo la <strong>Urban Expo<\/strong>; un espacio para que los participantes muestren su trabajo, proyectos y soluciones para un futuro urbano mejor.<\/p>\n<p>El fin de esta Expo es mostrar proyectos de desarrollo urbano sostenible; adem\u00e1s de mejores pr\u00e1cticas y soluciones de vanguardia para abordar los desaf\u00edos de la vivienda, el transporte, la energ\u00eda y el cambio clim\u00e1tico.<\/p>\n<p>Adem\u00e1s, del 5 al 8 de junio de 2023 se realizar\u00e1n actividades como <strong>debates<\/strong> y <strong>presentaciones<\/strong> centradas en el tema general de la <strong>Asamblea<\/strong>.<\/p>\n<a href=\"https:\/\/centrourbano.com\/revista\/wp-content\/uploads\/asamblea-onu-habitat.jpg\" target=\"_blank\" rel=\"noopener\"><img loading=\"lazy\" decoding=\"async\" class=\"aligncenter wp-image-139255 \" src=\"https:\/\/centrourbano.com\/revista\/wp-content\/uploads\/asamblea-onu-habitat.jpg\" alt=\"\" width=\"799\" height=\"418\" srcset=\"https:\/\/centrourbano.com\/revista\/wp-content\/uploads\/asamblea-onu-habitat.jpg 2000w, https:\/\/centrourbano.com\/revista\/wp-content\/uploads\/asamblea-onu-habitat-300x157.jpg 300w, https:\/\/centrourbano.com\/revista\/wp-content\/uploads\/asamblea-onu-habitat-1000x523.jpg 1000w, https:\/\/centrourbano.com\/revista\/wp-content\/uploads\/asamblea-onu-habitat-768x401.jpg 768w, https:\/\/centrourbano.com\/revista\/wp-content\/uploads\/asamblea-onu-habitat-1536x803.jpg 1536w\" sizes=\"auto, (max-width: 799px) 100vw, 799px\" \/><\/a>\n","protected":false},"excerpt":{"rendered":"<p>El tema de esta sesi\u00f3n de la Asamblea para el H\u00e1bitat ser\u00e1 \u2018Un futuro urbano sostenible a trav\u00e9s del multilateralismo inclusivo y efectivo\u2019<\/p>\n","protected":false},"author":73,"featured_media":139253,"comment_status":"open","ping_status":"closed","sticky":false,"template":"","format":"standard","meta":{"om_disable_all_campaigns":false,"inline_featured_image":false,"_monsterinsights_skip_tracking":false,"_monsterinsights_sitenote_active":false,"_monsterinsights_sitenote_note":"","_monsterinsights_sitenote_category":0,"footnotes":""},"categories":[10585,82],"tags":[22879,5325,2653,22880],"class_list":["post-139252","post","type-post","status-publish","format-standard","has-post-thumbnail","hentry","category-eventos","category-urbanismo","tag-asamblea-de-las-naciones-unidas-para-el-habitat","tag-desarrollo-urbano-sostenible","tag-onu-habitat","tag-urban-expo"],"yoast_head":"<!-- This site is optimized with the Yoast SEO plugin v27.4 - https:\/\/yoast.com\/product\/yoast-seo-wordpress\/ -->\n<title>Alista ONU-Habitat Asamblea para el H\u00e1bitat 2023<\/title>\n<meta name=\"description\" content=\"El tema de esta sesi\u00f3n de la Asamblea para el H\u00e1bitat ser\u00e1 \u2018Un futuro urbano sostenible a trav\u00e9s del multilateralismo inclusivo y efectivo\u2019\" \/>\n<meta name=\"robots\" content=\"index, follow, max-snippet:-1, max-image-preview:large, max-video-preview:-1\" \/>\n<link rel=\"canonical\" href=\"https:\/\/centrourbano.com\/revista\/urbanismo\/onu-habitat-asamblea-habitat\/\" \/>\n<meta property=\"og:locale\" content=\"es_ES\" \/>\n<meta property=\"og:type\" content=\"article\" \/>\n<meta property=\"og:title\" content=\"Alista ONU-Habitat Asamblea para el H\u00e1bitat 2023\" \/>\n<meta property=\"og:description\" content=\"El tema de esta sesi\u00f3n de la Asamblea para el H\u00e1bitat ser\u00e1 \u2018Un futuro urbano sostenible a trav\u00e9s del multilateralismo inclusivo y efectivo\u2019\" \/>\n<meta property=\"og:url\" content=\"https:\/\/centrourbano.com\/revista\/urbanismo\/onu-habitat-asamblea-habitat\/\" \/>\n<meta property=\"og:site_name\" content=\"Centro Urbano\" \/>\n<meta property=\"article:publisher\" content=\"https:\/\/www.facebook.com\/portalcentrourbano\" \/>\n<meta property=\"article:published_time\" content=\"2023-04-05T23:10:17+00:00\" \/>\n<meta property=\"article:modified_time\" content=\"2023-04-06T01:10:42+00:00\" \/>\n<meta property=\"og:image\" content=\"https:\/\/centrourbano.com\/revista\/wp-content\/uploads\/Alista-ONU-Habitat-Asamblea-para-el-Habitat-2023.jpg\" \/>\n\t<meta property=\"og:image:width\" content=\"977\" \/>\n\t<meta property=\"og:image:height\" content=\"900\" \/>\n\t<meta property=\"og:image:type\" content=\"image\/jpeg\" \/>\n<meta name=\"author\" content=\"Fernanda Hern\u00e1ndez\" \/>\n<meta name=\"twitter:card\" content=\"summary_large_image\" \/>\n<meta name=\"twitter:creator\" content=\"@https:\/\/twitter.com\/Nannz_Hernandez\" \/>\n<meta name=\"twitter:site\" content=\"@CentroUrbano\" \/>\n<meta name=\"twitter:label1\" content=\"Escrito por\" \/>\n\t<meta name=\"twitter:data1\" content=\"Fernanda Hern\u00e1ndez\" \/>\n\t<meta name=\"twitter:label2\" content=\"Tiempo de lectura\" \/>\n\t<meta name=\"twitter:data2\" content=\"2 minutos\" \/>\n<script type=\"application\/ld+json\" class=\"yoast-schema-graph\">{\"@context\":\"https:\\\/\\\/schema.org\",\"@graph\":[{\"@type\":\"Article\",\"@id\":\"https:\\\/\\\/centrourbano.com\\\/revista\\\/urbanismo\\\/onu-habitat-asamblea-habitat\\\/#article\",\"isPartOf\":{\"@id\":\"https:\\\/\\\/centrourbano.com\\\/revista\\\/urbanismo\\\/onu-habitat-asamblea-habitat\\\/\"},\"author\":{\"name\":\"Fernanda Hern\u00e1ndez\",\"@id\":\"https:\\\/\\\/centrourbano.com\\\/revista\\\/#\\\/schema\\\/person\\\/b190b20bbbceb41ec72278c546fa8df3\"},\"headline\":\"Alista ONU-Habitat Asamblea para el H\u00e1bitat 2023\",\"datePublished\":\"2023-04-05T23:10:17+00:00\",\"dateModified\":\"2023-04-06T01:10:42+00:00\",\"mainEntityOfPage\":{\"@id\":\"https:\\\/\\\/centrourbano.com\\\/revista\\\/urbanismo\\\/onu-habitat-asamblea-habitat\\\/\"},\"wordCount\":373,\"commentCount\":0,\"publisher\":{\"@id\":\"https:\\\/\\\/centrourbano.com\\\/revista\\\/#organization\"},\"image\":{\"@id\":\"https:\\\/\\\/centrourbano.com\\\/revista\\\/urbanismo\\\/onu-habitat-asamblea-habitat\\\/#primaryimage\"},\"thumbnailUrl\":\"https:\\\/\\\/centrourbano.com\\\/revista\\\/wp-content\\\/uploads\\\/Alista-ONU-Habitat-Asamblea-para-el-Habitat-2023.jpg\",\"keywords\":[\"Asamblea de las Naciones Unidas para el H\u00e1bitat\",\"desarrollo urbano sostenible\",\"ONU-Habitat\",\"Urban Expo\"],\"articleSection\":[\"Eventos\",\"Urbanismo\"],\"inLanguage\":\"es\",\"potentialAction\":[{\"@type\":\"CommentAction\",\"name\":\"Comment\",\"target\":[\"https:\\\/\\\/centrourbano.com\\\/revista\\\/urbanismo\\\/onu-habitat-asamblea-habitat\\\/#respond\"]}]},{\"@type\":\"WebPage\",\"@id\":\"https:\\\/\\\/centrourbano.com\\\/revista\\\/urbanismo\\\/onu-habitat-asamblea-habitat\\\/\",\"url\":\"https:\\\/\\\/centrourbano.com\\\/revista\\\/urbanismo\\\/onu-habitat-asamblea-habitat\\\/\",\"name\":\"Alista ONU-Habitat Asamblea para el H\u00e1bitat 2023\",\"isPartOf\":{\"@id\":\"https:\\\/\\\/centrourbano.com\\\/revista\\\/#website\"},\"primaryImageOfPage\":{\"@id\":\"https:\\\/\\\/centrourbano.com\\\/revista\\\/urbanismo\\\/onu-habitat-asamblea-habitat\\\/#primaryimage\"},\"image\":{\"@id\":\"https:\\\/\\\/centrourbano.com\\\/revista\\\/urbanismo\\\/onu-habitat-asamblea-habitat\\\/#primaryimage\"},\"thumbnailUrl\":\"https:\\\/\\\/centrourbano.com\\\/revista\\\/wp-content\\\/uploads\\\/Alista-ONU-Habitat-Asamblea-para-el-Habitat-2023.jpg\",\"datePublished\":\"2023-04-05T23:10:17+00:00\",\"dateModified\":\"2023-04-06T01:10:42+00:00\",\"description\":\"El tema de esta sesi\u00f3n de la Asamblea para el H\u00e1bitat ser\u00e1 \u2018Un futuro urbano sostenible a trav\u00e9s del multilateralismo inclusivo y efectivo\u2019\",\"breadcrumb\":{\"@id\":\"https:\\\/\\\/centrourbano.com\\\/revista\\\/urbanismo\\\/onu-habitat-asamblea-habitat\\\/#breadcrumb\"},\"inLanguage\":\"es\",\"potentialAction\":[{\"@type\":\"ReadAction\",\"target\":[\"https:\\\/\\\/centrourbano.com\\\/revista\\\/urbanismo\\\/onu-habitat-asamblea-habitat\\\/\"]}]},{\"@type\":\"ImageObject\",\"inLanguage\":\"es\",\"@id\":\"https:\\\/\\\/centrourbano.com\\\/revista\\\/urbanismo\\\/onu-habitat-asamblea-habitat\\\/#primaryimage\",\"url\":\"https:\\\/\\\/centrourbano.com\\\/revista\\\/wp-content\\\/uploads\\\/Alista-ONU-Habitat-Asamblea-para-el-Habitat-2023.jpg\",\"contentUrl\":\"https:\\\/\\\/centrourbano.com\\\/revista\\\/wp-content\\\/uploads\\\/Alista-ONU-Habitat-Asamblea-para-el-Habitat-2023.jpg\",\"width\":977,\"height\":900,\"caption\":\"El tema de esta sesi\u00f3n de la Asamblea para el H\u00e1bitat ser\u00e1 \u2018Un futuro urbano sostenible a trav\u00e9s del multilateralismo inclusivo y efectivo\u2019\"},{\"@type\":\"BreadcrumbList\",\"@id\":\"https:\\\/\\\/centrourbano.com\\\/revista\\\/urbanismo\\\/onu-habitat-asamblea-habitat\\\/#breadcrumb\",\"itemListElement\":[{\"@type\":\"ListItem\",\"position\":1,\"name\":\"Portada\",\"item\":\"https:\\\/\\\/centrourbano.com\\\/revista\\\/\"},{\"@type\":\"ListItem\",\"position\":2,\"name\":\"Alista ONU-Habitat Asamblea para el H\u00e1bitat 2023\"}]},{\"@type\":\"WebSite\",\"@id\":\"https:\\\/\\\/centrourbano.com\\\/revista\\\/#website\",\"url\":\"https:\\\/\\\/centrourbano.com\\\/revista\\\/\",\"name\":\"Centro Urbano\",\"description\":\"Medio especializado en los sectores vivienda, inmobiliario, construcci\u00f3n, arquitectura y urbanismo.\",\"publisher\":{\"@id\":\"https:\\\/\\\/centrourbano.com\\\/revista\\\/#organization\"},\"potentialAction\":[{\"@type\":\"SearchAction\",\"target\":{\"@type\":\"EntryPoint\",\"urlTemplate\":\"https:\\\/\\\/centrourbano.com\\\/revista\\\/?s={search_term_string}\"},\"query-input\":{\"@type\":\"PropertyValueSpecification\",\"valueRequired\":true,\"valueName\":\"search_term_string\"}}],\"inLanguage\":\"es\"},{\"@type\":\"Organization\",\"@id\":\"https:\\\/\\\/centrourbano.com\\\/revista\\\/#organization\",\"name\":\"Centro Urbano\",\"url\":\"https:\\\/\\\/centrourbano.com\\\/revista\\\/\",\"logo\":{\"@type\":\"ImageObject\",\"inLanguage\":\"es\",\"@id\":\"https:\\\/\\\/centrourbano.com\\\/revista\\\/#\\\/schema\\\/logo\\\/image\\\/\",\"url\":\"https:\\\/\\\/centrourbano.com\\\/revista\\\/wp-content\\\/uploads\\\/web_CU_logo-1.png\",\"contentUrl\":\"https:\\\/\\\/centrourbano.com\\\/revista\\\/wp-content\\\/uploads\\\/web_CU_logo-1.png\",\"width\":350,\"height\":91,\"caption\":\"Centro Urbano\"},\"image\":{\"@id\":\"https:\\\/\\\/centrourbano.com\\\/revista\\\/#\\\/schema\\\/logo\\\/image\\\/\"},\"sameAs\":[\"https:\\\/\\\/www.facebook.com\\\/portalcentrourbano\",\"https:\\\/\\\/x.com\\\/CentroUrbano\",\"https:\\\/\\\/www.instagram.com\\\/centro_urbano\\\/\",\"https:\\\/\\\/www.linkedin.com\\\/company\\\/centro-urbano\\\/\",\"http:\\\/\\\/www.youtube.com\\\/user\\\/portalcentrourbano\"]},{\"@type\":\"Person\",\"@id\":\"https:\\\/\\\/centrourbano.com\\\/revista\\\/#\\\/schema\\\/person\\\/b190b20bbbceb41ec72278c546fa8df3\",\"name\":\"Fernanda Hern\u00e1ndez\",\"image\":{\"@type\":\"ImageObject\",\"inLanguage\":\"es\",\"@id\":\"https:\\\/\\\/secure.gravatar.com\\\/avatar\\\/9471831fb0a24eae9d32d826a7cb8ef07c34a41520aca1a0ab1f5c0903ba49b9?s=96&d=mm&r=g\",\"url\":\"https:\\\/\\\/secure.gravatar.com\\\/avatar\\\/9471831fb0a24eae9d32d826a7cb8ef07c34a41520aca1a0ab1f5c0903ba49b9?s=96&d=mm&r=g\",\"contentUrl\":\"https:\\\/\\\/secure.gravatar.com\\\/avatar\\\/9471831fb0a24eae9d32d826a7cb8ef07c34a41520aca1a0ab1f5c0903ba49b9?s=96&d=mm&r=g\",\"caption\":\"Fernanda Hern\u00e1ndez\"},\"description\":\"Reportera y redactora en Centro Urbano. Soy egresada de la licenciatura en Ciencias de la Comunicaci\u00f3n de la Facultad de Ciencias Pol\u00edticas y Sociales (UNAM). Me interesa la cultura, el urbanismo y la arquitectura. Amante del mundo digital, el cine, la m\u00fasica, la lectura y la escritura.\",\"sameAs\":[\"https:\\\/\\\/x.com\\\/https:\\\/\\\/twitter.com\\\/Nannz_Hernandez\"],\"url\":\"https:\\\/\\\/centrourbano.com\\\/revista\\\/author\\\/fernanda-hernandez\\\/\"}]}<\/script>\n<!-- \/ Yoast SEO plugin. -->","yoast_head_json":{"title":"Alista ONU-Habitat Asamblea para el H\u00e1bitat 2023","description":"El tema de esta sesi\u00f3n de la Asamblea para el H\u00e1bitat ser\u00e1 \u2018Un futuro urbano sostenible a trav\u00e9s del multilateralismo inclusivo y efectivo\u2019","robots":{"index":"index","follow":"follow","max-snippet":"max-snippet:-1","max-image-preview":"max-image-preview:large","max-video-preview":"max-video-preview:-1"},"canonical":"https:\/\/centrourbano.com\/revista\/urbanismo\/onu-habitat-asamblea-habitat\/","og_locale":"es_ES","og_type":"article","og_title":"Alista ONU-Habitat Asamblea para el H\u00e1bitat 2023","og_description":"El tema de esta sesi\u00f3n de la Asamblea para el H\u00e1bitat ser\u00e1 \u2018Un futuro urbano sostenible a trav\u00e9s del multilateralismo inclusivo y efectivo\u2019","og_url":"https:\/\/centrourbano.com\/revista\/urbanismo\/onu-habitat-asamblea-habitat\/","og_site_name":"Centro Urbano","article_publisher":"https:\/\/www.facebook.com\/portalcentrourbano","article_published_time":"2023-04-05T23:10:17+00:00","article_modified_time":"2023-04-06T01:10:42+00:00","og_image":[{"width":977,"height":900,"url":"https:\/\/centrourbano.com\/revista\/wp-content\/uploads\/Alista-ONU-Habitat-Asamblea-para-el-Habitat-2023.jpg","type":"image\/jpeg"}],"author":"Fernanda Hern\u00e1ndez","twitter_card":"summary_large_image","twitter_creator":"@https:\/\/twitter.com\/Nannz_Hernandez","twitter_site":"@CentroUrbano","twitter_misc":{"Escrito por":"Fernanda Hern\u00e1ndez","Tiempo de lectura":"2 minutos"},"schema":{"@context":"https:\/\/schema.org","@graph":[{"@type":"Article","@id":"https:\/\/centrourbano.com\/revista\/urbanismo\/onu-habitat-asamblea-habitat\/#article","isPartOf":{"@id":"https:\/\/centrourbano.com\/revista\/urbanismo\/onu-habitat-asamblea-habitat\/"},"author":{"name":"Fernanda Hern\u00e1ndez","@id":"https:\/\/centrourbano.com\/revista\/#\/schema\/person\/b190b20bbbceb41ec72278c546fa8df3"},"headline":"Alista ONU-Habitat Asamblea para el H\u00e1bitat 2023","datePublished":"2023-04-05T23:10:17+00:00","dateModified":"2023-04-06T01:10:42+00:00","mainEntityOfPage":{"@id":"https:\/\/centrourbano.com\/revista\/urbanismo\/onu-habitat-asamblea-habitat\/"},"wordCount":373,"commentCount":0,"publisher":{"@id":"https:\/\/centrourbano.com\/revista\/#organization"},"image":{"@id":"https:\/\/centrourbano.com\/revista\/urbanismo\/onu-habitat-asamblea-habitat\/#primaryimage"},"thumbnailUrl":"https:\/\/centrourbano.com\/revista\/wp-content\/uploads\/Alista-ONU-Habitat-Asamblea-para-el-Habitat-2023.jpg","keywords":["Asamblea de las Naciones Unidas para el H\u00e1bitat","desarrollo urbano sostenible","ONU-Habitat","Urban Expo"],"articleSection":["Eventos","Urbanismo"],"inLanguage":"es","potentialAction":[{"@type":"CommentAction","name":"Comment","target":["https:\/\/centrourbano.com\/revista\/urbanismo\/onu-habitat-asamblea-habitat\/#respond"]}]},{"@type":"WebPage","@id":"https:\/\/centrourbano.com\/revista\/urbanismo\/onu-habitat-asamblea-habitat\/","url":"https:\/\/centrourbano.com\/revista\/urbanismo\/onu-habitat-asamblea-habitat\/","name":"Alista ONU-Habitat Asamblea para el H\u00e1bitat 2023","isPartOf":{"@id":"https:\/\/centrourbano.com\/revista\/#website"},"primaryImageOfPage":{"@id":"https:\/\/centrourbano.com\/revista\/urbanismo\/onu-habitat-asamblea-habitat\/#primaryimage"},"image":{"@id":"https:\/\/centrourbano.com\/revista\/urbanismo\/onu-habitat-asamblea-habitat\/#primaryimage"},"thumbnailUrl":"https:\/\/centrourbano.com\/revista\/wp-content\/uploads\/Alista-ONU-Habitat-Asamblea-para-el-Habitat-2023.jpg","datePublished":"2023-04-05T23:10:17+00:00","dateModified":"2023-04-06T01:10:42+00:00","description":"El tema de esta sesi\u00f3n de la Asamblea para el H\u00e1bitat ser\u00e1 \u2018Un futuro urbano sostenible a trav\u00e9s del multilateralismo inclusivo y efectivo\u2019","breadcrumb":{"@id":"https:\/\/centrourbano.com\/revista\/urbanismo\/onu-habitat-asamblea-habitat\/#breadcrumb"},"inLanguage":"es","potentialAction":[{"@type":"ReadAction","target":["https:\/\/centrourbano.com\/revista\/urbanismo\/onu-habitat-asamblea-habitat\/"]}]},{"@type":"ImageObject","inLanguage":"es","@id":"https:\/\/centrourbano.com\/revista\/urbanismo\/onu-habitat-asamblea-habitat\/#primaryimage","url":"https:\/\/centrourbano.com\/revista\/wp-content\/uploads\/Alista-ONU-Habitat-Asamblea-para-el-Habitat-2023.jpg","contentUrl":"https:\/\/centrourbano.com\/revista\/wp-content\/uploads\/Alista-ONU-Habitat-Asamblea-para-el-Habitat-2023.jpg","width":977,"height":900,"caption":"El tema de esta sesi\u00f3n de la Asamblea para el H\u00e1bitat ser\u00e1 \u2018Un futuro urbano sostenible a trav\u00e9s del multilateralismo inclusivo y efectivo\u2019"},{"@type":"BreadcrumbList","@id":"https:\/\/centrourbano.com\/revista\/urbanismo\/onu-habitat-asamblea-habitat\/#breadcrumb","itemListElement":[{"@type":"ListItem","position":1,"name":"Portada","item":"https:\/\/centrourbano.com\/revista\/"},{"@type":"ListItem","position":2,"name":"Alista ONU-Habitat Asamblea para el H\u00e1bitat 2023"}]},{"@type":"WebSite","@id":"https:\/\/centrourbano.com\/revista\/#website","url":"https:\/\/centrourbano.com\/revista\/","name":"Centro Urbano","description":"Medio especializado en los sectores vivienda, inmobiliario, construcci\u00f3n, arquitectura y urbanismo.","publisher":{"@id":"https:\/\/centrourbano.com\/revista\/#organization"},"potentialAction":[{"@type":"SearchAction","target":{"@type":"EntryPoint","urlTemplate":"https:\/\/centrourbano.com\/revista\/?s={search_term_string}"},"query-input":{"@type":"PropertyValueSpecification","valueRequired":true,"valueName":"search_term_string"}}],"inLanguage":"es"},{"@type":"Organization","@id":"https:\/\/centrourbano.com\/revista\/#organization","name":"Centro Urbano","url":"https:\/\/centrourbano.com\/revista\/","logo":{"@type":"ImageObject","inLanguage":"es","@id":"https:\/\/centrourbano.com\/revista\/#\/schema\/logo\/image\/","url":"https:\/\/centrourbano.com\/revista\/wp-content\/uploads\/web_CU_logo-1.png","contentUrl":"https:\/\/centrourbano.com\/revista\/wp-content\/uploads\/web_CU_logo-1.png","width":350,"height":91,"caption":"Centro Urbano"},"image":{"@id":"https:\/\/centrourbano.com\/revista\/#\/schema\/logo\/image\/"},"sameAs":["https:\/\/www.facebook.com\/portalcentrourbano","https:\/\/x.com\/CentroUrbano","https:\/\/www.instagram.com\/centro_urbano\/","https:\/\/www.linkedin.com\/company\/centro-urbano\/","http:\/\/www.youtube.com\/user\/portalcentrourbano"]},{"@type":"Person","@id":"https:\/\/centrourbano.com\/revista\/#\/schema\/person\/b190b20bbbceb41ec72278c546fa8df3","name":"Fernanda Hern\u00e1ndez","image":{"@type":"ImageObject","inLanguage":"es","@id":"https:\/\/secure.gravatar.com\/avatar\/9471831fb0a24eae9d32d826a7cb8ef07c34a41520aca1a0ab1f5c0903ba49b9?s=96&d=mm&r=g","url":"https:\/\/secure.gravatar.com\/avatar\/9471831fb0a24eae9d32d826a7cb8ef07c34a41520aca1a0ab1f5c0903ba49b9?s=96&d=mm&r=g","contentUrl":"https:\/\/secure.gravatar.com\/avatar\/9471831fb0a24eae9d32d826a7cb8ef07c34a41520aca1a0ab1f5c0903ba49b9?s=96&d=mm&r=g","caption":"Fernanda Hern\u00e1ndez"},"description":"Reportera y redactora en Centro Urbano. Soy egresada de la licenciatura en Ciencias de la Comunicaci\u00f3n de la Facultad de Ciencias Pol\u00edticas y Sociales (UNAM). Me interesa la cultura, el urbanismo y la arquitectura. Amante del mundo digital, el cine, la m\u00fasica, la lectura y la escritura.","sameAs":["https:\/\/x.com\/https:\/\/twitter.com\/Nannz_Hernandez"],"url":"https:\/\/centrourbano.com\/revista\/author\/fernanda-hernandez\/"}]}},"_links":{"self":[{"href":"https:\/\/centrourbano.com\/revista\/wp-json\/wp\/v2\/posts\/139252","targetHints":{"allow":["GET"]}}],"collection":[{"href":"https:\/\/centrourbano.com\/revista\/wp-json\/wp\/v2\/posts"}],"about":[{"href":"https:\/\/centrourbano.com\/revista\/wp-json\/wp\/v2\/types\/post"}],"author":[{"embeddable":true,"href":"https:\/\/centrourbano.com\/revista\/wp-json\/wp\/v2\/users\/73"}],"replies":[{"embeddable":true,"href":"https:\/\/centrourbano.com\/revista\/wp-json\/wp\/v2\/comments?post=139252"}],"version-history":[{"count":2,"href":"https:\/\/centrourbano.com\/revista\/wp-json\/wp\/v2\/posts\/139252\/revisions"}],"predecessor-version":[{"id":139256,"href":"https:\/\/centrourbano.com\/revista\/wp-json\/wp\/v2\/posts\/139252\/revisions\/139256"}],"wp:featuredmedia":[{"embeddable":true,"href":"https:\/\/centrourbano.com\/revista\/wp-json\/wp\/v2\/media\/139253"}],"wp:attachment":[{"href":"https:\/\/centrourbano.com\/revista\/wp-json\/wp\/v2\/media?parent=139252"}],"wp:term":[{"taxonomy":"category","embeddable":true,"href":"https:\/\/centrourbano.com\/revista\/wp-json\/wp\/v2\/categories?post=139252"},{"taxonomy":"post_tag","embeddable":true,"href":"https:\/\/centrourbano.com\/revista\/wp-json\/wp\/v2\/tags?post=139252"}],"curies":[{"name":"wp","href":"https:\/\/api.w.org\/{rel}","templated":true}]}}