{"id":139179,"date":"2023-04-03T15:11:22","date_gmt":"2023-04-03T20:11:22","guid":{"rendered":"https:\/\/centrourbano.com\/?p=139179"},"modified":"2023-04-04T11:48:29","modified_gmt":"2023-04-04T16:48:29","slug":"viviendas-cerro-del-chiquihuite","status":"publish","type":"post","link":"https:\/\/centrourbano.com\/revista\/vivienda\/viviendas-cerro-del-chiquihuite\/","title":{"rendered":"Primeras 20 viviendas terminadas para familias del Cerro del Chiquihuite"},"content":{"rendered":"<p><em><span style=\"font-weight: 400;\">Insus ser\u00e1 el encargado de entregar de manera gratuita las escrituras de los departamentos a las familias del Cerro del Chiquihuite<\/span><\/em><br \/>\n<!--more--><\/p>\n<p><span style=\"font-weight: 400;\">La Coordinaci\u00f3n Nacional de <strong>Protecci\u00f3n Civil<\/strong> (CNPC) y la Comisi\u00f3n Nacional de Vivienda (<strong><a href=\"https:\/\/www.gob.mx\/conavi\" target=\"_blank\" rel=\"noopener\">Conavi<\/a><\/strong>) son las encargadas de realizar la <strong>construcci\u00f3n de 210 departamentos<\/strong> destinados para familias <strong>del Cerro del Chiquihuite<\/strong>; al momento, las dependencias han concluido 20 viviendas.<\/span><\/p>\n<p><span style=\"font-weight: 400;\">Las dependencias trabajan con el objetivo de brindarle a las familias locales un <strong>espacio digno y seguro<\/strong>; con dichas viviendas, el Gobierno Federal estima <strong>beneficiar a m\u00e1s de mil personas<\/strong>. Las nuevas viviendas pueden ser encontradas en la calle de Chiapas n\u00famero 13, colonia Jorge Jim\u00e9nez Cant\u00fa del municipio de Tlalnepantla de Baz.\u00a0<\/span><\/p>\n<p><span style=\"font-weight: 400;\">Durante un recorrido de supervisi\u00f3n en la obra, Laura Vel\u00e1zquez Alz\u00faa, coordinadora nacional de Protecci\u00f3n Civil constat\u00f3 que en total, los departamentos sumar\u00e1n una superficie de 7,778 metros cuadrados (m\u00b2) de construcci\u00f3n y un \u00e1rea de estacionamiento.<\/span><\/p>\n<p><span style=\"font-weight: 400;\">Por lo tanto, <strong>cada vivienda tendr\u00e1 65 m\u00b2<\/strong> donde las familias beneficiadas contar\u00e1n con: <\/span><\/p>\n<ul>\n<li><span style=\"font-weight: 400;\">Tres rec\u00e1maras<\/span><\/li>\n<li><span style=\"font-weight: 400;\">Dos sanitarios<\/span><\/li>\n<li><span style=\"font-weight: 400;\">Sala-comedor<\/span><\/li>\n<li><span style=\"font-weight: 400;\">Cocina<\/span><\/li>\n<li><span style=\"font-weight: 400;\">\u00c1rea de lavado<\/span><\/li>\n<li><span style=\"font-weight: 400;\">Calentador de gas<\/span><\/li>\n<li><span style=\"font-weight: 400;\">Sistemas de ahorro de agua<\/span><\/li>\n<\/ul>\n<p><span style=\"font-weight: 400;\">Por otra parte, el Instituto Nacional de Suelo Sustentable (<strong><a href=\"https:\/\/centrourbano.com\/vivienda\/entrego-insus-214-titulos-de-propiedad-a-familias-de-durango\/\" target=\"_blank\" rel=\"noopener\">Insus<\/a><\/strong>) ser\u00e1 el encargado de <strong>entregar de manera gratuita las escrituras<\/strong> de los departamentos a las familias del Cerro del Chiquihuite.<\/span><\/p>\n","protected":false},"excerpt":{"rendered":"<p>Insus ser\u00e1 el encargado de entregar de manera gratuita las escrituras de los departamentos a las familias del Cerro del Chiquihuite<\/p>\n","protected":false},"author":88,"featured_media":139180,"comment_status":"open","ping_status":"closed","sticky":false,"template":"","format":"standard","meta":{"om_disable_all_campaigns":false,"inline_featured_image":false,"_monsterinsights_skip_tracking":false,"_monsterinsights_sitenote_active":false,"_monsterinsights_sitenote_note":"","_monsterinsights_sitenote_category":0,"footnotes":""},"categories":[12],"tags":[22094,376,3499,3090],"class_list":["post-139179","post","type-post","status-publish","format-standard","has-post-thumbnail","hentry","category-vivienda","tag-cerro-del-chiquihuite","tag-conavi","tag-insus","tag-proteccion-civil"],"yoast_head":"<!-- This site is optimized with the Yoast SEO plugin v27.4 - https:\/\/yoast.com\/product\/yoast-seo-wordpress\/ -->\n<title>Primeras 20 viviendas terminadas para familias del Cerro del Chiquihuite<\/title>\n<meta name=\"description\" content=\"Los 210 departamentos nuevos en el Cerro del Chiquihuite sumar\u00e1n 7,778 m\u00b2 de construcci\u00f3n y un \u00e1rea de estacionamiento.\" \/>\n<meta name=\"robots\" content=\"index, follow, max-snippet:-1, max-image-preview:large, max-video-preview:-1\" \/>\n<link rel=\"canonical\" href=\"https:\/\/centrourbano.com\/revista\/vivienda\/viviendas-cerro-del-chiquihuite\/\" \/>\n<meta property=\"og:locale\" content=\"es_ES\" \/>\n<meta property=\"og:type\" content=\"article\" \/>\n<meta property=\"og:title\" content=\"Primeras 20 viviendas terminadas para familias del Cerro del Chiquihuite\" \/>\n<meta property=\"og:description\" content=\"Los 210 departamentos nuevos en el Cerro del Chiquihuite sumar\u00e1n 7,778 m\u00b2 de construcci\u00f3n y un \u00e1rea de estacionamiento.\" \/>\n<meta property=\"og:url\" content=\"https:\/\/centrourbano.com\/revista\/vivienda\/viviendas-cerro-del-chiquihuite\/\" \/>\n<meta property=\"og:site_name\" content=\"Centro Urbano\" \/>\n<meta property=\"article:publisher\" content=\"https:\/\/www.facebook.com\/portalcentrourbano\" \/>\n<meta property=\"article:published_time\" content=\"2023-04-03T20:11:22+00:00\" \/>\n<meta property=\"article:modified_time\" content=\"2023-04-04T16:48:29+00:00\" \/>\n<meta property=\"og:image\" content=\"https:\/\/centrourbano.com\/revista\/wp-content\/uploads\/Chiquihuite.jpg\" \/>\n\t<meta property=\"og:image:width\" content=\"800\" \/>\n\t<meta property=\"og:image:height\" content=\"800\" \/>\n\t<meta property=\"og:image:type\" content=\"image\/jpeg\" \/>\n<meta name=\"author\" content=\"Rebeca Romero\" \/>\n<meta name=\"twitter:card\" content=\"summary_large_image\" \/>\n<meta name=\"twitter:creator\" content=\"@CentroUrbano\" \/>\n<meta name=\"twitter:site\" content=\"@CentroUrbano\" \/>\n<meta name=\"twitter:label1\" content=\"Escrito por\" \/>\n\t<meta name=\"twitter:data1\" content=\"Rebeca Romero\" \/>\n\t<meta name=\"twitter:label2\" content=\"Tiempo de lectura\" \/>\n\t<meta name=\"twitter:data2\" content=\"1 minuto\" \/>\n<script type=\"application\/ld+json\" class=\"yoast-schema-graph\">{\"@context\":\"https:\\\/\\\/schema.org\",\"@graph\":[{\"@type\":\"Article\",\"@id\":\"https:\\\/\\\/centrourbano.com\\\/revista\\\/vivienda\\\/viviendas-cerro-del-chiquihuite\\\/#article\",\"isPartOf\":{\"@id\":\"https:\\\/\\\/centrourbano.com\\\/revista\\\/vivienda\\\/viviendas-cerro-del-chiquihuite\\\/\"},\"author\":{\"name\":\"Rebeca Romero\",\"@id\":\"https:\\\/\\\/centrourbano.com\\\/revista\\\/#\\\/schema\\\/person\\\/c665f1c60da3ad48cd761a707b7090b0\"},\"headline\":\"Primeras 20 viviendas terminadas para familias del Cerro del Chiquihuite\",\"datePublished\":\"2023-04-03T20:11:22+00:00\",\"dateModified\":\"2023-04-04T16:48:29+00:00\",\"mainEntityOfPage\":{\"@id\":\"https:\\\/\\\/centrourbano.com\\\/revista\\\/vivienda\\\/viviendas-cerro-del-chiquihuite\\\/\"},\"wordCount\":230,\"commentCount\":0,\"publisher\":{\"@id\":\"https:\\\/\\\/centrourbano.com\\\/revista\\\/#organization\"},\"image\":{\"@id\":\"https:\\\/\\\/centrourbano.com\\\/revista\\\/vivienda\\\/viviendas-cerro-del-chiquihuite\\\/#primaryimage\"},\"thumbnailUrl\":\"https:\\\/\\\/centrourbano.com\\\/revista\\\/wp-content\\\/uploads\\\/Chiquihuite.jpg\",\"keywords\":[\"Cerro del Chiquihuite\",\"Conavi\",\"INSUS\",\"Protecci\u00f3n Civil\"],\"articleSection\":[\"Vivienda\"],\"inLanguage\":\"es\",\"potentialAction\":[{\"@type\":\"CommentAction\",\"name\":\"Comment\",\"target\":[\"https:\\\/\\\/centrourbano.com\\\/revista\\\/vivienda\\\/viviendas-cerro-del-chiquihuite\\\/#respond\"]}]},{\"@type\":\"WebPage\",\"@id\":\"https:\\\/\\\/centrourbano.com\\\/revista\\\/vivienda\\\/viviendas-cerro-del-chiquihuite\\\/\",\"url\":\"https:\\\/\\\/centrourbano.com\\\/revista\\\/vivienda\\\/viviendas-cerro-del-chiquihuite\\\/\",\"name\":\"Primeras 20 viviendas terminadas para familias del Cerro del Chiquihuite\",\"isPartOf\":{\"@id\":\"https:\\\/\\\/centrourbano.com\\\/revista\\\/#website\"},\"primaryImageOfPage\":{\"@id\":\"https:\\\/\\\/centrourbano.com\\\/revista\\\/vivienda\\\/viviendas-cerro-del-chiquihuite\\\/#primaryimage\"},\"image\":{\"@id\":\"https:\\\/\\\/centrourbano.com\\\/revista\\\/vivienda\\\/viviendas-cerro-del-chiquihuite\\\/#primaryimage\"},\"thumbnailUrl\":\"https:\\\/\\\/centrourbano.com\\\/revista\\\/wp-content\\\/uploads\\\/Chiquihuite.jpg\",\"datePublished\":\"2023-04-03T20:11:22+00:00\",\"dateModified\":\"2023-04-04T16:48:29+00:00\",\"description\":\"Los 210 departamentos nuevos en el Cerro del Chiquihuite sumar\u00e1n 7,778 m\u00b2 de construcci\u00f3n y un \u00e1rea de estacionamiento.\",\"breadcrumb\":{\"@id\":\"https:\\\/\\\/centrourbano.com\\\/revista\\\/vivienda\\\/viviendas-cerro-del-chiquihuite\\\/#breadcrumb\"},\"inLanguage\":\"es\",\"potentialAction\":[{\"@type\":\"ReadAction\",\"target\":[\"https:\\\/\\\/centrourbano.com\\\/revista\\\/vivienda\\\/viviendas-cerro-del-chiquihuite\\\/\"]}]},{\"@type\":\"ImageObject\",\"inLanguage\":\"es\",\"@id\":\"https:\\\/\\\/centrourbano.com\\\/revista\\\/vivienda\\\/viviendas-cerro-del-chiquihuite\\\/#primaryimage\",\"url\":\"https:\\\/\\\/centrourbano.com\\\/revista\\\/wp-content\\\/uploads\\\/Chiquihuite.jpg\",\"contentUrl\":\"https:\\\/\\\/centrourbano.com\\\/revista\\\/wp-content\\\/uploads\\\/Chiquihuite.jpg\",\"width\":800,\"height\":800,\"caption\":\"Primeras 20 viviendas terminadas para familias del Cerro del Chiquihuite\"},{\"@type\":\"BreadcrumbList\",\"@id\":\"https:\\\/\\\/centrourbano.com\\\/revista\\\/vivienda\\\/viviendas-cerro-del-chiquihuite\\\/#breadcrumb\",\"itemListElement\":[{\"@type\":\"ListItem\",\"position\":1,\"name\":\"Portada\",\"item\":\"https:\\\/\\\/centrourbano.com\\\/revista\\\/\"},{\"@type\":\"ListItem\",\"position\":2,\"name\":\"Primeras 20 viviendas terminadas para familias del Cerro del Chiquihuite\"}]},{\"@type\":\"WebSite\",\"@id\":\"https:\\\/\\\/centrourbano.com\\\/revista\\\/#website\",\"url\":\"https:\\\/\\\/centrourbano.com\\\/revista\\\/\",\"name\":\"Centro Urbano\",\"description\":\"Medio especializado en los sectores vivienda, inmobiliario, construcci\u00f3n, arquitectura y urbanismo.\",\"publisher\":{\"@id\":\"https:\\\/\\\/centrourbano.com\\\/revista\\\/#organization\"},\"potentialAction\":[{\"@type\":\"SearchAction\",\"target\":{\"@type\":\"EntryPoint\",\"urlTemplate\":\"https:\\\/\\\/centrourbano.com\\\/revista\\\/?s={search_term_string}\"},\"query-input\":{\"@type\":\"PropertyValueSpecification\",\"valueRequired\":true,\"valueName\":\"search_term_string\"}}],\"inLanguage\":\"es\"},{\"@type\":\"Organization\",\"@id\":\"https:\\\/\\\/centrourbano.com\\\/revista\\\/#organization\",\"name\":\"Centro Urbano\",\"url\":\"https:\\\/\\\/centrourbano.com\\\/revista\\\/\",\"logo\":{\"@type\":\"ImageObject\",\"inLanguage\":\"es\",\"@id\":\"https:\\\/\\\/centrourbano.com\\\/revista\\\/#\\\/schema\\\/logo\\\/image\\\/\",\"url\":\"https:\\\/\\\/centrourbano.com\\\/revista\\\/wp-content\\\/uploads\\\/web_CU_logo-1.png\",\"contentUrl\":\"https:\\\/\\\/centrourbano.com\\\/revista\\\/wp-content\\\/uploads\\\/web_CU_logo-1.png\",\"width\":350,\"height\":91,\"caption\":\"Centro Urbano\"},\"image\":{\"@id\":\"https:\\\/\\\/centrourbano.com\\\/revista\\\/#\\\/schema\\\/logo\\\/image\\\/\"},\"sameAs\":[\"https:\\\/\\\/www.facebook.com\\\/portalcentrourbano\",\"https:\\\/\\\/x.com\\\/CentroUrbano\",\"https:\\\/\\\/www.instagram.com\\\/centro_urbano\\\/\",\"https:\\\/\\\/www.linkedin.com\\\/company\\\/centro-urbano\\\/\",\"http:\\\/\\\/www.youtube.com\\\/user\\\/portalcentrourbano\"]},{\"@type\":\"Person\",\"@id\":\"https:\\\/\\\/centrourbano.com\\\/revista\\\/#\\\/schema\\\/person\\\/c665f1c60da3ad48cd761a707b7090b0\",\"name\":\"Rebeca Romero\",\"image\":{\"@type\":\"ImageObject\",\"inLanguage\":\"es\",\"@id\":\"https:\\\/\\\/secure.gravatar.com\\\/avatar\\\/aee0068ae3cc041082e0e84a8258fe5ccc00a733f187bde73b0b40d86b892826?s=96&d=mm&r=g\",\"url\":\"https:\\\/\\\/secure.gravatar.com\\\/avatar\\\/aee0068ae3cc041082e0e84a8258fe5ccc00a733f187bde73b0b40d86b892826?s=96&d=mm&r=g\",\"contentUrl\":\"https:\\\/\\\/secure.gravatar.com\\\/avatar\\\/aee0068ae3cc041082e0e84a8258fe5ccc00a733f187bde73b0b40d86b892826?s=96&d=mm&r=g\",\"caption\":\"Rebeca Romero\"},\"url\":\"https:\\\/\\\/centrourbano.com\\\/revista\\\/author\\\/rebeca-romero\\\/\"}]}<\/script>\n<!-- \/ Yoast SEO plugin. -->","yoast_head_json":{"title":"Primeras 20 viviendas terminadas para familias del Cerro del Chiquihuite","description":"Los 210 departamentos nuevos en el Cerro del Chiquihuite sumar\u00e1n 7,778 m\u00b2 de construcci\u00f3n y un \u00e1rea de estacionamiento.","robots":{"index":"index","follow":"follow","max-snippet":"max-snippet:-1","max-image-preview":"max-image-preview:large","max-video-preview":"max-video-preview:-1"},"canonical":"https:\/\/centrourbano.com\/revista\/vivienda\/viviendas-cerro-del-chiquihuite\/","og_locale":"es_ES","og_type":"article","og_title":"Primeras 20 viviendas terminadas para familias del Cerro del Chiquihuite","og_description":"Los 210 departamentos nuevos en el Cerro del Chiquihuite sumar\u00e1n 7,778 m\u00b2 de construcci\u00f3n y un \u00e1rea de estacionamiento.","og_url":"https:\/\/centrourbano.com\/revista\/vivienda\/viviendas-cerro-del-chiquihuite\/","og_site_name":"Centro Urbano","article_publisher":"https:\/\/www.facebook.com\/portalcentrourbano","article_published_time":"2023-04-03T20:11:22+00:00","article_modified_time":"2023-04-04T16:48:29+00:00","og_image":[{"width":800,"height":800,"url":"https:\/\/centrourbano.com\/revista\/wp-content\/uploads\/Chiquihuite.jpg","type":"image\/jpeg"}],"author":"Rebeca Romero","twitter_card":"summary_large_image","twitter_creator":"@CentroUrbano","twitter_site":"@CentroUrbano","twitter_misc":{"Escrito por":"Rebeca Romero","Tiempo de lectura":"1 minuto"},"schema":{"@context":"https:\/\/schema.org","@graph":[{"@type":"Article","@id":"https:\/\/centrourbano.com\/revista\/vivienda\/viviendas-cerro-del-chiquihuite\/#article","isPartOf":{"@id":"https:\/\/centrourbano.com\/revista\/vivienda\/viviendas-cerro-del-chiquihuite\/"},"author":{"name":"Rebeca Romero","@id":"https:\/\/centrourbano.com\/revista\/#\/schema\/person\/c665f1c60da3ad48cd761a707b7090b0"},"headline":"Primeras 20 viviendas terminadas para familias del Cerro del Chiquihuite","datePublished":"2023-04-03T20:11:22+00:00","dateModified":"2023-04-04T16:48:29+00:00","mainEntityOfPage":{"@id":"https:\/\/centrourbano.com\/revista\/vivienda\/viviendas-cerro-del-chiquihuite\/"},"wordCount":230,"commentCount":0,"publisher":{"@id":"https:\/\/centrourbano.com\/revista\/#organization"},"image":{"@id":"https:\/\/centrourbano.com\/revista\/vivienda\/viviendas-cerro-del-chiquihuite\/#primaryimage"},"thumbnailUrl":"https:\/\/centrourbano.com\/revista\/wp-content\/uploads\/Chiquihuite.jpg","keywords":["Cerro del Chiquihuite","Conavi","INSUS","Protecci\u00f3n Civil"],"articleSection":["Vivienda"],"inLanguage":"es","potentialAction":[{"@type":"CommentAction","name":"Comment","target":["https:\/\/centrourbano.com\/revista\/vivienda\/viviendas-cerro-del-chiquihuite\/#respond"]}]},{"@type":"WebPage","@id":"https:\/\/centrourbano.com\/revista\/vivienda\/viviendas-cerro-del-chiquihuite\/","url":"https:\/\/centrourbano.com\/revista\/vivienda\/viviendas-cerro-del-chiquihuite\/","name":"Primeras 20 viviendas terminadas para familias del Cerro del Chiquihuite","isPartOf":{"@id":"https:\/\/centrourbano.com\/revista\/#website"},"primaryImageOfPage":{"@id":"https:\/\/centrourbano.com\/revista\/vivienda\/viviendas-cerro-del-chiquihuite\/#primaryimage"},"image":{"@id":"https:\/\/centrourbano.com\/revista\/vivienda\/viviendas-cerro-del-chiquihuite\/#primaryimage"},"thumbnailUrl":"https:\/\/centrourbano.com\/revista\/wp-content\/uploads\/Chiquihuite.jpg","datePublished":"2023-04-03T20:11:22+00:00","dateModified":"2023-04-04T16:48:29+00:00","description":"Los 210 departamentos nuevos en el Cerro del Chiquihuite sumar\u00e1n 7,778 m\u00b2 de construcci\u00f3n y un \u00e1rea de estacionamiento.","breadcrumb":{"@id":"https:\/\/centrourbano.com\/revista\/vivienda\/viviendas-cerro-del-chiquihuite\/#breadcrumb"},"inLanguage":"es","potentialAction":[{"@type":"ReadAction","target":["https:\/\/centrourbano.com\/revista\/vivienda\/viviendas-cerro-del-chiquihuite\/"]}]},{"@type":"ImageObject","inLanguage":"es","@id":"https:\/\/centrourbano.com\/revista\/vivienda\/viviendas-cerro-del-chiquihuite\/#primaryimage","url":"https:\/\/centrourbano.com\/revista\/wp-content\/uploads\/Chiquihuite.jpg","contentUrl":"https:\/\/centrourbano.com\/revista\/wp-content\/uploads\/Chiquihuite.jpg","width":800,"height":800,"caption":"Primeras 20 viviendas terminadas para familias del Cerro del Chiquihuite"},{"@type":"BreadcrumbList","@id":"https:\/\/centrourbano.com\/revista\/vivienda\/viviendas-cerro-del-chiquihuite\/#breadcrumb","itemListElement":[{"@type":"ListItem","position":1,"name":"Portada","item":"https:\/\/centrourbano.com\/revista\/"},{"@type":"ListItem","position":2,"name":"Primeras 20 viviendas terminadas para familias del Cerro del Chiquihuite"}]},{"@type":"WebSite","@id":"https:\/\/centrourbano.com\/revista\/#website","url":"https:\/\/centrourbano.com\/revista\/","name":"Centro Urbano","description":"Medio especializado en los sectores vivienda, inmobiliario, construcci\u00f3n, arquitectura y urbanismo.","publisher":{"@id":"https:\/\/centrourbano.com\/revista\/#organization"},"potentialAction":[{"@type":"SearchAction","target":{"@type":"EntryPoint","urlTemplate":"https:\/\/centrourbano.com\/revista\/?s={search_term_string}"},"query-input":{"@type":"PropertyValueSpecification","valueRequired":true,"valueName":"search_term_string"}}],"inLanguage":"es"},{"@type":"Organization","@id":"https:\/\/centrourbano.com\/revista\/#organization","name":"Centro Urbano","url":"https:\/\/centrourbano.com\/revista\/","logo":{"@type":"ImageObject","inLanguage":"es","@id":"https:\/\/centrourbano.com\/revista\/#\/schema\/logo\/image\/","url":"https:\/\/centrourbano.com\/revista\/wp-content\/uploads\/web_CU_logo-1.png","contentUrl":"https:\/\/centrourbano.com\/revista\/wp-content\/uploads\/web_CU_logo-1.png","width":350,"height":91,"caption":"Centro Urbano"},"image":{"@id":"https:\/\/centrourbano.com\/revista\/#\/schema\/logo\/image\/"},"sameAs":["https:\/\/www.facebook.com\/portalcentrourbano","https:\/\/x.com\/CentroUrbano","https:\/\/www.instagram.com\/centro_urbano\/","https:\/\/www.linkedin.com\/company\/centro-urbano\/","http:\/\/www.youtube.com\/user\/portalcentrourbano"]},{"@type":"Person","@id":"https:\/\/centrourbano.com\/revista\/#\/schema\/person\/c665f1c60da3ad48cd761a707b7090b0","name":"Rebeca Romero","image":{"@type":"ImageObject","inLanguage":"es","@id":"https:\/\/secure.gravatar.com\/avatar\/aee0068ae3cc041082e0e84a8258fe5ccc00a733f187bde73b0b40d86b892826?s=96&d=mm&r=g","url":"https:\/\/secure.gravatar.com\/avatar\/aee0068ae3cc041082e0e84a8258fe5ccc00a733f187bde73b0b40d86b892826?s=96&d=mm&r=g","contentUrl":"https:\/\/secure.gravatar.com\/avatar\/aee0068ae3cc041082e0e84a8258fe5ccc00a733f187bde73b0b40d86b892826?s=96&d=mm&r=g","caption":"Rebeca Romero"},"url":"https:\/\/centrourbano.com\/revista\/author\/rebeca-romero\/"}]}},"_links":{"self":[{"href":"https:\/\/centrourbano.com\/revista\/wp-json\/wp\/v2\/posts\/139179","targetHints":{"allow":["GET"]}}],"collection":[{"href":"https:\/\/centrourbano.com\/revista\/wp-json\/wp\/v2\/posts"}],"about":[{"href":"https:\/\/centrourbano.com\/revista\/wp-json\/wp\/v2\/types\/post"}],"author":[{"embeddable":true,"href":"https:\/\/centrourbano.com\/revista\/wp-json\/wp\/v2\/users\/88"}],"replies":[{"embeddable":true,"href":"https:\/\/centrourbano.com\/revista\/wp-json\/wp\/v2\/comments?post=139179"}],"version-history":[{"count":1,"href":"https:\/\/centrourbano.com\/revista\/wp-json\/wp\/v2\/posts\/139179\/revisions"}],"predecessor-version":[{"id":139183,"href":"https:\/\/centrourbano.com\/revista\/wp-json\/wp\/v2\/posts\/139179\/revisions\/139183"}],"wp:featuredmedia":[{"embeddable":true,"href":"https:\/\/centrourbano.com\/revista\/wp-json\/wp\/v2\/media\/139180"}],"wp:attachment":[{"href":"https:\/\/centrourbano.com\/revista\/wp-json\/wp\/v2\/media?parent=139179"}],"wp:term":[{"taxonomy":"category","embeddable":true,"href":"https:\/\/centrourbano.com\/revista\/wp-json\/wp\/v2\/categories?post=139179"},{"taxonomy":"post_tag","embeddable":true,"href":"https:\/\/centrourbano.com\/revista\/wp-json\/wp\/v2\/tags?post=139179"}],"curies":[{"name":"wp","href":"https:\/\/api.w.org\/{rel}","templated":true}]}}