{"id":139115,"date":"2023-03-30T12:05:27","date_gmt":"2023-03-30T18:05:27","guid":{"rendered":"https:\/\/centrourbano.com\/?p=139115"},"modified":"2023-03-30T12:05:27","modified_gmt":"2023-03-30T18:05:27","slug":"cuanto-cuesta-reformar-la-fachada-de-un-chalet","status":"publish","type":"post","link":"https:\/\/centrourbano.com\/revista\/actualidad\/tendencias\/cuanto-cuesta-reformar-la-fachada-de-un-chalet\/","title":{"rendered":"\u00bfCu\u00e1nto cuesta reformar la fachada de un chalet?"},"content":{"rendered":"<p><i><span style=\"font-weight: 400;\">A la hora de meterse en obras es muy importante conocer de primera mano los gastos que supondr\u00e1n las mismas. Solicitar un presupuesto a una empresa dedicada a este tipo de trabajos es la mejor opci\u00f3n, puesto que sabr\u00e1n especificar al detalle los gastos necesarios tanto en mano de obra como en los materiales.\u00a0<\/span><\/i><\/p>\n<p><!--more--><\/p>\n<p><b>A la hora de reformar la fachada de un chalet es imprescindible tener claro qu\u00e9 tipo de obra se desea hacer.<\/b><span style=\"font-weight: 400;\"> \u00bfSe trata de un lavado de cara menor o es m\u00e1s bien un cambio radical? \u00bfSe pretende cambiar el estilo original de la parte externa de la casa o s\u00f3lo aportar un toque de modernidad sin realizar demasiadas obras?\u00a0<\/span><\/p>\n<p><span style=\"font-weight: 400;\">Dependiendo de la respuesta el presupuesto va a cambiar enormemente, pero tambi\u00e9n cambiar\u00e1 el dise\u00f1o del proyecto. Por ello, lo ideal, tanto si es una peque\u00f1a reforma como si es un cambio radical, es <\/span><b>ponerse en contacto con <\/b><a href=\"https:\/\/www.klicarquitectos.com\/\"><b>arquitectos en M\u00e1laga<\/b><\/a><b> que aporten un proyecto personalizado y ajustado a lo que el cliente desea y necesita,<\/b><span style=\"font-weight: 400;\"> siempre desde una perspectiva que equilibre la belleza y lo pr\u00e1ctico, de manera que tanto comodidad como dise\u00f1o se den la mano para ofrecer unos resultados duraderos y en consonancia.\u00a0<\/span><\/p>\n<h2><b>Garantizar la calidad y la excelencia<\/b><\/h2>\n<p><span style=\"font-weight: 400;\">Por tanto, cuando un cliente se plantea <\/span><b>reformar la fachada de un chalet<\/b><span style=\"font-weight: 400;\"> debe tener presente una serie de cuestiones. Por una parte, <\/span><b>es important\u00edsimo que la empresa a la que acuda para realizar las obras aporte garant\u00edas de calidad en los acabados y de excelencia en los resultados.<\/b><span style=\"font-weight: 400;\"> S\u00f3lo de esta forma lo que antes era una fachada antigua o falta de gracia se convertir\u00e1 en un espacio \u00fanico, dise\u00f1ado para optimizar la luz, las vistas, pero tambi\u00e9n la intimidad de los habitantes de la casa.<\/span><\/p>\n<p><span style=\"font-weight: 400;\">Si se desea disponer de un espacio diferente, personalizado, \u00fanico y en perfecta armon\u00eda con el entorno hay que empezar por aportar una fachada que se integre en el proyecto a la perfecci\u00f3n. Si ya se dispone de la casa, y lo que se desea es darle un nuevo aire o adaptarla a las necesidades del nuevo usuario, entonces habr\u00e1 que <\/span><b>optar por buscar una empresa especializada en <\/b><a href=\"https:\/\/www.klicarquitectos.com\/reformas-de-lujo\/\"><b>reformas de lujo<\/b><\/a><b>.<\/b><span style=\"font-weight: 400;\"> Solo as\u00ed se podr\u00e1n combinar estilo y funcionalidad con los mejores materiales y las mejores ideas. Siempre buscando una idea en la que cada detalle sea parte de un conjunto perfecto en el que vivir una aventura cada d\u00eda.\u00a0<\/span><\/p>\n<h2><b>Libertad en el dise\u00f1o<\/b><\/h2>\n<p><span style=\"font-weight: 400;\">Acudir a profesionales especializados en <\/span><b>reformar la fachada de un chalet<\/b><span style=\"font-weight: 400;\"> no implica que las reformas de lujo lleven un camino predeterminado. Al contrario, estos arquitectos en M\u00e1laga aportan su esencia, sus conocimientos y su buen hacer, pero siempre apostando por que el propietario se involucre en el proyecto total y absolutamente. S\u00f3lo as\u00ed<\/span><b> cada dise\u00f1o ser\u00e1 \u00fanico y adaptado al estilo de su usuario. Igualmente, de esta forma el resultado final tendr\u00e1 un significado coherente que defina cada detalle por s\u00ed mismo.<\/b><span style=\"font-weight: 400;\">\u00a0<\/span><\/p>\n<p><span style=\"font-weight: 400;\">Por ello la implicaci\u00f3n de los clientes es fundamental. Lo importante es que la calidad en el dise\u00f1o y en el uso de los materiales debe ser directamente proporcional a la calidad de vida de la que despu\u00e9s disfrute ese usuario final del inmueble.\u00a0\u00a0<\/span><\/p>\n<h2><b>Materiales y acabados<\/b><\/h2>\n<p><span style=\"font-weight: 400;\">Aparte del dise\u00f1o de la fachada o del dise\u00f1o de los interiores, una reforma de lujo implica la utilizaci\u00f3n de materiales nobles y de t\u00e9cnicas precisas y bien trabajadas. No hay reformas caras o baratas, hay reformas cuyo precio se ajusta a las calidades y a los resultados que se ofrecen.\u00a0<\/span><\/p>\n<p><span style=\"font-weight: 400;\">Por ello, <\/span><b>lo m\u00e1s importante es trabajar mano a mano con los arquitectos redactores del proyecto de reforma y expresar los gustos y los detalles que se esperan de la misma<\/b><span style=\"font-weight: 400;\">. Los resultados deben ser una simbiosis perfecta entre los gustos y necesidades del cliente y la funcionalidad y optimizaci\u00f3n de los espacios propuesta por los profesionales.\u00a0<\/span><\/p>\n","protected":false},"excerpt":{"rendered":"<p>A la hora de meterse en obras es muy importante conocer de primera mano los gastos que supondr\u00e1n las mismas. Solicitar un presupuesto a una empresa dedicada a este tipo de trabajos es la mejor opci\u00f3n, puesto que sabr\u00e1n especificar al detalle los gastos necesarios tanto en mano de obra como en los materiales.\u00a0<\/p>\n","protected":false},"author":14,"featured_media":139116,"comment_status":"open","ping_status":"closed","sticky":false,"template":"","format":"standard","meta":{"om_disable_all_campaigns":false,"inline_featured_image":false,"_monsterinsights_skip_tracking":false,"_monsterinsights_sitenote_active":false,"_monsterinsights_sitenote_note":"","_monsterinsights_sitenote_category":0,"footnotes":""},"categories":[80,6],"tags":[129,22863,1809,22861,22862,7605,3153],"class_list":["post-139115","post","type-post","status-publish","format-standard","has-post-thumbnail","hentry","category-actualidad","category-tendencias","tag-actualidad-2","tag-de-interes","tag-diseno","tag-fachada-de-un-chalet","tag-materiales-y-acabados","tag-obra","tag-tendencias-2"],"yoast_head":"<!-- This site is optimized with the Yoast SEO plugin v27.4 - https:\/\/yoast.com\/product\/yoast-seo-wordpress\/ -->\n<title>\u00bfCu\u00e1nto cuesta reformar la fachada de un chalet?<\/title>\n<meta name=\"description\" content=\"A la hora de meterse en obras es muy importante conocer de primera mano los gastos que supondr\u00e1n las mismas.\" \/>\n<meta name=\"robots\" content=\"index, follow, max-snippet:-1, max-image-preview:large, max-video-preview:-1\" \/>\n<link rel=\"canonical\" href=\"https:\/\/centrourbano.com\/revista\/actualidad\/tendencias\/cuanto-cuesta-reformar-la-fachada-de-un-chalet\/\" \/>\n<meta property=\"og:locale\" content=\"es_ES\" \/>\n<meta property=\"og:type\" content=\"article\" \/>\n<meta property=\"og:title\" content=\"\u00bfCu\u00e1nto cuesta reformar la fachada de un chalet?\" \/>\n<meta property=\"og:description\" content=\"A la hora de meterse en obras es muy importante conocer de primera mano los gastos que supondr\u00e1n las mismas.\" \/>\n<meta property=\"og:url\" content=\"https:\/\/centrourbano.com\/revista\/actualidad\/tendencias\/cuanto-cuesta-reformar-la-fachada-de-un-chalet\/\" \/>\n<meta property=\"og:site_name\" content=\"Centro Urbano\" \/>\n<meta property=\"article:publisher\" content=\"https:\/\/www.facebook.com\/portalcentrourbano\" \/>\n<meta property=\"article:published_time\" content=\"2023-03-30T18:05:27+00:00\" \/>\n<meta property=\"og:image\" content=\"https:\/\/centrourbano.com\/revista\/wp-content\/uploads\/Diseno-sin-titulo-1-11.png\" \/>\n\t<meta property=\"og:image:width\" content=\"800\" \/>\n\t<meta property=\"og:image:height\" content=\"800\" \/>\n\t<meta property=\"og:image:type\" content=\"image\/png\" \/>\n<meta name=\"author\" content=\"Redacci\u00f3n Centro Urbano\" \/>\n<meta name=\"twitter:card\" content=\"summary_large_image\" \/>\n<meta name=\"twitter:creator\" content=\"@CentroUrbano\" \/>\n<meta name=\"twitter:site\" content=\"@CentroUrbano\" \/>\n<meta name=\"twitter:label1\" content=\"Escrito por\" \/>\n\t<meta name=\"twitter:data1\" content=\"Redacci\u00f3n Centro Urbano\" \/>\n\t<meta name=\"twitter:label2\" content=\"Tiempo de lectura\" \/>\n\t<meta name=\"twitter:data2\" content=\"3 minutos\" \/>\n<script type=\"application\/ld+json\" class=\"yoast-schema-graph\">{\"@context\":\"https:\\\/\\\/schema.org\",\"@graph\":[{\"@type\":\"Article\",\"@id\":\"https:\\\/\\\/centrourbano.com\\\/revista\\\/actualidad\\\/tendencias\\\/cuanto-cuesta-reformar-la-fachada-de-un-chalet\\\/#article\",\"isPartOf\":{\"@id\":\"https:\\\/\\\/centrourbano.com\\\/revista\\\/actualidad\\\/tendencias\\\/cuanto-cuesta-reformar-la-fachada-de-un-chalet\\\/\"},\"author\":{\"name\":\"Redacci\u00f3n Centro Urbano\",\"@id\":\"https:\\\/\\\/centrourbano.com\\\/revista\\\/#\\\/schema\\\/person\\\/680e7c50f9d6e917e416c9efdc26f996\"},\"headline\":\"\u00bfCu\u00e1nto cuesta reformar la fachada de un chalet?\",\"datePublished\":\"2023-03-30T18:05:27+00:00\",\"mainEntityOfPage\":{\"@id\":\"https:\\\/\\\/centrourbano.com\\\/revista\\\/actualidad\\\/tendencias\\\/cuanto-cuesta-reformar-la-fachada-de-un-chalet\\\/\"},\"wordCount\":687,\"commentCount\":0,\"publisher\":{\"@id\":\"https:\\\/\\\/centrourbano.com\\\/revista\\\/#organization\"},\"image\":{\"@id\":\"https:\\\/\\\/centrourbano.com\\\/revista\\\/actualidad\\\/tendencias\\\/cuanto-cuesta-reformar-la-fachada-de-un-chalet\\\/#primaryimage\"},\"thumbnailUrl\":\"https:\\\/\\\/centrourbano.com\\\/revista\\\/wp-content\\\/uploads\\\/Diseno-sin-titulo-1-11.png\",\"keywords\":[\"actualidad\",\"De interes\",\"dise\u00f1o\",\"fachada de un chalet\",\"Materiales y acabados\",\"Obra\",\"tendencias\"],\"articleSection\":[\"Actualidad\",\"Tendencias\"],\"inLanguage\":\"es\",\"potentialAction\":[{\"@type\":\"CommentAction\",\"name\":\"Comment\",\"target\":[\"https:\\\/\\\/centrourbano.com\\\/revista\\\/actualidad\\\/tendencias\\\/cuanto-cuesta-reformar-la-fachada-de-un-chalet\\\/#respond\"]}]},{\"@type\":\"WebPage\",\"@id\":\"https:\\\/\\\/centrourbano.com\\\/revista\\\/actualidad\\\/tendencias\\\/cuanto-cuesta-reformar-la-fachada-de-un-chalet\\\/\",\"url\":\"https:\\\/\\\/centrourbano.com\\\/revista\\\/actualidad\\\/tendencias\\\/cuanto-cuesta-reformar-la-fachada-de-un-chalet\\\/\",\"name\":\"\u00bfCu\u00e1nto cuesta reformar la fachada de un chalet?\",\"isPartOf\":{\"@id\":\"https:\\\/\\\/centrourbano.com\\\/revista\\\/#website\"},\"primaryImageOfPage\":{\"@id\":\"https:\\\/\\\/centrourbano.com\\\/revista\\\/actualidad\\\/tendencias\\\/cuanto-cuesta-reformar-la-fachada-de-un-chalet\\\/#primaryimage\"},\"image\":{\"@id\":\"https:\\\/\\\/centrourbano.com\\\/revista\\\/actualidad\\\/tendencias\\\/cuanto-cuesta-reformar-la-fachada-de-un-chalet\\\/#primaryimage\"},\"thumbnailUrl\":\"https:\\\/\\\/centrourbano.com\\\/revista\\\/wp-content\\\/uploads\\\/Diseno-sin-titulo-1-11.png\",\"datePublished\":\"2023-03-30T18:05:27+00:00\",\"description\":\"A la hora de meterse en obras es muy importante conocer de primera mano los gastos que supondr\u00e1n las mismas.\",\"breadcrumb\":{\"@id\":\"https:\\\/\\\/centrourbano.com\\\/revista\\\/actualidad\\\/tendencias\\\/cuanto-cuesta-reformar-la-fachada-de-un-chalet\\\/#breadcrumb\"},\"inLanguage\":\"es\",\"potentialAction\":[{\"@type\":\"ReadAction\",\"target\":[\"https:\\\/\\\/centrourbano.com\\\/revista\\\/actualidad\\\/tendencias\\\/cuanto-cuesta-reformar-la-fachada-de-un-chalet\\\/\"]}]},{\"@type\":\"ImageObject\",\"inLanguage\":\"es\",\"@id\":\"https:\\\/\\\/centrourbano.com\\\/revista\\\/actualidad\\\/tendencias\\\/cuanto-cuesta-reformar-la-fachada-de-un-chalet\\\/#primaryimage\",\"url\":\"https:\\\/\\\/centrourbano.com\\\/revista\\\/wp-content\\\/uploads\\\/Diseno-sin-titulo-1-11.png\",\"contentUrl\":\"https:\\\/\\\/centrourbano.com\\\/revista\\\/wp-content\\\/uploads\\\/Diseno-sin-titulo-1-11.png\",\"width\":800,\"height\":800,\"caption\":\"\u00bfCu\u00e1nto cuesta reformar la fachada de un chalet?\"},{\"@type\":\"BreadcrumbList\",\"@id\":\"https:\\\/\\\/centrourbano.com\\\/revista\\\/actualidad\\\/tendencias\\\/cuanto-cuesta-reformar-la-fachada-de-un-chalet\\\/#breadcrumb\",\"itemListElement\":[{\"@type\":\"ListItem\",\"position\":1,\"name\":\"Portada\",\"item\":\"https:\\\/\\\/centrourbano.com\\\/revista\\\/\"},{\"@type\":\"ListItem\",\"position\":2,\"name\":\"\u00bfCu\u00e1nto cuesta reformar la fachada de un chalet?\"}]},{\"@type\":\"WebSite\",\"@id\":\"https:\\\/\\\/centrourbano.com\\\/revista\\\/#website\",\"url\":\"https:\\\/\\\/centrourbano.com\\\/revista\\\/\",\"name\":\"Centro Urbano\",\"description\":\"Medio especializado en los sectores vivienda, inmobiliario, construcci\u00f3n, arquitectura y urbanismo.\",\"publisher\":{\"@id\":\"https:\\\/\\\/centrourbano.com\\\/revista\\\/#organization\"},\"potentialAction\":[{\"@type\":\"SearchAction\",\"target\":{\"@type\":\"EntryPoint\",\"urlTemplate\":\"https:\\\/\\\/centrourbano.com\\\/revista\\\/?s={search_term_string}\"},\"query-input\":{\"@type\":\"PropertyValueSpecification\",\"valueRequired\":true,\"valueName\":\"search_term_string\"}}],\"inLanguage\":\"es\"},{\"@type\":\"Organization\",\"@id\":\"https:\\\/\\\/centrourbano.com\\\/revista\\\/#organization\",\"name\":\"Centro Urbano\",\"url\":\"https:\\\/\\\/centrourbano.com\\\/revista\\\/\",\"logo\":{\"@type\":\"ImageObject\",\"inLanguage\":\"es\",\"@id\":\"https:\\\/\\\/centrourbano.com\\\/revista\\\/#\\\/schema\\\/logo\\\/image\\\/\",\"url\":\"https:\\\/\\\/centrourbano.com\\\/revista\\\/wp-content\\\/uploads\\\/web_CU_logo-1.png\",\"contentUrl\":\"https:\\\/\\\/centrourbano.com\\\/revista\\\/wp-content\\\/uploads\\\/web_CU_logo-1.png\",\"width\":350,\"height\":91,\"caption\":\"Centro Urbano\"},\"image\":{\"@id\":\"https:\\\/\\\/centrourbano.com\\\/revista\\\/#\\\/schema\\\/logo\\\/image\\\/\"},\"sameAs\":[\"https:\\\/\\\/www.facebook.com\\\/portalcentrourbano\",\"https:\\\/\\\/x.com\\\/CentroUrbano\",\"https:\\\/\\\/www.instagram.com\\\/centro_urbano\\\/\",\"https:\\\/\\\/www.linkedin.com\\\/company\\\/centro-urbano\\\/\",\"http:\\\/\\\/www.youtube.com\\\/user\\\/portalcentrourbano\"]},{\"@type\":\"Person\",\"@id\":\"https:\\\/\\\/centrourbano.com\\\/revista\\\/#\\\/schema\\\/person\\\/680e7c50f9d6e917e416c9efdc26f996\",\"name\":\"Redacci\u00f3n Centro Urbano\",\"image\":{\"@type\":\"ImageObject\",\"inLanguage\":\"es\",\"@id\":\"https:\\\/\\\/secure.gravatar.com\\\/avatar\\\/15a789f894398c0f311f3a7a2ee28032bbc0483098539da66b6a045aa810bf35?s=96&d=mm&r=g\",\"url\":\"https:\\\/\\\/secure.gravatar.com\\\/avatar\\\/15a789f894398c0f311f3a7a2ee28032bbc0483098539da66b6a045aa810bf35?s=96&d=mm&r=g\",\"contentUrl\":\"https:\\\/\\\/secure.gravatar.com\\\/avatar\\\/15a789f894398c0f311f3a7a2ee28032bbc0483098539da66b6a045aa810bf35?s=96&d=mm&r=g\",\"caption\":\"Redacci\u00f3n Centro Urbano\"},\"url\":\"https:\\\/\\\/centrourbano.com\\\/revista\\\/author\\\/editorial\\\/\"}]}<\/script>\n<!-- \/ Yoast SEO plugin. -->","yoast_head_json":{"title":"\u00bfCu\u00e1nto cuesta reformar la fachada de un chalet?","description":"A la hora de meterse en obras es muy importante conocer de primera mano los gastos que supondr\u00e1n las mismas.","robots":{"index":"index","follow":"follow","max-snippet":"max-snippet:-1","max-image-preview":"max-image-preview:large","max-video-preview":"max-video-preview:-1"},"canonical":"https:\/\/centrourbano.com\/revista\/actualidad\/tendencias\/cuanto-cuesta-reformar-la-fachada-de-un-chalet\/","og_locale":"es_ES","og_type":"article","og_title":"\u00bfCu\u00e1nto cuesta reformar la fachada de un chalet?","og_description":"A la hora de meterse en obras es muy importante conocer de primera mano los gastos que supondr\u00e1n las mismas.","og_url":"https:\/\/centrourbano.com\/revista\/actualidad\/tendencias\/cuanto-cuesta-reformar-la-fachada-de-un-chalet\/","og_site_name":"Centro Urbano","article_publisher":"https:\/\/www.facebook.com\/portalcentrourbano","article_published_time":"2023-03-30T18:05:27+00:00","og_image":[{"width":800,"height":800,"url":"https:\/\/centrourbano.com\/revista\/wp-content\/uploads\/Diseno-sin-titulo-1-11.png","type":"image\/png"}],"author":"Redacci\u00f3n Centro Urbano","twitter_card":"summary_large_image","twitter_creator":"@CentroUrbano","twitter_site":"@CentroUrbano","twitter_misc":{"Escrito por":"Redacci\u00f3n Centro Urbano","Tiempo de lectura":"3 minutos"},"schema":{"@context":"https:\/\/schema.org","@graph":[{"@type":"Article","@id":"https:\/\/centrourbano.com\/revista\/actualidad\/tendencias\/cuanto-cuesta-reformar-la-fachada-de-un-chalet\/#article","isPartOf":{"@id":"https:\/\/centrourbano.com\/revista\/actualidad\/tendencias\/cuanto-cuesta-reformar-la-fachada-de-un-chalet\/"},"author":{"name":"Redacci\u00f3n Centro Urbano","@id":"https:\/\/centrourbano.com\/revista\/#\/schema\/person\/680e7c50f9d6e917e416c9efdc26f996"},"headline":"\u00bfCu\u00e1nto cuesta reformar la fachada de un chalet?","datePublished":"2023-03-30T18:05:27+00:00","mainEntityOfPage":{"@id":"https:\/\/centrourbano.com\/revista\/actualidad\/tendencias\/cuanto-cuesta-reformar-la-fachada-de-un-chalet\/"},"wordCount":687,"commentCount":0,"publisher":{"@id":"https:\/\/centrourbano.com\/revista\/#organization"},"image":{"@id":"https:\/\/centrourbano.com\/revista\/actualidad\/tendencias\/cuanto-cuesta-reformar-la-fachada-de-un-chalet\/#primaryimage"},"thumbnailUrl":"https:\/\/centrourbano.com\/revista\/wp-content\/uploads\/Diseno-sin-titulo-1-11.png","keywords":["actualidad","De interes","dise\u00f1o","fachada de un chalet","Materiales y acabados","Obra","tendencias"],"articleSection":["Actualidad","Tendencias"],"inLanguage":"es","potentialAction":[{"@type":"CommentAction","name":"Comment","target":["https:\/\/centrourbano.com\/revista\/actualidad\/tendencias\/cuanto-cuesta-reformar-la-fachada-de-un-chalet\/#respond"]}]},{"@type":"WebPage","@id":"https:\/\/centrourbano.com\/revista\/actualidad\/tendencias\/cuanto-cuesta-reformar-la-fachada-de-un-chalet\/","url":"https:\/\/centrourbano.com\/revista\/actualidad\/tendencias\/cuanto-cuesta-reformar-la-fachada-de-un-chalet\/","name":"\u00bfCu\u00e1nto cuesta reformar la fachada de un chalet?","isPartOf":{"@id":"https:\/\/centrourbano.com\/revista\/#website"},"primaryImageOfPage":{"@id":"https:\/\/centrourbano.com\/revista\/actualidad\/tendencias\/cuanto-cuesta-reformar-la-fachada-de-un-chalet\/#primaryimage"},"image":{"@id":"https:\/\/centrourbano.com\/revista\/actualidad\/tendencias\/cuanto-cuesta-reformar-la-fachada-de-un-chalet\/#primaryimage"},"thumbnailUrl":"https:\/\/centrourbano.com\/revista\/wp-content\/uploads\/Diseno-sin-titulo-1-11.png","datePublished":"2023-03-30T18:05:27+00:00","description":"A la hora de meterse en obras es muy importante conocer de primera mano los gastos que supondr\u00e1n las mismas.","breadcrumb":{"@id":"https:\/\/centrourbano.com\/revista\/actualidad\/tendencias\/cuanto-cuesta-reformar-la-fachada-de-un-chalet\/#breadcrumb"},"inLanguage":"es","potentialAction":[{"@type":"ReadAction","target":["https:\/\/centrourbano.com\/revista\/actualidad\/tendencias\/cuanto-cuesta-reformar-la-fachada-de-un-chalet\/"]}]},{"@type":"ImageObject","inLanguage":"es","@id":"https:\/\/centrourbano.com\/revista\/actualidad\/tendencias\/cuanto-cuesta-reformar-la-fachada-de-un-chalet\/#primaryimage","url":"https:\/\/centrourbano.com\/revista\/wp-content\/uploads\/Diseno-sin-titulo-1-11.png","contentUrl":"https:\/\/centrourbano.com\/revista\/wp-content\/uploads\/Diseno-sin-titulo-1-11.png","width":800,"height":800,"caption":"\u00bfCu\u00e1nto cuesta reformar la fachada de un chalet?"},{"@type":"BreadcrumbList","@id":"https:\/\/centrourbano.com\/revista\/actualidad\/tendencias\/cuanto-cuesta-reformar-la-fachada-de-un-chalet\/#breadcrumb","itemListElement":[{"@type":"ListItem","position":1,"name":"Portada","item":"https:\/\/centrourbano.com\/revista\/"},{"@type":"ListItem","position":2,"name":"\u00bfCu\u00e1nto cuesta reformar la fachada de un chalet?"}]},{"@type":"WebSite","@id":"https:\/\/centrourbano.com\/revista\/#website","url":"https:\/\/centrourbano.com\/revista\/","name":"Centro Urbano","description":"Medio especializado en los sectores vivienda, inmobiliario, construcci\u00f3n, arquitectura y urbanismo.","publisher":{"@id":"https:\/\/centrourbano.com\/revista\/#organization"},"potentialAction":[{"@type":"SearchAction","target":{"@type":"EntryPoint","urlTemplate":"https:\/\/centrourbano.com\/revista\/?s={search_term_string}"},"query-input":{"@type":"PropertyValueSpecification","valueRequired":true,"valueName":"search_term_string"}}],"inLanguage":"es"},{"@type":"Organization","@id":"https:\/\/centrourbano.com\/revista\/#organization","name":"Centro Urbano","url":"https:\/\/centrourbano.com\/revista\/","logo":{"@type":"ImageObject","inLanguage":"es","@id":"https:\/\/centrourbano.com\/revista\/#\/schema\/logo\/image\/","url":"https:\/\/centrourbano.com\/revista\/wp-content\/uploads\/web_CU_logo-1.png","contentUrl":"https:\/\/centrourbano.com\/revista\/wp-content\/uploads\/web_CU_logo-1.png","width":350,"height":91,"caption":"Centro Urbano"},"image":{"@id":"https:\/\/centrourbano.com\/revista\/#\/schema\/logo\/image\/"},"sameAs":["https:\/\/www.facebook.com\/portalcentrourbano","https:\/\/x.com\/CentroUrbano","https:\/\/www.instagram.com\/centro_urbano\/","https:\/\/www.linkedin.com\/company\/centro-urbano\/","http:\/\/www.youtube.com\/user\/portalcentrourbano"]},{"@type":"Person","@id":"https:\/\/centrourbano.com\/revista\/#\/schema\/person\/680e7c50f9d6e917e416c9efdc26f996","name":"Redacci\u00f3n Centro Urbano","image":{"@type":"ImageObject","inLanguage":"es","@id":"https:\/\/secure.gravatar.com\/avatar\/15a789f894398c0f311f3a7a2ee28032bbc0483098539da66b6a045aa810bf35?s=96&d=mm&r=g","url":"https:\/\/secure.gravatar.com\/avatar\/15a789f894398c0f311f3a7a2ee28032bbc0483098539da66b6a045aa810bf35?s=96&d=mm&r=g","contentUrl":"https:\/\/secure.gravatar.com\/avatar\/15a789f894398c0f311f3a7a2ee28032bbc0483098539da66b6a045aa810bf35?s=96&d=mm&r=g","caption":"Redacci\u00f3n Centro Urbano"},"url":"https:\/\/centrourbano.com\/revista\/author\/editorial\/"}]}},"_links":{"self":[{"href":"https:\/\/centrourbano.com\/revista\/wp-json\/wp\/v2\/posts\/139115","targetHints":{"allow":["GET"]}}],"collection":[{"href":"https:\/\/centrourbano.com\/revista\/wp-json\/wp\/v2\/posts"}],"about":[{"href":"https:\/\/centrourbano.com\/revista\/wp-json\/wp\/v2\/types\/post"}],"author":[{"embeddable":true,"href":"https:\/\/centrourbano.com\/revista\/wp-json\/wp\/v2\/users\/14"}],"replies":[{"embeddable":true,"href":"https:\/\/centrourbano.com\/revista\/wp-json\/wp\/v2\/comments?post=139115"}],"version-history":[{"count":1,"href":"https:\/\/centrourbano.com\/revista\/wp-json\/wp\/v2\/posts\/139115\/revisions"}],"predecessor-version":[{"id":139117,"href":"https:\/\/centrourbano.com\/revista\/wp-json\/wp\/v2\/posts\/139115\/revisions\/139117"}],"wp:featuredmedia":[{"embeddable":true,"href":"https:\/\/centrourbano.com\/revista\/wp-json\/wp\/v2\/media\/139116"}],"wp:attachment":[{"href":"https:\/\/centrourbano.com\/revista\/wp-json\/wp\/v2\/media?parent=139115"}],"wp:term":[{"taxonomy":"category","embeddable":true,"href":"https:\/\/centrourbano.com\/revista\/wp-json\/wp\/v2\/categories?post=139115"},{"taxonomy":"post_tag","embeddable":true,"href":"https:\/\/centrourbano.com\/revista\/wp-json\/wp\/v2\/tags?post=139115"}],"curies":[{"name":"wp","href":"https:\/\/api.w.org\/{rel}","templated":true}]}}