{"id":139048,"date":"2023-03-28T14:00:07","date_gmt":"2023-03-28T20:00:07","guid":{"rendered":"https:\/\/centrourbano.com\/?p=139048"},"modified":"2023-03-28T14:00:07","modified_gmt":"2023-03-28T20:00:07","slug":"alohome-flat-se-unen-compradores-y-desarrolladores-seran-los-mas-beneficiados","status":"publish","type":"post","link":"https:\/\/centrourbano.com\/revista\/inmobiliario\/alohome-flat-se-unen-compradores-y-desarrolladores-seran-los-mas-beneficiados\/","title":{"rendered":"Alohome y Flat se unen, compradores y desarrolladores ser\u00e1n los m\u00e1s beneficiados"},"content":{"rendered":"<p><em>La alianza de Flat y alohome brindar\u00e1 a los clientes una opci\u00f3n para mejorar la distribuci\u00f3n de sus inmuebles y obtener mejores ventas<\/em><!--more--><\/p>\n<p>Recientemente, las proptech <a href=\"https:\/\/centrourbano.com\/inmobiliario\/flat-mx-premios-soonicorn\/\" target=\"_blank\" rel=\"noopener\">Flat.mx<\/a> y alohome anunciaron su <strong>nueva alianza,<\/strong> con la cual buscar\u00e1n formar una estrategia para que <strong>compradores<\/strong> y <strong>desarrolladores de bienes ra\u00edce<\/strong>s se vean beneficiados significativamente.<\/p>\n<p>Con la alianza, los<strong> desarrolladores<\/strong> podr\u00e1n potenciar la comercializaci\u00f3n de sus desarrollos, esto a trav\u00e9s de alohome; posteriormente, se publicar\u00e1 de forma directa <strong>el inventario en Flat.mx<\/strong>; y se podr\u00e1 tener acceso a un<strong> canal de distribuci\u00f3n<\/strong> con m\u00e1s de 500,000 visitas mensuales y una red de 1,000 agentes.<\/p>\n<p>Debido a ello, se espera una <strong>aceleraci\u00f3n en venta<\/strong> de 2,300 unidades disponibles que se encuentran disponibles en <strong>el inventario de alohome<\/strong>, cuyo valor en conjunto asciende a los 650 millones de d\u00f3lares.<\/p>\n<p>Bajo este contexto, el Ceo de alohome, Eduardo Orozco coment\u00f3 que los clientes tendr\u00e1n la mejor opci\u00f3n para <strong>mejorar la distribuci\u00f3n<\/strong> de sus casas y departamentos. Y, en consecuencia, se espera que obtengan mejores <strong>resultados de negocio<\/strong> de una forma f\u00e1cil e inmediata.<\/p>\n<p>Dicha aseveraci\u00f3n se debe a que la uni\u00f3n entre ambas compa\u00f1\u00edas generar\u00e1 un nuevo servicio enfocado en la <strong>generaci\u00f3n de prospectos<\/strong>. Por lo tanto, se reducir\u00e1n de forma significativa las tareas e interacciones entre los diferentes equipos, puesto que todo se podr\u00e1 realizar desde una misma plataforma.<\/p>\n<blockquote><p>\u201cCon esta alianza, se le est\u00e1 dando a los clientes de alohome una soluci\u00f3n tecnol\u00f3gica especializada para el sector inmobiliario; alcanzando a m\u00e1s usuarios y potenciales clientes de una forma r\u00e1pida, \u00e1gil y sencilla gracias a la integraci\u00f3n de los datos\u201d, finaliz\u00f3 Bernardo Cordero, Cofundador de Flat.mx<\/p><\/blockquote>\n<p>&nbsp;<\/p>\n","protected":false},"excerpt":{"rendered":"<p>La alianza de Flat y alohome brindar\u00e1 a los clientes una opci\u00f3n para mejorar la distribuci\u00f3n de sus inmuebles y obtener mejores ventas<\/p>\n","protected":false},"author":80,"featured_media":139049,"comment_status":"open","ping_status":"closed","sticky":false,"template":"","format":"standard","meta":{"om_disable_all_campaigns":false,"inline_featured_image":false,"_monsterinsights_skip_tracking":false,"_monsterinsights_sitenote_active":false,"_monsterinsights_sitenote_note":"","_monsterinsights_sitenote_category":0,"footnotes":""},"categories":[15],"tags":[16788,14466,19143,21185],"class_list":["post-139048","post","type-post","status-publish","format-standard","has-post-thumbnail","hentry","category-inmobiliario","tag-compra-venta-de-inmuebles","tag-proptech","tag-venta-de-casas","tag-venta-de-departamentos"],"yoast_head":"<!-- This site is optimized with the Yoast SEO plugin v27.4 - https:\/\/yoast.com\/product\/yoast-seo-wordpress\/ -->\n<title>Alohome y Flat se unen, compradores y desarrolladores ser\u00e1n los m\u00e1s beneficiados<\/title>\n<meta name=\"description\" content=\"La alianza de Flat y alohome brindar\u00e1 a los clientes una opci\u00f3n para mejorar la distribuci\u00f3n de sus inmuebles y obtener mejores ventas\" \/>\n<meta name=\"robots\" content=\"index, follow, max-snippet:-1, max-image-preview:large, max-video-preview:-1\" \/>\n<link rel=\"canonical\" href=\"https:\/\/centrourbano.com\/revista\/inmobiliario\/alohome-flat-se-unen-compradores-y-desarrolladores-seran-los-mas-beneficiados\/\" \/>\n<meta property=\"og:locale\" content=\"es_ES\" \/>\n<meta property=\"og:type\" content=\"article\" \/>\n<meta property=\"og:title\" content=\"Alohome y Flat se unen, compradores y desarrolladores ser\u00e1n los m\u00e1s beneficiados\" \/>\n<meta property=\"og:description\" content=\"La alianza de Flat y alohome brindar\u00e1 a los clientes una opci\u00f3n para mejorar la distribuci\u00f3n de sus inmuebles y obtener mejores ventas\" \/>\n<meta property=\"og:url\" content=\"https:\/\/centrourbano.com\/revista\/inmobiliario\/alohome-flat-se-unen-compradores-y-desarrolladores-seran-los-mas-beneficiados\/\" \/>\n<meta property=\"og:site_name\" content=\"Centro Urbano\" \/>\n<meta property=\"article:publisher\" content=\"https:\/\/www.facebook.com\/portalcentrourbano\" \/>\n<meta property=\"article:published_time\" content=\"2023-03-28T20:00:07+00:00\" \/>\n<meta property=\"og:image\" content=\"https:\/\/centrourbano.com\/revista\/wp-content\/uploads\/pexels-rodnae-productions-8293778-2-scaled.jpg\" \/>\n\t<meta property=\"og:image:width\" content=\"2560\" \/>\n\t<meta property=\"og:image:height\" content=\"2560\" \/>\n\t<meta property=\"og:image:type\" content=\"image\/jpeg\" \/>\n<meta name=\"author\" content=\"Jackeline Valle\" \/>\n<meta name=\"twitter:card\" content=\"summary_large_image\" \/>\n<meta name=\"twitter:creator\" content=\"@CentroUrbano\" \/>\n<meta name=\"twitter:site\" content=\"@CentroUrbano\" \/>\n<meta name=\"twitter:label1\" content=\"Escrito por\" \/>\n\t<meta name=\"twitter:data1\" content=\"Jackeline Valle\" \/>\n\t<meta name=\"twitter:label2\" content=\"Tiempo de lectura\" \/>\n\t<meta name=\"twitter:data2\" content=\"1 minuto\" \/>\n<script type=\"application\/ld+json\" class=\"yoast-schema-graph\">{\"@context\":\"https:\\\/\\\/schema.org\",\"@graph\":[{\"@type\":\"Article\",\"@id\":\"https:\\\/\\\/centrourbano.com\\\/revista\\\/inmobiliario\\\/alohome-flat-se-unen-compradores-y-desarrolladores-seran-los-mas-beneficiados\\\/#article\",\"isPartOf\":{\"@id\":\"https:\\\/\\\/centrourbano.com\\\/revista\\\/inmobiliario\\\/alohome-flat-se-unen-compradores-y-desarrolladores-seran-los-mas-beneficiados\\\/\"},\"author\":{\"name\":\"Jackeline Valle\",\"@id\":\"https:\\\/\\\/centrourbano.com\\\/revista\\\/#\\\/schema\\\/person\\\/910180bf1a924c1932a01f6032f5991a\"},\"headline\":\"Alohome y Flat se unen, compradores y desarrolladores ser\u00e1n los m\u00e1s beneficiados\",\"datePublished\":\"2023-03-28T20:00:07+00:00\",\"mainEntityOfPage\":{\"@id\":\"https:\\\/\\\/centrourbano.com\\\/revista\\\/inmobiliario\\\/alohome-flat-se-unen-compradores-y-desarrolladores-seran-los-mas-beneficiados\\\/\"},\"wordCount\":310,\"commentCount\":0,\"publisher\":{\"@id\":\"https:\\\/\\\/centrourbano.com\\\/revista\\\/#organization\"},\"image\":{\"@id\":\"https:\\\/\\\/centrourbano.com\\\/revista\\\/inmobiliario\\\/alohome-flat-se-unen-compradores-y-desarrolladores-seran-los-mas-beneficiados\\\/#primaryimage\"},\"thumbnailUrl\":\"https:\\\/\\\/centrourbano.com\\\/revista\\\/wp-content\\\/uploads\\\/pexels-rodnae-productions-8293778-2-scaled.jpg\",\"keywords\":[\"Compra-venta de inmuebles\",\"PropTech\",\"venta de casas\",\"Venta de departamentos\"],\"articleSection\":[\"Inmobiliario\"],\"inLanguage\":\"es\",\"potentialAction\":[{\"@type\":\"CommentAction\",\"name\":\"Comment\",\"target\":[\"https:\\\/\\\/centrourbano.com\\\/revista\\\/inmobiliario\\\/alohome-flat-se-unen-compradores-y-desarrolladores-seran-los-mas-beneficiados\\\/#respond\"]}]},{\"@type\":\"WebPage\",\"@id\":\"https:\\\/\\\/centrourbano.com\\\/revista\\\/inmobiliario\\\/alohome-flat-se-unen-compradores-y-desarrolladores-seran-los-mas-beneficiados\\\/\",\"url\":\"https:\\\/\\\/centrourbano.com\\\/revista\\\/inmobiliario\\\/alohome-flat-se-unen-compradores-y-desarrolladores-seran-los-mas-beneficiados\\\/\",\"name\":\"Alohome y Flat se unen, compradores y desarrolladores ser\u00e1n los m\u00e1s beneficiados\",\"isPartOf\":{\"@id\":\"https:\\\/\\\/centrourbano.com\\\/revista\\\/#website\"},\"primaryImageOfPage\":{\"@id\":\"https:\\\/\\\/centrourbano.com\\\/revista\\\/inmobiliario\\\/alohome-flat-se-unen-compradores-y-desarrolladores-seran-los-mas-beneficiados\\\/#primaryimage\"},\"image\":{\"@id\":\"https:\\\/\\\/centrourbano.com\\\/revista\\\/inmobiliario\\\/alohome-flat-se-unen-compradores-y-desarrolladores-seran-los-mas-beneficiados\\\/#primaryimage\"},\"thumbnailUrl\":\"https:\\\/\\\/centrourbano.com\\\/revista\\\/wp-content\\\/uploads\\\/pexels-rodnae-productions-8293778-2-scaled.jpg\",\"datePublished\":\"2023-03-28T20:00:07+00:00\",\"description\":\"La alianza de Flat y alohome brindar\u00e1 a los clientes una opci\u00f3n para mejorar la distribuci\u00f3n de sus inmuebles y obtener mejores ventas\",\"breadcrumb\":{\"@id\":\"https:\\\/\\\/centrourbano.com\\\/revista\\\/inmobiliario\\\/alohome-flat-se-unen-compradores-y-desarrolladores-seran-los-mas-beneficiados\\\/#breadcrumb\"},\"inLanguage\":\"es\",\"potentialAction\":[{\"@type\":\"ReadAction\",\"target\":[\"https:\\\/\\\/centrourbano.com\\\/revista\\\/inmobiliario\\\/alohome-flat-se-unen-compradores-y-desarrolladores-seran-los-mas-beneficiados\\\/\"]}]},{\"@type\":\"ImageObject\",\"inLanguage\":\"es\",\"@id\":\"https:\\\/\\\/centrourbano.com\\\/revista\\\/inmobiliario\\\/alohome-flat-se-unen-compradores-y-desarrolladores-seran-los-mas-beneficiados\\\/#primaryimage\",\"url\":\"https:\\\/\\\/centrourbano.com\\\/revista\\\/wp-content\\\/uploads\\\/pexels-rodnae-productions-8293778-2-scaled.jpg\",\"contentUrl\":\"https:\\\/\\\/centrourbano.com\\\/revista\\\/wp-content\\\/uploads\\\/pexels-rodnae-productions-8293778-2-scaled.jpg\",\"width\":2560,\"height\":2560,\"caption\":\"La alianza de Flat y alohome brindar\u00e1 a los clientes una opci\u00f3n para mejorar la distribuci\u00f3n de sus inmuebles y obtener mejores resultados de venas\"},{\"@type\":\"BreadcrumbList\",\"@id\":\"https:\\\/\\\/centrourbano.com\\\/revista\\\/inmobiliario\\\/alohome-flat-se-unen-compradores-y-desarrolladores-seran-los-mas-beneficiados\\\/#breadcrumb\",\"itemListElement\":[{\"@type\":\"ListItem\",\"position\":1,\"name\":\"Portada\",\"item\":\"https:\\\/\\\/centrourbano.com\\\/revista\\\/\"},{\"@type\":\"ListItem\",\"position\":2,\"name\":\"Alohome y Flat se unen, compradores y desarrolladores ser\u00e1n los m\u00e1s beneficiados\"}]},{\"@type\":\"WebSite\",\"@id\":\"https:\\\/\\\/centrourbano.com\\\/revista\\\/#website\",\"url\":\"https:\\\/\\\/centrourbano.com\\\/revista\\\/\",\"name\":\"Centro Urbano\",\"description\":\"Medio especializado en los sectores vivienda, inmobiliario, construcci\u00f3n, arquitectura y urbanismo.\",\"publisher\":{\"@id\":\"https:\\\/\\\/centrourbano.com\\\/revista\\\/#organization\"},\"potentialAction\":[{\"@type\":\"SearchAction\",\"target\":{\"@type\":\"EntryPoint\",\"urlTemplate\":\"https:\\\/\\\/centrourbano.com\\\/revista\\\/?s={search_term_string}\"},\"query-input\":{\"@type\":\"PropertyValueSpecification\",\"valueRequired\":true,\"valueName\":\"search_term_string\"}}],\"inLanguage\":\"es\"},{\"@type\":\"Organization\",\"@id\":\"https:\\\/\\\/centrourbano.com\\\/revista\\\/#organization\",\"name\":\"Centro Urbano\",\"url\":\"https:\\\/\\\/centrourbano.com\\\/revista\\\/\",\"logo\":{\"@type\":\"ImageObject\",\"inLanguage\":\"es\",\"@id\":\"https:\\\/\\\/centrourbano.com\\\/revista\\\/#\\\/schema\\\/logo\\\/image\\\/\",\"url\":\"https:\\\/\\\/centrourbano.com\\\/revista\\\/wp-content\\\/uploads\\\/web_CU_logo-1.png\",\"contentUrl\":\"https:\\\/\\\/centrourbano.com\\\/revista\\\/wp-content\\\/uploads\\\/web_CU_logo-1.png\",\"width\":350,\"height\":91,\"caption\":\"Centro Urbano\"},\"image\":{\"@id\":\"https:\\\/\\\/centrourbano.com\\\/revista\\\/#\\\/schema\\\/logo\\\/image\\\/\"},\"sameAs\":[\"https:\\\/\\\/www.facebook.com\\\/portalcentrourbano\",\"https:\\\/\\\/x.com\\\/CentroUrbano\",\"https:\\\/\\\/www.instagram.com\\\/centro_urbano\\\/\",\"https:\\\/\\\/www.linkedin.com\\\/company\\\/centro-urbano\\\/\",\"http:\\\/\\\/www.youtube.com\\\/user\\\/portalcentrourbano\"]},{\"@type\":\"Person\",\"@id\":\"https:\\\/\\\/centrourbano.com\\\/revista\\\/#\\\/schema\\\/person\\\/910180bf1a924c1932a01f6032f5991a\",\"name\":\"Jackeline Valle\",\"image\":{\"@type\":\"ImageObject\",\"inLanguage\":\"es\",\"@id\":\"https:\\\/\\\/secure.gravatar.com\\\/avatar\\\/6dfa6899b228d3621bbf2fb01332e7e4b7afc7cd1374760becdb163b7f5436dd?s=96&d=mm&r=g\",\"url\":\"https:\\\/\\\/secure.gravatar.com\\\/avatar\\\/6dfa6899b228d3621bbf2fb01332e7e4b7afc7cd1374760becdb163b7f5436dd?s=96&d=mm&r=g\",\"contentUrl\":\"https:\\\/\\\/secure.gravatar.com\\\/avatar\\\/6dfa6899b228d3621bbf2fb01332e7e4b7afc7cd1374760becdb163b7f5436dd?s=96&d=mm&r=g\",\"caption\":\"Jackeline Valle\"},\"description\":\"Reportera en Centro Urbano. Egresada de la Licenciatura en Comunicaci\u00f3n y Cultura por la Universidad Aut\u00f3noma de la Ciudad de M\u00e9xico (UACM). Interesada en cine y la cultura. Apasionada de los deportes electr\u00f3nicos y el desarrollo de medios audiovisuales.\",\"url\":\"https:\\\/\\\/centrourbano.com\\\/revista\\\/author\\\/jackeline-valle\\\/\"}]}<\/script>\n<!-- \/ Yoast SEO plugin. -->","yoast_head_json":{"title":"Alohome y Flat se unen, compradores y desarrolladores ser\u00e1n los m\u00e1s beneficiados","description":"La alianza de Flat y alohome brindar\u00e1 a los clientes una opci\u00f3n para mejorar la distribuci\u00f3n de sus inmuebles y obtener mejores ventas","robots":{"index":"index","follow":"follow","max-snippet":"max-snippet:-1","max-image-preview":"max-image-preview:large","max-video-preview":"max-video-preview:-1"},"canonical":"https:\/\/centrourbano.com\/revista\/inmobiliario\/alohome-flat-se-unen-compradores-y-desarrolladores-seran-los-mas-beneficiados\/","og_locale":"es_ES","og_type":"article","og_title":"Alohome y Flat se unen, compradores y desarrolladores ser\u00e1n los m\u00e1s beneficiados","og_description":"La alianza de Flat y alohome brindar\u00e1 a los clientes una opci\u00f3n para mejorar la distribuci\u00f3n de sus inmuebles y obtener mejores ventas","og_url":"https:\/\/centrourbano.com\/revista\/inmobiliario\/alohome-flat-se-unen-compradores-y-desarrolladores-seran-los-mas-beneficiados\/","og_site_name":"Centro Urbano","article_publisher":"https:\/\/www.facebook.com\/portalcentrourbano","article_published_time":"2023-03-28T20:00:07+00:00","og_image":[{"width":2560,"height":2560,"url":"https:\/\/centrourbano.com\/revista\/wp-content\/uploads\/pexels-rodnae-productions-8293778-2-scaled.jpg","type":"image\/jpeg"}],"author":"Jackeline Valle","twitter_card":"summary_large_image","twitter_creator":"@CentroUrbano","twitter_site":"@CentroUrbano","twitter_misc":{"Escrito por":"Jackeline Valle","Tiempo de lectura":"1 minuto"},"schema":{"@context":"https:\/\/schema.org","@graph":[{"@type":"Article","@id":"https:\/\/centrourbano.com\/revista\/inmobiliario\/alohome-flat-se-unen-compradores-y-desarrolladores-seran-los-mas-beneficiados\/#article","isPartOf":{"@id":"https:\/\/centrourbano.com\/revista\/inmobiliario\/alohome-flat-se-unen-compradores-y-desarrolladores-seran-los-mas-beneficiados\/"},"author":{"name":"Jackeline Valle","@id":"https:\/\/centrourbano.com\/revista\/#\/schema\/person\/910180bf1a924c1932a01f6032f5991a"},"headline":"Alohome y Flat se unen, compradores y desarrolladores ser\u00e1n los m\u00e1s beneficiados","datePublished":"2023-03-28T20:00:07+00:00","mainEntityOfPage":{"@id":"https:\/\/centrourbano.com\/revista\/inmobiliario\/alohome-flat-se-unen-compradores-y-desarrolladores-seran-los-mas-beneficiados\/"},"wordCount":310,"commentCount":0,"publisher":{"@id":"https:\/\/centrourbano.com\/revista\/#organization"},"image":{"@id":"https:\/\/centrourbano.com\/revista\/inmobiliario\/alohome-flat-se-unen-compradores-y-desarrolladores-seran-los-mas-beneficiados\/#primaryimage"},"thumbnailUrl":"https:\/\/centrourbano.com\/revista\/wp-content\/uploads\/pexels-rodnae-productions-8293778-2-scaled.jpg","keywords":["Compra-venta de inmuebles","PropTech","venta de casas","Venta de departamentos"],"articleSection":["Inmobiliario"],"inLanguage":"es","potentialAction":[{"@type":"CommentAction","name":"Comment","target":["https:\/\/centrourbano.com\/revista\/inmobiliario\/alohome-flat-se-unen-compradores-y-desarrolladores-seran-los-mas-beneficiados\/#respond"]}]},{"@type":"WebPage","@id":"https:\/\/centrourbano.com\/revista\/inmobiliario\/alohome-flat-se-unen-compradores-y-desarrolladores-seran-los-mas-beneficiados\/","url":"https:\/\/centrourbano.com\/revista\/inmobiliario\/alohome-flat-se-unen-compradores-y-desarrolladores-seran-los-mas-beneficiados\/","name":"Alohome y Flat se unen, compradores y desarrolladores ser\u00e1n los m\u00e1s beneficiados","isPartOf":{"@id":"https:\/\/centrourbano.com\/revista\/#website"},"primaryImageOfPage":{"@id":"https:\/\/centrourbano.com\/revista\/inmobiliario\/alohome-flat-se-unen-compradores-y-desarrolladores-seran-los-mas-beneficiados\/#primaryimage"},"image":{"@id":"https:\/\/centrourbano.com\/revista\/inmobiliario\/alohome-flat-se-unen-compradores-y-desarrolladores-seran-los-mas-beneficiados\/#primaryimage"},"thumbnailUrl":"https:\/\/centrourbano.com\/revista\/wp-content\/uploads\/pexels-rodnae-productions-8293778-2-scaled.jpg","datePublished":"2023-03-28T20:00:07+00:00","description":"La alianza de Flat y alohome brindar\u00e1 a los clientes una opci\u00f3n para mejorar la distribuci\u00f3n de sus inmuebles y obtener mejores ventas","breadcrumb":{"@id":"https:\/\/centrourbano.com\/revista\/inmobiliario\/alohome-flat-se-unen-compradores-y-desarrolladores-seran-los-mas-beneficiados\/#breadcrumb"},"inLanguage":"es","potentialAction":[{"@type":"ReadAction","target":["https:\/\/centrourbano.com\/revista\/inmobiliario\/alohome-flat-se-unen-compradores-y-desarrolladores-seran-los-mas-beneficiados\/"]}]},{"@type":"ImageObject","inLanguage":"es","@id":"https:\/\/centrourbano.com\/revista\/inmobiliario\/alohome-flat-se-unen-compradores-y-desarrolladores-seran-los-mas-beneficiados\/#primaryimage","url":"https:\/\/centrourbano.com\/revista\/wp-content\/uploads\/pexels-rodnae-productions-8293778-2-scaled.jpg","contentUrl":"https:\/\/centrourbano.com\/revista\/wp-content\/uploads\/pexels-rodnae-productions-8293778-2-scaled.jpg","width":2560,"height":2560,"caption":"La alianza de Flat y alohome brindar\u00e1 a los clientes una opci\u00f3n para mejorar la distribuci\u00f3n de sus inmuebles y obtener mejores resultados de venas"},{"@type":"BreadcrumbList","@id":"https:\/\/centrourbano.com\/revista\/inmobiliario\/alohome-flat-se-unen-compradores-y-desarrolladores-seran-los-mas-beneficiados\/#breadcrumb","itemListElement":[{"@type":"ListItem","position":1,"name":"Portada","item":"https:\/\/centrourbano.com\/revista\/"},{"@type":"ListItem","position":2,"name":"Alohome y Flat se unen, compradores y desarrolladores ser\u00e1n los m\u00e1s beneficiados"}]},{"@type":"WebSite","@id":"https:\/\/centrourbano.com\/revista\/#website","url":"https:\/\/centrourbano.com\/revista\/","name":"Centro Urbano","description":"Medio especializado en los sectores vivienda, inmobiliario, construcci\u00f3n, arquitectura y urbanismo.","publisher":{"@id":"https:\/\/centrourbano.com\/revista\/#organization"},"potentialAction":[{"@type":"SearchAction","target":{"@type":"EntryPoint","urlTemplate":"https:\/\/centrourbano.com\/revista\/?s={search_term_string}"},"query-input":{"@type":"PropertyValueSpecification","valueRequired":true,"valueName":"search_term_string"}}],"inLanguage":"es"},{"@type":"Organization","@id":"https:\/\/centrourbano.com\/revista\/#organization","name":"Centro Urbano","url":"https:\/\/centrourbano.com\/revista\/","logo":{"@type":"ImageObject","inLanguage":"es","@id":"https:\/\/centrourbano.com\/revista\/#\/schema\/logo\/image\/","url":"https:\/\/centrourbano.com\/revista\/wp-content\/uploads\/web_CU_logo-1.png","contentUrl":"https:\/\/centrourbano.com\/revista\/wp-content\/uploads\/web_CU_logo-1.png","width":350,"height":91,"caption":"Centro Urbano"},"image":{"@id":"https:\/\/centrourbano.com\/revista\/#\/schema\/logo\/image\/"},"sameAs":["https:\/\/www.facebook.com\/portalcentrourbano","https:\/\/x.com\/CentroUrbano","https:\/\/www.instagram.com\/centro_urbano\/","https:\/\/www.linkedin.com\/company\/centro-urbano\/","http:\/\/www.youtube.com\/user\/portalcentrourbano"]},{"@type":"Person","@id":"https:\/\/centrourbano.com\/revista\/#\/schema\/person\/910180bf1a924c1932a01f6032f5991a","name":"Jackeline Valle","image":{"@type":"ImageObject","inLanguage":"es","@id":"https:\/\/secure.gravatar.com\/avatar\/6dfa6899b228d3621bbf2fb01332e7e4b7afc7cd1374760becdb163b7f5436dd?s=96&d=mm&r=g","url":"https:\/\/secure.gravatar.com\/avatar\/6dfa6899b228d3621bbf2fb01332e7e4b7afc7cd1374760becdb163b7f5436dd?s=96&d=mm&r=g","contentUrl":"https:\/\/secure.gravatar.com\/avatar\/6dfa6899b228d3621bbf2fb01332e7e4b7afc7cd1374760becdb163b7f5436dd?s=96&d=mm&r=g","caption":"Jackeline Valle"},"description":"Reportera en Centro Urbano. Egresada de la Licenciatura en Comunicaci\u00f3n y Cultura por la Universidad Aut\u00f3noma de la Ciudad de M\u00e9xico (UACM). Interesada en cine y la cultura. Apasionada de los deportes electr\u00f3nicos y el desarrollo de medios audiovisuales.","url":"https:\/\/centrourbano.com\/revista\/author\/jackeline-valle\/"}]}},"_links":{"self":[{"href":"https:\/\/centrourbano.com\/revista\/wp-json\/wp\/v2\/posts\/139048","targetHints":{"allow":["GET"]}}],"collection":[{"href":"https:\/\/centrourbano.com\/revista\/wp-json\/wp\/v2\/posts"}],"about":[{"href":"https:\/\/centrourbano.com\/revista\/wp-json\/wp\/v2\/types\/post"}],"author":[{"embeddable":true,"href":"https:\/\/centrourbano.com\/revista\/wp-json\/wp\/v2\/users\/80"}],"replies":[{"embeddable":true,"href":"https:\/\/centrourbano.com\/revista\/wp-json\/wp\/v2\/comments?post=139048"}],"version-history":[{"count":1,"href":"https:\/\/centrourbano.com\/revista\/wp-json\/wp\/v2\/posts\/139048\/revisions"}],"predecessor-version":[{"id":139050,"href":"https:\/\/centrourbano.com\/revista\/wp-json\/wp\/v2\/posts\/139048\/revisions\/139050"}],"wp:featuredmedia":[{"embeddable":true,"href":"https:\/\/centrourbano.com\/revista\/wp-json\/wp\/v2\/media\/139049"}],"wp:attachment":[{"href":"https:\/\/centrourbano.com\/revista\/wp-json\/wp\/v2\/media?parent=139048"}],"wp:term":[{"taxonomy":"category","embeddable":true,"href":"https:\/\/centrourbano.com\/revista\/wp-json\/wp\/v2\/categories?post=139048"},{"taxonomy":"post_tag","embeddable":true,"href":"https:\/\/centrourbano.com\/revista\/wp-json\/wp\/v2\/tags?post=139048"}],"curies":[{"name":"wp","href":"https:\/\/api.w.org\/{rel}","templated":true}]}}