{"id":138966,"date":"2023-03-24T11:47:07","date_gmt":"2023-03-24T17:47:07","guid":{"rendered":"https:\/\/centrourbano.com\/?p=138966"},"modified":"2023-03-27T10:53:17","modified_gmt":"2023-03-27T16:53:17","slug":"sectur-lanza-propuesta-de-paquetes-y-recorridos-del-tren-maya","status":"publish","type":"post","link":"https:\/\/centrourbano.com\/revista\/construccion\/sectur-lanza-propuesta-de-paquetes-y-recorridos-del-tren-maya\/","title":{"rendered":"Sectur lanza propuesta de paquetes y recorridos del Tren Maya"},"content":{"rendered":"<p><em>A trav\u00e9s de paquetes se buscar\u00e1 optimizar el uso de infraestructura, productos y servicios tur\u00edsticos que componen la ruta del tren maya<\/em><!--more--><\/p>\n<p>En b\u00fasqueda de potenciar el <strong>flujo de turistas<\/strong>, la <strong>derrama econ\u00f3mica<\/strong> y el <strong>gasto per c\u00e1pita<\/strong> en el sureste de M\u00e9xico, el titular de la <em>Secretar\u00eda de Turismo<\/em> (<a href=\"https:\/\/centrourbano.com\/inmobiliario\/mexico-se-consolidara-como-potencia-turistica-en-lo-economico-sectur\/\" target=\"_blank\" rel=\"noopener\">Sectur<\/a>), Miguel Torruco Marqu\u00e9s entreg\u00f3 a Ren\u00e9 Trujillo Miranda, director general del Grupo Aeroportuario, Ferroviario y de Servicios Auxiliares Olmeca \u2013 Maya \u2013 Mexicana, una propuesta que contiene <strong>64 opciones de paquetes<\/strong> y <strong>recorridos<\/strong> a trav\u00e9s de las 20 estaciones que conformar\u00e1n al <strong>Tren Maya<\/strong>.<\/p>\n<p>Dentro del documento se establecen <strong>actividades alrededor de cada una de las estaciones<\/strong>. Por lo cual, turistas nacionales o extranjeros podr\u00e1n vivir la experiencia de estar a bordo del tren. Adem\u00e1s de pernoctar y visitar a lo largo de la ruta diversos sitios y <strong>atractivos tur\u00edsticos<\/strong>.<\/p>\n<p>Dicha iniciativa permitir\u00e1 reconocer los <strong>puntos de inter\u00e9s tur\u00edsticos<\/strong> para elegir estancias de una a tres noches en la zona de cada una de las <strong>estaciones del tren<\/strong>. En ese sentido, se espera crear un recorrido integral entre los estados que componen la ruta.<\/p>\n<p>Con ello, Sectur pretende destacar el atractivo de los <em>14 Pueblos M\u00e1gicos<\/em>, <em>6 sitios Patrimonio Mundial de la Humanidad, 18 para\u00edsos ind\u00edgenas<\/em>; as\u00ed como de las <em>50 zonas arqueol\u00f3gicas y 29 localidades complementarias<\/em>.<\/p>\n<p>A trav\u00e9s de estos destinos, se crear\u00e1n opciones de paquetes que optimizar\u00e1n el uso de <strong>infraestructura<\/strong>, <strong>productos<\/strong> y <strong>servicios tur\u00edsticos<\/strong>, los cuales ser\u00e1n complementados con la <strong>construcci\u00f3n de seis hoteles<\/strong> del tren maya.<\/p>\n<h2>Puesta en marcha del recorrido Tren Maya<\/h2>\n<p>La propuesta plantea que los recorridos se pongan en marcha a partir de <strong>diciembre de 2023<\/strong>, fecha en que se entregar\u00e1 el proyecto ferroviario. Para ello, se realizar\u00e1n reuniones para coadyuvar con la empresa que pondr\u00e1 en marcha la estrategia.<\/p>\n<p>Asimismo, Sectur se reunir\u00e1 con <strong>agentes de viajes<\/strong> y <strong>titulares de turismo<\/strong> de los estados de <em>Chiapas, Tabasco, Campeche, Yucat\u00e1n<\/em> y <em>Quintana Roo<\/em>.<\/p>\n","protected":false},"excerpt":{"rendered":"<p>A trav\u00e9s de paquetes se buscar\u00e1 optimizar el uso de infraestructura, productos y servicios tur\u00edsticos que componen la ruta del tren maya<\/p>\n","protected":false},"author":80,"featured_media":138967,"comment_status":"open","ping_status":"closed","sticky":false,"template":"","format":"standard","meta":{"om_disable_all_campaigns":false,"inline_featured_image":false,"_monsterinsights_skip_tracking":false,"_monsterinsights_sitenote_active":false,"_monsterinsights_sitenote_note":"","_monsterinsights_sitenote_category":0,"footnotes":""},"categories":[14],"tags":[19393,18492,19911,784,14281],"class_list":["post-138966","post","type-post","status-publish","format-standard","has-post-thumbnail","hentry","category-construccion","tag-desarrollo-del-turismo","tag-proyecto-de-desarrollo-tren-maya","tag-ruta-del-tren-maya","tag-sectur","tag-tren-maya"],"yoast_head":"<!-- This site is optimized with the Yoast SEO plugin v27.4 - https:\/\/yoast.com\/product\/yoast-seo-wordpress\/ -->\n<title>Sectur lanza propuesta de paquetes y recorridos del Tren Maya<\/title>\n<meta name=\"description\" content=\"A trav\u00e9s de paquetes se buscar\u00e1 optimizar el uso de infraestructura, productos y servicios tur\u00edsticos que componen la ruta del tren maya\" \/>\n<meta name=\"robots\" content=\"index, follow, max-snippet:-1, max-image-preview:large, max-video-preview:-1\" \/>\n<link rel=\"canonical\" href=\"https:\/\/centrourbano.com\/revista\/construccion\/sectur-lanza-propuesta-de-paquetes-y-recorridos-del-tren-maya\/\" \/>\n<meta property=\"og:locale\" content=\"es_ES\" \/>\n<meta property=\"og:type\" content=\"article\" \/>\n<meta property=\"og:title\" content=\"Sectur lanza propuesta de paquetes y recorridos del Tren Maya\" \/>\n<meta property=\"og:description\" content=\"A trav\u00e9s de paquetes se buscar\u00e1 optimizar el uso de infraestructura, productos y servicios tur\u00edsticos que componen la ruta del tren maya\" \/>\n<meta property=\"og:url\" content=\"https:\/\/centrourbano.com\/revista\/construccion\/sectur-lanza-propuesta-de-paquetes-y-recorridos-del-tren-maya\/\" \/>\n<meta property=\"og:site_name\" content=\"Centro Urbano\" \/>\n<meta property=\"article:publisher\" content=\"https:\/\/www.facebook.com\/portalcentrourbano\" \/>\n<meta property=\"article:published_time\" content=\"2023-03-24T17:47:07+00:00\" \/>\n<meta property=\"article:modified_time\" content=\"2023-03-27T16:53:17+00:00\" \/>\n<meta property=\"og:image\" content=\"https:\/\/centrourbano.com\/revista\/wp-content\/uploads\/Fr_g7o6XoAEEyyL-1000x1000.jpg\" \/>\n\t<meta property=\"og:image:width\" content=\"1000\" \/>\n\t<meta property=\"og:image:height\" content=\"1000\" \/>\n\t<meta property=\"og:image:type\" content=\"image\/jpeg\" \/>\n<meta name=\"author\" content=\"Jackeline Valle\" \/>\n<meta name=\"twitter:card\" content=\"summary_large_image\" \/>\n<meta name=\"twitter:creator\" content=\"@CentroUrbano\" \/>\n<meta name=\"twitter:site\" content=\"@CentroUrbano\" \/>\n<meta name=\"twitter:label1\" content=\"Escrito por\" \/>\n\t<meta name=\"twitter:data1\" content=\"Jackeline Valle\" \/>\n\t<meta name=\"twitter:label2\" content=\"Tiempo de lectura\" \/>\n\t<meta name=\"twitter:data2\" content=\"2 minutos\" \/>\n<script type=\"application\/ld+json\" class=\"yoast-schema-graph\">{\"@context\":\"https:\\\/\\\/schema.org\",\"@graph\":[{\"@type\":\"Article\",\"@id\":\"https:\\\/\\\/centrourbano.com\\\/revista\\\/construccion\\\/sectur-lanza-propuesta-de-paquetes-y-recorridos-del-tren-maya\\\/#article\",\"isPartOf\":{\"@id\":\"https:\\\/\\\/centrourbano.com\\\/revista\\\/construccion\\\/sectur-lanza-propuesta-de-paquetes-y-recorridos-del-tren-maya\\\/\"},\"author\":{\"name\":\"Jackeline Valle\",\"@id\":\"https:\\\/\\\/centrourbano.com\\\/revista\\\/#\\\/schema\\\/person\\\/910180bf1a924c1932a01f6032f5991a\"},\"headline\":\"Sectur lanza propuesta de paquetes y recorridos del Tren Maya\",\"datePublished\":\"2023-03-24T17:47:07+00:00\",\"dateModified\":\"2023-03-27T16:53:17+00:00\",\"mainEntityOfPage\":{\"@id\":\"https:\\\/\\\/centrourbano.com\\\/revista\\\/construccion\\\/sectur-lanza-propuesta-de-paquetes-y-recorridos-del-tren-maya\\\/\"},\"wordCount\":348,\"commentCount\":0,\"publisher\":{\"@id\":\"https:\\\/\\\/centrourbano.com\\\/revista\\\/#organization\"},\"image\":{\"@id\":\"https:\\\/\\\/centrourbano.com\\\/revista\\\/construccion\\\/sectur-lanza-propuesta-de-paquetes-y-recorridos-del-tren-maya\\\/#primaryimage\"},\"thumbnailUrl\":\"https:\\\/\\\/centrourbano.com\\\/revista\\\/wp-content\\\/uploads\\\/Fr_g7o6XoAEEyyL.jpg\",\"keywords\":[\"desarrollo del turismo\",\"Proyecto de Desarrollo Tren Maya\",\"ruta del Tren Maya\",\"Sectur\",\"Tren Maya\"],\"articleSection\":[\"Construcci\u00f3n\"],\"inLanguage\":\"es\",\"potentialAction\":[{\"@type\":\"CommentAction\",\"name\":\"Comment\",\"target\":[\"https:\\\/\\\/centrourbano.com\\\/revista\\\/construccion\\\/sectur-lanza-propuesta-de-paquetes-y-recorridos-del-tren-maya\\\/#respond\"]}]},{\"@type\":\"WebPage\",\"@id\":\"https:\\\/\\\/centrourbano.com\\\/revista\\\/construccion\\\/sectur-lanza-propuesta-de-paquetes-y-recorridos-del-tren-maya\\\/\",\"url\":\"https:\\\/\\\/centrourbano.com\\\/revista\\\/construccion\\\/sectur-lanza-propuesta-de-paquetes-y-recorridos-del-tren-maya\\\/\",\"name\":\"Sectur lanza propuesta de paquetes y recorridos del Tren Maya\",\"isPartOf\":{\"@id\":\"https:\\\/\\\/centrourbano.com\\\/revista\\\/#website\"},\"primaryImageOfPage\":{\"@id\":\"https:\\\/\\\/centrourbano.com\\\/revista\\\/construccion\\\/sectur-lanza-propuesta-de-paquetes-y-recorridos-del-tren-maya\\\/#primaryimage\"},\"image\":{\"@id\":\"https:\\\/\\\/centrourbano.com\\\/revista\\\/construccion\\\/sectur-lanza-propuesta-de-paquetes-y-recorridos-del-tren-maya\\\/#primaryimage\"},\"thumbnailUrl\":\"https:\\\/\\\/centrourbano.com\\\/revista\\\/wp-content\\\/uploads\\\/Fr_g7o6XoAEEyyL.jpg\",\"datePublished\":\"2023-03-24T17:47:07+00:00\",\"dateModified\":\"2023-03-27T16:53:17+00:00\",\"description\":\"A trav\u00e9s de paquetes se buscar\u00e1 optimizar el uso de infraestructura, productos y servicios tur\u00edsticos que componen la ruta del tren maya\",\"breadcrumb\":{\"@id\":\"https:\\\/\\\/centrourbano.com\\\/revista\\\/construccion\\\/sectur-lanza-propuesta-de-paquetes-y-recorridos-del-tren-maya\\\/#breadcrumb\"},\"inLanguage\":\"es\",\"potentialAction\":[{\"@type\":\"ReadAction\",\"target\":[\"https:\\\/\\\/centrourbano.com\\\/revista\\\/construccion\\\/sectur-lanza-propuesta-de-paquetes-y-recorridos-del-tren-maya\\\/\"]}]},{\"@type\":\"ImageObject\",\"inLanguage\":\"es\",\"@id\":\"https:\\\/\\\/centrourbano.com\\\/revista\\\/construccion\\\/sectur-lanza-propuesta-de-paquetes-y-recorridos-del-tren-maya\\\/#primaryimage\",\"url\":\"https:\\\/\\\/centrourbano.com\\\/revista\\\/wp-content\\\/uploads\\\/Fr_g7o6XoAEEyyL.jpg\",\"contentUrl\":\"https:\\\/\\\/centrourbano.com\\\/revista\\\/wp-content\\\/uploads\\\/Fr_g7o6XoAEEyyL.jpg\",\"width\":2250,\"height\":2250,\"caption\":\"A trav\u00e9s de paquetes se buscar\u00e1 optimizar el uso de infraestructura, productos y servicios tur\u00edsticos que componen la ruta del tren maya\"},{\"@type\":\"BreadcrumbList\",\"@id\":\"https:\\\/\\\/centrourbano.com\\\/revista\\\/construccion\\\/sectur-lanza-propuesta-de-paquetes-y-recorridos-del-tren-maya\\\/#breadcrumb\",\"itemListElement\":[{\"@type\":\"ListItem\",\"position\":1,\"name\":\"Portada\",\"item\":\"https:\\\/\\\/centrourbano.com\\\/revista\\\/\"},{\"@type\":\"ListItem\",\"position\":2,\"name\":\"Sectur lanza propuesta de paquetes y recorridos del Tren Maya\"}]},{\"@type\":\"WebSite\",\"@id\":\"https:\\\/\\\/centrourbano.com\\\/revista\\\/#website\",\"url\":\"https:\\\/\\\/centrourbano.com\\\/revista\\\/\",\"name\":\"Centro Urbano\",\"description\":\"Medio especializado en los sectores vivienda, inmobiliario, construcci\u00f3n, arquitectura y urbanismo.\",\"publisher\":{\"@id\":\"https:\\\/\\\/centrourbano.com\\\/revista\\\/#organization\"},\"potentialAction\":[{\"@type\":\"SearchAction\",\"target\":{\"@type\":\"EntryPoint\",\"urlTemplate\":\"https:\\\/\\\/centrourbano.com\\\/revista\\\/?s={search_term_string}\"},\"query-input\":{\"@type\":\"PropertyValueSpecification\",\"valueRequired\":true,\"valueName\":\"search_term_string\"}}],\"inLanguage\":\"es\"},{\"@type\":\"Organization\",\"@id\":\"https:\\\/\\\/centrourbano.com\\\/revista\\\/#organization\",\"name\":\"Centro Urbano\",\"url\":\"https:\\\/\\\/centrourbano.com\\\/revista\\\/\",\"logo\":{\"@type\":\"ImageObject\",\"inLanguage\":\"es\",\"@id\":\"https:\\\/\\\/centrourbano.com\\\/revista\\\/#\\\/schema\\\/logo\\\/image\\\/\",\"url\":\"https:\\\/\\\/centrourbano.com\\\/revista\\\/wp-content\\\/uploads\\\/web_CU_logo-1.png\",\"contentUrl\":\"https:\\\/\\\/centrourbano.com\\\/revista\\\/wp-content\\\/uploads\\\/web_CU_logo-1.png\",\"width\":350,\"height\":91,\"caption\":\"Centro Urbano\"},\"image\":{\"@id\":\"https:\\\/\\\/centrourbano.com\\\/revista\\\/#\\\/schema\\\/logo\\\/image\\\/\"},\"sameAs\":[\"https:\\\/\\\/www.facebook.com\\\/portalcentrourbano\",\"https:\\\/\\\/x.com\\\/CentroUrbano\",\"https:\\\/\\\/www.instagram.com\\\/centro_urbano\\\/\",\"https:\\\/\\\/www.linkedin.com\\\/company\\\/centro-urbano\\\/\",\"http:\\\/\\\/www.youtube.com\\\/user\\\/portalcentrourbano\"]},{\"@type\":\"Person\",\"@id\":\"https:\\\/\\\/centrourbano.com\\\/revista\\\/#\\\/schema\\\/person\\\/910180bf1a924c1932a01f6032f5991a\",\"name\":\"Jackeline Valle\",\"image\":{\"@type\":\"ImageObject\",\"inLanguage\":\"es\",\"@id\":\"https:\\\/\\\/secure.gravatar.com\\\/avatar\\\/6dfa6899b228d3621bbf2fb01332e7e4b7afc7cd1374760becdb163b7f5436dd?s=96&d=mm&r=g\",\"url\":\"https:\\\/\\\/secure.gravatar.com\\\/avatar\\\/6dfa6899b228d3621bbf2fb01332e7e4b7afc7cd1374760becdb163b7f5436dd?s=96&d=mm&r=g\",\"contentUrl\":\"https:\\\/\\\/secure.gravatar.com\\\/avatar\\\/6dfa6899b228d3621bbf2fb01332e7e4b7afc7cd1374760becdb163b7f5436dd?s=96&d=mm&r=g\",\"caption\":\"Jackeline Valle\"},\"description\":\"Reportera en Centro Urbano. Egresada de la Licenciatura en Comunicaci\u00f3n y Cultura por la Universidad Aut\u00f3noma de la Ciudad de M\u00e9xico (UACM). Interesada en cine y la cultura. Apasionada de los deportes electr\u00f3nicos y el desarrollo de medios audiovisuales.\",\"url\":\"https:\\\/\\\/centrourbano.com\\\/revista\\\/author\\\/jackeline-valle\\\/\"}]}<\/script>\n<!-- \/ Yoast SEO plugin. -->","yoast_head_json":{"title":"Sectur lanza propuesta de paquetes y recorridos del Tren Maya","description":"A trav\u00e9s de paquetes se buscar\u00e1 optimizar el uso de infraestructura, productos y servicios tur\u00edsticos que componen la ruta del tren maya","robots":{"index":"index","follow":"follow","max-snippet":"max-snippet:-1","max-image-preview":"max-image-preview:large","max-video-preview":"max-video-preview:-1"},"canonical":"https:\/\/centrourbano.com\/revista\/construccion\/sectur-lanza-propuesta-de-paquetes-y-recorridos-del-tren-maya\/","og_locale":"es_ES","og_type":"article","og_title":"Sectur lanza propuesta de paquetes y recorridos del Tren Maya","og_description":"A trav\u00e9s de paquetes se buscar\u00e1 optimizar el uso de infraestructura, productos y servicios tur\u00edsticos que componen la ruta del tren maya","og_url":"https:\/\/centrourbano.com\/revista\/construccion\/sectur-lanza-propuesta-de-paquetes-y-recorridos-del-tren-maya\/","og_site_name":"Centro Urbano","article_publisher":"https:\/\/www.facebook.com\/portalcentrourbano","article_published_time":"2023-03-24T17:47:07+00:00","article_modified_time":"2023-03-27T16:53:17+00:00","og_image":[{"width":1000,"height":1000,"url":"https:\/\/centrourbano.com\/revista\/wp-content\/uploads\/Fr_g7o6XoAEEyyL-1000x1000.jpg","type":"image\/jpeg"}],"author":"Jackeline Valle","twitter_card":"summary_large_image","twitter_creator":"@CentroUrbano","twitter_site":"@CentroUrbano","twitter_misc":{"Escrito por":"Jackeline Valle","Tiempo de lectura":"2 minutos"},"schema":{"@context":"https:\/\/schema.org","@graph":[{"@type":"Article","@id":"https:\/\/centrourbano.com\/revista\/construccion\/sectur-lanza-propuesta-de-paquetes-y-recorridos-del-tren-maya\/#article","isPartOf":{"@id":"https:\/\/centrourbano.com\/revista\/construccion\/sectur-lanza-propuesta-de-paquetes-y-recorridos-del-tren-maya\/"},"author":{"name":"Jackeline Valle","@id":"https:\/\/centrourbano.com\/revista\/#\/schema\/person\/910180bf1a924c1932a01f6032f5991a"},"headline":"Sectur lanza propuesta de paquetes y recorridos del Tren Maya","datePublished":"2023-03-24T17:47:07+00:00","dateModified":"2023-03-27T16:53:17+00:00","mainEntityOfPage":{"@id":"https:\/\/centrourbano.com\/revista\/construccion\/sectur-lanza-propuesta-de-paquetes-y-recorridos-del-tren-maya\/"},"wordCount":348,"commentCount":0,"publisher":{"@id":"https:\/\/centrourbano.com\/revista\/#organization"},"image":{"@id":"https:\/\/centrourbano.com\/revista\/construccion\/sectur-lanza-propuesta-de-paquetes-y-recorridos-del-tren-maya\/#primaryimage"},"thumbnailUrl":"https:\/\/centrourbano.com\/revista\/wp-content\/uploads\/Fr_g7o6XoAEEyyL.jpg","keywords":["desarrollo del turismo","Proyecto de Desarrollo Tren Maya","ruta del Tren Maya","Sectur","Tren Maya"],"articleSection":["Construcci\u00f3n"],"inLanguage":"es","potentialAction":[{"@type":"CommentAction","name":"Comment","target":["https:\/\/centrourbano.com\/revista\/construccion\/sectur-lanza-propuesta-de-paquetes-y-recorridos-del-tren-maya\/#respond"]}]},{"@type":"WebPage","@id":"https:\/\/centrourbano.com\/revista\/construccion\/sectur-lanza-propuesta-de-paquetes-y-recorridos-del-tren-maya\/","url":"https:\/\/centrourbano.com\/revista\/construccion\/sectur-lanza-propuesta-de-paquetes-y-recorridos-del-tren-maya\/","name":"Sectur lanza propuesta de paquetes y recorridos del Tren Maya","isPartOf":{"@id":"https:\/\/centrourbano.com\/revista\/#website"},"primaryImageOfPage":{"@id":"https:\/\/centrourbano.com\/revista\/construccion\/sectur-lanza-propuesta-de-paquetes-y-recorridos-del-tren-maya\/#primaryimage"},"image":{"@id":"https:\/\/centrourbano.com\/revista\/construccion\/sectur-lanza-propuesta-de-paquetes-y-recorridos-del-tren-maya\/#primaryimage"},"thumbnailUrl":"https:\/\/centrourbano.com\/revista\/wp-content\/uploads\/Fr_g7o6XoAEEyyL.jpg","datePublished":"2023-03-24T17:47:07+00:00","dateModified":"2023-03-27T16:53:17+00:00","description":"A trav\u00e9s de paquetes se buscar\u00e1 optimizar el uso de infraestructura, productos y servicios tur\u00edsticos que componen la ruta del tren maya","breadcrumb":{"@id":"https:\/\/centrourbano.com\/revista\/construccion\/sectur-lanza-propuesta-de-paquetes-y-recorridos-del-tren-maya\/#breadcrumb"},"inLanguage":"es","potentialAction":[{"@type":"ReadAction","target":["https:\/\/centrourbano.com\/revista\/construccion\/sectur-lanza-propuesta-de-paquetes-y-recorridos-del-tren-maya\/"]}]},{"@type":"ImageObject","inLanguage":"es","@id":"https:\/\/centrourbano.com\/revista\/construccion\/sectur-lanza-propuesta-de-paquetes-y-recorridos-del-tren-maya\/#primaryimage","url":"https:\/\/centrourbano.com\/revista\/wp-content\/uploads\/Fr_g7o6XoAEEyyL.jpg","contentUrl":"https:\/\/centrourbano.com\/revista\/wp-content\/uploads\/Fr_g7o6XoAEEyyL.jpg","width":2250,"height":2250,"caption":"A trav\u00e9s de paquetes se buscar\u00e1 optimizar el uso de infraestructura, productos y servicios tur\u00edsticos que componen la ruta del tren maya"},{"@type":"BreadcrumbList","@id":"https:\/\/centrourbano.com\/revista\/construccion\/sectur-lanza-propuesta-de-paquetes-y-recorridos-del-tren-maya\/#breadcrumb","itemListElement":[{"@type":"ListItem","position":1,"name":"Portada","item":"https:\/\/centrourbano.com\/revista\/"},{"@type":"ListItem","position":2,"name":"Sectur lanza propuesta de paquetes y recorridos del Tren Maya"}]},{"@type":"WebSite","@id":"https:\/\/centrourbano.com\/revista\/#website","url":"https:\/\/centrourbano.com\/revista\/","name":"Centro Urbano","description":"Medio especializado en los sectores vivienda, inmobiliario, construcci\u00f3n, arquitectura y urbanismo.","publisher":{"@id":"https:\/\/centrourbano.com\/revista\/#organization"},"potentialAction":[{"@type":"SearchAction","target":{"@type":"EntryPoint","urlTemplate":"https:\/\/centrourbano.com\/revista\/?s={search_term_string}"},"query-input":{"@type":"PropertyValueSpecification","valueRequired":true,"valueName":"search_term_string"}}],"inLanguage":"es"},{"@type":"Organization","@id":"https:\/\/centrourbano.com\/revista\/#organization","name":"Centro Urbano","url":"https:\/\/centrourbano.com\/revista\/","logo":{"@type":"ImageObject","inLanguage":"es","@id":"https:\/\/centrourbano.com\/revista\/#\/schema\/logo\/image\/","url":"https:\/\/centrourbano.com\/revista\/wp-content\/uploads\/web_CU_logo-1.png","contentUrl":"https:\/\/centrourbano.com\/revista\/wp-content\/uploads\/web_CU_logo-1.png","width":350,"height":91,"caption":"Centro Urbano"},"image":{"@id":"https:\/\/centrourbano.com\/revista\/#\/schema\/logo\/image\/"},"sameAs":["https:\/\/www.facebook.com\/portalcentrourbano","https:\/\/x.com\/CentroUrbano","https:\/\/www.instagram.com\/centro_urbano\/","https:\/\/www.linkedin.com\/company\/centro-urbano\/","http:\/\/www.youtube.com\/user\/portalcentrourbano"]},{"@type":"Person","@id":"https:\/\/centrourbano.com\/revista\/#\/schema\/person\/910180bf1a924c1932a01f6032f5991a","name":"Jackeline Valle","image":{"@type":"ImageObject","inLanguage":"es","@id":"https:\/\/secure.gravatar.com\/avatar\/6dfa6899b228d3621bbf2fb01332e7e4b7afc7cd1374760becdb163b7f5436dd?s=96&d=mm&r=g","url":"https:\/\/secure.gravatar.com\/avatar\/6dfa6899b228d3621bbf2fb01332e7e4b7afc7cd1374760becdb163b7f5436dd?s=96&d=mm&r=g","contentUrl":"https:\/\/secure.gravatar.com\/avatar\/6dfa6899b228d3621bbf2fb01332e7e4b7afc7cd1374760becdb163b7f5436dd?s=96&d=mm&r=g","caption":"Jackeline Valle"},"description":"Reportera en Centro Urbano. Egresada de la Licenciatura en Comunicaci\u00f3n y Cultura por la Universidad Aut\u00f3noma de la Ciudad de M\u00e9xico (UACM). Interesada en cine y la cultura. Apasionada de los deportes electr\u00f3nicos y el desarrollo de medios audiovisuales.","url":"https:\/\/centrourbano.com\/revista\/author\/jackeline-valle\/"}]}},"_links":{"self":[{"href":"https:\/\/centrourbano.com\/revista\/wp-json\/wp\/v2\/posts\/138966","targetHints":{"allow":["GET"]}}],"collection":[{"href":"https:\/\/centrourbano.com\/revista\/wp-json\/wp\/v2\/posts"}],"about":[{"href":"https:\/\/centrourbano.com\/revista\/wp-json\/wp\/v2\/types\/post"}],"author":[{"embeddable":true,"href":"https:\/\/centrourbano.com\/revista\/wp-json\/wp\/v2\/users\/80"}],"replies":[{"embeddable":true,"href":"https:\/\/centrourbano.com\/revista\/wp-json\/wp\/v2\/comments?post=138966"}],"version-history":[{"count":3,"href":"https:\/\/centrourbano.com\/revista\/wp-json\/wp\/v2\/posts\/138966\/revisions"}],"predecessor-version":[{"id":139004,"href":"https:\/\/centrourbano.com\/revista\/wp-json\/wp\/v2\/posts\/138966\/revisions\/139004"}],"wp:featuredmedia":[{"embeddable":true,"href":"https:\/\/centrourbano.com\/revista\/wp-json\/wp\/v2\/media\/138967"}],"wp:attachment":[{"href":"https:\/\/centrourbano.com\/revista\/wp-json\/wp\/v2\/media?parent=138966"}],"wp:term":[{"taxonomy":"category","embeddable":true,"href":"https:\/\/centrourbano.com\/revista\/wp-json\/wp\/v2\/categories?post=138966"},{"taxonomy":"post_tag","embeddable":true,"href":"https:\/\/centrourbano.com\/revista\/wp-json\/wp\/v2\/tags?post=138966"}],"curies":[{"name":"wp","href":"https:\/\/api.w.org\/{rel}","templated":true}]}}