{"id":138815,"date":"2023-03-17T15:24:11","date_gmt":"2023-03-17T21:24:11","guid":{"rendered":"https:\/\/centrourbano.com\/?p=138815"},"modified":"2023-03-17T15:25:12","modified_gmt":"2023-03-17T21:25:12","slug":"gcdmx-seguridad-ciudadana-tunidad-mas-segura","status":"publish","type":"post","link":"https:\/\/centrourbano.com\/revista\/urbanismo\/gcdmx-seguridad-ciudadana-tunidad-mas-segura\/","title":{"rendered":"GCDMX y Seguridad Ciudadana inician &#8216;TUnidad m\u00e1s segura&#8217;"},"content":{"rendered":"<p><em><span style=\"font-weight: 400;\">En \u2018TUnidad m\u00e1s segura\u2019 trabajar\u00e1n de manera coordinada dependencias del GCDMX y comisiones ciudadanas conformadas por vecinos<\/span><\/em><\/p>\n<p><!--more--><\/p>\n<p><span style=\"font-weight: 400;\">El Gobierno de la Ciudad de M\u00e9xico en colaboraci\u00f3n con la Secretar\u00eda de Seguridad Ciudadana (<a href=\"https:\/\/www.ssc.cdmx.gob.mx\/\" target=\"_blank\" rel=\"noopener\">SSC<\/a>) anunciaron el inicio de las operaciones de \u2018TUnidad m\u00e1s segura\u2019. Mediante dicha iniciativa, la administraci\u00f3n capitalina busca garantizar la seguridad de los vecinos de las unidades habitacionales de la ciudad.<\/span><\/p>\n<p><span style=\"font-weight: 400;\">Durante el anuncio del inicio de este programa, Claudia Sheinbaum Pardo, jefa de Gobierno de la ciudad, indic\u00f3 que anteriormente, la polic\u00eda no realizaba labores de vigilancia al interior de las unidades habitacionales por ser espacios privados. Sin embargo, con \u2018TUnidad m\u00e1s segura\u2019 los elementos estar\u00e1n pendientes de la seguridad de los habitantes de una manera m\u00e1s cercana y directa.<\/span><\/p>\n<blockquote><p><span style=\"font-weight: 400;\">\u201cNos va a ayudar la polic\u00eda a vigilar dentro de las unidades, a que ustedes puedan hacer denuncia de manera cercana con la Fiscal\u00eda General de Justicia. Que nos puedan decir: \u2018Aqu\u00ed hay problemas; aqu\u00ed hay ventas de estupefacientes, aqu\u00ed hay personas que se dedican a actividades il\u00edcitas\u2019 y que nosotros, junto con la polic\u00eda, podamos atender\u201d.<\/span><\/p><\/blockquote>\n<h2><span style=\"font-weight: 400;\">\u2018TUnidad m\u00e1s segura\u2019, posible gracias a trabajo colaborativo<\/span><\/h2>\n<p><span style=\"font-weight: 400;\">La funcionaria resalt\u00f3 que esta iniciativa funcionar\u00e1 con el apoyo y coordinaci\u00f3n de los capitalinos; esto ser\u00e1 posible gracias a comisiones conformadas por vecinos.<\/span><\/p>\n<p>&nbsp;<\/p>\n<p style=\"text-align: center;\"><em><strong>Te puede interesar <a href=\"https:\/\/centrourbano.com\/urbanismo\/gcdmx-da-inicio-a-trabajo-en-tu-unidad-en-la-alvaro-obregon\/\" target=\"_blank\" rel=\"noopener\">GCDMX da inicio a \u2018Trabajo en Tu Unidad\u2019 en la \u00c1lvaro Obreg\u00f3n<\/a><\/strong><\/em><\/p>\n<div class=\"row\">\n<div class=\"\"><\/div>\n<\/div>\n<blockquote><p><span style=\"font-weight: 400;\">\u201cLes pedimos a ustedes que hagamos Comisiones de Seguridad por secci\u00f3n. \u00bfQu\u00e9 quiere decir eso? Se hace una Asamblea, se platica de los problemas de seguridad y ustedes deciden qu\u00e9 vecinos quieren incorporarse a la Comisi\u00f3n de manera voluntaria. (\u2026) La idea es que estas Comisiones est\u00e9n en contacto con la polic\u00eda, no solo de cuadrante, no solo del sector, sino que puedan estar en contacto con el nivel m\u00e1s alto de la polic\u00eda\u201d, explic\u00f3.<\/span><\/p><\/blockquote>\n<p><span style=\"font-weight: 400;\">Por su parte, Omar Garc\u00eda Harfuch, titular de la SSC coment\u00f3 que \u2018TUnidad m\u00e1s segura\u2019 seguir\u00e1 la l\u00ednea de la actual estrategia de seguridad. Es decir, el programa ser\u00e1 proactivo, din\u00e1mico, cercano a la gente; as\u00ed como basado en labores de inteligencia e investigaci\u00f3n.<\/span><\/p>\n<p><span style=\"font-weight: 400;\">Adem\u00e1s, el funcionario explic\u00f3 que para la puesta en marcha de la iniciativa ser\u00e1 necesaria la colaboraci\u00f3n de diversas dependencias y de los capitalinos.<\/span><\/p>\n<blockquote><p><span style=\"font-weight: 400;\">\u201cEstamos representadas diversas autoridades involucradas en la implementaci\u00f3n del Programa \u2018TUnidad m\u00e1s segura\u2019, porque estamos convencidos que el trabajo conjunto entre autoridades y vecinos y la suma de esfuerzos es el mejor camino para brindar resultados\u201d, se\u00f1al\u00f3.<\/span><\/p><\/blockquote>\n","protected":false},"excerpt":{"rendered":"<p>En \u2018TUnidad m\u00e1s segura\u2019 trabajar\u00e1n de manera coordinada dependencias del GCDMX y comisiones ciudadanas conformadas por vecinos<\/p>\n","protected":false},"author":88,"featured_media":138817,"comment_status":"open","ping_status":"closed","sticky":false,"template":"","format":"standard","meta":{"om_disable_all_campaigns":false,"inline_featured_image":false,"_monsterinsights_skip_tracking":false,"_monsterinsights_sitenote_active":false,"_monsterinsights_sitenote_note":"","_monsterinsights_sitenote_category":0,"footnotes":""},"categories":[82],"tags":[22828,10182],"class_list":["post-138815","post","type-post","status-publish","format-standard","has-post-thumbnail","hentry","category-urbanismo","tag-tunidad-mas-segura","tag-secretaria-de-seguridad-ciudadana"],"yoast_head":"<!-- This site is optimized with the Yoast SEO plugin v27.4 - https:\/\/yoast.com\/product\/yoast-seo-wordpress\/ -->\n<title>GCDMX y Seguridad Ciudadana inician &#039;TUnidad m\u00e1s segura&#039;<\/title>\n<meta name=\"description\" content=\"Con \u2018TUnidad m\u00e1s segura\u2019 los elementos de la SSC estar\u00e1n pendientes de la seguridad de los habitantes de una manera m\u00e1s cercana y directa.\" \/>\n<meta name=\"robots\" content=\"index, follow, max-snippet:-1, max-image-preview:large, max-video-preview:-1\" \/>\n<link rel=\"canonical\" href=\"https:\/\/centrourbano.com\/revista\/urbanismo\/gcdmx-seguridad-ciudadana-tunidad-mas-segura\/\" \/>\n<meta property=\"og:locale\" content=\"es_ES\" \/>\n<meta property=\"og:type\" content=\"article\" \/>\n<meta property=\"og:title\" content=\"GCDMX y Seguridad Ciudadana inician &#039;TUnidad m\u00e1s segura&#039;\" \/>\n<meta property=\"og:description\" content=\"Con \u2018TUnidad m\u00e1s segura\u2019 los elementos de la SSC estar\u00e1n pendientes de la seguridad de los habitantes de una manera m\u00e1s cercana y directa.\" \/>\n<meta property=\"og:url\" content=\"https:\/\/centrourbano.com\/revista\/urbanismo\/gcdmx-seguridad-ciudadana-tunidad-mas-segura\/\" \/>\n<meta property=\"og:site_name\" content=\"Centro Urbano\" \/>\n<meta property=\"article:publisher\" content=\"https:\/\/www.facebook.com\/portalcentrourbano\" \/>\n<meta property=\"article:published_time\" content=\"2023-03-17T21:24:11+00:00\" \/>\n<meta property=\"article:modified_time\" content=\"2023-03-17T21:25:12+00:00\" \/>\n<meta property=\"og:image\" content=\"https:\/\/centrourbano.com\/revista\/wp-content\/uploads\/FrYoU.jpg\" \/>\n\t<meta property=\"og:image:width\" content=\"800\" \/>\n\t<meta property=\"og:image:height\" content=\"800\" \/>\n\t<meta property=\"og:image:type\" content=\"image\/jpeg\" \/>\n<meta name=\"author\" content=\"Rebeca Romero\" \/>\n<meta name=\"twitter:card\" content=\"summary_large_image\" \/>\n<meta name=\"twitter:creator\" content=\"@CentroUrbano\" \/>\n<meta name=\"twitter:site\" content=\"@CentroUrbano\" \/>\n<meta name=\"twitter:label1\" content=\"Escrito por\" \/>\n\t<meta name=\"twitter:data1\" content=\"Rebeca Romero\" \/>\n\t<meta name=\"twitter:label2\" content=\"Tiempo de lectura\" \/>\n\t<meta name=\"twitter:data2\" content=\"2 minutos\" \/>\n<script type=\"application\/ld+json\" class=\"yoast-schema-graph\">{\"@context\":\"https:\\\/\\\/schema.org\",\"@graph\":[{\"@type\":\"Article\",\"@id\":\"https:\\\/\\\/centrourbano.com\\\/revista\\\/urbanismo\\\/gcdmx-seguridad-ciudadana-tunidad-mas-segura\\\/#article\",\"isPartOf\":{\"@id\":\"https:\\\/\\\/centrourbano.com\\\/revista\\\/urbanismo\\\/gcdmx-seguridad-ciudadana-tunidad-mas-segura\\\/\"},\"author\":{\"name\":\"Rebeca Romero\",\"@id\":\"https:\\\/\\\/centrourbano.com\\\/revista\\\/#\\\/schema\\\/person\\\/c665f1c60da3ad48cd761a707b7090b0\"},\"headline\":\"GCDMX y Seguridad Ciudadana inician &#8216;TUnidad m\u00e1s segura&#8217;\",\"datePublished\":\"2023-03-17T21:24:11+00:00\",\"dateModified\":\"2023-03-17T21:25:12+00:00\",\"mainEntityOfPage\":{\"@id\":\"https:\\\/\\\/centrourbano.com\\\/revista\\\/urbanismo\\\/gcdmx-seguridad-ciudadana-tunidad-mas-segura\\\/\"},\"wordCount\":450,\"commentCount\":0,\"publisher\":{\"@id\":\"https:\\\/\\\/centrourbano.com\\\/revista\\\/#organization\"},\"image\":{\"@id\":\"https:\\\/\\\/centrourbano.com\\\/revista\\\/urbanismo\\\/gcdmx-seguridad-ciudadana-tunidad-mas-segura\\\/#primaryimage\"},\"thumbnailUrl\":\"https:\\\/\\\/centrourbano.com\\\/revista\\\/wp-content\\\/uploads\\\/FrYoU.jpg\",\"keywords\":[\"\u2018TUnidad m\u00e1s segura\u2019\",\"Secretar\u00eda de Seguridad Ciudadana\"],\"articleSection\":[\"Urbanismo\"],\"inLanguage\":\"es\",\"potentialAction\":[{\"@type\":\"CommentAction\",\"name\":\"Comment\",\"target\":[\"https:\\\/\\\/centrourbano.com\\\/revista\\\/urbanismo\\\/gcdmx-seguridad-ciudadana-tunidad-mas-segura\\\/#respond\"]}]},{\"@type\":\"WebPage\",\"@id\":\"https:\\\/\\\/centrourbano.com\\\/revista\\\/urbanismo\\\/gcdmx-seguridad-ciudadana-tunidad-mas-segura\\\/\",\"url\":\"https:\\\/\\\/centrourbano.com\\\/revista\\\/urbanismo\\\/gcdmx-seguridad-ciudadana-tunidad-mas-segura\\\/\",\"name\":\"GCDMX y Seguridad Ciudadana inician 'TUnidad m\u00e1s segura'\",\"isPartOf\":{\"@id\":\"https:\\\/\\\/centrourbano.com\\\/revista\\\/#website\"},\"primaryImageOfPage\":{\"@id\":\"https:\\\/\\\/centrourbano.com\\\/revista\\\/urbanismo\\\/gcdmx-seguridad-ciudadana-tunidad-mas-segura\\\/#primaryimage\"},\"image\":{\"@id\":\"https:\\\/\\\/centrourbano.com\\\/revista\\\/urbanismo\\\/gcdmx-seguridad-ciudadana-tunidad-mas-segura\\\/#primaryimage\"},\"thumbnailUrl\":\"https:\\\/\\\/centrourbano.com\\\/revista\\\/wp-content\\\/uploads\\\/FrYoU.jpg\",\"datePublished\":\"2023-03-17T21:24:11+00:00\",\"dateModified\":\"2023-03-17T21:25:12+00:00\",\"description\":\"Con \u2018TUnidad m\u00e1s segura\u2019 los elementos de la SSC estar\u00e1n pendientes de la seguridad de los habitantes de una manera m\u00e1s cercana y directa.\",\"breadcrumb\":{\"@id\":\"https:\\\/\\\/centrourbano.com\\\/revista\\\/urbanismo\\\/gcdmx-seguridad-ciudadana-tunidad-mas-segura\\\/#breadcrumb\"},\"inLanguage\":\"es\",\"potentialAction\":[{\"@type\":\"ReadAction\",\"target\":[\"https:\\\/\\\/centrourbano.com\\\/revista\\\/urbanismo\\\/gcdmx-seguridad-ciudadana-tunidad-mas-segura\\\/\"]}]},{\"@type\":\"ImageObject\",\"inLanguage\":\"es\",\"@id\":\"https:\\\/\\\/centrourbano.com\\\/revista\\\/urbanismo\\\/gcdmx-seguridad-ciudadana-tunidad-mas-segura\\\/#primaryimage\",\"url\":\"https:\\\/\\\/centrourbano.com\\\/revista\\\/wp-content\\\/uploads\\\/FrYoU.jpg\",\"contentUrl\":\"https:\\\/\\\/centrourbano.com\\\/revista\\\/wp-content\\\/uploads\\\/FrYoU.jpg\",\"width\":800,\"height\":800,\"caption\":\"GCDMX y Seguridad Ciudadana inician 'TUnidad m\u00e1s segura'\"},{\"@type\":\"BreadcrumbList\",\"@id\":\"https:\\\/\\\/centrourbano.com\\\/revista\\\/urbanismo\\\/gcdmx-seguridad-ciudadana-tunidad-mas-segura\\\/#breadcrumb\",\"itemListElement\":[{\"@type\":\"ListItem\",\"position\":1,\"name\":\"Portada\",\"item\":\"https:\\\/\\\/centrourbano.com\\\/revista\\\/\"},{\"@type\":\"ListItem\",\"position\":2,\"name\":\"GCDMX y Seguridad Ciudadana inician &#8216;TUnidad m\u00e1s segura&#8217;\"}]},{\"@type\":\"WebSite\",\"@id\":\"https:\\\/\\\/centrourbano.com\\\/revista\\\/#website\",\"url\":\"https:\\\/\\\/centrourbano.com\\\/revista\\\/\",\"name\":\"Centro Urbano\",\"description\":\"Medio especializado en los sectores vivienda, inmobiliario, construcci\u00f3n, arquitectura y urbanismo.\",\"publisher\":{\"@id\":\"https:\\\/\\\/centrourbano.com\\\/revista\\\/#organization\"},\"potentialAction\":[{\"@type\":\"SearchAction\",\"target\":{\"@type\":\"EntryPoint\",\"urlTemplate\":\"https:\\\/\\\/centrourbano.com\\\/revista\\\/?s={search_term_string}\"},\"query-input\":{\"@type\":\"PropertyValueSpecification\",\"valueRequired\":true,\"valueName\":\"search_term_string\"}}],\"inLanguage\":\"es\"},{\"@type\":\"Organization\",\"@id\":\"https:\\\/\\\/centrourbano.com\\\/revista\\\/#organization\",\"name\":\"Centro Urbano\",\"url\":\"https:\\\/\\\/centrourbano.com\\\/revista\\\/\",\"logo\":{\"@type\":\"ImageObject\",\"inLanguage\":\"es\",\"@id\":\"https:\\\/\\\/centrourbano.com\\\/revista\\\/#\\\/schema\\\/logo\\\/image\\\/\",\"url\":\"https:\\\/\\\/centrourbano.com\\\/revista\\\/wp-content\\\/uploads\\\/web_CU_logo-1.png\",\"contentUrl\":\"https:\\\/\\\/centrourbano.com\\\/revista\\\/wp-content\\\/uploads\\\/web_CU_logo-1.png\",\"width\":350,\"height\":91,\"caption\":\"Centro Urbano\"},\"image\":{\"@id\":\"https:\\\/\\\/centrourbano.com\\\/revista\\\/#\\\/schema\\\/logo\\\/image\\\/\"},\"sameAs\":[\"https:\\\/\\\/www.facebook.com\\\/portalcentrourbano\",\"https:\\\/\\\/x.com\\\/CentroUrbano\",\"https:\\\/\\\/www.instagram.com\\\/centro_urbano\\\/\",\"https:\\\/\\\/www.linkedin.com\\\/company\\\/centro-urbano\\\/\",\"http:\\\/\\\/www.youtube.com\\\/user\\\/portalcentrourbano\"]},{\"@type\":\"Person\",\"@id\":\"https:\\\/\\\/centrourbano.com\\\/revista\\\/#\\\/schema\\\/person\\\/c665f1c60da3ad48cd761a707b7090b0\",\"name\":\"Rebeca Romero\",\"image\":{\"@type\":\"ImageObject\",\"inLanguage\":\"es\",\"@id\":\"https:\\\/\\\/secure.gravatar.com\\\/avatar\\\/aee0068ae3cc041082e0e84a8258fe5ccc00a733f187bde73b0b40d86b892826?s=96&d=mm&r=g\",\"url\":\"https:\\\/\\\/secure.gravatar.com\\\/avatar\\\/aee0068ae3cc041082e0e84a8258fe5ccc00a733f187bde73b0b40d86b892826?s=96&d=mm&r=g\",\"contentUrl\":\"https:\\\/\\\/secure.gravatar.com\\\/avatar\\\/aee0068ae3cc041082e0e84a8258fe5ccc00a733f187bde73b0b40d86b892826?s=96&d=mm&r=g\",\"caption\":\"Rebeca Romero\"},\"url\":\"https:\\\/\\\/centrourbano.com\\\/revista\\\/author\\\/rebeca-romero\\\/\"}]}<\/script>\n<!-- \/ Yoast SEO plugin. -->","yoast_head_json":{"title":"GCDMX y Seguridad Ciudadana inician 'TUnidad m\u00e1s segura'","description":"Con \u2018TUnidad m\u00e1s segura\u2019 los elementos de la SSC estar\u00e1n pendientes de la seguridad de los habitantes de una manera m\u00e1s cercana y directa.","robots":{"index":"index","follow":"follow","max-snippet":"max-snippet:-1","max-image-preview":"max-image-preview:large","max-video-preview":"max-video-preview:-1"},"canonical":"https:\/\/centrourbano.com\/revista\/urbanismo\/gcdmx-seguridad-ciudadana-tunidad-mas-segura\/","og_locale":"es_ES","og_type":"article","og_title":"GCDMX y Seguridad Ciudadana inician 'TUnidad m\u00e1s segura'","og_description":"Con \u2018TUnidad m\u00e1s segura\u2019 los elementos de la SSC estar\u00e1n pendientes de la seguridad de los habitantes de una manera m\u00e1s cercana y directa.","og_url":"https:\/\/centrourbano.com\/revista\/urbanismo\/gcdmx-seguridad-ciudadana-tunidad-mas-segura\/","og_site_name":"Centro Urbano","article_publisher":"https:\/\/www.facebook.com\/portalcentrourbano","article_published_time":"2023-03-17T21:24:11+00:00","article_modified_time":"2023-03-17T21:25:12+00:00","og_image":[{"width":800,"height":800,"url":"https:\/\/centrourbano.com\/revista\/wp-content\/uploads\/FrYoU.jpg","type":"image\/jpeg"}],"author":"Rebeca Romero","twitter_card":"summary_large_image","twitter_creator":"@CentroUrbano","twitter_site":"@CentroUrbano","twitter_misc":{"Escrito por":"Rebeca Romero","Tiempo de lectura":"2 minutos"},"schema":{"@context":"https:\/\/schema.org","@graph":[{"@type":"Article","@id":"https:\/\/centrourbano.com\/revista\/urbanismo\/gcdmx-seguridad-ciudadana-tunidad-mas-segura\/#article","isPartOf":{"@id":"https:\/\/centrourbano.com\/revista\/urbanismo\/gcdmx-seguridad-ciudadana-tunidad-mas-segura\/"},"author":{"name":"Rebeca Romero","@id":"https:\/\/centrourbano.com\/revista\/#\/schema\/person\/c665f1c60da3ad48cd761a707b7090b0"},"headline":"GCDMX y Seguridad Ciudadana inician &#8216;TUnidad m\u00e1s segura&#8217;","datePublished":"2023-03-17T21:24:11+00:00","dateModified":"2023-03-17T21:25:12+00:00","mainEntityOfPage":{"@id":"https:\/\/centrourbano.com\/revista\/urbanismo\/gcdmx-seguridad-ciudadana-tunidad-mas-segura\/"},"wordCount":450,"commentCount":0,"publisher":{"@id":"https:\/\/centrourbano.com\/revista\/#organization"},"image":{"@id":"https:\/\/centrourbano.com\/revista\/urbanismo\/gcdmx-seguridad-ciudadana-tunidad-mas-segura\/#primaryimage"},"thumbnailUrl":"https:\/\/centrourbano.com\/revista\/wp-content\/uploads\/FrYoU.jpg","keywords":["\u2018TUnidad m\u00e1s segura\u2019","Secretar\u00eda de Seguridad Ciudadana"],"articleSection":["Urbanismo"],"inLanguage":"es","potentialAction":[{"@type":"CommentAction","name":"Comment","target":["https:\/\/centrourbano.com\/revista\/urbanismo\/gcdmx-seguridad-ciudadana-tunidad-mas-segura\/#respond"]}]},{"@type":"WebPage","@id":"https:\/\/centrourbano.com\/revista\/urbanismo\/gcdmx-seguridad-ciudadana-tunidad-mas-segura\/","url":"https:\/\/centrourbano.com\/revista\/urbanismo\/gcdmx-seguridad-ciudadana-tunidad-mas-segura\/","name":"GCDMX y Seguridad Ciudadana inician 'TUnidad m\u00e1s segura'","isPartOf":{"@id":"https:\/\/centrourbano.com\/revista\/#website"},"primaryImageOfPage":{"@id":"https:\/\/centrourbano.com\/revista\/urbanismo\/gcdmx-seguridad-ciudadana-tunidad-mas-segura\/#primaryimage"},"image":{"@id":"https:\/\/centrourbano.com\/revista\/urbanismo\/gcdmx-seguridad-ciudadana-tunidad-mas-segura\/#primaryimage"},"thumbnailUrl":"https:\/\/centrourbano.com\/revista\/wp-content\/uploads\/FrYoU.jpg","datePublished":"2023-03-17T21:24:11+00:00","dateModified":"2023-03-17T21:25:12+00:00","description":"Con \u2018TUnidad m\u00e1s segura\u2019 los elementos de la SSC estar\u00e1n pendientes de la seguridad de los habitantes de una manera m\u00e1s cercana y directa.","breadcrumb":{"@id":"https:\/\/centrourbano.com\/revista\/urbanismo\/gcdmx-seguridad-ciudadana-tunidad-mas-segura\/#breadcrumb"},"inLanguage":"es","potentialAction":[{"@type":"ReadAction","target":["https:\/\/centrourbano.com\/revista\/urbanismo\/gcdmx-seguridad-ciudadana-tunidad-mas-segura\/"]}]},{"@type":"ImageObject","inLanguage":"es","@id":"https:\/\/centrourbano.com\/revista\/urbanismo\/gcdmx-seguridad-ciudadana-tunidad-mas-segura\/#primaryimage","url":"https:\/\/centrourbano.com\/revista\/wp-content\/uploads\/FrYoU.jpg","contentUrl":"https:\/\/centrourbano.com\/revista\/wp-content\/uploads\/FrYoU.jpg","width":800,"height":800,"caption":"GCDMX y Seguridad Ciudadana inician 'TUnidad m\u00e1s segura'"},{"@type":"BreadcrumbList","@id":"https:\/\/centrourbano.com\/revista\/urbanismo\/gcdmx-seguridad-ciudadana-tunidad-mas-segura\/#breadcrumb","itemListElement":[{"@type":"ListItem","position":1,"name":"Portada","item":"https:\/\/centrourbano.com\/revista\/"},{"@type":"ListItem","position":2,"name":"GCDMX y Seguridad Ciudadana inician &#8216;TUnidad m\u00e1s segura&#8217;"}]},{"@type":"WebSite","@id":"https:\/\/centrourbano.com\/revista\/#website","url":"https:\/\/centrourbano.com\/revista\/","name":"Centro Urbano","description":"Medio especializado en los sectores vivienda, inmobiliario, construcci\u00f3n, arquitectura y urbanismo.","publisher":{"@id":"https:\/\/centrourbano.com\/revista\/#organization"},"potentialAction":[{"@type":"SearchAction","target":{"@type":"EntryPoint","urlTemplate":"https:\/\/centrourbano.com\/revista\/?s={search_term_string}"},"query-input":{"@type":"PropertyValueSpecification","valueRequired":true,"valueName":"search_term_string"}}],"inLanguage":"es"},{"@type":"Organization","@id":"https:\/\/centrourbano.com\/revista\/#organization","name":"Centro Urbano","url":"https:\/\/centrourbano.com\/revista\/","logo":{"@type":"ImageObject","inLanguage":"es","@id":"https:\/\/centrourbano.com\/revista\/#\/schema\/logo\/image\/","url":"https:\/\/centrourbano.com\/revista\/wp-content\/uploads\/web_CU_logo-1.png","contentUrl":"https:\/\/centrourbano.com\/revista\/wp-content\/uploads\/web_CU_logo-1.png","width":350,"height":91,"caption":"Centro Urbano"},"image":{"@id":"https:\/\/centrourbano.com\/revista\/#\/schema\/logo\/image\/"},"sameAs":["https:\/\/www.facebook.com\/portalcentrourbano","https:\/\/x.com\/CentroUrbano","https:\/\/www.instagram.com\/centro_urbano\/","https:\/\/www.linkedin.com\/company\/centro-urbano\/","http:\/\/www.youtube.com\/user\/portalcentrourbano"]},{"@type":"Person","@id":"https:\/\/centrourbano.com\/revista\/#\/schema\/person\/c665f1c60da3ad48cd761a707b7090b0","name":"Rebeca Romero","image":{"@type":"ImageObject","inLanguage":"es","@id":"https:\/\/secure.gravatar.com\/avatar\/aee0068ae3cc041082e0e84a8258fe5ccc00a733f187bde73b0b40d86b892826?s=96&d=mm&r=g","url":"https:\/\/secure.gravatar.com\/avatar\/aee0068ae3cc041082e0e84a8258fe5ccc00a733f187bde73b0b40d86b892826?s=96&d=mm&r=g","contentUrl":"https:\/\/secure.gravatar.com\/avatar\/aee0068ae3cc041082e0e84a8258fe5ccc00a733f187bde73b0b40d86b892826?s=96&d=mm&r=g","caption":"Rebeca Romero"},"url":"https:\/\/centrourbano.com\/revista\/author\/rebeca-romero\/"}]}},"_links":{"self":[{"href":"https:\/\/centrourbano.com\/revista\/wp-json\/wp\/v2\/posts\/138815","targetHints":{"allow":["GET"]}}],"collection":[{"href":"https:\/\/centrourbano.com\/revista\/wp-json\/wp\/v2\/posts"}],"about":[{"href":"https:\/\/centrourbano.com\/revista\/wp-json\/wp\/v2\/types\/post"}],"author":[{"embeddable":true,"href":"https:\/\/centrourbano.com\/revista\/wp-json\/wp\/v2\/users\/88"}],"replies":[{"embeddable":true,"href":"https:\/\/centrourbano.com\/revista\/wp-json\/wp\/v2\/comments?post=138815"}],"version-history":[{"count":2,"href":"https:\/\/centrourbano.com\/revista\/wp-json\/wp\/v2\/posts\/138815\/revisions"}],"predecessor-version":[{"id":138822,"href":"https:\/\/centrourbano.com\/revista\/wp-json\/wp\/v2\/posts\/138815\/revisions\/138822"}],"wp:featuredmedia":[{"embeddable":true,"href":"https:\/\/centrourbano.com\/revista\/wp-json\/wp\/v2\/media\/138817"}],"wp:attachment":[{"href":"https:\/\/centrourbano.com\/revista\/wp-json\/wp\/v2\/media?parent=138815"}],"wp:term":[{"taxonomy":"category","embeddable":true,"href":"https:\/\/centrourbano.com\/revista\/wp-json\/wp\/v2\/categories?post=138815"},{"taxonomy":"post_tag","embeddable":true,"href":"https:\/\/centrourbano.com\/revista\/wp-json\/wp\/v2\/tags?post=138815"}],"curies":[{"name":"wp","href":"https:\/\/api.w.org\/{rel}","templated":true}]}}