{"id":138705,"date":"2023-03-15T13:03:39","date_gmt":"2023-03-15T19:03:39","guid":{"rendered":"https:\/\/centrourbano.com\/?p=138705"},"modified":"2023-03-30T21:16:54","modified_gmt":"2023-03-31T03:16:54","slug":"dia-de-la-mujer","status":"publish","type":"post","link":"https:\/\/centrourbano.com\/revista\/opinion\/en-voz-de-las-mujeres\/dia-de-la-mujer\/","title":{"rendered":"D\u00eda de la Mujer"},"content":{"rendered":"<p><em>Por <span class=\"TextRun SCXW20258305 BCX0\" lang=\"ES-MX\" xml:lang=\"ES-MX\" data-contrast=\"auto\"><span class=\"NormalTextRun SCXW20258305 BCX0\">Mar\u00eda Jos\u00e9 Fern\u00e1ndez*<\/span><\/span><\/em><!--more--><\/p>\n<p><span data-contrast=\"auto\">Hoy, sin lugar a dudas, el rol y participaci\u00f3n de las mujeres en la actividad social, econ\u00f3mica, empresarial y pol\u00edtica es de innegable relevancia, y por ello, de imperiosa urgencia fortalecer. No es un secreto que en M\u00e9xico y en el mundo, la brecha de g\u00e9nero y salarial en detrimento de las mujeres es muy grande, y si bien se ha avanzado paulatinamente, es fundamental dar un mayor impulso a su inclusi\u00f3n en todas las actividades, sobre todo en la econom\u00eda, para poder avanzar y alcanzar la igualdad que se requiere.<\/span><span data-ccp-props=\"{&quot;201341983&quot;:0,&quot;335551550&quot;:6,&quot;335551620&quot;:6,&quot;335559739&quot;:0,&quot;335559740&quot;:240}\">\u00a0<\/span><\/p>\n<p><span data-contrast=\"auto\">Pese a los esfuerzos realizados en los \u00faltimos a\u00f1os para incrementar la presencia de las mujeres en la econom\u00eda en M\u00e9xico, actualmente su tasa de participaci\u00f3n solo alcanza el 45.9%, seg\u00fan datos del Instituto Mexicano para la Competitividad (IMCO). Y si bien la cifra pudiera parecer alentadora, la realidad es que muchas veces las condiciones laborales a las que se enfrentan las mujeres no son las mejores.<\/span><span data-ccp-props=\"{&quot;201341983&quot;:0,&quot;335551550&quot;:6,&quot;335551620&quot;:6,&quot;335559739&quot;:0,&quot;335559740&quot;:240}\">\u00a0<\/span><\/p>\n<p><span data-contrast=\"auto\">Esta baja prevalencia, junto con la falta de igualdad y equidad en oportunidades para la participaci\u00f3n de las mujeres en la econom\u00eda tiene consecuencias macro, pues inhiben considerablemente el potencial de desarrollo econ\u00f3mico del pa\u00eds. De acuerdo con el IMCO, si el gobierno y el sector privado implementaran acciones para sumar a 8.2 millones de mujeres mexicanas a la econom\u00eda, para el a\u00f1o 2030 el PIB nacional podr\u00eda crecer 15% m\u00e1s del que se tuvo en el 2020. Esta cifra revela por s\u00ed sola la urgencia de mejorar las condiciones laborales con perspectiva de g\u00e9nero.\u00a0<\/span><span data-ccp-props=\"{&quot;201341983&quot;:0,&quot;335551550&quot;:6,&quot;335551620&quot;:6,&quot;335559739&quot;:0,&quot;335559740&quot;:240}\">\u00a0<\/span><\/p>\n<p><span data-contrast=\"auto\">Otro gran pendiente que vemos ligado a esta problem\u00e1tica es la desigualdad salarial, pues seg\u00fan el IMCO, hoy las mujeres ganan 14% menos que los hombres. Lo preocupante est\u00e1 en que, de seguir a este ritmo, tardaremos mucho en alcanzar el punto de equilibrio. Seg\u00fan el informe \u00abBrecha salarial de g\u00e9nero 2022\u00bb elaborado por el Foro Econ\u00f3mico Mundial, la diferencia salarial por g\u00e9nero se ha reducido muy poco en los a\u00f1os recientes, y de mantenerse al actual ritmo, tardar\u00edamos hasta 132 a\u00f1os cerrar dicha brecha a nivel mundial, y en el caso de Latinoam\u00e9rica ser\u00edan 67 a\u00f1os.<\/span><span data-ccp-props=\"{&quot;201341983&quot;:0,&quot;335551550&quot;:6,&quot;335551620&quot;:6,&quot;335559739&quot;:0,&quot;335559740&quot;:240}\">\u00a0<\/span><\/p>\n<p><span data-contrast=\"auto\">El poder cambiar esta situaci\u00f3n requiere forzosamente de cambios en la agenda p\u00fablica, particularmente en materia pol\u00edtica y empresarial, pero tambi\u00e9n cultural -que es donde tiene origen el problema-, alentando un mayor debate en la sociedad que evidencie la necesidad de combatir la desigualdad de g\u00e9nero en todos los aspectos y espacios, que lleve a la erradicaci\u00f3n de las desigualdades, la violencia, el acoso y la discriminaci\u00f3n.\u00a0<\/span><span data-ccp-props=\"{&quot;201341983&quot;:0,&quot;335551550&quot;:6,&quot;335551620&quot;:6,&quot;335559739&quot;:0,&quot;335559740&quot;:240}\">\u00a0<\/span><\/p>\n<p><span data-contrast=\"auto\">Lograr un mayor avance es fundamental para garantizar la creaci\u00f3n de escenarios que posibiliten a las mujeres tener una participaci\u00f3n \u00f3ptima, justa y en igualdad de condiciones dentro de la vida laboral, con la apertura de oportunidades, pol\u00edticas laborables id\u00f3neas, con espacios y ambientes seguros, acondicionados para su seguro desenvolvimiento, que les permita trabajar y combinar su vida profesional y personal.\u00a0<\/span><span data-ccp-props=\"{&quot;201341983&quot;:0,&quot;335551550&quot;:6,&quot;335551620&quot;:6,&quot;335559739&quot;:0,&quot;335559740&quot;:240}\">\u00a0<\/span><\/p>\n<p><span data-contrast=\"auto\">En nuestro pa\u00eds se han dado varios pasos en ese sentido, a trav\u00e9s de reforma legales que promueven principios de igualdad, paridad y seguridad; y cada vez vemos mayores muestras de tolerancia, respeto e inclusi\u00f3n, aunque a\u00fan son insuficientes.<\/span><span data-ccp-props=\"{&quot;201341983&quot;:0,&quot;335551550&quot;:6,&quot;335551620&quot;:6,&quot;335559739&quot;:0,&quot;335559740&quot;:240}\">\u00a0<\/span><\/p>\n<p><span data-contrast=\"auto\">Desde el \u00e1mbito inmobiliario, donde las mujeres deber\u00edan tener mayor peso en la toma de decisiones para su concepci\u00f3n, es esencial concebir estrategias de desarrollo urbano con una perspectiva de g\u00e9nero, adoptando pol\u00edticas que aseguren el desarrollo de mejores ciudades, con espacios p\u00fablicos m\u00e1s seguros, iluminados, transitables y accesibles, que mejoren la calidad de vida personal, laboral y recreativa de las mujeres y de todos los ciudadanos. Esta es una tarea pendiente que ayudar\u00e1 a elevar la equidad de g\u00e9nero.\u00a0<\/span><span data-ccp-props=\"{&quot;201341983&quot;:0,&quot;335551550&quot;:6,&quot;335551620&quot;:6,&quot;335559739&quot;:0,&quot;335559740&quot;:240}\">\u00a0<\/span><\/p>\n<p><span data-ccp-props=\"{&quot;201341983&quot;:0,&quot;335551550&quot;:6,&quot;335551620&quot;:6,&quot;335559739&quot;:0,&quot;335559740&quot;:240}\">\u00a0<\/span><span data-contrast=\"auto\">Por otra parte, mi experiencia personal dentro del sector inmobiliario me ha permitido conocer m\u00e1s a fondo el papel, condiciones y ventajas que tenemos y aportamos las mujeres como parte de este importante sector. Y si bien he identificado algunas carencias y pendientes que limitan alcanzar la equidad, tambi\u00e9n he observado que hay una mayor apertura y que las oportunidades muchas veces van ligadas a la capacidad, destreza e inteligencia que se demuestra a trav\u00e9s del trabajo, sin importar el g\u00e9nero. Por ello, debemos empujar para que las decisiones de crecimiento profesional no tengan otra condicionante m\u00e1s que el talento, capacidad y profesionalismo demostrado, sin importar el g\u00e9nero ni ninguna otra caracter\u00edstica de las personas.<\/span><span data-ccp-props=\"{&quot;201341983&quot;:0,&quot;335551550&quot;:6,&quot;335551620&quot;:6,&quot;335559739&quot;:0,&quot;335559740&quot;:240}\">\u00a0<\/span><\/p>\n<p><span data-contrast=\"auto\">Por ello desde la Asociaci\u00f3n de Desarrolladores Inmobiliarios (ADI) trabajamos en esto que coincidimos y apoyamos, como parte de nuestra estrategia integral que impulsa no solo el correcto desarrollo de las ciudades y del pa\u00eds, sino tambi\u00e9n de las personas, con el objetivo de hacer realidad la transformaci\u00f3n social de forma integral e incluyente, por el bien de todas y todos.\u00a0<\/span><span data-ccp-props=\"{&quot;201341983&quot;:0,&quot;335551550&quot;:6,&quot;335551620&quot;:6,&quot;335559739&quot;:0,&quot;335559740&quot;:240}\">\u00a0<\/span><\/p>\n<p><span data-contrast=\"auto\">No debemos olvidar que el desarrollo y bienestar econ\u00f3mico no puede dejar de lado la atenci\u00f3n a las necesidades de las mujeres, que son parte esencial para el crecimiento y evoluci\u00f3n de nuestra sociedad.\u00a0<\/span><span data-ccp-props=\"{&quot;201341983&quot;:0,&quot;335551550&quot;:6,&quot;335551620&quot;:6,&quot;335559739&quot;:0,&quot;335559740&quot;:240}\">\u00a0<\/span><\/p>\n<p><!--more--><\/p>\n<p style=\"text-align: right;\"><span class=\"TextRun SCXW36327759 BCX0\" lang=\"ES-MX\" xml:lang=\"ES-MX\" data-contrast=\"auto\"><span class=\"NormalTextRun SCXW36327759 BCX0\">*Mar\u00eda Jos\u00e9 Fern\u00e1ndez<\/span><\/span><\/p>\n<p style=\"text-align: right;\">Directora General de Asociaci\u00f3n de Desarrolladores Inmobiliarios<\/p>\n","protected":false},"excerpt":{"rendered":"<p>Por Mar\u00eda Jos\u00e9 Fern\u00e1ndez*<\/p>\n","protected":false},"author":79,"featured_media":139137,"comment_status":"open","ping_status":"closed","sticky":false,"template":"","format":"standard","meta":{"om_disable_all_campaigns":false,"inline_featured_image":false,"_monsterinsights_skip_tracking":false,"_monsterinsights_sitenote_active":false,"_monsterinsights_sitenote_note":"","_monsterinsights_sitenote_category":0,"footnotes":""},"categories":[242,22736,5],"tags":[20296,18993,22078,22740,686],"class_list":["post-138705","post","type-post","status-publish","format-standard","has-post-thumbnail","hentry","category-blog-de-invitado","category-en-voz-de-las-mujeres","category-opinion","tag-8m","tag-asociacion-de-desarrolladores-inmobiliarios-adi","tag-en-la-opinion","tag-en-voz-de-las-mujeres","tag-sector-inmobiliario"],"yoast_head":"<!-- This site is optimized with the Yoast SEO plugin v27.4 - https:\/\/yoast.com\/product\/yoast-seo-wordpress\/ -->\n<title>D\u00eda de la Mujer<\/title>\n<meta name=\"description\" content=\"La participaci\u00f3n de las mujeres en la econom\u00eda es crucial para el desarrollo econ\u00f3mico de M\u00e9xico. Actualmente, su tasa solo alcanza el 45.9%\" \/>\n<meta name=\"robots\" content=\"index, follow, max-snippet:-1, max-image-preview:large, max-video-preview:-1\" \/>\n<link rel=\"canonical\" href=\"https:\/\/centrourbano.com\/revista\/opinion\/en-voz-de-las-mujeres\/dia-de-la-mujer\/\" \/>\n<meta property=\"og:locale\" content=\"es_ES\" \/>\n<meta property=\"og:type\" content=\"article\" \/>\n<meta property=\"og:title\" content=\"D\u00eda de la Mujer\" \/>\n<meta property=\"og:description\" content=\"La participaci\u00f3n de las mujeres en la econom\u00eda es crucial para el desarrollo econ\u00f3mico de M\u00e9xico. Actualmente, su tasa solo alcanza el 45.9%\" \/>\n<meta property=\"og:url\" content=\"https:\/\/centrourbano.com\/revista\/opinion\/en-voz-de-las-mujeres\/dia-de-la-mujer\/\" \/>\n<meta property=\"og:site_name\" content=\"Centro Urbano\" \/>\n<meta property=\"article:publisher\" content=\"https:\/\/www.facebook.com\/portalcentrourbano\" \/>\n<meta property=\"article:published_time\" content=\"2023-03-15T19:03:39+00:00\" \/>\n<meta property=\"article:modified_time\" content=\"2023-03-31T03:16:54+00:00\" \/>\n<meta property=\"og:image\" content=\"https:\/\/centrourbano.com\/revista\/wp-content\/uploads\/Maria-Jose-Fernandez.jpg\" \/>\n\t<meta property=\"og:image:width\" content=\"702\" \/>\n\t<meta property=\"og:image:height\" content=\"702\" \/>\n\t<meta property=\"og:image:type\" content=\"image\/jpeg\" \/>\n<meta name=\"author\" content=\"Columnista invitado\" \/>\n<meta name=\"twitter:card\" content=\"summary_large_image\" \/>\n<meta name=\"twitter:creator\" content=\"@CentroUrbano\" \/>\n<meta name=\"twitter:site\" content=\"@CentroUrbano\" \/>\n<meta name=\"twitter:label1\" content=\"Escrito por\" \/>\n\t<meta name=\"twitter:data1\" content=\"Columnista invitado\" \/>\n\t<meta name=\"twitter:label2\" content=\"Tiempo de lectura\" \/>\n\t<meta name=\"twitter:data2\" content=\"4 minutos\" \/>\n<script type=\"application\/ld+json\" class=\"yoast-schema-graph\">{\"@context\":\"https:\\\/\\\/schema.org\",\"@graph\":[{\"@type\":\"Article\",\"@id\":\"https:\\\/\\\/centrourbano.com\\\/revista\\\/opinion\\\/en-voz-de-las-mujeres\\\/dia-de-la-mujer\\\/#article\",\"isPartOf\":{\"@id\":\"https:\\\/\\\/centrourbano.com\\\/revista\\\/opinion\\\/en-voz-de-las-mujeres\\\/dia-de-la-mujer\\\/\"},\"author\":{\"name\":\"Columnista invitado\",\"@id\":\"https:\\\/\\\/centrourbano.com\\\/revista\\\/#\\\/schema\\\/person\\\/e6418535cf1773eb361a8547aef500f5\"},\"headline\":\"D\u00eda de la Mujer\",\"datePublished\":\"2023-03-15T19:03:39+00:00\",\"dateModified\":\"2023-03-31T03:16:54+00:00\",\"mainEntityOfPage\":{\"@id\":\"https:\\\/\\\/centrourbano.com\\\/revista\\\/opinion\\\/en-voz-de-las-mujeres\\\/dia-de-la-mujer\\\/\"},\"wordCount\":891,\"commentCount\":0,\"publisher\":{\"@id\":\"https:\\\/\\\/centrourbano.com\\\/revista\\\/#organization\"},\"image\":{\"@id\":\"https:\\\/\\\/centrourbano.com\\\/revista\\\/opinion\\\/en-voz-de-las-mujeres\\\/dia-de-la-mujer\\\/#primaryimage\"},\"thumbnailUrl\":\"https:\\\/\\\/centrourbano.com\\\/revista\\\/wp-content\\\/uploads\\\/Maria-Jose-Fernandez.jpg\",\"keywords\":[\"#8M\",\"Asociaci\u00f3n de Desarrolladores Inmobiliarios (ADI)\",\"En la opini\u00f3n\",\"En voz de las mujeres\",\"sector inmobiliario\"],\"articleSection\":[\"En la opini\u00f3n de\",\"En Voz de las Mujeres\",\"Opini\u00f3n\"],\"inLanguage\":\"es\",\"potentialAction\":[{\"@type\":\"CommentAction\",\"name\":\"Comment\",\"target\":[\"https:\\\/\\\/centrourbano.com\\\/revista\\\/opinion\\\/en-voz-de-las-mujeres\\\/dia-de-la-mujer\\\/#respond\"]}]},{\"@type\":\"WebPage\",\"@id\":\"https:\\\/\\\/centrourbano.com\\\/revista\\\/opinion\\\/en-voz-de-las-mujeres\\\/dia-de-la-mujer\\\/\",\"url\":\"https:\\\/\\\/centrourbano.com\\\/revista\\\/opinion\\\/en-voz-de-las-mujeres\\\/dia-de-la-mujer\\\/\",\"name\":\"D\u00eda de la Mujer\",\"isPartOf\":{\"@id\":\"https:\\\/\\\/centrourbano.com\\\/revista\\\/#website\"},\"primaryImageOfPage\":{\"@id\":\"https:\\\/\\\/centrourbano.com\\\/revista\\\/opinion\\\/en-voz-de-las-mujeres\\\/dia-de-la-mujer\\\/#primaryimage\"},\"image\":{\"@id\":\"https:\\\/\\\/centrourbano.com\\\/revista\\\/opinion\\\/en-voz-de-las-mujeres\\\/dia-de-la-mujer\\\/#primaryimage\"},\"thumbnailUrl\":\"https:\\\/\\\/centrourbano.com\\\/revista\\\/wp-content\\\/uploads\\\/Maria-Jose-Fernandez.jpg\",\"datePublished\":\"2023-03-15T19:03:39+00:00\",\"dateModified\":\"2023-03-31T03:16:54+00:00\",\"description\":\"La participaci\u00f3n de las mujeres en la econom\u00eda es crucial para el desarrollo econ\u00f3mico de M\u00e9xico. Actualmente, su tasa solo alcanza el 45.9%\",\"breadcrumb\":{\"@id\":\"https:\\\/\\\/centrourbano.com\\\/revista\\\/opinion\\\/en-voz-de-las-mujeres\\\/dia-de-la-mujer\\\/#breadcrumb\"},\"inLanguage\":\"es\",\"potentialAction\":[{\"@type\":\"ReadAction\",\"target\":[\"https:\\\/\\\/centrourbano.com\\\/revista\\\/opinion\\\/en-voz-de-las-mujeres\\\/dia-de-la-mujer\\\/\"]}]},{\"@type\":\"ImageObject\",\"inLanguage\":\"es\",\"@id\":\"https:\\\/\\\/centrourbano.com\\\/revista\\\/opinion\\\/en-voz-de-las-mujeres\\\/dia-de-la-mujer\\\/#primaryimage\",\"url\":\"https:\\\/\\\/centrourbano.com\\\/revista\\\/wp-content\\\/uploads\\\/Maria-Jose-Fernandez.jpg\",\"contentUrl\":\"https:\\\/\\\/centrourbano.com\\\/revista\\\/wp-content\\\/uploads\\\/Maria-Jose-Fernandez.jpg\",\"width\":702,\"height\":702,\"caption\":\"D\u00eda de la Mujer\"},{\"@type\":\"BreadcrumbList\",\"@id\":\"https:\\\/\\\/centrourbano.com\\\/revista\\\/opinion\\\/en-voz-de-las-mujeres\\\/dia-de-la-mujer\\\/#breadcrumb\",\"itemListElement\":[{\"@type\":\"ListItem\",\"position\":1,\"name\":\"Portada\",\"item\":\"https:\\\/\\\/centrourbano.com\\\/revista\\\/\"},{\"@type\":\"ListItem\",\"position\":2,\"name\":\"D\u00eda de la Mujer\"}]},{\"@type\":\"WebSite\",\"@id\":\"https:\\\/\\\/centrourbano.com\\\/revista\\\/#website\",\"url\":\"https:\\\/\\\/centrourbano.com\\\/revista\\\/\",\"name\":\"Centro Urbano\",\"description\":\"Medio especializado en los sectores vivienda, inmobiliario, construcci\u00f3n, arquitectura y urbanismo.\",\"publisher\":{\"@id\":\"https:\\\/\\\/centrourbano.com\\\/revista\\\/#organization\"},\"potentialAction\":[{\"@type\":\"SearchAction\",\"target\":{\"@type\":\"EntryPoint\",\"urlTemplate\":\"https:\\\/\\\/centrourbano.com\\\/revista\\\/?s={search_term_string}\"},\"query-input\":{\"@type\":\"PropertyValueSpecification\",\"valueRequired\":true,\"valueName\":\"search_term_string\"}}],\"inLanguage\":\"es\"},{\"@type\":\"Organization\",\"@id\":\"https:\\\/\\\/centrourbano.com\\\/revista\\\/#organization\",\"name\":\"Centro Urbano\",\"url\":\"https:\\\/\\\/centrourbano.com\\\/revista\\\/\",\"logo\":{\"@type\":\"ImageObject\",\"inLanguage\":\"es\",\"@id\":\"https:\\\/\\\/centrourbano.com\\\/revista\\\/#\\\/schema\\\/logo\\\/image\\\/\",\"url\":\"https:\\\/\\\/centrourbano.com\\\/revista\\\/wp-content\\\/uploads\\\/web_CU_logo-1.png\",\"contentUrl\":\"https:\\\/\\\/centrourbano.com\\\/revista\\\/wp-content\\\/uploads\\\/web_CU_logo-1.png\",\"width\":350,\"height\":91,\"caption\":\"Centro Urbano\"},\"image\":{\"@id\":\"https:\\\/\\\/centrourbano.com\\\/revista\\\/#\\\/schema\\\/logo\\\/image\\\/\"},\"sameAs\":[\"https:\\\/\\\/www.facebook.com\\\/portalcentrourbano\",\"https:\\\/\\\/x.com\\\/CentroUrbano\",\"https:\\\/\\\/www.instagram.com\\\/centro_urbano\\\/\",\"https:\\\/\\\/www.linkedin.com\\\/company\\\/centro-urbano\\\/\",\"http:\\\/\\\/www.youtube.com\\\/user\\\/portalcentrourbano\"]},{\"@type\":\"Person\",\"@id\":\"https:\\\/\\\/centrourbano.com\\\/revista\\\/#\\\/schema\\\/person\\\/e6418535cf1773eb361a8547aef500f5\",\"name\":\"Columnista invitado\",\"image\":{\"@type\":\"ImageObject\",\"inLanguage\":\"es\",\"@id\":\"https:\\\/\\\/secure.gravatar.com\\\/avatar\\\/28ad1e0627b854b5cf28ba6c846a14c308bb67d33df98f6677cc46fe92222ece?s=96&d=mm&r=g\",\"url\":\"https:\\\/\\\/secure.gravatar.com\\\/avatar\\\/28ad1e0627b854b5cf28ba6c846a14c308bb67d33df98f6677cc46fe92222ece?s=96&d=mm&r=g\",\"contentUrl\":\"https:\\\/\\\/secure.gravatar.com\\\/avatar\\\/28ad1e0627b854b5cf28ba6c846a14c308bb67d33df98f6677cc46fe92222ece?s=96&d=mm&r=g\",\"caption\":\"Columnista invitado\"},\"url\":\"https:\\\/\\\/centrourbano.com\\\/revista\\\/author\\\/columnista-invitado\\\/\"}]}<\/script>\n<!-- \/ Yoast SEO plugin. -->","yoast_head_json":{"title":"D\u00eda de la Mujer","description":"La participaci\u00f3n de las mujeres en la econom\u00eda es crucial para el desarrollo econ\u00f3mico de M\u00e9xico. Actualmente, su tasa solo alcanza el 45.9%","robots":{"index":"index","follow":"follow","max-snippet":"max-snippet:-1","max-image-preview":"max-image-preview:large","max-video-preview":"max-video-preview:-1"},"canonical":"https:\/\/centrourbano.com\/revista\/opinion\/en-voz-de-las-mujeres\/dia-de-la-mujer\/","og_locale":"es_ES","og_type":"article","og_title":"D\u00eda de la Mujer","og_description":"La participaci\u00f3n de las mujeres en la econom\u00eda es crucial para el desarrollo econ\u00f3mico de M\u00e9xico. Actualmente, su tasa solo alcanza el 45.9%","og_url":"https:\/\/centrourbano.com\/revista\/opinion\/en-voz-de-las-mujeres\/dia-de-la-mujer\/","og_site_name":"Centro Urbano","article_publisher":"https:\/\/www.facebook.com\/portalcentrourbano","article_published_time":"2023-03-15T19:03:39+00:00","article_modified_time":"2023-03-31T03:16:54+00:00","og_image":[{"width":702,"height":702,"url":"https:\/\/centrourbano.com\/revista\/wp-content\/uploads\/Maria-Jose-Fernandez.jpg","type":"image\/jpeg"}],"author":"Columnista invitado","twitter_card":"summary_large_image","twitter_creator":"@CentroUrbano","twitter_site":"@CentroUrbano","twitter_misc":{"Escrito por":"Columnista invitado","Tiempo de lectura":"4 minutos"},"schema":{"@context":"https:\/\/schema.org","@graph":[{"@type":"Article","@id":"https:\/\/centrourbano.com\/revista\/opinion\/en-voz-de-las-mujeres\/dia-de-la-mujer\/#article","isPartOf":{"@id":"https:\/\/centrourbano.com\/revista\/opinion\/en-voz-de-las-mujeres\/dia-de-la-mujer\/"},"author":{"name":"Columnista invitado","@id":"https:\/\/centrourbano.com\/revista\/#\/schema\/person\/e6418535cf1773eb361a8547aef500f5"},"headline":"D\u00eda de la Mujer","datePublished":"2023-03-15T19:03:39+00:00","dateModified":"2023-03-31T03:16:54+00:00","mainEntityOfPage":{"@id":"https:\/\/centrourbano.com\/revista\/opinion\/en-voz-de-las-mujeres\/dia-de-la-mujer\/"},"wordCount":891,"commentCount":0,"publisher":{"@id":"https:\/\/centrourbano.com\/revista\/#organization"},"image":{"@id":"https:\/\/centrourbano.com\/revista\/opinion\/en-voz-de-las-mujeres\/dia-de-la-mujer\/#primaryimage"},"thumbnailUrl":"https:\/\/centrourbano.com\/revista\/wp-content\/uploads\/Maria-Jose-Fernandez.jpg","keywords":["#8M","Asociaci\u00f3n de Desarrolladores Inmobiliarios (ADI)","En la opini\u00f3n","En voz de las mujeres","sector inmobiliario"],"articleSection":["En la opini\u00f3n de","En Voz de las Mujeres","Opini\u00f3n"],"inLanguage":"es","potentialAction":[{"@type":"CommentAction","name":"Comment","target":["https:\/\/centrourbano.com\/revista\/opinion\/en-voz-de-las-mujeres\/dia-de-la-mujer\/#respond"]}]},{"@type":"WebPage","@id":"https:\/\/centrourbano.com\/revista\/opinion\/en-voz-de-las-mujeres\/dia-de-la-mujer\/","url":"https:\/\/centrourbano.com\/revista\/opinion\/en-voz-de-las-mujeres\/dia-de-la-mujer\/","name":"D\u00eda de la Mujer","isPartOf":{"@id":"https:\/\/centrourbano.com\/revista\/#website"},"primaryImageOfPage":{"@id":"https:\/\/centrourbano.com\/revista\/opinion\/en-voz-de-las-mujeres\/dia-de-la-mujer\/#primaryimage"},"image":{"@id":"https:\/\/centrourbano.com\/revista\/opinion\/en-voz-de-las-mujeres\/dia-de-la-mujer\/#primaryimage"},"thumbnailUrl":"https:\/\/centrourbano.com\/revista\/wp-content\/uploads\/Maria-Jose-Fernandez.jpg","datePublished":"2023-03-15T19:03:39+00:00","dateModified":"2023-03-31T03:16:54+00:00","description":"La participaci\u00f3n de las mujeres en la econom\u00eda es crucial para el desarrollo econ\u00f3mico de M\u00e9xico. Actualmente, su tasa solo alcanza el 45.9%","breadcrumb":{"@id":"https:\/\/centrourbano.com\/revista\/opinion\/en-voz-de-las-mujeres\/dia-de-la-mujer\/#breadcrumb"},"inLanguage":"es","potentialAction":[{"@type":"ReadAction","target":["https:\/\/centrourbano.com\/revista\/opinion\/en-voz-de-las-mujeres\/dia-de-la-mujer\/"]}]},{"@type":"ImageObject","inLanguage":"es","@id":"https:\/\/centrourbano.com\/revista\/opinion\/en-voz-de-las-mujeres\/dia-de-la-mujer\/#primaryimage","url":"https:\/\/centrourbano.com\/revista\/wp-content\/uploads\/Maria-Jose-Fernandez.jpg","contentUrl":"https:\/\/centrourbano.com\/revista\/wp-content\/uploads\/Maria-Jose-Fernandez.jpg","width":702,"height":702,"caption":"D\u00eda de la Mujer"},{"@type":"BreadcrumbList","@id":"https:\/\/centrourbano.com\/revista\/opinion\/en-voz-de-las-mujeres\/dia-de-la-mujer\/#breadcrumb","itemListElement":[{"@type":"ListItem","position":1,"name":"Portada","item":"https:\/\/centrourbano.com\/revista\/"},{"@type":"ListItem","position":2,"name":"D\u00eda de la Mujer"}]},{"@type":"WebSite","@id":"https:\/\/centrourbano.com\/revista\/#website","url":"https:\/\/centrourbano.com\/revista\/","name":"Centro Urbano","description":"Medio especializado en los sectores vivienda, inmobiliario, construcci\u00f3n, arquitectura y urbanismo.","publisher":{"@id":"https:\/\/centrourbano.com\/revista\/#organization"},"potentialAction":[{"@type":"SearchAction","target":{"@type":"EntryPoint","urlTemplate":"https:\/\/centrourbano.com\/revista\/?s={search_term_string}"},"query-input":{"@type":"PropertyValueSpecification","valueRequired":true,"valueName":"search_term_string"}}],"inLanguage":"es"},{"@type":"Organization","@id":"https:\/\/centrourbano.com\/revista\/#organization","name":"Centro Urbano","url":"https:\/\/centrourbano.com\/revista\/","logo":{"@type":"ImageObject","inLanguage":"es","@id":"https:\/\/centrourbano.com\/revista\/#\/schema\/logo\/image\/","url":"https:\/\/centrourbano.com\/revista\/wp-content\/uploads\/web_CU_logo-1.png","contentUrl":"https:\/\/centrourbano.com\/revista\/wp-content\/uploads\/web_CU_logo-1.png","width":350,"height":91,"caption":"Centro Urbano"},"image":{"@id":"https:\/\/centrourbano.com\/revista\/#\/schema\/logo\/image\/"},"sameAs":["https:\/\/www.facebook.com\/portalcentrourbano","https:\/\/x.com\/CentroUrbano","https:\/\/www.instagram.com\/centro_urbano\/","https:\/\/www.linkedin.com\/company\/centro-urbano\/","http:\/\/www.youtube.com\/user\/portalcentrourbano"]},{"@type":"Person","@id":"https:\/\/centrourbano.com\/revista\/#\/schema\/person\/e6418535cf1773eb361a8547aef500f5","name":"Columnista invitado","image":{"@type":"ImageObject","inLanguage":"es","@id":"https:\/\/secure.gravatar.com\/avatar\/28ad1e0627b854b5cf28ba6c846a14c308bb67d33df98f6677cc46fe92222ece?s=96&d=mm&r=g","url":"https:\/\/secure.gravatar.com\/avatar\/28ad1e0627b854b5cf28ba6c846a14c308bb67d33df98f6677cc46fe92222ece?s=96&d=mm&r=g","contentUrl":"https:\/\/secure.gravatar.com\/avatar\/28ad1e0627b854b5cf28ba6c846a14c308bb67d33df98f6677cc46fe92222ece?s=96&d=mm&r=g","caption":"Columnista invitado"},"url":"https:\/\/centrourbano.com\/revista\/author\/columnista-invitado\/"}]}},"_links":{"self":[{"href":"https:\/\/centrourbano.com\/revista\/wp-json\/wp\/v2\/posts\/138705","targetHints":{"allow":["GET"]}}],"collection":[{"href":"https:\/\/centrourbano.com\/revista\/wp-json\/wp\/v2\/posts"}],"about":[{"href":"https:\/\/centrourbano.com\/revista\/wp-json\/wp\/v2\/types\/post"}],"author":[{"embeddable":true,"href":"https:\/\/centrourbano.com\/revista\/wp-json\/wp\/v2\/users\/79"}],"replies":[{"embeddable":true,"href":"https:\/\/centrourbano.com\/revista\/wp-json\/wp\/v2\/comments?post=138705"}],"version-history":[{"count":1,"href":"https:\/\/centrourbano.com\/revista\/wp-json\/wp\/v2\/posts\/138705\/revisions"}],"predecessor-version":[{"id":138707,"href":"https:\/\/centrourbano.com\/revista\/wp-json\/wp\/v2\/posts\/138705\/revisions\/138707"}],"wp:featuredmedia":[{"embeddable":true,"href":"https:\/\/centrourbano.com\/revista\/wp-json\/wp\/v2\/media\/139137"}],"wp:attachment":[{"href":"https:\/\/centrourbano.com\/revista\/wp-json\/wp\/v2\/media?parent=138705"}],"wp:term":[{"taxonomy":"category","embeddable":true,"href":"https:\/\/centrourbano.com\/revista\/wp-json\/wp\/v2\/categories?post=138705"},{"taxonomy":"post_tag","embeddable":true,"href":"https:\/\/centrourbano.com\/revista\/wp-json\/wp\/v2\/tags?post=138705"}],"curies":[{"name":"wp","href":"https:\/\/api.w.org\/{rel}","templated":true}]}}