{"id":138678,"date":"2023-03-14T15:23:10","date_gmt":"2023-03-14T21:23:10","guid":{"rendered":"https:\/\/centrourbano.com\/?p=138678"},"modified":"2023-03-14T19:23:34","modified_gmt":"2023-03-15T01:23:34","slug":"gcdmx-microbuses-sheinbaum","status":"publish","type":"post","link":"https:\/\/centrourbano.com\/revista\/urbanismo\/gcdmx-microbuses-sheinbaum\/","title":{"rendered":"GCDMX sustituir\u00e1 5,800 microbuses para 2024: Sheinbaum"},"content":{"rendered":"<p><em>El titular de la Semovi destac\u00f3 que hasta ahora se han chatarrizado 2,485 microbuses, y durante el periodo 2023- 2024, se chatarrizar\u00e1n los 3,315 restantes<\/em><!--more--><\/p>\n<p>La <strong>jefa de Gobierno de la Ciudad de M\u00e9xico<\/strong>, <strong>Claudia Sheinbaum Pardo<\/strong>, anunci\u00f3 que, a trav\u00e9s del <strong>Programa de Modernizaci\u00f3n del Transporte Concesionado<\/strong>, para 2024 se sustituir\u00e1n los 5,800 microbuses que circulaban en la metr\u00f3poli.<\/p>\n<p>\u201cCon esto podemos decir que tenemos todo para poder sustituir todos los <strong>microbuses<\/strong> de la Ciudad de M\u00e9xico entre 2023 y 2024. Estamos haciendo un trabajo muy importante con los transportistas para que se acerquen y puedan entrar a este programa tan importante que permita tener estos autobuses modernos\u201d, coment\u00f3.<\/p>\n<p>Por su parte, el <strong>titular de la Secretar\u00eda de Movilidad capitalina<\/strong> (<a href=\"https:\/\/centrourbano.com\/urbanismo\/transporte-cdmx-semovi-lajous\/\" target=\"_blank\" rel=\"noopener\"><strong>Semovi<\/strong><\/a>), <strong>Andr\u00e9s Lajous Loaeza<\/strong>, precis\u00f3 que, en lo que va de la administraci\u00f3n, se han entregado 2,485 bonos de chatarrizaci\u00f3n por 450,000 pesos a los concesionarios mediante este programa.<\/p>\n<p>\u201cJustamente para que todas estas unidades, las 2,485 dejen de circular y sean sustituidas por unidades nuevas\u201d, dijo. Y agreg\u00f3 que, durante el periodo 2023- 2024, se chatarrizar\u00e1n los 3,315 microbuses restantes, para alcanzar el total de 5,800 unidades modernizadas.<\/p>\n<p>Asimismo, record\u00f3 que el proceso para la <strong>renovaci\u00f3n de microbuses<\/strong> contempla: la revisi\u00f3n f\u00edsica y documental de la unidad; sondeo de mercado con las armadoras de autobuses; concurso con la presentaci\u00f3n de propuestas a transportistas y especialistas; la conformaci\u00f3n de la empresa con los concesionarios; el otorgamiento de bonos de chatarrizaci\u00f3n; y la entrega de las nuevas unidades.<\/p>\n<p>Por otro lado, <strong>Sheinbaum<\/strong> indic\u00f3 que, a partir de este a\u00f1o, <strong>Nacional Financiera<\/strong> (<strong>Nafin<\/strong>) ofrecer\u00e1 una tasa de inter\u00e9s del 12.60%; una de las m\u00e1s bajas del mercado para aquellos concesionarios que busquen renovar sus unidades y financiarse a trav\u00e9s de esta instituci\u00f3n.<\/p>\n<p>Al respecto, el <strong>director de Nafin, Luis Antonio Ram\u00edrez Pineda<\/strong>, a\u00f1adi\u00f3 que, adem\u00e1s de cr\u00e9dito a tasa preferencial, los concesionarios obtendr\u00e1n capacitaci\u00f3n para conformar su propia empresa.<\/p>\n<p>\u201cEs un cr\u00e9dito, adem\u00e1s, a cinco a\u00f1os, que estamos ofreciendo tambi\u00e9n junto con KFW, que es un banco de desarrollo alem\u00e1n, capacitaci\u00f3n, asistencia t\u00e9cnica. (&#8230;) Aqu\u00ed se les ayuda en materia de administraci\u00f3n, en materia de desarrollo empresarial, en materia fiscal, en materia de negocios; un paquete completo que les ayuda a ellos mismos a darse cuenta lo que implica el manejo de una empresa\u201d, apunt\u00f3.<\/p>\n","protected":false},"excerpt":{"rendered":"<p>El titular de la Semovi destac\u00f3 que hasta ahora se han chatarrizado 2,485 microbuses, y durante el periodo 2023- 2024, se chatarrizar\u00e1n los 3,315 restantes<\/p>\n","protected":false},"author":73,"featured_media":138679,"comment_status":"open","ping_status":"closed","sticky":false,"template":"","format":"standard","meta":{"om_disable_all_campaigns":false,"inline_featured_image":false,"_monsterinsights_skip_tracking":false,"_monsterinsights_sitenote_active":false,"_monsterinsights_sitenote_note":"","_monsterinsights_sitenote_category":0,"footnotes":""},"categories":[82],"tags":[11286,8305,510,22804,2196],"class_list":["post-138678","post","type-post","status-publish","format-standard","has-post-thumbnail","hentry","category-urbanismo","tag-gobierno-cdmx","tag-microbuses","tag-nafin","tag-programa-de-modernizacion-del-transporte-concesionado","tag-semovi"],"yoast_head":"<!-- This site is optimized with the Yoast SEO plugin v27.4 - https:\/\/yoast.com\/product\/yoast-seo-wordpress\/ -->\n<title>GCDMX sustituir\u00e1 5,800 microbuses para 2024: Sheinbaum<\/title>\n<meta name=\"description\" content=\"Hasta ahora se han chatarrizado 2,485 microbuses, y durante el periodo 2023- 2024, se chatarrizar\u00e1n los 3,315 restantes\" \/>\n<meta name=\"robots\" content=\"index, follow, max-snippet:-1, max-image-preview:large, max-video-preview:-1\" \/>\n<link rel=\"canonical\" href=\"https:\/\/centrourbano.com\/revista\/urbanismo\/gcdmx-microbuses-sheinbaum\/\" \/>\n<meta property=\"og:locale\" content=\"es_ES\" \/>\n<meta property=\"og:type\" content=\"article\" \/>\n<meta property=\"og:title\" content=\"GCDMX sustituir\u00e1 5,800 microbuses para 2024: Sheinbaum\" \/>\n<meta property=\"og:description\" content=\"Hasta ahora se han chatarrizado 2,485 microbuses, y durante el periodo 2023- 2024, se chatarrizar\u00e1n los 3,315 restantes\" \/>\n<meta property=\"og:url\" content=\"https:\/\/centrourbano.com\/revista\/urbanismo\/gcdmx-microbuses-sheinbaum\/\" \/>\n<meta property=\"og:site_name\" content=\"Centro Urbano\" \/>\n<meta property=\"article:publisher\" content=\"https:\/\/www.facebook.com\/portalcentrourbano\" \/>\n<meta property=\"article:published_time\" content=\"2023-03-14T21:23:10+00:00\" \/>\n<meta property=\"article:modified_time\" content=\"2023-03-15T01:23:34+00:00\" \/>\n<meta property=\"og:image\" content=\"https:\/\/centrourbano.com\/revista\/wp-content\/uploads\/GCDMX-sustituira-5800-microbuses-para-2024-Sheinbaum.jpg\" \/>\n\t<meta property=\"og:image:width\" content=\"650\" \/>\n\t<meta property=\"og:image:height\" content=\"550\" \/>\n\t<meta property=\"og:image:type\" content=\"image\/jpeg\" \/>\n<meta name=\"author\" content=\"Fernanda Hern\u00e1ndez\" \/>\n<meta name=\"twitter:card\" content=\"summary_large_image\" \/>\n<meta name=\"twitter:creator\" content=\"@https:\/\/twitter.com\/Nannz_Hernandez\" \/>\n<meta name=\"twitter:site\" content=\"@CentroUrbano\" \/>\n<meta name=\"twitter:label1\" content=\"Escrito por\" \/>\n\t<meta name=\"twitter:data1\" content=\"Fernanda Hern\u00e1ndez\" \/>\n\t<meta name=\"twitter:label2\" content=\"Tiempo de lectura\" \/>\n\t<meta name=\"twitter:data2\" content=\"2 minutos\" \/>\n<script type=\"application\/ld+json\" class=\"yoast-schema-graph\">{\"@context\":\"https:\\\/\\\/schema.org\",\"@graph\":[{\"@type\":\"Article\",\"@id\":\"https:\\\/\\\/centrourbano.com\\\/revista\\\/urbanismo\\\/gcdmx-microbuses-sheinbaum\\\/#article\",\"isPartOf\":{\"@id\":\"https:\\\/\\\/centrourbano.com\\\/revista\\\/urbanismo\\\/gcdmx-microbuses-sheinbaum\\\/\"},\"author\":{\"name\":\"Fernanda Hern\u00e1ndez\",\"@id\":\"https:\\\/\\\/centrourbano.com\\\/revista\\\/#\\\/schema\\\/person\\\/b190b20bbbceb41ec72278c546fa8df3\"},\"headline\":\"GCDMX sustituir\u00e1 5,800 microbuses para 2024: Sheinbaum\",\"datePublished\":\"2023-03-14T21:23:10+00:00\",\"dateModified\":\"2023-03-15T01:23:34+00:00\",\"mainEntityOfPage\":{\"@id\":\"https:\\\/\\\/centrourbano.com\\\/revista\\\/urbanismo\\\/gcdmx-microbuses-sheinbaum\\\/\"},\"wordCount\":411,\"commentCount\":0,\"publisher\":{\"@id\":\"https:\\\/\\\/centrourbano.com\\\/revista\\\/#organization\"},\"image\":{\"@id\":\"https:\\\/\\\/centrourbano.com\\\/revista\\\/urbanismo\\\/gcdmx-microbuses-sheinbaum\\\/#primaryimage\"},\"thumbnailUrl\":\"https:\\\/\\\/centrourbano.com\\\/revista\\\/wp-content\\\/uploads\\\/GCDMX-sustituira-5800-microbuses-para-2024-Sheinbaum.jpg\",\"keywords\":[\"Gobierno CDMX\",\"microbuses\",\"Nafin\",\"Programa de Modernizaci\u00f3n del Transporte Concesionado\",\"Semovi\"],\"articleSection\":[\"Urbanismo\"],\"inLanguage\":\"es\",\"potentialAction\":[{\"@type\":\"CommentAction\",\"name\":\"Comment\",\"target\":[\"https:\\\/\\\/centrourbano.com\\\/revista\\\/urbanismo\\\/gcdmx-microbuses-sheinbaum\\\/#respond\"]}]},{\"@type\":\"WebPage\",\"@id\":\"https:\\\/\\\/centrourbano.com\\\/revista\\\/urbanismo\\\/gcdmx-microbuses-sheinbaum\\\/\",\"url\":\"https:\\\/\\\/centrourbano.com\\\/revista\\\/urbanismo\\\/gcdmx-microbuses-sheinbaum\\\/\",\"name\":\"GCDMX sustituir\u00e1 5,800 microbuses para 2024: Sheinbaum\",\"isPartOf\":{\"@id\":\"https:\\\/\\\/centrourbano.com\\\/revista\\\/#website\"},\"primaryImageOfPage\":{\"@id\":\"https:\\\/\\\/centrourbano.com\\\/revista\\\/urbanismo\\\/gcdmx-microbuses-sheinbaum\\\/#primaryimage\"},\"image\":{\"@id\":\"https:\\\/\\\/centrourbano.com\\\/revista\\\/urbanismo\\\/gcdmx-microbuses-sheinbaum\\\/#primaryimage\"},\"thumbnailUrl\":\"https:\\\/\\\/centrourbano.com\\\/revista\\\/wp-content\\\/uploads\\\/GCDMX-sustituira-5800-microbuses-para-2024-Sheinbaum.jpg\",\"datePublished\":\"2023-03-14T21:23:10+00:00\",\"dateModified\":\"2023-03-15T01:23:34+00:00\",\"description\":\"Hasta ahora se han chatarrizado 2,485 microbuses, y durante el periodo 2023- 2024, se chatarrizar\u00e1n los 3,315 restantes\",\"breadcrumb\":{\"@id\":\"https:\\\/\\\/centrourbano.com\\\/revista\\\/urbanismo\\\/gcdmx-microbuses-sheinbaum\\\/#breadcrumb\"},\"inLanguage\":\"es\",\"potentialAction\":[{\"@type\":\"ReadAction\",\"target\":[\"https:\\\/\\\/centrourbano.com\\\/revista\\\/urbanismo\\\/gcdmx-microbuses-sheinbaum\\\/\"]}]},{\"@type\":\"ImageObject\",\"inLanguage\":\"es\",\"@id\":\"https:\\\/\\\/centrourbano.com\\\/revista\\\/urbanismo\\\/gcdmx-microbuses-sheinbaum\\\/#primaryimage\",\"url\":\"https:\\\/\\\/centrourbano.com\\\/revista\\\/wp-content\\\/uploads\\\/GCDMX-sustituira-5800-microbuses-para-2024-Sheinbaum.jpg\",\"contentUrl\":\"https:\\\/\\\/centrourbano.com\\\/revista\\\/wp-content\\\/uploads\\\/GCDMX-sustituira-5800-microbuses-para-2024-Sheinbaum.jpg\",\"width\":650,\"height\":550,\"caption\":\"GCDMX sustituir\u00e1 5,800 microbuses para 2024: Sheinbaum\"},{\"@type\":\"BreadcrumbList\",\"@id\":\"https:\\\/\\\/centrourbano.com\\\/revista\\\/urbanismo\\\/gcdmx-microbuses-sheinbaum\\\/#breadcrumb\",\"itemListElement\":[{\"@type\":\"ListItem\",\"position\":1,\"name\":\"Portada\",\"item\":\"https:\\\/\\\/centrourbano.com\\\/revista\\\/\"},{\"@type\":\"ListItem\",\"position\":2,\"name\":\"GCDMX sustituir\u00e1 5,800 microbuses para 2024: Sheinbaum\"}]},{\"@type\":\"WebSite\",\"@id\":\"https:\\\/\\\/centrourbano.com\\\/revista\\\/#website\",\"url\":\"https:\\\/\\\/centrourbano.com\\\/revista\\\/\",\"name\":\"Centro Urbano\",\"description\":\"Medio especializado en los sectores vivienda, inmobiliario, construcci\u00f3n, arquitectura y urbanismo.\",\"publisher\":{\"@id\":\"https:\\\/\\\/centrourbano.com\\\/revista\\\/#organization\"},\"potentialAction\":[{\"@type\":\"SearchAction\",\"target\":{\"@type\":\"EntryPoint\",\"urlTemplate\":\"https:\\\/\\\/centrourbano.com\\\/revista\\\/?s={search_term_string}\"},\"query-input\":{\"@type\":\"PropertyValueSpecification\",\"valueRequired\":true,\"valueName\":\"search_term_string\"}}],\"inLanguage\":\"es\"},{\"@type\":\"Organization\",\"@id\":\"https:\\\/\\\/centrourbano.com\\\/revista\\\/#organization\",\"name\":\"Centro Urbano\",\"url\":\"https:\\\/\\\/centrourbano.com\\\/revista\\\/\",\"logo\":{\"@type\":\"ImageObject\",\"inLanguage\":\"es\",\"@id\":\"https:\\\/\\\/centrourbano.com\\\/revista\\\/#\\\/schema\\\/logo\\\/image\\\/\",\"url\":\"https:\\\/\\\/centrourbano.com\\\/revista\\\/wp-content\\\/uploads\\\/web_CU_logo-1.png\",\"contentUrl\":\"https:\\\/\\\/centrourbano.com\\\/revista\\\/wp-content\\\/uploads\\\/web_CU_logo-1.png\",\"width\":350,\"height\":91,\"caption\":\"Centro Urbano\"},\"image\":{\"@id\":\"https:\\\/\\\/centrourbano.com\\\/revista\\\/#\\\/schema\\\/logo\\\/image\\\/\"},\"sameAs\":[\"https:\\\/\\\/www.facebook.com\\\/portalcentrourbano\",\"https:\\\/\\\/x.com\\\/CentroUrbano\",\"https:\\\/\\\/www.instagram.com\\\/centro_urbano\\\/\",\"https:\\\/\\\/www.linkedin.com\\\/company\\\/centro-urbano\\\/\",\"http:\\\/\\\/www.youtube.com\\\/user\\\/portalcentrourbano\"]},{\"@type\":\"Person\",\"@id\":\"https:\\\/\\\/centrourbano.com\\\/revista\\\/#\\\/schema\\\/person\\\/b190b20bbbceb41ec72278c546fa8df3\",\"name\":\"Fernanda Hern\u00e1ndez\",\"image\":{\"@type\":\"ImageObject\",\"inLanguage\":\"es\",\"@id\":\"https:\\\/\\\/secure.gravatar.com\\\/avatar\\\/9471831fb0a24eae9d32d826a7cb8ef07c34a41520aca1a0ab1f5c0903ba49b9?s=96&d=mm&r=g\",\"url\":\"https:\\\/\\\/secure.gravatar.com\\\/avatar\\\/9471831fb0a24eae9d32d826a7cb8ef07c34a41520aca1a0ab1f5c0903ba49b9?s=96&d=mm&r=g\",\"contentUrl\":\"https:\\\/\\\/secure.gravatar.com\\\/avatar\\\/9471831fb0a24eae9d32d826a7cb8ef07c34a41520aca1a0ab1f5c0903ba49b9?s=96&d=mm&r=g\",\"caption\":\"Fernanda Hern\u00e1ndez\"},\"description\":\"Reportera y redactora en Centro Urbano. Soy egresada de la licenciatura en Ciencias de la Comunicaci\u00f3n de la Facultad de Ciencias Pol\u00edticas y Sociales (UNAM). Me interesa la cultura, el urbanismo y la arquitectura. Amante del mundo digital, el cine, la m\u00fasica, la lectura y la escritura.\",\"sameAs\":[\"https:\\\/\\\/x.com\\\/https:\\\/\\\/twitter.com\\\/Nannz_Hernandez\"],\"url\":\"https:\\\/\\\/centrourbano.com\\\/revista\\\/author\\\/fernanda-hernandez\\\/\"}]}<\/script>\n<!-- \/ Yoast SEO plugin. -->","yoast_head_json":{"title":"GCDMX sustituir\u00e1 5,800 microbuses para 2024: Sheinbaum","description":"Hasta ahora se han chatarrizado 2,485 microbuses, y durante el periodo 2023- 2024, se chatarrizar\u00e1n los 3,315 restantes","robots":{"index":"index","follow":"follow","max-snippet":"max-snippet:-1","max-image-preview":"max-image-preview:large","max-video-preview":"max-video-preview:-1"},"canonical":"https:\/\/centrourbano.com\/revista\/urbanismo\/gcdmx-microbuses-sheinbaum\/","og_locale":"es_ES","og_type":"article","og_title":"GCDMX sustituir\u00e1 5,800 microbuses para 2024: Sheinbaum","og_description":"Hasta ahora se han chatarrizado 2,485 microbuses, y durante el periodo 2023- 2024, se chatarrizar\u00e1n los 3,315 restantes","og_url":"https:\/\/centrourbano.com\/revista\/urbanismo\/gcdmx-microbuses-sheinbaum\/","og_site_name":"Centro Urbano","article_publisher":"https:\/\/www.facebook.com\/portalcentrourbano","article_published_time":"2023-03-14T21:23:10+00:00","article_modified_time":"2023-03-15T01:23:34+00:00","og_image":[{"width":650,"height":550,"url":"https:\/\/centrourbano.com\/revista\/wp-content\/uploads\/GCDMX-sustituira-5800-microbuses-para-2024-Sheinbaum.jpg","type":"image\/jpeg"}],"author":"Fernanda Hern\u00e1ndez","twitter_card":"summary_large_image","twitter_creator":"@https:\/\/twitter.com\/Nannz_Hernandez","twitter_site":"@CentroUrbano","twitter_misc":{"Escrito por":"Fernanda Hern\u00e1ndez","Tiempo de lectura":"2 minutos"},"schema":{"@context":"https:\/\/schema.org","@graph":[{"@type":"Article","@id":"https:\/\/centrourbano.com\/revista\/urbanismo\/gcdmx-microbuses-sheinbaum\/#article","isPartOf":{"@id":"https:\/\/centrourbano.com\/revista\/urbanismo\/gcdmx-microbuses-sheinbaum\/"},"author":{"name":"Fernanda Hern\u00e1ndez","@id":"https:\/\/centrourbano.com\/revista\/#\/schema\/person\/b190b20bbbceb41ec72278c546fa8df3"},"headline":"GCDMX sustituir\u00e1 5,800 microbuses para 2024: Sheinbaum","datePublished":"2023-03-14T21:23:10+00:00","dateModified":"2023-03-15T01:23:34+00:00","mainEntityOfPage":{"@id":"https:\/\/centrourbano.com\/revista\/urbanismo\/gcdmx-microbuses-sheinbaum\/"},"wordCount":411,"commentCount":0,"publisher":{"@id":"https:\/\/centrourbano.com\/revista\/#organization"},"image":{"@id":"https:\/\/centrourbano.com\/revista\/urbanismo\/gcdmx-microbuses-sheinbaum\/#primaryimage"},"thumbnailUrl":"https:\/\/centrourbano.com\/revista\/wp-content\/uploads\/GCDMX-sustituira-5800-microbuses-para-2024-Sheinbaum.jpg","keywords":["Gobierno CDMX","microbuses","Nafin","Programa de Modernizaci\u00f3n del Transporte Concesionado","Semovi"],"articleSection":["Urbanismo"],"inLanguage":"es","potentialAction":[{"@type":"CommentAction","name":"Comment","target":["https:\/\/centrourbano.com\/revista\/urbanismo\/gcdmx-microbuses-sheinbaum\/#respond"]}]},{"@type":"WebPage","@id":"https:\/\/centrourbano.com\/revista\/urbanismo\/gcdmx-microbuses-sheinbaum\/","url":"https:\/\/centrourbano.com\/revista\/urbanismo\/gcdmx-microbuses-sheinbaum\/","name":"GCDMX sustituir\u00e1 5,800 microbuses para 2024: Sheinbaum","isPartOf":{"@id":"https:\/\/centrourbano.com\/revista\/#website"},"primaryImageOfPage":{"@id":"https:\/\/centrourbano.com\/revista\/urbanismo\/gcdmx-microbuses-sheinbaum\/#primaryimage"},"image":{"@id":"https:\/\/centrourbano.com\/revista\/urbanismo\/gcdmx-microbuses-sheinbaum\/#primaryimage"},"thumbnailUrl":"https:\/\/centrourbano.com\/revista\/wp-content\/uploads\/GCDMX-sustituira-5800-microbuses-para-2024-Sheinbaum.jpg","datePublished":"2023-03-14T21:23:10+00:00","dateModified":"2023-03-15T01:23:34+00:00","description":"Hasta ahora se han chatarrizado 2,485 microbuses, y durante el periodo 2023- 2024, se chatarrizar\u00e1n los 3,315 restantes","breadcrumb":{"@id":"https:\/\/centrourbano.com\/revista\/urbanismo\/gcdmx-microbuses-sheinbaum\/#breadcrumb"},"inLanguage":"es","potentialAction":[{"@type":"ReadAction","target":["https:\/\/centrourbano.com\/revista\/urbanismo\/gcdmx-microbuses-sheinbaum\/"]}]},{"@type":"ImageObject","inLanguage":"es","@id":"https:\/\/centrourbano.com\/revista\/urbanismo\/gcdmx-microbuses-sheinbaum\/#primaryimage","url":"https:\/\/centrourbano.com\/revista\/wp-content\/uploads\/GCDMX-sustituira-5800-microbuses-para-2024-Sheinbaum.jpg","contentUrl":"https:\/\/centrourbano.com\/revista\/wp-content\/uploads\/GCDMX-sustituira-5800-microbuses-para-2024-Sheinbaum.jpg","width":650,"height":550,"caption":"GCDMX sustituir\u00e1 5,800 microbuses para 2024: Sheinbaum"},{"@type":"BreadcrumbList","@id":"https:\/\/centrourbano.com\/revista\/urbanismo\/gcdmx-microbuses-sheinbaum\/#breadcrumb","itemListElement":[{"@type":"ListItem","position":1,"name":"Portada","item":"https:\/\/centrourbano.com\/revista\/"},{"@type":"ListItem","position":2,"name":"GCDMX sustituir\u00e1 5,800 microbuses para 2024: Sheinbaum"}]},{"@type":"WebSite","@id":"https:\/\/centrourbano.com\/revista\/#website","url":"https:\/\/centrourbano.com\/revista\/","name":"Centro Urbano","description":"Medio especializado en los sectores vivienda, inmobiliario, construcci\u00f3n, arquitectura y urbanismo.","publisher":{"@id":"https:\/\/centrourbano.com\/revista\/#organization"},"potentialAction":[{"@type":"SearchAction","target":{"@type":"EntryPoint","urlTemplate":"https:\/\/centrourbano.com\/revista\/?s={search_term_string}"},"query-input":{"@type":"PropertyValueSpecification","valueRequired":true,"valueName":"search_term_string"}}],"inLanguage":"es"},{"@type":"Organization","@id":"https:\/\/centrourbano.com\/revista\/#organization","name":"Centro Urbano","url":"https:\/\/centrourbano.com\/revista\/","logo":{"@type":"ImageObject","inLanguage":"es","@id":"https:\/\/centrourbano.com\/revista\/#\/schema\/logo\/image\/","url":"https:\/\/centrourbano.com\/revista\/wp-content\/uploads\/web_CU_logo-1.png","contentUrl":"https:\/\/centrourbano.com\/revista\/wp-content\/uploads\/web_CU_logo-1.png","width":350,"height":91,"caption":"Centro Urbano"},"image":{"@id":"https:\/\/centrourbano.com\/revista\/#\/schema\/logo\/image\/"},"sameAs":["https:\/\/www.facebook.com\/portalcentrourbano","https:\/\/x.com\/CentroUrbano","https:\/\/www.instagram.com\/centro_urbano\/","https:\/\/www.linkedin.com\/company\/centro-urbano\/","http:\/\/www.youtube.com\/user\/portalcentrourbano"]},{"@type":"Person","@id":"https:\/\/centrourbano.com\/revista\/#\/schema\/person\/b190b20bbbceb41ec72278c546fa8df3","name":"Fernanda Hern\u00e1ndez","image":{"@type":"ImageObject","inLanguage":"es","@id":"https:\/\/secure.gravatar.com\/avatar\/9471831fb0a24eae9d32d826a7cb8ef07c34a41520aca1a0ab1f5c0903ba49b9?s=96&d=mm&r=g","url":"https:\/\/secure.gravatar.com\/avatar\/9471831fb0a24eae9d32d826a7cb8ef07c34a41520aca1a0ab1f5c0903ba49b9?s=96&d=mm&r=g","contentUrl":"https:\/\/secure.gravatar.com\/avatar\/9471831fb0a24eae9d32d826a7cb8ef07c34a41520aca1a0ab1f5c0903ba49b9?s=96&d=mm&r=g","caption":"Fernanda Hern\u00e1ndez"},"description":"Reportera y redactora en Centro Urbano. Soy egresada de la licenciatura en Ciencias de la Comunicaci\u00f3n de la Facultad de Ciencias Pol\u00edticas y Sociales (UNAM). Me interesa la cultura, el urbanismo y la arquitectura. Amante del mundo digital, el cine, la m\u00fasica, la lectura y la escritura.","sameAs":["https:\/\/x.com\/https:\/\/twitter.com\/Nannz_Hernandez"],"url":"https:\/\/centrourbano.com\/revista\/author\/fernanda-hernandez\/"}]}},"_links":{"self":[{"href":"https:\/\/centrourbano.com\/revista\/wp-json\/wp\/v2\/posts\/138678","targetHints":{"allow":["GET"]}}],"collection":[{"href":"https:\/\/centrourbano.com\/revista\/wp-json\/wp\/v2\/posts"}],"about":[{"href":"https:\/\/centrourbano.com\/revista\/wp-json\/wp\/v2\/types\/post"}],"author":[{"embeddable":true,"href":"https:\/\/centrourbano.com\/revista\/wp-json\/wp\/v2\/users\/73"}],"replies":[{"embeddable":true,"href":"https:\/\/centrourbano.com\/revista\/wp-json\/wp\/v2\/comments?post=138678"}],"version-history":[{"count":2,"href":"https:\/\/centrourbano.com\/revista\/wp-json\/wp\/v2\/posts\/138678\/revisions"}],"predecessor-version":[{"id":138681,"href":"https:\/\/centrourbano.com\/revista\/wp-json\/wp\/v2\/posts\/138678\/revisions\/138681"}],"wp:featuredmedia":[{"embeddable":true,"href":"https:\/\/centrourbano.com\/revista\/wp-json\/wp\/v2\/media\/138679"}],"wp:attachment":[{"href":"https:\/\/centrourbano.com\/revista\/wp-json\/wp\/v2\/media?parent=138678"}],"wp:term":[{"taxonomy":"category","embeddable":true,"href":"https:\/\/centrourbano.com\/revista\/wp-json\/wp\/v2\/categories?post=138678"},{"taxonomy":"post_tag","embeddable":true,"href":"https:\/\/centrourbano.com\/revista\/wp-json\/wp\/v2\/tags?post=138678"}],"curies":[{"name":"wp","href":"https:\/\/api.w.org\/{rel}","templated":true}]}}