{"id":138664,"date":"2023-03-14T13:37:26","date_gmt":"2023-03-14T19:37:26","guid":{"rendered":"https:\/\/centrourbano.com\/?p=138664"},"modified":"2023-03-14T13:37:26","modified_gmt":"2023-03-14T19:37:26","slug":"mi-primer-pasaporte-infantil-busca-acercar-a-ninos-y-museos","status":"publish","type":"post","link":"https:\/\/centrourbano.com\/revista\/actualidad\/mi-primer-pasaporte-infantil-busca-acercar-a-ninos-y-museos\/","title":{"rendered":"Mi primer pasaporte infantil busca acercar a ni\u00f1os y museos"},"content":{"rendered":"<p><span style=\"font-weight: 400;\"><em>El primer ni\u00f1o que logre juntar los 50 sellos de<\/em> Mi primer pasaporte infantil ganar\u00e1 un viaje para dos personas a Canc\u00fan, con hospedaje en el Hotel Nickelodeon<\/span><!--more--><\/p>\n<p><span style=\"font-weight: 400;\"><strong>Para impulsar la visita de los ni\u00f1os a los museos del pa\u00eds<\/strong>, Creaci\u00f3n 101 A.C., junto con Alianza de Museos Aut\u00f3nomos y Mixtos (AMAM) y Crayola crearon <strong>Mi primer pasaporte infantil<\/strong>. Con esta iniciativa, los organizadores buscan impulsar la cercan\u00eda entre ni\u00f1os y temas culturales y art\u00edsticos; para que de esta forma puedan desarrollar su creatividad.<\/span><\/p>\n<p><span style=\"font-weight: 400;\">Dicho pasaporte es el \u00fanico en su tipo, los ejemplares pueden ser personalizables. Al tener Mi primer pasaporte infantil, los ni\u00f1os tendr\u00e1n <strong>acceso a din\u00e1micas, retos y premios<\/strong> durante el transcurso del a\u00f1o 2023. Del mismo modo, para reforzar el acercamiento a la cultura, el pasaporte\u00a0 otorgar\u00e1<strong> descuentos exclusivos en m\u00e1s de 50 museos<\/strong>. <\/span><span style=\"font-weight: 400;\">Mediante este acceso, no solo los ni\u00f1os ser\u00e1n m\u00e1s cercanos a los recintos, tambi\u00e9n lo ser\u00e1n sus familias, ya que todos pueden disfrutar de las visitas a los museos.\u00a0<\/span><\/p>\n<h2><span style=\"font-weight: 400;\">\u00bfC\u00f3mo obtener Mi primer pasaporte infantil?<\/span><\/h2>\n<p><span style=\"font-weight: 400;\">Para que los ni\u00f1os puedan disfrutar del pasaporte primero deber\u00e1n llenar un formulario en l\u00ednea a trav\u00e9s de <a href=\"https:\/\/www.pasaporte101.com\/\" target=\"_blank\" rel=\"noopener\">www.pasaporte101.com<\/a>, puede hacerlo con el apoyo de un adulto. En la Ciudad de M\u00e9xico este acceso tiene un<strong> costo de 150 pesos<\/strong>; mientras que en el<strong> interior de la Rep\u00fablica el precio aumenta 200 pesos<\/strong> por razones de env\u00edo, tambi\u00e9n puede ser comprado en los museos adscritos a este programa.<\/span><\/p>\n<p><span style=\"font-weight: 400;\">Visitar los diferentes museos tendr\u00e1 su recompensa pues, <strong>el primer ni\u00f1o que logre juntar los 50 sellos ganar\u00e1 un viaje para dos personas a Canc\u00fan<\/strong>, con transporte y hospedaje infantil en el Hotel Nickelodeon. Pero no s\u00f3lo \u00e9l ganar\u00e1, pues todos los ni\u00f1os participantes podr\u00e1n tener diferentes premios.<\/span><\/p>\n<p><span style=\"font-weight: 400;\">Adem\u00e1s, con Mi primer pasaporte infantil, los ni\u00f1os podr\u00e1n participar en talleres impartidos por Crayola en algunos de los museos participantes, de esta forma, por s\u00ed mismos podr\u00e1n tener una experiencia m\u00e1s cercana con el arte.<\/span><\/p>\n","protected":false},"excerpt":{"rendered":"<p>El primer ni\u00f1o que logre juntar los 50 sellos de Mi primer pasaporte infantil ganar\u00e1 un viaje para dos personas a Canc\u00fan, con hospedaje en el Hotel Nickelodeon<\/p>\n","protected":false},"author":88,"featured_media":138665,"comment_status":"open","ping_status":"closed","sticky":false,"template":"","format":"standard","meta":{"om_disable_all_campaigns":false,"inline_featured_image":false,"_monsterinsights_skip_tracking":false,"_monsterinsights_sitenote_active":false,"_monsterinsights_sitenote_note":"","_monsterinsights_sitenote_category":0,"footnotes":""},"categories":[80],"tags":[15509,22800,22799,22798],"class_list":["post-138664","post","type-post","status-publish","format-standard","has-post-thumbnail","hentry","category-actualidad","tag-amam","tag-crayola","tag-creacion-101-a-c","tag-mi-primer-pasaporte-infantil"],"yoast_head":"<!-- This site is optimized with the Yoast SEO plugin v27.4 - https:\/\/yoast.com\/product\/yoast-seo-wordpress\/ -->\n<title>Mi primer pasaporte infantil busca acercar a ni\u00f1os y museos<\/title>\n<meta name=\"description\" content=\"Con\u00a0Mi primer pasaporte infantil, los ni\u00f1os podr\u00e1n participar en talleres impartidos por Crayola y tendr\u00e1n descuentos en accesos a museos.\" \/>\n<meta name=\"robots\" content=\"index, follow, max-snippet:-1, max-image-preview:large, max-video-preview:-1\" \/>\n<link rel=\"canonical\" href=\"https:\/\/centrourbano.com\/revista\/actualidad\/mi-primer-pasaporte-infantil-busca-acercar-a-ninos-y-museos\/\" \/>\n<meta property=\"og:locale\" content=\"es_ES\" \/>\n<meta property=\"og:type\" content=\"article\" \/>\n<meta property=\"og:title\" content=\"Mi primer pasaporte infantil busca acercar a ni\u00f1os y museos\" \/>\n<meta property=\"og:description\" content=\"Con\u00a0Mi primer pasaporte infantil, los ni\u00f1os podr\u00e1n participar en talleres impartidos por Crayola y tendr\u00e1n descuentos en accesos a museos.\" \/>\n<meta property=\"og:url\" content=\"https:\/\/centrourbano.com\/revista\/actualidad\/mi-primer-pasaporte-infantil-busca-acercar-a-ninos-y-museos\/\" \/>\n<meta property=\"og:site_name\" content=\"Centro Urbano\" \/>\n<meta property=\"article:publisher\" content=\"https:\/\/www.facebook.com\/portalcentrourbano\" \/>\n<meta property=\"article:published_time\" content=\"2023-03-14T19:37:26+00:00\" \/>\n<meta property=\"og:image\" content=\"https:\/\/centrourbano.com\/revista\/wp-content\/uploads\/Pasaporte.jpg\" \/>\n\t<meta property=\"og:image:width\" content=\"800\" \/>\n\t<meta property=\"og:image:height\" content=\"800\" \/>\n\t<meta property=\"og:image:type\" content=\"image\/jpeg\" \/>\n<meta name=\"author\" content=\"Rebeca Romero\" \/>\n<meta name=\"twitter:card\" content=\"summary_large_image\" \/>\n<meta name=\"twitter:creator\" content=\"@CentroUrbano\" \/>\n<meta name=\"twitter:site\" content=\"@CentroUrbano\" \/>\n<meta name=\"twitter:label1\" content=\"Escrito por\" \/>\n\t<meta name=\"twitter:data1\" content=\"Rebeca Romero\" \/>\n\t<meta name=\"twitter:label2\" content=\"Tiempo de lectura\" \/>\n\t<meta name=\"twitter:data2\" content=\"2 minutos\" \/>\n<script type=\"application\/ld+json\" class=\"yoast-schema-graph\">{\"@context\":\"https:\\\/\\\/schema.org\",\"@graph\":[{\"@type\":\"Article\",\"@id\":\"https:\\\/\\\/centrourbano.com\\\/revista\\\/actualidad\\\/mi-primer-pasaporte-infantil-busca-acercar-a-ninos-y-museos\\\/#article\",\"isPartOf\":{\"@id\":\"https:\\\/\\\/centrourbano.com\\\/revista\\\/actualidad\\\/mi-primer-pasaporte-infantil-busca-acercar-a-ninos-y-museos\\\/\"},\"author\":{\"name\":\"Rebeca Romero\",\"@id\":\"https:\\\/\\\/centrourbano.com\\\/revista\\\/#\\\/schema\\\/person\\\/c665f1c60da3ad48cd761a707b7090b0\"},\"headline\":\"Mi primer pasaporte infantil busca acercar a ni\u00f1os y museos\",\"datePublished\":\"2023-03-14T19:37:26+00:00\",\"mainEntityOfPage\":{\"@id\":\"https:\\\/\\\/centrourbano.com\\\/revista\\\/actualidad\\\/mi-primer-pasaporte-infantil-busca-acercar-a-ninos-y-museos\\\/\"},\"wordCount\":370,\"commentCount\":0,\"publisher\":{\"@id\":\"https:\\\/\\\/centrourbano.com\\\/revista\\\/#organization\"},\"image\":{\"@id\":\"https:\\\/\\\/centrourbano.com\\\/revista\\\/actualidad\\\/mi-primer-pasaporte-infantil-busca-acercar-a-ninos-y-museos\\\/#primaryimage\"},\"thumbnailUrl\":\"https:\\\/\\\/centrourbano.com\\\/revista\\\/wp-content\\\/uploads\\\/Pasaporte.jpg\",\"keywords\":[\"AMAM\",\"Crayola\",\"Creaci\u00f3n 101 A.C\",\"Mi primer pasaporte infantil\"],\"articleSection\":[\"Actualidad\"],\"inLanguage\":\"es\",\"potentialAction\":[{\"@type\":\"CommentAction\",\"name\":\"Comment\",\"target\":[\"https:\\\/\\\/centrourbano.com\\\/revista\\\/actualidad\\\/mi-primer-pasaporte-infantil-busca-acercar-a-ninos-y-museos\\\/#respond\"]}]},{\"@type\":\"WebPage\",\"@id\":\"https:\\\/\\\/centrourbano.com\\\/revista\\\/actualidad\\\/mi-primer-pasaporte-infantil-busca-acercar-a-ninos-y-museos\\\/\",\"url\":\"https:\\\/\\\/centrourbano.com\\\/revista\\\/actualidad\\\/mi-primer-pasaporte-infantil-busca-acercar-a-ninos-y-museos\\\/\",\"name\":\"Mi primer pasaporte infantil busca acercar a ni\u00f1os y museos\",\"isPartOf\":{\"@id\":\"https:\\\/\\\/centrourbano.com\\\/revista\\\/#website\"},\"primaryImageOfPage\":{\"@id\":\"https:\\\/\\\/centrourbano.com\\\/revista\\\/actualidad\\\/mi-primer-pasaporte-infantil-busca-acercar-a-ninos-y-museos\\\/#primaryimage\"},\"image\":{\"@id\":\"https:\\\/\\\/centrourbano.com\\\/revista\\\/actualidad\\\/mi-primer-pasaporte-infantil-busca-acercar-a-ninos-y-museos\\\/#primaryimage\"},\"thumbnailUrl\":\"https:\\\/\\\/centrourbano.com\\\/revista\\\/wp-content\\\/uploads\\\/Pasaporte.jpg\",\"datePublished\":\"2023-03-14T19:37:26+00:00\",\"description\":\"Con\u00a0Mi primer pasaporte infantil, los ni\u00f1os podr\u00e1n participar en talleres impartidos por Crayola y tendr\u00e1n descuentos en accesos a museos.\",\"breadcrumb\":{\"@id\":\"https:\\\/\\\/centrourbano.com\\\/revista\\\/actualidad\\\/mi-primer-pasaporte-infantil-busca-acercar-a-ninos-y-museos\\\/#breadcrumb\"},\"inLanguage\":\"es\",\"potentialAction\":[{\"@type\":\"ReadAction\",\"target\":[\"https:\\\/\\\/centrourbano.com\\\/revista\\\/actualidad\\\/mi-primer-pasaporte-infantil-busca-acercar-a-ninos-y-museos\\\/\"]}]},{\"@type\":\"ImageObject\",\"inLanguage\":\"es\",\"@id\":\"https:\\\/\\\/centrourbano.com\\\/revista\\\/actualidad\\\/mi-primer-pasaporte-infantil-busca-acercar-a-ninos-y-museos\\\/#primaryimage\",\"url\":\"https:\\\/\\\/centrourbano.com\\\/revista\\\/wp-content\\\/uploads\\\/Pasaporte.jpg\",\"contentUrl\":\"https:\\\/\\\/centrourbano.com\\\/revista\\\/wp-content\\\/uploads\\\/Pasaporte.jpg\",\"width\":800,\"height\":800,\"caption\":\"Mi primer pasaporte infantil busca acercar a ni\u00f1os y museos\"},{\"@type\":\"BreadcrumbList\",\"@id\":\"https:\\\/\\\/centrourbano.com\\\/revista\\\/actualidad\\\/mi-primer-pasaporte-infantil-busca-acercar-a-ninos-y-museos\\\/#breadcrumb\",\"itemListElement\":[{\"@type\":\"ListItem\",\"position\":1,\"name\":\"Portada\",\"item\":\"https:\\\/\\\/centrourbano.com\\\/revista\\\/\"},{\"@type\":\"ListItem\",\"position\":2,\"name\":\"Mi primer pasaporte infantil busca acercar a ni\u00f1os y museos\"}]},{\"@type\":\"WebSite\",\"@id\":\"https:\\\/\\\/centrourbano.com\\\/revista\\\/#website\",\"url\":\"https:\\\/\\\/centrourbano.com\\\/revista\\\/\",\"name\":\"Centro Urbano\",\"description\":\"Medio especializado en los sectores vivienda, inmobiliario, construcci\u00f3n, arquitectura y urbanismo.\",\"publisher\":{\"@id\":\"https:\\\/\\\/centrourbano.com\\\/revista\\\/#organization\"},\"potentialAction\":[{\"@type\":\"SearchAction\",\"target\":{\"@type\":\"EntryPoint\",\"urlTemplate\":\"https:\\\/\\\/centrourbano.com\\\/revista\\\/?s={search_term_string}\"},\"query-input\":{\"@type\":\"PropertyValueSpecification\",\"valueRequired\":true,\"valueName\":\"search_term_string\"}}],\"inLanguage\":\"es\"},{\"@type\":\"Organization\",\"@id\":\"https:\\\/\\\/centrourbano.com\\\/revista\\\/#organization\",\"name\":\"Centro Urbano\",\"url\":\"https:\\\/\\\/centrourbano.com\\\/revista\\\/\",\"logo\":{\"@type\":\"ImageObject\",\"inLanguage\":\"es\",\"@id\":\"https:\\\/\\\/centrourbano.com\\\/revista\\\/#\\\/schema\\\/logo\\\/image\\\/\",\"url\":\"https:\\\/\\\/centrourbano.com\\\/revista\\\/wp-content\\\/uploads\\\/web_CU_logo-1.png\",\"contentUrl\":\"https:\\\/\\\/centrourbano.com\\\/revista\\\/wp-content\\\/uploads\\\/web_CU_logo-1.png\",\"width\":350,\"height\":91,\"caption\":\"Centro Urbano\"},\"image\":{\"@id\":\"https:\\\/\\\/centrourbano.com\\\/revista\\\/#\\\/schema\\\/logo\\\/image\\\/\"},\"sameAs\":[\"https:\\\/\\\/www.facebook.com\\\/portalcentrourbano\",\"https:\\\/\\\/x.com\\\/CentroUrbano\",\"https:\\\/\\\/www.instagram.com\\\/centro_urbano\\\/\",\"https:\\\/\\\/www.linkedin.com\\\/company\\\/centro-urbano\\\/\",\"http:\\\/\\\/www.youtube.com\\\/user\\\/portalcentrourbano\"]},{\"@type\":\"Person\",\"@id\":\"https:\\\/\\\/centrourbano.com\\\/revista\\\/#\\\/schema\\\/person\\\/c665f1c60da3ad48cd761a707b7090b0\",\"name\":\"Rebeca Romero\",\"image\":{\"@type\":\"ImageObject\",\"inLanguage\":\"es\",\"@id\":\"https:\\\/\\\/secure.gravatar.com\\\/avatar\\\/aee0068ae3cc041082e0e84a8258fe5ccc00a733f187bde73b0b40d86b892826?s=96&d=mm&r=g\",\"url\":\"https:\\\/\\\/secure.gravatar.com\\\/avatar\\\/aee0068ae3cc041082e0e84a8258fe5ccc00a733f187bde73b0b40d86b892826?s=96&d=mm&r=g\",\"contentUrl\":\"https:\\\/\\\/secure.gravatar.com\\\/avatar\\\/aee0068ae3cc041082e0e84a8258fe5ccc00a733f187bde73b0b40d86b892826?s=96&d=mm&r=g\",\"caption\":\"Rebeca Romero\"},\"url\":\"https:\\\/\\\/centrourbano.com\\\/revista\\\/author\\\/rebeca-romero\\\/\"}]}<\/script>\n<!-- \/ Yoast SEO plugin. -->","yoast_head_json":{"title":"Mi primer pasaporte infantil busca acercar a ni\u00f1os y museos","description":"Con\u00a0Mi primer pasaporte infantil, los ni\u00f1os podr\u00e1n participar en talleres impartidos por Crayola y tendr\u00e1n descuentos en accesos a museos.","robots":{"index":"index","follow":"follow","max-snippet":"max-snippet:-1","max-image-preview":"max-image-preview:large","max-video-preview":"max-video-preview:-1"},"canonical":"https:\/\/centrourbano.com\/revista\/actualidad\/mi-primer-pasaporte-infantil-busca-acercar-a-ninos-y-museos\/","og_locale":"es_ES","og_type":"article","og_title":"Mi primer pasaporte infantil busca acercar a ni\u00f1os y museos","og_description":"Con\u00a0Mi primer pasaporte infantil, los ni\u00f1os podr\u00e1n participar en talleres impartidos por Crayola y tendr\u00e1n descuentos en accesos a museos.","og_url":"https:\/\/centrourbano.com\/revista\/actualidad\/mi-primer-pasaporte-infantil-busca-acercar-a-ninos-y-museos\/","og_site_name":"Centro Urbano","article_publisher":"https:\/\/www.facebook.com\/portalcentrourbano","article_published_time":"2023-03-14T19:37:26+00:00","og_image":[{"width":800,"height":800,"url":"https:\/\/centrourbano.com\/revista\/wp-content\/uploads\/Pasaporte.jpg","type":"image\/jpeg"}],"author":"Rebeca Romero","twitter_card":"summary_large_image","twitter_creator":"@CentroUrbano","twitter_site":"@CentroUrbano","twitter_misc":{"Escrito por":"Rebeca Romero","Tiempo de lectura":"2 minutos"},"schema":{"@context":"https:\/\/schema.org","@graph":[{"@type":"Article","@id":"https:\/\/centrourbano.com\/revista\/actualidad\/mi-primer-pasaporte-infantil-busca-acercar-a-ninos-y-museos\/#article","isPartOf":{"@id":"https:\/\/centrourbano.com\/revista\/actualidad\/mi-primer-pasaporte-infantil-busca-acercar-a-ninos-y-museos\/"},"author":{"name":"Rebeca Romero","@id":"https:\/\/centrourbano.com\/revista\/#\/schema\/person\/c665f1c60da3ad48cd761a707b7090b0"},"headline":"Mi primer pasaporte infantil busca acercar a ni\u00f1os y museos","datePublished":"2023-03-14T19:37:26+00:00","mainEntityOfPage":{"@id":"https:\/\/centrourbano.com\/revista\/actualidad\/mi-primer-pasaporte-infantil-busca-acercar-a-ninos-y-museos\/"},"wordCount":370,"commentCount":0,"publisher":{"@id":"https:\/\/centrourbano.com\/revista\/#organization"},"image":{"@id":"https:\/\/centrourbano.com\/revista\/actualidad\/mi-primer-pasaporte-infantil-busca-acercar-a-ninos-y-museos\/#primaryimage"},"thumbnailUrl":"https:\/\/centrourbano.com\/revista\/wp-content\/uploads\/Pasaporte.jpg","keywords":["AMAM","Crayola","Creaci\u00f3n 101 A.C","Mi primer pasaporte infantil"],"articleSection":["Actualidad"],"inLanguage":"es","potentialAction":[{"@type":"CommentAction","name":"Comment","target":["https:\/\/centrourbano.com\/revista\/actualidad\/mi-primer-pasaporte-infantil-busca-acercar-a-ninos-y-museos\/#respond"]}]},{"@type":"WebPage","@id":"https:\/\/centrourbano.com\/revista\/actualidad\/mi-primer-pasaporte-infantil-busca-acercar-a-ninos-y-museos\/","url":"https:\/\/centrourbano.com\/revista\/actualidad\/mi-primer-pasaporte-infantil-busca-acercar-a-ninos-y-museos\/","name":"Mi primer pasaporte infantil busca acercar a ni\u00f1os y museos","isPartOf":{"@id":"https:\/\/centrourbano.com\/revista\/#website"},"primaryImageOfPage":{"@id":"https:\/\/centrourbano.com\/revista\/actualidad\/mi-primer-pasaporte-infantil-busca-acercar-a-ninos-y-museos\/#primaryimage"},"image":{"@id":"https:\/\/centrourbano.com\/revista\/actualidad\/mi-primer-pasaporte-infantil-busca-acercar-a-ninos-y-museos\/#primaryimage"},"thumbnailUrl":"https:\/\/centrourbano.com\/revista\/wp-content\/uploads\/Pasaporte.jpg","datePublished":"2023-03-14T19:37:26+00:00","description":"Con\u00a0Mi primer pasaporte infantil, los ni\u00f1os podr\u00e1n participar en talleres impartidos por Crayola y tendr\u00e1n descuentos en accesos a museos.","breadcrumb":{"@id":"https:\/\/centrourbano.com\/revista\/actualidad\/mi-primer-pasaporte-infantil-busca-acercar-a-ninos-y-museos\/#breadcrumb"},"inLanguage":"es","potentialAction":[{"@type":"ReadAction","target":["https:\/\/centrourbano.com\/revista\/actualidad\/mi-primer-pasaporte-infantil-busca-acercar-a-ninos-y-museos\/"]}]},{"@type":"ImageObject","inLanguage":"es","@id":"https:\/\/centrourbano.com\/revista\/actualidad\/mi-primer-pasaporte-infantil-busca-acercar-a-ninos-y-museos\/#primaryimage","url":"https:\/\/centrourbano.com\/revista\/wp-content\/uploads\/Pasaporte.jpg","contentUrl":"https:\/\/centrourbano.com\/revista\/wp-content\/uploads\/Pasaporte.jpg","width":800,"height":800,"caption":"Mi primer pasaporte infantil busca acercar a ni\u00f1os y museos"},{"@type":"BreadcrumbList","@id":"https:\/\/centrourbano.com\/revista\/actualidad\/mi-primer-pasaporte-infantil-busca-acercar-a-ninos-y-museos\/#breadcrumb","itemListElement":[{"@type":"ListItem","position":1,"name":"Portada","item":"https:\/\/centrourbano.com\/revista\/"},{"@type":"ListItem","position":2,"name":"Mi primer pasaporte infantil busca acercar a ni\u00f1os y museos"}]},{"@type":"WebSite","@id":"https:\/\/centrourbano.com\/revista\/#website","url":"https:\/\/centrourbano.com\/revista\/","name":"Centro Urbano","description":"Medio especializado en los sectores vivienda, inmobiliario, construcci\u00f3n, arquitectura y urbanismo.","publisher":{"@id":"https:\/\/centrourbano.com\/revista\/#organization"},"potentialAction":[{"@type":"SearchAction","target":{"@type":"EntryPoint","urlTemplate":"https:\/\/centrourbano.com\/revista\/?s={search_term_string}"},"query-input":{"@type":"PropertyValueSpecification","valueRequired":true,"valueName":"search_term_string"}}],"inLanguage":"es"},{"@type":"Organization","@id":"https:\/\/centrourbano.com\/revista\/#organization","name":"Centro Urbano","url":"https:\/\/centrourbano.com\/revista\/","logo":{"@type":"ImageObject","inLanguage":"es","@id":"https:\/\/centrourbano.com\/revista\/#\/schema\/logo\/image\/","url":"https:\/\/centrourbano.com\/revista\/wp-content\/uploads\/web_CU_logo-1.png","contentUrl":"https:\/\/centrourbano.com\/revista\/wp-content\/uploads\/web_CU_logo-1.png","width":350,"height":91,"caption":"Centro Urbano"},"image":{"@id":"https:\/\/centrourbano.com\/revista\/#\/schema\/logo\/image\/"},"sameAs":["https:\/\/www.facebook.com\/portalcentrourbano","https:\/\/x.com\/CentroUrbano","https:\/\/www.instagram.com\/centro_urbano\/","https:\/\/www.linkedin.com\/company\/centro-urbano\/","http:\/\/www.youtube.com\/user\/portalcentrourbano"]},{"@type":"Person","@id":"https:\/\/centrourbano.com\/revista\/#\/schema\/person\/c665f1c60da3ad48cd761a707b7090b0","name":"Rebeca Romero","image":{"@type":"ImageObject","inLanguage":"es","@id":"https:\/\/secure.gravatar.com\/avatar\/aee0068ae3cc041082e0e84a8258fe5ccc00a733f187bde73b0b40d86b892826?s=96&d=mm&r=g","url":"https:\/\/secure.gravatar.com\/avatar\/aee0068ae3cc041082e0e84a8258fe5ccc00a733f187bde73b0b40d86b892826?s=96&d=mm&r=g","contentUrl":"https:\/\/secure.gravatar.com\/avatar\/aee0068ae3cc041082e0e84a8258fe5ccc00a733f187bde73b0b40d86b892826?s=96&d=mm&r=g","caption":"Rebeca Romero"},"url":"https:\/\/centrourbano.com\/revista\/author\/rebeca-romero\/"}]}},"_links":{"self":[{"href":"https:\/\/centrourbano.com\/revista\/wp-json\/wp\/v2\/posts\/138664","targetHints":{"allow":["GET"]}}],"collection":[{"href":"https:\/\/centrourbano.com\/revista\/wp-json\/wp\/v2\/posts"}],"about":[{"href":"https:\/\/centrourbano.com\/revista\/wp-json\/wp\/v2\/types\/post"}],"author":[{"embeddable":true,"href":"https:\/\/centrourbano.com\/revista\/wp-json\/wp\/v2\/users\/88"}],"replies":[{"embeddable":true,"href":"https:\/\/centrourbano.com\/revista\/wp-json\/wp\/v2\/comments?post=138664"}],"version-history":[{"count":1,"href":"https:\/\/centrourbano.com\/revista\/wp-json\/wp\/v2\/posts\/138664\/revisions"}],"predecessor-version":[{"id":138666,"href":"https:\/\/centrourbano.com\/revista\/wp-json\/wp\/v2\/posts\/138664\/revisions\/138666"}],"wp:featuredmedia":[{"embeddable":true,"href":"https:\/\/centrourbano.com\/revista\/wp-json\/wp\/v2\/media\/138665"}],"wp:attachment":[{"href":"https:\/\/centrourbano.com\/revista\/wp-json\/wp\/v2\/media?parent=138664"}],"wp:term":[{"taxonomy":"category","embeddable":true,"href":"https:\/\/centrourbano.com\/revista\/wp-json\/wp\/v2\/categories?post=138664"},{"taxonomy":"post_tag","embeddable":true,"href":"https:\/\/centrourbano.com\/revista\/wp-json\/wp\/v2\/tags?post=138664"}],"curies":[{"name":"wp","href":"https:\/\/api.w.org\/{rel}","templated":true}]}}