{"id":138652,"date":"2023-03-13T18:30:24","date_gmt":"2023-03-14T00:30:24","guid":{"rendered":"https:\/\/centrourbano.com\/?p=138652"},"modified":"2023-03-13T18:30:24","modified_gmt":"2023-03-14T00:30:24","slug":"usos-mixtos-elemento-clave-ciudades","status":"publish","type":"post","link":"https:\/\/centrourbano.com\/revista\/publicaciones\/usos-mixtos-elemento-clave-ciudades\/","title":{"rendered":"Usos mixtos, elemento clave para el futuro de las ciudades"},"content":{"rendered":"<p><i><span style=\"font-weight: 400;\">Los desarrollos inmobiliarios de usos mixtos re\u00fanen viviendas, oficinas, comercios, restaurantes, espacios recreativos, entre otros, en espacios reducidos<\/span><\/i><!--more--><\/p>\n<p><span style=\"font-weight: 400;\">Desde hace algunas d\u00e9cadas, los <strong>desarrollos inmobiliarios de uso mixto<\/strong> han tomado fuerza en las ciudades del pa\u00eds, ya que concentran todos los servicios en un mismo lugar; adem\u00e1s de que representan una soluci\u00f3n para la planificaci\u00f3n y expansi\u00f3n urbana.<\/span><\/p>\n<p><span style=\"font-weight: 400;\">Adicionalmente, la pandemia por Covid-19 aceler\u00f3 la transformaci\u00f3n del sector inmobiliario mexicano, donde ya se observaba una tendencia por la construcci\u00f3n de <strong>urbes compactas y polic\u00e9ntricas<\/strong>, con los usos mixtos como eje rector del desarrollo inmobiliario.\u00a0<\/span><\/p>\n<p><span style=\"font-weight: 400;\">Es as\u00ed como, de acuerdo con los mismos actores que intervienen en el desarrollo inmobiliario, los <strong>usos mixtos<\/strong> se han convertido en el elemento clave para el futuro de las ciudades mexicanas.<\/span><\/p>\n<p><span style=\"font-weight: 400;\">Este tipo de proyectos suelen reunir viviendas, oficinas, comercios, restaurantes, espacios recreativos, entre otros, en espacios reducidos, de modo que la gente no tiene que desplazarse largas distancias; lo cual ayuda a aprovechar de la mejor manera el espacio disponible, sobre todo en las grandes ciudades, donde se tiene una limitada extensi\u00f3n de tierra para edificar nuevos desarrollos en las zonas c\u00e9ntricas.<\/span><\/p>\n<p><span style=\"font-weight: 400;\">De igual manera, <strong>ONU-Habitat<\/strong> menciona que los usos mixtos generan beneficios sociales, al mejorar la accesibilidad a servicios y equipamientos urbanos para toda la poblaci\u00f3n, e incrementar las opciones de vivienda mediante tipolog\u00edas diversas; as\u00ed como beneficios econ\u00f3micos y de infraestructura, pues aumentan el potencial del comercio y los negocios, y minimizan los requerimientos de infraestructura vial y cantidad de suelo asignado para el estacionamiento.<\/span><\/p>\n<p><span style=\"font-weight: 400;\">Al respecto, <a href=\"https:\/\/centrourbano.com\/publicaciones\/centros-comerciales-eduardo-leano\/\" target=\"_blank\" rel=\"noopener\"><strong>Eduardo Lea\u00f1o<\/strong><\/a>, <strong>director general de la desarrolladora Grupo DMI y presidente de la Asociaci\u00f3n de Desarrolladores Inmobiliarios (ADI) de Occidente,<\/strong> afirm\u00f3 que los proyectos de usos mixtos llegaron para quedarse, pues ayudan a eficientar los terrenos, principalmente en aquellas zonas donde \u00e9stos son escasos y caros.<\/span><\/p>\n<p><span style=\"font-weight: 400;\">\u201cCreo que el tema de los usos mixtos, en las zonas correctas, van a seguir subsistiendo; los usos mixtos son necesarios. (\u2026) Yo creo que los proyectos de uso mixto, en algunos casos, s\u00ed llegaron para quedarse, sobre todo en las \u00e1reas m\u00e1s comerciales o de m\u00e1s impacto vial, etc\u00e9tera\u201d, dijo el empresario.<\/span><\/p>\n<p><span style=\"font-weight: 400;\">Asimismo, el <strong>presidente de la ADI Occidente<\/strong> consider\u00f3 que este tipo de desarrollos van a diversificarse cada vez m\u00e1s, pues hoy en d\u00eda lo m\u00e1s com\u00fan es encontrar vivienda y comercios, u oficinas y comercios.<\/span><\/p>\n<p><span style=\"font-weight: 400;\">\u201cCreo que los usos mixtos ya no van a ser necesariamente vivienda con comercios, pueden ser otro tipo de servicios, inclusive hotel con departamentos o el tema m\u00e9dico. Algunas cosas ya se empiezan a bosquejar ac\u00e1 en la zona de occidente, como hospitales con hoteles; hay muchos conceptos que se van a empezar a mezclar\u201d, dijo.<\/span><\/p>\n<p><span style=\"font-weight: 400;\">Adem\u00e1s, <strong>Lea\u00f1o<\/strong> coment\u00f3 que la pandemia represent\u00f3 un gran impulso para los usos mixtos, pues, debido a que la gente dej\u00f3 de salir y llev\u00f3 su trabajo, estudios y todas sus actividades cotidianas al interior de su hogar, las amenidades adquirieron una especial relevancia.<\/span><\/p>\n<p><span style=\"font-weight: 400;\">Por ello, se comenzaron a desarrollar cada vez m\u00e1s proyectos habitacionales que inclu\u00edan gimnasios, \u00e1reas verdes, \u00e1reas infantiles, \u00e1reas para mascotas, espacio de coworking, comercios de diversos tipos y hasta cines.<\/span><\/p>\n<p><span style=\"font-weight: 400;\">\u201cYo s\u00ed creo que los proyectos s\u00ed cambiaron, se hicieron mucho m\u00e1s completos en cuanto a \u00e1reas, espacios, amenidades, servicios; y eso va en beneficio del cliente, ayuda mucho a que los clientes tengan y reciban un mejor producto\u201d, se\u00f1al\u00f3.<\/span><\/p>\n<p><span style=\"font-weight: 400;\">En este sentido, indic\u00f3 que los usos mixtos deben ser flexibles y adecuarse al tipo de demanda que exista en cada zona, pues poner cierto tipo de comercios en lugares donde no hay un flujo de personas importante, ser\u00eda un desperdicio del espacio.<\/span><\/p>\n<p><span style=\"font-weight: 400;\">\u201cPoner un desarrollo de uso mixto de vivienda con comercio adentro de una colonia donde no tienes el flujo necesario, yo creo que no ser\u00eda lo m\u00e1s adecuado. (\u2026) S\u00ed se va a dar mucho a la especializaci\u00f3n y, sobre todo, de acuerdo a la vocaci\u00f3n del proyecto, a la densidad, a las alturas, al flujo, hay muchos factores que inciden en este tema\u201d, expuso.<\/span><\/p>\n<p><span style=\"font-weight: 400;\">Por ello, consider\u00f3 que, si bien los usos mixtos han tomado una gran fuerza en los \u00faltimos a\u00f1os, los proyectos de un solo uso no van a desaparecer de las ciudades, sino que los desarrollos inmobiliarios se ir\u00e1n ajustando a las circunstancias.<\/span><\/p>\n<p><span style=\"font-weight: 400;\">\u201cEn la mayor\u00eda de los casos, la gente que ya vivimos de esto, los desarrolladores, entendemos que el tema del uso mixto s\u00ed es muy importante para desarrollar, pero tambi\u00e9n el otro concepto del monoproducto no va a morir; yo creo que se ir\u00e1n ajustando de acuerdo a las circunstancias y habr\u00e1 veces que se haga m\u00e1s el monoproducto o habr\u00e1 veces que se haga m\u00e1s el tema del uso mixto. Yo creo que la proporcion va a ser 80% uso mixto y 20% monoproducto, o 70%- 30%, o no s\u00e9 si hasta 60%- 40%\u201d, finaliz\u00f3 el <strong>directivo de grupo DMI<\/strong>.<\/span><\/p>\n","protected":false},"excerpt":{"rendered":"<p>Los desarrollos inmobiliarios de usos mixtos re\u00fanen viviendas, oficinas, comercios, restaurantes, espacios recreativos, entre otros, en espacios reducidos<\/p>\n","protected":false},"author":73,"featured_media":138653,"comment_status":"open","ping_status":"closed","sticky":false,"template":"","format":"standard","meta":{"om_disable_all_campaigns":false,"inline_featured_image":false,"_monsterinsights_skip_tracking":false,"_monsterinsights_sitenote_active":false,"_monsterinsights_sitenote_note":"","_monsterinsights_sitenote_category":0,"footnotes":""},"categories":[13,15,4,7115],"tags":[22796,211,20424,2247,2653,1311],"class_list":["post-138652","post","type-post","status-publish","format-standard","has-post-thumbnail","hentry","category-entrevistas","category-inmobiliario","category-publicaciones","category-revista-inversion-inmobiliaria","tag-adi-occidente","tag-ciudades","tag-eduardo-leano","tag-inversion-inmobiliaria","tag-onu-habitat","tag-usos-mixtos"],"yoast_head":"<!-- This site is optimized with the Yoast SEO plugin v27.4 - https:\/\/yoast.com\/product\/yoast-seo-wordpress\/ -->\n<title>Usos mixtos, elemento clave para el futuro de las ciudades<\/title>\n<meta name=\"description\" content=\"Los desarrollos de usos mixtos re\u00fanen viviendas, oficinas, comercios, restaurantes, espacios recreativos, entre otros, en espacios reducidos\" \/>\n<meta name=\"robots\" content=\"index, follow, max-snippet:-1, max-image-preview:large, max-video-preview:-1\" \/>\n<link rel=\"canonical\" href=\"https:\/\/centrourbano.com\/revista\/publicaciones\/usos-mixtos-elemento-clave-ciudades\/\" \/>\n<meta property=\"og:locale\" content=\"es_ES\" \/>\n<meta property=\"og:type\" content=\"article\" \/>\n<meta property=\"og:title\" content=\"Usos mixtos, elemento clave para el futuro de las ciudades\" \/>\n<meta property=\"og:description\" content=\"Los desarrollos de usos mixtos re\u00fanen viviendas, oficinas, comercios, restaurantes, espacios recreativos, entre otros, en espacios reducidos\" \/>\n<meta property=\"og:url\" content=\"https:\/\/centrourbano.com\/revista\/publicaciones\/usos-mixtos-elemento-clave-ciudades\/\" \/>\n<meta property=\"og:site_name\" content=\"Centro Urbano\" \/>\n<meta property=\"article:publisher\" content=\"https:\/\/www.facebook.com\/portalcentrourbano\" \/>\n<meta property=\"article:published_time\" content=\"2023-03-14T00:30:24+00:00\" \/>\n<meta property=\"og:image\" content=\"https:\/\/centrourbano.com\/revista\/wp-content\/uploads\/Usos-mixtos-elemento-clave-para-el-futuro-de-las-ciudades.jpg\" \/>\n\t<meta property=\"og:image:width\" content=\"874\" \/>\n\t<meta property=\"og:image:height\" content=\"687\" \/>\n\t<meta property=\"og:image:type\" content=\"image\/jpeg\" \/>\n<meta name=\"author\" content=\"Fernanda Hern\u00e1ndez\" \/>\n<meta name=\"twitter:card\" content=\"summary_large_image\" \/>\n<meta name=\"twitter:creator\" content=\"@https:\/\/twitter.com\/Nannz_Hernandez\" \/>\n<meta name=\"twitter:site\" content=\"@CentroUrbano\" \/>\n<meta name=\"twitter:label1\" content=\"Escrito por\" \/>\n\t<meta name=\"twitter:data1\" content=\"Fernanda Hern\u00e1ndez\" \/>\n\t<meta name=\"twitter:label2\" content=\"Tiempo de lectura\" \/>\n\t<meta name=\"twitter:data2\" content=\"4 minutos\" \/>\n<script type=\"application\/ld+json\" class=\"yoast-schema-graph\">{\"@context\":\"https:\\\/\\\/schema.org\",\"@graph\":[{\"@type\":\"Article\",\"@id\":\"https:\\\/\\\/centrourbano.com\\\/revista\\\/publicaciones\\\/usos-mixtos-elemento-clave-ciudades\\\/#article\",\"isPartOf\":{\"@id\":\"https:\\\/\\\/centrourbano.com\\\/revista\\\/publicaciones\\\/usos-mixtos-elemento-clave-ciudades\\\/\"},\"author\":{\"name\":\"Fernanda Hern\u00e1ndez\",\"@id\":\"https:\\\/\\\/centrourbano.com\\\/revista\\\/#\\\/schema\\\/person\\\/b190b20bbbceb41ec72278c546fa8df3\"},\"headline\":\"Usos mixtos, elemento clave para el futuro de las ciudades\",\"datePublished\":\"2023-03-14T00:30:24+00:00\",\"mainEntityOfPage\":{\"@id\":\"https:\\\/\\\/centrourbano.com\\\/revista\\\/publicaciones\\\/usos-mixtos-elemento-clave-ciudades\\\/\"},\"wordCount\":858,\"commentCount\":0,\"publisher\":{\"@id\":\"https:\\\/\\\/centrourbano.com\\\/revista\\\/#organization\"},\"image\":{\"@id\":\"https:\\\/\\\/centrourbano.com\\\/revista\\\/publicaciones\\\/usos-mixtos-elemento-clave-ciudades\\\/#primaryimage\"},\"thumbnailUrl\":\"https:\\\/\\\/centrourbano.com\\\/revista\\\/wp-content\\\/uploads\\\/Usos-mixtos-elemento-clave-para-el-futuro-de-las-ciudades.jpg\",\"keywords\":[\"ADI Occidente\",\"ciudades\",\"Eduardo Lea\u00f1o\",\"Inversi\u00f3n Inmobiliaria\",\"ONU-Habitat\",\"Usos mixtos\"],\"articleSection\":[\"Entrevistas\",\"Inmobiliario\",\"Publicaciones\",\"Revista Inversi\u00f3n Inmobiliaria\"],\"inLanguage\":\"es\",\"potentialAction\":[{\"@type\":\"CommentAction\",\"name\":\"Comment\",\"target\":[\"https:\\\/\\\/centrourbano.com\\\/revista\\\/publicaciones\\\/usos-mixtos-elemento-clave-ciudades\\\/#respond\"]}]},{\"@type\":\"WebPage\",\"@id\":\"https:\\\/\\\/centrourbano.com\\\/revista\\\/publicaciones\\\/usos-mixtos-elemento-clave-ciudades\\\/\",\"url\":\"https:\\\/\\\/centrourbano.com\\\/revista\\\/publicaciones\\\/usos-mixtos-elemento-clave-ciudades\\\/\",\"name\":\"Usos mixtos, elemento clave para el futuro de las ciudades\",\"isPartOf\":{\"@id\":\"https:\\\/\\\/centrourbano.com\\\/revista\\\/#website\"},\"primaryImageOfPage\":{\"@id\":\"https:\\\/\\\/centrourbano.com\\\/revista\\\/publicaciones\\\/usos-mixtos-elemento-clave-ciudades\\\/#primaryimage\"},\"image\":{\"@id\":\"https:\\\/\\\/centrourbano.com\\\/revista\\\/publicaciones\\\/usos-mixtos-elemento-clave-ciudades\\\/#primaryimage\"},\"thumbnailUrl\":\"https:\\\/\\\/centrourbano.com\\\/revista\\\/wp-content\\\/uploads\\\/Usos-mixtos-elemento-clave-para-el-futuro-de-las-ciudades.jpg\",\"datePublished\":\"2023-03-14T00:30:24+00:00\",\"description\":\"Los desarrollos de usos mixtos re\u00fanen viviendas, oficinas, comercios, restaurantes, espacios recreativos, entre otros, en espacios reducidos\",\"breadcrumb\":{\"@id\":\"https:\\\/\\\/centrourbano.com\\\/revista\\\/publicaciones\\\/usos-mixtos-elemento-clave-ciudades\\\/#breadcrumb\"},\"inLanguage\":\"es\",\"potentialAction\":[{\"@type\":\"ReadAction\",\"target\":[\"https:\\\/\\\/centrourbano.com\\\/revista\\\/publicaciones\\\/usos-mixtos-elemento-clave-ciudades\\\/\"]}]},{\"@type\":\"ImageObject\",\"inLanguage\":\"es\",\"@id\":\"https:\\\/\\\/centrourbano.com\\\/revista\\\/publicaciones\\\/usos-mixtos-elemento-clave-ciudades\\\/#primaryimage\",\"url\":\"https:\\\/\\\/centrourbano.com\\\/revista\\\/wp-content\\\/uploads\\\/Usos-mixtos-elemento-clave-para-el-futuro-de-las-ciudades.jpg\",\"contentUrl\":\"https:\\\/\\\/centrourbano.com\\\/revista\\\/wp-content\\\/uploads\\\/Usos-mixtos-elemento-clave-para-el-futuro-de-las-ciudades.jpg\",\"width\":874,\"height\":687,\"caption\":\"Los desarrollos de usos mixtos re\u00fanen viviendas, oficinas, comercios, restaurantes, espacios recreativos, entre otros, en espacios reducidos\"},{\"@type\":\"BreadcrumbList\",\"@id\":\"https:\\\/\\\/centrourbano.com\\\/revista\\\/publicaciones\\\/usos-mixtos-elemento-clave-ciudades\\\/#breadcrumb\",\"itemListElement\":[{\"@type\":\"ListItem\",\"position\":1,\"name\":\"Portada\",\"item\":\"https:\\\/\\\/centrourbano.com\\\/revista\\\/\"},{\"@type\":\"ListItem\",\"position\":2,\"name\":\"Usos mixtos, elemento clave para el futuro de las ciudades\"}]},{\"@type\":\"WebSite\",\"@id\":\"https:\\\/\\\/centrourbano.com\\\/revista\\\/#website\",\"url\":\"https:\\\/\\\/centrourbano.com\\\/revista\\\/\",\"name\":\"Centro Urbano\",\"description\":\"Medio especializado en los sectores vivienda, inmobiliario, construcci\u00f3n, arquitectura y urbanismo.\",\"publisher\":{\"@id\":\"https:\\\/\\\/centrourbano.com\\\/revista\\\/#organization\"},\"potentialAction\":[{\"@type\":\"SearchAction\",\"target\":{\"@type\":\"EntryPoint\",\"urlTemplate\":\"https:\\\/\\\/centrourbano.com\\\/revista\\\/?s={search_term_string}\"},\"query-input\":{\"@type\":\"PropertyValueSpecification\",\"valueRequired\":true,\"valueName\":\"search_term_string\"}}],\"inLanguage\":\"es\"},{\"@type\":\"Organization\",\"@id\":\"https:\\\/\\\/centrourbano.com\\\/revista\\\/#organization\",\"name\":\"Centro Urbano\",\"url\":\"https:\\\/\\\/centrourbano.com\\\/revista\\\/\",\"logo\":{\"@type\":\"ImageObject\",\"inLanguage\":\"es\",\"@id\":\"https:\\\/\\\/centrourbano.com\\\/revista\\\/#\\\/schema\\\/logo\\\/image\\\/\",\"url\":\"https:\\\/\\\/centrourbano.com\\\/revista\\\/wp-content\\\/uploads\\\/web_CU_logo-1.png\",\"contentUrl\":\"https:\\\/\\\/centrourbano.com\\\/revista\\\/wp-content\\\/uploads\\\/web_CU_logo-1.png\",\"width\":350,\"height\":91,\"caption\":\"Centro Urbano\"},\"image\":{\"@id\":\"https:\\\/\\\/centrourbano.com\\\/revista\\\/#\\\/schema\\\/logo\\\/image\\\/\"},\"sameAs\":[\"https:\\\/\\\/www.facebook.com\\\/portalcentrourbano\",\"https:\\\/\\\/x.com\\\/CentroUrbano\",\"https:\\\/\\\/www.instagram.com\\\/centro_urbano\\\/\",\"https:\\\/\\\/www.linkedin.com\\\/company\\\/centro-urbano\\\/\",\"http:\\\/\\\/www.youtube.com\\\/user\\\/portalcentrourbano\"]},{\"@type\":\"Person\",\"@id\":\"https:\\\/\\\/centrourbano.com\\\/revista\\\/#\\\/schema\\\/person\\\/b190b20bbbceb41ec72278c546fa8df3\",\"name\":\"Fernanda Hern\u00e1ndez\",\"image\":{\"@type\":\"ImageObject\",\"inLanguage\":\"es\",\"@id\":\"https:\\\/\\\/secure.gravatar.com\\\/avatar\\\/9471831fb0a24eae9d32d826a7cb8ef07c34a41520aca1a0ab1f5c0903ba49b9?s=96&d=mm&r=g\",\"url\":\"https:\\\/\\\/secure.gravatar.com\\\/avatar\\\/9471831fb0a24eae9d32d826a7cb8ef07c34a41520aca1a0ab1f5c0903ba49b9?s=96&d=mm&r=g\",\"contentUrl\":\"https:\\\/\\\/secure.gravatar.com\\\/avatar\\\/9471831fb0a24eae9d32d826a7cb8ef07c34a41520aca1a0ab1f5c0903ba49b9?s=96&d=mm&r=g\",\"caption\":\"Fernanda Hern\u00e1ndez\"},\"description\":\"Reportera y redactora en Centro Urbano. Soy egresada de la licenciatura en Ciencias de la Comunicaci\u00f3n de la Facultad de Ciencias Pol\u00edticas y Sociales (UNAM). Me interesa la cultura, el urbanismo y la arquitectura. Amante del mundo digital, el cine, la m\u00fasica, la lectura y la escritura.\",\"sameAs\":[\"https:\\\/\\\/x.com\\\/https:\\\/\\\/twitter.com\\\/Nannz_Hernandez\"],\"url\":\"https:\\\/\\\/centrourbano.com\\\/revista\\\/author\\\/fernanda-hernandez\\\/\"}]}<\/script>\n<!-- \/ Yoast SEO plugin. -->","yoast_head_json":{"title":"Usos mixtos, elemento clave para el futuro de las ciudades","description":"Los desarrollos de usos mixtos re\u00fanen viviendas, oficinas, comercios, restaurantes, espacios recreativos, entre otros, en espacios reducidos","robots":{"index":"index","follow":"follow","max-snippet":"max-snippet:-1","max-image-preview":"max-image-preview:large","max-video-preview":"max-video-preview:-1"},"canonical":"https:\/\/centrourbano.com\/revista\/publicaciones\/usos-mixtos-elemento-clave-ciudades\/","og_locale":"es_ES","og_type":"article","og_title":"Usos mixtos, elemento clave para el futuro de las ciudades","og_description":"Los desarrollos de usos mixtos re\u00fanen viviendas, oficinas, comercios, restaurantes, espacios recreativos, entre otros, en espacios reducidos","og_url":"https:\/\/centrourbano.com\/revista\/publicaciones\/usos-mixtos-elemento-clave-ciudades\/","og_site_name":"Centro Urbano","article_publisher":"https:\/\/www.facebook.com\/portalcentrourbano","article_published_time":"2023-03-14T00:30:24+00:00","og_image":[{"width":874,"height":687,"url":"https:\/\/centrourbano.com\/revista\/wp-content\/uploads\/Usos-mixtos-elemento-clave-para-el-futuro-de-las-ciudades.jpg","type":"image\/jpeg"}],"author":"Fernanda Hern\u00e1ndez","twitter_card":"summary_large_image","twitter_creator":"@https:\/\/twitter.com\/Nannz_Hernandez","twitter_site":"@CentroUrbano","twitter_misc":{"Escrito por":"Fernanda Hern\u00e1ndez","Tiempo de lectura":"4 minutos"},"schema":{"@context":"https:\/\/schema.org","@graph":[{"@type":"Article","@id":"https:\/\/centrourbano.com\/revista\/publicaciones\/usos-mixtos-elemento-clave-ciudades\/#article","isPartOf":{"@id":"https:\/\/centrourbano.com\/revista\/publicaciones\/usos-mixtos-elemento-clave-ciudades\/"},"author":{"name":"Fernanda Hern\u00e1ndez","@id":"https:\/\/centrourbano.com\/revista\/#\/schema\/person\/b190b20bbbceb41ec72278c546fa8df3"},"headline":"Usos mixtos, elemento clave para el futuro de las ciudades","datePublished":"2023-03-14T00:30:24+00:00","mainEntityOfPage":{"@id":"https:\/\/centrourbano.com\/revista\/publicaciones\/usos-mixtos-elemento-clave-ciudades\/"},"wordCount":858,"commentCount":0,"publisher":{"@id":"https:\/\/centrourbano.com\/revista\/#organization"},"image":{"@id":"https:\/\/centrourbano.com\/revista\/publicaciones\/usos-mixtos-elemento-clave-ciudades\/#primaryimage"},"thumbnailUrl":"https:\/\/centrourbano.com\/revista\/wp-content\/uploads\/Usos-mixtos-elemento-clave-para-el-futuro-de-las-ciudades.jpg","keywords":["ADI Occidente","ciudades","Eduardo Lea\u00f1o","Inversi\u00f3n Inmobiliaria","ONU-Habitat","Usos mixtos"],"articleSection":["Entrevistas","Inmobiliario","Publicaciones","Revista Inversi\u00f3n Inmobiliaria"],"inLanguage":"es","potentialAction":[{"@type":"CommentAction","name":"Comment","target":["https:\/\/centrourbano.com\/revista\/publicaciones\/usos-mixtos-elemento-clave-ciudades\/#respond"]}]},{"@type":"WebPage","@id":"https:\/\/centrourbano.com\/revista\/publicaciones\/usos-mixtos-elemento-clave-ciudades\/","url":"https:\/\/centrourbano.com\/revista\/publicaciones\/usos-mixtos-elemento-clave-ciudades\/","name":"Usos mixtos, elemento clave para el futuro de las ciudades","isPartOf":{"@id":"https:\/\/centrourbano.com\/revista\/#website"},"primaryImageOfPage":{"@id":"https:\/\/centrourbano.com\/revista\/publicaciones\/usos-mixtos-elemento-clave-ciudades\/#primaryimage"},"image":{"@id":"https:\/\/centrourbano.com\/revista\/publicaciones\/usos-mixtos-elemento-clave-ciudades\/#primaryimage"},"thumbnailUrl":"https:\/\/centrourbano.com\/revista\/wp-content\/uploads\/Usos-mixtos-elemento-clave-para-el-futuro-de-las-ciudades.jpg","datePublished":"2023-03-14T00:30:24+00:00","description":"Los desarrollos de usos mixtos re\u00fanen viviendas, oficinas, comercios, restaurantes, espacios recreativos, entre otros, en espacios reducidos","breadcrumb":{"@id":"https:\/\/centrourbano.com\/revista\/publicaciones\/usos-mixtos-elemento-clave-ciudades\/#breadcrumb"},"inLanguage":"es","potentialAction":[{"@type":"ReadAction","target":["https:\/\/centrourbano.com\/revista\/publicaciones\/usos-mixtos-elemento-clave-ciudades\/"]}]},{"@type":"ImageObject","inLanguage":"es","@id":"https:\/\/centrourbano.com\/revista\/publicaciones\/usos-mixtos-elemento-clave-ciudades\/#primaryimage","url":"https:\/\/centrourbano.com\/revista\/wp-content\/uploads\/Usos-mixtos-elemento-clave-para-el-futuro-de-las-ciudades.jpg","contentUrl":"https:\/\/centrourbano.com\/revista\/wp-content\/uploads\/Usos-mixtos-elemento-clave-para-el-futuro-de-las-ciudades.jpg","width":874,"height":687,"caption":"Los desarrollos de usos mixtos re\u00fanen viviendas, oficinas, comercios, restaurantes, espacios recreativos, entre otros, en espacios reducidos"},{"@type":"BreadcrumbList","@id":"https:\/\/centrourbano.com\/revista\/publicaciones\/usos-mixtos-elemento-clave-ciudades\/#breadcrumb","itemListElement":[{"@type":"ListItem","position":1,"name":"Portada","item":"https:\/\/centrourbano.com\/revista\/"},{"@type":"ListItem","position":2,"name":"Usos mixtos, elemento clave para el futuro de las ciudades"}]},{"@type":"WebSite","@id":"https:\/\/centrourbano.com\/revista\/#website","url":"https:\/\/centrourbano.com\/revista\/","name":"Centro Urbano","description":"Medio especializado en los sectores vivienda, inmobiliario, construcci\u00f3n, arquitectura y urbanismo.","publisher":{"@id":"https:\/\/centrourbano.com\/revista\/#organization"},"potentialAction":[{"@type":"SearchAction","target":{"@type":"EntryPoint","urlTemplate":"https:\/\/centrourbano.com\/revista\/?s={search_term_string}"},"query-input":{"@type":"PropertyValueSpecification","valueRequired":true,"valueName":"search_term_string"}}],"inLanguage":"es"},{"@type":"Organization","@id":"https:\/\/centrourbano.com\/revista\/#organization","name":"Centro Urbano","url":"https:\/\/centrourbano.com\/revista\/","logo":{"@type":"ImageObject","inLanguage":"es","@id":"https:\/\/centrourbano.com\/revista\/#\/schema\/logo\/image\/","url":"https:\/\/centrourbano.com\/revista\/wp-content\/uploads\/web_CU_logo-1.png","contentUrl":"https:\/\/centrourbano.com\/revista\/wp-content\/uploads\/web_CU_logo-1.png","width":350,"height":91,"caption":"Centro Urbano"},"image":{"@id":"https:\/\/centrourbano.com\/revista\/#\/schema\/logo\/image\/"},"sameAs":["https:\/\/www.facebook.com\/portalcentrourbano","https:\/\/x.com\/CentroUrbano","https:\/\/www.instagram.com\/centro_urbano\/","https:\/\/www.linkedin.com\/company\/centro-urbano\/","http:\/\/www.youtube.com\/user\/portalcentrourbano"]},{"@type":"Person","@id":"https:\/\/centrourbano.com\/revista\/#\/schema\/person\/b190b20bbbceb41ec72278c546fa8df3","name":"Fernanda Hern\u00e1ndez","image":{"@type":"ImageObject","inLanguage":"es","@id":"https:\/\/secure.gravatar.com\/avatar\/9471831fb0a24eae9d32d826a7cb8ef07c34a41520aca1a0ab1f5c0903ba49b9?s=96&d=mm&r=g","url":"https:\/\/secure.gravatar.com\/avatar\/9471831fb0a24eae9d32d826a7cb8ef07c34a41520aca1a0ab1f5c0903ba49b9?s=96&d=mm&r=g","contentUrl":"https:\/\/secure.gravatar.com\/avatar\/9471831fb0a24eae9d32d826a7cb8ef07c34a41520aca1a0ab1f5c0903ba49b9?s=96&d=mm&r=g","caption":"Fernanda Hern\u00e1ndez"},"description":"Reportera y redactora en Centro Urbano. Soy egresada de la licenciatura en Ciencias de la Comunicaci\u00f3n de la Facultad de Ciencias Pol\u00edticas y Sociales (UNAM). Me interesa la cultura, el urbanismo y la arquitectura. Amante del mundo digital, el cine, la m\u00fasica, la lectura y la escritura.","sameAs":["https:\/\/x.com\/https:\/\/twitter.com\/Nannz_Hernandez"],"url":"https:\/\/centrourbano.com\/revista\/author\/fernanda-hernandez\/"}]}},"_links":{"self":[{"href":"https:\/\/centrourbano.com\/revista\/wp-json\/wp\/v2\/posts\/138652","targetHints":{"allow":["GET"]}}],"collection":[{"href":"https:\/\/centrourbano.com\/revista\/wp-json\/wp\/v2\/posts"}],"about":[{"href":"https:\/\/centrourbano.com\/revista\/wp-json\/wp\/v2\/types\/post"}],"author":[{"embeddable":true,"href":"https:\/\/centrourbano.com\/revista\/wp-json\/wp\/v2\/users\/73"}],"replies":[{"embeddable":true,"href":"https:\/\/centrourbano.com\/revista\/wp-json\/wp\/v2\/comments?post=138652"}],"version-history":[{"count":2,"href":"https:\/\/centrourbano.com\/revista\/wp-json\/wp\/v2\/posts\/138652\/revisions"}],"predecessor-version":[{"id":138655,"href":"https:\/\/centrourbano.com\/revista\/wp-json\/wp\/v2\/posts\/138652\/revisions\/138655"}],"wp:featuredmedia":[{"embeddable":true,"href":"https:\/\/centrourbano.com\/revista\/wp-json\/wp\/v2\/media\/138653"}],"wp:attachment":[{"href":"https:\/\/centrourbano.com\/revista\/wp-json\/wp\/v2\/media?parent=138652"}],"wp:term":[{"taxonomy":"category","embeddable":true,"href":"https:\/\/centrourbano.com\/revista\/wp-json\/wp\/v2\/categories?post=138652"},{"taxonomy":"post_tag","embeddable":true,"href":"https:\/\/centrourbano.com\/revista\/wp-json\/wp\/v2\/tags?post=138652"}],"curies":[{"name":"wp","href":"https:\/\/api.w.org\/{rel}","templated":true}]}}