{"id":138462,"date":"2023-03-08T12:22:18","date_gmt":"2023-03-08T18:22:18","guid":{"rendered":"https:\/\/centrourbano.com\/?p=138462"},"modified":"2023-03-08T18:56:41","modified_gmt":"2023-03-09T00:56:41","slug":"de-chalanas-arquitectas-y-directoras","status":"publish","type":"post","link":"https:\/\/centrourbano.com\/revista\/opinion\/en-voz-de-las-mujeres\/de-chalanas-arquitectas-y-directoras\/","title":{"rendered":"De chalanas, arquitectas y directoras"},"content":{"rendered":"<p><em>Por Patricia Calder\u00f3n*<\/em><\/p>\n<p><!--more--><br \/>\nEl sector inmobiliario es uno de los m\u00e1s importantes contribuyentes al producto interno bruto nacional, ubic\u00e1ndose s\u00f3lo por debajo de la industria e la manufactura. Pero \u00bfde qu\u00e9 hablamos cuando nos referimos al sector inmobiliario? \u00bfqu\u00e9 hay detr\u00e1s de cada edificio, fraccionamiento o conjunto habitacional?<\/p>\n<p>Cuando hablamos del sector inmobiliario tendemos a pensar solamente en dos vertientes, la primera, y la m\u00e1s com\u00fan es la de los servicios inmobiliarios y\u00a0<a href=\"https:\/\/www.eleconomista.com.mx\/econohabitat\/Falta-de-pago-y-falsa-identidad-los-principales-problemas-al-poner-en-renta-una-propiedad-20221113-0012.html\">de alquiler de bienes<\/a> inmuebles, la segunda, la del sector de la construcci\u00f3n y todas las industrias que \u00e9l engloba.<\/p>\n<p>Pero el desarrollo inmobiliario es este sector que engloba estas dos grandes vertientes y que, a su vez, suma otras actividades profesionales, cient\u00edficas y t\u00e9cnicas, en las que cada vez hay una mayor participaci\u00f3n de las mujeres.<\/p>\n<p>Detr\u00e1s de cada edificio en construcci\u00f3n existe un equipo conformado por especialistas que tienen participaci\u00f3n escalonada o permanente en todas y cada una de las etapas de un proyecto. Porque un proyecto no comienza cuando se coloca la primera piedra de una obra, de hecho, ese momento podr\u00eda representar la segunda parte de un trabajo previo donde arquitectas han desarrollado una idea, ingenieras han complementado un proyecto ejecutivo, mercad\u00f3logas han realizado estudios de mercado; administradoras han elaborado planes financieros para garantizar la viabilidad del proyecto; gestoras han obtenido licencias, permisos y factibilidades; publicistas y dise\u00f1adoras han colaborado en la creaci\u00f3n de materiales gr\u00e1ficos de ventas, mientras contadoras realizan pagos, apoyadas por asistentes en permanente pie del ca\u00f1\u00f3n.<\/p>\n<p>La construcci\u00f3n no se queda atr\u00e1s, durante a\u00f1os, los hombres eran los amos y se\u00f1ores de las obras, desde el residente hasta el chal\u00e1n,\u00a0 hoy es distinto, no es extra\u00f1o para ninguno de los que nos dedicamos al desarrollo inmobiliario, encontraren \u00a0la talacha a mujeres realzando labores que anteriormente s\u00f3lo desarrollaban los hombres, desempe\u00f1\u00e1ndose como gerentes de obra u operadoras de maquinaria pesada, hasta chalanas dedicadas a labores de limpieza fina, que s\u00f3lo ellas pueden realizar con el detalle que requiere un cristal en perfectas condiciones, limpiado, como lo hace en su propia casa.\u00a0 El \u00faltimo proceso del desarrollo, donde por fin se ver\u00e1 reflejado el esfuerzo de a\u00f1os de todo un equipo de trabajo, tambi\u00e9n, es hoy un d\u00eda uno de los sectores dominado por mujeres, desde la prospecci\u00f3n de clientes en \u00e1reas de ventas, hasta la firma de escrituras, pasando en el camino por br\u00f3keres de cr\u00e9ditos hipotecarios, valuadoras y hasta notarias.<\/p>\n<p>La fuerza y la sensibilidad femenina son hoy una realidad que ha venido cobrando cada vez m\u00e1s fuerza tanto en el sector inmobiliario como en todos los sectores de la econom\u00eda. Un estudio publicado por el IMCO, afirma que uno de los sectores de la econom\u00eda donde las mujeres ganan en promedio m\u00e1s que los hombres son, precisamente el de la construcci\u00f3n y servicios inmobiliarios, y aunque a\u00fan se caracterizan por una muy baja participaci\u00f3n de fuerza laboral femenina, que apenas alcanza el 4%, acceden a mejores posiciones jer\u00e1rquicas por contar con mayor preparaci\u00f3n profesional como estudios de licenciatura y posgrados.<\/p>\n<p>El hecho es que el poco terreno que las mujeres hoy han ganado tanto en la obra como detr\u00e1s de un ordenador, debe ser reconocido, valorado y sobre todo remunerado al igual que el de cualquiera de sus compa\u00f1eros.<\/p>\n<p>Con cari\u00f1o, para todo mi equipo de mujeres incre\u00edbles.<\/p>\n<p><!--more--><br \/>\n*Patricia Calder\u00f3n<br \/>\nDirectora de operaciones de ZUBIRI M\u00c9XICO<\/p>\n","protected":false},"excerpt":{"rendered":"<p>Por Patricia Calder\u00f3n*<\/p>\n","protected":false},"author":79,"featured_media":138498,"comment_status":"open","ping_status":"closed","sticky":false,"template":"","format":"standard","meta":{"om_disable_all_campaigns":false,"inline_featured_image":false,"_monsterinsights_skip_tracking":false,"_monsterinsights_sitenote_active":false,"_monsterinsights_sitenote_note":"","_monsterinsights_sitenote_category":0,"footnotes":""},"categories":[242,22736],"tags":[20296,22585,22740,22776,686,22777],"class_list":["post-138462","post","type-post","status-publish","format-standard","has-post-thumbnail","hentry","category-blog-de-invitado","category-en-voz-de-las-mujeres","tag-8m","tag-en-la-opinion-de","tag-en-voz-de-las-mujeres","tag-patricia-calderon","tag-sector-inmobiliario","tag-zubiri-mexico"],"yoast_head":"<!-- This site is optimized with the Yoast SEO plugin v27.4 - https:\/\/yoast.com\/product\/yoast-seo-wordpress\/ -->\n<title>De chalanas, arquitectas y directoras<\/title>\n<meta name=\"description\" content=\"Aunque la fuerza laboral femenina sigue siendo baja, las mujeres acceden a mejores posiciones debido a su preparaci\u00f3n profesional\" \/>\n<meta name=\"robots\" content=\"index, follow, max-snippet:-1, max-image-preview:large, max-video-preview:-1\" \/>\n<link rel=\"canonical\" href=\"https:\/\/centrourbano.com\/revista\/opinion\/en-voz-de-las-mujeres\/de-chalanas-arquitectas-y-directoras\/\" \/>\n<meta property=\"og:locale\" content=\"es_ES\" \/>\n<meta property=\"og:type\" content=\"article\" \/>\n<meta property=\"og:title\" content=\"De chalanas, arquitectas y directoras\" \/>\n<meta property=\"og:description\" content=\"Aunque la fuerza laboral femenina sigue siendo baja, las mujeres acceden a mejores posiciones debido a su preparaci\u00f3n profesional\" \/>\n<meta property=\"og:url\" content=\"https:\/\/centrourbano.com\/revista\/opinion\/en-voz-de-las-mujeres\/de-chalanas-arquitectas-y-directoras\/\" \/>\n<meta property=\"og:site_name\" content=\"Centro Urbano\" \/>\n<meta property=\"article:publisher\" content=\"https:\/\/www.facebook.com\/portalcentrourbano\" \/>\n<meta property=\"article:published_time\" content=\"2023-03-08T18:22:18+00:00\" \/>\n<meta property=\"article:modified_time\" content=\"2023-03-09T00:56:41+00:00\" \/>\n<meta property=\"og:image\" content=\"https:\/\/centrourbano.com\/revista\/wp-content\/uploads\/Patricia-Calderon.jpg\" \/>\n\t<meta property=\"og:image:width\" content=\"702\" \/>\n\t<meta property=\"og:image:height\" content=\"702\" \/>\n\t<meta property=\"og:image:type\" content=\"image\/jpeg\" \/>\n<meta name=\"author\" content=\"Columnista invitado\" \/>\n<meta name=\"twitter:card\" content=\"summary_large_image\" \/>\n<meta name=\"twitter:creator\" content=\"@CentroUrbano\" \/>\n<meta name=\"twitter:site\" content=\"@CentroUrbano\" \/>\n<meta name=\"twitter:label1\" content=\"Escrito por\" \/>\n\t<meta name=\"twitter:data1\" content=\"Columnista invitado\" \/>\n\t<meta name=\"twitter:label2\" content=\"Tiempo de lectura\" \/>\n\t<meta name=\"twitter:data2\" content=\"3 minutos\" \/>\n<script type=\"application\/ld+json\" class=\"yoast-schema-graph\">{\"@context\":\"https:\\\/\\\/schema.org\",\"@graph\":[{\"@type\":\"Article\",\"@id\":\"https:\\\/\\\/centrourbano.com\\\/revista\\\/opinion\\\/en-voz-de-las-mujeres\\\/de-chalanas-arquitectas-y-directoras\\\/#article\",\"isPartOf\":{\"@id\":\"https:\\\/\\\/centrourbano.com\\\/revista\\\/opinion\\\/en-voz-de-las-mujeres\\\/de-chalanas-arquitectas-y-directoras\\\/\"},\"author\":{\"name\":\"Columnista invitado\",\"@id\":\"https:\\\/\\\/centrourbano.com\\\/revista\\\/#\\\/schema\\\/person\\\/e6418535cf1773eb361a8547aef500f5\"},\"headline\":\"De chalanas, arquitectas y directoras\",\"datePublished\":\"2023-03-08T18:22:18+00:00\",\"dateModified\":\"2023-03-09T00:56:41+00:00\",\"mainEntityOfPage\":{\"@id\":\"https:\\\/\\\/centrourbano.com\\\/revista\\\/opinion\\\/en-voz-de-las-mujeres\\\/de-chalanas-arquitectas-y-directoras\\\/\"},\"wordCount\":612,\"commentCount\":0,\"publisher\":{\"@id\":\"https:\\\/\\\/centrourbano.com\\\/revista\\\/#organization\"},\"image\":{\"@id\":\"https:\\\/\\\/centrourbano.com\\\/revista\\\/opinion\\\/en-voz-de-las-mujeres\\\/de-chalanas-arquitectas-y-directoras\\\/#primaryimage\"},\"thumbnailUrl\":\"https:\\\/\\\/centrourbano.com\\\/revista\\\/wp-content\\\/uploads\\\/Patricia-Calderon.jpg\",\"keywords\":[\"#8M\",\"En la opini\u00f3n de\",\"En voz de las mujeres\",\"Patricia Calder\u00f3n\",\"sector inmobiliario\",\"ZUBIRI M\u00c9XICO\"],\"articleSection\":[\"En la opini\u00f3n de\",\"En Voz de las Mujeres\"],\"inLanguage\":\"es\",\"potentialAction\":[{\"@type\":\"CommentAction\",\"name\":\"Comment\",\"target\":[\"https:\\\/\\\/centrourbano.com\\\/revista\\\/opinion\\\/en-voz-de-las-mujeres\\\/de-chalanas-arquitectas-y-directoras\\\/#respond\"]}]},{\"@type\":\"WebPage\",\"@id\":\"https:\\\/\\\/centrourbano.com\\\/revista\\\/opinion\\\/en-voz-de-las-mujeres\\\/de-chalanas-arquitectas-y-directoras\\\/\",\"url\":\"https:\\\/\\\/centrourbano.com\\\/revista\\\/opinion\\\/en-voz-de-las-mujeres\\\/de-chalanas-arquitectas-y-directoras\\\/\",\"name\":\"De chalanas, arquitectas y directoras\",\"isPartOf\":{\"@id\":\"https:\\\/\\\/centrourbano.com\\\/revista\\\/#website\"},\"primaryImageOfPage\":{\"@id\":\"https:\\\/\\\/centrourbano.com\\\/revista\\\/opinion\\\/en-voz-de-las-mujeres\\\/de-chalanas-arquitectas-y-directoras\\\/#primaryimage\"},\"image\":{\"@id\":\"https:\\\/\\\/centrourbano.com\\\/revista\\\/opinion\\\/en-voz-de-las-mujeres\\\/de-chalanas-arquitectas-y-directoras\\\/#primaryimage\"},\"thumbnailUrl\":\"https:\\\/\\\/centrourbano.com\\\/revista\\\/wp-content\\\/uploads\\\/Patricia-Calderon.jpg\",\"datePublished\":\"2023-03-08T18:22:18+00:00\",\"dateModified\":\"2023-03-09T00:56:41+00:00\",\"description\":\"Aunque la fuerza laboral femenina sigue siendo baja, las mujeres acceden a mejores posiciones debido a su preparaci\u00f3n profesional\",\"breadcrumb\":{\"@id\":\"https:\\\/\\\/centrourbano.com\\\/revista\\\/opinion\\\/en-voz-de-las-mujeres\\\/de-chalanas-arquitectas-y-directoras\\\/#breadcrumb\"},\"inLanguage\":\"es\",\"potentialAction\":[{\"@type\":\"ReadAction\",\"target\":[\"https:\\\/\\\/centrourbano.com\\\/revista\\\/opinion\\\/en-voz-de-las-mujeres\\\/de-chalanas-arquitectas-y-directoras\\\/\"]}]},{\"@type\":\"ImageObject\",\"inLanguage\":\"es\",\"@id\":\"https:\\\/\\\/centrourbano.com\\\/revista\\\/opinion\\\/en-voz-de-las-mujeres\\\/de-chalanas-arquitectas-y-directoras\\\/#primaryimage\",\"url\":\"https:\\\/\\\/centrourbano.com\\\/revista\\\/wp-content\\\/uploads\\\/Patricia-Calderon.jpg\",\"contentUrl\":\"https:\\\/\\\/centrourbano.com\\\/revista\\\/wp-content\\\/uploads\\\/Patricia-Calderon.jpg\",\"width\":702,\"height\":702,\"caption\":\"De chalanas, arquitectas y directoras\"},{\"@type\":\"BreadcrumbList\",\"@id\":\"https:\\\/\\\/centrourbano.com\\\/revista\\\/opinion\\\/en-voz-de-las-mujeres\\\/de-chalanas-arquitectas-y-directoras\\\/#breadcrumb\",\"itemListElement\":[{\"@type\":\"ListItem\",\"position\":1,\"name\":\"Portada\",\"item\":\"https:\\\/\\\/centrourbano.com\\\/revista\\\/\"},{\"@type\":\"ListItem\",\"position\":2,\"name\":\"De chalanas, arquitectas y directoras\"}]},{\"@type\":\"WebSite\",\"@id\":\"https:\\\/\\\/centrourbano.com\\\/revista\\\/#website\",\"url\":\"https:\\\/\\\/centrourbano.com\\\/revista\\\/\",\"name\":\"Centro Urbano\",\"description\":\"Medio especializado en los sectores vivienda, inmobiliario, construcci\u00f3n, arquitectura y urbanismo.\",\"publisher\":{\"@id\":\"https:\\\/\\\/centrourbano.com\\\/revista\\\/#organization\"},\"potentialAction\":[{\"@type\":\"SearchAction\",\"target\":{\"@type\":\"EntryPoint\",\"urlTemplate\":\"https:\\\/\\\/centrourbano.com\\\/revista\\\/?s={search_term_string}\"},\"query-input\":{\"@type\":\"PropertyValueSpecification\",\"valueRequired\":true,\"valueName\":\"search_term_string\"}}],\"inLanguage\":\"es\"},{\"@type\":\"Organization\",\"@id\":\"https:\\\/\\\/centrourbano.com\\\/revista\\\/#organization\",\"name\":\"Centro Urbano\",\"url\":\"https:\\\/\\\/centrourbano.com\\\/revista\\\/\",\"logo\":{\"@type\":\"ImageObject\",\"inLanguage\":\"es\",\"@id\":\"https:\\\/\\\/centrourbano.com\\\/revista\\\/#\\\/schema\\\/logo\\\/image\\\/\",\"url\":\"https:\\\/\\\/centrourbano.com\\\/revista\\\/wp-content\\\/uploads\\\/web_CU_logo-1.png\",\"contentUrl\":\"https:\\\/\\\/centrourbano.com\\\/revista\\\/wp-content\\\/uploads\\\/web_CU_logo-1.png\",\"width\":350,\"height\":91,\"caption\":\"Centro Urbano\"},\"image\":{\"@id\":\"https:\\\/\\\/centrourbano.com\\\/revista\\\/#\\\/schema\\\/logo\\\/image\\\/\"},\"sameAs\":[\"https:\\\/\\\/www.facebook.com\\\/portalcentrourbano\",\"https:\\\/\\\/x.com\\\/CentroUrbano\",\"https:\\\/\\\/www.instagram.com\\\/centro_urbano\\\/\",\"https:\\\/\\\/www.linkedin.com\\\/company\\\/centro-urbano\\\/\",\"http:\\\/\\\/www.youtube.com\\\/user\\\/portalcentrourbano\"]},{\"@type\":\"Person\",\"@id\":\"https:\\\/\\\/centrourbano.com\\\/revista\\\/#\\\/schema\\\/person\\\/e6418535cf1773eb361a8547aef500f5\",\"name\":\"Columnista invitado\",\"image\":{\"@type\":\"ImageObject\",\"inLanguage\":\"es\",\"@id\":\"https:\\\/\\\/secure.gravatar.com\\\/avatar\\\/28ad1e0627b854b5cf28ba6c846a14c308bb67d33df98f6677cc46fe92222ece?s=96&d=mm&r=g\",\"url\":\"https:\\\/\\\/secure.gravatar.com\\\/avatar\\\/28ad1e0627b854b5cf28ba6c846a14c308bb67d33df98f6677cc46fe92222ece?s=96&d=mm&r=g\",\"contentUrl\":\"https:\\\/\\\/secure.gravatar.com\\\/avatar\\\/28ad1e0627b854b5cf28ba6c846a14c308bb67d33df98f6677cc46fe92222ece?s=96&d=mm&r=g\",\"caption\":\"Columnista invitado\"},\"url\":\"https:\\\/\\\/centrourbano.com\\\/revista\\\/author\\\/columnista-invitado\\\/\"}]}<\/script>\n<!-- \/ Yoast SEO plugin. -->","yoast_head_json":{"title":"De chalanas, arquitectas y directoras","description":"Aunque la fuerza laboral femenina sigue siendo baja, las mujeres acceden a mejores posiciones debido a su preparaci\u00f3n profesional","robots":{"index":"index","follow":"follow","max-snippet":"max-snippet:-1","max-image-preview":"max-image-preview:large","max-video-preview":"max-video-preview:-1"},"canonical":"https:\/\/centrourbano.com\/revista\/opinion\/en-voz-de-las-mujeres\/de-chalanas-arquitectas-y-directoras\/","og_locale":"es_ES","og_type":"article","og_title":"De chalanas, arquitectas y directoras","og_description":"Aunque la fuerza laboral femenina sigue siendo baja, las mujeres acceden a mejores posiciones debido a su preparaci\u00f3n profesional","og_url":"https:\/\/centrourbano.com\/revista\/opinion\/en-voz-de-las-mujeres\/de-chalanas-arquitectas-y-directoras\/","og_site_name":"Centro Urbano","article_publisher":"https:\/\/www.facebook.com\/portalcentrourbano","article_published_time":"2023-03-08T18:22:18+00:00","article_modified_time":"2023-03-09T00:56:41+00:00","og_image":[{"width":702,"height":702,"url":"https:\/\/centrourbano.com\/revista\/wp-content\/uploads\/Patricia-Calderon.jpg","type":"image\/jpeg"}],"author":"Columnista invitado","twitter_card":"summary_large_image","twitter_creator":"@CentroUrbano","twitter_site":"@CentroUrbano","twitter_misc":{"Escrito por":"Columnista invitado","Tiempo de lectura":"3 minutos"},"schema":{"@context":"https:\/\/schema.org","@graph":[{"@type":"Article","@id":"https:\/\/centrourbano.com\/revista\/opinion\/en-voz-de-las-mujeres\/de-chalanas-arquitectas-y-directoras\/#article","isPartOf":{"@id":"https:\/\/centrourbano.com\/revista\/opinion\/en-voz-de-las-mujeres\/de-chalanas-arquitectas-y-directoras\/"},"author":{"name":"Columnista invitado","@id":"https:\/\/centrourbano.com\/revista\/#\/schema\/person\/e6418535cf1773eb361a8547aef500f5"},"headline":"De chalanas, arquitectas y directoras","datePublished":"2023-03-08T18:22:18+00:00","dateModified":"2023-03-09T00:56:41+00:00","mainEntityOfPage":{"@id":"https:\/\/centrourbano.com\/revista\/opinion\/en-voz-de-las-mujeres\/de-chalanas-arquitectas-y-directoras\/"},"wordCount":612,"commentCount":0,"publisher":{"@id":"https:\/\/centrourbano.com\/revista\/#organization"},"image":{"@id":"https:\/\/centrourbano.com\/revista\/opinion\/en-voz-de-las-mujeres\/de-chalanas-arquitectas-y-directoras\/#primaryimage"},"thumbnailUrl":"https:\/\/centrourbano.com\/revista\/wp-content\/uploads\/Patricia-Calderon.jpg","keywords":["#8M","En la opini\u00f3n de","En voz de las mujeres","Patricia Calder\u00f3n","sector inmobiliario","ZUBIRI M\u00c9XICO"],"articleSection":["En la opini\u00f3n de","En Voz de las Mujeres"],"inLanguage":"es","potentialAction":[{"@type":"CommentAction","name":"Comment","target":["https:\/\/centrourbano.com\/revista\/opinion\/en-voz-de-las-mujeres\/de-chalanas-arquitectas-y-directoras\/#respond"]}]},{"@type":"WebPage","@id":"https:\/\/centrourbano.com\/revista\/opinion\/en-voz-de-las-mujeres\/de-chalanas-arquitectas-y-directoras\/","url":"https:\/\/centrourbano.com\/revista\/opinion\/en-voz-de-las-mujeres\/de-chalanas-arquitectas-y-directoras\/","name":"De chalanas, arquitectas y directoras","isPartOf":{"@id":"https:\/\/centrourbano.com\/revista\/#website"},"primaryImageOfPage":{"@id":"https:\/\/centrourbano.com\/revista\/opinion\/en-voz-de-las-mujeres\/de-chalanas-arquitectas-y-directoras\/#primaryimage"},"image":{"@id":"https:\/\/centrourbano.com\/revista\/opinion\/en-voz-de-las-mujeres\/de-chalanas-arquitectas-y-directoras\/#primaryimage"},"thumbnailUrl":"https:\/\/centrourbano.com\/revista\/wp-content\/uploads\/Patricia-Calderon.jpg","datePublished":"2023-03-08T18:22:18+00:00","dateModified":"2023-03-09T00:56:41+00:00","description":"Aunque la fuerza laboral femenina sigue siendo baja, las mujeres acceden a mejores posiciones debido a su preparaci\u00f3n profesional","breadcrumb":{"@id":"https:\/\/centrourbano.com\/revista\/opinion\/en-voz-de-las-mujeres\/de-chalanas-arquitectas-y-directoras\/#breadcrumb"},"inLanguage":"es","potentialAction":[{"@type":"ReadAction","target":["https:\/\/centrourbano.com\/revista\/opinion\/en-voz-de-las-mujeres\/de-chalanas-arquitectas-y-directoras\/"]}]},{"@type":"ImageObject","inLanguage":"es","@id":"https:\/\/centrourbano.com\/revista\/opinion\/en-voz-de-las-mujeres\/de-chalanas-arquitectas-y-directoras\/#primaryimage","url":"https:\/\/centrourbano.com\/revista\/wp-content\/uploads\/Patricia-Calderon.jpg","contentUrl":"https:\/\/centrourbano.com\/revista\/wp-content\/uploads\/Patricia-Calderon.jpg","width":702,"height":702,"caption":"De chalanas, arquitectas y directoras"},{"@type":"BreadcrumbList","@id":"https:\/\/centrourbano.com\/revista\/opinion\/en-voz-de-las-mujeres\/de-chalanas-arquitectas-y-directoras\/#breadcrumb","itemListElement":[{"@type":"ListItem","position":1,"name":"Portada","item":"https:\/\/centrourbano.com\/revista\/"},{"@type":"ListItem","position":2,"name":"De chalanas, arquitectas y directoras"}]},{"@type":"WebSite","@id":"https:\/\/centrourbano.com\/revista\/#website","url":"https:\/\/centrourbano.com\/revista\/","name":"Centro Urbano","description":"Medio especializado en los sectores vivienda, inmobiliario, construcci\u00f3n, arquitectura y urbanismo.","publisher":{"@id":"https:\/\/centrourbano.com\/revista\/#organization"},"potentialAction":[{"@type":"SearchAction","target":{"@type":"EntryPoint","urlTemplate":"https:\/\/centrourbano.com\/revista\/?s={search_term_string}"},"query-input":{"@type":"PropertyValueSpecification","valueRequired":true,"valueName":"search_term_string"}}],"inLanguage":"es"},{"@type":"Organization","@id":"https:\/\/centrourbano.com\/revista\/#organization","name":"Centro Urbano","url":"https:\/\/centrourbano.com\/revista\/","logo":{"@type":"ImageObject","inLanguage":"es","@id":"https:\/\/centrourbano.com\/revista\/#\/schema\/logo\/image\/","url":"https:\/\/centrourbano.com\/revista\/wp-content\/uploads\/web_CU_logo-1.png","contentUrl":"https:\/\/centrourbano.com\/revista\/wp-content\/uploads\/web_CU_logo-1.png","width":350,"height":91,"caption":"Centro Urbano"},"image":{"@id":"https:\/\/centrourbano.com\/revista\/#\/schema\/logo\/image\/"},"sameAs":["https:\/\/www.facebook.com\/portalcentrourbano","https:\/\/x.com\/CentroUrbano","https:\/\/www.instagram.com\/centro_urbano\/","https:\/\/www.linkedin.com\/company\/centro-urbano\/","http:\/\/www.youtube.com\/user\/portalcentrourbano"]},{"@type":"Person","@id":"https:\/\/centrourbano.com\/revista\/#\/schema\/person\/e6418535cf1773eb361a8547aef500f5","name":"Columnista invitado","image":{"@type":"ImageObject","inLanguage":"es","@id":"https:\/\/secure.gravatar.com\/avatar\/28ad1e0627b854b5cf28ba6c846a14c308bb67d33df98f6677cc46fe92222ece?s=96&d=mm&r=g","url":"https:\/\/secure.gravatar.com\/avatar\/28ad1e0627b854b5cf28ba6c846a14c308bb67d33df98f6677cc46fe92222ece?s=96&d=mm&r=g","contentUrl":"https:\/\/secure.gravatar.com\/avatar\/28ad1e0627b854b5cf28ba6c846a14c308bb67d33df98f6677cc46fe92222ece?s=96&d=mm&r=g","caption":"Columnista invitado"},"url":"https:\/\/centrourbano.com\/revista\/author\/columnista-invitado\/"}]}},"_links":{"self":[{"href":"https:\/\/centrourbano.com\/revista\/wp-json\/wp\/v2\/posts\/138462","targetHints":{"allow":["GET"]}}],"collection":[{"href":"https:\/\/centrourbano.com\/revista\/wp-json\/wp\/v2\/posts"}],"about":[{"href":"https:\/\/centrourbano.com\/revista\/wp-json\/wp\/v2\/types\/post"}],"author":[{"embeddable":true,"href":"https:\/\/centrourbano.com\/revista\/wp-json\/wp\/v2\/users\/79"}],"replies":[{"embeddable":true,"href":"https:\/\/centrourbano.com\/revista\/wp-json\/wp\/v2\/comments?post=138462"}],"version-history":[{"count":2,"href":"https:\/\/centrourbano.com\/revista\/wp-json\/wp\/v2\/posts\/138462\/revisions"}],"predecessor-version":[{"id":138499,"href":"https:\/\/centrourbano.com\/revista\/wp-json\/wp\/v2\/posts\/138462\/revisions\/138499"}],"wp:featuredmedia":[{"embeddable":true,"href":"https:\/\/centrourbano.com\/revista\/wp-json\/wp\/v2\/media\/138498"}],"wp:attachment":[{"href":"https:\/\/centrourbano.com\/revista\/wp-json\/wp\/v2\/media?parent=138462"}],"wp:term":[{"taxonomy":"category","embeddable":true,"href":"https:\/\/centrourbano.com\/revista\/wp-json\/wp\/v2\/categories?post=138462"},{"taxonomy":"post_tag","embeddable":true,"href":"https:\/\/centrourbano.com\/revista\/wp-json\/wp\/v2\/tags?post=138462"}],"curies":[{"name":"wp","href":"https:\/\/api.w.org\/{rel}","templated":true}]}}