{"id":138457,"date":"2023-03-08T12:15:27","date_gmt":"2023-03-08T18:15:27","guid":{"rendered":"https:\/\/centrourbano.com\/?p=138457"},"modified":"2023-03-08T12:59:14","modified_gmt":"2023-03-08T18:59:14","slug":"mujeres-ciudades-igualitarias-onu-habitat","status":"publish","type":"post","link":"https:\/\/centrourbano.com\/revista\/urbanismo\/mujeres-ciudades-igualitarias-onu-habitat\/","title":{"rendered":"Planificar para las mujeres construye ciudades igualitarias: ONU-Habitat"},"content":{"rendered":"<p><em>La agencia se\u00f1al\u00f3 que dar prioridad a las mujeres en el desarrollo urbano es fundamental para que las ciudades sean m\u00e1s inclusivas y sostenibles<\/em><!--more--><\/p>\n<p>En el marco del <a href=\"https:\/\/centrourbano.com\/vivienda\/viviendas-escrituradas-mujeres\/\" target=\"_blank\" rel=\"noopener\"><strong>D\u00eda Internacional de la Mujer<\/strong><\/a>, el programa de las Naciones Unidas para los asentamientos humanos, <strong>ONU-Habitat<\/strong>, asegur\u00f3 que la planificaci\u00f3n urbana hecha por y para las mujeres construye ciudades m\u00e1s equitativas.<\/p>\n<p>\u201cCon mujeres y ni\u00f1as en el centro de la acci\u00f3n de desarrollo urbano, se fortalece la implementaci\u00f3n de los <strong>Objetivos de Desarrollo Sostenible<\/strong> (<strong>ODS<\/strong>) y la <strong>Nueva Agenda Urbana<\/strong>, construyendo ciudades para todas las personas, sin dejar a nadie atr\u00e1s. Cuando las mujeres lideran los procesos, el dise\u00f1o y la realizaci\u00f3n de visiones de los espacios p\u00fablicos urbano, se tornan m\u00e1s equitativos\u201d, indic\u00f3.<\/p>\n<p>La agencia mencion\u00f3 que muy pocas ciudades est\u00e1n dise\u00f1adas en funci\u00f3n de la vida cotidiana de las ni\u00f1as y mujeres. Por ello, pertenecen al grupo social que es vulnerable a la <strong>distribuci\u00f3n desigual de los recursos<\/strong>, la <strong>opresi\u00f3n<\/strong> y la <strong>exclusi\u00f3n social<\/strong>; lo cual aumenta con factores como la edad, la situaci\u00f3n socioecon\u00f3mica o la discapacidad.<\/p>\n<p>En este sentido, dar prioridad a las mujeres y ni\u00f1as en el desarrollo urbano es fundamental para que las <strong>ciudades sean m\u00e1s inclusivas y sostenibles<\/strong>; adem\u00e1s de que esto puede ser una herramienta eficaz contra la segregaci\u00f3n y la desigualdad.<\/p>\n<p>\u201cLa forma en que se planifican las ciudades tambi\u00e9n es fundamental para la calidad de vida de las personas; y, en particular, puede aumentar las oportunidades de salud, educaci\u00f3n, trabajo y seguridad de las ni\u00f1as y las mujeres j\u00f3venes\u201d, agreg\u00f3.<\/p>\n<p>Por ello, <strong>ONU-Habitat<\/strong> invit\u00f3 a tomar acciones para lograr ciudades m\u00e1s igualitarias desde diferentes \u00e1mbitos sociales y profesionales.<\/p>\n<p>Por ejemplo, las y los <strong>urbanistas<\/strong> deben incluir la perspectiva de g\u00e9nero en todos los proyectos y planes de desarrollo urbano; las y los miembros de la <strong>sociedad civil<\/strong> deben defender la voz y deseos de las mujeres de la comunidad; las personas que pertenecen a la <strong>vida pol\u00edtica<\/strong> deben impulsar la participaci\u00f3n de las mujeres en la toma de decisiones; entre otras acciones.<\/p>\n","protected":false},"excerpt":{"rendered":"<p>La agencia se\u00f1al\u00f3 que dar prioridad a las mujeres en el desarrollo urbano es fundamental para que las ciudades sean m\u00e1s inclusivas y sostenibles<\/p>\n","protected":false},"author":73,"featured_media":138458,"comment_status":"open","ping_status":"closed","sticky":false,"template":"","format":"standard","meta":{"om_disable_all_campaigns":false,"inline_featured_image":false,"_monsterinsights_skip_tracking":false,"_monsterinsights_sitenote_active":false,"_monsterinsights_sitenote_note":"","_monsterinsights_sitenote_category":0,"footnotes":""},"categories":[82],"tags":[20296,146,7862,2016,2653,420],"class_list":["post-138457","post","type-post","status-publish","format-standard","has-post-thumbnail","hentry","category-urbanismo","tag-8m","tag-desarrollo-urbano","tag-dia-internacional-de-la-mujer","tag-mujeres","tag-onu-habitat","tag-planeacion-urbana"],"yoast_head":"<!-- This site is optimized with the Yoast SEO plugin v27.5 - https:\/\/yoast.com\/product\/yoast-seo-wordpress\/ -->\n<title>Planificar para las mujeres construye ciudades igualitarias: ONU-Habitat<\/title>\n<meta name=\"description\" content=\"La agencia se\u00f1al\u00f3 que dar prioridad a las mujeres en el desarrollo urbano es fundamental para que las ciudades sean m\u00e1s inclusivas\" \/>\n<meta name=\"robots\" content=\"index, follow, max-snippet:-1, max-image-preview:large, max-video-preview:-1\" \/>\n<link rel=\"canonical\" href=\"https:\/\/centrourbano.com\/revista\/urbanismo\/mujeres-ciudades-igualitarias-onu-habitat\/\" \/>\n<meta property=\"og:locale\" content=\"es_ES\" \/>\n<meta property=\"og:type\" content=\"article\" \/>\n<meta property=\"og:title\" content=\"Planificar para las mujeres construye ciudades igualitarias: ONU-Habitat\" \/>\n<meta property=\"og:description\" content=\"La agencia se\u00f1al\u00f3 que dar prioridad a las mujeres en el desarrollo urbano es fundamental para que las ciudades sean m\u00e1s inclusivas\" \/>\n<meta property=\"og:url\" content=\"https:\/\/centrourbano.com\/revista\/urbanismo\/mujeres-ciudades-igualitarias-onu-habitat\/\" \/>\n<meta property=\"og:site_name\" content=\"Centro Urbano\" \/>\n<meta property=\"article:publisher\" content=\"https:\/\/www.facebook.com\/portalcentrourbano\" \/>\n<meta property=\"article:published_time\" content=\"2023-03-08T18:15:27+00:00\" \/>\n<meta property=\"article:modified_time\" content=\"2023-03-08T18:59:14+00:00\" \/>\n<meta property=\"og:image\" content=\"https:\/\/centrourbano.com\/revista\/wp-content\/uploads\/Planificar-para-las-mujeres-construye-ciudades-igualitarias-ONU-Habitat.jpg\" \/>\n\t<meta property=\"og:image:width\" content=\"544\" \/>\n\t<meta property=\"og:image:height\" content=\"522\" \/>\n\t<meta property=\"og:image:type\" content=\"image\/jpeg\" \/>\n<meta name=\"author\" content=\"Fernanda Hern\u00e1ndez\" \/>\n<meta name=\"twitter:card\" content=\"summary_large_image\" \/>\n<meta name=\"twitter:creator\" content=\"@https:\/\/twitter.com\/Nannz_Hernandez\" \/>\n<meta name=\"twitter:site\" content=\"@CentroUrbano\" \/>\n<meta name=\"twitter:label1\" content=\"Escrito por\" \/>\n\t<meta name=\"twitter:data1\" content=\"Fernanda Hern\u00e1ndez\" \/>\n\t<meta name=\"twitter:label2\" content=\"Tiempo de lectura\" \/>\n\t<meta name=\"twitter:data2\" content=\"2 minutos\" \/>\n<script type=\"application\/ld+json\" class=\"yoast-schema-graph\">{\"@context\":\"https:\\\/\\\/schema.org\",\"@graph\":[{\"@type\":\"Article\",\"@id\":\"https:\\\/\\\/centrourbano.com\\\/revista\\\/urbanismo\\\/mujeres-ciudades-igualitarias-onu-habitat\\\/#article\",\"isPartOf\":{\"@id\":\"https:\\\/\\\/centrourbano.com\\\/revista\\\/urbanismo\\\/mujeres-ciudades-igualitarias-onu-habitat\\\/\"},\"author\":{\"name\":\"Fernanda Hern\u00e1ndez\",\"@id\":\"https:\\\/\\\/centrourbano.com\\\/revista\\\/#\\\/schema\\\/person\\\/b190b20bbbceb41ec72278c546fa8df3\"},\"headline\":\"Planificar para las mujeres construye ciudades igualitarias: ONU-Habitat\",\"datePublished\":\"2023-03-08T18:15:27+00:00\",\"dateModified\":\"2023-03-08T18:59:14+00:00\",\"mainEntityOfPage\":{\"@id\":\"https:\\\/\\\/centrourbano.com\\\/revista\\\/urbanismo\\\/mujeres-ciudades-igualitarias-onu-habitat\\\/\"},\"wordCount\":382,\"commentCount\":0,\"publisher\":{\"@id\":\"https:\\\/\\\/centrourbano.com\\\/revista\\\/#organization\"},\"image\":{\"@id\":\"https:\\\/\\\/centrourbano.com\\\/revista\\\/urbanismo\\\/mujeres-ciudades-igualitarias-onu-habitat\\\/#primaryimage\"},\"thumbnailUrl\":\"https:\\\/\\\/centrourbano.com\\\/revista\\\/wp-content\\\/uploads\\\/Planificar-para-las-mujeres-construye-ciudades-igualitarias-ONU-Habitat.jpg\",\"keywords\":[\"#8M\",\"Desarrollo urbano\",\"D\u00eda Internacional de la Mujer\",\"Mujeres\",\"ONU-Habitat\",\"planeaci\u00f3n urbana\"],\"articleSection\":[\"Urbanismo\"],\"inLanguage\":\"es\",\"potentialAction\":[{\"@type\":\"CommentAction\",\"name\":\"Comment\",\"target\":[\"https:\\\/\\\/centrourbano.com\\\/revista\\\/urbanismo\\\/mujeres-ciudades-igualitarias-onu-habitat\\\/#respond\"]}]},{\"@type\":\"WebPage\",\"@id\":\"https:\\\/\\\/centrourbano.com\\\/revista\\\/urbanismo\\\/mujeres-ciudades-igualitarias-onu-habitat\\\/\",\"url\":\"https:\\\/\\\/centrourbano.com\\\/revista\\\/urbanismo\\\/mujeres-ciudades-igualitarias-onu-habitat\\\/\",\"name\":\"Planificar para las mujeres construye ciudades igualitarias: ONU-Habitat\",\"isPartOf\":{\"@id\":\"https:\\\/\\\/centrourbano.com\\\/revista\\\/#website\"},\"primaryImageOfPage\":{\"@id\":\"https:\\\/\\\/centrourbano.com\\\/revista\\\/urbanismo\\\/mujeres-ciudades-igualitarias-onu-habitat\\\/#primaryimage\"},\"image\":{\"@id\":\"https:\\\/\\\/centrourbano.com\\\/revista\\\/urbanismo\\\/mujeres-ciudades-igualitarias-onu-habitat\\\/#primaryimage\"},\"thumbnailUrl\":\"https:\\\/\\\/centrourbano.com\\\/revista\\\/wp-content\\\/uploads\\\/Planificar-para-las-mujeres-construye-ciudades-igualitarias-ONU-Habitat.jpg\",\"datePublished\":\"2023-03-08T18:15:27+00:00\",\"dateModified\":\"2023-03-08T18:59:14+00:00\",\"description\":\"La agencia se\u00f1al\u00f3 que dar prioridad a las mujeres en el desarrollo urbano es fundamental para que las ciudades sean m\u00e1s inclusivas\",\"breadcrumb\":{\"@id\":\"https:\\\/\\\/centrourbano.com\\\/revista\\\/urbanismo\\\/mujeres-ciudades-igualitarias-onu-habitat\\\/#breadcrumb\"},\"inLanguage\":\"es\",\"potentialAction\":[{\"@type\":\"ReadAction\",\"target\":[\"https:\\\/\\\/centrourbano.com\\\/revista\\\/urbanismo\\\/mujeres-ciudades-igualitarias-onu-habitat\\\/\"]}]},{\"@type\":\"ImageObject\",\"inLanguage\":\"es\",\"@id\":\"https:\\\/\\\/centrourbano.com\\\/revista\\\/urbanismo\\\/mujeres-ciudades-igualitarias-onu-habitat\\\/#primaryimage\",\"url\":\"https:\\\/\\\/centrourbano.com\\\/revista\\\/wp-content\\\/uploads\\\/Planificar-para-las-mujeres-construye-ciudades-igualitarias-ONU-Habitat.jpg\",\"contentUrl\":\"https:\\\/\\\/centrourbano.com\\\/revista\\\/wp-content\\\/uploads\\\/Planificar-para-las-mujeres-construye-ciudades-igualitarias-ONU-Habitat.jpg\",\"width\":544,\"height\":522,\"caption\":\"La agencia se\u00f1al\u00f3 que dar prioridad a las mujeres en el desarrollo urbano es fundamental para que las ciudades sean m\u00e1s inclusivas y sostenibles\"},{\"@type\":\"BreadcrumbList\",\"@id\":\"https:\\\/\\\/centrourbano.com\\\/revista\\\/urbanismo\\\/mujeres-ciudades-igualitarias-onu-habitat\\\/#breadcrumb\",\"itemListElement\":[{\"@type\":\"ListItem\",\"position\":1,\"name\":\"Portada\",\"item\":\"https:\\\/\\\/centrourbano.com\\\/revista\\\/\"},{\"@type\":\"ListItem\",\"position\":2,\"name\":\"Planificar para las mujeres construye ciudades igualitarias: ONU-Habitat\"}]},{\"@type\":\"WebSite\",\"@id\":\"https:\\\/\\\/centrourbano.com\\\/revista\\\/#website\",\"url\":\"https:\\\/\\\/centrourbano.com\\\/revista\\\/\",\"name\":\"Centro Urbano\",\"description\":\"Medio especializado en los sectores vivienda, inmobiliario, construcci\u00f3n, arquitectura y urbanismo.\",\"publisher\":{\"@id\":\"https:\\\/\\\/centrourbano.com\\\/revista\\\/#organization\"},\"potentialAction\":[{\"@type\":\"SearchAction\",\"target\":{\"@type\":\"EntryPoint\",\"urlTemplate\":\"https:\\\/\\\/centrourbano.com\\\/revista\\\/?s={search_term_string}\"},\"query-input\":{\"@type\":\"PropertyValueSpecification\",\"valueRequired\":true,\"valueName\":\"search_term_string\"}}],\"inLanguage\":\"es\"},{\"@type\":\"Organization\",\"@id\":\"https:\\\/\\\/centrourbano.com\\\/revista\\\/#organization\",\"name\":\"Centro Urbano\",\"url\":\"https:\\\/\\\/centrourbano.com\\\/revista\\\/\",\"logo\":{\"@type\":\"ImageObject\",\"inLanguage\":\"es\",\"@id\":\"https:\\\/\\\/centrourbano.com\\\/revista\\\/#\\\/schema\\\/logo\\\/image\\\/\",\"url\":\"https:\\\/\\\/centrourbano.com\\\/revista\\\/wp-content\\\/uploads\\\/web_CU_logo-1.png\",\"contentUrl\":\"https:\\\/\\\/centrourbano.com\\\/revista\\\/wp-content\\\/uploads\\\/web_CU_logo-1.png\",\"width\":350,\"height\":91,\"caption\":\"Centro Urbano\"},\"image\":{\"@id\":\"https:\\\/\\\/centrourbano.com\\\/revista\\\/#\\\/schema\\\/logo\\\/image\\\/\"},\"sameAs\":[\"https:\\\/\\\/www.facebook.com\\\/portalcentrourbano\",\"https:\\\/\\\/x.com\\\/CentroUrbano\",\"https:\\\/\\\/www.instagram.com\\\/centro_urbano\\\/\",\"https:\\\/\\\/www.linkedin.com\\\/company\\\/centro-urbano\\\/\",\"http:\\\/\\\/www.youtube.com\\\/user\\\/portalcentrourbano\"]},{\"@type\":\"Person\",\"@id\":\"https:\\\/\\\/centrourbano.com\\\/revista\\\/#\\\/schema\\\/person\\\/b190b20bbbceb41ec72278c546fa8df3\",\"name\":\"Fernanda Hern\u00e1ndez\",\"image\":{\"@type\":\"ImageObject\",\"inLanguage\":\"es\",\"@id\":\"https:\\\/\\\/secure.gravatar.com\\\/avatar\\\/9471831fb0a24eae9d32d826a7cb8ef07c34a41520aca1a0ab1f5c0903ba49b9?s=96&d=mm&r=g\",\"url\":\"https:\\\/\\\/secure.gravatar.com\\\/avatar\\\/9471831fb0a24eae9d32d826a7cb8ef07c34a41520aca1a0ab1f5c0903ba49b9?s=96&d=mm&r=g\",\"contentUrl\":\"https:\\\/\\\/secure.gravatar.com\\\/avatar\\\/9471831fb0a24eae9d32d826a7cb8ef07c34a41520aca1a0ab1f5c0903ba49b9?s=96&d=mm&r=g\",\"caption\":\"Fernanda Hern\u00e1ndez\"},\"description\":\"Reportera y redactora en Centro Urbano. Soy egresada de la licenciatura en Ciencias de la Comunicaci\u00f3n de la Facultad de Ciencias Pol\u00edticas y Sociales (UNAM). Me interesa la cultura, el urbanismo y la arquitectura. Amante del mundo digital, el cine, la m\u00fasica, la lectura y la escritura.\",\"sameAs\":[\"https:\\\/\\\/x.com\\\/https:\\\/\\\/twitter.com\\\/Nannz_Hernandez\"],\"url\":\"https:\\\/\\\/centrourbano.com\\\/revista\\\/author\\\/fernanda-hernandez\\\/\"}]}<\/script>\n<!-- \/ Yoast SEO plugin. -->","yoast_head_json":{"title":"Planificar para las mujeres construye ciudades igualitarias: ONU-Habitat","description":"La agencia se\u00f1al\u00f3 que dar prioridad a las mujeres en el desarrollo urbano es fundamental para que las ciudades sean m\u00e1s inclusivas","robots":{"index":"index","follow":"follow","max-snippet":"max-snippet:-1","max-image-preview":"max-image-preview:large","max-video-preview":"max-video-preview:-1"},"canonical":"https:\/\/centrourbano.com\/revista\/urbanismo\/mujeres-ciudades-igualitarias-onu-habitat\/","og_locale":"es_ES","og_type":"article","og_title":"Planificar para las mujeres construye ciudades igualitarias: ONU-Habitat","og_description":"La agencia se\u00f1al\u00f3 que dar prioridad a las mujeres en el desarrollo urbano es fundamental para que las ciudades sean m\u00e1s inclusivas","og_url":"https:\/\/centrourbano.com\/revista\/urbanismo\/mujeres-ciudades-igualitarias-onu-habitat\/","og_site_name":"Centro Urbano","article_publisher":"https:\/\/www.facebook.com\/portalcentrourbano","article_published_time":"2023-03-08T18:15:27+00:00","article_modified_time":"2023-03-08T18:59:14+00:00","og_image":[{"width":544,"height":522,"url":"https:\/\/centrourbano.com\/revista\/wp-content\/uploads\/Planificar-para-las-mujeres-construye-ciudades-igualitarias-ONU-Habitat.jpg","type":"image\/jpeg"}],"author":"Fernanda Hern\u00e1ndez","twitter_card":"summary_large_image","twitter_creator":"@https:\/\/twitter.com\/Nannz_Hernandez","twitter_site":"@CentroUrbano","twitter_misc":{"Escrito por":"Fernanda Hern\u00e1ndez","Tiempo de lectura":"2 minutos"},"schema":{"@context":"https:\/\/schema.org","@graph":[{"@type":"Article","@id":"https:\/\/centrourbano.com\/revista\/urbanismo\/mujeres-ciudades-igualitarias-onu-habitat\/#article","isPartOf":{"@id":"https:\/\/centrourbano.com\/revista\/urbanismo\/mujeres-ciudades-igualitarias-onu-habitat\/"},"author":{"name":"Fernanda Hern\u00e1ndez","@id":"https:\/\/centrourbano.com\/revista\/#\/schema\/person\/b190b20bbbceb41ec72278c546fa8df3"},"headline":"Planificar para las mujeres construye ciudades igualitarias: ONU-Habitat","datePublished":"2023-03-08T18:15:27+00:00","dateModified":"2023-03-08T18:59:14+00:00","mainEntityOfPage":{"@id":"https:\/\/centrourbano.com\/revista\/urbanismo\/mujeres-ciudades-igualitarias-onu-habitat\/"},"wordCount":382,"commentCount":0,"publisher":{"@id":"https:\/\/centrourbano.com\/revista\/#organization"},"image":{"@id":"https:\/\/centrourbano.com\/revista\/urbanismo\/mujeres-ciudades-igualitarias-onu-habitat\/#primaryimage"},"thumbnailUrl":"https:\/\/centrourbano.com\/revista\/wp-content\/uploads\/Planificar-para-las-mujeres-construye-ciudades-igualitarias-ONU-Habitat.jpg","keywords":["#8M","Desarrollo urbano","D\u00eda Internacional de la Mujer","Mujeres","ONU-Habitat","planeaci\u00f3n urbana"],"articleSection":["Urbanismo"],"inLanguage":"es","potentialAction":[{"@type":"CommentAction","name":"Comment","target":["https:\/\/centrourbano.com\/revista\/urbanismo\/mujeres-ciudades-igualitarias-onu-habitat\/#respond"]}]},{"@type":"WebPage","@id":"https:\/\/centrourbano.com\/revista\/urbanismo\/mujeres-ciudades-igualitarias-onu-habitat\/","url":"https:\/\/centrourbano.com\/revista\/urbanismo\/mujeres-ciudades-igualitarias-onu-habitat\/","name":"Planificar para las mujeres construye ciudades igualitarias: ONU-Habitat","isPartOf":{"@id":"https:\/\/centrourbano.com\/revista\/#website"},"primaryImageOfPage":{"@id":"https:\/\/centrourbano.com\/revista\/urbanismo\/mujeres-ciudades-igualitarias-onu-habitat\/#primaryimage"},"image":{"@id":"https:\/\/centrourbano.com\/revista\/urbanismo\/mujeres-ciudades-igualitarias-onu-habitat\/#primaryimage"},"thumbnailUrl":"https:\/\/centrourbano.com\/revista\/wp-content\/uploads\/Planificar-para-las-mujeres-construye-ciudades-igualitarias-ONU-Habitat.jpg","datePublished":"2023-03-08T18:15:27+00:00","dateModified":"2023-03-08T18:59:14+00:00","description":"La agencia se\u00f1al\u00f3 que dar prioridad a las mujeres en el desarrollo urbano es fundamental para que las ciudades sean m\u00e1s inclusivas","breadcrumb":{"@id":"https:\/\/centrourbano.com\/revista\/urbanismo\/mujeres-ciudades-igualitarias-onu-habitat\/#breadcrumb"},"inLanguage":"es","potentialAction":[{"@type":"ReadAction","target":["https:\/\/centrourbano.com\/revista\/urbanismo\/mujeres-ciudades-igualitarias-onu-habitat\/"]}]},{"@type":"ImageObject","inLanguage":"es","@id":"https:\/\/centrourbano.com\/revista\/urbanismo\/mujeres-ciudades-igualitarias-onu-habitat\/#primaryimage","url":"https:\/\/centrourbano.com\/revista\/wp-content\/uploads\/Planificar-para-las-mujeres-construye-ciudades-igualitarias-ONU-Habitat.jpg","contentUrl":"https:\/\/centrourbano.com\/revista\/wp-content\/uploads\/Planificar-para-las-mujeres-construye-ciudades-igualitarias-ONU-Habitat.jpg","width":544,"height":522,"caption":"La agencia se\u00f1al\u00f3 que dar prioridad a las mujeres en el desarrollo urbano es fundamental para que las ciudades sean m\u00e1s inclusivas y sostenibles"},{"@type":"BreadcrumbList","@id":"https:\/\/centrourbano.com\/revista\/urbanismo\/mujeres-ciudades-igualitarias-onu-habitat\/#breadcrumb","itemListElement":[{"@type":"ListItem","position":1,"name":"Portada","item":"https:\/\/centrourbano.com\/revista\/"},{"@type":"ListItem","position":2,"name":"Planificar para las mujeres construye ciudades igualitarias: ONU-Habitat"}]},{"@type":"WebSite","@id":"https:\/\/centrourbano.com\/revista\/#website","url":"https:\/\/centrourbano.com\/revista\/","name":"Centro Urbano","description":"Medio especializado en los sectores vivienda, inmobiliario, construcci\u00f3n, arquitectura y urbanismo.","publisher":{"@id":"https:\/\/centrourbano.com\/revista\/#organization"},"potentialAction":[{"@type":"SearchAction","target":{"@type":"EntryPoint","urlTemplate":"https:\/\/centrourbano.com\/revista\/?s={search_term_string}"},"query-input":{"@type":"PropertyValueSpecification","valueRequired":true,"valueName":"search_term_string"}}],"inLanguage":"es"},{"@type":"Organization","@id":"https:\/\/centrourbano.com\/revista\/#organization","name":"Centro Urbano","url":"https:\/\/centrourbano.com\/revista\/","logo":{"@type":"ImageObject","inLanguage":"es","@id":"https:\/\/centrourbano.com\/revista\/#\/schema\/logo\/image\/","url":"https:\/\/centrourbano.com\/revista\/wp-content\/uploads\/web_CU_logo-1.png","contentUrl":"https:\/\/centrourbano.com\/revista\/wp-content\/uploads\/web_CU_logo-1.png","width":350,"height":91,"caption":"Centro Urbano"},"image":{"@id":"https:\/\/centrourbano.com\/revista\/#\/schema\/logo\/image\/"},"sameAs":["https:\/\/www.facebook.com\/portalcentrourbano","https:\/\/x.com\/CentroUrbano","https:\/\/www.instagram.com\/centro_urbano\/","https:\/\/www.linkedin.com\/company\/centro-urbano\/","http:\/\/www.youtube.com\/user\/portalcentrourbano"]},{"@type":"Person","@id":"https:\/\/centrourbano.com\/revista\/#\/schema\/person\/b190b20bbbceb41ec72278c546fa8df3","name":"Fernanda Hern\u00e1ndez","image":{"@type":"ImageObject","inLanguage":"es","@id":"https:\/\/secure.gravatar.com\/avatar\/9471831fb0a24eae9d32d826a7cb8ef07c34a41520aca1a0ab1f5c0903ba49b9?s=96&d=mm&r=g","url":"https:\/\/secure.gravatar.com\/avatar\/9471831fb0a24eae9d32d826a7cb8ef07c34a41520aca1a0ab1f5c0903ba49b9?s=96&d=mm&r=g","contentUrl":"https:\/\/secure.gravatar.com\/avatar\/9471831fb0a24eae9d32d826a7cb8ef07c34a41520aca1a0ab1f5c0903ba49b9?s=96&d=mm&r=g","caption":"Fernanda Hern\u00e1ndez"},"description":"Reportera y redactora en Centro Urbano. Soy egresada de la licenciatura en Ciencias de la Comunicaci\u00f3n de la Facultad de Ciencias Pol\u00edticas y Sociales (UNAM). Me interesa la cultura, el urbanismo y la arquitectura. Amante del mundo digital, el cine, la m\u00fasica, la lectura y la escritura.","sameAs":["https:\/\/x.com\/https:\/\/twitter.com\/Nannz_Hernandez"],"url":"https:\/\/centrourbano.com\/revista\/author\/fernanda-hernandez\/"}]}},"_links":{"self":[{"href":"https:\/\/centrourbano.com\/revista\/wp-json\/wp\/v2\/posts\/138457","targetHints":{"allow":["GET"]}}],"collection":[{"href":"https:\/\/centrourbano.com\/revista\/wp-json\/wp\/v2\/posts"}],"about":[{"href":"https:\/\/centrourbano.com\/revista\/wp-json\/wp\/v2\/types\/post"}],"author":[{"embeddable":true,"href":"https:\/\/centrourbano.com\/revista\/wp-json\/wp\/v2\/users\/73"}],"replies":[{"embeddable":true,"href":"https:\/\/centrourbano.com\/revista\/wp-json\/wp\/v2\/comments?post=138457"}],"version-history":[{"count":2,"href":"https:\/\/centrourbano.com\/revista\/wp-json\/wp\/v2\/posts\/138457\/revisions"}],"predecessor-version":[{"id":138473,"href":"https:\/\/centrourbano.com\/revista\/wp-json\/wp\/v2\/posts\/138457\/revisions\/138473"}],"wp:featuredmedia":[{"embeddable":true,"href":"https:\/\/centrourbano.com\/revista\/wp-json\/wp\/v2\/media\/138458"}],"wp:attachment":[{"href":"https:\/\/centrourbano.com\/revista\/wp-json\/wp\/v2\/media?parent=138457"}],"wp:term":[{"taxonomy":"category","embeddable":true,"href":"https:\/\/centrourbano.com\/revista\/wp-json\/wp\/v2\/categories?post=138457"},{"taxonomy":"post_tag","embeddable":true,"href":"https:\/\/centrourbano.com\/revista\/wp-json\/wp\/v2\/tags?post=138457"}],"curies":[{"name":"wp","href":"https:\/\/api.w.org\/{rel}","templated":true}]}}