{"id":138405,"date":"2023-03-06T19:25:34","date_gmt":"2023-03-07T01:25:34","guid":{"rendered":"https:\/\/centrourbano.com\/?p=138405"},"modified":"2023-03-08T19:01:12","modified_gmt":"2023-03-09T01:01:12","slug":"la-industria-de-la-vivienda-ya-no-es-solo-para-hombres","status":"publish","type":"post","link":"https:\/\/centrourbano.com\/revista\/opinion\/en-voz-de-las-mujeres\/la-industria-de-la-vivienda-ya-no-es-solo-para-hombres\/","title":{"rendered":"La industria de la vivienda ya no es s\u00f3lo para hombres"},"content":{"rendered":"<p><em>Por Eva Viveros Rodr\u00edguez*<\/em><!--more--><\/p>\n<p>Sin duda hemos avanzado mucho en la inclusi\u00f3n del g\u00e9nero femenino en la industria de la construcci\u00f3n en M\u00e9xico, que de origen era pensado para los \u201chombres\u201d dec\u00edan\u2026 cuando yo era joven.<\/p>\n<p>Un ramo &#8216;rudo&#8217; si pensamos en la obra y donde vemos hoy d\u00eda mujeres haciendo los mismos trabajos que los hombres: cargando materiales, limpiando casas (y debo decir que mejor), trabajando alba\u00f1iler\u00edas, etc.<\/p>\n<p>Igual ya vemos un mayor n\u00famero de ejecutivas en puestos de jefaturas, gerencias o direcciones dentro de las empresas desarrolladoras de vivienda y eso da mucho gusto, porque habla de un pa\u00eds que se abre a las nuevas aportaciones de nuestro g\u00e9nero, donde adem\u00e1s solemos ser muy competitivas, pues varias mujeres venimos de una generaci\u00f3n que se ten\u00eda que retar cada d\u00eda para ser valorada con equidad con el g\u00e9nero masculino y sin dejar de lado que hay que combinar las labores de ser madre, esposa o hijas responsables, lo que se dir\u00eda hoy como mujer <em>\u201cMULTITASK\u201d<\/em>.<\/p>\n<p>Las oportunidades ya est\u00e1n, como mujeres tengamos el valor de tomar los retos, de postularnos a nuevas posiciones, de atrevernos a dar ideas, a aportar an\u00e1lisis de la informaci\u00f3n que ayuden al sector vivienda a seguir adelante, a ser m\u00e1s innovador y sustentable, que no es sencillo, pues cambia constantemente y que las mujeres tambi\u00e9n aportamos de forma m\u00e1s relevante a que cada vez m\u00e1s familias mexicanas tengan un patrimonio que les genere felicidad y valor en el tiempo.<\/p>\n<p>Invito a todas las mujeres a quitarnos los prejuicios que a veces tenemos, no s\u00f3lo por el g\u00e9nero masculino, sino ir\u00f3nicamente por nosotras mismas contra otras mujeres, de ah\u00ed que debemos ser incluyentes y adem\u00e1s responsabilizarnos por ayudar a crecer a las otras que vienen atr\u00e1s.<\/p>\n<p>Tengamos el valor de ser mujer y darlo a notar trabajando con pasi\u00f3n en lo que nos guste desempe\u00f1ar, sin importar las opiniones en contra y vi\u00e9ndolas como un reto m\u00e1s a vencer, que sin duda nos pondr\u00e1n en una posici\u00f3n mejor cada d\u00eda.<\/p>\n<p><!--more--><\/p>\n<p style=\"text-align: right;\">Eva Viveros Rodr\u00edguez<br \/>\nDirectora Regional en Hidalgo de Vinte<\/p>\n","protected":false},"excerpt":{"rendered":"<p>Por Eva Viveros Rodr\u00edguez*<\/p>\n","protected":false},"author":79,"featured_media":138503,"comment_status":"open","ping_status":"closed","sticky":false,"template":"","format":"standard","meta":{"om_disable_all_campaigns":false,"inline_featured_image":false,"_monsterinsights_skip_tracking":false,"_monsterinsights_sitenote_active":false,"_monsterinsights_sitenote_note":"","_monsterinsights_sitenote_category":0,"footnotes":""},"categories":[242,22736,5,12],"tags":[22585,22740,22769,22768,60],"class_list":["post-138405","post","type-post","status-publish","format-standard","has-post-thumbnail","hentry","category-blog-de-invitado","category-en-voz-de-las-mujeres","category-opinion","category-vivienda","tag-en-la-opinion-de","tag-en-voz-de-las-mujeres","tag-eva-viveros-rodriguez","tag-vinte-hidalgo","tag-vivienda-2"],"yoast_head":"<!-- This site is optimized with the Yoast SEO plugin v27.4 - https:\/\/yoast.com\/product\/yoast-seo-wordpress\/ -->\n<title>La industria de la vivienda ya no es s\u00f3lo para hombres<\/title>\n<meta name=\"description\" content=\"La industria de la construcci\u00f3n en M\u00e9xico era vista como un trabajo solo para hombres, pero se ha avanzado en la inclusi\u00f3n del g\u00e9nero femenino\" \/>\n<meta name=\"robots\" content=\"index, follow, max-snippet:-1, max-image-preview:large, max-video-preview:-1\" \/>\n<link rel=\"canonical\" href=\"https:\/\/centrourbano.com\/revista\/opinion\/en-voz-de-las-mujeres\/la-industria-de-la-vivienda-ya-no-es-solo-para-hombres\/\" \/>\n<meta property=\"og:locale\" content=\"es_ES\" \/>\n<meta property=\"og:type\" content=\"article\" \/>\n<meta property=\"og:title\" content=\"La industria de la vivienda ya no es s\u00f3lo para hombres\" \/>\n<meta property=\"og:description\" content=\"La industria de la construcci\u00f3n en M\u00e9xico era vista como un trabajo solo para hombres, pero se ha avanzado en la inclusi\u00f3n del g\u00e9nero femenino\" \/>\n<meta property=\"og:url\" content=\"https:\/\/centrourbano.com\/revista\/opinion\/en-voz-de-las-mujeres\/la-industria-de-la-vivienda-ya-no-es-solo-para-hombres\/\" \/>\n<meta property=\"og:site_name\" content=\"Centro Urbano\" \/>\n<meta property=\"article:publisher\" content=\"https:\/\/www.facebook.com\/portalcentrourbano\" \/>\n<meta property=\"article:published_time\" content=\"2023-03-07T01:25:34+00:00\" \/>\n<meta property=\"article:modified_time\" content=\"2023-03-09T01:01:12+00:00\" \/>\n<meta property=\"og:image\" content=\"https:\/\/centrourbano.com\/revista\/wp-content\/uploads\/Eva.jpg\" \/>\n\t<meta property=\"og:image:width\" content=\"702\" \/>\n\t<meta property=\"og:image:height\" content=\"702\" \/>\n\t<meta property=\"og:image:type\" content=\"image\/jpeg\" \/>\n<meta name=\"author\" content=\"Columnista invitado\" \/>\n<meta name=\"twitter:card\" content=\"summary_large_image\" \/>\n<meta name=\"twitter:creator\" content=\"@CentroUrbano\" \/>\n<meta name=\"twitter:site\" content=\"@CentroUrbano\" \/>\n<meta name=\"twitter:label1\" content=\"Escrito por\" \/>\n\t<meta name=\"twitter:data1\" content=\"Columnista invitado\" \/>\n\t<meta name=\"twitter:label2\" content=\"Tiempo de lectura\" \/>\n\t<meta name=\"twitter:data2\" content=\"2 minutos\" \/>\n<script type=\"application\/ld+json\" class=\"yoast-schema-graph\">{\"@context\":\"https:\\\/\\\/schema.org\",\"@graph\":[{\"@type\":\"Article\",\"@id\":\"https:\\\/\\\/centrourbano.com\\\/revista\\\/opinion\\\/en-voz-de-las-mujeres\\\/la-industria-de-la-vivienda-ya-no-es-solo-para-hombres\\\/#article\",\"isPartOf\":{\"@id\":\"https:\\\/\\\/centrourbano.com\\\/revista\\\/opinion\\\/en-voz-de-las-mujeres\\\/la-industria-de-la-vivienda-ya-no-es-solo-para-hombres\\\/\"},\"author\":{\"name\":\"Columnista invitado\",\"@id\":\"https:\\\/\\\/centrourbano.com\\\/revista\\\/#\\\/schema\\\/person\\\/e6418535cf1773eb361a8547aef500f5\"},\"headline\":\"La industria de la vivienda ya no es s\u00f3lo para hombres\",\"datePublished\":\"2023-03-07T01:25:34+00:00\",\"dateModified\":\"2023-03-09T01:01:12+00:00\",\"mainEntityOfPage\":{\"@id\":\"https:\\\/\\\/centrourbano.com\\\/revista\\\/opinion\\\/en-voz-de-las-mujeres\\\/la-industria-de-la-vivienda-ya-no-es-solo-para-hombres\\\/\"},\"wordCount\":394,\"commentCount\":0,\"publisher\":{\"@id\":\"https:\\\/\\\/centrourbano.com\\\/revista\\\/#organization\"},\"image\":{\"@id\":\"https:\\\/\\\/centrourbano.com\\\/revista\\\/opinion\\\/en-voz-de-las-mujeres\\\/la-industria-de-la-vivienda-ya-no-es-solo-para-hombres\\\/#primaryimage\"},\"thumbnailUrl\":\"https:\\\/\\\/centrourbano.com\\\/revista\\\/wp-content\\\/uploads\\\/Eva.jpg\",\"keywords\":[\"En la opini\u00f3n de\",\"En voz de las mujeres\",\"Eva Viveros Rodr\u00edguez\",\"Vinte Hidalgo\",\"vivienda\"],\"articleSection\":[\"En la opini\u00f3n de\",\"En Voz de las Mujeres\",\"Opini\u00f3n\",\"Vivienda\"],\"inLanguage\":\"es\",\"potentialAction\":[{\"@type\":\"CommentAction\",\"name\":\"Comment\",\"target\":[\"https:\\\/\\\/centrourbano.com\\\/revista\\\/opinion\\\/en-voz-de-las-mujeres\\\/la-industria-de-la-vivienda-ya-no-es-solo-para-hombres\\\/#respond\"]}]},{\"@type\":\"WebPage\",\"@id\":\"https:\\\/\\\/centrourbano.com\\\/revista\\\/opinion\\\/en-voz-de-las-mujeres\\\/la-industria-de-la-vivienda-ya-no-es-solo-para-hombres\\\/\",\"url\":\"https:\\\/\\\/centrourbano.com\\\/revista\\\/opinion\\\/en-voz-de-las-mujeres\\\/la-industria-de-la-vivienda-ya-no-es-solo-para-hombres\\\/\",\"name\":\"La industria de la vivienda ya no es s\u00f3lo para hombres\",\"isPartOf\":{\"@id\":\"https:\\\/\\\/centrourbano.com\\\/revista\\\/#website\"},\"primaryImageOfPage\":{\"@id\":\"https:\\\/\\\/centrourbano.com\\\/revista\\\/opinion\\\/en-voz-de-las-mujeres\\\/la-industria-de-la-vivienda-ya-no-es-solo-para-hombres\\\/#primaryimage\"},\"image\":{\"@id\":\"https:\\\/\\\/centrourbano.com\\\/revista\\\/opinion\\\/en-voz-de-las-mujeres\\\/la-industria-de-la-vivienda-ya-no-es-solo-para-hombres\\\/#primaryimage\"},\"thumbnailUrl\":\"https:\\\/\\\/centrourbano.com\\\/revista\\\/wp-content\\\/uploads\\\/Eva.jpg\",\"datePublished\":\"2023-03-07T01:25:34+00:00\",\"dateModified\":\"2023-03-09T01:01:12+00:00\",\"description\":\"La industria de la construcci\u00f3n en M\u00e9xico era vista como un trabajo solo para hombres, pero se ha avanzado en la inclusi\u00f3n del g\u00e9nero femenino\",\"breadcrumb\":{\"@id\":\"https:\\\/\\\/centrourbano.com\\\/revista\\\/opinion\\\/en-voz-de-las-mujeres\\\/la-industria-de-la-vivienda-ya-no-es-solo-para-hombres\\\/#breadcrumb\"},\"inLanguage\":\"es\",\"potentialAction\":[{\"@type\":\"ReadAction\",\"target\":[\"https:\\\/\\\/centrourbano.com\\\/revista\\\/opinion\\\/en-voz-de-las-mujeres\\\/la-industria-de-la-vivienda-ya-no-es-solo-para-hombres\\\/\"]}]},{\"@type\":\"ImageObject\",\"inLanguage\":\"es\",\"@id\":\"https:\\\/\\\/centrourbano.com\\\/revista\\\/opinion\\\/en-voz-de-las-mujeres\\\/la-industria-de-la-vivienda-ya-no-es-solo-para-hombres\\\/#primaryimage\",\"url\":\"https:\\\/\\\/centrourbano.com\\\/revista\\\/wp-content\\\/uploads\\\/Eva.jpg\",\"contentUrl\":\"https:\\\/\\\/centrourbano.com\\\/revista\\\/wp-content\\\/uploads\\\/Eva.jpg\",\"width\":702,\"height\":702,\"caption\":\"La industria de la vivienda ya no es s\u00f3lo para hombres\"},{\"@type\":\"BreadcrumbList\",\"@id\":\"https:\\\/\\\/centrourbano.com\\\/revista\\\/opinion\\\/en-voz-de-las-mujeres\\\/la-industria-de-la-vivienda-ya-no-es-solo-para-hombres\\\/#breadcrumb\",\"itemListElement\":[{\"@type\":\"ListItem\",\"position\":1,\"name\":\"Portada\",\"item\":\"https:\\\/\\\/centrourbano.com\\\/revista\\\/\"},{\"@type\":\"ListItem\",\"position\":2,\"name\":\"La industria de la vivienda ya no es s\u00f3lo para hombres\"}]},{\"@type\":\"WebSite\",\"@id\":\"https:\\\/\\\/centrourbano.com\\\/revista\\\/#website\",\"url\":\"https:\\\/\\\/centrourbano.com\\\/revista\\\/\",\"name\":\"Centro Urbano\",\"description\":\"Medio especializado en los sectores vivienda, inmobiliario, construcci\u00f3n, arquitectura y urbanismo.\",\"publisher\":{\"@id\":\"https:\\\/\\\/centrourbano.com\\\/revista\\\/#organization\"},\"potentialAction\":[{\"@type\":\"SearchAction\",\"target\":{\"@type\":\"EntryPoint\",\"urlTemplate\":\"https:\\\/\\\/centrourbano.com\\\/revista\\\/?s={search_term_string}\"},\"query-input\":{\"@type\":\"PropertyValueSpecification\",\"valueRequired\":true,\"valueName\":\"search_term_string\"}}],\"inLanguage\":\"es\"},{\"@type\":\"Organization\",\"@id\":\"https:\\\/\\\/centrourbano.com\\\/revista\\\/#organization\",\"name\":\"Centro Urbano\",\"url\":\"https:\\\/\\\/centrourbano.com\\\/revista\\\/\",\"logo\":{\"@type\":\"ImageObject\",\"inLanguage\":\"es\",\"@id\":\"https:\\\/\\\/centrourbano.com\\\/revista\\\/#\\\/schema\\\/logo\\\/image\\\/\",\"url\":\"https:\\\/\\\/centrourbano.com\\\/revista\\\/wp-content\\\/uploads\\\/web_CU_logo-1.png\",\"contentUrl\":\"https:\\\/\\\/centrourbano.com\\\/revista\\\/wp-content\\\/uploads\\\/web_CU_logo-1.png\",\"width\":350,\"height\":91,\"caption\":\"Centro Urbano\"},\"image\":{\"@id\":\"https:\\\/\\\/centrourbano.com\\\/revista\\\/#\\\/schema\\\/logo\\\/image\\\/\"},\"sameAs\":[\"https:\\\/\\\/www.facebook.com\\\/portalcentrourbano\",\"https:\\\/\\\/x.com\\\/CentroUrbano\",\"https:\\\/\\\/www.instagram.com\\\/centro_urbano\\\/\",\"https:\\\/\\\/www.linkedin.com\\\/company\\\/centro-urbano\\\/\",\"http:\\\/\\\/www.youtube.com\\\/user\\\/portalcentrourbano\"]},{\"@type\":\"Person\",\"@id\":\"https:\\\/\\\/centrourbano.com\\\/revista\\\/#\\\/schema\\\/person\\\/e6418535cf1773eb361a8547aef500f5\",\"name\":\"Columnista invitado\",\"image\":{\"@type\":\"ImageObject\",\"inLanguage\":\"es\",\"@id\":\"https:\\\/\\\/secure.gravatar.com\\\/avatar\\\/28ad1e0627b854b5cf28ba6c846a14c308bb67d33df98f6677cc46fe92222ece?s=96&d=mm&r=g\",\"url\":\"https:\\\/\\\/secure.gravatar.com\\\/avatar\\\/28ad1e0627b854b5cf28ba6c846a14c308bb67d33df98f6677cc46fe92222ece?s=96&d=mm&r=g\",\"contentUrl\":\"https:\\\/\\\/secure.gravatar.com\\\/avatar\\\/28ad1e0627b854b5cf28ba6c846a14c308bb67d33df98f6677cc46fe92222ece?s=96&d=mm&r=g\",\"caption\":\"Columnista invitado\"},\"url\":\"https:\\\/\\\/centrourbano.com\\\/revista\\\/author\\\/columnista-invitado\\\/\"}]}<\/script>\n<!-- \/ Yoast SEO plugin. -->","yoast_head_json":{"title":"La industria de la vivienda ya no es s\u00f3lo para hombres","description":"La industria de la construcci\u00f3n en M\u00e9xico era vista como un trabajo solo para hombres, pero se ha avanzado en la inclusi\u00f3n del g\u00e9nero femenino","robots":{"index":"index","follow":"follow","max-snippet":"max-snippet:-1","max-image-preview":"max-image-preview:large","max-video-preview":"max-video-preview:-1"},"canonical":"https:\/\/centrourbano.com\/revista\/opinion\/en-voz-de-las-mujeres\/la-industria-de-la-vivienda-ya-no-es-solo-para-hombres\/","og_locale":"es_ES","og_type":"article","og_title":"La industria de la vivienda ya no es s\u00f3lo para hombres","og_description":"La industria de la construcci\u00f3n en M\u00e9xico era vista como un trabajo solo para hombres, pero se ha avanzado en la inclusi\u00f3n del g\u00e9nero femenino","og_url":"https:\/\/centrourbano.com\/revista\/opinion\/en-voz-de-las-mujeres\/la-industria-de-la-vivienda-ya-no-es-solo-para-hombres\/","og_site_name":"Centro Urbano","article_publisher":"https:\/\/www.facebook.com\/portalcentrourbano","article_published_time":"2023-03-07T01:25:34+00:00","article_modified_time":"2023-03-09T01:01:12+00:00","og_image":[{"width":702,"height":702,"url":"https:\/\/centrourbano.com\/revista\/wp-content\/uploads\/Eva.jpg","type":"image\/jpeg"}],"author":"Columnista invitado","twitter_card":"summary_large_image","twitter_creator":"@CentroUrbano","twitter_site":"@CentroUrbano","twitter_misc":{"Escrito por":"Columnista invitado","Tiempo de lectura":"2 minutos"},"schema":{"@context":"https:\/\/schema.org","@graph":[{"@type":"Article","@id":"https:\/\/centrourbano.com\/revista\/opinion\/en-voz-de-las-mujeres\/la-industria-de-la-vivienda-ya-no-es-solo-para-hombres\/#article","isPartOf":{"@id":"https:\/\/centrourbano.com\/revista\/opinion\/en-voz-de-las-mujeres\/la-industria-de-la-vivienda-ya-no-es-solo-para-hombres\/"},"author":{"name":"Columnista invitado","@id":"https:\/\/centrourbano.com\/revista\/#\/schema\/person\/e6418535cf1773eb361a8547aef500f5"},"headline":"La industria de la vivienda ya no es s\u00f3lo para hombres","datePublished":"2023-03-07T01:25:34+00:00","dateModified":"2023-03-09T01:01:12+00:00","mainEntityOfPage":{"@id":"https:\/\/centrourbano.com\/revista\/opinion\/en-voz-de-las-mujeres\/la-industria-de-la-vivienda-ya-no-es-solo-para-hombres\/"},"wordCount":394,"commentCount":0,"publisher":{"@id":"https:\/\/centrourbano.com\/revista\/#organization"},"image":{"@id":"https:\/\/centrourbano.com\/revista\/opinion\/en-voz-de-las-mujeres\/la-industria-de-la-vivienda-ya-no-es-solo-para-hombres\/#primaryimage"},"thumbnailUrl":"https:\/\/centrourbano.com\/revista\/wp-content\/uploads\/Eva.jpg","keywords":["En la opini\u00f3n de","En voz de las mujeres","Eva Viveros Rodr\u00edguez","Vinte Hidalgo","vivienda"],"articleSection":["En la opini\u00f3n de","En Voz de las Mujeres","Opini\u00f3n","Vivienda"],"inLanguage":"es","potentialAction":[{"@type":"CommentAction","name":"Comment","target":["https:\/\/centrourbano.com\/revista\/opinion\/en-voz-de-las-mujeres\/la-industria-de-la-vivienda-ya-no-es-solo-para-hombres\/#respond"]}]},{"@type":"WebPage","@id":"https:\/\/centrourbano.com\/revista\/opinion\/en-voz-de-las-mujeres\/la-industria-de-la-vivienda-ya-no-es-solo-para-hombres\/","url":"https:\/\/centrourbano.com\/revista\/opinion\/en-voz-de-las-mujeres\/la-industria-de-la-vivienda-ya-no-es-solo-para-hombres\/","name":"La industria de la vivienda ya no es s\u00f3lo para hombres","isPartOf":{"@id":"https:\/\/centrourbano.com\/revista\/#website"},"primaryImageOfPage":{"@id":"https:\/\/centrourbano.com\/revista\/opinion\/en-voz-de-las-mujeres\/la-industria-de-la-vivienda-ya-no-es-solo-para-hombres\/#primaryimage"},"image":{"@id":"https:\/\/centrourbano.com\/revista\/opinion\/en-voz-de-las-mujeres\/la-industria-de-la-vivienda-ya-no-es-solo-para-hombres\/#primaryimage"},"thumbnailUrl":"https:\/\/centrourbano.com\/revista\/wp-content\/uploads\/Eva.jpg","datePublished":"2023-03-07T01:25:34+00:00","dateModified":"2023-03-09T01:01:12+00:00","description":"La industria de la construcci\u00f3n en M\u00e9xico era vista como un trabajo solo para hombres, pero se ha avanzado en la inclusi\u00f3n del g\u00e9nero femenino","breadcrumb":{"@id":"https:\/\/centrourbano.com\/revista\/opinion\/en-voz-de-las-mujeres\/la-industria-de-la-vivienda-ya-no-es-solo-para-hombres\/#breadcrumb"},"inLanguage":"es","potentialAction":[{"@type":"ReadAction","target":["https:\/\/centrourbano.com\/revista\/opinion\/en-voz-de-las-mujeres\/la-industria-de-la-vivienda-ya-no-es-solo-para-hombres\/"]}]},{"@type":"ImageObject","inLanguage":"es","@id":"https:\/\/centrourbano.com\/revista\/opinion\/en-voz-de-las-mujeres\/la-industria-de-la-vivienda-ya-no-es-solo-para-hombres\/#primaryimage","url":"https:\/\/centrourbano.com\/revista\/wp-content\/uploads\/Eva.jpg","contentUrl":"https:\/\/centrourbano.com\/revista\/wp-content\/uploads\/Eva.jpg","width":702,"height":702,"caption":"La industria de la vivienda ya no es s\u00f3lo para hombres"},{"@type":"BreadcrumbList","@id":"https:\/\/centrourbano.com\/revista\/opinion\/en-voz-de-las-mujeres\/la-industria-de-la-vivienda-ya-no-es-solo-para-hombres\/#breadcrumb","itemListElement":[{"@type":"ListItem","position":1,"name":"Portada","item":"https:\/\/centrourbano.com\/revista\/"},{"@type":"ListItem","position":2,"name":"La industria de la vivienda ya no es s\u00f3lo para hombres"}]},{"@type":"WebSite","@id":"https:\/\/centrourbano.com\/revista\/#website","url":"https:\/\/centrourbano.com\/revista\/","name":"Centro Urbano","description":"Medio especializado en los sectores vivienda, inmobiliario, construcci\u00f3n, arquitectura y urbanismo.","publisher":{"@id":"https:\/\/centrourbano.com\/revista\/#organization"},"potentialAction":[{"@type":"SearchAction","target":{"@type":"EntryPoint","urlTemplate":"https:\/\/centrourbano.com\/revista\/?s={search_term_string}"},"query-input":{"@type":"PropertyValueSpecification","valueRequired":true,"valueName":"search_term_string"}}],"inLanguage":"es"},{"@type":"Organization","@id":"https:\/\/centrourbano.com\/revista\/#organization","name":"Centro Urbano","url":"https:\/\/centrourbano.com\/revista\/","logo":{"@type":"ImageObject","inLanguage":"es","@id":"https:\/\/centrourbano.com\/revista\/#\/schema\/logo\/image\/","url":"https:\/\/centrourbano.com\/revista\/wp-content\/uploads\/web_CU_logo-1.png","contentUrl":"https:\/\/centrourbano.com\/revista\/wp-content\/uploads\/web_CU_logo-1.png","width":350,"height":91,"caption":"Centro Urbano"},"image":{"@id":"https:\/\/centrourbano.com\/revista\/#\/schema\/logo\/image\/"},"sameAs":["https:\/\/www.facebook.com\/portalcentrourbano","https:\/\/x.com\/CentroUrbano","https:\/\/www.instagram.com\/centro_urbano\/","https:\/\/www.linkedin.com\/company\/centro-urbano\/","http:\/\/www.youtube.com\/user\/portalcentrourbano"]},{"@type":"Person","@id":"https:\/\/centrourbano.com\/revista\/#\/schema\/person\/e6418535cf1773eb361a8547aef500f5","name":"Columnista invitado","image":{"@type":"ImageObject","inLanguage":"es","@id":"https:\/\/secure.gravatar.com\/avatar\/28ad1e0627b854b5cf28ba6c846a14c308bb67d33df98f6677cc46fe92222ece?s=96&d=mm&r=g","url":"https:\/\/secure.gravatar.com\/avatar\/28ad1e0627b854b5cf28ba6c846a14c308bb67d33df98f6677cc46fe92222ece?s=96&d=mm&r=g","contentUrl":"https:\/\/secure.gravatar.com\/avatar\/28ad1e0627b854b5cf28ba6c846a14c308bb67d33df98f6677cc46fe92222ece?s=96&d=mm&r=g","caption":"Columnista invitado"},"url":"https:\/\/centrourbano.com\/revista\/author\/columnista-invitado\/"}]}},"_links":{"self":[{"href":"https:\/\/centrourbano.com\/revista\/wp-json\/wp\/v2\/posts\/138405","targetHints":{"allow":["GET"]}}],"collection":[{"href":"https:\/\/centrourbano.com\/revista\/wp-json\/wp\/v2\/posts"}],"about":[{"href":"https:\/\/centrourbano.com\/revista\/wp-json\/wp\/v2\/types\/post"}],"author":[{"embeddable":true,"href":"https:\/\/centrourbano.com\/revista\/wp-json\/wp\/v2\/users\/79"}],"replies":[{"embeddable":true,"href":"https:\/\/centrourbano.com\/revista\/wp-json\/wp\/v2\/comments?post=138405"}],"version-history":[{"count":1,"href":"https:\/\/centrourbano.com\/revista\/wp-json\/wp\/v2\/posts\/138405\/revisions"}],"predecessor-version":[{"id":138407,"href":"https:\/\/centrourbano.com\/revista\/wp-json\/wp\/v2\/posts\/138405\/revisions\/138407"}],"wp:featuredmedia":[{"embeddable":true,"href":"https:\/\/centrourbano.com\/revista\/wp-json\/wp\/v2\/media\/138503"}],"wp:attachment":[{"href":"https:\/\/centrourbano.com\/revista\/wp-json\/wp\/v2\/media?parent=138405"}],"wp:term":[{"taxonomy":"category","embeddable":true,"href":"https:\/\/centrourbano.com\/revista\/wp-json\/wp\/v2\/categories?post=138405"},{"taxonomy":"post_tag","embeddable":true,"href":"https:\/\/centrourbano.com\/revista\/wp-json\/wp\/v2\/tags?post=138405"}],"curies":[{"name":"wp","href":"https:\/\/api.w.org\/{rel}","templated":true}]}}