{"id":137966,"date":"2023-02-20T15:29:54","date_gmt":"2023-02-20T21:29:54","guid":{"rendered":"https:\/\/centrourbano.com\/?p=137966"},"modified":"2023-02-20T15:29:54","modified_gmt":"2023-02-20T21:29:54","slug":"central-fotovoltaica-puerto-penasco-para-el-desarrollo-de-sonora-amlo","status":"publish","type":"post","link":"https:\/\/centrourbano.com\/revista\/urbanismo\/central-fotovoltaica-puerto-penasco-para-el-desarrollo-de-sonora-amlo\/","title":{"rendered":"Central Fotovoltaica Puerto Pe\u00f1asco para el desarrollo de Sonora: AMLO"},"content":{"rendered":"<p><span style=\"font-weight: 400;\"><em>La primera fase de la<\/em> Central Fotovoltaica Puerto Pe\u00f1asco aportar\u00e1 los primeros 120 megawatts generados y 12 megawatts adicionales con bater\u00edas<\/span><!--more--><\/p>\n<p><span style=\"font-weight: 400;\">Para impulsar el uso de energ\u00edas limpias en el pa\u00eds, Andr\u00e9s Manuel L\u00f3pez Obrador, presidente de M\u00e9xico, inaugur\u00f3 la primera etapa de la Central Fotovoltaica Puerto Pe\u00f1asco en Sonora. El Gobierno Federal estima que esta obra beneficiar\u00e1 a diez localidades de dos estados del norte del pa\u00eds.<\/span><\/p>\n<p><span style=\"font-weight: 400;\">La planta contar\u00e1 con 2,000 hect\u00e1reas de extensi\u00f3n y la generaci\u00f3n de 1,000 megawatts y 192 bater\u00edas; raz\u00f3n por la cual la Central Fotovoltaica ser\u00e1 la primera en su tipo en M\u00e9xico. Adem\u00e1s, ser\u00e1 la m\u00e1s grande de toda Am\u00e9rica y la quinta a nivel mundial.<\/span><\/p>\n<p><span style=\"font-weight: 400;\">La actual administraci\u00f3n federal estima que la Central en Puerto Pe\u00f1asco beneficie a 1.6 millones de habitantes en las localidades Puerto Pe\u00f1asco, Caborca, Pitiquito, Altar, Sonoyta y San Luis R\u00edo Colorado, del estado de Sonora; asimismo alimentar\u00e1 a Ensenada, Tecate, Tijuana y Mexicali en Baja California.<\/span><\/p>\n<p><span style=\"font-weight: 400;\">Durante la ceremonia de inauguraci\u00f3n, L\u00f3pez Obrador indic\u00f3 que la Central Fotovoltaica Puerto Pe\u00f1asco propiciar\u00e1 el desarrollo en Sonora.<\/span><\/p>\n<blockquote><p><span style=\"font-weight: 400;\">\u201cLa inauguraci\u00f3n de esta planta es fundamental porque se trata (\u2026) de energ\u00edas limpias para el desarrollo futuro de Sonora y del norte del continente para el impulso, la promoci\u00f3n a la industria. (\u2026) Significa el inicio de una nueva pol\u00edtica, tanto en la <a href=\"https:\/\/www.cfe.mx\/Pages\/default.aspx\" target=\"_blank\" rel=\"noopener\">Comisi\u00f3n Federal de Electricidad<\/a>, como en el gobierno de nuestro pa\u00eds\u201d, coment\u00f3.<\/span><\/p><\/blockquote>\n<h2><span style=\"font-weight: 400;\">Funcionamiento de Puerto Pe\u00f1asco<\/span><\/h2>\n<p><span style=\"font-weight: 400;\">La empresa Seselec construy\u00f3 esta primera etapa de la Central Fotovoltaica; la fase aportar\u00e1 los primeros 120 megawatts generados y 12 megawatts adicionales con bater\u00edas como respaldo.<\/span><\/p>\n<p><span style=\"font-weight: 400;\">Acerca de la secuencia II, los trabajos de instalaci\u00f3n comenzaron en septiembre del 2022 y ser\u00e1n terminados en junio de 2024; para entonces Puerto Pe\u00f1asco contar\u00e1 con una capacidad de 300 megawatts.<\/span><\/p>\n<p><span style=\"font-weight: 400;\">AMLO le propuso al Sindicato \u00danico de Trabajadores Electricistas de la Rep\u00fablica Mexicana (Suterm) que la Central\u00a0 lleve el nombre de Rafael Galv\u00e1n, dirigente opositor en los a\u00f1os 70.<\/span><\/p>\n<p><span style=\"font-weight: 400;\">Adem\u00e1s de la planta, el Gobierno Federal contempla la construcci\u00f3n de una red de transmisi\u00f3n asociada que integrar\u00e1 al sistema aislado de Baja California a la Red Nacional de Transmisi\u00f3n.<\/span><\/p>\n","protected":false},"excerpt":{"rendered":"<p>La primera fase de la Central Fotovoltaica Puerto Pe\u00f1asco aportar\u00e1 los primeros 120 megawatts generados y 12 megawatts adicionales con bater\u00edas<\/p>\n","protected":false},"author":88,"featured_media":137967,"comment_status":"open","ping_status":"closed","sticky":false,"template":"","format":"standard","meta":{"om_disable_all_campaigns":false,"inline_featured_image":false,"_monsterinsights_skip_tracking":false,"_monsterinsights_sitenote_active":false,"_monsterinsights_sitenote_note":"","_monsterinsights_sitenote_category":0,"footnotes":""},"categories":[82],"tags":[22691,612,22690],"class_list":["post-137966","post","type-post","status-publish","format-standard","has-post-thumbnail","hentry","category-urbanismo","tag-central-fotovoltaica-puerto-penasco","tag-cfe","tag-suterm"],"yoast_head":"<!-- This site is optimized with the Yoast SEO plugin v27.4 - https:\/\/yoast.com\/product\/yoast-seo-wordpress\/ -->\n<title>Central Fotovoltaica Puerto Pe\u00f1asco para el desarrollo de Sonora: AMLO<\/title>\n<meta name=\"description\" content=\"El Gobierno Federal estima que la Central Fotovoltaica Puerto Pe\u00f1asco beneficiar\u00e1 a diez localidades de dos estados del norte del pa\u00eds.\" \/>\n<meta name=\"robots\" content=\"index, follow, max-snippet:-1, max-image-preview:large, max-video-preview:-1\" \/>\n<link rel=\"canonical\" href=\"https:\/\/centrourbano.com\/revista\/urbanismo\/central-fotovoltaica-puerto-penasco-para-el-desarrollo-de-sonora-amlo\/\" \/>\n<meta property=\"og:locale\" content=\"es_ES\" \/>\n<meta property=\"og:type\" content=\"article\" \/>\n<meta property=\"og:title\" content=\"Central Fotovoltaica Puerto Pe\u00f1asco para el desarrollo de Sonora: AMLO\" \/>\n<meta property=\"og:description\" content=\"El Gobierno Federal estima que la Central Fotovoltaica Puerto Pe\u00f1asco beneficiar\u00e1 a diez localidades de dos estados del norte del pa\u00eds.\" \/>\n<meta property=\"og:url\" content=\"https:\/\/centrourbano.com\/revista\/urbanismo\/central-fotovoltaica-puerto-penasco-para-el-desarrollo-de-sonora-amlo\/\" \/>\n<meta property=\"og:site_name\" content=\"Centro Urbano\" \/>\n<meta property=\"article:publisher\" content=\"https:\/\/www.facebook.com\/portalcentrourbano\" \/>\n<meta property=\"article:published_time\" content=\"2023-02-20T21:29:54+00:00\" \/>\n<meta property=\"og:image\" content=\"https:\/\/centrourbano.com\/revista\/wp-content\/uploads\/2023-02.jpg\" \/>\n\t<meta property=\"og:image:width\" content=\"800\" \/>\n\t<meta property=\"og:image:height\" content=\"800\" \/>\n\t<meta property=\"og:image:type\" content=\"image\/jpeg\" \/>\n<meta name=\"author\" content=\"Rebeca Romero\" \/>\n<meta name=\"twitter:card\" content=\"summary_large_image\" \/>\n<meta name=\"twitter:creator\" content=\"@CentroUrbano\" \/>\n<meta name=\"twitter:site\" content=\"@CentroUrbano\" \/>\n<meta name=\"twitter:label1\" content=\"Escrito por\" \/>\n\t<meta name=\"twitter:data1\" content=\"Rebeca Romero\" \/>\n\t<meta name=\"twitter:label2\" content=\"Tiempo de lectura\" \/>\n\t<meta name=\"twitter:data2\" content=\"2 minutos\" \/>\n<script type=\"application\/ld+json\" class=\"yoast-schema-graph\">{\"@context\":\"https:\\\/\\\/schema.org\",\"@graph\":[{\"@type\":\"Article\",\"@id\":\"https:\\\/\\\/centrourbano.com\\\/revista\\\/urbanismo\\\/central-fotovoltaica-puerto-penasco-para-el-desarrollo-de-sonora-amlo\\\/#article\",\"isPartOf\":{\"@id\":\"https:\\\/\\\/centrourbano.com\\\/revista\\\/urbanismo\\\/central-fotovoltaica-puerto-penasco-para-el-desarrollo-de-sonora-amlo\\\/\"},\"author\":{\"name\":\"Rebeca Romero\",\"@id\":\"https:\\\/\\\/centrourbano.com\\\/revista\\\/#\\\/schema\\\/person\\\/c665f1c60da3ad48cd761a707b7090b0\"},\"headline\":\"Central Fotovoltaica Puerto Pe\u00f1asco para el desarrollo de Sonora: AMLO\",\"datePublished\":\"2023-02-20T21:29:54+00:00\",\"mainEntityOfPage\":{\"@id\":\"https:\\\/\\\/centrourbano.com\\\/revista\\\/urbanismo\\\/central-fotovoltaica-puerto-penasco-para-el-desarrollo-de-sonora-amlo\\\/\"},\"wordCount\":397,\"commentCount\":0,\"publisher\":{\"@id\":\"https:\\\/\\\/centrourbano.com\\\/revista\\\/#organization\"},\"image\":{\"@id\":\"https:\\\/\\\/centrourbano.com\\\/revista\\\/urbanismo\\\/central-fotovoltaica-puerto-penasco-para-el-desarrollo-de-sonora-amlo\\\/#primaryimage\"},\"thumbnailUrl\":\"https:\\\/\\\/centrourbano.com\\\/revista\\\/wp-content\\\/uploads\\\/2023-02.jpg\",\"keywords\":[\"Central Fotovoltaica Puerto Pe\u00f1asco\",\"CFE\",\"Suterm\"],\"articleSection\":[\"Urbanismo\"],\"inLanguage\":\"es\",\"potentialAction\":[{\"@type\":\"CommentAction\",\"name\":\"Comment\",\"target\":[\"https:\\\/\\\/centrourbano.com\\\/revista\\\/urbanismo\\\/central-fotovoltaica-puerto-penasco-para-el-desarrollo-de-sonora-amlo\\\/#respond\"]}]},{\"@type\":\"WebPage\",\"@id\":\"https:\\\/\\\/centrourbano.com\\\/revista\\\/urbanismo\\\/central-fotovoltaica-puerto-penasco-para-el-desarrollo-de-sonora-amlo\\\/\",\"url\":\"https:\\\/\\\/centrourbano.com\\\/revista\\\/urbanismo\\\/central-fotovoltaica-puerto-penasco-para-el-desarrollo-de-sonora-amlo\\\/\",\"name\":\"Central Fotovoltaica Puerto Pe\u00f1asco para el desarrollo de Sonora: AMLO\",\"isPartOf\":{\"@id\":\"https:\\\/\\\/centrourbano.com\\\/revista\\\/#website\"},\"primaryImageOfPage\":{\"@id\":\"https:\\\/\\\/centrourbano.com\\\/revista\\\/urbanismo\\\/central-fotovoltaica-puerto-penasco-para-el-desarrollo-de-sonora-amlo\\\/#primaryimage\"},\"image\":{\"@id\":\"https:\\\/\\\/centrourbano.com\\\/revista\\\/urbanismo\\\/central-fotovoltaica-puerto-penasco-para-el-desarrollo-de-sonora-amlo\\\/#primaryimage\"},\"thumbnailUrl\":\"https:\\\/\\\/centrourbano.com\\\/revista\\\/wp-content\\\/uploads\\\/2023-02.jpg\",\"datePublished\":\"2023-02-20T21:29:54+00:00\",\"description\":\"El Gobierno Federal estima que la Central Fotovoltaica Puerto Pe\u00f1asco beneficiar\u00e1 a diez localidades de dos estados del norte del pa\u00eds.\",\"breadcrumb\":{\"@id\":\"https:\\\/\\\/centrourbano.com\\\/revista\\\/urbanismo\\\/central-fotovoltaica-puerto-penasco-para-el-desarrollo-de-sonora-amlo\\\/#breadcrumb\"},\"inLanguage\":\"es\",\"potentialAction\":[{\"@type\":\"ReadAction\",\"target\":[\"https:\\\/\\\/centrourbano.com\\\/revista\\\/urbanismo\\\/central-fotovoltaica-puerto-penasco-para-el-desarrollo-de-sonora-amlo\\\/\"]}]},{\"@type\":\"ImageObject\",\"inLanguage\":\"es\",\"@id\":\"https:\\\/\\\/centrourbano.com\\\/revista\\\/urbanismo\\\/central-fotovoltaica-puerto-penasco-para-el-desarrollo-de-sonora-amlo\\\/#primaryimage\",\"url\":\"https:\\\/\\\/centrourbano.com\\\/revista\\\/wp-content\\\/uploads\\\/2023-02.jpg\",\"contentUrl\":\"https:\\\/\\\/centrourbano.com\\\/revista\\\/wp-content\\\/uploads\\\/2023-02.jpg\",\"width\":800,\"height\":800,\"caption\":\"Central Fotovoltaica Puerto Pe\u00f1asco para el desarrollo de Sonora: AMLO\"},{\"@type\":\"BreadcrumbList\",\"@id\":\"https:\\\/\\\/centrourbano.com\\\/revista\\\/urbanismo\\\/central-fotovoltaica-puerto-penasco-para-el-desarrollo-de-sonora-amlo\\\/#breadcrumb\",\"itemListElement\":[{\"@type\":\"ListItem\",\"position\":1,\"name\":\"Portada\",\"item\":\"https:\\\/\\\/centrourbano.com\\\/revista\\\/\"},{\"@type\":\"ListItem\",\"position\":2,\"name\":\"Central Fotovoltaica Puerto Pe\u00f1asco para el desarrollo de Sonora: AMLO\"}]},{\"@type\":\"WebSite\",\"@id\":\"https:\\\/\\\/centrourbano.com\\\/revista\\\/#website\",\"url\":\"https:\\\/\\\/centrourbano.com\\\/revista\\\/\",\"name\":\"Centro Urbano\",\"description\":\"Medio especializado en los sectores vivienda, inmobiliario, construcci\u00f3n, arquitectura y urbanismo.\",\"publisher\":{\"@id\":\"https:\\\/\\\/centrourbano.com\\\/revista\\\/#organization\"},\"potentialAction\":[{\"@type\":\"SearchAction\",\"target\":{\"@type\":\"EntryPoint\",\"urlTemplate\":\"https:\\\/\\\/centrourbano.com\\\/revista\\\/?s={search_term_string}\"},\"query-input\":{\"@type\":\"PropertyValueSpecification\",\"valueRequired\":true,\"valueName\":\"search_term_string\"}}],\"inLanguage\":\"es\"},{\"@type\":\"Organization\",\"@id\":\"https:\\\/\\\/centrourbano.com\\\/revista\\\/#organization\",\"name\":\"Centro Urbano\",\"url\":\"https:\\\/\\\/centrourbano.com\\\/revista\\\/\",\"logo\":{\"@type\":\"ImageObject\",\"inLanguage\":\"es\",\"@id\":\"https:\\\/\\\/centrourbano.com\\\/revista\\\/#\\\/schema\\\/logo\\\/image\\\/\",\"url\":\"https:\\\/\\\/centrourbano.com\\\/revista\\\/wp-content\\\/uploads\\\/web_CU_logo-1.png\",\"contentUrl\":\"https:\\\/\\\/centrourbano.com\\\/revista\\\/wp-content\\\/uploads\\\/web_CU_logo-1.png\",\"width\":350,\"height\":91,\"caption\":\"Centro Urbano\"},\"image\":{\"@id\":\"https:\\\/\\\/centrourbano.com\\\/revista\\\/#\\\/schema\\\/logo\\\/image\\\/\"},\"sameAs\":[\"https:\\\/\\\/www.facebook.com\\\/portalcentrourbano\",\"https:\\\/\\\/x.com\\\/CentroUrbano\",\"https:\\\/\\\/www.instagram.com\\\/centro_urbano\\\/\",\"https:\\\/\\\/www.linkedin.com\\\/company\\\/centro-urbano\\\/\",\"http:\\\/\\\/www.youtube.com\\\/user\\\/portalcentrourbano\"]},{\"@type\":\"Person\",\"@id\":\"https:\\\/\\\/centrourbano.com\\\/revista\\\/#\\\/schema\\\/person\\\/c665f1c60da3ad48cd761a707b7090b0\",\"name\":\"Rebeca Romero\",\"image\":{\"@type\":\"ImageObject\",\"inLanguage\":\"es\",\"@id\":\"https:\\\/\\\/secure.gravatar.com\\\/avatar\\\/aee0068ae3cc041082e0e84a8258fe5ccc00a733f187bde73b0b40d86b892826?s=96&d=mm&r=g\",\"url\":\"https:\\\/\\\/secure.gravatar.com\\\/avatar\\\/aee0068ae3cc041082e0e84a8258fe5ccc00a733f187bde73b0b40d86b892826?s=96&d=mm&r=g\",\"contentUrl\":\"https:\\\/\\\/secure.gravatar.com\\\/avatar\\\/aee0068ae3cc041082e0e84a8258fe5ccc00a733f187bde73b0b40d86b892826?s=96&d=mm&r=g\",\"caption\":\"Rebeca Romero\"},\"url\":\"https:\\\/\\\/centrourbano.com\\\/revista\\\/author\\\/rebeca-romero\\\/\"}]}<\/script>\n<!-- \/ Yoast SEO plugin. -->","yoast_head_json":{"title":"Central Fotovoltaica Puerto Pe\u00f1asco para el desarrollo de Sonora: AMLO","description":"El Gobierno Federal estima que la Central Fotovoltaica Puerto Pe\u00f1asco beneficiar\u00e1 a diez localidades de dos estados del norte del pa\u00eds.","robots":{"index":"index","follow":"follow","max-snippet":"max-snippet:-1","max-image-preview":"max-image-preview:large","max-video-preview":"max-video-preview:-1"},"canonical":"https:\/\/centrourbano.com\/revista\/urbanismo\/central-fotovoltaica-puerto-penasco-para-el-desarrollo-de-sonora-amlo\/","og_locale":"es_ES","og_type":"article","og_title":"Central Fotovoltaica Puerto Pe\u00f1asco para el desarrollo de Sonora: AMLO","og_description":"El Gobierno Federal estima que la Central Fotovoltaica Puerto Pe\u00f1asco beneficiar\u00e1 a diez localidades de dos estados del norte del pa\u00eds.","og_url":"https:\/\/centrourbano.com\/revista\/urbanismo\/central-fotovoltaica-puerto-penasco-para-el-desarrollo-de-sonora-amlo\/","og_site_name":"Centro Urbano","article_publisher":"https:\/\/www.facebook.com\/portalcentrourbano","article_published_time":"2023-02-20T21:29:54+00:00","og_image":[{"width":800,"height":800,"url":"https:\/\/centrourbano.com\/revista\/wp-content\/uploads\/2023-02.jpg","type":"image\/jpeg"}],"author":"Rebeca Romero","twitter_card":"summary_large_image","twitter_creator":"@CentroUrbano","twitter_site":"@CentroUrbano","twitter_misc":{"Escrito por":"Rebeca Romero","Tiempo de lectura":"2 minutos"},"schema":{"@context":"https:\/\/schema.org","@graph":[{"@type":"Article","@id":"https:\/\/centrourbano.com\/revista\/urbanismo\/central-fotovoltaica-puerto-penasco-para-el-desarrollo-de-sonora-amlo\/#article","isPartOf":{"@id":"https:\/\/centrourbano.com\/revista\/urbanismo\/central-fotovoltaica-puerto-penasco-para-el-desarrollo-de-sonora-amlo\/"},"author":{"name":"Rebeca Romero","@id":"https:\/\/centrourbano.com\/revista\/#\/schema\/person\/c665f1c60da3ad48cd761a707b7090b0"},"headline":"Central Fotovoltaica Puerto Pe\u00f1asco para el desarrollo de Sonora: AMLO","datePublished":"2023-02-20T21:29:54+00:00","mainEntityOfPage":{"@id":"https:\/\/centrourbano.com\/revista\/urbanismo\/central-fotovoltaica-puerto-penasco-para-el-desarrollo-de-sonora-amlo\/"},"wordCount":397,"commentCount":0,"publisher":{"@id":"https:\/\/centrourbano.com\/revista\/#organization"},"image":{"@id":"https:\/\/centrourbano.com\/revista\/urbanismo\/central-fotovoltaica-puerto-penasco-para-el-desarrollo-de-sonora-amlo\/#primaryimage"},"thumbnailUrl":"https:\/\/centrourbano.com\/revista\/wp-content\/uploads\/2023-02.jpg","keywords":["Central Fotovoltaica Puerto Pe\u00f1asco","CFE","Suterm"],"articleSection":["Urbanismo"],"inLanguage":"es","potentialAction":[{"@type":"CommentAction","name":"Comment","target":["https:\/\/centrourbano.com\/revista\/urbanismo\/central-fotovoltaica-puerto-penasco-para-el-desarrollo-de-sonora-amlo\/#respond"]}]},{"@type":"WebPage","@id":"https:\/\/centrourbano.com\/revista\/urbanismo\/central-fotovoltaica-puerto-penasco-para-el-desarrollo-de-sonora-amlo\/","url":"https:\/\/centrourbano.com\/revista\/urbanismo\/central-fotovoltaica-puerto-penasco-para-el-desarrollo-de-sonora-amlo\/","name":"Central Fotovoltaica Puerto Pe\u00f1asco para el desarrollo de Sonora: AMLO","isPartOf":{"@id":"https:\/\/centrourbano.com\/revista\/#website"},"primaryImageOfPage":{"@id":"https:\/\/centrourbano.com\/revista\/urbanismo\/central-fotovoltaica-puerto-penasco-para-el-desarrollo-de-sonora-amlo\/#primaryimage"},"image":{"@id":"https:\/\/centrourbano.com\/revista\/urbanismo\/central-fotovoltaica-puerto-penasco-para-el-desarrollo-de-sonora-amlo\/#primaryimage"},"thumbnailUrl":"https:\/\/centrourbano.com\/revista\/wp-content\/uploads\/2023-02.jpg","datePublished":"2023-02-20T21:29:54+00:00","description":"El Gobierno Federal estima que la Central Fotovoltaica Puerto Pe\u00f1asco beneficiar\u00e1 a diez localidades de dos estados del norte del pa\u00eds.","breadcrumb":{"@id":"https:\/\/centrourbano.com\/revista\/urbanismo\/central-fotovoltaica-puerto-penasco-para-el-desarrollo-de-sonora-amlo\/#breadcrumb"},"inLanguage":"es","potentialAction":[{"@type":"ReadAction","target":["https:\/\/centrourbano.com\/revista\/urbanismo\/central-fotovoltaica-puerto-penasco-para-el-desarrollo-de-sonora-amlo\/"]}]},{"@type":"ImageObject","inLanguage":"es","@id":"https:\/\/centrourbano.com\/revista\/urbanismo\/central-fotovoltaica-puerto-penasco-para-el-desarrollo-de-sonora-amlo\/#primaryimage","url":"https:\/\/centrourbano.com\/revista\/wp-content\/uploads\/2023-02.jpg","contentUrl":"https:\/\/centrourbano.com\/revista\/wp-content\/uploads\/2023-02.jpg","width":800,"height":800,"caption":"Central Fotovoltaica Puerto Pe\u00f1asco para el desarrollo de Sonora: AMLO"},{"@type":"BreadcrumbList","@id":"https:\/\/centrourbano.com\/revista\/urbanismo\/central-fotovoltaica-puerto-penasco-para-el-desarrollo-de-sonora-amlo\/#breadcrumb","itemListElement":[{"@type":"ListItem","position":1,"name":"Portada","item":"https:\/\/centrourbano.com\/revista\/"},{"@type":"ListItem","position":2,"name":"Central Fotovoltaica Puerto Pe\u00f1asco para el desarrollo de Sonora: AMLO"}]},{"@type":"WebSite","@id":"https:\/\/centrourbano.com\/revista\/#website","url":"https:\/\/centrourbano.com\/revista\/","name":"Centro Urbano","description":"Medio especializado en los sectores vivienda, inmobiliario, construcci\u00f3n, arquitectura y urbanismo.","publisher":{"@id":"https:\/\/centrourbano.com\/revista\/#organization"},"potentialAction":[{"@type":"SearchAction","target":{"@type":"EntryPoint","urlTemplate":"https:\/\/centrourbano.com\/revista\/?s={search_term_string}"},"query-input":{"@type":"PropertyValueSpecification","valueRequired":true,"valueName":"search_term_string"}}],"inLanguage":"es"},{"@type":"Organization","@id":"https:\/\/centrourbano.com\/revista\/#organization","name":"Centro Urbano","url":"https:\/\/centrourbano.com\/revista\/","logo":{"@type":"ImageObject","inLanguage":"es","@id":"https:\/\/centrourbano.com\/revista\/#\/schema\/logo\/image\/","url":"https:\/\/centrourbano.com\/revista\/wp-content\/uploads\/web_CU_logo-1.png","contentUrl":"https:\/\/centrourbano.com\/revista\/wp-content\/uploads\/web_CU_logo-1.png","width":350,"height":91,"caption":"Centro Urbano"},"image":{"@id":"https:\/\/centrourbano.com\/revista\/#\/schema\/logo\/image\/"},"sameAs":["https:\/\/www.facebook.com\/portalcentrourbano","https:\/\/x.com\/CentroUrbano","https:\/\/www.instagram.com\/centro_urbano\/","https:\/\/www.linkedin.com\/company\/centro-urbano\/","http:\/\/www.youtube.com\/user\/portalcentrourbano"]},{"@type":"Person","@id":"https:\/\/centrourbano.com\/revista\/#\/schema\/person\/c665f1c60da3ad48cd761a707b7090b0","name":"Rebeca Romero","image":{"@type":"ImageObject","inLanguage":"es","@id":"https:\/\/secure.gravatar.com\/avatar\/aee0068ae3cc041082e0e84a8258fe5ccc00a733f187bde73b0b40d86b892826?s=96&d=mm&r=g","url":"https:\/\/secure.gravatar.com\/avatar\/aee0068ae3cc041082e0e84a8258fe5ccc00a733f187bde73b0b40d86b892826?s=96&d=mm&r=g","contentUrl":"https:\/\/secure.gravatar.com\/avatar\/aee0068ae3cc041082e0e84a8258fe5ccc00a733f187bde73b0b40d86b892826?s=96&d=mm&r=g","caption":"Rebeca Romero"},"url":"https:\/\/centrourbano.com\/revista\/author\/rebeca-romero\/"}]}},"_links":{"self":[{"href":"https:\/\/centrourbano.com\/revista\/wp-json\/wp\/v2\/posts\/137966","targetHints":{"allow":["GET"]}}],"collection":[{"href":"https:\/\/centrourbano.com\/revista\/wp-json\/wp\/v2\/posts"}],"about":[{"href":"https:\/\/centrourbano.com\/revista\/wp-json\/wp\/v2\/types\/post"}],"author":[{"embeddable":true,"href":"https:\/\/centrourbano.com\/revista\/wp-json\/wp\/v2\/users\/88"}],"replies":[{"embeddable":true,"href":"https:\/\/centrourbano.com\/revista\/wp-json\/wp\/v2\/comments?post=137966"}],"version-history":[{"count":1,"href":"https:\/\/centrourbano.com\/revista\/wp-json\/wp\/v2\/posts\/137966\/revisions"}],"predecessor-version":[{"id":137968,"href":"https:\/\/centrourbano.com\/revista\/wp-json\/wp\/v2\/posts\/137966\/revisions\/137968"}],"wp:featuredmedia":[{"embeddable":true,"href":"https:\/\/centrourbano.com\/revista\/wp-json\/wp\/v2\/media\/137967"}],"wp:attachment":[{"href":"https:\/\/centrourbano.com\/revista\/wp-json\/wp\/v2\/media?parent=137966"}],"wp:term":[{"taxonomy":"category","embeddable":true,"href":"https:\/\/centrourbano.com\/revista\/wp-json\/wp\/v2\/categories?post=137966"},{"taxonomy":"post_tag","embeddable":true,"href":"https:\/\/centrourbano.com\/revista\/wp-json\/wp\/v2\/tags?post=137966"}],"curies":[{"name":"wp","href":"https:\/\/api.w.org\/{rel}","templated":true}]}}