{"id":137653,"date":"2023-02-07T17:14:58","date_gmt":"2023-02-07T23:14:58","guid":{"rendered":"https:\/\/centrourbano.com\/?p=137653"},"modified":"2023-02-07T18:45:29","modified_gmt":"2023-02-08T00:45:29","slug":"sedatu-archdaily-building-2023","status":"publish","type":"post","link":"https:\/\/centrourbano.com\/revista\/urbanismo\/sedatu-archdaily-building-2023\/","title":{"rendered":"Obras de Sedatu son nominadas al Premio ArchDaily Building 2023"},"content":{"rendered":"<p><em>Los proyectos de la Sedatu compiten en las categor\u00edas: Arquitectura cultural, Arquitectura educativa, Arquitectura de la salud, Arquitectura p\u00fablica y de paisaje y Arquitectura deportiva<\/em><!--more--><\/p>\n<p>La <strong>Secretar\u00eda de Desarrollo Agrario<\/strong>, <strong>Territorial y Urbano<\/strong> (<strong>Sedatu<\/strong>) inform\u00f3 que 12 proyectos arquitect\u00f3nicos realizados a trav\u00e9s del <strong>Programa de Mejoramiento Urbano<\/strong> (<strong>PMU<\/strong>) fueron nominados al <strong>Premio ArchDaily Building of the year 2023<\/strong>.<\/p>\n<p>Dichas obras se construyeron, bajo la coordinaci\u00f3n de la <strong>Sedatu<\/strong>, en colonias hist\u00f3ricamente olvidadas; a fin de fomentar la convivencia, la seguridad, el deporte, el empleo, el comercio y la econom\u00eda local en beneficio de sus habitantes.<\/p>\n<p>En esta 14\u00b0 edici\u00f3n del concurso, los proyectos compiten en las <strong>categor\u00edas<\/strong>: Arquitectura cultural, Arquitectura educativa y Arquitectura de la salud; as\u00ed como Arquitectura p\u00fablica y de paisaje y Arquitectura deportiva.<\/p>\n<p>Las votaciones del concurso estar\u00e1n abiertas hasta el pr\u00f3ximo 15 de febrero en la <strong>p\u00e1gina oficial de <a href=\"https:\/\/boty.archdaily.com\/us\/2023\/category\/Cultural%20Architecture?utf8=%E2%9C%93&amp;office=&amp;country=Mexico&amp;commit=Filter\" target=\"_blank\" rel=\"noopener\">ArchDaily<\/a><\/strong>; y las obras galardonadas ser\u00e1n anunciadas el 23 del mismo mes en el mismo portal web.<\/p>\n<h2><strong>Proyectos de Sedatu nominados<\/strong><\/h2>\n<ul>\n<li>Casa de D\u00eda y Auditorio de Huexotla, Texcoco, Estado de M\u00e9xico<\/li>\n<\/ul>\n<a href=\"https:\/\/centrourbano.com\/revista\/wp-content\/uploads\/casa-de-dia-y-auditorio-huexotla-colectivomx_6.jpg\" target=\"_blank\" rel=\"noopener\"><img loading=\"lazy\" decoding=\"async\" class=\"aligncenter wp-image-137662 \" src=\"https:\/\/centrourbano.com\/revista\/wp-content\/uploads\/casa-de-dia-y-auditorio-huexotla-colectivomx_6.jpg\" alt=\"\" width=\"500\" height=\"333\" srcset=\"https:\/\/centrourbano.com\/revista\/wp-content\/uploads\/casa-de-dia-y-auditorio-huexotla-colectivomx_6.jpg 1500w, https:\/\/centrourbano.com\/revista\/wp-content\/uploads\/casa-de-dia-y-auditorio-huexotla-colectivomx_6-300x200.jpg 300w, https:\/\/centrourbano.com\/revista\/wp-content\/uploads\/casa-de-dia-y-auditorio-huexotla-colectivomx_6-1000x667.jpg 1000w, https:\/\/centrourbano.com\/revista\/wp-content\/uploads\/casa-de-dia-y-auditorio-huexotla-colectivomx_6-768x512.jpg 768w\" sizes=\"auto, (max-width: 500px) 100vw, 500px\" \/><\/a>\n<ul>\n<li>Museo Nacional de la Pirotecnia, Tultepec, Estado de M\u00e9xico<\/li>\n<\/ul>\n<a href=\"https:\/\/centrourbano.com\/revista\/wp-content\/uploads\/museo-pirotecnia.jpg\" target=\"_blank\" rel=\"noopener\"><img loading=\"lazy\" decoding=\"async\" class=\"aligncenter wp-image-137663 \" src=\"https:\/\/centrourbano.com\/revista\/wp-content\/uploads\/museo-pirotecnia.jpg\" alt=\"\" width=\"501\" height=\"282\" srcset=\"https:\/\/centrourbano.com\/revista\/wp-content\/uploads\/museo-pirotecnia.jpg 1600w, https:\/\/centrourbano.com\/revista\/wp-content\/uploads\/museo-pirotecnia-300x169.jpg 300w, https:\/\/centrourbano.com\/revista\/wp-content\/uploads\/museo-pirotecnia-1000x563.jpg 1000w, https:\/\/centrourbano.com\/revista\/wp-content\/uploads\/museo-pirotecnia-768x432.jpg 768w, https:\/\/centrourbano.com\/revista\/wp-content\/uploads\/museo-pirotecnia-1536x864.jpg 1536w\" sizes=\"auto, (max-width: 501px) 100vw, 501px\" \/><\/a>\n<ul>\n<li>Jard\u00edn de Ni\u00f1os Nueva Creaci\u00f3n en Tultepec, Estado de M\u00e9xico<\/li>\n<\/ul>\n<a href=\"https:\/\/centrourbano.com\/revista\/wp-content\/uploads\/jardin-de-ninos.jpg\" target=\"_blank\" rel=\"noopener\"><img loading=\"lazy\" decoding=\"async\" class=\"aligncenter wp-image-137664 \" src=\"https:\/\/centrourbano.com\/revista\/wp-content\/uploads\/jardin-de-ninos.jpg\" alt=\"sedatu\" width=\"501\" height=\"282\" srcset=\"https:\/\/centrourbano.com\/revista\/wp-content\/uploads\/jardin-de-ninos.jpg 1600w, https:\/\/centrourbano.com\/revista\/wp-content\/uploads\/jardin-de-ninos-300x169.jpg 300w, https:\/\/centrourbano.com\/revista\/wp-content\/uploads\/jardin-de-ninos-1000x563.jpg 1000w, https:\/\/centrourbano.com\/revista\/wp-content\/uploads\/jardin-de-ninos-768x432.jpg 768w, https:\/\/centrourbano.com\/revista\/wp-content\/uploads\/jardin-de-ninos-1536x864.jpg 1536w\" sizes=\"auto, (max-width: 501px) 100vw, 501px\" \/><\/a>\n<ul>\n<li>Centro de Salud de Esc\u00e1rcega, Tabasco<\/li>\n<\/ul>\n<a href=\"https:\/\/centrourbano.com\/revista\/wp-content\/uploads\/centro-de-salud-1.jpg\" target=\"_blank\" rel=\"noopener\"><img loading=\"lazy\" decoding=\"async\" class=\"aligncenter wp-image-137665 \" src=\"https:\/\/centrourbano.com\/revista\/wp-content\/uploads\/centro-de-salud-1.jpg\" alt=\"sedatu\" width=\"501\" height=\"281\" srcset=\"https:\/\/centrourbano.com\/revista\/wp-content\/uploads\/centro-de-salud-1.jpg 1600w, https:\/\/centrourbano.com\/revista\/wp-content\/uploads\/centro-de-salud-1-300x168.jpg 300w, https:\/\/centrourbano.com\/revista\/wp-content\/uploads\/centro-de-salud-1-1000x561.jpg 1000w, https:\/\/centrourbano.com\/revista\/wp-content\/uploads\/centro-de-salud-1-768x431.jpg 768w, https:\/\/centrourbano.com\/revista\/wp-content\/uploads\/centro-de-salud-1-1536x862.jpg 1536w\" sizes=\"auto, (max-width: 501px) 100vw, 501px\" \/><\/a>\n<ul>\n<li>Deportivo Ca\u00f1ales en C\u00e1rdenas, Tabasco<\/li>\n<\/ul>\n<a href=\"https:\/\/centrourbano.com\/revista\/wp-content\/uploads\/deportivo-canales.jpg\" target=\"_blank\" rel=\"noopener\"><img loading=\"lazy\" decoding=\"async\" class=\"aligncenter wp-image-137666 \" src=\"https:\/\/centrourbano.com\/revista\/wp-content\/uploads\/deportivo-canales.jpg\" alt=\"\" width=\"500\" height=\"281\" srcset=\"https:\/\/centrourbano.com\/revista\/wp-content\/uploads\/deportivo-canales.jpg 1600w, https:\/\/centrourbano.com\/revista\/wp-content\/uploads\/deportivo-canales-300x169.jpg 300w, https:\/\/centrourbano.com\/revista\/wp-content\/uploads\/deportivo-canales-1000x562.jpg 1000w, https:\/\/centrourbano.com\/revista\/wp-content\/uploads\/deportivo-canales-768x432.jpg 768w, https:\/\/centrourbano.com\/revista\/wp-content\/uploads\/deportivo-canales-1536x863.jpg 1536w\" sizes=\"auto, (max-width: 500px) 100vw, 500px\" \/><\/a>\n<ul>\n<li>Deportivo Domingo Col\u00edn en C\u00e1rdenas, Tabasco<\/li>\n<\/ul>\n<a href=\"https:\/\/centrourbano.com\/revista\/wp-content\/uploads\/deportivo-domingo.jpg\" target=\"_blank\" rel=\"noopener\"><img loading=\"lazy\" decoding=\"async\" class=\"aligncenter wp-image-137667 \" src=\"https:\/\/centrourbano.com\/revista\/wp-content\/uploads\/deportivo-domingo.jpg\" alt=\"sedatu\" width=\"501\" height=\"281\" srcset=\"https:\/\/centrourbano.com\/revista\/wp-content\/uploads\/deportivo-domingo.jpg 1600w, https:\/\/centrourbano.com\/revista\/wp-content\/uploads\/deportivo-domingo-300x168.jpg 300w, https:\/\/centrourbano.com\/revista\/wp-content\/uploads\/deportivo-domingo-1000x561.jpg 1000w, https:\/\/centrourbano.com\/revista\/wp-content\/uploads\/deportivo-domingo-768x431.jpg 768w, https:\/\/centrourbano.com\/revista\/wp-content\/uploads\/deportivo-domingo-1536x862.jpg 1536w\" sizes=\"auto, (max-width: 501px) 100vw, 501px\" \/><\/a>\n<ul>\n<li>Casa de M\u00fasica de Nacajuca, Tabasco<\/li>\n<\/ul>\n<a href=\"https:\/\/centrourbano.com\/revista\/wp-content\/uploads\/casa-de-musica-1.jpg\" target=\"_blank\" rel=\"noopener\"><img loading=\"lazy\" decoding=\"async\" class=\"aligncenter wp-image-137668 \" src=\"https:\/\/centrourbano.com\/revista\/wp-content\/uploads\/casa-de-musica-1.jpg\" alt=\"sedatu\" width=\"501\" height=\"281\" srcset=\"https:\/\/centrourbano.com\/revista\/wp-content\/uploads\/casa-de-musica-1.jpg 1600w, https:\/\/centrourbano.com\/revista\/wp-content\/uploads\/casa-de-musica-1-300x168.jpg 300w, https:\/\/centrourbano.com\/revista\/wp-content\/uploads\/casa-de-musica-1-1000x561.jpg 1000w, https:\/\/centrourbano.com\/revista\/wp-content\/uploads\/casa-de-musica-1-768x431.jpg 768w, https:\/\/centrourbano.com\/revista\/wp-content\/uploads\/casa-de-musica-1-1536x862.jpg 1536w\" sizes=\"auto, (max-width: 501px) 100vw, 501px\" \/><\/a>\n<ul>\n<li>Parque de Acaponeta, Nayarit<\/li>\n<\/ul>\n<a href=\"https:\/\/centrourbano.com\/revista\/wp-content\/uploads\/parque-acaponeta.jpg\" target=\"_blank\" rel=\"noopener\"><img loading=\"lazy\" decoding=\"async\" class=\"aligncenter wp-image-137669 \" src=\"https:\/\/centrourbano.com\/revista\/wp-content\/uploads\/parque-acaponeta.jpg\" alt=\"sedatu\" width=\"500\" height=\"333\" srcset=\"https:\/\/centrourbano.com\/revista\/wp-content\/uploads\/parque-acaponeta.jpg 1600w, https:\/\/centrourbano.com\/revista\/wp-content\/uploads\/parque-acaponeta-300x200.jpg 300w, https:\/\/centrourbano.com\/revista\/wp-content\/uploads\/parque-acaponeta-1000x666.jpg 1000w, https:\/\/centrourbano.com\/revista\/wp-content\/uploads\/parque-acaponeta-768x512.jpg 768w, https:\/\/centrourbano.com\/revista\/wp-content\/uploads\/parque-acaponeta-1536x1023.jpg 1536w\" sizes=\"auto, (max-width: 500px) 100vw, 500px\" \/><\/a>\n<ul>\n<li>Centro de Desarrollo Comunitario Ruiz, Nayarit<\/li>\n<\/ul>\n<a href=\"https:\/\/centrourbano.com\/revista\/wp-content\/uploads\/centro-de-desarrollo-comunitario-2.jpg\" target=\"_blank\" rel=\"noopener\"><img loading=\"lazy\" decoding=\"async\" class=\"aligncenter wp-image-137670\" src=\"https:\/\/centrourbano.com\/revista\/wp-content\/uploads\/centro-de-desarrollo-comunitario-2.jpg\" alt=\"sedatu\" width=\"501\" height=\"334\" srcset=\"https:\/\/centrourbano.com\/revista\/wp-content\/uploads\/centro-de-desarrollo-comunitario-2.jpg 1600w, https:\/\/centrourbano.com\/revista\/wp-content\/uploads\/centro-de-desarrollo-comunitario-2-300x200.jpg 300w, https:\/\/centrourbano.com\/revista\/wp-content\/uploads\/centro-de-desarrollo-comunitario-2-1000x666.jpg 1000w, https:\/\/centrourbano.com\/revista\/wp-content\/uploads\/centro-de-desarrollo-comunitario-2-768x512.jpg 768w, https:\/\/centrourbano.com\/revista\/wp-content\/uploads\/centro-de-desarrollo-comunitario-2-1536x1023.jpg 1536w\" sizes=\"auto, (max-width: 501px) 100vw, 501px\" \/><\/a>\n<ul>\n<li>Estaci\u00f3n de Ferrocarriles en Tapachula, Chiapas<\/li>\n<\/ul>\n<a href=\"https:\/\/centrourbano.com\/revista\/wp-content\/uploads\/estacion-de-ferrocarriles.jpg\" target=\"_blank\" rel=\"noopener\"><img loading=\"lazy\" decoding=\"async\" class=\"aligncenter wp-image-137671 \" src=\"https:\/\/centrourbano.com\/revista\/wp-content\/uploads\/estacion-de-ferrocarriles.jpg\" alt=\"\" width=\"501\" height=\"280\" srcset=\"https:\/\/centrourbano.com\/revista\/wp-content\/uploads\/estacion-de-ferrocarriles.jpg 1600w, https:\/\/centrourbano.com\/revista\/wp-content\/uploads\/estacion-de-ferrocarriles-300x168.jpg 300w, https:\/\/centrourbano.com\/revista\/wp-content\/uploads\/estacion-de-ferrocarriles-1000x559.jpg 1000w, https:\/\/centrourbano.com\/revista\/wp-content\/uploads\/estacion-de-ferrocarriles-768x429.jpg 768w, https:\/\/centrourbano.com\/revista\/wp-content\/uploads\/estacion-de-ferrocarriles-1536x858.jpg 1536w\" sizes=\"auto, (max-width: 501px) 100vw, 501px\" \/><\/a>\n<ul>\n<li>Parque Xicot\u00e9ncatl en Tijuana, Baja California<\/li>\n<\/ul>\n<a href=\"https:\/\/centrourbano.com\/revista\/wp-content\/uploads\/parque-xicotencatl.jpg\" target=\"_blank\" rel=\"noopener\"><img loading=\"lazy\" decoding=\"async\" class=\"aligncenter wp-image-137672 \" src=\"https:\/\/centrourbano.com\/revista\/wp-content\/uploads\/parque-xicotencatl.jpg\" alt=\"\" width=\"501\" height=\"299\" srcset=\"https:\/\/centrourbano.com\/revista\/wp-content\/uploads\/parque-xicotencatl.jpg 1600w, https:\/\/centrourbano.com\/revista\/wp-content\/uploads\/parque-xicotencatl-300x179.jpg 300w, https:\/\/centrourbano.com\/revista\/wp-content\/uploads\/parque-xicotencatl-1000x597.jpg 1000w, https:\/\/centrourbano.com\/revista\/wp-content\/uploads\/parque-xicotencatl-768x458.jpg 768w, https:\/\/centrourbano.com\/revista\/wp-content\/uploads\/parque-xicotencatl-1536x917.jpg 1536w\" sizes=\"auto, (max-width: 501px) 100vw, 501px\" \/><\/a>\n<ul>\n<li>Teatro en Felipe Carrillo Puerto, Quintana Roo<\/li>\n<\/ul>\n<a href=\"https:\/\/centrourbano.com\/revista\/wp-content\/uploads\/teatro-felipe-carrillo.jpg\" target=\"_blank\" rel=\"noopener\"><img loading=\"lazy\" decoding=\"async\" class=\"aligncenter wp-image-137673 \" src=\"https:\/\/centrourbano.com\/revista\/wp-content\/uploads\/teatro-felipe-carrillo.jpg\" alt=\"\" width=\"501\" height=\"282\" srcset=\"https:\/\/centrourbano.com\/revista\/wp-content\/uploads\/teatro-felipe-carrillo.jpg 1600w, https:\/\/centrourbano.com\/revista\/wp-content\/uploads\/teatro-felipe-carrillo-300x169.jpg 300w, https:\/\/centrourbano.com\/revista\/wp-content\/uploads\/teatro-felipe-carrillo-1000x563.jpg 1000w, https:\/\/centrourbano.com\/revista\/wp-content\/uploads\/teatro-felipe-carrillo-768x432.jpg 768w, https:\/\/centrourbano.com\/revista\/wp-content\/uploads\/teatro-felipe-carrillo-1536x864.jpg 1536w\" sizes=\"auto, (max-width: 501px) 100vw, 501px\" \/><\/a>\n","protected":false},"excerpt":{"rendered":"<p>Los proyectos de la Sedatu compiten en las categor\u00edas: Arquitectura cultural, Arquitectura educativa, Arquitectura de la salud, Arquitectura p\u00fablica y de paisaje y Arquitectura deportiva<\/p>\n","protected":false},"author":73,"featured_media":137661,"comment_status":"open","ping_status":"closed","sticky":false,"template":"","format":"standard","meta":{"om_disable_all_campaigns":false,"inline_featured_image":false,"_monsterinsights_skip_tracking":false,"_monsterinsights_sitenote_active":false,"_monsterinsights_sitenote_note":"","_monsterinsights_sitenote_category":0,"footnotes":""},"categories":[81,82],"tags":[22652,20,260,14661,105],"class_list":["post-137653","post","type-post","status-publish","format-standard","has-post-thumbnail","hentry","category-arquitectura-2","category-urbanismo","tag-archdaily","tag-arquitectura","tag-premio","tag-programa-de-mejoramiento-urbano","tag-sedatu"],"yoast_head":"<!-- This site is optimized with the Yoast SEO plugin v27.4 - https:\/\/yoast.com\/product\/yoast-seo-wordpress\/ -->\n<title>Obras de Sedatu son nominadas al Premio ArchDaily Building 2023<\/title>\n<meta name=\"description\" content=\"Los proyectos de la Sedatu compiten en las categor\u00edas: Arquitectura cultural, Arquitectura educativa y Arquitectura de la salud\" \/>\n<meta name=\"robots\" content=\"index, follow, max-snippet:-1, max-image-preview:large, max-video-preview:-1\" \/>\n<link rel=\"canonical\" href=\"https:\/\/centrourbano.com\/revista\/urbanismo\/sedatu-archdaily-building-2023\/\" \/>\n<meta property=\"og:locale\" content=\"es_ES\" \/>\n<meta property=\"og:type\" content=\"article\" \/>\n<meta property=\"og:title\" content=\"Obras de Sedatu son nominadas al Premio ArchDaily Building 2023\" \/>\n<meta property=\"og:description\" content=\"Los proyectos de la Sedatu compiten en las categor\u00edas: Arquitectura cultural, Arquitectura educativa y Arquitectura de la salud\" \/>\n<meta property=\"og:url\" content=\"https:\/\/centrourbano.com\/revista\/urbanismo\/sedatu-archdaily-building-2023\/\" \/>\n<meta property=\"og:site_name\" content=\"Centro Urbano\" \/>\n<meta property=\"article:publisher\" content=\"https:\/\/www.facebook.com\/portalcentrourbano\" \/>\n<meta property=\"article:published_time\" content=\"2023-02-07T23:14:58+00:00\" \/>\n<meta property=\"article:modified_time\" content=\"2023-02-08T00:45:29+00:00\" \/>\n<meta property=\"og:image\" content=\"https:\/\/centrourbano.com\/revista\/wp-content\/uploads\/Obras-de-Sedatu-son-nominadas-al-Premio-ArchDaily-Building-2023.jpg\" \/>\n\t<meta property=\"og:image:width\" content=\"500\" \/>\n\t<meta property=\"og:image:height\" content=\"450\" \/>\n\t<meta property=\"og:image:type\" content=\"image\/jpeg\" \/>\n<meta name=\"author\" content=\"Fernanda Hern\u00e1ndez\" \/>\n<meta name=\"twitter:card\" content=\"summary_large_image\" \/>\n<meta name=\"twitter:creator\" content=\"@https:\/\/twitter.com\/Nannz_Hernandez\" \/>\n<meta name=\"twitter:site\" content=\"@CentroUrbano\" \/>\n<meta name=\"twitter:label1\" content=\"Escrito por\" \/>\n\t<meta name=\"twitter:data1\" content=\"Fernanda Hern\u00e1ndez\" \/>\n\t<meta name=\"twitter:label2\" content=\"Tiempo de lectura\" \/>\n\t<meta name=\"twitter:data2\" content=\"1 minuto\" \/>\n<script type=\"application\/ld+json\" class=\"yoast-schema-graph\">{\"@context\":\"https:\\\/\\\/schema.org\",\"@graph\":[{\"@type\":\"Article\",\"@id\":\"https:\\\/\\\/centrourbano.com\\\/revista\\\/urbanismo\\\/sedatu-archdaily-building-2023\\\/#article\",\"isPartOf\":{\"@id\":\"https:\\\/\\\/centrourbano.com\\\/revista\\\/urbanismo\\\/sedatu-archdaily-building-2023\\\/\"},\"author\":{\"name\":\"Fernanda Hern\u00e1ndez\",\"@id\":\"https:\\\/\\\/centrourbano.com\\\/revista\\\/#\\\/schema\\\/person\\\/b190b20bbbceb41ec72278c546fa8df3\"},\"headline\":\"Obras de Sedatu son nominadas al Premio ArchDaily Building 2023\",\"datePublished\":\"2023-02-07T23:14:58+00:00\",\"dateModified\":\"2023-02-08T00:45:29+00:00\",\"mainEntityOfPage\":{\"@id\":\"https:\\\/\\\/centrourbano.com\\\/revista\\\/urbanismo\\\/sedatu-archdaily-building-2023\\\/\"},\"wordCount\":280,\"commentCount\":0,\"publisher\":{\"@id\":\"https:\\\/\\\/centrourbano.com\\\/revista\\\/#organization\"},\"image\":{\"@id\":\"https:\\\/\\\/centrourbano.com\\\/revista\\\/urbanismo\\\/sedatu-archdaily-building-2023\\\/#primaryimage\"},\"thumbnailUrl\":\"https:\\\/\\\/centrourbano.com\\\/revista\\\/wp-content\\\/uploads\\\/Obras-de-Sedatu-son-nominadas-al-Premio-ArchDaily-Building-2023.jpg\",\"keywords\":[\"ArchDaily\",\"arquitectura\",\"Premio\",\"Programa de Mejoramiento Urbano\",\"Sedatu\"],\"articleSection\":[\"Arquitectura\",\"Urbanismo\"],\"inLanguage\":\"es\",\"potentialAction\":[{\"@type\":\"CommentAction\",\"name\":\"Comment\",\"target\":[\"https:\\\/\\\/centrourbano.com\\\/revista\\\/urbanismo\\\/sedatu-archdaily-building-2023\\\/#respond\"]}]},{\"@type\":\"WebPage\",\"@id\":\"https:\\\/\\\/centrourbano.com\\\/revista\\\/urbanismo\\\/sedatu-archdaily-building-2023\\\/\",\"url\":\"https:\\\/\\\/centrourbano.com\\\/revista\\\/urbanismo\\\/sedatu-archdaily-building-2023\\\/\",\"name\":\"Obras de Sedatu son nominadas al Premio ArchDaily Building 2023\",\"isPartOf\":{\"@id\":\"https:\\\/\\\/centrourbano.com\\\/revista\\\/#website\"},\"primaryImageOfPage\":{\"@id\":\"https:\\\/\\\/centrourbano.com\\\/revista\\\/urbanismo\\\/sedatu-archdaily-building-2023\\\/#primaryimage\"},\"image\":{\"@id\":\"https:\\\/\\\/centrourbano.com\\\/revista\\\/urbanismo\\\/sedatu-archdaily-building-2023\\\/#primaryimage\"},\"thumbnailUrl\":\"https:\\\/\\\/centrourbano.com\\\/revista\\\/wp-content\\\/uploads\\\/Obras-de-Sedatu-son-nominadas-al-Premio-ArchDaily-Building-2023.jpg\",\"datePublished\":\"2023-02-07T23:14:58+00:00\",\"dateModified\":\"2023-02-08T00:45:29+00:00\",\"description\":\"Los proyectos de la Sedatu compiten en las categor\u00edas: Arquitectura cultural, Arquitectura educativa y Arquitectura de la salud\",\"breadcrumb\":{\"@id\":\"https:\\\/\\\/centrourbano.com\\\/revista\\\/urbanismo\\\/sedatu-archdaily-building-2023\\\/#breadcrumb\"},\"inLanguage\":\"es\",\"potentialAction\":[{\"@type\":\"ReadAction\",\"target\":[\"https:\\\/\\\/centrourbano.com\\\/revista\\\/urbanismo\\\/sedatu-archdaily-building-2023\\\/\"]}]},{\"@type\":\"ImageObject\",\"inLanguage\":\"es\",\"@id\":\"https:\\\/\\\/centrourbano.com\\\/revista\\\/urbanismo\\\/sedatu-archdaily-building-2023\\\/#primaryimage\",\"url\":\"https:\\\/\\\/centrourbano.com\\\/revista\\\/wp-content\\\/uploads\\\/Obras-de-Sedatu-son-nominadas-al-Premio-ArchDaily-Building-2023.jpg\",\"contentUrl\":\"https:\\\/\\\/centrourbano.com\\\/revista\\\/wp-content\\\/uploads\\\/Obras-de-Sedatu-son-nominadas-al-Premio-ArchDaily-Building-2023.jpg\",\"width\":500,\"height\":450,\"caption\":\"Los proyectos de la Sedatu compiten en las categor\u00edas: Arquitectura cultural, Arquitectura educativa y Arquitectura de la salud\"},{\"@type\":\"BreadcrumbList\",\"@id\":\"https:\\\/\\\/centrourbano.com\\\/revista\\\/urbanismo\\\/sedatu-archdaily-building-2023\\\/#breadcrumb\",\"itemListElement\":[{\"@type\":\"ListItem\",\"position\":1,\"name\":\"Portada\",\"item\":\"https:\\\/\\\/centrourbano.com\\\/revista\\\/\"},{\"@type\":\"ListItem\",\"position\":2,\"name\":\"Obras de Sedatu son nominadas al Premio ArchDaily Building 2023\"}]},{\"@type\":\"WebSite\",\"@id\":\"https:\\\/\\\/centrourbano.com\\\/revista\\\/#website\",\"url\":\"https:\\\/\\\/centrourbano.com\\\/revista\\\/\",\"name\":\"Centro Urbano\",\"description\":\"Medio especializado en los sectores vivienda, inmobiliario, construcci\u00f3n, arquitectura y urbanismo.\",\"publisher\":{\"@id\":\"https:\\\/\\\/centrourbano.com\\\/revista\\\/#organization\"},\"potentialAction\":[{\"@type\":\"SearchAction\",\"target\":{\"@type\":\"EntryPoint\",\"urlTemplate\":\"https:\\\/\\\/centrourbano.com\\\/revista\\\/?s={search_term_string}\"},\"query-input\":{\"@type\":\"PropertyValueSpecification\",\"valueRequired\":true,\"valueName\":\"search_term_string\"}}],\"inLanguage\":\"es\"},{\"@type\":\"Organization\",\"@id\":\"https:\\\/\\\/centrourbano.com\\\/revista\\\/#organization\",\"name\":\"Centro Urbano\",\"url\":\"https:\\\/\\\/centrourbano.com\\\/revista\\\/\",\"logo\":{\"@type\":\"ImageObject\",\"inLanguage\":\"es\",\"@id\":\"https:\\\/\\\/centrourbano.com\\\/revista\\\/#\\\/schema\\\/logo\\\/image\\\/\",\"url\":\"https:\\\/\\\/centrourbano.com\\\/revista\\\/wp-content\\\/uploads\\\/web_CU_logo-1.png\",\"contentUrl\":\"https:\\\/\\\/centrourbano.com\\\/revista\\\/wp-content\\\/uploads\\\/web_CU_logo-1.png\",\"width\":350,\"height\":91,\"caption\":\"Centro Urbano\"},\"image\":{\"@id\":\"https:\\\/\\\/centrourbano.com\\\/revista\\\/#\\\/schema\\\/logo\\\/image\\\/\"},\"sameAs\":[\"https:\\\/\\\/www.facebook.com\\\/portalcentrourbano\",\"https:\\\/\\\/x.com\\\/CentroUrbano\",\"https:\\\/\\\/www.instagram.com\\\/centro_urbano\\\/\",\"https:\\\/\\\/www.linkedin.com\\\/company\\\/centro-urbano\\\/\",\"http:\\\/\\\/www.youtube.com\\\/user\\\/portalcentrourbano\"]},{\"@type\":\"Person\",\"@id\":\"https:\\\/\\\/centrourbano.com\\\/revista\\\/#\\\/schema\\\/person\\\/b190b20bbbceb41ec72278c546fa8df3\",\"name\":\"Fernanda Hern\u00e1ndez\",\"image\":{\"@type\":\"ImageObject\",\"inLanguage\":\"es\",\"@id\":\"https:\\\/\\\/secure.gravatar.com\\\/avatar\\\/9471831fb0a24eae9d32d826a7cb8ef07c34a41520aca1a0ab1f5c0903ba49b9?s=96&d=mm&r=g\",\"url\":\"https:\\\/\\\/secure.gravatar.com\\\/avatar\\\/9471831fb0a24eae9d32d826a7cb8ef07c34a41520aca1a0ab1f5c0903ba49b9?s=96&d=mm&r=g\",\"contentUrl\":\"https:\\\/\\\/secure.gravatar.com\\\/avatar\\\/9471831fb0a24eae9d32d826a7cb8ef07c34a41520aca1a0ab1f5c0903ba49b9?s=96&d=mm&r=g\",\"caption\":\"Fernanda Hern\u00e1ndez\"},\"description\":\"Reportera y redactora en Centro Urbano. Soy egresada de la licenciatura en Ciencias de la Comunicaci\u00f3n de la Facultad de Ciencias Pol\u00edticas y Sociales (UNAM). Me interesa la cultura, el urbanismo y la arquitectura. Amante del mundo digital, el cine, la m\u00fasica, la lectura y la escritura.\",\"sameAs\":[\"https:\\\/\\\/x.com\\\/https:\\\/\\\/twitter.com\\\/Nannz_Hernandez\"],\"url\":\"https:\\\/\\\/centrourbano.com\\\/revista\\\/author\\\/fernanda-hernandez\\\/\"}]}<\/script>\n<!-- \/ Yoast SEO plugin. -->","yoast_head_json":{"title":"Obras de Sedatu son nominadas al Premio ArchDaily Building 2023","description":"Los proyectos de la Sedatu compiten en las categor\u00edas: Arquitectura cultural, Arquitectura educativa y Arquitectura de la salud","robots":{"index":"index","follow":"follow","max-snippet":"max-snippet:-1","max-image-preview":"max-image-preview:large","max-video-preview":"max-video-preview:-1"},"canonical":"https:\/\/centrourbano.com\/revista\/urbanismo\/sedatu-archdaily-building-2023\/","og_locale":"es_ES","og_type":"article","og_title":"Obras de Sedatu son nominadas al Premio ArchDaily Building 2023","og_description":"Los proyectos de la Sedatu compiten en las categor\u00edas: Arquitectura cultural, Arquitectura educativa y Arquitectura de la salud","og_url":"https:\/\/centrourbano.com\/revista\/urbanismo\/sedatu-archdaily-building-2023\/","og_site_name":"Centro Urbano","article_publisher":"https:\/\/www.facebook.com\/portalcentrourbano","article_published_time":"2023-02-07T23:14:58+00:00","article_modified_time":"2023-02-08T00:45:29+00:00","og_image":[{"width":500,"height":450,"url":"https:\/\/centrourbano.com\/revista\/wp-content\/uploads\/Obras-de-Sedatu-son-nominadas-al-Premio-ArchDaily-Building-2023.jpg","type":"image\/jpeg"}],"author":"Fernanda Hern\u00e1ndez","twitter_card":"summary_large_image","twitter_creator":"@https:\/\/twitter.com\/Nannz_Hernandez","twitter_site":"@CentroUrbano","twitter_misc":{"Escrito por":"Fernanda Hern\u00e1ndez","Tiempo de lectura":"1 minuto"},"schema":{"@context":"https:\/\/schema.org","@graph":[{"@type":"Article","@id":"https:\/\/centrourbano.com\/revista\/urbanismo\/sedatu-archdaily-building-2023\/#article","isPartOf":{"@id":"https:\/\/centrourbano.com\/revista\/urbanismo\/sedatu-archdaily-building-2023\/"},"author":{"name":"Fernanda Hern\u00e1ndez","@id":"https:\/\/centrourbano.com\/revista\/#\/schema\/person\/b190b20bbbceb41ec72278c546fa8df3"},"headline":"Obras de Sedatu son nominadas al Premio ArchDaily Building 2023","datePublished":"2023-02-07T23:14:58+00:00","dateModified":"2023-02-08T00:45:29+00:00","mainEntityOfPage":{"@id":"https:\/\/centrourbano.com\/revista\/urbanismo\/sedatu-archdaily-building-2023\/"},"wordCount":280,"commentCount":0,"publisher":{"@id":"https:\/\/centrourbano.com\/revista\/#organization"},"image":{"@id":"https:\/\/centrourbano.com\/revista\/urbanismo\/sedatu-archdaily-building-2023\/#primaryimage"},"thumbnailUrl":"https:\/\/centrourbano.com\/revista\/wp-content\/uploads\/Obras-de-Sedatu-son-nominadas-al-Premio-ArchDaily-Building-2023.jpg","keywords":["ArchDaily","arquitectura","Premio","Programa de Mejoramiento Urbano","Sedatu"],"articleSection":["Arquitectura","Urbanismo"],"inLanguage":"es","potentialAction":[{"@type":"CommentAction","name":"Comment","target":["https:\/\/centrourbano.com\/revista\/urbanismo\/sedatu-archdaily-building-2023\/#respond"]}]},{"@type":"WebPage","@id":"https:\/\/centrourbano.com\/revista\/urbanismo\/sedatu-archdaily-building-2023\/","url":"https:\/\/centrourbano.com\/revista\/urbanismo\/sedatu-archdaily-building-2023\/","name":"Obras de Sedatu son nominadas al Premio ArchDaily Building 2023","isPartOf":{"@id":"https:\/\/centrourbano.com\/revista\/#website"},"primaryImageOfPage":{"@id":"https:\/\/centrourbano.com\/revista\/urbanismo\/sedatu-archdaily-building-2023\/#primaryimage"},"image":{"@id":"https:\/\/centrourbano.com\/revista\/urbanismo\/sedatu-archdaily-building-2023\/#primaryimage"},"thumbnailUrl":"https:\/\/centrourbano.com\/revista\/wp-content\/uploads\/Obras-de-Sedatu-son-nominadas-al-Premio-ArchDaily-Building-2023.jpg","datePublished":"2023-02-07T23:14:58+00:00","dateModified":"2023-02-08T00:45:29+00:00","description":"Los proyectos de la Sedatu compiten en las categor\u00edas: Arquitectura cultural, Arquitectura educativa y Arquitectura de la salud","breadcrumb":{"@id":"https:\/\/centrourbano.com\/revista\/urbanismo\/sedatu-archdaily-building-2023\/#breadcrumb"},"inLanguage":"es","potentialAction":[{"@type":"ReadAction","target":["https:\/\/centrourbano.com\/revista\/urbanismo\/sedatu-archdaily-building-2023\/"]}]},{"@type":"ImageObject","inLanguage":"es","@id":"https:\/\/centrourbano.com\/revista\/urbanismo\/sedatu-archdaily-building-2023\/#primaryimage","url":"https:\/\/centrourbano.com\/revista\/wp-content\/uploads\/Obras-de-Sedatu-son-nominadas-al-Premio-ArchDaily-Building-2023.jpg","contentUrl":"https:\/\/centrourbano.com\/revista\/wp-content\/uploads\/Obras-de-Sedatu-son-nominadas-al-Premio-ArchDaily-Building-2023.jpg","width":500,"height":450,"caption":"Los proyectos de la Sedatu compiten en las categor\u00edas: Arquitectura cultural, Arquitectura educativa y Arquitectura de la salud"},{"@type":"BreadcrumbList","@id":"https:\/\/centrourbano.com\/revista\/urbanismo\/sedatu-archdaily-building-2023\/#breadcrumb","itemListElement":[{"@type":"ListItem","position":1,"name":"Portada","item":"https:\/\/centrourbano.com\/revista\/"},{"@type":"ListItem","position":2,"name":"Obras de Sedatu son nominadas al Premio ArchDaily Building 2023"}]},{"@type":"WebSite","@id":"https:\/\/centrourbano.com\/revista\/#website","url":"https:\/\/centrourbano.com\/revista\/","name":"Centro Urbano","description":"Medio especializado en los sectores vivienda, inmobiliario, construcci\u00f3n, arquitectura y urbanismo.","publisher":{"@id":"https:\/\/centrourbano.com\/revista\/#organization"},"potentialAction":[{"@type":"SearchAction","target":{"@type":"EntryPoint","urlTemplate":"https:\/\/centrourbano.com\/revista\/?s={search_term_string}"},"query-input":{"@type":"PropertyValueSpecification","valueRequired":true,"valueName":"search_term_string"}}],"inLanguage":"es"},{"@type":"Organization","@id":"https:\/\/centrourbano.com\/revista\/#organization","name":"Centro Urbano","url":"https:\/\/centrourbano.com\/revista\/","logo":{"@type":"ImageObject","inLanguage":"es","@id":"https:\/\/centrourbano.com\/revista\/#\/schema\/logo\/image\/","url":"https:\/\/centrourbano.com\/revista\/wp-content\/uploads\/web_CU_logo-1.png","contentUrl":"https:\/\/centrourbano.com\/revista\/wp-content\/uploads\/web_CU_logo-1.png","width":350,"height":91,"caption":"Centro Urbano"},"image":{"@id":"https:\/\/centrourbano.com\/revista\/#\/schema\/logo\/image\/"},"sameAs":["https:\/\/www.facebook.com\/portalcentrourbano","https:\/\/x.com\/CentroUrbano","https:\/\/www.instagram.com\/centro_urbano\/","https:\/\/www.linkedin.com\/company\/centro-urbano\/","http:\/\/www.youtube.com\/user\/portalcentrourbano"]},{"@type":"Person","@id":"https:\/\/centrourbano.com\/revista\/#\/schema\/person\/b190b20bbbceb41ec72278c546fa8df3","name":"Fernanda Hern\u00e1ndez","image":{"@type":"ImageObject","inLanguage":"es","@id":"https:\/\/secure.gravatar.com\/avatar\/9471831fb0a24eae9d32d826a7cb8ef07c34a41520aca1a0ab1f5c0903ba49b9?s=96&d=mm&r=g","url":"https:\/\/secure.gravatar.com\/avatar\/9471831fb0a24eae9d32d826a7cb8ef07c34a41520aca1a0ab1f5c0903ba49b9?s=96&d=mm&r=g","contentUrl":"https:\/\/secure.gravatar.com\/avatar\/9471831fb0a24eae9d32d826a7cb8ef07c34a41520aca1a0ab1f5c0903ba49b9?s=96&d=mm&r=g","caption":"Fernanda Hern\u00e1ndez"},"description":"Reportera y redactora en Centro Urbano. Soy egresada de la licenciatura en Ciencias de la Comunicaci\u00f3n de la Facultad de Ciencias Pol\u00edticas y Sociales (UNAM). Me interesa la cultura, el urbanismo y la arquitectura. Amante del mundo digital, el cine, la m\u00fasica, la lectura y la escritura.","sameAs":["https:\/\/x.com\/https:\/\/twitter.com\/Nannz_Hernandez"],"url":"https:\/\/centrourbano.com\/revista\/author\/fernanda-hernandez\/"}]}},"_links":{"self":[{"href":"https:\/\/centrourbano.com\/revista\/wp-json\/wp\/v2\/posts\/137653","targetHints":{"allow":["GET"]}}],"collection":[{"href":"https:\/\/centrourbano.com\/revista\/wp-json\/wp\/v2\/posts"}],"about":[{"href":"https:\/\/centrourbano.com\/revista\/wp-json\/wp\/v2\/types\/post"}],"author":[{"embeddable":true,"href":"https:\/\/centrourbano.com\/revista\/wp-json\/wp\/v2\/users\/73"}],"replies":[{"embeddable":true,"href":"https:\/\/centrourbano.com\/revista\/wp-json\/wp\/v2\/comments?post=137653"}],"version-history":[{"count":1,"href":"https:\/\/centrourbano.com\/revista\/wp-json\/wp\/v2\/posts\/137653\/revisions"}],"predecessor-version":[{"id":137674,"href":"https:\/\/centrourbano.com\/revista\/wp-json\/wp\/v2\/posts\/137653\/revisions\/137674"}],"wp:featuredmedia":[{"embeddable":true,"href":"https:\/\/centrourbano.com\/revista\/wp-json\/wp\/v2\/media\/137661"}],"wp:attachment":[{"href":"https:\/\/centrourbano.com\/revista\/wp-json\/wp\/v2\/media?parent=137653"}],"wp:term":[{"taxonomy":"category","embeddable":true,"href":"https:\/\/centrourbano.com\/revista\/wp-json\/wp\/v2\/categories?post=137653"},{"taxonomy":"post_tag","embeddable":true,"href":"https:\/\/centrourbano.com\/revista\/wp-json\/wp\/v2\/tags?post=137653"}],"curies":[{"name":"wp","href":"https:\/\/api.w.org\/{rel}","templated":true}]}}