{"id":137425,"date":"2023-01-30T09:26:24","date_gmt":"2023-01-30T15:26:24","guid":{"rendered":"https:\/\/centrourbano.com\/?p=137425"},"modified":"2023-02-10T17:36:37","modified_gmt":"2023-02-10T23:36:37","slug":"regresaran-algun-dia-las-grandes-inversiones-inmobiliarias","status":"publish","type":"post","link":"https:\/\/centrourbano.com\/revista\/opinion\/regresaran-algun-dia-las-grandes-inversiones-inmobiliarias\/","title":{"rendered":"\u00bfRegresar\u00e1n alg\u00fan d\u00eda las grandes inversiones inmobiliarias?"},"content":{"rendered":"<p>Se fueron asustadas. \u00bfRegresar\u00e1n alg\u00fan d\u00eda las grandes inversiones inmobiliarias que han abandonado el pa\u00eds? \u00bfQu\u00e9 hay que hacer para que eso pase?<\/p>\n<p>Por Horacio Urbano.*<!--more--><\/p>\n<p>Hace unos d\u00edas, un muy buen economista mexicano trataba de explicar las razones del gran momento que vive el peso mexicano. Y lo hacia en un ejercicio encaminado a trazar perspectivas 2023 tanto para nuestra econom\u00eda, como para el sector inmobiliario.<\/p>\n<p>Habl\u00f3 de factores internos y externos, pero acab\u00f3 reconociendo que no acababa de entender qu\u00e9 carajos era lo que le confer\u00eda sus superpoderes al Super Peso.<\/p>\n<p>Porque es evidente que los sectores productivos est\u00e1n golpeados (algunos m\u00e1s que otros), que la inflaci\u00f3n ha pegado y sigue pegando, y que la confianza es un bien m\u00e1s bien escaso.<\/p>\n<p>Pero en medio de esto hay que reconocer que la econom\u00eda mexicana es un muerto que goza de muy razonable salud.<\/p>\n<p>Los \u00edndices de empleo se defienden, la gente sigue comprando y, y este es un \u201cY\u201d muy importante; las llaves del cr\u00e9dito no solo siguen abiertas, sino que siguen abiertas y bajo condiciones que lo hacen disponible, seguro y con un costo aceptable.<\/p>\n<h2><strong>Inversiones inmobiliarias <\/strong><\/h2>\n<p>Y sin embargo, pese a que los sectores productivos han hecho milagros para sobrevivir una pandemia, la desaceleraci\u00f3n de las econom\u00edas -locales y global-, una guerra y una espiral inflacionaria que esta empobreciendo al mundo, poco pueden hacer si los entornos en que se desenvuelven limitan su viabilidad futura y son verdaderos espantap\u00e1jaros de inversiones.<\/p>\n<p>Porque el hecho es que en los diferentes sectores productivos, sin excepciones, hay segmentos que lucen particularmente complicados, porque llevan a\u00f1os en crisis provocadas por voluntades pol\u00edticas y debilidades normativas.<\/p>\n<p>Y ese es el caso del sector inmobiliario, del que a\u00fan reconociendo las diferencias de desempe\u00f1o conforme a segmento, regi\u00f3n, plaza, ubicaci\u00f3n espec\u00edfica y caracter\u00edsticas de cada mercado y cada producto, hay que decir que vive momentos dif\u00edciles, que han provocado la fuga masiva de enormes capitales.<\/p>\n<h2><strong>C\u00f3mprate un perro<\/strong><\/h2>\n<p>Porque los capitales siempre han sido volubles, y, como alguna ve me dijo con un tequila en la mano mi querido amigo, Luis Enrique Mercado, fundador del peri\u00f3dico El Econ\u00f3mista, a quien mucho le aprend\u00ed,y le sigo aprendiendo: \u201ca muchos analistas les gusta hablar de los \u201ccapitales golondrinos\u201d, pero eso es hacerle al g\u00fcey, porque en el fondo, todos los capitales son golondrinos, porque les gusta llegar a destinos rentables y seguros, pero los abandonan sin titubear apenas ven caer esa seguridad o encuentran nuevos destinos que les brindan mejores rendimientos y, sobre todo, mayor seguridad\u201d.<\/p>\n<p>\u201cSi quieres fidelidad, c\u00f3mprate un perro\u201d.<\/p>\n<p>Sin sorpresas ni tirarse al suelo, porque como dir\u00eda el Piojo Herrera, \u201csin Yolanda, Maricarmen\u201d\u2026 Esa es la naturaleza de la lana\u2026<\/p>\n<p>Y el hecho es que desde antes de la pandemia, los grandes capitales del sector inmobiliario sintieron amenazadas su rentabilidad y su seguridad, y levantaron el vuelo en busca de nuevos destinos\u2026 O aminoraron la marcha y bajaron sus expectativas en el mercado inmobiliario mexicano.<\/p>\n<h2><strong>Se fueron asustadas<\/strong><\/h2>\n<p>Y no hay forma de culparlos, c\u00f3mo hacerlo cuando en mercados tan importantes como el de la Ciudad de M\u00e9xico, las autoridades se han cansado de mandar se\u00f1ales que hacen m\u00e1s que evidente su rechazo al sector inmobiliario.<\/p>\n<p>Y esto es una pena, porque la transformaci\u00f3n urbana, y las competitividades econ\u00f3mica y social, requieren muchos proyectos inmobiliarios\u2026 Proyectos inmobiliarios de todo tipo\u2026 Y esos proyectos generan empleos y deber\u00e1n ser puentes que nos conduzcan a un futuro planeado.<\/p>\n<p>Ni modo. Se fueron asustadas. \u00bfRegresar\u00e1n alg\u00fan d\u00eda las grandes inversiones inmobiliarias que han abandonado el pa\u00eds? \u00bfQu\u00e9 hay que hacer para que eso pase?<\/p>\n<p>Porque no se trata solo de pretender recuperar esas inversiones, porque ese proceso, que no es ni f\u00e1cil, ni r\u00e1pido, inicia con las complejidades impl\u00edcitas en los procesos de recuperar la confianza y el atractivo como destino de inversi\u00f3n.<\/p>\n<p>Habr\u00eda que preguntar a d\u00f3nde se fueron los miles de millones de d\u00f3lares que estaban destinados a financiar centros comerciales, complejos corporativos, activos tur\u00edsticos, parques industriales y viviendas.<\/p>\n<h2><strong>Auditor\u00eda de prejuicios<\/strong><\/h2>\n<p>\u00bfA d\u00f3nde se fueron y cu\u00e1les han sido las implicaciones de que esos proyectos no se hicieran?<\/p>\n<p>Porque es obvio que la migraci\u00f3n de la lana tiene un costo econ\u00f3mico, pero habr\u00eda que considerar tambi\u00e9n qu\u00e9 costos hubo en lo social, lo urbano y lo ambiental.<\/p>\n<p>Claro que en muchos casos sigue bien viva la demanda que dio pie a esos proyectos y habr\u00eda oportunidad de revivirlos\u2026 Solo habr\u00eda que ver que tendr\u00edan que hacer para ello las autoridades y s\u00ed estar\u00edan dispuestas a hacerlo.<\/p>\n<p>De entrada tendr\u00edan que hacerse una auditor\u00eda de prejuicios para diferenciar razones v\u00e1lidas, de inv\u00e1lidas, de entre aquellas en que basan su fobia al sector inmobiliario.<\/p>\n<p>\u201cEs de que hay un cartel inmobiliario en la Benito Ju\u00e1rez\u201d\u2026<\/p>\n<p>Pues era simple, se\u00f1oras y se\u00f1ores funcionarios, bastaba con sancionar a los culpables, los del sector p\u00fablico y los del sector privado.,. No hac\u00eda falta estigmatizar a todo un sector productivo, y menos castigar a la ciudad y sus ciudadanos poniendo el freno de mano a esta actividad, sus proyectos y sus empleos.<\/p>\n<h2><strong>Necesitamos esas inversiones<\/strong><\/h2>\n<p>Y es que visto desapasionadamente, M\u00e9xico, sus ciudades y sus ciudadanos, necesitan esas inversiones y necesitan, sobre todo, los inmensos beneficios que, cuando las cosas se hacen bien, debe traer el sector inmobiliario.<\/p>\n<p>Porque urge acelerar el ritmo de la recuperaci\u00f3n, y urge aprovechar el momento que viven sectores como el turismo y el industrial.<\/p>\n<p>Hay, por ejemplo, enormes expectativas en el famoso nearshoring\u2026 Solo que nos se nos debe olvidar que capitalizar esas expectativas implica generar entornos favorables para la inversi\u00f3n, y que esos entornos implican, desde luego, fortalezas urbanas e inmobiliarias que hay que construir.<\/p>\n<p>Ojo\u2026 Buena parte de las grandes inversiones inmobiliarias que hab\u00eda en M\u00e9xico se fueron y se siguen yendo asustadas.<\/p>\n<p>\u00bfRegresar\u00e1n alg\u00fan d\u00eda?<\/p>\n<p>Puede ser, en tanto como ya dije, los grandes capitales no tienen mayor apego a sus nidos y con gusto levantan el vuelo apenas encuentran mejores destinos de inversi\u00f3n.<\/p>\n<p>Pero no ser\u00e1 f\u00e1cil, porque una vez aterrizamos son parte de procesos con largos ciclos de desarrollo.<\/p>\n<p>\u00bfQu\u00e9 hay que hacer para que eso pase? Construir confianza\u2026<\/p>\n<h2><strong>Perspectivas 2023<\/strong><\/h2>\n<p>Con el fin de entender el a\u00f1o que se nos vine encima, invitamos a un grupo de expertos a que nos dieran su opini\u00f3n sobre el futuro inmediato relacionado con los sectores construcci\u00f3n, inmobiliario y vivienda.<\/p>\n<p>Esto dio como resultado una incre\u00edble serie de columnas y charlas que estamos publicando en las diferentes plataformas de Centro Urbano y estamos circulando por nuestras redes sociales bajo el HT <strong>#<a href=\"https:\/\/centrourbano.com\/perspectivas-2023\/\">CUperspectivas2023.<\/a><\/strong><\/p>\n<p>No se las pierdan\u2026<\/p>\n<p>&nbsp;<\/p>\n<p>&nbsp;<\/p>\n<p>&nbsp;<\/p>\n","protected":false},"excerpt":{"rendered":"<p>Se fueron asustadas. \u00bfRegresar\u00e1n alg\u00fan d\u00eda las grandes inversiones inmobiliarias que han abandonado el pa\u00eds? \u00bfQu\u00e9 hay que hacer para que eso pase? Por Horacio Urbano.*<\/p>\n","protected":false},"author":13,"featured_media":137805,"comment_status":"open","ping_status":"closed","sticky":false,"template":"","format":"standard","meta":{"om_disable_all_campaigns":false,"inline_featured_image":false,"_monsterinsights_skip_tracking":false,"_monsterinsights_sitenote_active":false,"_monsterinsights_sitenote_note":"","_monsterinsights_sitenote_category":0,"footnotes":""},"categories":[241,242,5,22570],"tags":[4311,936,22585,170,12287,22577],"class_list":["post-137425","post","type-post","status-publish","format-standard","has-post-thumbnail","hentry","category-blog-desde-la-casa","category-blog-de-invitado","category-opinion","category-perspectivas-2023","tag-columna","tag-economia","tag-en-la-opinion-de","tag-horacio-urbano","tag-inversiones-inmobiliarias","tag-prespectivas2023"],"yoast_head":"<!-- This site is optimized with the Yoast SEO plugin v27.5 - https:\/\/yoast.com\/product\/yoast-seo-wordpress\/ -->\n<title>\u00bfRegresar\u00e1n alg\u00fan d\u00eda las grandes inversiones inmobiliarias?<\/title>\n<meta name=\"description\" content=\"Se fueron asustadas. \u00bfRegresar\u00e1n alg\u00fan d\u00eda las grandes inversiones inmobiliarias que han abandonado el pa\u00eds? \u00bfQu\u00e9 hay que hacer para que eso pase?\" \/>\n<meta name=\"robots\" content=\"index, follow, max-snippet:-1, max-image-preview:large, max-video-preview:-1\" \/>\n<link rel=\"canonical\" href=\"https:\/\/centrourbano.com\/revista\/opinion\/regresaran-algun-dia-las-grandes-inversiones-inmobiliarias\/\" \/>\n<meta property=\"og:locale\" content=\"es_ES\" \/>\n<meta property=\"og:type\" content=\"article\" \/>\n<meta property=\"og:title\" content=\"\u00bfRegresar\u00e1n alg\u00fan d\u00eda las grandes inversiones inmobiliarias?\" \/>\n<meta property=\"og:description\" content=\"Se fueron asustadas. \u00bfRegresar\u00e1n alg\u00fan d\u00eda las grandes inversiones inmobiliarias que han abandonado el pa\u00eds? \u00bfQu\u00e9 hay que hacer para que eso pase?\" \/>\n<meta property=\"og:url\" content=\"https:\/\/centrourbano.com\/revista\/opinion\/regresaran-algun-dia-las-grandes-inversiones-inmobiliarias\/\" \/>\n<meta property=\"og:site_name\" content=\"Centro Urbano\" \/>\n<meta property=\"article:publisher\" content=\"https:\/\/www.facebook.com\/portalcentrourbano\" \/>\n<meta property=\"article:author\" content=\"https:\/\/www.facebook.com\/urbano.horacio\/\" \/>\n<meta property=\"article:published_time\" content=\"2023-01-30T15:26:24+00:00\" \/>\n<meta property=\"article:modified_time\" content=\"2023-02-10T23:36:37+00:00\" \/>\n<meta property=\"og:image\" content=\"https:\/\/centrourbano.com\/revista\/wp-content\/uploads\/Horacio.jpg\" \/>\n\t<meta property=\"og:image:width\" content=\"711\" \/>\n\t<meta property=\"og:image:height\" content=\"711\" \/>\n\t<meta property=\"og:image:type\" content=\"image\/jpeg\" \/>\n<meta name=\"author\" content=\"Horacio Urbano\" \/>\n<meta name=\"twitter:card\" content=\"summary_large_image\" \/>\n<meta name=\"twitter:creator\" content=\"@https:\/\/twitter.com\/horacio_urbano\" \/>\n<meta name=\"twitter:site\" content=\"@CentroUrbano\" \/>\n<meta name=\"twitter:label1\" content=\"Escrito por\" \/>\n\t<meta name=\"twitter:data1\" content=\"Horacio Urbano\" \/>\n\t<meta name=\"twitter:label2\" content=\"Tiempo de lectura\" \/>\n\t<meta name=\"twitter:data2\" content=\"6 minutos\" \/>\n<script type=\"application\/ld+json\" class=\"yoast-schema-graph\">{\"@context\":\"https:\\\/\\\/schema.org\",\"@graph\":[{\"@type\":\"Article\",\"@id\":\"https:\\\/\\\/centrourbano.com\\\/revista\\\/opinion\\\/regresaran-algun-dia-las-grandes-inversiones-inmobiliarias\\\/#article\",\"isPartOf\":{\"@id\":\"https:\\\/\\\/centrourbano.com\\\/revista\\\/opinion\\\/regresaran-algun-dia-las-grandes-inversiones-inmobiliarias\\\/\"},\"author\":{\"name\":\"Horacio Urbano\",\"@id\":\"https:\\\/\\\/centrourbano.com\\\/revista\\\/#\\\/schema\\\/person\\\/69755154fe97eeebe4fe9394cb318d28\"},\"headline\":\"\u00bfRegresar\u00e1n alg\u00fan d\u00eda las grandes inversiones inmobiliarias?\",\"datePublished\":\"2023-01-30T15:26:24+00:00\",\"dateModified\":\"2023-02-10T23:36:37+00:00\",\"mainEntityOfPage\":{\"@id\":\"https:\\\/\\\/centrourbano.com\\\/revista\\\/opinion\\\/regresaran-algun-dia-las-grandes-inversiones-inmobiliarias\\\/\"},\"wordCount\":1193,\"commentCount\":0,\"publisher\":{\"@id\":\"https:\\\/\\\/centrourbano.com\\\/revista\\\/#organization\"},\"image\":{\"@id\":\"https:\\\/\\\/centrourbano.com\\\/revista\\\/opinion\\\/regresaran-algun-dia-las-grandes-inversiones-inmobiliarias\\\/#primaryimage\"},\"thumbnailUrl\":\"https:\\\/\\\/centrourbano.com\\\/revista\\\/wp-content\\\/uploads\\\/Horacio.jpg\",\"keywords\":[\"Columna\",\"econom\u00eda\",\"En la opini\u00f3n de\",\"Horacio Urbano\",\"Inversiones Inmobiliarias\",\"Prespectivas2023\"],\"articleSection\":[\"Desde la Casa\",\"En la opini\u00f3n de\",\"Opini\u00f3n\",\"Perspectivas 2023\"],\"inLanguage\":\"es\",\"potentialAction\":[{\"@type\":\"CommentAction\",\"name\":\"Comment\",\"target\":[\"https:\\\/\\\/centrourbano.com\\\/revista\\\/opinion\\\/regresaran-algun-dia-las-grandes-inversiones-inmobiliarias\\\/#respond\"]}]},{\"@type\":\"WebPage\",\"@id\":\"https:\\\/\\\/centrourbano.com\\\/revista\\\/opinion\\\/regresaran-algun-dia-las-grandes-inversiones-inmobiliarias\\\/\",\"url\":\"https:\\\/\\\/centrourbano.com\\\/revista\\\/opinion\\\/regresaran-algun-dia-las-grandes-inversiones-inmobiliarias\\\/\",\"name\":\"\u00bfRegresar\u00e1n alg\u00fan d\u00eda las grandes inversiones inmobiliarias?\",\"isPartOf\":{\"@id\":\"https:\\\/\\\/centrourbano.com\\\/revista\\\/#website\"},\"primaryImageOfPage\":{\"@id\":\"https:\\\/\\\/centrourbano.com\\\/revista\\\/opinion\\\/regresaran-algun-dia-las-grandes-inversiones-inmobiliarias\\\/#primaryimage\"},\"image\":{\"@id\":\"https:\\\/\\\/centrourbano.com\\\/revista\\\/opinion\\\/regresaran-algun-dia-las-grandes-inversiones-inmobiliarias\\\/#primaryimage\"},\"thumbnailUrl\":\"https:\\\/\\\/centrourbano.com\\\/revista\\\/wp-content\\\/uploads\\\/Horacio.jpg\",\"datePublished\":\"2023-01-30T15:26:24+00:00\",\"dateModified\":\"2023-02-10T23:36:37+00:00\",\"description\":\"Se fueron asustadas. \u00bfRegresar\u00e1n alg\u00fan d\u00eda las grandes inversiones inmobiliarias que han abandonado el pa\u00eds? \u00bfQu\u00e9 hay que hacer para que eso pase?\",\"breadcrumb\":{\"@id\":\"https:\\\/\\\/centrourbano.com\\\/revista\\\/opinion\\\/regresaran-algun-dia-las-grandes-inversiones-inmobiliarias\\\/#breadcrumb\"},\"inLanguage\":\"es\",\"potentialAction\":[{\"@type\":\"ReadAction\",\"target\":[\"https:\\\/\\\/centrourbano.com\\\/revista\\\/opinion\\\/regresaran-algun-dia-las-grandes-inversiones-inmobiliarias\\\/\"]}]},{\"@type\":\"ImageObject\",\"inLanguage\":\"es\",\"@id\":\"https:\\\/\\\/centrourbano.com\\\/revista\\\/opinion\\\/regresaran-algun-dia-las-grandes-inversiones-inmobiliarias\\\/#primaryimage\",\"url\":\"https:\\\/\\\/centrourbano.com\\\/revista\\\/wp-content\\\/uploads\\\/Horacio.jpg\",\"contentUrl\":\"https:\\\/\\\/centrourbano.com\\\/revista\\\/wp-content\\\/uploads\\\/Horacio.jpg\",\"width\":711,\"height\":711},{\"@type\":\"BreadcrumbList\",\"@id\":\"https:\\\/\\\/centrourbano.com\\\/revista\\\/opinion\\\/regresaran-algun-dia-las-grandes-inversiones-inmobiliarias\\\/#breadcrumb\",\"itemListElement\":[{\"@type\":\"ListItem\",\"position\":1,\"name\":\"Portada\",\"item\":\"https:\\\/\\\/centrourbano.com\\\/revista\\\/\"},{\"@type\":\"ListItem\",\"position\":2,\"name\":\"\u00bfRegresar\u00e1n alg\u00fan d\u00eda las grandes inversiones inmobiliarias?\"}]},{\"@type\":\"WebSite\",\"@id\":\"https:\\\/\\\/centrourbano.com\\\/revista\\\/#website\",\"url\":\"https:\\\/\\\/centrourbano.com\\\/revista\\\/\",\"name\":\"Centro Urbano\",\"description\":\"Medio especializado en los sectores vivienda, inmobiliario, construcci\u00f3n, arquitectura y urbanismo.\",\"publisher\":{\"@id\":\"https:\\\/\\\/centrourbano.com\\\/revista\\\/#organization\"},\"potentialAction\":[{\"@type\":\"SearchAction\",\"target\":{\"@type\":\"EntryPoint\",\"urlTemplate\":\"https:\\\/\\\/centrourbano.com\\\/revista\\\/?s={search_term_string}\"},\"query-input\":{\"@type\":\"PropertyValueSpecification\",\"valueRequired\":true,\"valueName\":\"search_term_string\"}}],\"inLanguage\":\"es\"},{\"@type\":\"Organization\",\"@id\":\"https:\\\/\\\/centrourbano.com\\\/revista\\\/#organization\",\"name\":\"Centro Urbano\",\"url\":\"https:\\\/\\\/centrourbano.com\\\/revista\\\/\",\"logo\":{\"@type\":\"ImageObject\",\"inLanguage\":\"es\",\"@id\":\"https:\\\/\\\/centrourbano.com\\\/revista\\\/#\\\/schema\\\/logo\\\/image\\\/\",\"url\":\"https:\\\/\\\/centrourbano.com\\\/revista\\\/wp-content\\\/uploads\\\/web_CU_logo-1.png\",\"contentUrl\":\"https:\\\/\\\/centrourbano.com\\\/revista\\\/wp-content\\\/uploads\\\/web_CU_logo-1.png\",\"width\":350,\"height\":91,\"caption\":\"Centro Urbano\"},\"image\":{\"@id\":\"https:\\\/\\\/centrourbano.com\\\/revista\\\/#\\\/schema\\\/logo\\\/image\\\/\"},\"sameAs\":[\"https:\\\/\\\/www.facebook.com\\\/portalcentrourbano\",\"https:\\\/\\\/x.com\\\/CentroUrbano\",\"https:\\\/\\\/www.instagram.com\\\/centro_urbano\\\/\",\"https:\\\/\\\/www.linkedin.com\\\/company\\\/centro-urbano\\\/\",\"http:\\\/\\\/www.youtube.com\\\/user\\\/portalcentrourbano\"]},{\"@type\":\"Person\",\"@id\":\"https:\\\/\\\/centrourbano.com\\\/revista\\\/#\\\/schema\\\/person\\\/69755154fe97eeebe4fe9394cb318d28\",\"name\":\"Horacio Urbano\",\"image\":{\"@type\":\"ImageObject\",\"inLanguage\":\"es\",\"@id\":\"https:\\\/\\\/secure.gravatar.com\\\/avatar\\\/bf4232bac122249113b7bcc4636a8d0432b9fa8bcce4243f1ed6c1ecb8fe915f?s=96&d=mm&r=g\",\"url\":\"https:\\\/\\\/secure.gravatar.com\\\/avatar\\\/bf4232bac122249113b7bcc4636a8d0432b9fa8bcce4243f1ed6c1ecb8fe915f?s=96&d=mm&r=g\",\"contentUrl\":\"https:\\\/\\\/secure.gravatar.com\\\/avatar\\\/bf4232bac122249113b7bcc4636a8d0432b9fa8bcce4243f1ed6c1ecb8fe915f?s=96&d=mm&r=g\",\"caption\":\"Horacio Urbano\"},\"description\":\"Horacio Urbano es arquitecto. Su experiencia profesional se ha desarrollado en los diferentes \u00e1mbitos que definen la industria de la vivienda. En 1999 inici\u00f3 un proyecto editorial dirigido a los sectores inmobiliario y construcci\u00f3n que a lo largo de los a\u00f1os se ha convertido en una poderosa plataforma multimedios y en una verdadera referencia para esta industria. Fundador, junto con la tambi\u00e9n arquitecta Roxana Fabris, de Grupo Centro Urbano, firma que impulsa y desarrolla una serie de esfuerzos de comunicaci\u00f3n relacionados con estos sectores. Como parte de su trabajo en M\u00e9xico y el extranjero, ha escrito o participado en una serie de libros especializados, es colaborador de diferentes medios impresos y electr\u00f3nicos, es activo conferencista y bajo diferentes modelos colabora tambi\u00e9n con diversas empresas e instituciones p\u00fablicas y privadas del sector.\",\"sameAs\":[\"http:\\\/\\\/horaciourbano.com\\\/home\\\/\",\"https:\\\/\\\/www.facebook.com\\\/urbano.horacio\\\/\",\"https:\\\/\\\/x.com\\\/https:\\\/\\\/twitter.com\\\/horacio_urbano\"],\"url\":\"https:\\\/\\\/centrourbano.com\\\/revista\\\/author\\\/horacio-urbano\\\/\"}]}<\/script>\n<!-- \/ Yoast SEO plugin. -->","yoast_head_json":{"title":"\u00bfRegresar\u00e1n alg\u00fan d\u00eda las grandes inversiones inmobiliarias?","description":"Se fueron asustadas. \u00bfRegresar\u00e1n alg\u00fan d\u00eda las grandes inversiones inmobiliarias que han abandonado el pa\u00eds? \u00bfQu\u00e9 hay que hacer para que eso pase?","robots":{"index":"index","follow":"follow","max-snippet":"max-snippet:-1","max-image-preview":"max-image-preview:large","max-video-preview":"max-video-preview:-1"},"canonical":"https:\/\/centrourbano.com\/revista\/opinion\/regresaran-algun-dia-las-grandes-inversiones-inmobiliarias\/","og_locale":"es_ES","og_type":"article","og_title":"\u00bfRegresar\u00e1n alg\u00fan d\u00eda las grandes inversiones inmobiliarias?","og_description":"Se fueron asustadas. \u00bfRegresar\u00e1n alg\u00fan d\u00eda las grandes inversiones inmobiliarias que han abandonado el pa\u00eds? \u00bfQu\u00e9 hay que hacer para que eso pase?","og_url":"https:\/\/centrourbano.com\/revista\/opinion\/regresaran-algun-dia-las-grandes-inversiones-inmobiliarias\/","og_site_name":"Centro Urbano","article_publisher":"https:\/\/www.facebook.com\/portalcentrourbano","article_author":"https:\/\/www.facebook.com\/urbano.horacio\/","article_published_time":"2023-01-30T15:26:24+00:00","article_modified_time":"2023-02-10T23:36:37+00:00","og_image":[{"width":711,"height":711,"url":"https:\/\/centrourbano.com\/revista\/wp-content\/uploads\/Horacio.jpg","type":"image\/jpeg"}],"author":"Horacio Urbano","twitter_card":"summary_large_image","twitter_creator":"@https:\/\/twitter.com\/horacio_urbano","twitter_site":"@CentroUrbano","twitter_misc":{"Escrito por":"Horacio Urbano","Tiempo de lectura":"6 minutos"},"schema":{"@context":"https:\/\/schema.org","@graph":[{"@type":"Article","@id":"https:\/\/centrourbano.com\/revista\/opinion\/regresaran-algun-dia-las-grandes-inversiones-inmobiliarias\/#article","isPartOf":{"@id":"https:\/\/centrourbano.com\/revista\/opinion\/regresaran-algun-dia-las-grandes-inversiones-inmobiliarias\/"},"author":{"name":"Horacio Urbano","@id":"https:\/\/centrourbano.com\/revista\/#\/schema\/person\/69755154fe97eeebe4fe9394cb318d28"},"headline":"\u00bfRegresar\u00e1n alg\u00fan d\u00eda las grandes inversiones inmobiliarias?","datePublished":"2023-01-30T15:26:24+00:00","dateModified":"2023-02-10T23:36:37+00:00","mainEntityOfPage":{"@id":"https:\/\/centrourbano.com\/revista\/opinion\/regresaran-algun-dia-las-grandes-inversiones-inmobiliarias\/"},"wordCount":1193,"commentCount":0,"publisher":{"@id":"https:\/\/centrourbano.com\/revista\/#organization"},"image":{"@id":"https:\/\/centrourbano.com\/revista\/opinion\/regresaran-algun-dia-las-grandes-inversiones-inmobiliarias\/#primaryimage"},"thumbnailUrl":"https:\/\/centrourbano.com\/revista\/wp-content\/uploads\/Horacio.jpg","keywords":["Columna","econom\u00eda","En la opini\u00f3n de","Horacio Urbano","Inversiones Inmobiliarias","Prespectivas2023"],"articleSection":["Desde la Casa","En la opini\u00f3n de","Opini\u00f3n","Perspectivas 2023"],"inLanguage":"es","potentialAction":[{"@type":"CommentAction","name":"Comment","target":["https:\/\/centrourbano.com\/revista\/opinion\/regresaran-algun-dia-las-grandes-inversiones-inmobiliarias\/#respond"]}]},{"@type":"WebPage","@id":"https:\/\/centrourbano.com\/revista\/opinion\/regresaran-algun-dia-las-grandes-inversiones-inmobiliarias\/","url":"https:\/\/centrourbano.com\/revista\/opinion\/regresaran-algun-dia-las-grandes-inversiones-inmobiliarias\/","name":"\u00bfRegresar\u00e1n alg\u00fan d\u00eda las grandes inversiones inmobiliarias?","isPartOf":{"@id":"https:\/\/centrourbano.com\/revista\/#website"},"primaryImageOfPage":{"@id":"https:\/\/centrourbano.com\/revista\/opinion\/regresaran-algun-dia-las-grandes-inversiones-inmobiliarias\/#primaryimage"},"image":{"@id":"https:\/\/centrourbano.com\/revista\/opinion\/regresaran-algun-dia-las-grandes-inversiones-inmobiliarias\/#primaryimage"},"thumbnailUrl":"https:\/\/centrourbano.com\/revista\/wp-content\/uploads\/Horacio.jpg","datePublished":"2023-01-30T15:26:24+00:00","dateModified":"2023-02-10T23:36:37+00:00","description":"Se fueron asustadas. \u00bfRegresar\u00e1n alg\u00fan d\u00eda las grandes inversiones inmobiliarias que han abandonado el pa\u00eds? \u00bfQu\u00e9 hay que hacer para que eso pase?","breadcrumb":{"@id":"https:\/\/centrourbano.com\/revista\/opinion\/regresaran-algun-dia-las-grandes-inversiones-inmobiliarias\/#breadcrumb"},"inLanguage":"es","potentialAction":[{"@type":"ReadAction","target":["https:\/\/centrourbano.com\/revista\/opinion\/regresaran-algun-dia-las-grandes-inversiones-inmobiliarias\/"]}]},{"@type":"ImageObject","inLanguage":"es","@id":"https:\/\/centrourbano.com\/revista\/opinion\/regresaran-algun-dia-las-grandes-inversiones-inmobiliarias\/#primaryimage","url":"https:\/\/centrourbano.com\/revista\/wp-content\/uploads\/Horacio.jpg","contentUrl":"https:\/\/centrourbano.com\/revista\/wp-content\/uploads\/Horacio.jpg","width":711,"height":711},{"@type":"BreadcrumbList","@id":"https:\/\/centrourbano.com\/revista\/opinion\/regresaran-algun-dia-las-grandes-inversiones-inmobiliarias\/#breadcrumb","itemListElement":[{"@type":"ListItem","position":1,"name":"Portada","item":"https:\/\/centrourbano.com\/revista\/"},{"@type":"ListItem","position":2,"name":"\u00bfRegresar\u00e1n alg\u00fan d\u00eda las grandes inversiones inmobiliarias?"}]},{"@type":"WebSite","@id":"https:\/\/centrourbano.com\/revista\/#website","url":"https:\/\/centrourbano.com\/revista\/","name":"Centro Urbano","description":"Medio especializado en los sectores vivienda, inmobiliario, construcci\u00f3n, arquitectura y urbanismo.","publisher":{"@id":"https:\/\/centrourbano.com\/revista\/#organization"},"potentialAction":[{"@type":"SearchAction","target":{"@type":"EntryPoint","urlTemplate":"https:\/\/centrourbano.com\/revista\/?s={search_term_string}"},"query-input":{"@type":"PropertyValueSpecification","valueRequired":true,"valueName":"search_term_string"}}],"inLanguage":"es"},{"@type":"Organization","@id":"https:\/\/centrourbano.com\/revista\/#organization","name":"Centro Urbano","url":"https:\/\/centrourbano.com\/revista\/","logo":{"@type":"ImageObject","inLanguage":"es","@id":"https:\/\/centrourbano.com\/revista\/#\/schema\/logo\/image\/","url":"https:\/\/centrourbano.com\/revista\/wp-content\/uploads\/web_CU_logo-1.png","contentUrl":"https:\/\/centrourbano.com\/revista\/wp-content\/uploads\/web_CU_logo-1.png","width":350,"height":91,"caption":"Centro Urbano"},"image":{"@id":"https:\/\/centrourbano.com\/revista\/#\/schema\/logo\/image\/"},"sameAs":["https:\/\/www.facebook.com\/portalcentrourbano","https:\/\/x.com\/CentroUrbano","https:\/\/www.instagram.com\/centro_urbano\/","https:\/\/www.linkedin.com\/company\/centro-urbano\/","http:\/\/www.youtube.com\/user\/portalcentrourbano"]},{"@type":"Person","@id":"https:\/\/centrourbano.com\/revista\/#\/schema\/person\/69755154fe97eeebe4fe9394cb318d28","name":"Horacio Urbano","image":{"@type":"ImageObject","inLanguage":"es","@id":"https:\/\/secure.gravatar.com\/avatar\/bf4232bac122249113b7bcc4636a8d0432b9fa8bcce4243f1ed6c1ecb8fe915f?s=96&d=mm&r=g","url":"https:\/\/secure.gravatar.com\/avatar\/bf4232bac122249113b7bcc4636a8d0432b9fa8bcce4243f1ed6c1ecb8fe915f?s=96&d=mm&r=g","contentUrl":"https:\/\/secure.gravatar.com\/avatar\/bf4232bac122249113b7bcc4636a8d0432b9fa8bcce4243f1ed6c1ecb8fe915f?s=96&d=mm&r=g","caption":"Horacio Urbano"},"description":"Horacio Urbano es arquitecto. Su experiencia profesional se ha desarrollado en los diferentes \u00e1mbitos que definen la industria de la vivienda. En 1999 inici\u00f3 un proyecto editorial dirigido a los sectores inmobiliario y construcci\u00f3n que a lo largo de los a\u00f1os se ha convertido en una poderosa plataforma multimedios y en una verdadera referencia para esta industria. Fundador, junto con la tambi\u00e9n arquitecta Roxana Fabris, de Grupo Centro Urbano, firma que impulsa y desarrolla una serie de esfuerzos de comunicaci\u00f3n relacionados con estos sectores. Como parte de su trabajo en M\u00e9xico y el extranjero, ha escrito o participado en una serie de libros especializados, es colaborador de diferentes medios impresos y electr\u00f3nicos, es activo conferencista y bajo diferentes modelos colabora tambi\u00e9n con diversas empresas e instituciones p\u00fablicas y privadas del sector.","sameAs":["http:\/\/horaciourbano.com\/home\/","https:\/\/www.facebook.com\/urbano.horacio\/","https:\/\/x.com\/https:\/\/twitter.com\/horacio_urbano"],"url":"https:\/\/centrourbano.com\/revista\/author\/horacio-urbano\/"}]}},"_links":{"self":[{"href":"https:\/\/centrourbano.com\/revista\/wp-json\/wp\/v2\/posts\/137425","targetHints":{"allow":["GET"]}}],"collection":[{"href":"https:\/\/centrourbano.com\/revista\/wp-json\/wp\/v2\/posts"}],"about":[{"href":"https:\/\/centrourbano.com\/revista\/wp-json\/wp\/v2\/types\/post"}],"author":[{"embeddable":true,"href":"https:\/\/centrourbano.com\/revista\/wp-json\/wp\/v2\/users\/13"}],"replies":[{"embeddable":true,"href":"https:\/\/centrourbano.com\/revista\/wp-json\/wp\/v2\/comments?post=137425"}],"version-history":[{"count":3,"href":"https:\/\/centrourbano.com\/revista\/wp-json\/wp\/v2\/posts\/137425\/revisions"}],"predecessor-version":[{"id":137807,"href":"https:\/\/centrourbano.com\/revista\/wp-json\/wp\/v2\/posts\/137425\/revisions\/137807"}],"wp:featuredmedia":[{"embeddable":true,"href":"https:\/\/centrourbano.com\/revista\/wp-json\/wp\/v2\/media\/137805"}],"wp:attachment":[{"href":"https:\/\/centrourbano.com\/revista\/wp-json\/wp\/v2\/media?parent=137425"}],"wp:term":[{"taxonomy":"category","embeddable":true,"href":"https:\/\/centrourbano.com\/revista\/wp-json\/wp\/v2\/categories?post=137425"},{"taxonomy":"post_tag","embeddable":true,"href":"https:\/\/centrourbano.com\/revista\/wp-json\/wp\/v2\/tags?post=137425"}],"curies":[{"name":"wp","href":"https:\/\/api.w.org\/{rel}","templated":true}]}}