{"id":137318,"date":"2023-01-26T08:30:52","date_gmt":"2023-01-26T14:30:52","guid":{"rendered":"https:\/\/centrourbano.com\/?p=137318"},"modified":"2023-01-26T00:43:18","modified_gmt":"2023-01-26T06:43:18","slug":"fundacion-vinte-espacios-publicos","status":"publish","type":"post","link":"https:\/\/centrourbano.com\/revista\/vivienda\/fundacion-vinte-espacios-publicos\/","title":{"rendered":"Fundaci\u00f3n Vinte fortalece el tejido social al recuperar espacios p\u00fablicos"},"content":{"rendered":"<p><em>Las intervenciones al espacio p\u00fablico que se han realizado desde la Fundaci\u00f3n corresponden a los lugares en donde hay alg\u00fan desarrollo de Vinte<\/em><!--more--><\/p>\n<p>De acuerdo con la <strong>Fundaci\u00f3n Vinte<\/strong>, actualmente, seis de cada 10 espacios p\u00fablicos como parques, canchas y plazas son considerados como inseguros en M\u00e9xico, por lo que las familias ya no quieran salir a la calle.<\/p>\n<p>No obstante, dicha Fundaci\u00f3n, que preside <strong>Carlos Cadena Ortiz de Montellano<\/strong>, se ha dedicado a fortalecer el <strong>tejido social<\/strong> de las comunidades mediante la <a href=\"https:\/\/centrourbano.com\/fundaciones\/fundacion-vinte-tejido-social-futbol\/\" target=\"_blank\" rel=\"noopener\"><strong>recuperaci\u00f3n de espacios p\u00fablicos<\/strong><\/a>.<\/p>\n<p><strong>Cadena<\/strong> explic\u00f3 que la misi\u00f3n de la <strong>desarrolladora Vinte<\/strong>, desde su creaci\u00f3n, no solamente ha sido construir inmuebles que cumplan con la normatividad vigente; sino tambi\u00e9n hacer conciencia del beneficio que significa trabajar con las comunidades.<\/p>\n<p>\u201cCreo que esa visi\u00f3n, el tiempo con el que lo hicimos y la pasi\u00f3n que le dedicamos deriv\u00f3 en un c\u00edrculo virtuoso muy especial. <strong>Vinte<\/strong> ha construido m\u00e1s de 40,000 viviendas, y una casa de <strong>Vinte<\/strong> promedia duplicarse de valor en un plazo de 7 a\u00f1os; qu\u00e9 mayor ejemplo de valor compartido que esto\u201d, se\u00f1al\u00f3.<\/p>\n<p>El presidente de la <strong>Fundaci\u00f3n Vinte<\/strong> subray\u00f3 que ese es el diferenciador de la inmobiliaria; pues se crean comunidades estables, sanas y progresivas, en donde no solo se beneficiaban los clientes.<\/p>\n<p>\u201cEntonces, fuimos encontrando <strong>espacios p\u00fablicos<\/strong> que estaban abandonados, que la mayor\u00eda de las veces se volv\u00edan lugares donde se vend\u00eda droga o donde se comet\u00edan delitos. Decidimos ir y recuperar el espacio p\u00fablico, pero no nada m\u00e1s pintarlos, habilitarlos y poner juegos nuevos o bancas, sino hacer una intervenci\u00f3n social\u201d, mencion\u00f3.<\/p>\n<p>De esta manera, la <strong>Fundaci\u00f3n<\/strong> se dedica a generar tejido social y comunidad a la hora de recuperar un espacio p\u00fablico; lo que consta de una intervenci\u00f3n de cuatro a seis meses en donde, adem\u00e1s, se realizan ligas de f\u00fatbol y basquetbol y centros de actividades m\u00faltiples.<\/p>\n<p>Adem\u00e1s, <strong>Cadena<\/strong> indic\u00f3 que las intervenciones que se han realizado desde la Fundaci\u00f3n corresponden a los lugares en donde hay alg\u00fan desarrollo de <strong>Vinte<\/strong>; es decir, en distintas ciudades del Estado de M\u00e9xico, Puebla, Hidalgo, Quer\u00e9taro, Quintana Roo y Nuevo Le\u00f3n.<\/p>\n<p>\u201cEl secreto de generar una <strong>comunidad viva<\/strong> es no soltar, es estar presente, retirarte hasta que el espacio ya est\u00e9 vivo y bien integrado; y que funcione un comit\u00e9 de vecinos o una especie de patronato local que administre bien el espacio que hemos intervenido\u201d, afirm\u00f3.<\/p>\n<p>Finalmente, el empresario asegur\u00f3 que este tipo de intervenciones y el generar una comunidad fuerte, sana y progresiva es la gran vacuna de una sociedad a los grandes problemas que \u00e9sta puede tener. Y expres\u00f3 que, cuando el espacio p\u00fablico se ocupa de forma positiva, resulta en un ciclo virtuoso para la sociedad y los que la integran.<\/p>\n","protected":false},"excerpt":{"rendered":"<p>Las intervenciones al espacio p\u00fablico que se han realizado desde la Fundaci\u00f3n corresponden a los lugares en donde hay alg\u00fan desarrollo de Vinte<\/p>\n","protected":false},"author":73,"featured_media":137319,"comment_status":"open","ping_status":"closed","sticky":false,"template":"","format":"standard","meta":{"om_disable_all_campaigns":false,"inline_featured_image":false,"_monsterinsights_skip_tracking":false,"_monsterinsights_sitenote_active":false,"_monsterinsights_sitenote_note":"","_monsterinsights_sitenote_category":0,"footnotes":""},"categories":[15,82,12],"tags":[22619,627,20098,16570,373],"class_list":["post-137318","post","type-post","status-publish","format-standard","has-post-thumbnail","hentry","category-inmobiliario","category-urbanismo","category-vivienda","tag-carlos-cadena","tag-espacio-publico","tag-fundacion-vinte","tag-tejido-social","tag-vinte"],"yoast_head":"<!-- This site is optimized with the Yoast SEO plugin v27.4 - https:\/\/yoast.com\/product\/yoast-seo-wordpress\/ -->\n<title>Fundaci\u00f3n Vinte fortalece el tejido social al recuperar espacios p\u00fablicos<\/title>\n<meta name=\"description\" content=\"Las intervenciones que se han realizado desde la Fundaci\u00f3n corresponden a los lugares en donde hay alg\u00fan desarrollo de Vinte\" \/>\n<meta name=\"robots\" content=\"index, follow, max-snippet:-1, max-image-preview:large, max-video-preview:-1\" \/>\n<link rel=\"canonical\" href=\"https:\/\/centrourbano.com\/revista\/vivienda\/fundacion-vinte-espacios-publicos\/\" \/>\n<meta property=\"og:locale\" content=\"es_ES\" \/>\n<meta property=\"og:type\" content=\"article\" \/>\n<meta property=\"og:title\" content=\"Fundaci\u00f3n Vinte fortalece el tejido social al recuperar espacios p\u00fablicos\" \/>\n<meta property=\"og:description\" content=\"Las intervenciones que se han realizado desde la Fundaci\u00f3n corresponden a los lugares en donde hay alg\u00fan desarrollo de Vinte\" \/>\n<meta property=\"og:url\" content=\"https:\/\/centrourbano.com\/revista\/vivienda\/fundacion-vinte-espacios-publicos\/\" \/>\n<meta property=\"og:site_name\" content=\"Centro Urbano\" \/>\n<meta property=\"article:publisher\" content=\"https:\/\/www.facebook.com\/portalcentrourbano\" \/>\n<meta property=\"article:published_time\" content=\"2023-01-26T14:30:52+00:00\" \/>\n<meta property=\"og:image\" content=\"https:\/\/centrourbano.com\/revista\/wp-content\/uploads\/Fundacion-Vinte-fortalece-el-tejido-social-al-recuperar-espacios-publicos.jpg\" \/>\n\t<meta property=\"og:image:width\" content=\"500\" \/>\n\t<meta property=\"og:image:height\" content=\"450\" \/>\n\t<meta property=\"og:image:type\" content=\"image\/jpeg\" \/>\n<meta name=\"author\" content=\"Fernanda Hern\u00e1ndez\" \/>\n<meta name=\"twitter:card\" content=\"summary_large_image\" \/>\n<meta name=\"twitter:creator\" content=\"@https:\/\/twitter.com\/Nannz_Hernandez\" \/>\n<meta name=\"twitter:site\" content=\"@CentroUrbano\" \/>\n<meta name=\"twitter:label1\" content=\"Escrito por\" \/>\n\t<meta name=\"twitter:data1\" content=\"Fernanda Hern\u00e1ndez\" \/>\n\t<meta name=\"twitter:label2\" content=\"Tiempo de lectura\" \/>\n\t<meta name=\"twitter:data2\" content=\"2 minutos\" \/>\n<script type=\"application\/ld+json\" class=\"yoast-schema-graph\">{\"@context\":\"https:\\\/\\\/schema.org\",\"@graph\":[{\"@type\":\"Article\",\"@id\":\"https:\\\/\\\/centrourbano.com\\\/revista\\\/vivienda\\\/fundacion-vinte-espacios-publicos\\\/#article\",\"isPartOf\":{\"@id\":\"https:\\\/\\\/centrourbano.com\\\/revista\\\/vivienda\\\/fundacion-vinte-espacios-publicos\\\/\"},\"author\":{\"name\":\"Fernanda Hern\u00e1ndez\",\"@id\":\"https:\\\/\\\/centrourbano.com\\\/revista\\\/#\\\/schema\\\/person\\\/b190b20bbbceb41ec72278c546fa8df3\"},\"headline\":\"Fundaci\u00f3n Vinte fortalece el tejido social al recuperar espacios p\u00fablicos\",\"datePublished\":\"2023-01-26T14:30:52+00:00\",\"mainEntityOfPage\":{\"@id\":\"https:\\\/\\\/centrourbano.com\\\/revista\\\/vivienda\\\/fundacion-vinte-espacios-publicos\\\/\"},\"wordCount\":501,\"commentCount\":0,\"publisher\":{\"@id\":\"https:\\\/\\\/centrourbano.com\\\/revista\\\/#organization\"},\"image\":{\"@id\":\"https:\\\/\\\/centrourbano.com\\\/revista\\\/vivienda\\\/fundacion-vinte-espacios-publicos\\\/#primaryimage\"},\"thumbnailUrl\":\"https:\\\/\\\/centrourbano.com\\\/revista\\\/wp-content\\\/uploads\\\/Fundacion-Vinte-fortalece-el-tejido-social-al-recuperar-espacios-publicos.jpg\",\"keywords\":[\"Carlos Cadena\",\"Espacio p\u00fablico\",\"Fundaci\u00f3n Vinte\",\"tejido social\",\"Vinte\"],\"articleSection\":[\"Inmobiliario\",\"Urbanismo\",\"Vivienda\"],\"inLanguage\":\"es\",\"potentialAction\":[{\"@type\":\"CommentAction\",\"name\":\"Comment\",\"target\":[\"https:\\\/\\\/centrourbano.com\\\/revista\\\/vivienda\\\/fundacion-vinte-espacios-publicos\\\/#respond\"]}]},{\"@type\":\"WebPage\",\"@id\":\"https:\\\/\\\/centrourbano.com\\\/revista\\\/vivienda\\\/fundacion-vinte-espacios-publicos\\\/\",\"url\":\"https:\\\/\\\/centrourbano.com\\\/revista\\\/vivienda\\\/fundacion-vinte-espacios-publicos\\\/\",\"name\":\"Fundaci\u00f3n Vinte fortalece el tejido social al recuperar espacios p\u00fablicos\",\"isPartOf\":{\"@id\":\"https:\\\/\\\/centrourbano.com\\\/revista\\\/#website\"},\"primaryImageOfPage\":{\"@id\":\"https:\\\/\\\/centrourbano.com\\\/revista\\\/vivienda\\\/fundacion-vinte-espacios-publicos\\\/#primaryimage\"},\"image\":{\"@id\":\"https:\\\/\\\/centrourbano.com\\\/revista\\\/vivienda\\\/fundacion-vinte-espacios-publicos\\\/#primaryimage\"},\"thumbnailUrl\":\"https:\\\/\\\/centrourbano.com\\\/revista\\\/wp-content\\\/uploads\\\/Fundacion-Vinte-fortalece-el-tejido-social-al-recuperar-espacios-publicos.jpg\",\"datePublished\":\"2023-01-26T14:30:52+00:00\",\"description\":\"Las intervenciones que se han realizado desde la Fundaci\u00f3n corresponden a los lugares en donde hay alg\u00fan desarrollo de Vinte\",\"breadcrumb\":{\"@id\":\"https:\\\/\\\/centrourbano.com\\\/revista\\\/vivienda\\\/fundacion-vinte-espacios-publicos\\\/#breadcrumb\"},\"inLanguage\":\"es\",\"potentialAction\":[{\"@type\":\"ReadAction\",\"target\":[\"https:\\\/\\\/centrourbano.com\\\/revista\\\/vivienda\\\/fundacion-vinte-espacios-publicos\\\/\"]}]},{\"@type\":\"ImageObject\",\"inLanguage\":\"es\",\"@id\":\"https:\\\/\\\/centrourbano.com\\\/revista\\\/vivienda\\\/fundacion-vinte-espacios-publicos\\\/#primaryimage\",\"url\":\"https:\\\/\\\/centrourbano.com\\\/revista\\\/wp-content\\\/uploads\\\/Fundacion-Vinte-fortalece-el-tejido-social-al-recuperar-espacios-publicos.jpg\",\"contentUrl\":\"https:\\\/\\\/centrourbano.com\\\/revista\\\/wp-content\\\/uploads\\\/Fundacion-Vinte-fortalece-el-tejido-social-al-recuperar-espacios-publicos.jpg\",\"width\":500,\"height\":450,\"caption\":\"Las intervenciones al espacio p\u00fablico que se han realizado desde la Fundaci\u00f3n corresponden a los lugares en donde hay alg\u00fan desarrollo de Vinte\"},{\"@type\":\"BreadcrumbList\",\"@id\":\"https:\\\/\\\/centrourbano.com\\\/revista\\\/vivienda\\\/fundacion-vinte-espacios-publicos\\\/#breadcrumb\",\"itemListElement\":[{\"@type\":\"ListItem\",\"position\":1,\"name\":\"Portada\",\"item\":\"https:\\\/\\\/centrourbano.com\\\/revista\\\/\"},{\"@type\":\"ListItem\",\"position\":2,\"name\":\"Fundaci\u00f3n Vinte fortalece el tejido social al recuperar espacios p\u00fablicos\"}]},{\"@type\":\"WebSite\",\"@id\":\"https:\\\/\\\/centrourbano.com\\\/revista\\\/#website\",\"url\":\"https:\\\/\\\/centrourbano.com\\\/revista\\\/\",\"name\":\"Centro Urbano\",\"description\":\"Medio especializado en los sectores vivienda, inmobiliario, construcci\u00f3n, arquitectura y urbanismo.\",\"publisher\":{\"@id\":\"https:\\\/\\\/centrourbano.com\\\/revista\\\/#organization\"},\"potentialAction\":[{\"@type\":\"SearchAction\",\"target\":{\"@type\":\"EntryPoint\",\"urlTemplate\":\"https:\\\/\\\/centrourbano.com\\\/revista\\\/?s={search_term_string}\"},\"query-input\":{\"@type\":\"PropertyValueSpecification\",\"valueRequired\":true,\"valueName\":\"search_term_string\"}}],\"inLanguage\":\"es\"},{\"@type\":\"Organization\",\"@id\":\"https:\\\/\\\/centrourbano.com\\\/revista\\\/#organization\",\"name\":\"Centro Urbano\",\"url\":\"https:\\\/\\\/centrourbano.com\\\/revista\\\/\",\"logo\":{\"@type\":\"ImageObject\",\"inLanguage\":\"es\",\"@id\":\"https:\\\/\\\/centrourbano.com\\\/revista\\\/#\\\/schema\\\/logo\\\/image\\\/\",\"url\":\"https:\\\/\\\/centrourbano.com\\\/revista\\\/wp-content\\\/uploads\\\/web_CU_logo-1.png\",\"contentUrl\":\"https:\\\/\\\/centrourbano.com\\\/revista\\\/wp-content\\\/uploads\\\/web_CU_logo-1.png\",\"width\":350,\"height\":91,\"caption\":\"Centro Urbano\"},\"image\":{\"@id\":\"https:\\\/\\\/centrourbano.com\\\/revista\\\/#\\\/schema\\\/logo\\\/image\\\/\"},\"sameAs\":[\"https:\\\/\\\/www.facebook.com\\\/portalcentrourbano\",\"https:\\\/\\\/x.com\\\/CentroUrbano\",\"https:\\\/\\\/www.instagram.com\\\/centro_urbano\\\/\",\"https:\\\/\\\/www.linkedin.com\\\/company\\\/centro-urbano\\\/\",\"http:\\\/\\\/www.youtube.com\\\/user\\\/portalcentrourbano\"]},{\"@type\":\"Person\",\"@id\":\"https:\\\/\\\/centrourbano.com\\\/revista\\\/#\\\/schema\\\/person\\\/b190b20bbbceb41ec72278c546fa8df3\",\"name\":\"Fernanda Hern\u00e1ndez\",\"image\":{\"@type\":\"ImageObject\",\"inLanguage\":\"es\",\"@id\":\"https:\\\/\\\/secure.gravatar.com\\\/avatar\\\/9471831fb0a24eae9d32d826a7cb8ef07c34a41520aca1a0ab1f5c0903ba49b9?s=96&d=mm&r=g\",\"url\":\"https:\\\/\\\/secure.gravatar.com\\\/avatar\\\/9471831fb0a24eae9d32d826a7cb8ef07c34a41520aca1a0ab1f5c0903ba49b9?s=96&d=mm&r=g\",\"contentUrl\":\"https:\\\/\\\/secure.gravatar.com\\\/avatar\\\/9471831fb0a24eae9d32d826a7cb8ef07c34a41520aca1a0ab1f5c0903ba49b9?s=96&d=mm&r=g\",\"caption\":\"Fernanda Hern\u00e1ndez\"},\"description\":\"Reportera y redactora en Centro Urbano. Soy egresada de la licenciatura en Ciencias de la Comunicaci\u00f3n de la Facultad de Ciencias Pol\u00edticas y Sociales (UNAM). Me interesa la cultura, el urbanismo y la arquitectura. Amante del mundo digital, el cine, la m\u00fasica, la lectura y la escritura.\",\"sameAs\":[\"https:\\\/\\\/x.com\\\/https:\\\/\\\/twitter.com\\\/Nannz_Hernandez\"],\"url\":\"https:\\\/\\\/centrourbano.com\\\/revista\\\/author\\\/fernanda-hernandez\\\/\"}]}<\/script>\n<!-- \/ Yoast SEO plugin. -->","yoast_head_json":{"title":"Fundaci\u00f3n Vinte fortalece el tejido social al recuperar espacios p\u00fablicos","description":"Las intervenciones que se han realizado desde la Fundaci\u00f3n corresponden a los lugares en donde hay alg\u00fan desarrollo de Vinte","robots":{"index":"index","follow":"follow","max-snippet":"max-snippet:-1","max-image-preview":"max-image-preview:large","max-video-preview":"max-video-preview:-1"},"canonical":"https:\/\/centrourbano.com\/revista\/vivienda\/fundacion-vinte-espacios-publicos\/","og_locale":"es_ES","og_type":"article","og_title":"Fundaci\u00f3n Vinte fortalece el tejido social al recuperar espacios p\u00fablicos","og_description":"Las intervenciones que se han realizado desde la Fundaci\u00f3n corresponden a los lugares en donde hay alg\u00fan desarrollo de Vinte","og_url":"https:\/\/centrourbano.com\/revista\/vivienda\/fundacion-vinte-espacios-publicos\/","og_site_name":"Centro Urbano","article_publisher":"https:\/\/www.facebook.com\/portalcentrourbano","article_published_time":"2023-01-26T14:30:52+00:00","og_image":[{"width":500,"height":450,"url":"https:\/\/centrourbano.com\/revista\/wp-content\/uploads\/Fundacion-Vinte-fortalece-el-tejido-social-al-recuperar-espacios-publicos.jpg","type":"image\/jpeg"}],"author":"Fernanda Hern\u00e1ndez","twitter_card":"summary_large_image","twitter_creator":"@https:\/\/twitter.com\/Nannz_Hernandez","twitter_site":"@CentroUrbano","twitter_misc":{"Escrito por":"Fernanda Hern\u00e1ndez","Tiempo de lectura":"2 minutos"},"schema":{"@context":"https:\/\/schema.org","@graph":[{"@type":"Article","@id":"https:\/\/centrourbano.com\/revista\/vivienda\/fundacion-vinte-espacios-publicos\/#article","isPartOf":{"@id":"https:\/\/centrourbano.com\/revista\/vivienda\/fundacion-vinte-espacios-publicos\/"},"author":{"name":"Fernanda Hern\u00e1ndez","@id":"https:\/\/centrourbano.com\/revista\/#\/schema\/person\/b190b20bbbceb41ec72278c546fa8df3"},"headline":"Fundaci\u00f3n Vinte fortalece el tejido social al recuperar espacios p\u00fablicos","datePublished":"2023-01-26T14:30:52+00:00","mainEntityOfPage":{"@id":"https:\/\/centrourbano.com\/revista\/vivienda\/fundacion-vinte-espacios-publicos\/"},"wordCount":501,"commentCount":0,"publisher":{"@id":"https:\/\/centrourbano.com\/revista\/#organization"},"image":{"@id":"https:\/\/centrourbano.com\/revista\/vivienda\/fundacion-vinte-espacios-publicos\/#primaryimage"},"thumbnailUrl":"https:\/\/centrourbano.com\/revista\/wp-content\/uploads\/Fundacion-Vinte-fortalece-el-tejido-social-al-recuperar-espacios-publicos.jpg","keywords":["Carlos Cadena","Espacio p\u00fablico","Fundaci\u00f3n Vinte","tejido social","Vinte"],"articleSection":["Inmobiliario","Urbanismo","Vivienda"],"inLanguage":"es","potentialAction":[{"@type":"CommentAction","name":"Comment","target":["https:\/\/centrourbano.com\/revista\/vivienda\/fundacion-vinte-espacios-publicos\/#respond"]}]},{"@type":"WebPage","@id":"https:\/\/centrourbano.com\/revista\/vivienda\/fundacion-vinte-espacios-publicos\/","url":"https:\/\/centrourbano.com\/revista\/vivienda\/fundacion-vinte-espacios-publicos\/","name":"Fundaci\u00f3n Vinte fortalece el tejido social al recuperar espacios p\u00fablicos","isPartOf":{"@id":"https:\/\/centrourbano.com\/revista\/#website"},"primaryImageOfPage":{"@id":"https:\/\/centrourbano.com\/revista\/vivienda\/fundacion-vinte-espacios-publicos\/#primaryimage"},"image":{"@id":"https:\/\/centrourbano.com\/revista\/vivienda\/fundacion-vinte-espacios-publicos\/#primaryimage"},"thumbnailUrl":"https:\/\/centrourbano.com\/revista\/wp-content\/uploads\/Fundacion-Vinte-fortalece-el-tejido-social-al-recuperar-espacios-publicos.jpg","datePublished":"2023-01-26T14:30:52+00:00","description":"Las intervenciones que se han realizado desde la Fundaci\u00f3n corresponden a los lugares en donde hay alg\u00fan desarrollo de Vinte","breadcrumb":{"@id":"https:\/\/centrourbano.com\/revista\/vivienda\/fundacion-vinte-espacios-publicos\/#breadcrumb"},"inLanguage":"es","potentialAction":[{"@type":"ReadAction","target":["https:\/\/centrourbano.com\/revista\/vivienda\/fundacion-vinte-espacios-publicos\/"]}]},{"@type":"ImageObject","inLanguage":"es","@id":"https:\/\/centrourbano.com\/revista\/vivienda\/fundacion-vinte-espacios-publicos\/#primaryimage","url":"https:\/\/centrourbano.com\/revista\/wp-content\/uploads\/Fundacion-Vinte-fortalece-el-tejido-social-al-recuperar-espacios-publicos.jpg","contentUrl":"https:\/\/centrourbano.com\/revista\/wp-content\/uploads\/Fundacion-Vinte-fortalece-el-tejido-social-al-recuperar-espacios-publicos.jpg","width":500,"height":450,"caption":"Las intervenciones al espacio p\u00fablico que se han realizado desde la Fundaci\u00f3n corresponden a los lugares en donde hay alg\u00fan desarrollo de Vinte"},{"@type":"BreadcrumbList","@id":"https:\/\/centrourbano.com\/revista\/vivienda\/fundacion-vinte-espacios-publicos\/#breadcrumb","itemListElement":[{"@type":"ListItem","position":1,"name":"Portada","item":"https:\/\/centrourbano.com\/revista\/"},{"@type":"ListItem","position":2,"name":"Fundaci\u00f3n Vinte fortalece el tejido social al recuperar espacios p\u00fablicos"}]},{"@type":"WebSite","@id":"https:\/\/centrourbano.com\/revista\/#website","url":"https:\/\/centrourbano.com\/revista\/","name":"Centro Urbano","description":"Medio especializado en los sectores vivienda, inmobiliario, construcci\u00f3n, arquitectura y urbanismo.","publisher":{"@id":"https:\/\/centrourbano.com\/revista\/#organization"},"potentialAction":[{"@type":"SearchAction","target":{"@type":"EntryPoint","urlTemplate":"https:\/\/centrourbano.com\/revista\/?s={search_term_string}"},"query-input":{"@type":"PropertyValueSpecification","valueRequired":true,"valueName":"search_term_string"}}],"inLanguage":"es"},{"@type":"Organization","@id":"https:\/\/centrourbano.com\/revista\/#organization","name":"Centro Urbano","url":"https:\/\/centrourbano.com\/revista\/","logo":{"@type":"ImageObject","inLanguage":"es","@id":"https:\/\/centrourbano.com\/revista\/#\/schema\/logo\/image\/","url":"https:\/\/centrourbano.com\/revista\/wp-content\/uploads\/web_CU_logo-1.png","contentUrl":"https:\/\/centrourbano.com\/revista\/wp-content\/uploads\/web_CU_logo-1.png","width":350,"height":91,"caption":"Centro Urbano"},"image":{"@id":"https:\/\/centrourbano.com\/revista\/#\/schema\/logo\/image\/"},"sameAs":["https:\/\/www.facebook.com\/portalcentrourbano","https:\/\/x.com\/CentroUrbano","https:\/\/www.instagram.com\/centro_urbano\/","https:\/\/www.linkedin.com\/company\/centro-urbano\/","http:\/\/www.youtube.com\/user\/portalcentrourbano"]},{"@type":"Person","@id":"https:\/\/centrourbano.com\/revista\/#\/schema\/person\/b190b20bbbceb41ec72278c546fa8df3","name":"Fernanda Hern\u00e1ndez","image":{"@type":"ImageObject","inLanguage":"es","@id":"https:\/\/secure.gravatar.com\/avatar\/9471831fb0a24eae9d32d826a7cb8ef07c34a41520aca1a0ab1f5c0903ba49b9?s=96&d=mm&r=g","url":"https:\/\/secure.gravatar.com\/avatar\/9471831fb0a24eae9d32d826a7cb8ef07c34a41520aca1a0ab1f5c0903ba49b9?s=96&d=mm&r=g","contentUrl":"https:\/\/secure.gravatar.com\/avatar\/9471831fb0a24eae9d32d826a7cb8ef07c34a41520aca1a0ab1f5c0903ba49b9?s=96&d=mm&r=g","caption":"Fernanda Hern\u00e1ndez"},"description":"Reportera y redactora en Centro Urbano. Soy egresada de la licenciatura en Ciencias de la Comunicaci\u00f3n de la Facultad de Ciencias Pol\u00edticas y Sociales (UNAM). Me interesa la cultura, el urbanismo y la arquitectura. Amante del mundo digital, el cine, la m\u00fasica, la lectura y la escritura.","sameAs":["https:\/\/x.com\/https:\/\/twitter.com\/Nannz_Hernandez"],"url":"https:\/\/centrourbano.com\/revista\/author\/fernanda-hernandez\/"}]}},"_links":{"self":[{"href":"https:\/\/centrourbano.com\/revista\/wp-json\/wp\/v2\/posts\/137318","targetHints":{"allow":["GET"]}}],"collection":[{"href":"https:\/\/centrourbano.com\/revista\/wp-json\/wp\/v2\/posts"}],"about":[{"href":"https:\/\/centrourbano.com\/revista\/wp-json\/wp\/v2\/types\/post"}],"author":[{"embeddable":true,"href":"https:\/\/centrourbano.com\/revista\/wp-json\/wp\/v2\/users\/73"}],"replies":[{"embeddable":true,"href":"https:\/\/centrourbano.com\/revista\/wp-json\/wp\/v2\/comments?post=137318"}],"version-history":[{"count":1,"href":"https:\/\/centrourbano.com\/revista\/wp-json\/wp\/v2\/posts\/137318\/revisions"}],"predecessor-version":[{"id":137320,"href":"https:\/\/centrourbano.com\/revista\/wp-json\/wp\/v2\/posts\/137318\/revisions\/137320"}],"wp:featuredmedia":[{"embeddable":true,"href":"https:\/\/centrourbano.com\/revista\/wp-json\/wp\/v2\/media\/137319"}],"wp:attachment":[{"href":"https:\/\/centrourbano.com\/revista\/wp-json\/wp\/v2\/media?parent=137318"}],"wp:term":[{"taxonomy":"category","embeddable":true,"href":"https:\/\/centrourbano.com\/revista\/wp-json\/wp\/v2\/categories?post=137318"},{"taxonomy":"post_tag","embeddable":true,"href":"https:\/\/centrourbano.com\/revista\/wp-json\/wp\/v2\/tags?post=137318"}],"curies":[{"name":"wp","href":"https:\/\/api.w.org\/{rel}","templated":true}]}}