{"id":136829,"date":"2023-01-12T09:00:45","date_gmt":"2023-01-12T15:00:45","guid":{"rendered":"https:\/\/centrourbano.com\/?p=136829"},"modified":"2023-01-12T00:44:26","modified_gmt":"2023-01-12T06:44:26","slug":"fovissste-loteria-nacional","status":"publish","type":"post","link":"https:\/\/centrourbano.com\/revista\/actualidad\/fovissste-loteria-nacional\/","title":{"rendered":"Celebran 50 a\u00f1os del Fovissste con billete de la Loter\u00eda Nacional"},"content":{"rendered":"<p><em>\u201cHoy reconocemos a Fovissste con este Sorteo Mayor que tendr\u00e1 lugar el martes 17 de enero\u201d, se\u00f1al\u00f3 la titular de Loter\u00eda Nacional<\/em><!--more--><\/p>\n<p>En 2022, el <strong>Fondo de la Vivienda del ISSSTE<\/strong> (<strong>Fovissste<\/strong>) celebr\u00f3 <a href=\"https:\/\/centrourbano.com\/entrevistas\/fovissste-50-anos-de-brindar-vivienda-adecuada-a-los-trabajadores-del-estado\/\" target=\"_blank\" rel=\"noopener\">50 a\u00f1os<\/a> de brindar una vivienda adecuada a los trabajadores del Estado, como maestros, polic\u00edas, enfermeras, profesores y trabajadores administrativos; as\u00ed como apoyarlos a construir un retiro digno, a trav\u00e9s de una eficiente administraci\u00f3n de sus aportaciones.<\/p>\n<p>En este marco, la <strong>Loter\u00eda Nacional<\/strong> emiti\u00f3 el billete del <strong>Sorteo Mayor No. 3872<\/strong> para conmemorar el aniversario del Fondo y difundir su funci\u00f3n social; el cual cuenta con un <strong>Premio Mayor<\/strong> de 21 millones de pesos (mdp) en tres series y una bolsa repartible de 66 mdp en premios.<\/p>\n<p>\u201cHoy reconocemos a <strong>Fovissste<\/strong> con este <strong>Sorteo Mayor<\/strong>, que tendr\u00e1 lugar el martes 17 de enero\u201d, destac\u00f3 la <strong>titular de Loter\u00eda Nacional<\/strong>, <strong>Margarita Gonz\u00e1lez Saravia<\/strong>. Asimismo, enfatiz\u00f3 que a trav\u00e9s de los motivos de los billetes se rinde homenaje a las instituciones que promueven el desarrollo y beneficio de M\u00e9xico.<\/p>\n<p>De igual manera, la funcionaria indic\u00f3 que se emitieron <strong>3 millones 600,000 cachitos<\/strong> que ya est\u00e1n disponibles para su adquisici\u00f3n en todo el pa\u00eds. Adem\u00e1s, resalt\u00f3 que los billetes tienen la imagen de una casa formada con fotograf\u00edas de personas, acompa\u00f1ada del lema: \u2018Construyendo el patrimonio de los trabajadores del Estado\u2019.<\/p>\n<h2><strong>50 a\u00f1os del Fovissste<\/strong><\/h2>\n<p>Por su parte, <strong>C\u00e9sar Buenrostro<\/strong>, <strong>vocal ejecutivo del Fovissste<\/strong>, destac\u00f3 que a lo largo de estas cinco d\u00e9cadas se han entregado <strong>2 millones de cr\u00e9ditos<\/strong> por un monto total de 700,000 mdp.<\/p>\n<p>Tambi\u00e9n, resalt\u00f3 la <strong>evoluci\u00f3n del Fondo<\/strong>, que pas\u00f3 de ser constructor a una instituci\u00f3n meramente financiera; y comparti\u00f3 que hoy en d\u00eda el financiamiento se basa en el salario b\u00e1sico, y brinda la posibilidad de un cr\u00e9dito mayor con una amortizaci\u00f3n m\u00e1s acorde.<\/p>\n<p>Adicionalmente, el vocal subray\u00f3 que se proyectan acciones en apoyo de los trabajadores; tales como ampliar la oferta de soluciones para los <strong>cr\u00e9ditos estancados<\/strong> y la <strong>inscripci\u00f3n continua<\/strong>.<\/p>\n<p>\u201cHoy tenemos la responsabilidad de atender <strong>2.6 millones de derechohabientes<\/strong>, 900,000 de ellos con un cr\u00e9dito hipotecario; 1.7 millones derechohabientes que tienen una subcuenta de vivienda y tenemos la obligaci\u00f3n de preservar el valor real de su ahorro\u201d, indic\u00f3.<\/p>\n<a href=\"https:\/\/centrourbano.com\/revista\/wp-content\/uploads\/DEVELACION-BILLETE-DE-LOTERIA-FOVISSSTE-50-ANOS-2-scaled.jpg\" target=\"_blank\" rel=\"noopener\"><img loading=\"lazy\" decoding=\"async\" class=\"aligncenter wp-image-136858 \" src=\"https:\/\/centrourbano.com\/revista\/wp-content\/uploads\/DEVELACION-BILLETE-DE-LOTERIA-FOVISSSTE-50-ANOS-2-scaled.jpg\" alt=\"\" width=\"675\" height=\"450\" srcset=\"https:\/\/centrourbano.com\/revista\/wp-content\/uploads\/DEVELACION-BILLETE-DE-LOTERIA-FOVISSSTE-50-ANOS-2-scaled.jpg 2560w, https:\/\/centrourbano.com\/revista\/wp-content\/uploads\/DEVELACION-BILLETE-DE-LOTERIA-FOVISSSTE-50-ANOS-2-300x200.jpg 300w, https:\/\/centrourbano.com\/revista\/wp-content\/uploads\/DEVELACION-BILLETE-DE-LOTERIA-FOVISSSTE-50-ANOS-2-1000x667.jpg 1000w, https:\/\/centrourbano.com\/revista\/wp-content\/uploads\/DEVELACION-BILLETE-DE-LOTERIA-FOVISSSTE-50-ANOS-2-768x512.jpg 768w, https:\/\/centrourbano.com\/revista\/wp-content\/uploads\/DEVELACION-BILLETE-DE-LOTERIA-FOVISSSTE-50-ANOS-2-1536x1024.jpg 1536w, https:\/\/centrourbano.com\/revista\/wp-content\/uploads\/DEVELACION-BILLETE-DE-LOTERIA-FOVISSSTE-50-ANOS-2-2048x1366.jpg 2048w\" sizes=\"auto, (max-width: 675px) 100vw, 675px\" \/><\/a>\n","protected":false},"excerpt":{"rendered":"<p>\u201cHoy reconocemos a Fovissste con este Sorteo Mayor que tendr\u00e1 lugar el martes 17 de enero\u201d, se\u00f1al\u00f3 la titular de Loter\u00eda Nacional<\/p>\n","protected":false},"author":73,"featured_media":136830,"comment_status":"open","ping_status":"closed","sticky":false,"template":"","format":"standard","meta":{"om_disable_all_campaigns":false,"inline_featured_image":false,"_monsterinsights_skip_tracking":false,"_monsterinsights_sitenote_active":false,"_monsterinsights_sitenote_note":"","_monsterinsights_sitenote_category":0,"footnotes":""},"categories":[80,12],"tags":[7215,22563,173,155,13656,60],"class_list":["post-136829","post","type-post","status-publish","format-standard","has-post-thumbnail","hentry","category-actualidad","category-vivienda","tag-50-aniversario","tag-billete-de-loteria","tag-credito","tag-fovissste","tag-loteria-nacional","tag-vivienda-2"],"yoast_head":"<!-- This site is optimized with the Yoast SEO plugin v27.5 - https:\/\/yoast.com\/product\/yoast-seo-wordpress\/ -->\n<title>Celebran 50 a\u00f1os del Fovissste con billete de la Loter\u00eda Nacional<\/title>\n<meta name=\"description\" content=\"\u201cHoy reconocemos a Fovissste con este Sorteo Mayor que tendr\u00e1 lugar el martes 17 de enero\u201d, se\u00f1al\u00f3 la titular de Loter\u00eda Nacional\" \/>\n<meta name=\"robots\" content=\"index, follow, max-snippet:-1, max-image-preview:large, max-video-preview:-1\" \/>\n<link rel=\"canonical\" href=\"https:\/\/centrourbano.com\/revista\/actualidad\/fovissste-loteria-nacional\/\" \/>\n<meta property=\"og:locale\" content=\"es_ES\" \/>\n<meta property=\"og:type\" content=\"article\" \/>\n<meta property=\"og:title\" content=\"Celebran 50 a\u00f1os del Fovissste con billete de la Loter\u00eda Nacional\" \/>\n<meta property=\"og:description\" content=\"\u201cHoy reconocemos a Fovissste con este Sorteo Mayor que tendr\u00e1 lugar el martes 17 de enero\u201d, se\u00f1al\u00f3 la titular de Loter\u00eda Nacional\" \/>\n<meta property=\"og:url\" content=\"https:\/\/centrourbano.com\/revista\/actualidad\/fovissste-loteria-nacional\/\" \/>\n<meta property=\"og:site_name\" content=\"Centro Urbano\" \/>\n<meta property=\"article:publisher\" content=\"https:\/\/www.facebook.com\/portalcentrourbano\" \/>\n<meta property=\"article:published_time\" content=\"2023-01-12T15:00:45+00:00\" \/>\n<meta property=\"og:image\" content=\"https:\/\/centrourbano.com\/revista\/wp-content\/uploads\/Celebran-50-anos-del-Fovissste-con-billete-de-la-Loteria-Nacional.jpg\" \/>\n\t<meta property=\"og:image:width\" content=\"500\" \/>\n\t<meta property=\"og:image:height\" content=\"450\" \/>\n\t<meta property=\"og:image:type\" content=\"image\/jpeg\" \/>\n<meta name=\"author\" content=\"Fernanda Hern\u00e1ndez\" \/>\n<meta name=\"twitter:card\" content=\"summary_large_image\" \/>\n<meta name=\"twitter:creator\" content=\"@https:\/\/twitter.com\/Nannz_Hernandez\" \/>\n<meta name=\"twitter:site\" content=\"@CentroUrbano\" \/>\n<meta name=\"twitter:label1\" content=\"Escrito por\" \/>\n\t<meta name=\"twitter:data1\" content=\"Fernanda Hern\u00e1ndez\" \/>\n\t<meta name=\"twitter:label2\" content=\"Tiempo de lectura\" \/>\n\t<meta name=\"twitter:data2\" content=\"2 minutos\" \/>\n<script type=\"application\/ld+json\" class=\"yoast-schema-graph\">{\"@context\":\"https:\\\/\\\/schema.org\",\"@graph\":[{\"@type\":\"Article\",\"@id\":\"https:\\\/\\\/centrourbano.com\\\/revista\\\/actualidad\\\/fovissste-loteria-nacional\\\/#article\",\"isPartOf\":{\"@id\":\"https:\\\/\\\/centrourbano.com\\\/revista\\\/actualidad\\\/fovissste-loteria-nacional\\\/\"},\"author\":{\"name\":\"Fernanda Hern\u00e1ndez\",\"@id\":\"https:\\\/\\\/centrourbano.com\\\/revista\\\/#\\\/schema\\\/person\\\/bc284507d99af21c6df75a3f1924b95c\"},\"headline\":\"Celebran 50 a\u00f1os del Fovissste con billete de la Loter\u00eda Nacional\",\"datePublished\":\"2023-01-12T15:00:45+00:00\",\"mainEntityOfPage\":{\"@id\":\"https:\\\/\\\/centrourbano.com\\\/revista\\\/actualidad\\\/fovissste-loteria-nacional\\\/\"},\"wordCount\":398,\"commentCount\":0,\"publisher\":{\"@id\":\"https:\\\/\\\/centrourbano.com\\\/revista\\\/#organization\"},\"image\":{\"@id\":\"https:\\\/\\\/centrourbano.com\\\/revista\\\/actualidad\\\/fovissste-loteria-nacional\\\/#primaryimage\"},\"thumbnailUrl\":\"https:\\\/\\\/centrourbano.com\\\/revista\\\/wp-content\\\/uploads\\\/Celebran-50-anos-del-Fovissste-con-billete-de-la-Loteria-Nacional.jpg\",\"keywords\":[\"50 aniversario\",\"Billete de Loter\u00eda\",\"cr\u00e9dito\",\"Fovissste\",\"Loter\u00eda Nacional\",\"vivienda\"],\"articleSection\":[\"Actualidad\",\"Vivienda\"],\"inLanguage\":\"es\",\"potentialAction\":[{\"@type\":\"CommentAction\",\"name\":\"Comment\",\"target\":[\"https:\\\/\\\/centrourbano.com\\\/revista\\\/actualidad\\\/fovissste-loteria-nacional\\\/#respond\"]}]},{\"@type\":\"WebPage\",\"@id\":\"https:\\\/\\\/centrourbano.com\\\/revista\\\/actualidad\\\/fovissste-loteria-nacional\\\/\",\"url\":\"https:\\\/\\\/centrourbano.com\\\/revista\\\/actualidad\\\/fovissste-loteria-nacional\\\/\",\"name\":\"Celebran 50 a\u00f1os del Fovissste con billete de la Loter\u00eda Nacional\",\"isPartOf\":{\"@id\":\"https:\\\/\\\/centrourbano.com\\\/revista\\\/#website\"},\"primaryImageOfPage\":{\"@id\":\"https:\\\/\\\/centrourbano.com\\\/revista\\\/actualidad\\\/fovissste-loteria-nacional\\\/#primaryimage\"},\"image\":{\"@id\":\"https:\\\/\\\/centrourbano.com\\\/revista\\\/actualidad\\\/fovissste-loteria-nacional\\\/#primaryimage\"},\"thumbnailUrl\":\"https:\\\/\\\/centrourbano.com\\\/revista\\\/wp-content\\\/uploads\\\/Celebran-50-anos-del-Fovissste-con-billete-de-la-Loteria-Nacional.jpg\",\"datePublished\":\"2023-01-12T15:00:45+00:00\",\"description\":\"\u201cHoy reconocemos a Fovissste con este Sorteo Mayor que tendr\u00e1 lugar el martes 17 de enero\u201d, se\u00f1al\u00f3 la titular de Loter\u00eda Nacional\",\"breadcrumb\":{\"@id\":\"https:\\\/\\\/centrourbano.com\\\/revista\\\/actualidad\\\/fovissste-loteria-nacional\\\/#breadcrumb\"},\"inLanguage\":\"es\",\"potentialAction\":[{\"@type\":\"ReadAction\",\"target\":[\"https:\\\/\\\/centrourbano.com\\\/revista\\\/actualidad\\\/fovissste-loteria-nacional\\\/\"]}]},{\"@type\":\"ImageObject\",\"inLanguage\":\"es\",\"@id\":\"https:\\\/\\\/centrourbano.com\\\/revista\\\/actualidad\\\/fovissste-loteria-nacional\\\/#primaryimage\",\"url\":\"https:\\\/\\\/centrourbano.com\\\/revista\\\/wp-content\\\/uploads\\\/Celebran-50-anos-del-Fovissste-con-billete-de-la-Loteria-Nacional.jpg\",\"contentUrl\":\"https:\\\/\\\/centrourbano.com\\\/revista\\\/wp-content\\\/uploads\\\/Celebran-50-anos-del-Fovissste-con-billete-de-la-Loteria-Nacional.jpg\",\"width\":500,\"height\":450,\"caption\":\"\u201cHoy reconocemos a Fovissste con este Sorteo Mayor que tendr\u00e1 lugar el martes 17 de enero\u201d, se\u00f1al\u00f3 la titular de Loter\u00eda Nacional\"},{\"@type\":\"BreadcrumbList\",\"@id\":\"https:\\\/\\\/centrourbano.com\\\/revista\\\/actualidad\\\/fovissste-loteria-nacional\\\/#breadcrumb\",\"itemListElement\":[{\"@type\":\"ListItem\",\"position\":1,\"name\":\"Portada\",\"item\":\"https:\\\/\\\/centrourbano.com\\\/revista\\\/\"},{\"@type\":\"ListItem\",\"position\":2,\"name\":\"Celebran 50 a\u00f1os del Fovissste con billete de la Loter\u00eda Nacional\"}]},{\"@type\":\"WebSite\",\"@id\":\"https:\\\/\\\/centrourbano.com\\\/revista\\\/#website\",\"url\":\"https:\\\/\\\/centrourbano.com\\\/revista\\\/\",\"name\":\"Centro Urbano\",\"description\":\"Medio especializado en los sectores vivienda, inmobiliario, construcci\u00f3n, arquitectura y urbanismo.\",\"publisher\":{\"@id\":\"https:\\\/\\\/centrourbano.com\\\/revista\\\/#organization\"},\"potentialAction\":[{\"@type\":\"SearchAction\",\"target\":{\"@type\":\"EntryPoint\",\"urlTemplate\":\"https:\\\/\\\/centrourbano.com\\\/revista\\\/?s={search_term_string}\"},\"query-input\":{\"@type\":\"PropertyValueSpecification\",\"valueRequired\":true,\"valueName\":\"search_term_string\"}}],\"inLanguage\":\"es\"},{\"@type\":\"Organization\",\"@id\":\"https:\\\/\\\/centrourbano.com\\\/revista\\\/#organization\",\"name\":\"Centro Urbano\",\"url\":\"https:\\\/\\\/centrourbano.com\\\/revista\\\/\",\"logo\":{\"@type\":\"ImageObject\",\"inLanguage\":\"es\",\"@id\":\"https:\\\/\\\/centrourbano.com\\\/revista\\\/#\\\/schema\\\/logo\\\/image\\\/\",\"url\":\"https:\\\/\\\/centrourbano.com\\\/revista\\\/wp-content\\\/uploads\\\/web_CU_logo-1.png\",\"contentUrl\":\"https:\\\/\\\/centrourbano.com\\\/revista\\\/wp-content\\\/uploads\\\/web_CU_logo-1.png\",\"width\":350,\"height\":91,\"caption\":\"Centro Urbano\"},\"image\":{\"@id\":\"https:\\\/\\\/centrourbano.com\\\/revista\\\/#\\\/schema\\\/logo\\\/image\\\/\"},\"sameAs\":[\"https:\\\/\\\/www.facebook.com\\\/portalcentrourbano\",\"https:\\\/\\\/x.com\\\/CentroUrbano\",\"https:\\\/\\\/www.instagram.com\\\/centro_urbano\\\/\",\"https:\\\/\\\/www.linkedin.com\\\/company\\\/centro-urbano\\\/\",\"http:\\\/\\\/www.youtube.com\\\/user\\\/portalcentrourbano\"]},{\"@type\":\"Person\",\"@id\":\"https:\\\/\\\/centrourbano.com\\\/revista\\\/#\\\/schema\\\/person\\\/bc284507d99af21c6df75a3f1924b95c\",\"name\":\"Fernanda Hern\u00e1ndez\",\"image\":{\"@type\":\"ImageObject\",\"inLanguage\":\"es\",\"@id\":\"https:\\\/\\\/secure.gravatar.com\\\/avatar\\\/9471831fb0a24eae9d32d826a7cb8ef07c34a41520aca1a0ab1f5c0903ba49b9?s=96&d=mm&r=g\",\"url\":\"https:\\\/\\\/secure.gravatar.com\\\/avatar\\\/9471831fb0a24eae9d32d826a7cb8ef07c34a41520aca1a0ab1f5c0903ba49b9?s=96&d=mm&r=g\",\"contentUrl\":\"https:\\\/\\\/secure.gravatar.com\\\/avatar\\\/9471831fb0a24eae9d32d826a7cb8ef07c34a41520aca1a0ab1f5c0903ba49b9?s=96&d=mm&r=g\",\"caption\":\"Fernanda Hern\u00e1ndez\"},\"description\":\"Reportera y redactora en Centro Urbano. Soy egresada de la licenciatura en Ciencias de la Comunicaci\u00f3n de la Facultad de Ciencias Pol\u00edticas y Sociales (UNAM). Me interesa la cultura, el urbanismo y la arquitectura. Amante del mundo digital, el cine, la m\u00fasica, la lectura y la escritura.\",\"sameAs\":[\"https:\\\/\\\/x.com\\\/https:\\\/\\\/twitter.com\\\/Nannz_Hernandez\"],\"url\":\"https:\\\/\\\/centrourbano.com\\\/revista\\\/author\\\/fernanda-hernandez\\\/\"}]}<\/script>\n<!-- \/ Yoast SEO plugin. -->","yoast_head_json":{"title":"Celebran 50 a\u00f1os del Fovissste con billete de la Loter\u00eda Nacional","description":"\u201cHoy reconocemos a Fovissste con este Sorteo Mayor que tendr\u00e1 lugar el martes 17 de enero\u201d, se\u00f1al\u00f3 la titular de Loter\u00eda Nacional","robots":{"index":"index","follow":"follow","max-snippet":"max-snippet:-1","max-image-preview":"max-image-preview:large","max-video-preview":"max-video-preview:-1"},"canonical":"https:\/\/centrourbano.com\/revista\/actualidad\/fovissste-loteria-nacional\/","og_locale":"es_ES","og_type":"article","og_title":"Celebran 50 a\u00f1os del Fovissste con billete de la Loter\u00eda Nacional","og_description":"\u201cHoy reconocemos a Fovissste con este Sorteo Mayor que tendr\u00e1 lugar el martes 17 de enero\u201d, se\u00f1al\u00f3 la titular de Loter\u00eda Nacional","og_url":"https:\/\/centrourbano.com\/revista\/actualidad\/fovissste-loteria-nacional\/","og_site_name":"Centro Urbano","article_publisher":"https:\/\/www.facebook.com\/portalcentrourbano","article_published_time":"2023-01-12T15:00:45+00:00","og_image":[{"width":500,"height":450,"url":"https:\/\/centrourbano.com\/revista\/wp-content\/uploads\/Celebran-50-anos-del-Fovissste-con-billete-de-la-Loteria-Nacional.jpg","type":"image\/jpeg"}],"author":"Fernanda Hern\u00e1ndez","twitter_card":"summary_large_image","twitter_creator":"@https:\/\/twitter.com\/Nannz_Hernandez","twitter_site":"@CentroUrbano","twitter_misc":{"Escrito por":"Fernanda Hern\u00e1ndez","Tiempo de lectura":"2 minutos"},"schema":{"@context":"https:\/\/schema.org","@graph":[{"@type":"Article","@id":"https:\/\/centrourbano.com\/revista\/actualidad\/fovissste-loteria-nacional\/#article","isPartOf":{"@id":"https:\/\/centrourbano.com\/revista\/actualidad\/fovissste-loteria-nacional\/"},"author":{"name":"Fernanda Hern\u00e1ndez","@id":"https:\/\/centrourbano.com\/revista\/#\/schema\/person\/bc284507d99af21c6df75a3f1924b95c"},"headline":"Celebran 50 a\u00f1os del Fovissste con billete de la Loter\u00eda Nacional","datePublished":"2023-01-12T15:00:45+00:00","mainEntityOfPage":{"@id":"https:\/\/centrourbano.com\/revista\/actualidad\/fovissste-loteria-nacional\/"},"wordCount":398,"commentCount":0,"publisher":{"@id":"https:\/\/centrourbano.com\/revista\/#organization"},"image":{"@id":"https:\/\/centrourbano.com\/revista\/actualidad\/fovissste-loteria-nacional\/#primaryimage"},"thumbnailUrl":"https:\/\/centrourbano.com\/revista\/wp-content\/uploads\/Celebran-50-anos-del-Fovissste-con-billete-de-la-Loteria-Nacional.jpg","keywords":["50 aniversario","Billete de Loter\u00eda","cr\u00e9dito","Fovissste","Loter\u00eda Nacional","vivienda"],"articleSection":["Actualidad","Vivienda"],"inLanguage":"es","potentialAction":[{"@type":"CommentAction","name":"Comment","target":["https:\/\/centrourbano.com\/revista\/actualidad\/fovissste-loteria-nacional\/#respond"]}]},{"@type":"WebPage","@id":"https:\/\/centrourbano.com\/revista\/actualidad\/fovissste-loteria-nacional\/","url":"https:\/\/centrourbano.com\/revista\/actualidad\/fovissste-loteria-nacional\/","name":"Celebran 50 a\u00f1os del Fovissste con billete de la Loter\u00eda Nacional","isPartOf":{"@id":"https:\/\/centrourbano.com\/revista\/#website"},"primaryImageOfPage":{"@id":"https:\/\/centrourbano.com\/revista\/actualidad\/fovissste-loteria-nacional\/#primaryimage"},"image":{"@id":"https:\/\/centrourbano.com\/revista\/actualidad\/fovissste-loteria-nacional\/#primaryimage"},"thumbnailUrl":"https:\/\/centrourbano.com\/revista\/wp-content\/uploads\/Celebran-50-anos-del-Fovissste-con-billete-de-la-Loteria-Nacional.jpg","datePublished":"2023-01-12T15:00:45+00:00","description":"\u201cHoy reconocemos a Fovissste con este Sorteo Mayor que tendr\u00e1 lugar el martes 17 de enero\u201d, se\u00f1al\u00f3 la titular de Loter\u00eda Nacional","breadcrumb":{"@id":"https:\/\/centrourbano.com\/revista\/actualidad\/fovissste-loteria-nacional\/#breadcrumb"},"inLanguage":"es","potentialAction":[{"@type":"ReadAction","target":["https:\/\/centrourbano.com\/revista\/actualidad\/fovissste-loteria-nacional\/"]}]},{"@type":"ImageObject","inLanguage":"es","@id":"https:\/\/centrourbano.com\/revista\/actualidad\/fovissste-loteria-nacional\/#primaryimage","url":"https:\/\/centrourbano.com\/revista\/wp-content\/uploads\/Celebran-50-anos-del-Fovissste-con-billete-de-la-Loteria-Nacional.jpg","contentUrl":"https:\/\/centrourbano.com\/revista\/wp-content\/uploads\/Celebran-50-anos-del-Fovissste-con-billete-de-la-Loteria-Nacional.jpg","width":500,"height":450,"caption":"\u201cHoy reconocemos a Fovissste con este Sorteo Mayor que tendr\u00e1 lugar el martes 17 de enero\u201d, se\u00f1al\u00f3 la titular de Loter\u00eda Nacional"},{"@type":"BreadcrumbList","@id":"https:\/\/centrourbano.com\/revista\/actualidad\/fovissste-loteria-nacional\/#breadcrumb","itemListElement":[{"@type":"ListItem","position":1,"name":"Portada","item":"https:\/\/centrourbano.com\/revista\/"},{"@type":"ListItem","position":2,"name":"Celebran 50 a\u00f1os del Fovissste con billete de la Loter\u00eda Nacional"}]},{"@type":"WebSite","@id":"https:\/\/centrourbano.com\/revista\/#website","url":"https:\/\/centrourbano.com\/revista\/","name":"Centro Urbano","description":"Medio especializado en los sectores vivienda, inmobiliario, construcci\u00f3n, arquitectura y urbanismo.","publisher":{"@id":"https:\/\/centrourbano.com\/revista\/#organization"},"potentialAction":[{"@type":"SearchAction","target":{"@type":"EntryPoint","urlTemplate":"https:\/\/centrourbano.com\/revista\/?s={search_term_string}"},"query-input":{"@type":"PropertyValueSpecification","valueRequired":true,"valueName":"search_term_string"}}],"inLanguage":"es"},{"@type":"Organization","@id":"https:\/\/centrourbano.com\/revista\/#organization","name":"Centro Urbano","url":"https:\/\/centrourbano.com\/revista\/","logo":{"@type":"ImageObject","inLanguage":"es","@id":"https:\/\/centrourbano.com\/revista\/#\/schema\/logo\/image\/","url":"https:\/\/centrourbano.com\/revista\/wp-content\/uploads\/web_CU_logo-1.png","contentUrl":"https:\/\/centrourbano.com\/revista\/wp-content\/uploads\/web_CU_logo-1.png","width":350,"height":91,"caption":"Centro Urbano"},"image":{"@id":"https:\/\/centrourbano.com\/revista\/#\/schema\/logo\/image\/"},"sameAs":["https:\/\/www.facebook.com\/portalcentrourbano","https:\/\/x.com\/CentroUrbano","https:\/\/www.instagram.com\/centro_urbano\/","https:\/\/www.linkedin.com\/company\/centro-urbano\/","http:\/\/www.youtube.com\/user\/portalcentrourbano"]},{"@type":"Person","@id":"https:\/\/centrourbano.com\/revista\/#\/schema\/person\/bc284507d99af21c6df75a3f1924b95c","name":"Fernanda Hern\u00e1ndez","image":{"@type":"ImageObject","inLanguage":"es","@id":"https:\/\/secure.gravatar.com\/avatar\/9471831fb0a24eae9d32d826a7cb8ef07c34a41520aca1a0ab1f5c0903ba49b9?s=96&d=mm&r=g","url":"https:\/\/secure.gravatar.com\/avatar\/9471831fb0a24eae9d32d826a7cb8ef07c34a41520aca1a0ab1f5c0903ba49b9?s=96&d=mm&r=g","contentUrl":"https:\/\/secure.gravatar.com\/avatar\/9471831fb0a24eae9d32d826a7cb8ef07c34a41520aca1a0ab1f5c0903ba49b9?s=96&d=mm&r=g","caption":"Fernanda Hern\u00e1ndez"},"description":"Reportera y redactora en Centro Urbano. Soy egresada de la licenciatura en Ciencias de la Comunicaci\u00f3n de la Facultad de Ciencias Pol\u00edticas y Sociales (UNAM). Me interesa la cultura, el urbanismo y la arquitectura. Amante del mundo digital, el cine, la m\u00fasica, la lectura y la escritura.","sameAs":["https:\/\/x.com\/https:\/\/twitter.com\/Nannz_Hernandez"],"url":"https:\/\/centrourbano.com\/revista\/author\/fernanda-hernandez\/"}]}},"_links":{"self":[{"href":"https:\/\/centrourbano.com\/revista\/wp-json\/wp\/v2\/posts\/136829","targetHints":{"allow":["GET"]}}],"collection":[{"href":"https:\/\/centrourbano.com\/revista\/wp-json\/wp\/v2\/posts"}],"about":[{"href":"https:\/\/centrourbano.com\/revista\/wp-json\/wp\/v2\/types\/post"}],"author":[{"embeddable":true,"href":"https:\/\/centrourbano.com\/revista\/wp-json\/wp\/v2\/users\/73"}],"replies":[{"embeddable":true,"href":"https:\/\/centrourbano.com\/revista\/wp-json\/wp\/v2\/comments?post=136829"}],"version-history":[{"count":3,"href":"https:\/\/centrourbano.com\/revista\/wp-json\/wp\/v2\/posts\/136829\/revisions"}],"predecessor-version":[{"id":136859,"href":"https:\/\/centrourbano.com\/revista\/wp-json\/wp\/v2\/posts\/136829\/revisions\/136859"}],"wp:featuredmedia":[{"embeddable":true,"href":"https:\/\/centrourbano.com\/revista\/wp-json\/wp\/v2\/media\/136830"}],"wp:attachment":[{"href":"https:\/\/centrourbano.com\/revista\/wp-json\/wp\/v2\/media?parent=136829"}],"wp:term":[{"taxonomy":"category","embeddable":true,"href":"https:\/\/centrourbano.com\/revista\/wp-json\/wp\/v2\/categories?post=136829"},{"taxonomy":"post_tag","embeddable":true,"href":"https:\/\/centrourbano.com\/revista\/wp-json\/wp\/v2\/tags?post=136829"}],"curies":[{"name":"wp","href":"https:\/\/api.w.org\/{rel}","templated":true}]}}