{"id":136624,"date":"2023-01-04T14:52:44","date_gmt":"2023-01-04T20:52:44","guid":{"rendered":"https:\/\/centrourbano.com\/?p=136624"},"modified":"2023-01-04T14:52:44","modified_gmt":"2023-01-04T20:52:44","slug":"generara-dia-de-reyes-magos-derrama-economica-de-4988-mdp-sedeco","status":"publish","type":"post","link":"https:\/\/centrourbano.com\/revista\/actualidad\/generara-dia-de-reyes-magos-derrama-economica-de-4988-mdp-sedeco\/","title":{"rendered":"Generar\u00e1 D\u00eda de Reyes Magos derrama econ\u00f3mica de 4,988 mdp: Sedeco"},"content":{"rendered":"<p><em><span style=\"font-weight: 400;\">Fadlala Akabani Hneide resalt\u00f3 que durante el D\u00eda de Reyes 15,014 unidades econ\u00f3micas se ver\u00e1n beneficiadas<\/span><\/em><\/p>\n<p><!--more--><\/p>\n<p><span style=\"font-weight: 400;\">A trav\u00e9s de la Secretar\u00eda de Desarrollo Econ\u00f3mico (<a href=\"https:\/\/www.sedeco.cdmx.gob.mx\/\" target=\"_blank\" rel=\"noopener\">Sedeco<\/a>), el Gobierno de la Ciudad de M\u00e9xico inform\u00f3 que las celebraciones relacionadas con el D\u00eda de Reyes Magos van a generar una derrama econ\u00f3mica de 4,988 millones de pesos (mdp). La Sedeco estima recaudar la cifra mediante la compra de juguetes, art\u00edculos electr\u00f3nicos, dulces, ropa y la rosca de reyes.<\/span><\/p>\n<p><span style=\"font-weight: 400;\">Fadlala Akabani Hneide, titular de Sedeco inform\u00f3 que la cifra estimada supera por 549 mdp lo recaudado en la misma fecha del 2022. Esto afirma que el crecimiento de la actividad econ\u00f3mica de la CDMX comienza el 2023 de manera positiva.<\/span><\/p>\n<p>&nbsp;<\/p>\n<p style=\"text-align: center;\"><strong><em>Te puede interesar <a href=\"https:\/\/centrourbano.com\/actualidad\/con-3956-nuevos-negocios-la-cdmx-consolida-recuperacion-economica\/\" target=\"_blank\" rel=\"noopener\">Con 3,956 nuevos negocios, la CDMX consolida recuperaci\u00f3n econ\u00f3mica<\/a><\/em><\/strong><\/p>\n<div class=\"row\">\n<div class=\"col-lg-4 col-12 padding-r\">\n<div class=\"perfil-left\">\n<div class=\"icon icon-profile perfil-icon-left\"><\/div>\n<\/div>\n<\/div>\n<\/div>\n<p><span style=\"font-weight: 400;\">El Secretario resalt\u00f3 que durante el D\u00eda de Reyes 15,014 unidades econ\u00f3micas se ver\u00e1n beneficiadas.<\/span><\/p>\n<blockquote><p><span style=\"font-weight: 400;\">\u201c14,148 son de tama\u00f1o micro, 352 peque\u00f1as, 222 de tama\u00f1o mediano y 292 consideradas grandes empresas; en ellas laboran 139,000 personas. Cabe se\u00f1alar que los giros m\u00e1s socorridos ser\u00e1n panader\u00edas y comercio de electr\u00f3nicos\u201d indic\u00f3.<\/span><\/p><\/blockquote>\n<p><span style=\"font-weight: 400;\">En ese sentido, Sedeco invita a los Reyes Magos a realizar sus compras en\u00a0 negocios establecidos al interior de las colonias, de esta forma van a impulsar la econom\u00eda de barrio y el mercado interno de la Ciudad.<\/span><\/p>\n","protected":false},"excerpt":{"rendered":"<p>Fadlala Akabani Hneide resalt\u00f3 que durante el D\u00eda de Reyes 15,014 unidades econ\u00f3micas se ver\u00e1n beneficiadas<\/p>\n","protected":false},"author":88,"featured_media":136625,"comment_status":"open","ping_status":"closed","sticky":false,"template":"","format":"standard","meta":{"om_disable_all_campaigns":false,"inline_featured_image":false,"_monsterinsights_skip_tracking":false,"_monsterinsights_sitenote_active":false,"_monsterinsights_sitenote_note":"","_monsterinsights_sitenote_category":0,"footnotes":""},"categories":[80],"tags":[22534,17974,22476],"class_list":["post-136624","post","type-post","status-publish","format-standard","has-post-thumbnail","hentry","category-actualidad","tag-dia-de-reyes-magos","tag-recuperacion-economica","tag-secretaria-de-desarrollo-economico-sedeco-cdmx"],"yoast_head":"<!-- This site is optimized with the Yoast SEO plugin v27.5 - https:\/\/yoast.com\/product\/yoast-seo-wordpress\/ -->\n<title>Generar\u00e1 D\u00eda de Reyes Magos derrama econ\u00f3mica de 4,988 mdp: Sedeco<\/title>\n<meta name=\"description\" content=\"Fadlala Akabani Hneide, inform\u00f3 que la cifra estimada supera por 549 mdp lo recaudado en el D\u00eda de Reyes Magos del 2022\" \/>\n<meta name=\"robots\" content=\"index, follow, max-snippet:-1, max-image-preview:large, max-video-preview:-1\" \/>\n<link rel=\"canonical\" href=\"https:\/\/centrourbano.com\/revista\/actualidad\/generara-dia-de-reyes-magos-derrama-economica-de-4988-mdp-sedeco\/\" \/>\n<meta property=\"og:locale\" content=\"es_ES\" \/>\n<meta property=\"og:type\" content=\"article\" \/>\n<meta property=\"og:title\" content=\"Generar\u00e1 D\u00eda de Reyes Magos derrama econ\u00f3mica de 4,988 mdp: Sedeco\" \/>\n<meta property=\"og:description\" content=\"Fadlala Akabani Hneide, inform\u00f3 que la cifra estimada supera por 549 mdp lo recaudado en el D\u00eda de Reyes Magos del 2022\" \/>\n<meta property=\"og:url\" content=\"https:\/\/centrourbano.com\/revista\/actualidad\/generara-dia-de-reyes-magos-derrama-economica-de-4988-mdp-sedeco\/\" \/>\n<meta property=\"og:site_name\" content=\"Centro Urbano\" \/>\n<meta property=\"article:publisher\" content=\"https:\/\/www.facebook.com\/portalcentrourbano\" \/>\n<meta property=\"article:published_time\" content=\"2023-01-04T20:52:44+00:00\" \/>\n<meta property=\"og:image\" content=\"https:\/\/centrourbano.com\/revista\/wp-content\/uploads\/dia-de-reyes.jpg\" \/>\n\t<meta property=\"og:image:width\" content=\"800\" \/>\n\t<meta property=\"og:image:height\" content=\"800\" \/>\n\t<meta property=\"og:image:type\" content=\"image\/jpeg\" \/>\n<meta name=\"author\" content=\"Rebeca Romero\" \/>\n<meta name=\"twitter:card\" content=\"summary_large_image\" \/>\n<meta name=\"twitter:creator\" content=\"@CentroUrbano\" \/>\n<meta name=\"twitter:site\" content=\"@CentroUrbano\" \/>\n<meta name=\"twitter:label1\" content=\"Escrito por\" \/>\n\t<meta name=\"twitter:data1\" content=\"Rebeca Romero\" \/>\n\t<meta name=\"twitter:label2\" content=\"Tiempo de lectura\" \/>\n\t<meta name=\"twitter:data2\" content=\"1 minuto\" \/>\n<script type=\"application\/ld+json\" class=\"yoast-schema-graph\">{\"@context\":\"https:\\\/\\\/schema.org\",\"@graph\":[{\"@type\":\"Article\",\"@id\":\"https:\\\/\\\/centrourbano.com\\\/revista\\\/actualidad\\\/generara-dia-de-reyes-magos-derrama-economica-de-4988-mdp-sedeco\\\/#article\",\"isPartOf\":{\"@id\":\"https:\\\/\\\/centrourbano.com\\\/revista\\\/actualidad\\\/generara-dia-de-reyes-magos-derrama-economica-de-4988-mdp-sedeco\\\/\"},\"author\":{\"name\":\"Rebeca Romero\",\"@id\":\"https:\\\/\\\/centrourbano.com\\\/revista\\\/#\\\/schema\\\/person\\\/585fcd52a02a59422de60d5ae8e0f491\"},\"headline\":\"Generar\u00e1 D\u00eda de Reyes Magos derrama econ\u00f3mica de 4,988 mdp: Sedeco\",\"datePublished\":\"2023-01-04T20:52:44+00:00\",\"mainEntityOfPage\":{\"@id\":\"https:\\\/\\\/centrourbano.com\\\/revista\\\/actualidad\\\/generara-dia-de-reyes-magos-derrama-economica-de-4988-mdp-sedeco\\\/\"},\"wordCount\":243,\"commentCount\":0,\"publisher\":{\"@id\":\"https:\\\/\\\/centrourbano.com\\\/revista\\\/#organization\"},\"image\":{\"@id\":\"https:\\\/\\\/centrourbano.com\\\/revista\\\/actualidad\\\/generara-dia-de-reyes-magos-derrama-economica-de-4988-mdp-sedeco\\\/#primaryimage\"},\"thumbnailUrl\":\"https:\\\/\\\/centrourbano.com\\\/revista\\\/wp-content\\\/uploads\\\/dia-de-reyes.jpg\",\"keywords\":[\"D\u00eda de Reyes Magos\",\"recuperaci\u00f3n econ\u00f3mica\",\"Secretar\u00eda de Desarrollo Econ\u00f3mico (Sedeco) CDMX\"],\"articleSection\":[\"Actualidad\"],\"inLanguage\":\"es\",\"potentialAction\":[{\"@type\":\"CommentAction\",\"name\":\"Comment\",\"target\":[\"https:\\\/\\\/centrourbano.com\\\/revista\\\/actualidad\\\/generara-dia-de-reyes-magos-derrama-economica-de-4988-mdp-sedeco\\\/#respond\"]}]},{\"@type\":\"WebPage\",\"@id\":\"https:\\\/\\\/centrourbano.com\\\/revista\\\/actualidad\\\/generara-dia-de-reyes-magos-derrama-economica-de-4988-mdp-sedeco\\\/\",\"url\":\"https:\\\/\\\/centrourbano.com\\\/revista\\\/actualidad\\\/generara-dia-de-reyes-magos-derrama-economica-de-4988-mdp-sedeco\\\/\",\"name\":\"Generar\u00e1 D\u00eda de Reyes Magos derrama econ\u00f3mica de 4,988 mdp: Sedeco\",\"isPartOf\":{\"@id\":\"https:\\\/\\\/centrourbano.com\\\/revista\\\/#website\"},\"primaryImageOfPage\":{\"@id\":\"https:\\\/\\\/centrourbano.com\\\/revista\\\/actualidad\\\/generara-dia-de-reyes-magos-derrama-economica-de-4988-mdp-sedeco\\\/#primaryimage\"},\"image\":{\"@id\":\"https:\\\/\\\/centrourbano.com\\\/revista\\\/actualidad\\\/generara-dia-de-reyes-magos-derrama-economica-de-4988-mdp-sedeco\\\/#primaryimage\"},\"thumbnailUrl\":\"https:\\\/\\\/centrourbano.com\\\/revista\\\/wp-content\\\/uploads\\\/dia-de-reyes.jpg\",\"datePublished\":\"2023-01-04T20:52:44+00:00\",\"description\":\"Fadlala Akabani Hneide, inform\u00f3 que la cifra estimada supera por 549 mdp lo recaudado en el D\u00eda de Reyes Magos del 2022\",\"breadcrumb\":{\"@id\":\"https:\\\/\\\/centrourbano.com\\\/revista\\\/actualidad\\\/generara-dia-de-reyes-magos-derrama-economica-de-4988-mdp-sedeco\\\/#breadcrumb\"},\"inLanguage\":\"es\",\"potentialAction\":[{\"@type\":\"ReadAction\",\"target\":[\"https:\\\/\\\/centrourbano.com\\\/revista\\\/actualidad\\\/generara-dia-de-reyes-magos-derrama-economica-de-4988-mdp-sedeco\\\/\"]}]},{\"@type\":\"ImageObject\",\"inLanguage\":\"es\",\"@id\":\"https:\\\/\\\/centrourbano.com\\\/revista\\\/actualidad\\\/generara-dia-de-reyes-magos-derrama-economica-de-4988-mdp-sedeco\\\/#primaryimage\",\"url\":\"https:\\\/\\\/centrourbano.com\\\/revista\\\/wp-content\\\/uploads\\\/dia-de-reyes.jpg\",\"contentUrl\":\"https:\\\/\\\/centrourbano.com\\\/revista\\\/wp-content\\\/uploads\\\/dia-de-reyes.jpg\",\"width\":800,\"height\":800,\"caption\":\"Generar\u00e1 D\u00eda de Reyes Magos derrama econ\u00f3mica de 4,988 mdp: Sedeco\"},{\"@type\":\"BreadcrumbList\",\"@id\":\"https:\\\/\\\/centrourbano.com\\\/revista\\\/actualidad\\\/generara-dia-de-reyes-magos-derrama-economica-de-4988-mdp-sedeco\\\/#breadcrumb\",\"itemListElement\":[{\"@type\":\"ListItem\",\"position\":1,\"name\":\"Portada\",\"item\":\"https:\\\/\\\/centrourbano.com\\\/revista\\\/\"},{\"@type\":\"ListItem\",\"position\":2,\"name\":\"Generar\u00e1 D\u00eda de Reyes Magos derrama econ\u00f3mica de 4,988 mdp: Sedeco\"}]},{\"@type\":\"WebSite\",\"@id\":\"https:\\\/\\\/centrourbano.com\\\/revista\\\/#website\",\"url\":\"https:\\\/\\\/centrourbano.com\\\/revista\\\/\",\"name\":\"Centro Urbano\",\"description\":\"Medio especializado en los sectores vivienda, inmobiliario, construcci\u00f3n, arquitectura y urbanismo.\",\"publisher\":{\"@id\":\"https:\\\/\\\/centrourbano.com\\\/revista\\\/#organization\"},\"potentialAction\":[{\"@type\":\"SearchAction\",\"target\":{\"@type\":\"EntryPoint\",\"urlTemplate\":\"https:\\\/\\\/centrourbano.com\\\/revista\\\/?s={search_term_string}\"},\"query-input\":{\"@type\":\"PropertyValueSpecification\",\"valueRequired\":true,\"valueName\":\"search_term_string\"}}],\"inLanguage\":\"es\"},{\"@type\":\"Organization\",\"@id\":\"https:\\\/\\\/centrourbano.com\\\/revista\\\/#organization\",\"name\":\"Centro Urbano\",\"url\":\"https:\\\/\\\/centrourbano.com\\\/revista\\\/\",\"logo\":{\"@type\":\"ImageObject\",\"inLanguage\":\"es\",\"@id\":\"https:\\\/\\\/centrourbano.com\\\/revista\\\/#\\\/schema\\\/logo\\\/image\\\/\",\"url\":\"https:\\\/\\\/centrourbano.com\\\/revista\\\/wp-content\\\/uploads\\\/web_CU_logo-1.png\",\"contentUrl\":\"https:\\\/\\\/centrourbano.com\\\/revista\\\/wp-content\\\/uploads\\\/web_CU_logo-1.png\",\"width\":350,\"height\":91,\"caption\":\"Centro Urbano\"},\"image\":{\"@id\":\"https:\\\/\\\/centrourbano.com\\\/revista\\\/#\\\/schema\\\/logo\\\/image\\\/\"},\"sameAs\":[\"https:\\\/\\\/www.facebook.com\\\/portalcentrourbano\",\"https:\\\/\\\/x.com\\\/CentroUrbano\",\"https:\\\/\\\/www.instagram.com\\\/centro_urbano\\\/\",\"https:\\\/\\\/www.linkedin.com\\\/company\\\/centro-urbano\\\/\",\"http:\\\/\\\/www.youtube.com\\\/user\\\/portalcentrourbano\"]},{\"@type\":\"Person\",\"@id\":\"https:\\\/\\\/centrourbano.com\\\/revista\\\/#\\\/schema\\\/person\\\/585fcd52a02a59422de60d5ae8e0f491\",\"name\":\"Rebeca Romero\",\"image\":{\"@type\":\"ImageObject\",\"inLanguage\":\"es\",\"@id\":\"https:\\\/\\\/secure.gravatar.com\\\/avatar\\\/aee0068ae3cc041082e0e84a8258fe5ccc00a733f187bde73b0b40d86b892826?s=96&d=mm&r=g\",\"url\":\"https:\\\/\\\/secure.gravatar.com\\\/avatar\\\/aee0068ae3cc041082e0e84a8258fe5ccc00a733f187bde73b0b40d86b892826?s=96&d=mm&r=g\",\"contentUrl\":\"https:\\\/\\\/secure.gravatar.com\\\/avatar\\\/aee0068ae3cc041082e0e84a8258fe5ccc00a733f187bde73b0b40d86b892826?s=96&d=mm&r=g\",\"caption\":\"Rebeca Romero\"},\"url\":\"https:\\\/\\\/centrourbano.com\\\/revista\\\/author\\\/rebeca-romero\\\/\"}]}<\/script>\n<!-- \/ Yoast SEO plugin. -->","yoast_head_json":{"title":"Generar\u00e1 D\u00eda de Reyes Magos derrama econ\u00f3mica de 4,988 mdp: Sedeco","description":"Fadlala Akabani Hneide, inform\u00f3 que la cifra estimada supera por 549 mdp lo recaudado en el D\u00eda de Reyes Magos del 2022","robots":{"index":"index","follow":"follow","max-snippet":"max-snippet:-1","max-image-preview":"max-image-preview:large","max-video-preview":"max-video-preview:-1"},"canonical":"https:\/\/centrourbano.com\/revista\/actualidad\/generara-dia-de-reyes-magos-derrama-economica-de-4988-mdp-sedeco\/","og_locale":"es_ES","og_type":"article","og_title":"Generar\u00e1 D\u00eda de Reyes Magos derrama econ\u00f3mica de 4,988 mdp: Sedeco","og_description":"Fadlala Akabani Hneide, inform\u00f3 que la cifra estimada supera por 549 mdp lo recaudado en el D\u00eda de Reyes Magos del 2022","og_url":"https:\/\/centrourbano.com\/revista\/actualidad\/generara-dia-de-reyes-magos-derrama-economica-de-4988-mdp-sedeco\/","og_site_name":"Centro Urbano","article_publisher":"https:\/\/www.facebook.com\/portalcentrourbano","article_published_time":"2023-01-04T20:52:44+00:00","og_image":[{"width":800,"height":800,"url":"https:\/\/centrourbano.com\/revista\/wp-content\/uploads\/dia-de-reyes.jpg","type":"image\/jpeg"}],"author":"Rebeca Romero","twitter_card":"summary_large_image","twitter_creator":"@CentroUrbano","twitter_site":"@CentroUrbano","twitter_misc":{"Escrito por":"Rebeca Romero","Tiempo de lectura":"1 minuto"},"schema":{"@context":"https:\/\/schema.org","@graph":[{"@type":"Article","@id":"https:\/\/centrourbano.com\/revista\/actualidad\/generara-dia-de-reyes-magos-derrama-economica-de-4988-mdp-sedeco\/#article","isPartOf":{"@id":"https:\/\/centrourbano.com\/revista\/actualidad\/generara-dia-de-reyes-magos-derrama-economica-de-4988-mdp-sedeco\/"},"author":{"name":"Rebeca Romero","@id":"https:\/\/centrourbano.com\/revista\/#\/schema\/person\/585fcd52a02a59422de60d5ae8e0f491"},"headline":"Generar\u00e1 D\u00eda de Reyes Magos derrama econ\u00f3mica de 4,988 mdp: Sedeco","datePublished":"2023-01-04T20:52:44+00:00","mainEntityOfPage":{"@id":"https:\/\/centrourbano.com\/revista\/actualidad\/generara-dia-de-reyes-magos-derrama-economica-de-4988-mdp-sedeco\/"},"wordCount":243,"commentCount":0,"publisher":{"@id":"https:\/\/centrourbano.com\/revista\/#organization"},"image":{"@id":"https:\/\/centrourbano.com\/revista\/actualidad\/generara-dia-de-reyes-magos-derrama-economica-de-4988-mdp-sedeco\/#primaryimage"},"thumbnailUrl":"https:\/\/centrourbano.com\/revista\/wp-content\/uploads\/dia-de-reyes.jpg","keywords":["D\u00eda de Reyes Magos","recuperaci\u00f3n econ\u00f3mica","Secretar\u00eda de Desarrollo Econ\u00f3mico (Sedeco) CDMX"],"articleSection":["Actualidad"],"inLanguage":"es","potentialAction":[{"@type":"CommentAction","name":"Comment","target":["https:\/\/centrourbano.com\/revista\/actualidad\/generara-dia-de-reyes-magos-derrama-economica-de-4988-mdp-sedeco\/#respond"]}]},{"@type":"WebPage","@id":"https:\/\/centrourbano.com\/revista\/actualidad\/generara-dia-de-reyes-magos-derrama-economica-de-4988-mdp-sedeco\/","url":"https:\/\/centrourbano.com\/revista\/actualidad\/generara-dia-de-reyes-magos-derrama-economica-de-4988-mdp-sedeco\/","name":"Generar\u00e1 D\u00eda de Reyes Magos derrama econ\u00f3mica de 4,988 mdp: Sedeco","isPartOf":{"@id":"https:\/\/centrourbano.com\/revista\/#website"},"primaryImageOfPage":{"@id":"https:\/\/centrourbano.com\/revista\/actualidad\/generara-dia-de-reyes-magos-derrama-economica-de-4988-mdp-sedeco\/#primaryimage"},"image":{"@id":"https:\/\/centrourbano.com\/revista\/actualidad\/generara-dia-de-reyes-magos-derrama-economica-de-4988-mdp-sedeco\/#primaryimage"},"thumbnailUrl":"https:\/\/centrourbano.com\/revista\/wp-content\/uploads\/dia-de-reyes.jpg","datePublished":"2023-01-04T20:52:44+00:00","description":"Fadlala Akabani Hneide, inform\u00f3 que la cifra estimada supera por 549 mdp lo recaudado en el D\u00eda de Reyes Magos del 2022","breadcrumb":{"@id":"https:\/\/centrourbano.com\/revista\/actualidad\/generara-dia-de-reyes-magos-derrama-economica-de-4988-mdp-sedeco\/#breadcrumb"},"inLanguage":"es","potentialAction":[{"@type":"ReadAction","target":["https:\/\/centrourbano.com\/revista\/actualidad\/generara-dia-de-reyes-magos-derrama-economica-de-4988-mdp-sedeco\/"]}]},{"@type":"ImageObject","inLanguage":"es","@id":"https:\/\/centrourbano.com\/revista\/actualidad\/generara-dia-de-reyes-magos-derrama-economica-de-4988-mdp-sedeco\/#primaryimage","url":"https:\/\/centrourbano.com\/revista\/wp-content\/uploads\/dia-de-reyes.jpg","contentUrl":"https:\/\/centrourbano.com\/revista\/wp-content\/uploads\/dia-de-reyes.jpg","width":800,"height":800,"caption":"Generar\u00e1 D\u00eda de Reyes Magos derrama econ\u00f3mica de 4,988 mdp: Sedeco"},{"@type":"BreadcrumbList","@id":"https:\/\/centrourbano.com\/revista\/actualidad\/generara-dia-de-reyes-magos-derrama-economica-de-4988-mdp-sedeco\/#breadcrumb","itemListElement":[{"@type":"ListItem","position":1,"name":"Portada","item":"https:\/\/centrourbano.com\/revista\/"},{"@type":"ListItem","position":2,"name":"Generar\u00e1 D\u00eda de Reyes Magos derrama econ\u00f3mica de 4,988 mdp: Sedeco"}]},{"@type":"WebSite","@id":"https:\/\/centrourbano.com\/revista\/#website","url":"https:\/\/centrourbano.com\/revista\/","name":"Centro Urbano","description":"Medio especializado en los sectores vivienda, inmobiliario, construcci\u00f3n, arquitectura y urbanismo.","publisher":{"@id":"https:\/\/centrourbano.com\/revista\/#organization"},"potentialAction":[{"@type":"SearchAction","target":{"@type":"EntryPoint","urlTemplate":"https:\/\/centrourbano.com\/revista\/?s={search_term_string}"},"query-input":{"@type":"PropertyValueSpecification","valueRequired":true,"valueName":"search_term_string"}}],"inLanguage":"es"},{"@type":"Organization","@id":"https:\/\/centrourbano.com\/revista\/#organization","name":"Centro Urbano","url":"https:\/\/centrourbano.com\/revista\/","logo":{"@type":"ImageObject","inLanguage":"es","@id":"https:\/\/centrourbano.com\/revista\/#\/schema\/logo\/image\/","url":"https:\/\/centrourbano.com\/revista\/wp-content\/uploads\/web_CU_logo-1.png","contentUrl":"https:\/\/centrourbano.com\/revista\/wp-content\/uploads\/web_CU_logo-1.png","width":350,"height":91,"caption":"Centro Urbano"},"image":{"@id":"https:\/\/centrourbano.com\/revista\/#\/schema\/logo\/image\/"},"sameAs":["https:\/\/www.facebook.com\/portalcentrourbano","https:\/\/x.com\/CentroUrbano","https:\/\/www.instagram.com\/centro_urbano\/","https:\/\/www.linkedin.com\/company\/centro-urbano\/","http:\/\/www.youtube.com\/user\/portalcentrourbano"]},{"@type":"Person","@id":"https:\/\/centrourbano.com\/revista\/#\/schema\/person\/585fcd52a02a59422de60d5ae8e0f491","name":"Rebeca Romero","image":{"@type":"ImageObject","inLanguage":"es","@id":"https:\/\/secure.gravatar.com\/avatar\/aee0068ae3cc041082e0e84a8258fe5ccc00a733f187bde73b0b40d86b892826?s=96&d=mm&r=g","url":"https:\/\/secure.gravatar.com\/avatar\/aee0068ae3cc041082e0e84a8258fe5ccc00a733f187bde73b0b40d86b892826?s=96&d=mm&r=g","contentUrl":"https:\/\/secure.gravatar.com\/avatar\/aee0068ae3cc041082e0e84a8258fe5ccc00a733f187bde73b0b40d86b892826?s=96&d=mm&r=g","caption":"Rebeca Romero"},"url":"https:\/\/centrourbano.com\/revista\/author\/rebeca-romero\/"}]}},"_links":{"self":[{"href":"https:\/\/centrourbano.com\/revista\/wp-json\/wp\/v2\/posts\/136624","targetHints":{"allow":["GET"]}}],"collection":[{"href":"https:\/\/centrourbano.com\/revista\/wp-json\/wp\/v2\/posts"}],"about":[{"href":"https:\/\/centrourbano.com\/revista\/wp-json\/wp\/v2\/types\/post"}],"author":[{"embeddable":true,"href":"https:\/\/centrourbano.com\/revista\/wp-json\/wp\/v2\/users\/88"}],"replies":[{"embeddable":true,"href":"https:\/\/centrourbano.com\/revista\/wp-json\/wp\/v2\/comments?post=136624"}],"version-history":[{"count":1,"href":"https:\/\/centrourbano.com\/revista\/wp-json\/wp\/v2\/posts\/136624\/revisions"}],"predecessor-version":[{"id":136626,"href":"https:\/\/centrourbano.com\/revista\/wp-json\/wp\/v2\/posts\/136624\/revisions\/136626"}],"wp:featuredmedia":[{"embeddable":true,"href":"https:\/\/centrourbano.com\/revista\/wp-json\/wp\/v2\/media\/136625"}],"wp:attachment":[{"href":"https:\/\/centrourbano.com\/revista\/wp-json\/wp\/v2\/media?parent=136624"}],"wp:term":[{"taxonomy":"category","embeddable":true,"href":"https:\/\/centrourbano.com\/revista\/wp-json\/wp\/v2\/categories?post=136624"},{"taxonomy":"post_tag","embeddable":true,"href":"https:\/\/centrourbano.com\/revista\/wp-json\/wp\/v2\/tags?post=136624"}],"curies":[{"name":"wp","href":"https:\/\/api.w.org\/{rel}","templated":true}]}}