{"id":136513,"date":"2022-12-29T18:53:56","date_gmt":"2022-12-30T00:53:56","guid":{"rendered":"https:\/\/centrourbano.com\/?p=136513"},"modified":"2022-12-29T18:53:56","modified_gmt":"2022-12-30T00:53:56","slug":"poblacion-mas-vulnerable-eje-prioritario-de-las-onavis","status":"publish","type":"post","link":"https:\/\/centrourbano.com\/revista\/publicaciones\/revista-vivienda\/poblacion-mas-vulnerable-eje-prioritario-de-las-onavis\/","title":{"rendered":"Poblaci\u00f3n m\u00e1s vulnerable, eje prioritario de las Onavis"},"content":{"rendered":"<p><i><span style=\"font-weight: 400;\">Organismos como Infonavit y Fovissste han puesto el foco en impulsar soluciones que atiendan el derecho a una vivienda\u00a0<\/span><\/i><\/p>\n<p>&nbsp;<\/p>\n<p><i><span style=\"font-weight: 400;\">Por Fernanda Hern\u00e1ndez.<\/span><\/i><!--more--><\/p>\n<p>&nbsp;<\/p>\n<p><span style=\"font-weight: 400;\">\u00a0<\/span><\/p>\n<p><span style=\"font-weight: 400;\">En el marco del <strong>\u2018Encuentro <a href=\"https:\/\/www.newstorynext.org\/\">New Story NEXT<\/a><\/strong>: navegar, expandir y transformar mercados de vivienda adecuada\u2019, representantes de los principales organismos de vivienda del Gobierno Federal destacaron las acciones que se han llevado a cabo para atender las necesidades de la poblaci\u00f3n mexicana; especialmente de los m\u00e1s vulnerables.<\/span><\/p>\n<p><span style=\"font-weight: 400;\">\u00a0<\/span><\/p>\n<p><span style=\"font-weight: 400;\">En primer lugar, <strong><a href=\"https:\/\/twitter.com\/carlosmartinezv\">Carlos Mart\u00ednez Vel\u00e1zquez<\/a><\/strong>, director general del<strong><a href=\"https:\/\/twitter.com\/Infonavit\"> Instituto del Fondo Nacional de la Vivienda para los Trabajadores<\/a> (Infonavit)<\/strong>, afirm\u00f3 que el rezago habitacional no distingue entre la formalidad y la informalidad. Es decir que no existen trabajadores formales ni informales; sino personas que trabajan, perciben un salario y tienen derecho a una vivienda adecuada.<\/span><\/p>\n<p><span style=\"font-weight: 400;\">\u00a0<\/span><\/p>\n<blockquote><p><span style=\"font-weight: 400;\">\u201cLa visi\u00f3n que tenemos es, precisamente, garantizar ese derecho a trav\u00e9s de distintos mecanismos. En nuestro caso, el mecanismo se asocia con la seguridad social, el financiamiento se asocia con eso; pero en realidad trabajamos en equipo precisamente para buscar distintas formas de llegar a toda la poblaci\u00f3n. Esa es la parte m\u00e1s relevante del Programa Nacional de Vivienda\u201d, se\u00f1al\u00f3.<\/span><\/p><\/blockquote>\n<p><span style=\"font-weight: 400;\">\u00a0<\/span><\/p>\n<p><span style=\"font-weight: 400;\">Asimismo, destac\u00f3 que otras pol\u00edticas relevantes que ha implementado la actual administraci\u00f3n son el alza salarial y la eliminaci\u00f3n de la subcontrataci\u00f3n; lo que ha contribuido a erradicar la informalidad laboral.<\/span><\/p>\n<p><span style=\"font-weight: 400;\">\u00a0<\/span><\/p>\n<p><span style=\"font-weight: 400;\">En este sentido,<strong> Mart\u00ednez<\/strong> subray\u00f3 que el <strong>Infonavit<\/strong> ha diversificado las fuentes de financiamiento; a fin de facilitar el acceso de la poblaci\u00f3n m\u00e1s vulnerable a una vivienda adecuada.<\/span><\/p>\n<p><span style=\"font-weight: 400;\">\u00a0<\/span><\/p>\n<p><span style=\"font-weight: 400;\">Ejemplo de lo anterior es el esquema Cuenta Infonavit + Cr\u00e9dito Bancario, que permite a los trabajadores sin relaci\u00f3n laboral vigente, pero que tienen una subcuenta de vivienda, acceder a cr\u00e9ditos del Infonavit en cofinanciamiento con la banca.<\/span><\/p>\n<p><span style=\"font-weight: 400;\">\u00a0<\/span><\/p>\n<blockquote><p><span style=\"font-weight: 400;\">\u201cLo mismo sucede con los cr\u00e9ditos de mejora para personas que ya no est\u00e1n afiliadas a la seguridad social, pero que tienen una subcuenta de vivienda; tambi\u00e9n se les presta para mejorar de vivienda. Y, desde luego, el cr\u00e9dito para terrenos, que permite que las personas puedan hacer su casa, desde la adquisici\u00f3n del suelo; este a\u00f1o ya empezamos a financiar los cr\u00e9ditos para terrenos\u201d, detall\u00f3.<\/span><\/p><\/blockquote>\n<p><span style=\"font-weight: 400;\">\u00a0<\/span><\/p>\n<p><span style=\"font-weight: 400;\">Por su parte, <strong><a href=\"https:\/\/twitter.com\/cesarbm\">C\u00e9sar Buenrostr<\/a>o,<\/strong> vocal ejecutivo del <a href=\"https:\/\/twitter.com\/FOVISSSTEmx\"><strong>Fondo de la Vivienda del ISSSTE (Fovissste)<\/strong><\/a>, coment\u00f3 que, desde el inicio de su administraci\u00f3n de han implementado diversas medidas para combatir el rezago habitacional.<\/span><\/p>\n<p><span style=\"font-weight: 400;\">\u00a0<\/span><\/p>\n<p><span style=\"font-weight: 400;\">Por ejemplo, la aprobaci\u00f3n del proceso de inscripci\u00f3n continua, con el que el <strong>Fovissste<\/strong> atender\u00e1, de forma permanente, la demanda de cr\u00e9dito hipotecario. Es decir que los derechohabientes que cumplan con todos los requisitos para ejercer un financiamiento hipotecario podr\u00e1n solicitarlo en el momento que decidan y cuando m\u00e1s les convenga.<\/span><\/p>\n<p><span style=\"font-weight: 400;\">\u00a0<\/span><\/p>\n<p><span style=\"font-weight: 400;\">De igual manera, adelant\u00f3 que para el \u00faltimo trimestre de 2022 comenzar\u00e1 el otorgamiento del Cr\u00e9dito Tradicional denominado en pesos. Esto mediante un programa piloto con el que se otorgar\u00e1n 5,000 financiamientos en pesos con tasa de inter\u00e9s y pagos fijos.<\/span><\/p>\n<p>&nbsp;<\/p>\n<p style=\"text-align: center;\"><strong>Este texto se incluye en la\u00a0<a href=\"https:\/\/twitter.com\/ViviendaRevista\">edici\u00f3n<\/a>\u00a0140 \u00a0de\u00a0<a href=\"https:\/\/centrourbano.com\/publicaciones\/revista-vivienda\/\" target=\"_blank\" rel=\"noopener noreferrer\">Revista Vivienda<\/a><\/strong><\/p>\n<p><span style=\"font-weight: 400;\">\u00a0<\/span><\/p>\n","protected":false},"excerpt":{"rendered":"<p>Organismos como Infonavit y Fovissste han puesto el foco en impulsar soluciones que atiendan el derecho a una vivienda\u00a0 &nbsp; Por Fernanda Hern\u00e1ndez.<\/p>\n","protected":false},"author":73,"featured_media":136515,"comment_status":"open","ping_status":"closed","sticky":false,"template":"","format":"standard","meta":{"om_disable_all_campaigns":false,"inline_featured_image":false,"_monsterinsights_skip_tracking":false,"_monsterinsights_sitenote_active":false,"_monsterinsights_sitenote_note":"","_monsterinsights_sitenote_category":0,"footnotes":""},"categories":[4,16,7860,12],"tags":[22517,155,100,1149,2310,60],"class_list":["post-136513","post","type-post","status-publish","format-standard","has-post-thumbnail","hentry","category-publicaciones","category-reportajes","category-revista-vivienda","category-vivienda","tag-encuentro-new-story-next","tag-fovissste","tag-infonavit","tag-reportaje","tag-revista-vivienda","tag-vivienda-2"],"yoast_head":"<!-- This site is optimized with the Yoast SEO plugin v27.5 - https:\/\/yoast.com\/product\/yoast-seo-wordpress\/ -->\n<title>Poblaci\u00f3n m\u00e1s vulnerable, eje prioritario de las Onavis<\/title>\n<meta name=\"description\" content=\"Organismos como Infonavit y Fovissste han puesto el foco en impulsar soluciones que atiendan el derecho a una vivienda\u00a0\" \/>\n<meta name=\"robots\" content=\"index, follow, max-snippet:-1, max-image-preview:large, max-video-preview:-1\" \/>\n<link rel=\"canonical\" href=\"https:\/\/centrourbano.com\/revista\/publicaciones\/revista-vivienda\/poblacion-mas-vulnerable-eje-prioritario-de-las-onavis\/\" \/>\n<meta property=\"og:locale\" content=\"es_ES\" \/>\n<meta property=\"og:type\" content=\"article\" \/>\n<meta property=\"og:title\" content=\"Poblaci\u00f3n m\u00e1s vulnerable, eje prioritario de las Onavis\" \/>\n<meta property=\"og:description\" content=\"Organismos como Infonavit y Fovissste han puesto el foco en impulsar soluciones que atiendan el derecho a una vivienda\u00a0\" \/>\n<meta property=\"og:url\" content=\"https:\/\/centrourbano.com\/revista\/publicaciones\/revista-vivienda\/poblacion-mas-vulnerable-eje-prioritario-de-las-onavis\/\" \/>\n<meta property=\"og:site_name\" content=\"Centro Urbano\" \/>\n<meta property=\"article:publisher\" content=\"https:\/\/www.facebook.com\/portalcentrourbano\" \/>\n<meta property=\"article:published_time\" content=\"2022-12-30T00:53:56+00:00\" \/>\n<meta property=\"og:image\" content=\"https:\/\/centrourbano.com\/revista\/wp-content\/uploads\/pexels-maria-orlova-4946773-scaled.jpg\" \/>\n\t<meta property=\"og:image:width\" content=\"2560\" \/>\n\t<meta property=\"og:image:height\" content=\"1707\" \/>\n\t<meta property=\"og:image:type\" content=\"image\/jpeg\" \/>\n<meta name=\"author\" content=\"Fernanda Hern\u00e1ndez\" \/>\n<meta name=\"twitter:card\" content=\"summary_large_image\" \/>\n<meta name=\"twitter:creator\" content=\"@https:\/\/twitter.com\/Nannz_Hernandez\" \/>\n<meta name=\"twitter:site\" content=\"@CentroUrbano\" \/>\n<meta name=\"twitter:label1\" content=\"Escrito por\" \/>\n\t<meta name=\"twitter:data1\" content=\"Fernanda Hern\u00e1ndez\" \/>\n\t<meta name=\"twitter:label2\" content=\"Tiempo de lectura\" \/>\n\t<meta name=\"twitter:data2\" content=\"3 minutos\" \/>\n<script type=\"application\/ld+json\" class=\"yoast-schema-graph\">{\"@context\":\"https:\\\/\\\/schema.org\",\"@graph\":[{\"@type\":\"Article\",\"@id\":\"https:\\\/\\\/centrourbano.com\\\/revista\\\/publicaciones\\\/revista-vivienda\\\/poblacion-mas-vulnerable-eje-prioritario-de-las-onavis\\\/#article\",\"isPartOf\":{\"@id\":\"https:\\\/\\\/centrourbano.com\\\/revista\\\/publicaciones\\\/revista-vivienda\\\/poblacion-mas-vulnerable-eje-prioritario-de-las-onavis\\\/\"},\"author\":{\"name\":\"Fernanda Hern\u00e1ndez\",\"@id\":\"https:\\\/\\\/centrourbano.com\\\/revista\\\/#\\\/schema\\\/person\\\/bc284507d99af21c6df75a3f1924b95c\"},\"headline\":\"Poblaci\u00f3n m\u00e1s vulnerable, eje prioritario de las Onavis\",\"datePublished\":\"2022-12-30T00:53:56+00:00\",\"mainEntityOfPage\":{\"@id\":\"https:\\\/\\\/centrourbano.com\\\/revista\\\/publicaciones\\\/revista-vivienda\\\/poblacion-mas-vulnerable-eje-prioritario-de-las-onavis\\\/\"},\"wordCount\":533,\"commentCount\":0,\"publisher\":{\"@id\":\"https:\\\/\\\/centrourbano.com\\\/revista\\\/#organization\"},\"image\":{\"@id\":\"https:\\\/\\\/centrourbano.com\\\/revista\\\/publicaciones\\\/revista-vivienda\\\/poblacion-mas-vulnerable-eje-prioritario-de-las-onavis\\\/#primaryimage\"},\"thumbnailUrl\":\"https:\\\/\\\/centrourbano.com\\\/revista\\\/wp-content\\\/uploads\\\/pexels-maria-orlova-4946773-scaled.jpg\",\"keywords\":[\"Encuentro New Story NEXT\",\"Fovissste\",\"Infonavit\",\"Reportaje\",\"Revista Vivienda\",\"vivienda\"],\"articleSection\":[\"Publicaciones\",\"Reportajes\",\"Revista Vivienda\",\"Vivienda\"],\"inLanguage\":\"es\",\"potentialAction\":[{\"@type\":\"CommentAction\",\"name\":\"Comment\",\"target\":[\"https:\\\/\\\/centrourbano.com\\\/revista\\\/publicaciones\\\/revista-vivienda\\\/poblacion-mas-vulnerable-eje-prioritario-de-las-onavis\\\/#respond\"]}]},{\"@type\":\"WebPage\",\"@id\":\"https:\\\/\\\/centrourbano.com\\\/revista\\\/publicaciones\\\/revista-vivienda\\\/poblacion-mas-vulnerable-eje-prioritario-de-las-onavis\\\/\",\"url\":\"https:\\\/\\\/centrourbano.com\\\/revista\\\/publicaciones\\\/revista-vivienda\\\/poblacion-mas-vulnerable-eje-prioritario-de-las-onavis\\\/\",\"name\":\"Poblaci\u00f3n m\u00e1s vulnerable, eje prioritario de las Onavis\",\"isPartOf\":{\"@id\":\"https:\\\/\\\/centrourbano.com\\\/revista\\\/#website\"},\"primaryImageOfPage\":{\"@id\":\"https:\\\/\\\/centrourbano.com\\\/revista\\\/publicaciones\\\/revista-vivienda\\\/poblacion-mas-vulnerable-eje-prioritario-de-las-onavis\\\/#primaryimage\"},\"image\":{\"@id\":\"https:\\\/\\\/centrourbano.com\\\/revista\\\/publicaciones\\\/revista-vivienda\\\/poblacion-mas-vulnerable-eje-prioritario-de-las-onavis\\\/#primaryimage\"},\"thumbnailUrl\":\"https:\\\/\\\/centrourbano.com\\\/revista\\\/wp-content\\\/uploads\\\/pexels-maria-orlova-4946773-scaled.jpg\",\"datePublished\":\"2022-12-30T00:53:56+00:00\",\"description\":\"Organismos como Infonavit y Fovissste han puesto el foco en impulsar soluciones que atiendan el derecho a una vivienda\u00a0\",\"breadcrumb\":{\"@id\":\"https:\\\/\\\/centrourbano.com\\\/revista\\\/publicaciones\\\/revista-vivienda\\\/poblacion-mas-vulnerable-eje-prioritario-de-las-onavis\\\/#breadcrumb\"},\"inLanguage\":\"es\",\"potentialAction\":[{\"@type\":\"ReadAction\",\"target\":[\"https:\\\/\\\/centrourbano.com\\\/revista\\\/publicaciones\\\/revista-vivienda\\\/poblacion-mas-vulnerable-eje-prioritario-de-las-onavis\\\/\"]}]},{\"@type\":\"ImageObject\",\"inLanguage\":\"es\",\"@id\":\"https:\\\/\\\/centrourbano.com\\\/revista\\\/publicaciones\\\/revista-vivienda\\\/poblacion-mas-vulnerable-eje-prioritario-de-las-onavis\\\/#primaryimage\",\"url\":\"https:\\\/\\\/centrourbano.com\\\/revista\\\/wp-content\\\/uploads\\\/pexels-maria-orlova-4946773-scaled.jpg\",\"contentUrl\":\"https:\\\/\\\/centrourbano.com\\\/revista\\\/wp-content\\\/uploads\\\/pexels-maria-orlova-4946773-scaled.jpg\",\"width\":2560,\"height\":1707},{\"@type\":\"BreadcrumbList\",\"@id\":\"https:\\\/\\\/centrourbano.com\\\/revista\\\/publicaciones\\\/revista-vivienda\\\/poblacion-mas-vulnerable-eje-prioritario-de-las-onavis\\\/#breadcrumb\",\"itemListElement\":[{\"@type\":\"ListItem\",\"position\":1,\"name\":\"Portada\",\"item\":\"https:\\\/\\\/centrourbano.com\\\/revista\\\/\"},{\"@type\":\"ListItem\",\"position\":2,\"name\":\"Poblaci\u00f3n m\u00e1s vulnerable, eje prioritario de las Onavis\"}]},{\"@type\":\"WebSite\",\"@id\":\"https:\\\/\\\/centrourbano.com\\\/revista\\\/#website\",\"url\":\"https:\\\/\\\/centrourbano.com\\\/revista\\\/\",\"name\":\"Centro Urbano\",\"description\":\"Medio especializado en los sectores vivienda, inmobiliario, construcci\u00f3n, arquitectura y urbanismo.\",\"publisher\":{\"@id\":\"https:\\\/\\\/centrourbano.com\\\/revista\\\/#organization\"},\"potentialAction\":[{\"@type\":\"SearchAction\",\"target\":{\"@type\":\"EntryPoint\",\"urlTemplate\":\"https:\\\/\\\/centrourbano.com\\\/revista\\\/?s={search_term_string}\"},\"query-input\":{\"@type\":\"PropertyValueSpecification\",\"valueRequired\":true,\"valueName\":\"search_term_string\"}}],\"inLanguage\":\"es\"},{\"@type\":\"Organization\",\"@id\":\"https:\\\/\\\/centrourbano.com\\\/revista\\\/#organization\",\"name\":\"Centro Urbano\",\"url\":\"https:\\\/\\\/centrourbano.com\\\/revista\\\/\",\"logo\":{\"@type\":\"ImageObject\",\"inLanguage\":\"es\",\"@id\":\"https:\\\/\\\/centrourbano.com\\\/revista\\\/#\\\/schema\\\/logo\\\/image\\\/\",\"url\":\"https:\\\/\\\/centrourbano.com\\\/revista\\\/wp-content\\\/uploads\\\/web_CU_logo-1.png\",\"contentUrl\":\"https:\\\/\\\/centrourbano.com\\\/revista\\\/wp-content\\\/uploads\\\/web_CU_logo-1.png\",\"width\":350,\"height\":91,\"caption\":\"Centro Urbano\"},\"image\":{\"@id\":\"https:\\\/\\\/centrourbano.com\\\/revista\\\/#\\\/schema\\\/logo\\\/image\\\/\"},\"sameAs\":[\"https:\\\/\\\/www.facebook.com\\\/portalcentrourbano\",\"https:\\\/\\\/x.com\\\/CentroUrbano\",\"https:\\\/\\\/www.instagram.com\\\/centro_urbano\\\/\",\"https:\\\/\\\/www.linkedin.com\\\/company\\\/centro-urbano\\\/\",\"http:\\\/\\\/www.youtube.com\\\/user\\\/portalcentrourbano\"]},{\"@type\":\"Person\",\"@id\":\"https:\\\/\\\/centrourbano.com\\\/revista\\\/#\\\/schema\\\/person\\\/bc284507d99af21c6df75a3f1924b95c\",\"name\":\"Fernanda Hern\u00e1ndez\",\"image\":{\"@type\":\"ImageObject\",\"inLanguage\":\"es\",\"@id\":\"https:\\\/\\\/secure.gravatar.com\\\/avatar\\\/9471831fb0a24eae9d32d826a7cb8ef07c34a41520aca1a0ab1f5c0903ba49b9?s=96&d=mm&r=g\",\"url\":\"https:\\\/\\\/secure.gravatar.com\\\/avatar\\\/9471831fb0a24eae9d32d826a7cb8ef07c34a41520aca1a0ab1f5c0903ba49b9?s=96&d=mm&r=g\",\"contentUrl\":\"https:\\\/\\\/secure.gravatar.com\\\/avatar\\\/9471831fb0a24eae9d32d826a7cb8ef07c34a41520aca1a0ab1f5c0903ba49b9?s=96&d=mm&r=g\",\"caption\":\"Fernanda Hern\u00e1ndez\"},\"description\":\"Reportera y redactora en Centro Urbano. Soy egresada de la licenciatura en Ciencias de la Comunicaci\u00f3n de la Facultad de Ciencias Pol\u00edticas y Sociales (UNAM). Me interesa la cultura, el urbanismo y la arquitectura. Amante del mundo digital, el cine, la m\u00fasica, la lectura y la escritura.\",\"sameAs\":[\"https:\\\/\\\/x.com\\\/https:\\\/\\\/twitter.com\\\/Nannz_Hernandez\"],\"url\":\"https:\\\/\\\/centrourbano.com\\\/revista\\\/author\\\/fernanda-hernandez\\\/\"}]}<\/script>\n<!-- \/ Yoast SEO plugin. -->","yoast_head_json":{"title":"Poblaci\u00f3n m\u00e1s vulnerable, eje prioritario de las Onavis","description":"Organismos como Infonavit y Fovissste han puesto el foco en impulsar soluciones que atiendan el derecho a una vivienda\u00a0","robots":{"index":"index","follow":"follow","max-snippet":"max-snippet:-1","max-image-preview":"max-image-preview:large","max-video-preview":"max-video-preview:-1"},"canonical":"https:\/\/centrourbano.com\/revista\/publicaciones\/revista-vivienda\/poblacion-mas-vulnerable-eje-prioritario-de-las-onavis\/","og_locale":"es_ES","og_type":"article","og_title":"Poblaci\u00f3n m\u00e1s vulnerable, eje prioritario de las Onavis","og_description":"Organismos como Infonavit y Fovissste han puesto el foco en impulsar soluciones que atiendan el derecho a una vivienda\u00a0","og_url":"https:\/\/centrourbano.com\/revista\/publicaciones\/revista-vivienda\/poblacion-mas-vulnerable-eje-prioritario-de-las-onavis\/","og_site_name":"Centro Urbano","article_publisher":"https:\/\/www.facebook.com\/portalcentrourbano","article_published_time":"2022-12-30T00:53:56+00:00","og_image":[{"width":2560,"height":1707,"url":"https:\/\/centrourbano.com\/revista\/wp-content\/uploads\/pexels-maria-orlova-4946773-scaled.jpg","type":"image\/jpeg"}],"author":"Fernanda Hern\u00e1ndez","twitter_card":"summary_large_image","twitter_creator":"@https:\/\/twitter.com\/Nannz_Hernandez","twitter_site":"@CentroUrbano","twitter_misc":{"Escrito por":"Fernanda Hern\u00e1ndez","Tiempo de lectura":"3 minutos"},"schema":{"@context":"https:\/\/schema.org","@graph":[{"@type":"Article","@id":"https:\/\/centrourbano.com\/revista\/publicaciones\/revista-vivienda\/poblacion-mas-vulnerable-eje-prioritario-de-las-onavis\/#article","isPartOf":{"@id":"https:\/\/centrourbano.com\/revista\/publicaciones\/revista-vivienda\/poblacion-mas-vulnerable-eje-prioritario-de-las-onavis\/"},"author":{"name":"Fernanda Hern\u00e1ndez","@id":"https:\/\/centrourbano.com\/revista\/#\/schema\/person\/bc284507d99af21c6df75a3f1924b95c"},"headline":"Poblaci\u00f3n m\u00e1s vulnerable, eje prioritario de las Onavis","datePublished":"2022-12-30T00:53:56+00:00","mainEntityOfPage":{"@id":"https:\/\/centrourbano.com\/revista\/publicaciones\/revista-vivienda\/poblacion-mas-vulnerable-eje-prioritario-de-las-onavis\/"},"wordCount":533,"commentCount":0,"publisher":{"@id":"https:\/\/centrourbano.com\/revista\/#organization"},"image":{"@id":"https:\/\/centrourbano.com\/revista\/publicaciones\/revista-vivienda\/poblacion-mas-vulnerable-eje-prioritario-de-las-onavis\/#primaryimage"},"thumbnailUrl":"https:\/\/centrourbano.com\/revista\/wp-content\/uploads\/pexels-maria-orlova-4946773-scaled.jpg","keywords":["Encuentro New Story NEXT","Fovissste","Infonavit","Reportaje","Revista Vivienda","vivienda"],"articleSection":["Publicaciones","Reportajes","Revista Vivienda","Vivienda"],"inLanguage":"es","potentialAction":[{"@type":"CommentAction","name":"Comment","target":["https:\/\/centrourbano.com\/revista\/publicaciones\/revista-vivienda\/poblacion-mas-vulnerable-eje-prioritario-de-las-onavis\/#respond"]}]},{"@type":"WebPage","@id":"https:\/\/centrourbano.com\/revista\/publicaciones\/revista-vivienda\/poblacion-mas-vulnerable-eje-prioritario-de-las-onavis\/","url":"https:\/\/centrourbano.com\/revista\/publicaciones\/revista-vivienda\/poblacion-mas-vulnerable-eje-prioritario-de-las-onavis\/","name":"Poblaci\u00f3n m\u00e1s vulnerable, eje prioritario de las Onavis","isPartOf":{"@id":"https:\/\/centrourbano.com\/revista\/#website"},"primaryImageOfPage":{"@id":"https:\/\/centrourbano.com\/revista\/publicaciones\/revista-vivienda\/poblacion-mas-vulnerable-eje-prioritario-de-las-onavis\/#primaryimage"},"image":{"@id":"https:\/\/centrourbano.com\/revista\/publicaciones\/revista-vivienda\/poblacion-mas-vulnerable-eje-prioritario-de-las-onavis\/#primaryimage"},"thumbnailUrl":"https:\/\/centrourbano.com\/revista\/wp-content\/uploads\/pexels-maria-orlova-4946773-scaled.jpg","datePublished":"2022-12-30T00:53:56+00:00","description":"Organismos como Infonavit y Fovissste han puesto el foco en impulsar soluciones que atiendan el derecho a una vivienda\u00a0","breadcrumb":{"@id":"https:\/\/centrourbano.com\/revista\/publicaciones\/revista-vivienda\/poblacion-mas-vulnerable-eje-prioritario-de-las-onavis\/#breadcrumb"},"inLanguage":"es","potentialAction":[{"@type":"ReadAction","target":["https:\/\/centrourbano.com\/revista\/publicaciones\/revista-vivienda\/poblacion-mas-vulnerable-eje-prioritario-de-las-onavis\/"]}]},{"@type":"ImageObject","inLanguage":"es","@id":"https:\/\/centrourbano.com\/revista\/publicaciones\/revista-vivienda\/poblacion-mas-vulnerable-eje-prioritario-de-las-onavis\/#primaryimage","url":"https:\/\/centrourbano.com\/revista\/wp-content\/uploads\/pexels-maria-orlova-4946773-scaled.jpg","contentUrl":"https:\/\/centrourbano.com\/revista\/wp-content\/uploads\/pexels-maria-orlova-4946773-scaled.jpg","width":2560,"height":1707},{"@type":"BreadcrumbList","@id":"https:\/\/centrourbano.com\/revista\/publicaciones\/revista-vivienda\/poblacion-mas-vulnerable-eje-prioritario-de-las-onavis\/#breadcrumb","itemListElement":[{"@type":"ListItem","position":1,"name":"Portada","item":"https:\/\/centrourbano.com\/revista\/"},{"@type":"ListItem","position":2,"name":"Poblaci\u00f3n m\u00e1s vulnerable, eje prioritario de las Onavis"}]},{"@type":"WebSite","@id":"https:\/\/centrourbano.com\/revista\/#website","url":"https:\/\/centrourbano.com\/revista\/","name":"Centro Urbano","description":"Medio especializado en los sectores vivienda, inmobiliario, construcci\u00f3n, arquitectura y urbanismo.","publisher":{"@id":"https:\/\/centrourbano.com\/revista\/#organization"},"potentialAction":[{"@type":"SearchAction","target":{"@type":"EntryPoint","urlTemplate":"https:\/\/centrourbano.com\/revista\/?s={search_term_string}"},"query-input":{"@type":"PropertyValueSpecification","valueRequired":true,"valueName":"search_term_string"}}],"inLanguage":"es"},{"@type":"Organization","@id":"https:\/\/centrourbano.com\/revista\/#organization","name":"Centro Urbano","url":"https:\/\/centrourbano.com\/revista\/","logo":{"@type":"ImageObject","inLanguage":"es","@id":"https:\/\/centrourbano.com\/revista\/#\/schema\/logo\/image\/","url":"https:\/\/centrourbano.com\/revista\/wp-content\/uploads\/web_CU_logo-1.png","contentUrl":"https:\/\/centrourbano.com\/revista\/wp-content\/uploads\/web_CU_logo-1.png","width":350,"height":91,"caption":"Centro Urbano"},"image":{"@id":"https:\/\/centrourbano.com\/revista\/#\/schema\/logo\/image\/"},"sameAs":["https:\/\/www.facebook.com\/portalcentrourbano","https:\/\/x.com\/CentroUrbano","https:\/\/www.instagram.com\/centro_urbano\/","https:\/\/www.linkedin.com\/company\/centro-urbano\/","http:\/\/www.youtube.com\/user\/portalcentrourbano"]},{"@type":"Person","@id":"https:\/\/centrourbano.com\/revista\/#\/schema\/person\/bc284507d99af21c6df75a3f1924b95c","name":"Fernanda Hern\u00e1ndez","image":{"@type":"ImageObject","inLanguage":"es","@id":"https:\/\/secure.gravatar.com\/avatar\/9471831fb0a24eae9d32d826a7cb8ef07c34a41520aca1a0ab1f5c0903ba49b9?s=96&d=mm&r=g","url":"https:\/\/secure.gravatar.com\/avatar\/9471831fb0a24eae9d32d826a7cb8ef07c34a41520aca1a0ab1f5c0903ba49b9?s=96&d=mm&r=g","contentUrl":"https:\/\/secure.gravatar.com\/avatar\/9471831fb0a24eae9d32d826a7cb8ef07c34a41520aca1a0ab1f5c0903ba49b9?s=96&d=mm&r=g","caption":"Fernanda Hern\u00e1ndez"},"description":"Reportera y redactora en Centro Urbano. Soy egresada de la licenciatura en Ciencias de la Comunicaci\u00f3n de la Facultad de Ciencias Pol\u00edticas y Sociales (UNAM). Me interesa la cultura, el urbanismo y la arquitectura. Amante del mundo digital, el cine, la m\u00fasica, la lectura y la escritura.","sameAs":["https:\/\/x.com\/https:\/\/twitter.com\/Nannz_Hernandez"],"url":"https:\/\/centrourbano.com\/revista\/author\/fernanda-hernandez\/"}]}},"_links":{"self":[{"href":"https:\/\/centrourbano.com\/revista\/wp-json\/wp\/v2\/posts\/136513","targetHints":{"allow":["GET"]}}],"collection":[{"href":"https:\/\/centrourbano.com\/revista\/wp-json\/wp\/v2\/posts"}],"about":[{"href":"https:\/\/centrourbano.com\/revista\/wp-json\/wp\/v2\/types\/post"}],"author":[{"embeddable":true,"href":"https:\/\/centrourbano.com\/revista\/wp-json\/wp\/v2\/users\/73"}],"replies":[{"embeddable":true,"href":"https:\/\/centrourbano.com\/revista\/wp-json\/wp\/v2\/comments?post=136513"}],"version-history":[{"count":1,"href":"https:\/\/centrourbano.com\/revista\/wp-json\/wp\/v2\/posts\/136513\/revisions"}],"predecessor-version":[{"id":136516,"href":"https:\/\/centrourbano.com\/revista\/wp-json\/wp\/v2\/posts\/136513\/revisions\/136516"}],"wp:featuredmedia":[{"embeddable":true,"href":"https:\/\/centrourbano.com\/revista\/wp-json\/wp\/v2\/media\/136515"}],"wp:attachment":[{"href":"https:\/\/centrourbano.com\/revista\/wp-json\/wp\/v2\/media?parent=136513"}],"wp:term":[{"taxonomy":"category","embeddable":true,"href":"https:\/\/centrourbano.com\/revista\/wp-json\/wp\/v2\/categories?post=136513"},{"taxonomy":"post_tag","embeddable":true,"href":"https:\/\/centrourbano.com\/revista\/wp-json\/wp\/v2\/tags?post=136513"}],"curies":[{"name":"wp","href":"https:\/\/api.w.org\/{rel}","templated":true}]}}