{"id":136462,"date":"2022-12-28T18:55:24","date_gmt":"2022-12-29T00:55:24","guid":{"rendered":"https:\/\/centrourbano.com\/?p=136462"},"modified":"2022-12-28T18:55:24","modified_gmt":"2022-12-29T00:55:24","slug":"fovissste-50-anos-de-impulsar-el-acceso-a-vivienda","status":"publish","type":"post","link":"https:\/\/centrourbano.com\/revista\/publicaciones\/revista-vivienda\/fovissste-50-anos-de-impulsar-el-acceso-a-vivienda\/","title":{"rendered":"Fovissste: 50 a\u00f1os de impulsar el acceso a vivienda"},"content":{"rendered":"<p><em><span style=\"font-weight: 400;\">En medio siglo de vida, el Fondo ha construido una historia de avances en aras de mejorar y ampliar las opciones para que los trabajadores del Estado gocen de una vivienda<\/span><\/em><\/p>\n<p><em><span style=\"font-weight: 400;\">Esteban Salazar<\/span><\/em><!--more--><\/p>\n<p><span style=\"font-weight: 400;\">El <strong><a href=\"https:\/\/twitter.com\/FOVISSSTEmx\">Fondo de la Vivienda del Issste<\/a> (Fovissste)<\/strong> cumple en 2022, 50 a\u00f1os de vida. En estas cinco d\u00e9cadas de existencia, el organismo se ha consolidado como un actor importante en el camino de encarar el rezago habitacional que se observa en M\u00e9xico.<\/span><\/p>\n<p><span style=\"font-weight: 400;\">\u00a0<\/span><\/p>\n<p><span style=\"font-weight: 400;\">Fue en 1972 cuando este organismo que atiende a los trabajadores del Estado vio la luz. Pero, \u00bfc\u00f3mo llega Fovissste a este medio siglo de vida?<\/span><\/p>\n<p><span style=\"font-weight: 400;\">\u00a0<\/span><\/p>\n<p><span style=\"font-weight: 400;\">A decir de las autoridades, el Fondo llega en una posici\u00f3n con la fortaleza financiera para seguir atendiendo las necesidades de vivienda de su derechohabiencia; pero, sobre todo, con la posici\u00f3n adecuada para continuar en el proceso de transformaci\u00f3n en aras de entregar mejores esquemas y programas a los trabajadores del Estado.<\/span><\/p>\n<p><span style=\"font-weight: 400;\">\u00a0<\/span><\/p>\n<p><span style=\"font-weight: 400;\">En estas cinco d\u00e9cadas de existencia, el Fovissste ha otorgado 2 millones de cr\u00e9ditos. Y ha estado en un proceso de avance constante que le ha permitido colocarse como un protagonista de la vivienda en M\u00e9xico.<\/span><\/p>\n<p><span style=\"font-weight: 400;\">\u00a0<\/span><\/p>\n<p><span style=\"font-weight: 400;\">Espec\u00edficamente, con la llegada de la actual administraci\u00f3n federal, el Fovissste entr\u00f3 a una etapa de cambios importante. En este periodo, la meta se ha concentrado en dar un giro en la visi\u00f3n que impulsa el Fondo, y \u201cponer al centro de las decisiones a los trabajadores\u201d.<\/span><\/p>\n<p><span style=\"font-weight: 400;\">\u00a0<\/span><\/p>\n<p><span style=\"font-weight: 400;\">Bajo esa premisa, en 2019 inici\u00f3 una etapa de transformaci\u00f3n que ha buscado atender deudas hist\u00f3ricas y contar con mejores cr\u00e9ditos para los trabajadores. Este escenario, ha llevado a que en los cuatro a\u00f1os que lleva la administraci\u00f3n, Fovissste se encuentre en una din\u00e1mica de trabajo intensa, marcada por los aires renovadores.<\/span><\/p>\n<p><span style=\"font-weight: 400;\">\u00a0<\/span><\/p>\n<h2><b>Historia Fovissste<\/b><\/h2>\n<h2><b>\u00a0<\/b><\/h2>\n<p><span style=\"font-weight: 400;\">Pero, para entender la actualidad del Fovissste, es importante dar un repaso a su historia.<\/span><\/p>\n<p><b>\u00a0<\/b><\/p>\n<p><span style=\"font-weight: 400;\">Todo comenz\u00f3 el 10 de noviembre de 197<\/span><span style=\"font-weight: 400;\">2<\/span><span style=\"font-weight: 400;\">, con la modificaci\u00f3n de la fracci\u00f3n XI del Apartado B del Art\u00edculo 123 Constitucional. Estos cambios a la Carta Magna marcan la creaci\u00f3n del Fondo de Vivienda del Instituto de Seguridad y Servicios Sociales de los Trabajadores del Estado (Fovissste), con el objetivo de \u201cconstituir dep\u00f3sitos a favor de los trabajadores y establecer un sistema de financiamiento que permita otorgar cr\u00e9dito barato, suficiente para que adquieran en propiedad habitaciones c\u00f3modas, higi\u00e9nicas o bien para construirlas, repararlas, mejorarlas o pagar pasivos adquiridos por estos conceptos\u201d.<\/span><\/p>\n<p><span style=\"font-weight: 400;\">\u00a0<\/span><\/p>\n<p><span style=\"font-weight: 400;\">Es importante recordar que en una primera etapa, el Fovissste se consolid\u00f3 como un organismo que impuls\u00f3 la construcci\u00f3n de viviendas. Concretamente, entre 1973 y 1985, Fovissste gener\u00f3 programas de financiamiento para el desarrollo de conjuntos habitacionales, que al terminarse permitieron la entrega de las viviendas a los trabajadores mediante la individualizaci\u00f3n de cr\u00e9ditos.<\/span><\/p>\n<p><span style=\"font-weight: 400;\">\u00a0<\/span><\/p>\n<p><span style=\"font-weight: 400;\">De acuerdo con Enrique Vainer, director general de Grupo Sadasi, entre 1986 y 1988, y a pesar de la crisis financiera, se dieron los primeros esquemas de cofinanciamiento y coinversi\u00f3n, en los cuales participaban la banca comercial, los trabajadores al servicio del Estado y sus organizaciones; adem\u00e1s de esto, se mantuvo el financiamiento a los constructores de vivienda cuyo esfuerzo fue definitivo para seguir avanzando.<\/span><\/p>\n<p><span style=\"font-weight: 400;\">\u00a0<\/span><\/p>\n<p><span style=\"font-weight: 400;\">Para el empresario, 1986 fue un a\u00f1o clave para el fondo. Y es que, fue aqu\u00ed cuando el organismo comenz\u00f3 a administrar sus propios recursos.<\/span><\/p>\n<p><span style=\"font-weight: 400;\">\u00a0<\/span><\/p>\n<blockquote><p><span style=\"font-weight: 400;\">\u201cEn el periodo 1989-1992, el Fovissste extendi\u00f3 sus l\u00edneas de cr\u00e9dito y plazos de amortizaci\u00f3n a 30 a\u00f1os. Se vislumbraba el nuevo reto de pasar de una entidad estrictamente constructora a una financiera.. Para el periodo entre 1993 y 1995 se crearon las Sociedades Financieras de Objeto Limitado (Sofoles) para fortalecer el financiamiento inmobiliario, especialmente el de la vivienda.\u00a0<\/span><\/p><\/blockquote>\n<p>&nbsp;<\/p>\n<blockquote><p><span style=\"font-weight: 400;\">\u201c1993 fue un a\u00f1o importante, porque brinda a los derechohabientes del Fondo la libertad de elecci\u00f3n para adquirir una vivienda nueva o usada, aun cuando no formara parte del conjunto habitacional edificado por el gobierno\u201d.<\/span><\/p><\/blockquote>\n<p><span style=\"font-weight: 400;\">\u00a0<\/span><\/p>\n<p><span style=\"font-weight: 400;\">Para Vainer, el periodo 1996-2012 es trascendental en la historia del organismo, ya que es cuando, considera, se logra \u201cla consolidaci\u00f3n plena de la transici\u00f3n del organismo en una entidad financiera gracias a importantes reformas legislativas\u201d.<\/span><\/p>\n<p><span style=\"font-weight: 400;\">\u00a0<\/span><\/p>\n<p><span style=\"font-weight: 400;\">\u00a0<\/span><\/p>\n<h2><b>Transformaci\u00f3n reciente<\/b><\/h2>\n<p><span style=\"font-weight: 400;\">\u00a0<\/span><\/p>\n<p><span style=\"font-weight: 400;\">Como se cit\u00f3, en la actual administraci\u00f3n federal, Fovissste ha estado inmerso en un proceso de transformaci\u00f3n y renovaci\u00f3n. La visi\u00f3n impulsada con la llegada de las autoridades se ha centrado en dar un giro en la operaci\u00f3n del organismo,\u00a0 y no solo innovar en temas de nuevos esquemas de cr\u00e9dito, sino atender demandas hist\u00f3ricas.<\/span><\/p>\n<p><span style=\"font-weight: 400;\">\u00a0<\/span><\/p>\n<p><span style=\"font-weight: 400;\">Esta etapa del Fondo ha estado caracterizada por acciones que han buscado, por un lado, mejorar la operaci\u00f3n del organismo y lograr ahorros en el gasto; esto, sumado a un elemento que ha sido fundamental: lanzar nuevos y mejores programas de cr\u00e9dito que permitan atender las necesidades de los trabajadores.<\/span><\/p>\n<p>&nbsp;<\/p>\n<p><span style=\"font-weight: 400;\">De esta forma, a finales de 2020, se aprob\u00f3 una reforma importante que modifica tanto al Infonavit como al Fovissste. Los cambios impulsados desde el Ejecutivo Federal marcaron como objetivo, entre otras cosas, ampliar las posibilidades de cr\u00e9dito de los trabajadores. Puntualmente, las autoridades se\u00f1alaron como eje de los cambios, generar la posibilidad de quitar las limitantes y permitir que los derechohabientes utilicen su cr\u00e9dito en la opci\u00f3n que mejor les convenga.\u00a0<\/span><\/p>\n<p><span style=\"font-weight: 400;\">\u00a0<\/span><\/p>\n<p><span style=\"font-weight: 400;\">Cabe se\u00f1alar que en diciembre de 2021, se concret\u00f3 el relevo en la Vocal\u00eda Ejecutiva del Fovissste. De esta forma, lleg\u00f3 al cargo C\u00e9sar Buenrostro.\u00a0<\/span><\/p>\n<p><span style=\"font-weight: 400;\">\u00a0<\/span><\/p>\n<p><span style=\"font-weight: 400;\">En palabras del Vocal, la visi\u00f3n que se impulsa en esta nueva etapa del Fondo es clara: mantener los trabajos para poner a los trabajadores al centro de las decisiones. Esto implica que de cara a 2023, se contempla modificaciones importantes en el organismo.\u00a0<\/span><\/p>\n<p><span style=\"font-weight: 400;\">\u00a0<\/span><\/p>\n<p><span style=\"font-weight: 400;\">En primer lugar, dio a conocer que a partir de 2023, el organismo que encabeza dejar\u00e1 el sistema de puntaje para la asignaci\u00f3n de los cr\u00e9ditos. De esta forma, migrar\u00e1 a un proceso de inscripci\u00f3n continua de financiamientos como el de Infonavit.<\/span><\/p>\n<p><span style=\"font-weight: 400;\">\u00a0<\/span><\/p>\n<blockquote><p><span style=\"font-weight: 400;\">\u201cUn logro muy importante es que logramos la autorizaci\u00f3n por parte de nuestra Comisi\u00f3n Ejecutiva para contar con sistema de inscripci\u00f3n continua de cr\u00e9ditos.<\/span> <span style=\"font-weight: 400;\">Anteriormente se hac\u00eda un sorteo, para luego pasar a un sistema de puntaje, lo cual, como saben ustedes, es complicado: la gente se va quedando en la tuber\u00eda y luego quien no atiende a la convocatoria a finales de a\u00f1o y tiene la necesidad de una vivienda en cualquier otra parte del a\u00f1o, pues tiene que esperar la nueva convocatoria\u201d, dijo.<\/span><\/p><\/blockquote>\n<p><span style=\"font-weight: 400;\">\u00a0<\/span><\/p>\n<p><span style=\"font-weight: 400;\">El Vocal Ejecutivo asegur\u00f3 que con esta nueva manera de operar, Fovissste ser\u00e1 m\u00e1s eficiente en la atenci\u00f3n a los derechohabientes.<\/span><\/p>\n<p><span style=\"font-weight: 400;\">\u00a0<\/span><\/p>\n<blockquote><p><span style=\"font-weight: 400;\">\u201cCon la inscripci\u00f3n continua vamos a poder ser m\u00e1s eficientes y poder atender a nuestros derechohabientes en el momento que realmente lo necesiten, que ya cuenten con una vivienda seleccionada, que pueda estar inscrita en el RUV\u201d.<\/span><\/p><\/blockquote>\n<p><span style=\"font-weight: 400;\">\u00a0<\/span><\/p>\n<p><span style=\"font-weight: 400;\">El funcionario a\u00f1adi\u00f3 que el Fondo tambi\u00e9n trabaja en una redefinici\u00f3n de los productos crediticios con los que hoy cuenta. El objetivo, dijo, es generar mejores soluciones para los trabajadores del Estado.<\/span><\/p>\n<p><span style=\"font-weight: 400;\">\u00a0<\/span><\/p>\n<blockquote><p><span style=\"font-weight: 400;\">\u201cSentimos que los productos que nos toc\u00f3 recibir, que son vigentes en el 2022, ya no responden necesariamente a las necesidades actuales de nuestros derechohabientes y posibles acreditados. Entonces estamos en la Subdirecci\u00f3n de Cr\u00e9dito trabajando de manera importante en nuevos productos para el 2023\u201d.<\/span><\/p><\/blockquote>\n<p><span style=\"font-weight: 400;\">\u00a0<\/span><\/p>\n<p><span style=\"font-weight: 400;\">C\u00e9sar Buenrostro a\u00f1adi\u00f3 que el organismo tambi\u00e9n trabaja en la mejora del proceso de originaci\u00f3n de cr\u00e9dito. Al respecto, explic\u00f3 que el Fondo buscar\u00e1 automatizar diversas operaciones, con el objetivo de atacar la corrupci\u00f3n.<\/span><\/p>\n<p><span style=\"font-weight: 400;\">\u00a0<\/span><\/p>\n<blockquote><p><span style=\"font-weight: 400;\">\u201cTenemos una prioridad: mejorar la plataforma tecnol\u00f3gica para eliminar los procesos manuales, que hoy son muchos, y pueden conllevar un error e incluso actos de corrupci\u00f3n. Al automatizar esto, queremos sacar las manos de todo mundo y que pueda ser algo eficiente y sobre todo la cuesti\u00f3n de la corrupci\u00f3n poderla dejar fuera\u201d, detall\u00f3.<\/span><\/p><\/blockquote>\n<p>&nbsp;<\/p>\n<p style=\"text-align: center;\"><strong>Este texto se incluye en la\u00a0<a href=\"https:\/\/twitter.com\/ViviendaRevista\">edici\u00f3n<\/a>\u00a0140 \u00a0de\u00a0<a href=\"https:\/\/centrourbano.com\/publicaciones\/revista-vivienda\/\" target=\"_blank\" rel=\"noopener noreferrer\">Revista Vivienda<\/a><\/strong><\/p>\n","protected":false},"excerpt":{"rendered":"<p>En medio siglo de vida, el Fondo ha construido una historia de avances en aras de mejorar y ampliar las opciones para que los trabajadores del Estado gocen de una vivienda Esteban Salazar<\/p>\n","protected":false},"author":79,"featured_media":136469,"comment_status":"open","ping_status":"closed","sticky":false,"template":"","format":"standard","meta":{"om_disable_all_campaigns":false,"inline_featured_image":false,"_monsterinsights_skip_tracking":false,"_monsterinsights_sitenote_active":false,"_monsterinsights_sitenote_note":"","_monsterinsights_sitenote_category":0,"footnotes":""},"categories":[4,7860,12],"tags":[22499,12769,2310],"class_list":["post-136462","post","type-post","status-publish","format-standard","has-post-thumbnail","hentry","category-publicaciones","category-revista-vivienda","category-vivienda","tag-fondo-de-la-vivienda-del-issste-fovissste","tag-publicaciones","tag-revista-vivienda"],"yoast_head":"<!-- This site is optimized with the Yoast SEO plugin v27.5 - https:\/\/yoast.com\/product\/yoast-seo-wordpress\/ -->\n<title>Fovissste: 50 a\u00f1os de impulsar el acceso a vivienda<\/title>\n<meta name=\"description\" content=\"En medio siglo de vida, el Fondo ha construido una historia de avances en aras de mejorar y ampliar las opciones para que los trabajadores del Estado gocen de una vivienda\" \/>\n<meta name=\"robots\" content=\"index, follow, max-snippet:-1, max-image-preview:large, max-video-preview:-1\" \/>\n<link rel=\"canonical\" href=\"https:\/\/centrourbano.com\/revista\/publicaciones\/revista-vivienda\/fovissste-50-anos-de-impulsar-el-acceso-a-vivienda\/\" \/>\n<meta property=\"og:locale\" content=\"es_ES\" \/>\n<meta property=\"og:type\" content=\"article\" \/>\n<meta property=\"og:title\" content=\"Fovissste: 50 a\u00f1os de impulsar el acceso a vivienda\" \/>\n<meta property=\"og:description\" content=\"En medio siglo de vida, el Fondo ha construido una historia de avances en aras de mejorar y ampliar las opciones para que los trabajadores del Estado gocen de una vivienda\" \/>\n<meta property=\"og:url\" content=\"https:\/\/centrourbano.com\/revista\/publicaciones\/revista-vivienda\/fovissste-50-anos-de-impulsar-el-acceso-a-vivienda\/\" \/>\n<meta property=\"og:site_name\" content=\"Centro Urbano\" \/>\n<meta property=\"article:publisher\" content=\"https:\/\/www.facebook.com\/portalcentrourbano\" \/>\n<meta property=\"article:published_time\" content=\"2022-12-29T00:55:24+00:00\" \/>\n<meta property=\"og:image\" content=\"https:\/\/centrourbano.com\/revista\/wp-content\/uploads\/Diseno-sin-titulo-1-5.png\" \/>\n\t<meta property=\"og:image:width\" content=\"900\" \/>\n\t<meta property=\"og:image:height\" content=\"900\" \/>\n\t<meta property=\"og:image:type\" content=\"image\/png\" \/>\n<meta name=\"author\" content=\"Columnista invitado\" \/>\n<meta name=\"twitter:card\" content=\"summary_large_image\" \/>\n<meta name=\"twitter:creator\" content=\"@CentroUrbano\" \/>\n<meta name=\"twitter:site\" content=\"@CentroUrbano\" \/>\n<meta name=\"twitter:label1\" content=\"Escrito por\" \/>\n\t<meta name=\"twitter:data1\" content=\"Columnista invitado\" \/>\n\t<meta name=\"twitter:label2\" content=\"Tiempo de lectura\" \/>\n\t<meta name=\"twitter:data2\" content=\"6 minutos\" \/>\n<script type=\"application\/ld+json\" class=\"yoast-schema-graph\">{\"@context\":\"https:\\\/\\\/schema.org\",\"@graph\":[{\"@type\":\"Article\",\"@id\":\"https:\\\/\\\/centrourbano.com\\\/revista\\\/publicaciones\\\/revista-vivienda\\\/fovissste-50-anos-de-impulsar-el-acceso-a-vivienda\\\/#article\",\"isPartOf\":{\"@id\":\"https:\\\/\\\/centrourbano.com\\\/revista\\\/publicaciones\\\/revista-vivienda\\\/fovissste-50-anos-de-impulsar-el-acceso-a-vivienda\\\/\"},\"author\":{\"name\":\"Columnista invitado\",\"@id\":\"https:\\\/\\\/centrourbano.com\\\/revista\\\/#\\\/schema\\\/person\\\/dc8df86210792d64ade8cee71f6c3625\"},\"headline\":\"Fovissste: 50 a\u00f1os de impulsar el acceso a vivienda\",\"datePublished\":\"2022-12-29T00:55:24+00:00\",\"mainEntityOfPage\":{\"@id\":\"https:\\\/\\\/centrourbano.com\\\/revista\\\/publicaciones\\\/revista-vivienda\\\/fovissste-50-anos-de-impulsar-el-acceso-a-vivienda\\\/\"},\"wordCount\":1359,\"commentCount\":0,\"publisher\":{\"@id\":\"https:\\\/\\\/centrourbano.com\\\/revista\\\/#organization\"},\"image\":{\"@id\":\"https:\\\/\\\/centrourbano.com\\\/revista\\\/publicaciones\\\/revista-vivienda\\\/fovissste-50-anos-de-impulsar-el-acceso-a-vivienda\\\/#primaryimage\"},\"thumbnailUrl\":\"https:\\\/\\\/centrourbano.com\\\/revista\\\/wp-content\\\/uploads\\\/Diseno-sin-titulo-1-5.png\",\"keywords\":[\"Fondo de la Vivienda del Issste (Fovissste)\",\"publicaciones\",\"Revista Vivienda\"],\"articleSection\":[\"Publicaciones\",\"Revista Vivienda\",\"Vivienda\"],\"inLanguage\":\"es\",\"potentialAction\":[{\"@type\":\"CommentAction\",\"name\":\"Comment\",\"target\":[\"https:\\\/\\\/centrourbano.com\\\/revista\\\/publicaciones\\\/revista-vivienda\\\/fovissste-50-anos-de-impulsar-el-acceso-a-vivienda\\\/#respond\"]}]},{\"@type\":\"WebPage\",\"@id\":\"https:\\\/\\\/centrourbano.com\\\/revista\\\/publicaciones\\\/revista-vivienda\\\/fovissste-50-anos-de-impulsar-el-acceso-a-vivienda\\\/\",\"url\":\"https:\\\/\\\/centrourbano.com\\\/revista\\\/publicaciones\\\/revista-vivienda\\\/fovissste-50-anos-de-impulsar-el-acceso-a-vivienda\\\/\",\"name\":\"Fovissste: 50 a\u00f1os de impulsar el acceso a vivienda\",\"isPartOf\":{\"@id\":\"https:\\\/\\\/centrourbano.com\\\/revista\\\/#website\"},\"primaryImageOfPage\":{\"@id\":\"https:\\\/\\\/centrourbano.com\\\/revista\\\/publicaciones\\\/revista-vivienda\\\/fovissste-50-anos-de-impulsar-el-acceso-a-vivienda\\\/#primaryimage\"},\"image\":{\"@id\":\"https:\\\/\\\/centrourbano.com\\\/revista\\\/publicaciones\\\/revista-vivienda\\\/fovissste-50-anos-de-impulsar-el-acceso-a-vivienda\\\/#primaryimage\"},\"thumbnailUrl\":\"https:\\\/\\\/centrourbano.com\\\/revista\\\/wp-content\\\/uploads\\\/Diseno-sin-titulo-1-5.png\",\"datePublished\":\"2022-12-29T00:55:24+00:00\",\"description\":\"En medio siglo de vida, el Fondo ha construido una historia de avances en aras de mejorar y ampliar las opciones para que los trabajadores del Estado gocen de una vivienda\",\"breadcrumb\":{\"@id\":\"https:\\\/\\\/centrourbano.com\\\/revista\\\/publicaciones\\\/revista-vivienda\\\/fovissste-50-anos-de-impulsar-el-acceso-a-vivienda\\\/#breadcrumb\"},\"inLanguage\":\"es\",\"potentialAction\":[{\"@type\":\"ReadAction\",\"target\":[\"https:\\\/\\\/centrourbano.com\\\/revista\\\/publicaciones\\\/revista-vivienda\\\/fovissste-50-anos-de-impulsar-el-acceso-a-vivienda\\\/\"]}]},{\"@type\":\"ImageObject\",\"inLanguage\":\"es\",\"@id\":\"https:\\\/\\\/centrourbano.com\\\/revista\\\/publicaciones\\\/revista-vivienda\\\/fovissste-50-anos-de-impulsar-el-acceso-a-vivienda\\\/#primaryimage\",\"url\":\"https:\\\/\\\/centrourbano.com\\\/revista\\\/wp-content\\\/uploads\\\/Diseno-sin-titulo-1-5.png\",\"contentUrl\":\"https:\\\/\\\/centrourbano.com\\\/revista\\\/wp-content\\\/uploads\\\/Diseno-sin-titulo-1-5.png\",\"width\":900,\"height\":900},{\"@type\":\"BreadcrumbList\",\"@id\":\"https:\\\/\\\/centrourbano.com\\\/revista\\\/publicaciones\\\/revista-vivienda\\\/fovissste-50-anos-de-impulsar-el-acceso-a-vivienda\\\/#breadcrumb\",\"itemListElement\":[{\"@type\":\"ListItem\",\"position\":1,\"name\":\"Portada\",\"item\":\"https:\\\/\\\/centrourbano.com\\\/revista\\\/\"},{\"@type\":\"ListItem\",\"position\":2,\"name\":\"Fovissste: 50 a\u00f1os de impulsar el acceso a vivienda\"}]},{\"@type\":\"WebSite\",\"@id\":\"https:\\\/\\\/centrourbano.com\\\/revista\\\/#website\",\"url\":\"https:\\\/\\\/centrourbano.com\\\/revista\\\/\",\"name\":\"Centro Urbano\",\"description\":\"Medio especializado en los sectores vivienda, inmobiliario, construcci\u00f3n, arquitectura y urbanismo.\",\"publisher\":{\"@id\":\"https:\\\/\\\/centrourbano.com\\\/revista\\\/#organization\"},\"potentialAction\":[{\"@type\":\"SearchAction\",\"target\":{\"@type\":\"EntryPoint\",\"urlTemplate\":\"https:\\\/\\\/centrourbano.com\\\/revista\\\/?s={search_term_string}\"},\"query-input\":{\"@type\":\"PropertyValueSpecification\",\"valueRequired\":true,\"valueName\":\"search_term_string\"}}],\"inLanguage\":\"es\"},{\"@type\":\"Organization\",\"@id\":\"https:\\\/\\\/centrourbano.com\\\/revista\\\/#organization\",\"name\":\"Centro Urbano\",\"url\":\"https:\\\/\\\/centrourbano.com\\\/revista\\\/\",\"logo\":{\"@type\":\"ImageObject\",\"inLanguage\":\"es\",\"@id\":\"https:\\\/\\\/centrourbano.com\\\/revista\\\/#\\\/schema\\\/logo\\\/image\\\/\",\"url\":\"https:\\\/\\\/centrourbano.com\\\/revista\\\/wp-content\\\/uploads\\\/web_CU_logo-1.png\",\"contentUrl\":\"https:\\\/\\\/centrourbano.com\\\/revista\\\/wp-content\\\/uploads\\\/web_CU_logo-1.png\",\"width\":350,\"height\":91,\"caption\":\"Centro Urbano\"},\"image\":{\"@id\":\"https:\\\/\\\/centrourbano.com\\\/revista\\\/#\\\/schema\\\/logo\\\/image\\\/\"},\"sameAs\":[\"https:\\\/\\\/www.facebook.com\\\/portalcentrourbano\",\"https:\\\/\\\/x.com\\\/CentroUrbano\",\"https:\\\/\\\/www.instagram.com\\\/centro_urbano\\\/\",\"https:\\\/\\\/www.linkedin.com\\\/company\\\/centro-urbano\\\/\",\"http:\\\/\\\/www.youtube.com\\\/user\\\/portalcentrourbano\"]},{\"@type\":\"Person\",\"@id\":\"https:\\\/\\\/centrourbano.com\\\/revista\\\/#\\\/schema\\\/person\\\/dc8df86210792d64ade8cee71f6c3625\",\"name\":\"Columnista invitado\",\"image\":{\"@type\":\"ImageObject\",\"inLanguage\":\"es\",\"@id\":\"https:\\\/\\\/secure.gravatar.com\\\/avatar\\\/28ad1e0627b854b5cf28ba6c846a14c308bb67d33df98f6677cc46fe92222ece?s=96&d=mm&r=g\",\"url\":\"https:\\\/\\\/secure.gravatar.com\\\/avatar\\\/28ad1e0627b854b5cf28ba6c846a14c308bb67d33df98f6677cc46fe92222ece?s=96&d=mm&r=g\",\"contentUrl\":\"https:\\\/\\\/secure.gravatar.com\\\/avatar\\\/28ad1e0627b854b5cf28ba6c846a14c308bb67d33df98f6677cc46fe92222ece?s=96&d=mm&r=g\",\"caption\":\"Columnista invitado\"},\"url\":\"https:\\\/\\\/centrourbano.com\\\/revista\\\/author\\\/columnista-invitado\\\/\"}]}<\/script>\n<!-- \/ Yoast SEO plugin. -->","yoast_head_json":{"title":"Fovissste: 50 a\u00f1os de impulsar el acceso a vivienda","description":"En medio siglo de vida, el Fondo ha construido una historia de avances en aras de mejorar y ampliar las opciones para que los trabajadores del Estado gocen de una vivienda","robots":{"index":"index","follow":"follow","max-snippet":"max-snippet:-1","max-image-preview":"max-image-preview:large","max-video-preview":"max-video-preview:-1"},"canonical":"https:\/\/centrourbano.com\/revista\/publicaciones\/revista-vivienda\/fovissste-50-anos-de-impulsar-el-acceso-a-vivienda\/","og_locale":"es_ES","og_type":"article","og_title":"Fovissste: 50 a\u00f1os de impulsar el acceso a vivienda","og_description":"En medio siglo de vida, el Fondo ha construido una historia de avances en aras de mejorar y ampliar las opciones para que los trabajadores del Estado gocen de una vivienda","og_url":"https:\/\/centrourbano.com\/revista\/publicaciones\/revista-vivienda\/fovissste-50-anos-de-impulsar-el-acceso-a-vivienda\/","og_site_name":"Centro Urbano","article_publisher":"https:\/\/www.facebook.com\/portalcentrourbano","article_published_time":"2022-12-29T00:55:24+00:00","og_image":[{"width":900,"height":900,"url":"https:\/\/centrourbano.com\/revista\/wp-content\/uploads\/Diseno-sin-titulo-1-5.png","type":"image\/png"}],"author":"Columnista invitado","twitter_card":"summary_large_image","twitter_creator":"@CentroUrbano","twitter_site":"@CentroUrbano","twitter_misc":{"Escrito por":"Columnista invitado","Tiempo de lectura":"6 minutos"},"schema":{"@context":"https:\/\/schema.org","@graph":[{"@type":"Article","@id":"https:\/\/centrourbano.com\/revista\/publicaciones\/revista-vivienda\/fovissste-50-anos-de-impulsar-el-acceso-a-vivienda\/#article","isPartOf":{"@id":"https:\/\/centrourbano.com\/revista\/publicaciones\/revista-vivienda\/fovissste-50-anos-de-impulsar-el-acceso-a-vivienda\/"},"author":{"name":"Columnista invitado","@id":"https:\/\/centrourbano.com\/revista\/#\/schema\/person\/dc8df86210792d64ade8cee71f6c3625"},"headline":"Fovissste: 50 a\u00f1os de impulsar el acceso a vivienda","datePublished":"2022-12-29T00:55:24+00:00","mainEntityOfPage":{"@id":"https:\/\/centrourbano.com\/revista\/publicaciones\/revista-vivienda\/fovissste-50-anos-de-impulsar-el-acceso-a-vivienda\/"},"wordCount":1359,"commentCount":0,"publisher":{"@id":"https:\/\/centrourbano.com\/revista\/#organization"},"image":{"@id":"https:\/\/centrourbano.com\/revista\/publicaciones\/revista-vivienda\/fovissste-50-anos-de-impulsar-el-acceso-a-vivienda\/#primaryimage"},"thumbnailUrl":"https:\/\/centrourbano.com\/revista\/wp-content\/uploads\/Diseno-sin-titulo-1-5.png","keywords":["Fondo de la Vivienda del Issste (Fovissste)","publicaciones","Revista Vivienda"],"articleSection":["Publicaciones","Revista Vivienda","Vivienda"],"inLanguage":"es","potentialAction":[{"@type":"CommentAction","name":"Comment","target":["https:\/\/centrourbano.com\/revista\/publicaciones\/revista-vivienda\/fovissste-50-anos-de-impulsar-el-acceso-a-vivienda\/#respond"]}]},{"@type":"WebPage","@id":"https:\/\/centrourbano.com\/revista\/publicaciones\/revista-vivienda\/fovissste-50-anos-de-impulsar-el-acceso-a-vivienda\/","url":"https:\/\/centrourbano.com\/revista\/publicaciones\/revista-vivienda\/fovissste-50-anos-de-impulsar-el-acceso-a-vivienda\/","name":"Fovissste: 50 a\u00f1os de impulsar el acceso a vivienda","isPartOf":{"@id":"https:\/\/centrourbano.com\/revista\/#website"},"primaryImageOfPage":{"@id":"https:\/\/centrourbano.com\/revista\/publicaciones\/revista-vivienda\/fovissste-50-anos-de-impulsar-el-acceso-a-vivienda\/#primaryimage"},"image":{"@id":"https:\/\/centrourbano.com\/revista\/publicaciones\/revista-vivienda\/fovissste-50-anos-de-impulsar-el-acceso-a-vivienda\/#primaryimage"},"thumbnailUrl":"https:\/\/centrourbano.com\/revista\/wp-content\/uploads\/Diseno-sin-titulo-1-5.png","datePublished":"2022-12-29T00:55:24+00:00","description":"En medio siglo de vida, el Fondo ha construido una historia de avances en aras de mejorar y ampliar las opciones para que los trabajadores del Estado gocen de una vivienda","breadcrumb":{"@id":"https:\/\/centrourbano.com\/revista\/publicaciones\/revista-vivienda\/fovissste-50-anos-de-impulsar-el-acceso-a-vivienda\/#breadcrumb"},"inLanguage":"es","potentialAction":[{"@type":"ReadAction","target":["https:\/\/centrourbano.com\/revista\/publicaciones\/revista-vivienda\/fovissste-50-anos-de-impulsar-el-acceso-a-vivienda\/"]}]},{"@type":"ImageObject","inLanguage":"es","@id":"https:\/\/centrourbano.com\/revista\/publicaciones\/revista-vivienda\/fovissste-50-anos-de-impulsar-el-acceso-a-vivienda\/#primaryimage","url":"https:\/\/centrourbano.com\/revista\/wp-content\/uploads\/Diseno-sin-titulo-1-5.png","contentUrl":"https:\/\/centrourbano.com\/revista\/wp-content\/uploads\/Diseno-sin-titulo-1-5.png","width":900,"height":900},{"@type":"BreadcrumbList","@id":"https:\/\/centrourbano.com\/revista\/publicaciones\/revista-vivienda\/fovissste-50-anos-de-impulsar-el-acceso-a-vivienda\/#breadcrumb","itemListElement":[{"@type":"ListItem","position":1,"name":"Portada","item":"https:\/\/centrourbano.com\/revista\/"},{"@type":"ListItem","position":2,"name":"Fovissste: 50 a\u00f1os de impulsar el acceso a vivienda"}]},{"@type":"WebSite","@id":"https:\/\/centrourbano.com\/revista\/#website","url":"https:\/\/centrourbano.com\/revista\/","name":"Centro Urbano","description":"Medio especializado en los sectores vivienda, inmobiliario, construcci\u00f3n, arquitectura y urbanismo.","publisher":{"@id":"https:\/\/centrourbano.com\/revista\/#organization"},"potentialAction":[{"@type":"SearchAction","target":{"@type":"EntryPoint","urlTemplate":"https:\/\/centrourbano.com\/revista\/?s={search_term_string}"},"query-input":{"@type":"PropertyValueSpecification","valueRequired":true,"valueName":"search_term_string"}}],"inLanguage":"es"},{"@type":"Organization","@id":"https:\/\/centrourbano.com\/revista\/#organization","name":"Centro Urbano","url":"https:\/\/centrourbano.com\/revista\/","logo":{"@type":"ImageObject","inLanguage":"es","@id":"https:\/\/centrourbano.com\/revista\/#\/schema\/logo\/image\/","url":"https:\/\/centrourbano.com\/revista\/wp-content\/uploads\/web_CU_logo-1.png","contentUrl":"https:\/\/centrourbano.com\/revista\/wp-content\/uploads\/web_CU_logo-1.png","width":350,"height":91,"caption":"Centro Urbano"},"image":{"@id":"https:\/\/centrourbano.com\/revista\/#\/schema\/logo\/image\/"},"sameAs":["https:\/\/www.facebook.com\/portalcentrourbano","https:\/\/x.com\/CentroUrbano","https:\/\/www.instagram.com\/centro_urbano\/","https:\/\/www.linkedin.com\/company\/centro-urbano\/","http:\/\/www.youtube.com\/user\/portalcentrourbano"]},{"@type":"Person","@id":"https:\/\/centrourbano.com\/revista\/#\/schema\/person\/dc8df86210792d64ade8cee71f6c3625","name":"Columnista invitado","image":{"@type":"ImageObject","inLanguage":"es","@id":"https:\/\/secure.gravatar.com\/avatar\/28ad1e0627b854b5cf28ba6c846a14c308bb67d33df98f6677cc46fe92222ece?s=96&d=mm&r=g","url":"https:\/\/secure.gravatar.com\/avatar\/28ad1e0627b854b5cf28ba6c846a14c308bb67d33df98f6677cc46fe92222ece?s=96&d=mm&r=g","contentUrl":"https:\/\/secure.gravatar.com\/avatar\/28ad1e0627b854b5cf28ba6c846a14c308bb67d33df98f6677cc46fe92222ece?s=96&d=mm&r=g","caption":"Columnista invitado"},"url":"https:\/\/centrourbano.com\/revista\/author\/columnista-invitado\/"}]}},"_links":{"self":[{"href":"https:\/\/centrourbano.com\/revista\/wp-json\/wp\/v2\/posts\/136462","targetHints":{"allow":["GET"]}}],"collection":[{"href":"https:\/\/centrourbano.com\/revista\/wp-json\/wp\/v2\/posts"}],"about":[{"href":"https:\/\/centrourbano.com\/revista\/wp-json\/wp\/v2\/types\/post"}],"author":[{"embeddable":true,"href":"https:\/\/centrourbano.com\/revista\/wp-json\/wp\/v2\/users\/79"}],"replies":[{"embeddable":true,"href":"https:\/\/centrourbano.com\/revista\/wp-json\/wp\/v2\/comments?post=136462"}],"version-history":[{"count":1,"href":"https:\/\/centrourbano.com\/revista\/wp-json\/wp\/v2\/posts\/136462\/revisions"}],"predecessor-version":[{"id":136470,"href":"https:\/\/centrourbano.com\/revista\/wp-json\/wp\/v2\/posts\/136462\/revisions\/136470"}],"wp:featuredmedia":[{"embeddable":true,"href":"https:\/\/centrourbano.com\/revista\/wp-json\/wp\/v2\/media\/136469"}],"wp:attachment":[{"href":"https:\/\/centrourbano.com\/revista\/wp-json\/wp\/v2\/media?parent=136462"}],"wp:term":[{"taxonomy":"category","embeddable":true,"href":"https:\/\/centrourbano.com\/revista\/wp-json\/wp\/v2\/categories?post=136462"},{"taxonomy":"post_tag","embeddable":true,"href":"https:\/\/centrourbano.com\/revista\/wp-json\/wp\/v2\/tags?post=136462"}],"curies":[{"name":"wp","href":"https:\/\/api.w.org\/{rel}","templated":true}]}}