{"id":136316,"date":"2022-12-22T13:42:14","date_gmt":"2022-12-22T19:42:14","guid":{"rendered":"https:\/\/centrourbano.com\/?p=136316"},"modified":"2022-12-22T13:42:14","modified_gmt":"2022-12-22T19:42:14","slug":"fibras-resisten-los-incrementos-de-las-tasas-de-intereses","status":"publish","type":"post","link":"https:\/\/centrourbano.com\/revista\/inmobiliario\/fibras-resisten-los-incrementos-de-las-tasas-de-intereses\/","title":{"rendered":"Fibras resisten los incrementos de las tasas de intereses"},"content":{"rendered":"<p><em>Durante el a\u00f1o, los fibras lograron mantener variaciones menos pronunciadas y por el contrario, destacaron con tendencias positivas en sus valores<\/em><!--more--><\/p>\n<p>En \u00faltimos a\u00f1os, los Fideicomisos de Inversi\u00f3n en Bienes Ra\u00edces(Fibras)<strong> se han posicionado como uno de los instrumentos m\u00e1s eficientes del sector<\/strong>. Y, <strong>durante 2022 no fue la excepci\u00f3n<\/strong>, ya que lograron resistir a los <a href=\"https:\/\/centrourbano.com\/vivienda\/inflacion-detiene-el-inicio-de-nuevos-proyectos-de-vivienda\/\" target=\"_blank\" rel=\"noopener\">incrementos<\/a> de las tasas de intereses que se realizaron por el Banco de M\u00e9xico.<\/p>\n<p>No obstante,<strong> se debe tener en cuenta que algunos sectores como el comercial, contin\u00faan con frenos en su recuperaci\u00f3n.<\/strong> A pesar de ello, el efecto no es directo o al corto plazo, sino que se registra pasado tiempo antes de que el mercado de valores lo detecte.<\/p>\n<p>Ahora, si se toma en cuenta el fen\u00f3meno econ\u00f3mico que ocurri\u00f3 durante los \u00faltimos dos a\u00f1os, <strong>se logra observar que los fibras sufrieron variaciones menos pronunciadas.<\/strong> Y, por ello, <strong>mostraron una tendencia positiva de los valores<\/strong>, los cuales incrementaron.<\/p>\n<p>Debido a ello, <strong>los fideicomisos lograron resistir mejor los incrementos<\/strong> que realiz\u00f3 el banco central, as\u00ed como otros eventos.<\/p>\n<h2>\u00bfQu\u00e9 sucedi\u00f3 con los fibras en 2022?<\/h2>\n<p>Durante el \u00faltimo periodo de 2022, <a href=\"https:\/\/mobile.twitter.com\/siila_mx\" target=\"_blank\" rel=\"noopener\">SiiLA<\/a> registr\u00f3 que el incremento del \u00cdndice de Precios y Cotizaciones(IPC) fue del 2%. Mientras que<strong> el de los fibras alcanz\u00f3 el 8%, en consecuencia del gran desempe\u00f1o que demuestran.<\/strong><\/p>\n<p>Adem\u00e1s,<strong> el valor del mercado se increment\u00f3 de forma favorable para los instrumentos<\/strong>, por lo que los inversionistas contin\u00faan con una percepci\u00f3n del 9% de su utilidad antes de impuestos, raz\u00f3n por la cual se hacen m\u00e1s atractivos estos valores.<\/p>\n<p>Por otra parte, <strong>los dividendos se mantuvieron constantes<\/strong>, aunque variables de un fideicomiso a otro, pues los niveles de ocupaci\u00f3n y precios de rente de inmuebles se lograron mantener. Por un lado,<strong> consecuencia de los contratos que se ten\u00edan firmados y sus inquilinos.<\/strong><\/p>\n<p>Finalmente, los fideicomisos obtuvieron menores efectos por el incremento de las tasas de inter\u00e9s sobre el mercado de valores. Y, por ello, <strong>los inversionistas logran aprovechar la situaci\u00f3n<\/strong> mientras mantiene al margen otros indicadores como las deudas.<\/p>\n<p>&nbsp;<\/p>\n","protected":false},"excerpt":{"rendered":"<p>Durante el a\u00f1o, los fibras lograron mantener variaciones menos pronunciadas y por el contrario, destacaron con tendencias positivas en sus valores<\/p>\n","protected":false},"author":80,"featured_media":136318,"comment_status":"open","ping_status":"closed","sticky":false,"template":"","format":"standard","meta":{"om_disable_all_campaigns":false,"inline_featured_image":false,"_monsterinsights_skip_tracking":false,"_monsterinsights_sitenote_active":false,"_monsterinsights_sitenote_note":"","_monsterinsights_sitenote_category":0,"footnotes":""},"categories":[15],"tags":[9533,920,280,6826],"class_list":["post-136316","post","type-post","status-publish","format-standard","has-post-thumbnail","hentry","category-inmobiliario","tag-alza-en-precios","tag-banco-de-mexico","tag-fibra","tag-fideicomiso-de-inversion-en-bienes-raices"],"yoast_head":"<!-- This site is optimized with the Yoast SEO plugin v27.4 - https:\/\/yoast.com\/product\/yoast-seo-wordpress\/ -->\n<title>Fibras resisten los incrementos de las tasas de intereses<\/title>\n<meta name=\"description\" content=\"Durante el a\u00f1o, los fibras lograron mantener variaciones menos pronunciadas y por el contrario, destacaron con tendencias positivas en sus valores\" \/>\n<meta name=\"robots\" content=\"index, follow, max-snippet:-1, max-image-preview:large, max-video-preview:-1\" \/>\n<link rel=\"canonical\" href=\"https:\/\/centrourbano.com\/revista\/inmobiliario\/fibras-resisten-los-incrementos-de-las-tasas-de-intereses\/\" \/>\n<meta property=\"og:locale\" content=\"es_ES\" \/>\n<meta property=\"og:type\" content=\"article\" \/>\n<meta property=\"og:title\" content=\"Fibras resisten los incrementos de las tasas de intereses\" \/>\n<meta property=\"og:description\" content=\"Durante el a\u00f1o, los fibras lograron mantener variaciones menos pronunciadas y por el contrario, destacaron con tendencias positivas en sus valores\" \/>\n<meta property=\"og:url\" content=\"https:\/\/centrourbano.com\/revista\/inmobiliario\/fibras-resisten-los-incrementos-de-las-tasas-de-intereses\/\" \/>\n<meta property=\"og:site_name\" content=\"Centro Urbano\" \/>\n<meta property=\"article:publisher\" content=\"https:\/\/www.facebook.com\/portalcentrourbano\" \/>\n<meta property=\"article:published_time\" content=\"2022-12-22T19:42:14+00:00\" \/>\n<meta property=\"og:image\" content=\"https:\/\/centrourbano.com\/revista\/wp-content\/uploads\/bdee47_81c4914e1a3d4ce5b17ed25d74b8eb44mv2-1000x1000.png\" \/>\n\t<meta property=\"og:image:width\" content=\"1000\" \/>\n\t<meta property=\"og:image:height\" content=\"1000\" \/>\n\t<meta property=\"og:image:type\" content=\"image\/png\" \/>\n<meta name=\"author\" content=\"Jackeline Valle\" \/>\n<meta name=\"twitter:card\" content=\"summary_large_image\" \/>\n<meta name=\"twitter:creator\" content=\"@CentroUrbano\" \/>\n<meta name=\"twitter:site\" content=\"@CentroUrbano\" \/>\n<meta name=\"twitter:label1\" content=\"Escrito por\" \/>\n\t<meta name=\"twitter:data1\" content=\"Jackeline Valle\" \/>\n\t<meta name=\"twitter:label2\" content=\"Tiempo de lectura\" \/>\n\t<meta name=\"twitter:data2\" content=\"2 minutos\" \/>\n<script type=\"application\/ld+json\" class=\"yoast-schema-graph\">{\"@context\":\"https:\\\/\\\/schema.org\",\"@graph\":[{\"@type\":\"Article\",\"@id\":\"https:\\\/\\\/centrourbano.com\\\/revista\\\/inmobiliario\\\/fibras-resisten-los-incrementos-de-las-tasas-de-intereses\\\/#article\",\"isPartOf\":{\"@id\":\"https:\\\/\\\/centrourbano.com\\\/revista\\\/inmobiliario\\\/fibras-resisten-los-incrementos-de-las-tasas-de-intereses\\\/\"},\"author\":{\"name\":\"Jackeline Valle\",\"@id\":\"https:\\\/\\\/centrourbano.com\\\/revista\\\/#\\\/schema\\\/person\\\/910180bf1a924c1932a01f6032f5991a\"},\"headline\":\"Fibras resisten los incrementos de las tasas de intereses\",\"datePublished\":\"2022-12-22T19:42:14+00:00\",\"mainEntityOfPage\":{\"@id\":\"https:\\\/\\\/centrourbano.com\\\/revista\\\/inmobiliario\\\/fibras-resisten-los-incrementos-de-las-tasas-de-intereses\\\/\"},\"wordCount\":366,\"commentCount\":0,\"publisher\":{\"@id\":\"https:\\\/\\\/centrourbano.com\\\/revista\\\/#organization\"},\"image\":{\"@id\":\"https:\\\/\\\/centrourbano.com\\\/revista\\\/inmobiliario\\\/fibras-resisten-los-incrementos-de-las-tasas-de-intereses\\\/#primaryimage\"},\"thumbnailUrl\":\"https:\\\/\\\/centrourbano.com\\\/revista\\\/wp-content\\\/uploads\\\/bdee47_81c4914e1a3d4ce5b17ed25d74b8eb44mv2.png\",\"keywords\":[\"alza en precios\",\"Banco de M\u00e9xico\",\"Fibra\",\"fideicomiso de inversi\u00f3n en bienes ra\u00edces\"],\"articleSection\":[\"Inmobiliario\"],\"inLanguage\":\"es\",\"potentialAction\":[{\"@type\":\"CommentAction\",\"name\":\"Comment\",\"target\":[\"https:\\\/\\\/centrourbano.com\\\/revista\\\/inmobiliario\\\/fibras-resisten-los-incrementos-de-las-tasas-de-intereses\\\/#respond\"]}]},{\"@type\":\"WebPage\",\"@id\":\"https:\\\/\\\/centrourbano.com\\\/revista\\\/inmobiliario\\\/fibras-resisten-los-incrementos-de-las-tasas-de-intereses\\\/\",\"url\":\"https:\\\/\\\/centrourbano.com\\\/revista\\\/inmobiliario\\\/fibras-resisten-los-incrementos-de-las-tasas-de-intereses\\\/\",\"name\":\"Fibras resisten los incrementos de las tasas de intereses\",\"isPartOf\":{\"@id\":\"https:\\\/\\\/centrourbano.com\\\/revista\\\/#website\"},\"primaryImageOfPage\":{\"@id\":\"https:\\\/\\\/centrourbano.com\\\/revista\\\/inmobiliario\\\/fibras-resisten-los-incrementos-de-las-tasas-de-intereses\\\/#primaryimage\"},\"image\":{\"@id\":\"https:\\\/\\\/centrourbano.com\\\/revista\\\/inmobiliario\\\/fibras-resisten-los-incrementos-de-las-tasas-de-intereses\\\/#primaryimage\"},\"thumbnailUrl\":\"https:\\\/\\\/centrourbano.com\\\/revista\\\/wp-content\\\/uploads\\\/bdee47_81c4914e1a3d4ce5b17ed25d74b8eb44mv2.png\",\"datePublished\":\"2022-12-22T19:42:14+00:00\",\"description\":\"Durante el a\u00f1o, los fibras lograron mantener variaciones menos pronunciadas y por el contrario, destacaron con tendencias positivas en sus valores\",\"breadcrumb\":{\"@id\":\"https:\\\/\\\/centrourbano.com\\\/revista\\\/inmobiliario\\\/fibras-resisten-los-incrementos-de-las-tasas-de-intereses\\\/#breadcrumb\"},\"inLanguage\":\"es\",\"potentialAction\":[{\"@type\":\"ReadAction\",\"target\":[\"https:\\\/\\\/centrourbano.com\\\/revista\\\/inmobiliario\\\/fibras-resisten-los-incrementos-de-las-tasas-de-intereses\\\/\"]}]},{\"@type\":\"ImageObject\",\"inLanguage\":\"es\",\"@id\":\"https:\\\/\\\/centrourbano.com\\\/revista\\\/inmobiliario\\\/fibras-resisten-los-incrementos-de-las-tasas-de-intereses\\\/#primaryimage\",\"url\":\"https:\\\/\\\/centrourbano.com\\\/revista\\\/wp-content\\\/uploads\\\/bdee47_81c4914e1a3d4ce5b17ed25d74b8eb44mv2.png\",\"contentUrl\":\"https:\\\/\\\/centrourbano.com\\\/revista\\\/wp-content\\\/uploads\\\/bdee47_81c4914e1a3d4ce5b17ed25d74b8eb44mv2.png\",\"width\":1256,\"height\":1256,\"caption\":\"Durante el a\u00f1o, los fibras lograron mantener variaciones menos pronunciadas y por el contrario, destacaron con tendencias positivas en sus valores\"},{\"@type\":\"BreadcrumbList\",\"@id\":\"https:\\\/\\\/centrourbano.com\\\/revista\\\/inmobiliario\\\/fibras-resisten-los-incrementos-de-las-tasas-de-intereses\\\/#breadcrumb\",\"itemListElement\":[{\"@type\":\"ListItem\",\"position\":1,\"name\":\"Portada\",\"item\":\"https:\\\/\\\/centrourbano.com\\\/revista\\\/\"},{\"@type\":\"ListItem\",\"position\":2,\"name\":\"Fibras resisten los incrementos de las tasas de intereses\"}]},{\"@type\":\"WebSite\",\"@id\":\"https:\\\/\\\/centrourbano.com\\\/revista\\\/#website\",\"url\":\"https:\\\/\\\/centrourbano.com\\\/revista\\\/\",\"name\":\"Centro Urbano\",\"description\":\"Medio especializado en los sectores vivienda, inmobiliario, construcci\u00f3n, arquitectura y urbanismo.\",\"publisher\":{\"@id\":\"https:\\\/\\\/centrourbano.com\\\/revista\\\/#organization\"},\"potentialAction\":[{\"@type\":\"SearchAction\",\"target\":{\"@type\":\"EntryPoint\",\"urlTemplate\":\"https:\\\/\\\/centrourbano.com\\\/revista\\\/?s={search_term_string}\"},\"query-input\":{\"@type\":\"PropertyValueSpecification\",\"valueRequired\":true,\"valueName\":\"search_term_string\"}}],\"inLanguage\":\"es\"},{\"@type\":\"Organization\",\"@id\":\"https:\\\/\\\/centrourbano.com\\\/revista\\\/#organization\",\"name\":\"Centro Urbano\",\"url\":\"https:\\\/\\\/centrourbano.com\\\/revista\\\/\",\"logo\":{\"@type\":\"ImageObject\",\"inLanguage\":\"es\",\"@id\":\"https:\\\/\\\/centrourbano.com\\\/revista\\\/#\\\/schema\\\/logo\\\/image\\\/\",\"url\":\"https:\\\/\\\/centrourbano.com\\\/revista\\\/wp-content\\\/uploads\\\/web_CU_logo-1.png\",\"contentUrl\":\"https:\\\/\\\/centrourbano.com\\\/revista\\\/wp-content\\\/uploads\\\/web_CU_logo-1.png\",\"width\":350,\"height\":91,\"caption\":\"Centro Urbano\"},\"image\":{\"@id\":\"https:\\\/\\\/centrourbano.com\\\/revista\\\/#\\\/schema\\\/logo\\\/image\\\/\"},\"sameAs\":[\"https:\\\/\\\/www.facebook.com\\\/portalcentrourbano\",\"https:\\\/\\\/x.com\\\/CentroUrbano\",\"https:\\\/\\\/www.instagram.com\\\/centro_urbano\\\/\",\"https:\\\/\\\/www.linkedin.com\\\/company\\\/centro-urbano\\\/\",\"http:\\\/\\\/www.youtube.com\\\/user\\\/portalcentrourbano\"]},{\"@type\":\"Person\",\"@id\":\"https:\\\/\\\/centrourbano.com\\\/revista\\\/#\\\/schema\\\/person\\\/910180bf1a924c1932a01f6032f5991a\",\"name\":\"Jackeline Valle\",\"image\":{\"@type\":\"ImageObject\",\"inLanguage\":\"es\",\"@id\":\"https:\\\/\\\/secure.gravatar.com\\\/avatar\\\/6dfa6899b228d3621bbf2fb01332e7e4b7afc7cd1374760becdb163b7f5436dd?s=96&d=mm&r=g\",\"url\":\"https:\\\/\\\/secure.gravatar.com\\\/avatar\\\/6dfa6899b228d3621bbf2fb01332e7e4b7afc7cd1374760becdb163b7f5436dd?s=96&d=mm&r=g\",\"contentUrl\":\"https:\\\/\\\/secure.gravatar.com\\\/avatar\\\/6dfa6899b228d3621bbf2fb01332e7e4b7afc7cd1374760becdb163b7f5436dd?s=96&d=mm&r=g\",\"caption\":\"Jackeline Valle\"},\"description\":\"Reportera en Centro Urbano. Egresada de la Licenciatura en Comunicaci\u00f3n y Cultura por la Universidad Aut\u00f3noma de la Ciudad de M\u00e9xico (UACM). Interesada en cine y la cultura. Apasionada de los deportes electr\u00f3nicos y el desarrollo de medios audiovisuales.\",\"url\":\"https:\\\/\\\/centrourbano.com\\\/revista\\\/author\\\/jackeline-valle\\\/\"}]}<\/script>\n<!-- \/ Yoast SEO plugin. -->","yoast_head_json":{"title":"Fibras resisten los incrementos de las tasas de intereses","description":"Durante el a\u00f1o, los fibras lograron mantener variaciones menos pronunciadas y por el contrario, destacaron con tendencias positivas en sus valores","robots":{"index":"index","follow":"follow","max-snippet":"max-snippet:-1","max-image-preview":"max-image-preview:large","max-video-preview":"max-video-preview:-1"},"canonical":"https:\/\/centrourbano.com\/revista\/inmobiliario\/fibras-resisten-los-incrementos-de-las-tasas-de-intereses\/","og_locale":"es_ES","og_type":"article","og_title":"Fibras resisten los incrementos de las tasas de intereses","og_description":"Durante el a\u00f1o, los fibras lograron mantener variaciones menos pronunciadas y por el contrario, destacaron con tendencias positivas en sus valores","og_url":"https:\/\/centrourbano.com\/revista\/inmobiliario\/fibras-resisten-los-incrementos-de-las-tasas-de-intereses\/","og_site_name":"Centro Urbano","article_publisher":"https:\/\/www.facebook.com\/portalcentrourbano","article_published_time":"2022-12-22T19:42:14+00:00","og_image":[{"width":1000,"height":1000,"url":"https:\/\/centrourbano.com\/revista\/wp-content\/uploads\/bdee47_81c4914e1a3d4ce5b17ed25d74b8eb44mv2-1000x1000.png","type":"image\/png"}],"author":"Jackeline Valle","twitter_card":"summary_large_image","twitter_creator":"@CentroUrbano","twitter_site":"@CentroUrbano","twitter_misc":{"Escrito por":"Jackeline Valle","Tiempo de lectura":"2 minutos"},"schema":{"@context":"https:\/\/schema.org","@graph":[{"@type":"Article","@id":"https:\/\/centrourbano.com\/revista\/inmobiliario\/fibras-resisten-los-incrementos-de-las-tasas-de-intereses\/#article","isPartOf":{"@id":"https:\/\/centrourbano.com\/revista\/inmobiliario\/fibras-resisten-los-incrementos-de-las-tasas-de-intereses\/"},"author":{"name":"Jackeline Valle","@id":"https:\/\/centrourbano.com\/revista\/#\/schema\/person\/910180bf1a924c1932a01f6032f5991a"},"headline":"Fibras resisten los incrementos de las tasas de intereses","datePublished":"2022-12-22T19:42:14+00:00","mainEntityOfPage":{"@id":"https:\/\/centrourbano.com\/revista\/inmobiliario\/fibras-resisten-los-incrementos-de-las-tasas-de-intereses\/"},"wordCount":366,"commentCount":0,"publisher":{"@id":"https:\/\/centrourbano.com\/revista\/#organization"},"image":{"@id":"https:\/\/centrourbano.com\/revista\/inmobiliario\/fibras-resisten-los-incrementos-de-las-tasas-de-intereses\/#primaryimage"},"thumbnailUrl":"https:\/\/centrourbano.com\/revista\/wp-content\/uploads\/bdee47_81c4914e1a3d4ce5b17ed25d74b8eb44mv2.png","keywords":["alza en precios","Banco de M\u00e9xico","Fibra","fideicomiso de inversi\u00f3n en bienes ra\u00edces"],"articleSection":["Inmobiliario"],"inLanguage":"es","potentialAction":[{"@type":"CommentAction","name":"Comment","target":["https:\/\/centrourbano.com\/revista\/inmobiliario\/fibras-resisten-los-incrementos-de-las-tasas-de-intereses\/#respond"]}]},{"@type":"WebPage","@id":"https:\/\/centrourbano.com\/revista\/inmobiliario\/fibras-resisten-los-incrementos-de-las-tasas-de-intereses\/","url":"https:\/\/centrourbano.com\/revista\/inmobiliario\/fibras-resisten-los-incrementos-de-las-tasas-de-intereses\/","name":"Fibras resisten los incrementos de las tasas de intereses","isPartOf":{"@id":"https:\/\/centrourbano.com\/revista\/#website"},"primaryImageOfPage":{"@id":"https:\/\/centrourbano.com\/revista\/inmobiliario\/fibras-resisten-los-incrementos-de-las-tasas-de-intereses\/#primaryimage"},"image":{"@id":"https:\/\/centrourbano.com\/revista\/inmobiliario\/fibras-resisten-los-incrementos-de-las-tasas-de-intereses\/#primaryimage"},"thumbnailUrl":"https:\/\/centrourbano.com\/revista\/wp-content\/uploads\/bdee47_81c4914e1a3d4ce5b17ed25d74b8eb44mv2.png","datePublished":"2022-12-22T19:42:14+00:00","description":"Durante el a\u00f1o, los fibras lograron mantener variaciones menos pronunciadas y por el contrario, destacaron con tendencias positivas en sus valores","breadcrumb":{"@id":"https:\/\/centrourbano.com\/revista\/inmobiliario\/fibras-resisten-los-incrementos-de-las-tasas-de-intereses\/#breadcrumb"},"inLanguage":"es","potentialAction":[{"@type":"ReadAction","target":["https:\/\/centrourbano.com\/revista\/inmobiliario\/fibras-resisten-los-incrementos-de-las-tasas-de-intereses\/"]}]},{"@type":"ImageObject","inLanguage":"es","@id":"https:\/\/centrourbano.com\/revista\/inmobiliario\/fibras-resisten-los-incrementos-de-las-tasas-de-intereses\/#primaryimage","url":"https:\/\/centrourbano.com\/revista\/wp-content\/uploads\/bdee47_81c4914e1a3d4ce5b17ed25d74b8eb44mv2.png","contentUrl":"https:\/\/centrourbano.com\/revista\/wp-content\/uploads\/bdee47_81c4914e1a3d4ce5b17ed25d74b8eb44mv2.png","width":1256,"height":1256,"caption":"Durante el a\u00f1o, los fibras lograron mantener variaciones menos pronunciadas y por el contrario, destacaron con tendencias positivas en sus valores"},{"@type":"BreadcrumbList","@id":"https:\/\/centrourbano.com\/revista\/inmobiliario\/fibras-resisten-los-incrementos-de-las-tasas-de-intereses\/#breadcrumb","itemListElement":[{"@type":"ListItem","position":1,"name":"Portada","item":"https:\/\/centrourbano.com\/revista\/"},{"@type":"ListItem","position":2,"name":"Fibras resisten los incrementos de las tasas de intereses"}]},{"@type":"WebSite","@id":"https:\/\/centrourbano.com\/revista\/#website","url":"https:\/\/centrourbano.com\/revista\/","name":"Centro Urbano","description":"Medio especializado en los sectores vivienda, inmobiliario, construcci\u00f3n, arquitectura y urbanismo.","publisher":{"@id":"https:\/\/centrourbano.com\/revista\/#organization"},"potentialAction":[{"@type":"SearchAction","target":{"@type":"EntryPoint","urlTemplate":"https:\/\/centrourbano.com\/revista\/?s={search_term_string}"},"query-input":{"@type":"PropertyValueSpecification","valueRequired":true,"valueName":"search_term_string"}}],"inLanguage":"es"},{"@type":"Organization","@id":"https:\/\/centrourbano.com\/revista\/#organization","name":"Centro Urbano","url":"https:\/\/centrourbano.com\/revista\/","logo":{"@type":"ImageObject","inLanguage":"es","@id":"https:\/\/centrourbano.com\/revista\/#\/schema\/logo\/image\/","url":"https:\/\/centrourbano.com\/revista\/wp-content\/uploads\/web_CU_logo-1.png","contentUrl":"https:\/\/centrourbano.com\/revista\/wp-content\/uploads\/web_CU_logo-1.png","width":350,"height":91,"caption":"Centro Urbano"},"image":{"@id":"https:\/\/centrourbano.com\/revista\/#\/schema\/logo\/image\/"},"sameAs":["https:\/\/www.facebook.com\/portalcentrourbano","https:\/\/x.com\/CentroUrbano","https:\/\/www.instagram.com\/centro_urbano\/","https:\/\/www.linkedin.com\/company\/centro-urbano\/","http:\/\/www.youtube.com\/user\/portalcentrourbano"]},{"@type":"Person","@id":"https:\/\/centrourbano.com\/revista\/#\/schema\/person\/910180bf1a924c1932a01f6032f5991a","name":"Jackeline Valle","image":{"@type":"ImageObject","inLanguage":"es","@id":"https:\/\/secure.gravatar.com\/avatar\/6dfa6899b228d3621bbf2fb01332e7e4b7afc7cd1374760becdb163b7f5436dd?s=96&d=mm&r=g","url":"https:\/\/secure.gravatar.com\/avatar\/6dfa6899b228d3621bbf2fb01332e7e4b7afc7cd1374760becdb163b7f5436dd?s=96&d=mm&r=g","contentUrl":"https:\/\/secure.gravatar.com\/avatar\/6dfa6899b228d3621bbf2fb01332e7e4b7afc7cd1374760becdb163b7f5436dd?s=96&d=mm&r=g","caption":"Jackeline Valle"},"description":"Reportera en Centro Urbano. Egresada de la Licenciatura en Comunicaci\u00f3n y Cultura por la Universidad Aut\u00f3noma de la Ciudad de M\u00e9xico (UACM). Interesada en cine y la cultura. Apasionada de los deportes electr\u00f3nicos y el desarrollo de medios audiovisuales.","url":"https:\/\/centrourbano.com\/revista\/author\/jackeline-valle\/"}]}},"_links":{"self":[{"href":"https:\/\/centrourbano.com\/revista\/wp-json\/wp\/v2\/posts\/136316","targetHints":{"allow":["GET"]}}],"collection":[{"href":"https:\/\/centrourbano.com\/revista\/wp-json\/wp\/v2\/posts"}],"about":[{"href":"https:\/\/centrourbano.com\/revista\/wp-json\/wp\/v2\/types\/post"}],"author":[{"embeddable":true,"href":"https:\/\/centrourbano.com\/revista\/wp-json\/wp\/v2\/users\/80"}],"replies":[{"embeddable":true,"href":"https:\/\/centrourbano.com\/revista\/wp-json\/wp\/v2\/comments?post=136316"}],"version-history":[{"count":1,"href":"https:\/\/centrourbano.com\/revista\/wp-json\/wp\/v2\/posts\/136316\/revisions"}],"predecessor-version":[{"id":136319,"href":"https:\/\/centrourbano.com\/revista\/wp-json\/wp\/v2\/posts\/136316\/revisions\/136319"}],"wp:featuredmedia":[{"embeddable":true,"href":"https:\/\/centrourbano.com\/revista\/wp-json\/wp\/v2\/media\/136318"}],"wp:attachment":[{"href":"https:\/\/centrourbano.com\/revista\/wp-json\/wp\/v2\/media?parent=136316"}],"wp:term":[{"taxonomy":"category","embeddable":true,"href":"https:\/\/centrourbano.com\/revista\/wp-json\/wp\/v2\/categories?post=136316"},{"taxonomy":"post_tag","embeddable":true,"href":"https:\/\/centrourbano.com\/revista\/wp-json\/wp\/v2\/tags?post=136316"}],"curies":[{"name":"wp","href":"https:\/\/api.w.org\/{rel}","templated":true}]}}