{"id":136299,"date":"2022-12-22T12:01:09","date_gmt":"2022-12-22T18:01:09","guid":{"rendered":"https:\/\/centrourbano.com\/?p=136299"},"modified":"2022-12-22T12:01:09","modified_gmt":"2022-12-22T18:01:09","slug":"sedatu-premios-pmu","status":"publish","type":"post","link":"https:\/\/centrourbano.com\/revista\/arquitectura-2\/sedatu-premios-pmu\/","title":{"rendered":"Sedatu acumula 94 premios de arquitectura por obras del PMU"},"content":{"rendered":"<p><em>La Sedatu destac\u00f3 que el reconocimiento m\u00e1s reciente fue el Prix Versailles que se otorg\u00f3 al Mercado P\u00fablico de Matamoros<\/em><!--more--><\/p>\n<p>En los cuatro a\u00f1os que van de la presente administraci\u00f3n, la <strong>Secretar\u00eda de Desarrollo Agrario, Territorial y Urbano<\/strong> (<strong>Sedatu<\/strong>) ha recibido 94 menciones, reconocimientos y premios nacionales e internacionales de arquitectura por obras realizadas a trav\u00e9s del <strong>Programa de Mejoramiento Urbano<\/strong> (<strong>PMU<\/strong>).<\/p>\n<p>La dependencia indic\u00f3 que el reconocimiento m\u00e1s reciente fue el <strong>Premio Mundial de Arquitectura y Dise\u00f1o Prix Versailles 2022<\/strong>; el cual se otorg\u00f3 al <strong>Mercado P\u00fablico Catarino Garza <\/strong>en Matamoros, Tamaulipas, en la categor\u00eda Lugares Comerciales de Norteam\u00e9rica.<\/p>\n<p>Dicho proyecto se realiz\u00f3 con una inversi\u00f3n de m\u00e1s de 18 millones de pesos, en beneficio de 1 mill\u00f3n 393,000 personas. Y su construcci\u00f3n estuvo a cargo de la <strong>Sedatu<\/strong>, en coordinaci\u00f3n con el despacho <strong>Colectivo C733<\/strong> y la <strong>Facultad de Arquitectura de la Universidad Aut\u00f3noma de M\u00e9xico<\/strong> (<strong>UNAM<\/strong>).<\/p>\n<p>El mercado p\u00fablico, construido con ladrillo y hormig\u00f3n, cuenta con espacios dedicados a la venta de productos y un n\u00facleo dedicado a la regulaci\u00f3n t\u00e9rmica y luminosa. Adem\u00e1s, su estructura est\u00e1 coronada por una serie de trapecios boca abajo; y crea cuatro fachadas din\u00e1micas que protegen de las altas temperaturas y de la escasa humedad.<\/p>\n<p>\u201cLos <strong>Prix Versailles<\/strong> llevan ocho ediciones y se alinean con los objetivos de las Naciones Unidas; en los que se considera la innovaci\u00f3n, creatividad, respeto por la cultura local, por el patrimonio natural y cultural y eficiencia ecol\u00f3gica. Este premio tiene como objetivo fomentar una mejor interacci\u00f3n entre la econom\u00eda y la cultura\u201d, destac\u00f3 la <strong>Sedatu<\/strong>.<\/p>\n<p>Entre los dem\u00e1s <strong>proyectos de mejoramiento urbano<\/strong> premiados destacan: Parque el Represo, en Nogales, Sonora; La Duna Skatepark de Ciudad Ju\u00e1rez, Chihuahua; Centro Deportivo y Plaza P\u00fablica Jard\u00edn de Agua en Los Cabos, Baja California Sur; Parque Xicot\u00e9ncatl, Tijuana, Baja California; el Mercado de Bah\u00eda de Banderas, Nayarit; la Casa de M\u00fasica de Nacajuca, Tabasco; el Centro Hist\u00f3rico de San Lucas Xoloc, Tec\u00e1mac, Estado de M\u00e9xico; Plaza del Reloj y centro hist\u00f3rico, Chalco, Estado de M\u00e9xico; el Centro de Salud de Esc\u00e1rcega, Campeche; Centro de Desarrollo Comunitario y parque p\u00fablico en exestaci\u00f3n de ferrocarriles, en Tapachula, Chiapas; as\u00ed como el Museo del Meteorito de Progreso, Yucat\u00e1n, y el Centro Cultural de Salina Cruz, Oaxaca.<\/p>\n<a href=\"https:\/\/centrourbano.com\/revista\/wp-content\/uploads\/sedatu-premios-2.jpg\" target=\"_blank\" rel=\"noopener\"><img loading=\"lazy\" decoding=\"async\" class=\"aligncenter wp-image-136301 \" src=\"https:\/\/centrourbano.com\/revista\/wp-content\/uploads\/sedatu-premios-2.jpg\" alt=\"\" width=\"601\" height=\"450\" srcset=\"https:\/\/centrourbano.com\/revista\/wp-content\/uploads\/sedatu-premios-2.jpg 1280w, https:\/\/centrourbano.com\/revista\/wp-content\/uploads\/sedatu-premios-2-300x225.jpg 300w, https:\/\/centrourbano.com\/revista\/wp-content\/uploads\/sedatu-premios-2-1000x749.jpg 1000w, https:\/\/centrourbano.com\/revista\/wp-content\/uploads\/sedatu-premios-2-768x575.jpg 768w\" sizes=\"auto, (max-width: 601px) 100vw, 601px\" \/><\/a>\n","protected":false},"excerpt":{"rendered":"<p>La Sedatu destac\u00f3 que el reconocimiento m\u00e1s reciente fue el Prix Versailles que se otorg\u00f3 al Mercado P\u00fablico de Matamoros<\/p>\n","protected":false},"author":73,"featured_media":136300,"comment_status":"open","ping_status":"closed","sticky":false,"template":"","format":"standard","meta":{"om_disable_all_campaigns":false,"inline_featured_image":false,"_monsterinsights_skip_tracking":false,"_monsterinsights_sitenote_active":false,"_monsterinsights_sitenote_note":"","_monsterinsights_sitenote_category":0,"footnotes":""},"categories":[81,82],"tags":[20,16963,10087,14661,105],"class_list":["post-136299","post","type-post","status-publish","format-standard","has-post-thumbnail","hentry","category-arquitectura-2","category-urbanismo","tag-arquitectura","tag-premios","tag-prix-versailles","tag-programa-de-mejoramiento-urbano","tag-sedatu"],"yoast_head":"<!-- This site is optimized with the Yoast SEO plugin v27.4 - https:\/\/yoast.com\/product\/yoast-seo-wordpress\/ -->\n<title>Sedatu acumula 94 premios de arquitectura por obras del PMU<\/title>\n<meta name=\"description\" content=\"La Sedatu destac\u00f3 que el reconocimiento m\u00e1s reciente fue el Prix Versailles que se otorg\u00f3 al Mercado P\u00fablico de Matamoros\" \/>\n<meta name=\"robots\" content=\"index, follow, max-snippet:-1, max-image-preview:large, max-video-preview:-1\" \/>\n<link rel=\"canonical\" href=\"https:\/\/centrourbano.com\/revista\/arquitectura-2\/sedatu-premios-pmu\/\" \/>\n<meta property=\"og:locale\" content=\"es_ES\" \/>\n<meta property=\"og:type\" content=\"article\" \/>\n<meta property=\"og:title\" content=\"Sedatu acumula 94 premios de arquitectura por obras del PMU\" \/>\n<meta property=\"og:description\" content=\"La Sedatu destac\u00f3 que el reconocimiento m\u00e1s reciente fue el Prix Versailles que se otorg\u00f3 al Mercado P\u00fablico de Matamoros\" \/>\n<meta property=\"og:url\" content=\"https:\/\/centrourbano.com\/revista\/arquitectura-2\/sedatu-premios-pmu\/\" \/>\n<meta property=\"og:site_name\" content=\"Centro Urbano\" \/>\n<meta property=\"article:publisher\" content=\"https:\/\/www.facebook.com\/portalcentrourbano\" \/>\n<meta property=\"article:published_time\" content=\"2022-12-22T18:01:09+00:00\" \/>\n<meta property=\"og:image\" content=\"https:\/\/centrourbano.com\/revista\/wp-content\/uploads\/Sedatu-acumula-94-premios-de-arquitectura-por-obras-del-PMU.jpg\" \/>\n\t<meta property=\"og:image:width\" content=\"478\" \/>\n\t<meta property=\"og:image:height\" content=\"450\" \/>\n\t<meta property=\"og:image:type\" content=\"image\/jpeg\" \/>\n<meta name=\"author\" content=\"Fernanda Hern\u00e1ndez\" \/>\n<meta name=\"twitter:card\" content=\"summary_large_image\" \/>\n<meta name=\"twitter:creator\" content=\"@https:\/\/twitter.com\/Nannz_Hernandez\" \/>\n<meta name=\"twitter:site\" content=\"@CentroUrbano\" \/>\n<meta name=\"twitter:label1\" content=\"Escrito por\" \/>\n\t<meta name=\"twitter:data1\" content=\"Fernanda Hern\u00e1ndez\" \/>\n\t<meta name=\"twitter:label2\" content=\"Tiempo de lectura\" \/>\n\t<meta name=\"twitter:data2\" content=\"2 minutos\" \/>\n<script type=\"application\/ld+json\" class=\"yoast-schema-graph\">{\"@context\":\"https:\\\/\\\/schema.org\",\"@graph\":[{\"@type\":\"Article\",\"@id\":\"https:\\\/\\\/centrourbano.com\\\/revista\\\/arquitectura-2\\\/sedatu-premios-pmu\\\/#article\",\"isPartOf\":{\"@id\":\"https:\\\/\\\/centrourbano.com\\\/revista\\\/arquitectura-2\\\/sedatu-premios-pmu\\\/\"},\"author\":{\"name\":\"Fernanda Hern\u00e1ndez\",\"@id\":\"https:\\\/\\\/centrourbano.com\\\/revista\\\/#\\\/schema\\\/person\\\/b190b20bbbceb41ec72278c546fa8df3\"},\"headline\":\"Sedatu acumula 94 premios de arquitectura por obras del PMU\",\"datePublished\":\"2022-12-22T18:01:09+00:00\",\"mainEntityOfPage\":{\"@id\":\"https:\\\/\\\/centrourbano.com\\\/revista\\\/arquitectura-2\\\/sedatu-premios-pmu\\\/\"},\"wordCount\":423,\"commentCount\":0,\"publisher\":{\"@id\":\"https:\\\/\\\/centrourbano.com\\\/revista\\\/#organization\"},\"image\":{\"@id\":\"https:\\\/\\\/centrourbano.com\\\/revista\\\/arquitectura-2\\\/sedatu-premios-pmu\\\/#primaryimage\"},\"thumbnailUrl\":\"https:\\\/\\\/centrourbano.com\\\/revista\\\/wp-content\\\/uploads\\\/Sedatu-acumula-94-premios-de-arquitectura-por-obras-del-PMU.jpg\",\"keywords\":[\"arquitectura\",\"premios\",\"Prix Versailles\",\"Programa de Mejoramiento Urbano\",\"Sedatu\"],\"articleSection\":[\"Arquitectura\",\"Urbanismo\"],\"inLanguage\":\"es\",\"potentialAction\":[{\"@type\":\"CommentAction\",\"name\":\"Comment\",\"target\":[\"https:\\\/\\\/centrourbano.com\\\/revista\\\/arquitectura-2\\\/sedatu-premios-pmu\\\/#respond\"]}]},{\"@type\":\"WebPage\",\"@id\":\"https:\\\/\\\/centrourbano.com\\\/revista\\\/arquitectura-2\\\/sedatu-premios-pmu\\\/\",\"url\":\"https:\\\/\\\/centrourbano.com\\\/revista\\\/arquitectura-2\\\/sedatu-premios-pmu\\\/\",\"name\":\"Sedatu acumula 94 premios de arquitectura por obras del PMU\",\"isPartOf\":{\"@id\":\"https:\\\/\\\/centrourbano.com\\\/revista\\\/#website\"},\"primaryImageOfPage\":{\"@id\":\"https:\\\/\\\/centrourbano.com\\\/revista\\\/arquitectura-2\\\/sedatu-premios-pmu\\\/#primaryimage\"},\"image\":{\"@id\":\"https:\\\/\\\/centrourbano.com\\\/revista\\\/arquitectura-2\\\/sedatu-premios-pmu\\\/#primaryimage\"},\"thumbnailUrl\":\"https:\\\/\\\/centrourbano.com\\\/revista\\\/wp-content\\\/uploads\\\/Sedatu-acumula-94-premios-de-arquitectura-por-obras-del-PMU.jpg\",\"datePublished\":\"2022-12-22T18:01:09+00:00\",\"description\":\"La Sedatu destac\u00f3 que el reconocimiento m\u00e1s reciente fue el Prix Versailles que se otorg\u00f3 al Mercado P\u00fablico de Matamoros\",\"breadcrumb\":{\"@id\":\"https:\\\/\\\/centrourbano.com\\\/revista\\\/arquitectura-2\\\/sedatu-premios-pmu\\\/#breadcrumb\"},\"inLanguage\":\"es\",\"potentialAction\":[{\"@type\":\"ReadAction\",\"target\":[\"https:\\\/\\\/centrourbano.com\\\/revista\\\/arquitectura-2\\\/sedatu-premios-pmu\\\/\"]}]},{\"@type\":\"ImageObject\",\"inLanguage\":\"es\",\"@id\":\"https:\\\/\\\/centrourbano.com\\\/revista\\\/arquitectura-2\\\/sedatu-premios-pmu\\\/#primaryimage\",\"url\":\"https:\\\/\\\/centrourbano.com\\\/revista\\\/wp-content\\\/uploads\\\/Sedatu-acumula-94-premios-de-arquitectura-por-obras-del-PMU.jpg\",\"contentUrl\":\"https:\\\/\\\/centrourbano.com\\\/revista\\\/wp-content\\\/uploads\\\/Sedatu-acumula-94-premios-de-arquitectura-por-obras-del-PMU.jpg\",\"width\":478,\"height\":450,\"caption\":\"La Sedatu destac\u00f3 que el reconocimiento m\u00e1s reciente fue el Prix Versailles que se otorg\u00f3 al Mercado P\u00fablico de Matamoros\"},{\"@type\":\"BreadcrumbList\",\"@id\":\"https:\\\/\\\/centrourbano.com\\\/revista\\\/arquitectura-2\\\/sedatu-premios-pmu\\\/#breadcrumb\",\"itemListElement\":[{\"@type\":\"ListItem\",\"position\":1,\"name\":\"Portada\",\"item\":\"https:\\\/\\\/centrourbano.com\\\/revista\\\/\"},{\"@type\":\"ListItem\",\"position\":2,\"name\":\"Sedatu acumula 94 premios de arquitectura por obras del PMU\"}]},{\"@type\":\"WebSite\",\"@id\":\"https:\\\/\\\/centrourbano.com\\\/revista\\\/#website\",\"url\":\"https:\\\/\\\/centrourbano.com\\\/revista\\\/\",\"name\":\"Centro Urbano\",\"description\":\"Medio especializado en los sectores vivienda, inmobiliario, construcci\u00f3n, arquitectura y urbanismo.\",\"publisher\":{\"@id\":\"https:\\\/\\\/centrourbano.com\\\/revista\\\/#organization\"},\"potentialAction\":[{\"@type\":\"SearchAction\",\"target\":{\"@type\":\"EntryPoint\",\"urlTemplate\":\"https:\\\/\\\/centrourbano.com\\\/revista\\\/?s={search_term_string}\"},\"query-input\":{\"@type\":\"PropertyValueSpecification\",\"valueRequired\":true,\"valueName\":\"search_term_string\"}}],\"inLanguage\":\"es\"},{\"@type\":\"Organization\",\"@id\":\"https:\\\/\\\/centrourbano.com\\\/revista\\\/#organization\",\"name\":\"Centro Urbano\",\"url\":\"https:\\\/\\\/centrourbano.com\\\/revista\\\/\",\"logo\":{\"@type\":\"ImageObject\",\"inLanguage\":\"es\",\"@id\":\"https:\\\/\\\/centrourbano.com\\\/revista\\\/#\\\/schema\\\/logo\\\/image\\\/\",\"url\":\"https:\\\/\\\/centrourbano.com\\\/revista\\\/wp-content\\\/uploads\\\/web_CU_logo-1.png\",\"contentUrl\":\"https:\\\/\\\/centrourbano.com\\\/revista\\\/wp-content\\\/uploads\\\/web_CU_logo-1.png\",\"width\":350,\"height\":91,\"caption\":\"Centro Urbano\"},\"image\":{\"@id\":\"https:\\\/\\\/centrourbano.com\\\/revista\\\/#\\\/schema\\\/logo\\\/image\\\/\"},\"sameAs\":[\"https:\\\/\\\/www.facebook.com\\\/portalcentrourbano\",\"https:\\\/\\\/x.com\\\/CentroUrbano\",\"https:\\\/\\\/www.instagram.com\\\/centro_urbano\\\/\",\"https:\\\/\\\/www.linkedin.com\\\/company\\\/centro-urbano\\\/\",\"http:\\\/\\\/www.youtube.com\\\/user\\\/portalcentrourbano\"]},{\"@type\":\"Person\",\"@id\":\"https:\\\/\\\/centrourbano.com\\\/revista\\\/#\\\/schema\\\/person\\\/b190b20bbbceb41ec72278c546fa8df3\",\"name\":\"Fernanda Hern\u00e1ndez\",\"image\":{\"@type\":\"ImageObject\",\"inLanguage\":\"es\",\"@id\":\"https:\\\/\\\/secure.gravatar.com\\\/avatar\\\/9471831fb0a24eae9d32d826a7cb8ef07c34a41520aca1a0ab1f5c0903ba49b9?s=96&d=mm&r=g\",\"url\":\"https:\\\/\\\/secure.gravatar.com\\\/avatar\\\/9471831fb0a24eae9d32d826a7cb8ef07c34a41520aca1a0ab1f5c0903ba49b9?s=96&d=mm&r=g\",\"contentUrl\":\"https:\\\/\\\/secure.gravatar.com\\\/avatar\\\/9471831fb0a24eae9d32d826a7cb8ef07c34a41520aca1a0ab1f5c0903ba49b9?s=96&d=mm&r=g\",\"caption\":\"Fernanda Hern\u00e1ndez\"},\"description\":\"Reportera y redactora en Centro Urbano. Soy egresada de la licenciatura en Ciencias de la Comunicaci\u00f3n de la Facultad de Ciencias Pol\u00edticas y Sociales (UNAM). Me interesa la cultura, el urbanismo y la arquitectura. Amante del mundo digital, el cine, la m\u00fasica, la lectura y la escritura.\",\"sameAs\":[\"https:\\\/\\\/x.com\\\/https:\\\/\\\/twitter.com\\\/Nannz_Hernandez\"],\"url\":\"https:\\\/\\\/centrourbano.com\\\/revista\\\/author\\\/fernanda-hernandez\\\/\"}]}<\/script>\n<!-- \/ Yoast SEO plugin. -->","yoast_head_json":{"title":"Sedatu acumula 94 premios de arquitectura por obras del PMU","description":"La Sedatu destac\u00f3 que el reconocimiento m\u00e1s reciente fue el Prix Versailles que se otorg\u00f3 al Mercado P\u00fablico de Matamoros","robots":{"index":"index","follow":"follow","max-snippet":"max-snippet:-1","max-image-preview":"max-image-preview:large","max-video-preview":"max-video-preview:-1"},"canonical":"https:\/\/centrourbano.com\/revista\/arquitectura-2\/sedatu-premios-pmu\/","og_locale":"es_ES","og_type":"article","og_title":"Sedatu acumula 94 premios de arquitectura por obras del PMU","og_description":"La Sedatu destac\u00f3 que el reconocimiento m\u00e1s reciente fue el Prix Versailles que se otorg\u00f3 al Mercado P\u00fablico de Matamoros","og_url":"https:\/\/centrourbano.com\/revista\/arquitectura-2\/sedatu-premios-pmu\/","og_site_name":"Centro Urbano","article_publisher":"https:\/\/www.facebook.com\/portalcentrourbano","article_published_time":"2022-12-22T18:01:09+00:00","og_image":[{"width":478,"height":450,"url":"https:\/\/centrourbano.com\/revista\/wp-content\/uploads\/Sedatu-acumula-94-premios-de-arquitectura-por-obras-del-PMU.jpg","type":"image\/jpeg"}],"author":"Fernanda Hern\u00e1ndez","twitter_card":"summary_large_image","twitter_creator":"@https:\/\/twitter.com\/Nannz_Hernandez","twitter_site":"@CentroUrbano","twitter_misc":{"Escrito por":"Fernanda Hern\u00e1ndez","Tiempo de lectura":"2 minutos"},"schema":{"@context":"https:\/\/schema.org","@graph":[{"@type":"Article","@id":"https:\/\/centrourbano.com\/revista\/arquitectura-2\/sedatu-premios-pmu\/#article","isPartOf":{"@id":"https:\/\/centrourbano.com\/revista\/arquitectura-2\/sedatu-premios-pmu\/"},"author":{"name":"Fernanda Hern\u00e1ndez","@id":"https:\/\/centrourbano.com\/revista\/#\/schema\/person\/b190b20bbbceb41ec72278c546fa8df3"},"headline":"Sedatu acumula 94 premios de arquitectura por obras del PMU","datePublished":"2022-12-22T18:01:09+00:00","mainEntityOfPage":{"@id":"https:\/\/centrourbano.com\/revista\/arquitectura-2\/sedatu-premios-pmu\/"},"wordCount":423,"commentCount":0,"publisher":{"@id":"https:\/\/centrourbano.com\/revista\/#organization"},"image":{"@id":"https:\/\/centrourbano.com\/revista\/arquitectura-2\/sedatu-premios-pmu\/#primaryimage"},"thumbnailUrl":"https:\/\/centrourbano.com\/revista\/wp-content\/uploads\/Sedatu-acumula-94-premios-de-arquitectura-por-obras-del-PMU.jpg","keywords":["arquitectura","premios","Prix Versailles","Programa de Mejoramiento Urbano","Sedatu"],"articleSection":["Arquitectura","Urbanismo"],"inLanguage":"es","potentialAction":[{"@type":"CommentAction","name":"Comment","target":["https:\/\/centrourbano.com\/revista\/arquitectura-2\/sedatu-premios-pmu\/#respond"]}]},{"@type":"WebPage","@id":"https:\/\/centrourbano.com\/revista\/arquitectura-2\/sedatu-premios-pmu\/","url":"https:\/\/centrourbano.com\/revista\/arquitectura-2\/sedatu-premios-pmu\/","name":"Sedatu acumula 94 premios de arquitectura por obras del PMU","isPartOf":{"@id":"https:\/\/centrourbano.com\/revista\/#website"},"primaryImageOfPage":{"@id":"https:\/\/centrourbano.com\/revista\/arquitectura-2\/sedatu-premios-pmu\/#primaryimage"},"image":{"@id":"https:\/\/centrourbano.com\/revista\/arquitectura-2\/sedatu-premios-pmu\/#primaryimage"},"thumbnailUrl":"https:\/\/centrourbano.com\/revista\/wp-content\/uploads\/Sedatu-acumula-94-premios-de-arquitectura-por-obras-del-PMU.jpg","datePublished":"2022-12-22T18:01:09+00:00","description":"La Sedatu destac\u00f3 que el reconocimiento m\u00e1s reciente fue el Prix Versailles que se otorg\u00f3 al Mercado P\u00fablico de Matamoros","breadcrumb":{"@id":"https:\/\/centrourbano.com\/revista\/arquitectura-2\/sedatu-premios-pmu\/#breadcrumb"},"inLanguage":"es","potentialAction":[{"@type":"ReadAction","target":["https:\/\/centrourbano.com\/revista\/arquitectura-2\/sedatu-premios-pmu\/"]}]},{"@type":"ImageObject","inLanguage":"es","@id":"https:\/\/centrourbano.com\/revista\/arquitectura-2\/sedatu-premios-pmu\/#primaryimage","url":"https:\/\/centrourbano.com\/revista\/wp-content\/uploads\/Sedatu-acumula-94-premios-de-arquitectura-por-obras-del-PMU.jpg","contentUrl":"https:\/\/centrourbano.com\/revista\/wp-content\/uploads\/Sedatu-acumula-94-premios-de-arquitectura-por-obras-del-PMU.jpg","width":478,"height":450,"caption":"La Sedatu destac\u00f3 que el reconocimiento m\u00e1s reciente fue el Prix Versailles que se otorg\u00f3 al Mercado P\u00fablico de Matamoros"},{"@type":"BreadcrumbList","@id":"https:\/\/centrourbano.com\/revista\/arquitectura-2\/sedatu-premios-pmu\/#breadcrumb","itemListElement":[{"@type":"ListItem","position":1,"name":"Portada","item":"https:\/\/centrourbano.com\/revista\/"},{"@type":"ListItem","position":2,"name":"Sedatu acumula 94 premios de arquitectura por obras del PMU"}]},{"@type":"WebSite","@id":"https:\/\/centrourbano.com\/revista\/#website","url":"https:\/\/centrourbano.com\/revista\/","name":"Centro Urbano","description":"Medio especializado en los sectores vivienda, inmobiliario, construcci\u00f3n, arquitectura y urbanismo.","publisher":{"@id":"https:\/\/centrourbano.com\/revista\/#organization"},"potentialAction":[{"@type":"SearchAction","target":{"@type":"EntryPoint","urlTemplate":"https:\/\/centrourbano.com\/revista\/?s={search_term_string}"},"query-input":{"@type":"PropertyValueSpecification","valueRequired":true,"valueName":"search_term_string"}}],"inLanguage":"es"},{"@type":"Organization","@id":"https:\/\/centrourbano.com\/revista\/#organization","name":"Centro Urbano","url":"https:\/\/centrourbano.com\/revista\/","logo":{"@type":"ImageObject","inLanguage":"es","@id":"https:\/\/centrourbano.com\/revista\/#\/schema\/logo\/image\/","url":"https:\/\/centrourbano.com\/revista\/wp-content\/uploads\/web_CU_logo-1.png","contentUrl":"https:\/\/centrourbano.com\/revista\/wp-content\/uploads\/web_CU_logo-1.png","width":350,"height":91,"caption":"Centro Urbano"},"image":{"@id":"https:\/\/centrourbano.com\/revista\/#\/schema\/logo\/image\/"},"sameAs":["https:\/\/www.facebook.com\/portalcentrourbano","https:\/\/x.com\/CentroUrbano","https:\/\/www.instagram.com\/centro_urbano\/","https:\/\/www.linkedin.com\/company\/centro-urbano\/","http:\/\/www.youtube.com\/user\/portalcentrourbano"]},{"@type":"Person","@id":"https:\/\/centrourbano.com\/revista\/#\/schema\/person\/b190b20bbbceb41ec72278c546fa8df3","name":"Fernanda Hern\u00e1ndez","image":{"@type":"ImageObject","inLanguage":"es","@id":"https:\/\/secure.gravatar.com\/avatar\/9471831fb0a24eae9d32d826a7cb8ef07c34a41520aca1a0ab1f5c0903ba49b9?s=96&d=mm&r=g","url":"https:\/\/secure.gravatar.com\/avatar\/9471831fb0a24eae9d32d826a7cb8ef07c34a41520aca1a0ab1f5c0903ba49b9?s=96&d=mm&r=g","contentUrl":"https:\/\/secure.gravatar.com\/avatar\/9471831fb0a24eae9d32d826a7cb8ef07c34a41520aca1a0ab1f5c0903ba49b9?s=96&d=mm&r=g","caption":"Fernanda Hern\u00e1ndez"},"description":"Reportera y redactora en Centro Urbano. Soy egresada de la licenciatura en Ciencias de la Comunicaci\u00f3n de la Facultad de Ciencias Pol\u00edticas y Sociales (UNAM). Me interesa la cultura, el urbanismo y la arquitectura. Amante del mundo digital, el cine, la m\u00fasica, la lectura y la escritura.","sameAs":["https:\/\/x.com\/https:\/\/twitter.com\/Nannz_Hernandez"],"url":"https:\/\/centrourbano.com\/revista\/author\/fernanda-hernandez\/"}]}},"_links":{"self":[{"href":"https:\/\/centrourbano.com\/revista\/wp-json\/wp\/v2\/posts\/136299","targetHints":{"allow":["GET"]}}],"collection":[{"href":"https:\/\/centrourbano.com\/revista\/wp-json\/wp\/v2\/posts"}],"about":[{"href":"https:\/\/centrourbano.com\/revista\/wp-json\/wp\/v2\/types\/post"}],"author":[{"embeddable":true,"href":"https:\/\/centrourbano.com\/revista\/wp-json\/wp\/v2\/users\/73"}],"replies":[{"embeddable":true,"href":"https:\/\/centrourbano.com\/revista\/wp-json\/wp\/v2\/comments?post=136299"}],"version-history":[{"count":1,"href":"https:\/\/centrourbano.com\/revista\/wp-json\/wp\/v2\/posts\/136299\/revisions"}],"predecessor-version":[{"id":136302,"href":"https:\/\/centrourbano.com\/revista\/wp-json\/wp\/v2\/posts\/136299\/revisions\/136302"}],"wp:featuredmedia":[{"embeddable":true,"href":"https:\/\/centrourbano.com\/revista\/wp-json\/wp\/v2\/media\/136300"}],"wp:attachment":[{"href":"https:\/\/centrourbano.com\/revista\/wp-json\/wp\/v2\/media?parent=136299"}],"wp:term":[{"taxonomy":"category","embeddable":true,"href":"https:\/\/centrourbano.com\/revista\/wp-json\/wp\/v2\/categories?post=136299"},{"taxonomy":"post_tag","embeddable":true,"href":"https:\/\/centrourbano.com\/revista\/wp-json\/wp\/v2\/tags?post=136299"}],"curies":[{"name":"wp","href":"https:\/\/api.w.org\/{rel}","templated":true}]}}