{"id":136279,"date":"2022-12-21T13:45:31","date_gmt":"2022-12-21T19:45:31","guid":{"rendered":"https:\/\/centrourbano.com\/?p=136279"},"modified":"2022-12-21T13:45:31","modified_gmt":"2022-12-21T19:45:31","slug":"queretaro-reporta-el-mayor-crecimiento-industrial-del-bajio","status":"publish","type":"post","link":"https:\/\/centrourbano.com\/revista\/inmobiliario\/queretaro-reporta-el-mayor-crecimiento-industrial-del-bajio\/","title":{"rendered":"Quer\u00e9taro reporta el mayor crecimiento industrial del baj\u00edo"},"content":{"rendered":"<p><em>El estado de Quer\u00e9taro registr\u00f3 un crecimiento industrial impactante al reportar una demanda neta 3.4 veces superior que en 2021<\/em><!--more--><\/p>\n<p>Dentro de la regi\u00f3n del baj\u00edo, <strong>Quer\u00e9taro logr\u00f3 posicionarse como el mercado con mayor crecimiento del 2022<\/strong>. Esto se debe a que report\u00f3 una demanda neta 3.4 veces superior a la que registr\u00f3 en los primeros tres trimestres del a\u00f1o anterior.<\/p>\n<p>Sumado a ello, otros indicadores como<strong> la construcci\u00f3n, lograron superar los 508,000 metros cuadrados<\/strong>(m2). Adem\u00e1s de registrar <strong>una demanda bruta acumulada de 555,000 m2<\/strong>, que simboliz\u00f3 un crecimiento del 8%, respecto a 2021.<\/p>\n<p>Por otra parte, <strong>Quer\u00e9taro cuenta con 67 proyectos de inversi\u00f3n<\/strong> con un mont\u00f3 acumulado de 104,000 millones de pesos. <strong>Y, logr\u00f3 concretar 43 proyectos durante 2022<\/strong> con una inversi\u00f3n que super\u00f3 los 20,000 millones.<\/p>\n<p>Dentro de las construcciones que se realizan en el estado, <strong>un quinto son capitales de origen mexicano<\/strong>, lo que corrobora la apuesta de inversi\u00f3n nacional en la regi\u00f3n.<\/p>\n<h2>Proyectos que potenciaron el crecimiento industrial<\/h2>\n<p>Una de las<strong> l\u00edneas que potenci\u00f3 el crecimiento industrial en Quer\u00e9taro<\/strong> fueron las<strong> telecomunicaciones.<\/strong> Con ello, la <strong>llegada de datacenter<\/strong> incentivaron de forma destacable el desarrollo de la demanda, ya que, junto a <strong>tecnolog\u00eda y electrodom\u00e9sticos<\/strong>, totalizaron un tercio de la demanda bruta de enero y septiembre de 2022.<\/p>\n<p>En contraste, los requerimientos<strong> log\u00edsticos<\/strong>, as\u00ed como el servicio a clientes se interesaron en Quer\u00e9taro por su conectividad. A la par, dicha industria gener\u00f3 una demanda de servicios conexos que incidi\u00f3 en el fortalecimiento de la demanda bruta y neta.<\/p>\n<p>Para el estado este crecimiento fue fundamenta, puesto que, en registros de<a href=\"http:\/\/solili.mx\/\" target=\"_blank\" rel=\"noopener\"> Solili<\/a>, <strong>al inicios de 2021 todo el baj\u00edo se encontraba afectado<\/strong> por una contracci\u00f3n en la demanda bruta. Y, con ello, Quer\u00e9taro se encontr\u00f3 con cifras negativas que tardar\u00edan casi un a\u00f1o en reponerse.<\/p>\n<p>&nbsp;<\/p>\n","protected":false},"excerpt":{"rendered":"<p>El estado de Quer\u00e9taro registr\u00f3 un crecimiento industrial impactante al reportar una demanda neta 3.4 veces superior que en 2021<\/p>\n","protected":false},"author":80,"featured_media":136280,"comment_status":"open","ping_status":"closed","sticky":false,"template":"","format":"standard","meta":{"om_disable_all_campaigns":false,"inline_featured_image":false,"_monsterinsights_skip_tracking":false,"_monsterinsights_sitenote_active":false,"_monsterinsights_sitenote_note":"","_monsterinsights_sitenote_category":0,"footnotes":""},"categories":[15],"tags":[19838,22477,3972,14346],"class_list":["post-136279","post","type-post","status-publish","format-standard","has-post-thumbnail","hentry","category-inmobiliario","tag-actividad-logistica","tag-datacenters","tag-el-bajio","tag-mercado-inmobiliario-industrial"],"yoast_head":"<!-- This site is optimized with the Yoast SEO plugin v27.5 - https:\/\/yoast.com\/product\/yoast-seo-wordpress\/ -->\n<title>Quer\u00e9taro reporta el mayor crecimiento industrial del baj\u00edo<\/title>\n<meta name=\"description\" content=\"El estado de Quer\u00e9taro registr\u00f3 un crecimiento industrial impactante al reportar una demanda neta 3.4 veces superior que en 2021\" \/>\n<meta name=\"robots\" content=\"index, follow, max-snippet:-1, max-image-preview:large, max-video-preview:-1\" \/>\n<link rel=\"canonical\" href=\"https:\/\/centrourbano.com\/revista\/inmobiliario\/queretaro-reporta-el-mayor-crecimiento-industrial-del-bajio\/\" \/>\n<meta property=\"og:locale\" content=\"es_ES\" \/>\n<meta property=\"og:type\" content=\"article\" \/>\n<meta property=\"og:title\" content=\"Quer\u00e9taro reporta el mayor crecimiento industrial del baj\u00edo\" \/>\n<meta property=\"og:description\" content=\"El estado de Quer\u00e9taro registr\u00f3 un crecimiento industrial impactante al reportar una demanda neta 3.4 veces superior que en 2021\" \/>\n<meta property=\"og:url\" content=\"https:\/\/centrourbano.com\/revista\/inmobiliario\/queretaro-reporta-el-mayor-crecimiento-industrial-del-bajio\/\" \/>\n<meta property=\"og:site_name\" content=\"Centro Urbano\" \/>\n<meta property=\"article:publisher\" content=\"https:\/\/www.facebook.com\/portalcentrourbano\" \/>\n<meta property=\"article:published_time\" content=\"2022-12-21T19:45:31+00:00\" \/>\n<meta property=\"og:image\" content=\"https:\/\/centrourbano.com\/revista\/wp-content\/uploads\/PI-28850_1616700473.png\" \/>\n\t<meta property=\"og:image:width\" content=\"600\" \/>\n\t<meta property=\"og:image:height\" content=\"600\" \/>\n\t<meta property=\"og:image:type\" content=\"image\/png\" \/>\n<meta name=\"author\" content=\"Jackeline Valle\" \/>\n<meta name=\"twitter:card\" content=\"summary_large_image\" \/>\n<meta name=\"twitter:creator\" content=\"@CentroUrbano\" \/>\n<meta name=\"twitter:site\" content=\"@CentroUrbano\" \/>\n<meta name=\"twitter:label1\" content=\"Escrito por\" \/>\n\t<meta name=\"twitter:data1\" content=\"Jackeline Valle\" \/>\n\t<meta name=\"twitter:label2\" content=\"Tiempo de lectura\" \/>\n\t<meta name=\"twitter:data2\" content=\"2 minutos\" \/>\n<script type=\"application\/ld+json\" class=\"yoast-schema-graph\">{\"@context\":\"https:\\\/\\\/schema.org\",\"@graph\":[{\"@type\":\"Article\",\"@id\":\"https:\\\/\\\/centrourbano.com\\\/revista\\\/inmobiliario\\\/queretaro-reporta-el-mayor-crecimiento-industrial-del-bajio\\\/#article\",\"isPartOf\":{\"@id\":\"https:\\\/\\\/centrourbano.com\\\/revista\\\/inmobiliario\\\/queretaro-reporta-el-mayor-crecimiento-industrial-del-bajio\\\/\"},\"author\":{\"name\":\"Jackeline Valle\",\"@id\":\"https:\\\/\\\/centrourbano.com\\\/revista\\\/#\\\/schema\\\/person\\\/1fb150d566fcd0facc2cddffbb96d1f1\"},\"headline\":\"Quer\u00e9taro reporta el mayor crecimiento industrial del baj\u00edo\",\"datePublished\":\"2022-12-21T19:45:31+00:00\",\"mainEntityOfPage\":{\"@id\":\"https:\\\/\\\/centrourbano.com\\\/revista\\\/inmobiliario\\\/queretaro-reporta-el-mayor-crecimiento-industrial-del-bajio\\\/\"},\"wordCount\":317,\"commentCount\":0,\"publisher\":{\"@id\":\"https:\\\/\\\/centrourbano.com\\\/revista\\\/#organization\"},\"image\":{\"@id\":\"https:\\\/\\\/centrourbano.com\\\/revista\\\/inmobiliario\\\/queretaro-reporta-el-mayor-crecimiento-industrial-del-bajio\\\/#primaryimage\"},\"thumbnailUrl\":\"https:\\\/\\\/centrourbano.com\\\/revista\\\/wp-content\\\/uploads\\\/PI-28850_1616700473.png\",\"keywords\":[\"actividad log\u00edstica\",\"datacenters\",\"El Baj\u00edo\",\"mercado inmobiliario industrial\"],\"articleSection\":[\"Inmobiliario\"],\"inLanguage\":\"es\",\"potentialAction\":[{\"@type\":\"CommentAction\",\"name\":\"Comment\",\"target\":[\"https:\\\/\\\/centrourbano.com\\\/revista\\\/inmobiliario\\\/queretaro-reporta-el-mayor-crecimiento-industrial-del-bajio\\\/#respond\"]}]},{\"@type\":\"WebPage\",\"@id\":\"https:\\\/\\\/centrourbano.com\\\/revista\\\/inmobiliario\\\/queretaro-reporta-el-mayor-crecimiento-industrial-del-bajio\\\/\",\"url\":\"https:\\\/\\\/centrourbano.com\\\/revista\\\/inmobiliario\\\/queretaro-reporta-el-mayor-crecimiento-industrial-del-bajio\\\/\",\"name\":\"Quer\u00e9taro reporta el mayor crecimiento industrial del baj\u00edo\",\"isPartOf\":{\"@id\":\"https:\\\/\\\/centrourbano.com\\\/revista\\\/#website\"},\"primaryImageOfPage\":{\"@id\":\"https:\\\/\\\/centrourbano.com\\\/revista\\\/inmobiliario\\\/queretaro-reporta-el-mayor-crecimiento-industrial-del-bajio\\\/#primaryimage\"},\"image\":{\"@id\":\"https:\\\/\\\/centrourbano.com\\\/revista\\\/inmobiliario\\\/queretaro-reporta-el-mayor-crecimiento-industrial-del-bajio\\\/#primaryimage\"},\"thumbnailUrl\":\"https:\\\/\\\/centrourbano.com\\\/revista\\\/wp-content\\\/uploads\\\/PI-28850_1616700473.png\",\"datePublished\":\"2022-12-21T19:45:31+00:00\",\"description\":\"El estado de Quer\u00e9taro registr\u00f3 un crecimiento industrial impactante al reportar una demanda neta 3.4 veces superior que en 2021\",\"breadcrumb\":{\"@id\":\"https:\\\/\\\/centrourbano.com\\\/revista\\\/inmobiliario\\\/queretaro-reporta-el-mayor-crecimiento-industrial-del-bajio\\\/#breadcrumb\"},\"inLanguage\":\"es\",\"potentialAction\":[{\"@type\":\"ReadAction\",\"target\":[\"https:\\\/\\\/centrourbano.com\\\/revista\\\/inmobiliario\\\/queretaro-reporta-el-mayor-crecimiento-industrial-del-bajio\\\/\"]}]},{\"@type\":\"ImageObject\",\"inLanguage\":\"es\",\"@id\":\"https:\\\/\\\/centrourbano.com\\\/revista\\\/inmobiliario\\\/queretaro-reporta-el-mayor-crecimiento-industrial-del-bajio\\\/#primaryimage\",\"url\":\"https:\\\/\\\/centrourbano.com\\\/revista\\\/wp-content\\\/uploads\\\/PI-28850_1616700473.png\",\"contentUrl\":\"https:\\\/\\\/centrourbano.com\\\/revista\\\/wp-content\\\/uploads\\\/PI-28850_1616700473.png\",\"width\":600,\"height\":600,\"caption\":\"El estado de Quer\u00e9taro registr\u00f3 un crecimiento industrial impactante al reportar una demanda neta 3.4 veces superior que en 2021\"},{\"@type\":\"BreadcrumbList\",\"@id\":\"https:\\\/\\\/centrourbano.com\\\/revista\\\/inmobiliario\\\/queretaro-reporta-el-mayor-crecimiento-industrial-del-bajio\\\/#breadcrumb\",\"itemListElement\":[{\"@type\":\"ListItem\",\"position\":1,\"name\":\"Portada\",\"item\":\"https:\\\/\\\/centrourbano.com\\\/revista\\\/\"},{\"@type\":\"ListItem\",\"position\":2,\"name\":\"Quer\u00e9taro reporta el mayor crecimiento industrial del baj\u00edo\"}]},{\"@type\":\"WebSite\",\"@id\":\"https:\\\/\\\/centrourbano.com\\\/revista\\\/#website\",\"url\":\"https:\\\/\\\/centrourbano.com\\\/revista\\\/\",\"name\":\"Centro Urbano\",\"description\":\"Medio especializado en los sectores vivienda, inmobiliario, construcci\u00f3n, arquitectura y urbanismo.\",\"publisher\":{\"@id\":\"https:\\\/\\\/centrourbano.com\\\/revista\\\/#organization\"},\"potentialAction\":[{\"@type\":\"SearchAction\",\"target\":{\"@type\":\"EntryPoint\",\"urlTemplate\":\"https:\\\/\\\/centrourbano.com\\\/revista\\\/?s={search_term_string}\"},\"query-input\":{\"@type\":\"PropertyValueSpecification\",\"valueRequired\":true,\"valueName\":\"search_term_string\"}}],\"inLanguage\":\"es\"},{\"@type\":\"Organization\",\"@id\":\"https:\\\/\\\/centrourbano.com\\\/revista\\\/#organization\",\"name\":\"Centro Urbano\",\"url\":\"https:\\\/\\\/centrourbano.com\\\/revista\\\/\",\"logo\":{\"@type\":\"ImageObject\",\"inLanguage\":\"es\",\"@id\":\"https:\\\/\\\/centrourbano.com\\\/revista\\\/#\\\/schema\\\/logo\\\/image\\\/\",\"url\":\"https:\\\/\\\/centrourbano.com\\\/revista\\\/wp-content\\\/uploads\\\/web_CU_logo-1.png\",\"contentUrl\":\"https:\\\/\\\/centrourbano.com\\\/revista\\\/wp-content\\\/uploads\\\/web_CU_logo-1.png\",\"width\":350,\"height\":91,\"caption\":\"Centro Urbano\"},\"image\":{\"@id\":\"https:\\\/\\\/centrourbano.com\\\/revista\\\/#\\\/schema\\\/logo\\\/image\\\/\"},\"sameAs\":[\"https:\\\/\\\/www.facebook.com\\\/portalcentrourbano\",\"https:\\\/\\\/x.com\\\/CentroUrbano\",\"https:\\\/\\\/www.instagram.com\\\/centro_urbano\\\/\",\"https:\\\/\\\/www.linkedin.com\\\/company\\\/centro-urbano\\\/\",\"http:\\\/\\\/www.youtube.com\\\/user\\\/portalcentrourbano\"]},{\"@type\":\"Person\",\"@id\":\"https:\\\/\\\/centrourbano.com\\\/revista\\\/#\\\/schema\\\/person\\\/1fb150d566fcd0facc2cddffbb96d1f1\",\"name\":\"Jackeline Valle\",\"image\":{\"@type\":\"ImageObject\",\"inLanguage\":\"es\",\"@id\":\"https:\\\/\\\/secure.gravatar.com\\\/avatar\\\/6dfa6899b228d3621bbf2fb01332e7e4b7afc7cd1374760becdb163b7f5436dd?s=96&d=mm&r=g\",\"url\":\"https:\\\/\\\/secure.gravatar.com\\\/avatar\\\/6dfa6899b228d3621bbf2fb01332e7e4b7afc7cd1374760becdb163b7f5436dd?s=96&d=mm&r=g\",\"contentUrl\":\"https:\\\/\\\/secure.gravatar.com\\\/avatar\\\/6dfa6899b228d3621bbf2fb01332e7e4b7afc7cd1374760becdb163b7f5436dd?s=96&d=mm&r=g\",\"caption\":\"Jackeline Valle\"},\"description\":\"Reportera en Centro Urbano. Egresada de la Licenciatura en Comunicaci\u00f3n y Cultura por la Universidad Aut\u00f3noma de la Ciudad de M\u00e9xico (UACM). Interesada en cine y la cultura. Apasionada de los deportes electr\u00f3nicos y el desarrollo de medios audiovisuales.\",\"url\":\"https:\\\/\\\/centrourbano.com\\\/revista\\\/author\\\/jackeline-valle\\\/\"}]}<\/script>\n<!-- \/ Yoast SEO plugin. -->","yoast_head_json":{"title":"Quer\u00e9taro reporta el mayor crecimiento industrial del baj\u00edo","description":"El estado de Quer\u00e9taro registr\u00f3 un crecimiento industrial impactante al reportar una demanda neta 3.4 veces superior que en 2021","robots":{"index":"index","follow":"follow","max-snippet":"max-snippet:-1","max-image-preview":"max-image-preview:large","max-video-preview":"max-video-preview:-1"},"canonical":"https:\/\/centrourbano.com\/revista\/inmobiliario\/queretaro-reporta-el-mayor-crecimiento-industrial-del-bajio\/","og_locale":"es_ES","og_type":"article","og_title":"Quer\u00e9taro reporta el mayor crecimiento industrial del baj\u00edo","og_description":"El estado de Quer\u00e9taro registr\u00f3 un crecimiento industrial impactante al reportar una demanda neta 3.4 veces superior que en 2021","og_url":"https:\/\/centrourbano.com\/revista\/inmobiliario\/queretaro-reporta-el-mayor-crecimiento-industrial-del-bajio\/","og_site_name":"Centro Urbano","article_publisher":"https:\/\/www.facebook.com\/portalcentrourbano","article_published_time":"2022-12-21T19:45:31+00:00","og_image":[{"width":600,"height":600,"url":"https:\/\/centrourbano.com\/revista\/wp-content\/uploads\/PI-28850_1616700473.png","type":"image\/png"}],"author":"Jackeline Valle","twitter_card":"summary_large_image","twitter_creator":"@CentroUrbano","twitter_site":"@CentroUrbano","twitter_misc":{"Escrito por":"Jackeline Valle","Tiempo de lectura":"2 minutos"},"schema":{"@context":"https:\/\/schema.org","@graph":[{"@type":"Article","@id":"https:\/\/centrourbano.com\/revista\/inmobiliario\/queretaro-reporta-el-mayor-crecimiento-industrial-del-bajio\/#article","isPartOf":{"@id":"https:\/\/centrourbano.com\/revista\/inmobiliario\/queretaro-reporta-el-mayor-crecimiento-industrial-del-bajio\/"},"author":{"name":"Jackeline Valle","@id":"https:\/\/centrourbano.com\/revista\/#\/schema\/person\/1fb150d566fcd0facc2cddffbb96d1f1"},"headline":"Quer\u00e9taro reporta el mayor crecimiento industrial del baj\u00edo","datePublished":"2022-12-21T19:45:31+00:00","mainEntityOfPage":{"@id":"https:\/\/centrourbano.com\/revista\/inmobiliario\/queretaro-reporta-el-mayor-crecimiento-industrial-del-bajio\/"},"wordCount":317,"commentCount":0,"publisher":{"@id":"https:\/\/centrourbano.com\/revista\/#organization"},"image":{"@id":"https:\/\/centrourbano.com\/revista\/inmobiliario\/queretaro-reporta-el-mayor-crecimiento-industrial-del-bajio\/#primaryimage"},"thumbnailUrl":"https:\/\/centrourbano.com\/revista\/wp-content\/uploads\/PI-28850_1616700473.png","keywords":["actividad log\u00edstica","datacenters","El Baj\u00edo","mercado inmobiliario industrial"],"articleSection":["Inmobiliario"],"inLanguage":"es","potentialAction":[{"@type":"CommentAction","name":"Comment","target":["https:\/\/centrourbano.com\/revista\/inmobiliario\/queretaro-reporta-el-mayor-crecimiento-industrial-del-bajio\/#respond"]}]},{"@type":"WebPage","@id":"https:\/\/centrourbano.com\/revista\/inmobiliario\/queretaro-reporta-el-mayor-crecimiento-industrial-del-bajio\/","url":"https:\/\/centrourbano.com\/revista\/inmobiliario\/queretaro-reporta-el-mayor-crecimiento-industrial-del-bajio\/","name":"Quer\u00e9taro reporta el mayor crecimiento industrial del baj\u00edo","isPartOf":{"@id":"https:\/\/centrourbano.com\/revista\/#website"},"primaryImageOfPage":{"@id":"https:\/\/centrourbano.com\/revista\/inmobiliario\/queretaro-reporta-el-mayor-crecimiento-industrial-del-bajio\/#primaryimage"},"image":{"@id":"https:\/\/centrourbano.com\/revista\/inmobiliario\/queretaro-reporta-el-mayor-crecimiento-industrial-del-bajio\/#primaryimage"},"thumbnailUrl":"https:\/\/centrourbano.com\/revista\/wp-content\/uploads\/PI-28850_1616700473.png","datePublished":"2022-12-21T19:45:31+00:00","description":"El estado de Quer\u00e9taro registr\u00f3 un crecimiento industrial impactante al reportar una demanda neta 3.4 veces superior que en 2021","breadcrumb":{"@id":"https:\/\/centrourbano.com\/revista\/inmobiliario\/queretaro-reporta-el-mayor-crecimiento-industrial-del-bajio\/#breadcrumb"},"inLanguage":"es","potentialAction":[{"@type":"ReadAction","target":["https:\/\/centrourbano.com\/revista\/inmobiliario\/queretaro-reporta-el-mayor-crecimiento-industrial-del-bajio\/"]}]},{"@type":"ImageObject","inLanguage":"es","@id":"https:\/\/centrourbano.com\/revista\/inmobiliario\/queretaro-reporta-el-mayor-crecimiento-industrial-del-bajio\/#primaryimage","url":"https:\/\/centrourbano.com\/revista\/wp-content\/uploads\/PI-28850_1616700473.png","contentUrl":"https:\/\/centrourbano.com\/revista\/wp-content\/uploads\/PI-28850_1616700473.png","width":600,"height":600,"caption":"El estado de Quer\u00e9taro registr\u00f3 un crecimiento industrial impactante al reportar una demanda neta 3.4 veces superior que en 2021"},{"@type":"BreadcrumbList","@id":"https:\/\/centrourbano.com\/revista\/inmobiliario\/queretaro-reporta-el-mayor-crecimiento-industrial-del-bajio\/#breadcrumb","itemListElement":[{"@type":"ListItem","position":1,"name":"Portada","item":"https:\/\/centrourbano.com\/revista\/"},{"@type":"ListItem","position":2,"name":"Quer\u00e9taro reporta el mayor crecimiento industrial del baj\u00edo"}]},{"@type":"WebSite","@id":"https:\/\/centrourbano.com\/revista\/#website","url":"https:\/\/centrourbano.com\/revista\/","name":"Centro Urbano","description":"Medio especializado en los sectores vivienda, inmobiliario, construcci\u00f3n, arquitectura y urbanismo.","publisher":{"@id":"https:\/\/centrourbano.com\/revista\/#organization"},"potentialAction":[{"@type":"SearchAction","target":{"@type":"EntryPoint","urlTemplate":"https:\/\/centrourbano.com\/revista\/?s={search_term_string}"},"query-input":{"@type":"PropertyValueSpecification","valueRequired":true,"valueName":"search_term_string"}}],"inLanguage":"es"},{"@type":"Organization","@id":"https:\/\/centrourbano.com\/revista\/#organization","name":"Centro Urbano","url":"https:\/\/centrourbano.com\/revista\/","logo":{"@type":"ImageObject","inLanguage":"es","@id":"https:\/\/centrourbano.com\/revista\/#\/schema\/logo\/image\/","url":"https:\/\/centrourbano.com\/revista\/wp-content\/uploads\/web_CU_logo-1.png","contentUrl":"https:\/\/centrourbano.com\/revista\/wp-content\/uploads\/web_CU_logo-1.png","width":350,"height":91,"caption":"Centro Urbano"},"image":{"@id":"https:\/\/centrourbano.com\/revista\/#\/schema\/logo\/image\/"},"sameAs":["https:\/\/www.facebook.com\/portalcentrourbano","https:\/\/x.com\/CentroUrbano","https:\/\/www.instagram.com\/centro_urbano\/","https:\/\/www.linkedin.com\/company\/centro-urbano\/","http:\/\/www.youtube.com\/user\/portalcentrourbano"]},{"@type":"Person","@id":"https:\/\/centrourbano.com\/revista\/#\/schema\/person\/1fb150d566fcd0facc2cddffbb96d1f1","name":"Jackeline Valle","image":{"@type":"ImageObject","inLanguage":"es","@id":"https:\/\/secure.gravatar.com\/avatar\/6dfa6899b228d3621bbf2fb01332e7e4b7afc7cd1374760becdb163b7f5436dd?s=96&d=mm&r=g","url":"https:\/\/secure.gravatar.com\/avatar\/6dfa6899b228d3621bbf2fb01332e7e4b7afc7cd1374760becdb163b7f5436dd?s=96&d=mm&r=g","contentUrl":"https:\/\/secure.gravatar.com\/avatar\/6dfa6899b228d3621bbf2fb01332e7e4b7afc7cd1374760becdb163b7f5436dd?s=96&d=mm&r=g","caption":"Jackeline Valle"},"description":"Reportera en Centro Urbano. Egresada de la Licenciatura en Comunicaci\u00f3n y Cultura por la Universidad Aut\u00f3noma de la Ciudad de M\u00e9xico (UACM). Interesada en cine y la cultura. Apasionada de los deportes electr\u00f3nicos y el desarrollo de medios audiovisuales.","url":"https:\/\/centrourbano.com\/revista\/author\/jackeline-valle\/"}]}},"_links":{"self":[{"href":"https:\/\/centrourbano.com\/revista\/wp-json\/wp\/v2\/posts\/136279","targetHints":{"allow":["GET"]}}],"collection":[{"href":"https:\/\/centrourbano.com\/revista\/wp-json\/wp\/v2\/posts"}],"about":[{"href":"https:\/\/centrourbano.com\/revista\/wp-json\/wp\/v2\/types\/post"}],"author":[{"embeddable":true,"href":"https:\/\/centrourbano.com\/revista\/wp-json\/wp\/v2\/users\/80"}],"replies":[{"embeddable":true,"href":"https:\/\/centrourbano.com\/revista\/wp-json\/wp\/v2\/comments?post=136279"}],"version-history":[{"count":1,"href":"https:\/\/centrourbano.com\/revista\/wp-json\/wp\/v2\/posts\/136279\/revisions"}],"predecessor-version":[{"id":136281,"href":"https:\/\/centrourbano.com\/revista\/wp-json\/wp\/v2\/posts\/136279\/revisions\/136281"}],"wp:featuredmedia":[{"embeddable":true,"href":"https:\/\/centrourbano.com\/revista\/wp-json\/wp\/v2\/media\/136280"}],"wp:attachment":[{"href":"https:\/\/centrourbano.com\/revista\/wp-json\/wp\/v2\/media?parent=136279"}],"wp:term":[{"taxonomy":"category","embeddable":true,"href":"https:\/\/centrourbano.com\/revista\/wp-json\/wp\/v2\/categories?post=136279"},{"taxonomy":"post_tag","embeddable":true,"href":"https:\/\/centrourbano.com\/revista\/wp-json\/wp\/v2\/tags?post=136279"}],"curies":[{"name":"wp","href":"https:\/\/api.w.org\/{rel}","templated":true}]}}