{"id":135647,"date":"2022-11-22T15:52:22","date_gmt":"2022-11-22T21:52:22","guid":{"rendered":"https:\/\/centrourbano.com\/?p=135647"},"modified":"2022-11-22T15:52:22","modified_gmt":"2022-11-22T21:52:22","slug":"colaboraran-gcdmx-y-tuxtla-gutierrez-en-convenio-marco","status":"publish","type":"post","link":"https:\/\/centrourbano.com\/revista\/actualidad\/colaboraran-gcdmx-y-tuxtla-gutierrez-en-convenio-marco\/","title":{"rendered":"Colaborar\u00e1n GCDMX y Tuxtla Guti\u00e9rrez en Convenio Marco"},"content":{"rendered":"<p><em><span style=\"font-weight: 400;\">Como parte del Convenio Marco, los gobiernos de las entidades intercambiar\u00e1n experiencias sobre seguridad, educaci\u00f3n, movilidad y tecnolog\u00eda<\/span><\/em><\/p>\n<p><!--more--><\/p>\n<p><span style=\"font-weight: 400;\">Claudia Sheinbaum Pardo, jefa de Gobierno de la Ciudad de M\u00e9xico y Carlos Morales V\u00e1zquez, presidente municipal de Tuxtla Guti\u00e9rrez, Chiapas, firmaron un Convenio Marco. Dentro de este trabajo colaborativo, los gobiernos van a intercambiar acciones que pusieron en marcha sus entidades.<\/span><\/p>\n<p><span style=\"font-weight: 400;\">La mandataria capitalina indic\u00f3 que la actual administraci\u00f3n de la <a href=\"https:\/\/cdmx.gob.mx\/\" target=\"_blank\" rel=\"noopener\">CDMX<\/a> puede aprender de las labores implementadas por el ayuntamiento del estado de Chiapas.<\/span><\/p>\n<blockquote><p><span style=\"font-weight: 400;\">\u201cVamos a aprender mucho tambi\u00e9n de Tuxtla Guti\u00e9rrez. El desarrollo de actividades que han hecho y sobre todo la comunicaci\u00f3n; tambi\u00e9n, el turismo que se puede generar desde la ciudad hacia Tuxtla y en general como capital de Chiapas\u201d, indic\u00f3.<\/span><\/p><\/blockquote>\n<p><span style=\"font-weight: 400;\">En cuanto al intercambio de ideas, Sheinbaum indic\u00f3 que durante su mandato la ciudad ha desarrollado la digitalizaci\u00f3n de tr\u00e1mites; lo cual podr\u00eda ser replicado en otras partes del pa\u00eds.<\/span><\/p>\n<blockquote><p><span style=\"font-weight: 400;\">\u201cNosotros desarrollamos distintas acciones de digitalizaci\u00f3n con una entidad que llamamos la Agencia Digital de Innovaci\u00f3n P\u00fablica. A partir de la cual hemos digitalizado el catastro; hemos digitalizado el servicio de agua potable, hemos digitalizado distintas actividades que ayudan mucho a los municipios para poder tener un esquema de digitalizaci\u00f3n y de atenci\u00f3n distinta\u201d, se\u00f1al\u00f3.<\/span><\/p><\/blockquote>\n<p><span style=\"font-weight: 400;\">Por su parte, el presidente municipal de <a href=\"https:\/\/www.tuxtla.gob.mx\/\" target=\"_blank\" rel=\"noopener\">Tuxtla Guti\u00e9rrez<\/a>, resalt\u00f3 que mediante el Convenio Marco, ser\u00e1 posible impulsar el turismo, entre otras cosas.\u00a0\u00a0<\/span><\/p>\n<blockquote><p><span style=\"font-weight: 400;\">\u201cNuestros proyectos de trabajo para el a\u00f1o venidero se ver\u00e1n fortalecidos desde la asesor\u00eda, el compartir buenas pr\u00e1cticas de gobierno donde ha sido exitoso el Gobierno de la Ciudad de M\u00e9xico. Y tenemos tambi\u00e9n, programas de gobierno a nivel municipal que, seguramente vincul\u00e1ndolos con el Gobierno de la Ciudad de M\u00e9xico, mediante este convenio marco, nos pudiera contribuir mucho, uno de ellos es el turismo hacia nuestra ciudad, hacia el estado de Chiapas\u201d, coment\u00f3.<\/span><\/p><\/blockquote>\n","protected":false},"excerpt":{"rendered":"<p>Como parte del Convenio Marco, los gobiernos de las entidades intercambiar\u00e1n experiencias sobre seguridad, educaci\u00f3n, movilidad y tecnolog\u00eda<\/p>\n","protected":false},"author":88,"featured_media":135650,"comment_status":"open","ping_status":"closed","sticky":false,"template":"","format":"standard","meta":{"om_disable_all_campaigns":false,"inline_featured_image":false,"_monsterinsights_skip_tracking":false,"_monsterinsights_sitenote_active":false,"_monsterinsights_sitenote_note":"","_monsterinsights_sitenote_category":0,"footnotes":""},"categories":[80],"tags":[22382,10314,8667],"class_list":["post-135647","post","type-post","status-publish","format-standard","has-post-thumbnail","hentry","category-actualidad","tag-ayuntamiento-de-tuxtla-gutierrez","tag-convenio-marco","tag-gcdmx"],"yoast_head":"<!-- This site is optimized with the Yoast SEO plugin v27.4 - https:\/\/yoast.com\/product\/yoast-seo-wordpress\/ -->\n<title>Colaborar\u00e1n GCDMX y Tuxtla Guti\u00e9rrez en Convenio Marco<\/title>\n<meta name=\"description\" content=\"Dentro del Convenio Marco, os gobiernos de la CDMX y de Tuxtla Guti\u00e9rrez impulsar\u00e1n el turismo, digitalizaci\u00f3n de servicios, entre otros.\" \/>\n<meta name=\"robots\" content=\"index, follow, max-snippet:-1, max-image-preview:large, max-video-preview:-1\" \/>\n<link rel=\"canonical\" href=\"https:\/\/centrourbano.com\/revista\/actualidad\/colaboraran-gcdmx-y-tuxtla-gutierrez-en-convenio-marco\/\" \/>\n<meta property=\"og:locale\" content=\"es_ES\" \/>\n<meta property=\"og:type\" content=\"article\" \/>\n<meta property=\"og:title\" content=\"Colaborar\u00e1n GCDMX y Tuxtla Guti\u00e9rrez en Convenio Marco\" \/>\n<meta property=\"og:description\" content=\"Dentro del Convenio Marco, os gobiernos de la CDMX y de Tuxtla Guti\u00e9rrez impulsar\u00e1n el turismo, digitalizaci\u00f3n de servicios, entre otros.\" \/>\n<meta property=\"og:url\" content=\"https:\/\/centrourbano.com\/revista\/actualidad\/colaboraran-gcdmx-y-tuxtla-gutierrez-en-convenio-marco\/\" \/>\n<meta property=\"og:site_name\" content=\"Centro Urbano\" \/>\n<meta property=\"article:publisher\" content=\"https:\/\/www.facebook.com\/portalcentrourbano\" \/>\n<meta property=\"article:published_time\" content=\"2022-11-22T21:52:22+00:00\" \/>\n<meta property=\"og:image\" content=\"https:\/\/centrourbano.com\/revista\/wp-content\/uploads\/Convenio-Marco.jpg\" \/>\n\t<meta property=\"og:image:width\" content=\"800\" \/>\n\t<meta property=\"og:image:height\" content=\"800\" \/>\n\t<meta property=\"og:image:type\" content=\"image\/jpeg\" \/>\n<meta name=\"author\" content=\"Rebeca Romero\" \/>\n<meta name=\"twitter:card\" content=\"summary_large_image\" \/>\n<meta name=\"twitter:creator\" content=\"@CentroUrbano\" \/>\n<meta name=\"twitter:site\" content=\"@CentroUrbano\" \/>\n<meta name=\"twitter:label1\" content=\"Escrito por\" \/>\n\t<meta name=\"twitter:data1\" content=\"Rebeca Romero\" \/>\n\t<meta name=\"twitter:label2\" content=\"Tiempo de lectura\" \/>\n\t<meta name=\"twitter:data2\" content=\"2 minutos\" \/>\n<script type=\"application\/ld+json\" class=\"yoast-schema-graph\">{\"@context\":\"https:\\\/\\\/schema.org\",\"@graph\":[{\"@type\":\"Article\",\"@id\":\"https:\\\/\\\/centrourbano.com\\\/revista\\\/actualidad\\\/colaboraran-gcdmx-y-tuxtla-gutierrez-en-convenio-marco\\\/#article\",\"isPartOf\":{\"@id\":\"https:\\\/\\\/centrourbano.com\\\/revista\\\/actualidad\\\/colaboraran-gcdmx-y-tuxtla-gutierrez-en-convenio-marco\\\/\"},\"author\":{\"name\":\"Rebeca Romero\",\"@id\":\"https:\\\/\\\/centrourbano.com\\\/revista\\\/#\\\/schema\\\/person\\\/c665f1c60da3ad48cd761a707b7090b0\"},\"headline\":\"Colaborar\u00e1n GCDMX y Tuxtla Guti\u00e9rrez en Convenio Marco\",\"datePublished\":\"2022-11-22T21:52:22+00:00\",\"mainEntityOfPage\":{\"@id\":\"https:\\\/\\\/centrourbano.com\\\/revista\\\/actualidad\\\/colaboraran-gcdmx-y-tuxtla-gutierrez-en-convenio-marco\\\/\"},\"wordCount\":346,\"commentCount\":0,\"publisher\":{\"@id\":\"https:\\\/\\\/centrourbano.com\\\/revista\\\/#organization\"},\"image\":{\"@id\":\"https:\\\/\\\/centrourbano.com\\\/revista\\\/actualidad\\\/colaboraran-gcdmx-y-tuxtla-gutierrez-en-convenio-marco\\\/#primaryimage\"},\"thumbnailUrl\":\"https:\\\/\\\/centrourbano.com\\\/revista\\\/wp-content\\\/uploads\\\/Convenio-Marco.jpg\",\"keywords\":[\"Ayuntamiento de Tuxtla Guti\u00e9rrez\",\"Convenio marco\",\"GCDMX\"],\"articleSection\":[\"Actualidad\"],\"inLanguage\":\"es\",\"potentialAction\":[{\"@type\":\"CommentAction\",\"name\":\"Comment\",\"target\":[\"https:\\\/\\\/centrourbano.com\\\/revista\\\/actualidad\\\/colaboraran-gcdmx-y-tuxtla-gutierrez-en-convenio-marco\\\/#respond\"]}]},{\"@type\":\"WebPage\",\"@id\":\"https:\\\/\\\/centrourbano.com\\\/revista\\\/actualidad\\\/colaboraran-gcdmx-y-tuxtla-gutierrez-en-convenio-marco\\\/\",\"url\":\"https:\\\/\\\/centrourbano.com\\\/revista\\\/actualidad\\\/colaboraran-gcdmx-y-tuxtla-gutierrez-en-convenio-marco\\\/\",\"name\":\"Colaborar\u00e1n GCDMX y Tuxtla Guti\u00e9rrez en Convenio Marco\",\"isPartOf\":{\"@id\":\"https:\\\/\\\/centrourbano.com\\\/revista\\\/#website\"},\"primaryImageOfPage\":{\"@id\":\"https:\\\/\\\/centrourbano.com\\\/revista\\\/actualidad\\\/colaboraran-gcdmx-y-tuxtla-gutierrez-en-convenio-marco\\\/#primaryimage\"},\"image\":{\"@id\":\"https:\\\/\\\/centrourbano.com\\\/revista\\\/actualidad\\\/colaboraran-gcdmx-y-tuxtla-gutierrez-en-convenio-marco\\\/#primaryimage\"},\"thumbnailUrl\":\"https:\\\/\\\/centrourbano.com\\\/revista\\\/wp-content\\\/uploads\\\/Convenio-Marco.jpg\",\"datePublished\":\"2022-11-22T21:52:22+00:00\",\"description\":\"Dentro del Convenio Marco, os gobiernos de la CDMX y de Tuxtla Guti\u00e9rrez impulsar\u00e1n el turismo, digitalizaci\u00f3n de servicios, entre otros.\",\"breadcrumb\":{\"@id\":\"https:\\\/\\\/centrourbano.com\\\/revista\\\/actualidad\\\/colaboraran-gcdmx-y-tuxtla-gutierrez-en-convenio-marco\\\/#breadcrumb\"},\"inLanguage\":\"es\",\"potentialAction\":[{\"@type\":\"ReadAction\",\"target\":[\"https:\\\/\\\/centrourbano.com\\\/revista\\\/actualidad\\\/colaboraran-gcdmx-y-tuxtla-gutierrez-en-convenio-marco\\\/\"]}]},{\"@type\":\"ImageObject\",\"inLanguage\":\"es\",\"@id\":\"https:\\\/\\\/centrourbano.com\\\/revista\\\/actualidad\\\/colaboraran-gcdmx-y-tuxtla-gutierrez-en-convenio-marco\\\/#primaryimage\",\"url\":\"https:\\\/\\\/centrourbano.com\\\/revista\\\/wp-content\\\/uploads\\\/Convenio-Marco.jpg\",\"contentUrl\":\"https:\\\/\\\/centrourbano.com\\\/revista\\\/wp-content\\\/uploads\\\/Convenio-Marco.jpg\",\"width\":800,\"height\":800,\"caption\":\"Colaborar\u00e1n GCDMX y Tuxtla Guti\u00e9rrez en Convenio Marco\"},{\"@type\":\"BreadcrumbList\",\"@id\":\"https:\\\/\\\/centrourbano.com\\\/revista\\\/actualidad\\\/colaboraran-gcdmx-y-tuxtla-gutierrez-en-convenio-marco\\\/#breadcrumb\",\"itemListElement\":[{\"@type\":\"ListItem\",\"position\":1,\"name\":\"Portada\",\"item\":\"https:\\\/\\\/centrourbano.com\\\/revista\\\/\"},{\"@type\":\"ListItem\",\"position\":2,\"name\":\"Colaborar\u00e1n GCDMX y Tuxtla Guti\u00e9rrez en Convenio Marco\"}]},{\"@type\":\"WebSite\",\"@id\":\"https:\\\/\\\/centrourbano.com\\\/revista\\\/#website\",\"url\":\"https:\\\/\\\/centrourbano.com\\\/revista\\\/\",\"name\":\"Centro Urbano\",\"description\":\"Medio especializado en los sectores vivienda, inmobiliario, construcci\u00f3n, arquitectura y urbanismo.\",\"publisher\":{\"@id\":\"https:\\\/\\\/centrourbano.com\\\/revista\\\/#organization\"},\"potentialAction\":[{\"@type\":\"SearchAction\",\"target\":{\"@type\":\"EntryPoint\",\"urlTemplate\":\"https:\\\/\\\/centrourbano.com\\\/revista\\\/?s={search_term_string}\"},\"query-input\":{\"@type\":\"PropertyValueSpecification\",\"valueRequired\":true,\"valueName\":\"search_term_string\"}}],\"inLanguage\":\"es\"},{\"@type\":\"Organization\",\"@id\":\"https:\\\/\\\/centrourbano.com\\\/revista\\\/#organization\",\"name\":\"Centro Urbano\",\"url\":\"https:\\\/\\\/centrourbano.com\\\/revista\\\/\",\"logo\":{\"@type\":\"ImageObject\",\"inLanguage\":\"es\",\"@id\":\"https:\\\/\\\/centrourbano.com\\\/revista\\\/#\\\/schema\\\/logo\\\/image\\\/\",\"url\":\"https:\\\/\\\/centrourbano.com\\\/revista\\\/wp-content\\\/uploads\\\/web_CU_logo-1.png\",\"contentUrl\":\"https:\\\/\\\/centrourbano.com\\\/revista\\\/wp-content\\\/uploads\\\/web_CU_logo-1.png\",\"width\":350,\"height\":91,\"caption\":\"Centro Urbano\"},\"image\":{\"@id\":\"https:\\\/\\\/centrourbano.com\\\/revista\\\/#\\\/schema\\\/logo\\\/image\\\/\"},\"sameAs\":[\"https:\\\/\\\/www.facebook.com\\\/portalcentrourbano\",\"https:\\\/\\\/x.com\\\/CentroUrbano\",\"https:\\\/\\\/www.instagram.com\\\/centro_urbano\\\/\",\"https:\\\/\\\/www.linkedin.com\\\/company\\\/centro-urbano\\\/\",\"http:\\\/\\\/www.youtube.com\\\/user\\\/portalcentrourbano\"]},{\"@type\":\"Person\",\"@id\":\"https:\\\/\\\/centrourbano.com\\\/revista\\\/#\\\/schema\\\/person\\\/c665f1c60da3ad48cd761a707b7090b0\",\"name\":\"Rebeca Romero\",\"image\":{\"@type\":\"ImageObject\",\"inLanguage\":\"es\",\"@id\":\"https:\\\/\\\/secure.gravatar.com\\\/avatar\\\/aee0068ae3cc041082e0e84a8258fe5ccc00a733f187bde73b0b40d86b892826?s=96&d=mm&r=g\",\"url\":\"https:\\\/\\\/secure.gravatar.com\\\/avatar\\\/aee0068ae3cc041082e0e84a8258fe5ccc00a733f187bde73b0b40d86b892826?s=96&d=mm&r=g\",\"contentUrl\":\"https:\\\/\\\/secure.gravatar.com\\\/avatar\\\/aee0068ae3cc041082e0e84a8258fe5ccc00a733f187bde73b0b40d86b892826?s=96&d=mm&r=g\",\"caption\":\"Rebeca Romero\"},\"url\":\"https:\\\/\\\/centrourbano.com\\\/revista\\\/author\\\/rebeca-romero\\\/\"}]}<\/script>\n<!-- \/ Yoast SEO plugin. -->","yoast_head_json":{"title":"Colaborar\u00e1n GCDMX y Tuxtla Guti\u00e9rrez en Convenio Marco","description":"Dentro del Convenio Marco, os gobiernos de la CDMX y de Tuxtla Guti\u00e9rrez impulsar\u00e1n el turismo, digitalizaci\u00f3n de servicios, entre otros.","robots":{"index":"index","follow":"follow","max-snippet":"max-snippet:-1","max-image-preview":"max-image-preview:large","max-video-preview":"max-video-preview:-1"},"canonical":"https:\/\/centrourbano.com\/revista\/actualidad\/colaboraran-gcdmx-y-tuxtla-gutierrez-en-convenio-marco\/","og_locale":"es_ES","og_type":"article","og_title":"Colaborar\u00e1n GCDMX y Tuxtla Guti\u00e9rrez en Convenio Marco","og_description":"Dentro del Convenio Marco, os gobiernos de la CDMX y de Tuxtla Guti\u00e9rrez impulsar\u00e1n el turismo, digitalizaci\u00f3n de servicios, entre otros.","og_url":"https:\/\/centrourbano.com\/revista\/actualidad\/colaboraran-gcdmx-y-tuxtla-gutierrez-en-convenio-marco\/","og_site_name":"Centro Urbano","article_publisher":"https:\/\/www.facebook.com\/portalcentrourbano","article_published_time":"2022-11-22T21:52:22+00:00","og_image":[{"width":800,"height":800,"url":"https:\/\/centrourbano.com\/revista\/wp-content\/uploads\/Convenio-Marco.jpg","type":"image\/jpeg"}],"author":"Rebeca Romero","twitter_card":"summary_large_image","twitter_creator":"@CentroUrbano","twitter_site":"@CentroUrbano","twitter_misc":{"Escrito por":"Rebeca Romero","Tiempo de lectura":"2 minutos"},"schema":{"@context":"https:\/\/schema.org","@graph":[{"@type":"Article","@id":"https:\/\/centrourbano.com\/revista\/actualidad\/colaboraran-gcdmx-y-tuxtla-gutierrez-en-convenio-marco\/#article","isPartOf":{"@id":"https:\/\/centrourbano.com\/revista\/actualidad\/colaboraran-gcdmx-y-tuxtla-gutierrez-en-convenio-marco\/"},"author":{"name":"Rebeca Romero","@id":"https:\/\/centrourbano.com\/revista\/#\/schema\/person\/c665f1c60da3ad48cd761a707b7090b0"},"headline":"Colaborar\u00e1n GCDMX y Tuxtla Guti\u00e9rrez en Convenio Marco","datePublished":"2022-11-22T21:52:22+00:00","mainEntityOfPage":{"@id":"https:\/\/centrourbano.com\/revista\/actualidad\/colaboraran-gcdmx-y-tuxtla-gutierrez-en-convenio-marco\/"},"wordCount":346,"commentCount":0,"publisher":{"@id":"https:\/\/centrourbano.com\/revista\/#organization"},"image":{"@id":"https:\/\/centrourbano.com\/revista\/actualidad\/colaboraran-gcdmx-y-tuxtla-gutierrez-en-convenio-marco\/#primaryimage"},"thumbnailUrl":"https:\/\/centrourbano.com\/revista\/wp-content\/uploads\/Convenio-Marco.jpg","keywords":["Ayuntamiento de Tuxtla Guti\u00e9rrez","Convenio marco","GCDMX"],"articleSection":["Actualidad"],"inLanguage":"es","potentialAction":[{"@type":"CommentAction","name":"Comment","target":["https:\/\/centrourbano.com\/revista\/actualidad\/colaboraran-gcdmx-y-tuxtla-gutierrez-en-convenio-marco\/#respond"]}]},{"@type":"WebPage","@id":"https:\/\/centrourbano.com\/revista\/actualidad\/colaboraran-gcdmx-y-tuxtla-gutierrez-en-convenio-marco\/","url":"https:\/\/centrourbano.com\/revista\/actualidad\/colaboraran-gcdmx-y-tuxtla-gutierrez-en-convenio-marco\/","name":"Colaborar\u00e1n GCDMX y Tuxtla Guti\u00e9rrez en Convenio Marco","isPartOf":{"@id":"https:\/\/centrourbano.com\/revista\/#website"},"primaryImageOfPage":{"@id":"https:\/\/centrourbano.com\/revista\/actualidad\/colaboraran-gcdmx-y-tuxtla-gutierrez-en-convenio-marco\/#primaryimage"},"image":{"@id":"https:\/\/centrourbano.com\/revista\/actualidad\/colaboraran-gcdmx-y-tuxtla-gutierrez-en-convenio-marco\/#primaryimage"},"thumbnailUrl":"https:\/\/centrourbano.com\/revista\/wp-content\/uploads\/Convenio-Marco.jpg","datePublished":"2022-11-22T21:52:22+00:00","description":"Dentro del Convenio Marco, os gobiernos de la CDMX y de Tuxtla Guti\u00e9rrez impulsar\u00e1n el turismo, digitalizaci\u00f3n de servicios, entre otros.","breadcrumb":{"@id":"https:\/\/centrourbano.com\/revista\/actualidad\/colaboraran-gcdmx-y-tuxtla-gutierrez-en-convenio-marco\/#breadcrumb"},"inLanguage":"es","potentialAction":[{"@type":"ReadAction","target":["https:\/\/centrourbano.com\/revista\/actualidad\/colaboraran-gcdmx-y-tuxtla-gutierrez-en-convenio-marco\/"]}]},{"@type":"ImageObject","inLanguage":"es","@id":"https:\/\/centrourbano.com\/revista\/actualidad\/colaboraran-gcdmx-y-tuxtla-gutierrez-en-convenio-marco\/#primaryimage","url":"https:\/\/centrourbano.com\/revista\/wp-content\/uploads\/Convenio-Marco.jpg","contentUrl":"https:\/\/centrourbano.com\/revista\/wp-content\/uploads\/Convenio-Marco.jpg","width":800,"height":800,"caption":"Colaborar\u00e1n GCDMX y Tuxtla Guti\u00e9rrez en Convenio Marco"},{"@type":"BreadcrumbList","@id":"https:\/\/centrourbano.com\/revista\/actualidad\/colaboraran-gcdmx-y-tuxtla-gutierrez-en-convenio-marco\/#breadcrumb","itemListElement":[{"@type":"ListItem","position":1,"name":"Portada","item":"https:\/\/centrourbano.com\/revista\/"},{"@type":"ListItem","position":2,"name":"Colaborar\u00e1n GCDMX y Tuxtla Guti\u00e9rrez en Convenio Marco"}]},{"@type":"WebSite","@id":"https:\/\/centrourbano.com\/revista\/#website","url":"https:\/\/centrourbano.com\/revista\/","name":"Centro Urbano","description":"Medio especializado en los sectores vivienda, inmobiliario, construcci\u00f3n, arquitectura y urbanismo.","publisher":{"@id":"https:\/\/centrourbano.com\/revista\/#organization"},"potentialAction":[{"@type":"SearchAction","target":{"@type":"EntryPoint","urlTemplate":"https:\/\/centrourbano.com\/revista\/?s={search_term_string}"},"query-input":{"@type":"PropertyValueSpecification","valueRequired":true,"valueName":"search_term_string"}}],"inLanguage":"es"},{"@type":"Organization","@id":"https:\/\/centrourbano.com\/revista\/#organization","name":"Centro Urbano","url":"https:\/\/centrourbano.com\/revista\/","logo":{"@type":"ImageObject","inLanguage":"es","@id":"https:\/\/centrourbano.com\/revista\/#\/schema\/logo\/image\/","url":"https:\/\/centrourbano.com\/revista\/wp-content\/uploads\/web_CU_logo-1.png","contentUrl":"https:\/\/centrourbano.com\/revista\/wp-content\/uploads\/web_CU_logo-1.png","width":350,"height":91,"caption":"Centro Urbano"},"image":{"@id":"https:\/\/centrourbano.com\/revista\/#\/schema\/logo\/image\/"},"sameAs":["https:\/\/www.facebook.com\/portalcentrourbano","https:\/\/x.com\/CentroUrbano","https:\/\/www.instagram.com\/centro_urbano\/","https:\/\/www.linkedin.com\/company\/centro-urbano\/","http:\/\/www.youtube.com\/user\/portalcentrourbano"]},{"@type":"Person","@id":"https:\/\/centrourbano.com\/revista\/#\/schema\/person\/c665f1c60da3ad48cd761a707b7090b0","name":"Rebeca Romero","image":{"@type":"ImageObject","inLanguage":"es","@id":"https:\/\/secure.gravatar.com\/avatar\/aee0068ae3cc041082e0e84a8258fe5ccc00a733f187bde73b0b40d86b892826?s=96&d=mm&r=g","url":"https:\/\/secure.gravatar.com\/avatar\/aee0068ae3cc041082e0e84a8258fe5ccc00a733f187bde73b0b40d86b892826?s=96&d=mm&r=g","contentUrl":"https:\/\/secure.gravatar.com\/avatar\/aee0068ae3cc041082e0e84a8258fe5ccc00a733f187bde73b0b40d86b892826?s=96&d=mm&r=g","caption":"Rebeca Romero"},"url":"https:\/\/centrourbano.com\/revista\/author\/rebeca-romero\/"}]}},"_links":{"self":[{"href":"https:\/\/centrourbano.com\/revista\/wp-json\/wp\/v2\/posts\/135647","targetHints":{"allow":["GET"]}}],"collection":[{"href":"https:\/\/centrourbano.com\/revista\/wp-json\/wp\/v2\/posts"}],"about":[{"href":"https:\/\/centrourbano.com\/revista\/wp-json\/wp\/v2\/types\/post"}],"author":[{"embeddable":true,"href":"https:\/\/centrourbano.com\/revista\/wp-json\/wp\/v2\/users\/88"}],"replies":[{"embeddable":true,"href":"https:\/\/centrourbano.com\/revista\/wp-json\/wp\/v2\/comments?post=135647"}],"version-history":[{"count":2,"href":"https:\/\/centrourbano.com\/revista\/wp-json\/wp\/v2\/posts\/135647\/revisions"}],"predecessor-version":[{"id":135652,"href":"https:\/\/centrourbano.com\/revista\/wp-json\/wp\/v2\/posts\/135647\/revisions\/135652"}],"wp:featuredmedia":[{"embeddable":true,"href":"https:\/\/centrourbano.com\/revista\/wp-json\/wp\/v2\/media\/135650"}],"wp:attachment":[{"href":"https:\/\/centrourbano.com\/revista\/wp-json\/wp\/v2\/media?parent=135647"}],"wp:term":[{"taxonomy":"category","embeddable":true,"href":"https:\/\/centrourbano.com\/revista\/wp-json\/wp\/v2\/categories?post=135647"},{"taxonomy":"post_tag","embeddable":true,"href":"https:\/\/centrourbano.com\/revista\/wp-json\/wp\/v2\/tags?post=135647"}],"curies":[{"name":"wp","href":"https:\/\/api.w.org\/{rel}","templated":true}]}}