{"id":135131,"date":"2022-11-01T15:45:23","date_gmt":"2022-11-01T21:45:23","guid":{"rendered":"https:\/\/centrourbano.com\/?p=135131"},"modified":"2022-11-01T15:49:41","modified_gmt":"2022-11-01T21:49:41","slug":"saber-elegir-los-muebles-adecuados-a-la-hora-de-hacer-reformas","status":"publish","type":"post","link":"https:\/\/centrourbano.com\/revista\/actualidad\/tendencias\/saber-elegir-los-muebles-adecuados-a-la-hora-de-hacer-reformas\/","title":{"rendered":"Saber elegir los muebles adecuados a la hora de hacer reformas"},"content":{"rendered":"<p><span style=\"font-weight: 400;\">Mejorar el espacio en el que vives requiere de una planificaci\u00f3n detallada. Cada aspecto debe ser considerado con cuidado para conseguir la comodidad y la est\u00e9tica que deseas.<\/span><\/p>\n<p><span style=\"font-weight: 400;\">Y uno de los principales elementos que debes atender es la <\/span><b>elecci\u00f3n de los muebles<\/b><span style=\"font-weight: 400;\">. No solo tienen un impacto directo en el estilo que quieres. Tambi\u00e9n son esenciales para aprovechar el espacio disponible y hacerlo m\u00e1s funcional.<\/span><\/p>\n<p><span style=\"font-weight: 400;\">Para acertar en la elecci\u00f3n de tus nuevos muebles solo tienes que seguir algunos consejos que compartiremos contigo en este post. Ya ver\u00e1s que as\u00ed encontrar\u00e1s justo lo que est\u00e1s necesitando.<\/span><\/p>\n<h2><b>La importancia del mobiliario en una reforma<\/b><\/h2>\n<p><span style=\"font-weight: 400;\">Para sacar el m\u00e1ximo provecho al espacio que tienes disponible en tu hogar o negocio debes saber elegir el mobiliario. Con unos muebles adecuados podr\u00e1s lograr un mayor nivel de funcionalidad, el cual incidir\u00e1 directamente en tu calidad de vida.<\/span><\/p>\n<p><span style=\"font-weight: 400;\">Adem\u00e1s de elevar la habitabilidad de la vivienda, tambi\u00e9n ser\u00e1n un elemento b\u00e1sico para conseguir la est\u00e9tica que est\u00e1s buscando. En otras palabras, la elecci\u00f3n de tus muebles incidir\u00e1 en la comodidad y en la apariencia de tu hogar.<\/span><\/p>\n<p><span style=\"font-weight: 400;\">Es por eso que debes elegir una<\/span><b> tienda con una gran variedad de estilos y modelos<\/b><span style=\"font-weight: 400;\"> con dise\u00f1os modernos, fabricados con materiales de alta calidad y que sean econ\u00f3micos. En la <\/span><a href=\"https:\/\/miroytengo.es\/\" target=\"_blank\" rel=\"noopener\"><span style=\"font-weight: 400;\">Tienda de Muebles Baratos Online &#8211; Miroytengo.es<\/span><\/a><span style=\"font-weight: 400;\"> podr\u00e1s acceder a un cat\u00e1logo diverso y muy completo. Aqu\u00ed encontrar\u00e1s justo lo que necesitas.<\/span><\/p>\n<p><span style=\"font-weight: 400;\">Es esencial que te decidas por unos muebles en un estilo que se pueda adaptar con facilidad a distintas paletas de colores. De este modo, podr\u00e1s modificar cada cierto tiempo la decoraci\u00f3n sin tener que cambiar tus muebles. Por esta raz\u00f3n, es muy importante que adquieras modelos resistentes, duraderos y con una fabricaci\u00f3n de comprobada calidad.<\/span><\/p>\n<h2><b>\u00bfEn d\u00f3nde encontrar los muebles que necesitas?<\/b><\/h2>\n<p><span style=\"font-weight: 400;\">Para que la reforma que piensas hacer tenga \u00e9xito, lo primero que tienes que hacer es <\/span><b>saber en d\u00f3nde adquirir los muebles<\/b><span style=\"font-weight: 400;\"> para cada espacio de tu hogar. Lo m\u00e1s recomendable es encontrar una tienda especializada en la fabricaci\u00f3n y distribuci\u00f3n de todo tipo de mobiliario.<\/span><\/p>\n<p><span style=\"font-weight: 400;\">Es preferible <\/span><b>comprarlos en un solo lugar<\/b><span style=\"font-weight: 400;\"> para que queden arm\u00f3nicos entre s\u00ed y para evitarte p\u00e9rdidas de tiempo y mayores molestias. Es por eso mucho m\u00e1s pr\u00e1ctico preferir una tienda que ofrezca todo lo que necesitas para equipar cada \u00e1rea de tu hogar.<\/span><\/p>\n<p><span style=\"font-weight: 400;\">En una tienda online como <\/span><b>Miroytengo<\/b><span style=\"font-weight: 400;\"> encontrar\u00e1s mobiliario para la cocina, el sal\u00f3n, el comedor e incluso, el ba\u00f1o. Puedes comprobarlo entrando en\u00a0 <\/span><a href=\"https:\/\/miroytengo.es\/226-muebles-de-bano-modernos-lavabo\" target=\"_blank\" rel=\"noopener\"><span style=\"font-weight: 400;\">https:\/\/miroytengo.es\/226-muebles-de-bano-modernos-lavabo<\/span><\/a><span style=\"font-weight: 400;\"> .<\/span><\/p>\n<p><span style=\"font-weight: 400;\">Comprar tus muebles en una tienda online de reconocida trayectoria y que se distinga por ofrecer dise\u00f1os funcionales y en tendencia es una decisi\u00f3n que te traer\u00e1 grandes ventajas. Adem\u00e1s, te ahorrar\u00e1 p\u00e9rdidas de tiempo y de dinero.<\/span><\/p>\n<h2><b>Aspectos que debes considerar antes de comprar tus muebles nuevos<\/b><\/h2>\n<p><span style=\"font-weight: 400;\">El mobiliario que nos rodea se convierte en parte esencial de nuestras actividades diarias, al punto que puede facilitarlas o entorpecerlas. De manera que no debes tomar a la ligera el proceso de selecci\u00f3n.<\/span><\/p>\n<p><span style=\"font-weight: 400;\">Recuerda que un mueble inadecuado tiene la capacidad de estropear la armon\u00eda de la decoraci\u00f3n. As\u00ed que cuando compres tus muebles ten en cuenta los siguientes factores:<\/span><\/p>\n<ul>\n<li style=\"font-weight: 400;\" aria-level=\"1\"><b>Funcionalidad:<\/b><span style=\"font-weight: 400;\"> Piensa en la funci\u00f3n espec\u00edfica que van a cumplir en cada espacio.<\/span><\/li>\n<li style=\"font-weight: 400;\" aria-level=\"1\"><b>Dimensiones<\/b><span style=\"font-weight: 400;\">: Ten en cuenta las dimensiones de cada \u00e1rea calcula el tama\u00f1o y la forma que ser\u00e1 m\u00e1s propicia para hacer un mejor uso del lugar.<\/span><\/li>\n<li style=\"font-weight: 400;\" aria-level=\"1\"><b>Estilo<\/b><span style=\"font-weight: 400;\">: Establece con anterioridad el estilo de decoraci\u00f3n que quieres incorporar. As\u00ed tendr\u00e1s una idea mucho m\u00e1s clara del tipo de dise\u00f1o y colores m\u00e1s adecuados para la clase de interiorismo que has elegido.<\/span><\/li>\n<li style=\"font-weight: 400;\" aria-level=\"1\"><b>Materiales<\/b><span style=\"font-weight: 400;\">: Un aspecto que no puedes pasar por alto son los materiales de fabricaci\u00f3n. No solo deben ser de buena calidad, sino tambi\u00e9n de f\u00e1cil cuidado.<\/span><\/li>\n<li style=\"font-weight: 400;\" aria-level=\"1\"><b>El precio<\/b><span style=\"font-weight: 400;\">: En el mercado existen buenas opciones a precios bastante econ\u00f3micos, solo tienes que saber en d\u00f3nde comprar. Un precio elevado no siempre es sin\u00f3nimo de calidad. Puedes encontrar packs baratos que te ayudar\u00e1n a ahorrar y a tener una decoraci\u00f3n arm\u00f3nica.<\/span><\/li>\n<li style=\"font-weight: 400;\" aria-level=\"1\"><b>La versatilidad<\/b><span style=\"font-weight: 400;\">: Al tener en casa un mobiliario capaz de adaptarse a distintos estilos podr\u00e1s modificar el resto de elementos sin necesidad de cambiarlos. As\u00ed que dale prioridad a los dise\u00f1os de l\u00edneas simples y minimalistas, con colores neutros y madera en tonos suaves.<\/span><\/li>\n<\/ul>\n<h2><b>Consejos para elegir los muebles m\u00e1s id\u00f3neos<\/b><\/h2>\n<ul>\n<li style=\"font-weight: 400;\" aria-level=\"1\"><span style=\"font-weight: 400;\">Realiza un <\/span><b>plano con medidas<\/b><span style=\"font-weight: 400;\"> a escala de cada \u00e1rea para determinar qu\u00e9 formas y dimensiones son las m\u00e1s convenientes.<\/span><\/li>\n<li style=\"font-weight: 400;\" aria-level=\"1\"><span style=\"font-weight: 400;\">Si tienes ni\u00f1os, busca muebles <\/span><b>que sean<\/b> <b>resistentes y sean seguros<\/b><span style=\"font-weight: 400;\">.<\/span><\/li>\n<li style=\"font-weight: 400;\" aria-level=\"1\"><span style=\"font-weight: 400;\">Compra <\/span><b>packs de muebles<\/b><span style=\"font-weight: 400;\"> para que todos los dise\u00f1os est\u00e9n en la misma l\u00ednea de tonos y formas.<\/span><\/li>\n<li style=\"font-weight: 400;\" aria-level=\"1\"><span style=\"font-weight: 400;\">Observa p\u00e1ginas web o revistas de dise\u00f1o de interiores, as\u00ed tendr\u00e1n m\u00e1s y mejores ideas.<\/span><\/li>\n<li style=\"font-weight: 400;\" aria-level=\"1\"><span style=\"font-weight: 400;\">Comprueba que los muebles sean <\/span><b>confortables y f\u00e1ciles de manipular<\/b><span style=\"font-weight: 400;\">.<\/span><\/li>\n<li style=\"font-weight: 400;\" aria-level=\"1\"><span style=\"font-weight: 400;\">Pide la <\/span><b>opini\u00f3n de alg\u00fan experto<\/b><span style=\"font-weight: 400;\"> en interiorismo.<\/span><\/li>\n<li style=\"font-weight: 400;\" aria-level=\"1\"><span style=\"font-weight: 400;\">Compra solo los muebles necesarios en funci\u00f3n del espacio y del uso que les dar\u00e1s.<\/span><\/li>\n<\/ul>\n","protected":false},"excerpt":{"rendered":"<p>Mejorar el espacio en el que vives requiere de una planificaci\u00f3n detallada. Cada aspecto debe ser considerado con cuidado para conseguir la comodidad y la est\u00e9tica que deseas. Y uno de los principales elementos que debes atender es la elecci\u00f3n de los muebles. No solo tienen un impacto directo en el estilo que quieres. Tambi\u00e9n [&hellip;]<\/p>\n","protected":false},"author":14,"featured_media":135132,"comment_status":"open","ping_status":"closed","sticky":false,"template":"","format":"standard","meta":{"om_disable_all_campaigns":false,"inline_featured_image":false,"_monsterinsights_skip_tracking":false,"_monsterinsights_sitenote_active":false,"_monsterinsights_sitenote_note":"","_monsterinsights_sitenote_category":0,"footnotes":""},"categories":[6],"tags":[],"class_list":["post-135131","post","type-post","status-publish","format-standard","has-post-thumbnail","hentry","category-tendencias"],"yoast_head":"<!-- This site is optimized with the Yoast SEO plugin v27.4 - https:\/\/yoast.com\/product\/yoast-seo-wordpress\/ -->\n<title>Saber elegir los muebles adecuados a la hora de hacer reformas<\/title>\n<meta name=\"description\" content=\"Mejorar el espacio en el que vives requiere de una planificaci\u00f3n detallada. Cada aspecto debe ser considerado con cuidado.\" \/>\n<meta name=\"robots\" content=\"index, follow, max-snippet:-1, max-image-preview:large, max-video-preview:-1\" \/>\n<link rel=\"canonical\" href=\"https:\/\/centrourbano.com\/revista\/actualidad\/tendencias\/saber-elegir-los-muebles-adecuados-a-la-hora-de-hacer-reformas\/\" \/>\n<meta property=\"og:locale\" content=\"es_ES\" \/>\n<meta property=\"og:type\" content=\"article\" \/>\n<meta property=\"og:title\" content=\"Saber elegir los muebles adecuados a la hora de hacer reformas\" \/>\n<meta property=\"og:description\" content=\"Mejorar el espacio en el que vives requiere de una planificaci\u00f3n detallada. Cada aspecto debe ser considerado con cuidado.\" \/>\n<meta property=\"og:url\" content=\"https:\/\/centrourbano.com\/revista\/actualidad\/tendencias\/saber-elegir-los-muebles-adecuados-a-la-hora-de-hacer-reformas\/\" \/>\n<meta property=\"og:site_name\" content=\"Centro Urbano\" \/>\n<meta property=\"article:publisher\" content=\"https:\/\/www.facebook.com\/portalcentrourbano\" \/>\n<meta property=\"article:published_time\" content=\"2022-11-01T21:45:23+00:00\" \/>\n<meta property=\"article:modified_time\" content=\"2022-11-01T21:49:41+00:00\" \/>\n<meta property=\"og:image\" content=\"https:\/\/centrourbano.com\/revista\/wp-content\/uploads\/nota-1.jpg\" \/>\n\t<meta property=\"og:image:width\" content=\"1600\" \/>\n\t<meta property=\"og:image:height\" content=\"1232\" \/>\n\t<meta property=\"og:image:type\" content=\"image\/jpeg\" \/>\n<meta name=\"author\" content=\"Redacci\u00f3n Centro Urbano\" \/>\n<meta name=\"twitter:card\" content=\"summary_large_image\" \/>\n<meta name=\"twitter:creator\" content=\"@CentroUrbano\" \/>\n<meta name=\"twitter:site\" content=\"@CentroUrbano\" \/>\n<meta name=\"twitter:label1\" content=\"Escrito por\" \/>\n\t<meta name=\"twitter:data1\" content=\"Redacci\u00f3n Centro Urbano\" \/>\n\t<meta name=\"twitter:label2\" content=\"Tiempo de lectura\" \/>\n\t<meta name=\"twitter:data2\" content=\"4 minutos\" \/>\n<script type=\"application\/ld+json\" class=\"yoast-schema-graph\">{\"@context\":\"https:\\\/\\\/schema.org\",\"@graph\":[{\"@type\":\"Article\",\"@id\":\"https:\\\/\\\/centrourbano.com\\\/revista\\\/actualidad\\\/tendencias\\\/saber-elegir-los-muebles-adecuados-a-la-hora-de-hacer-reformas\\\/#article\",\"isPartOf\":{\"@id\":\"https:\\\/\\\/centrourbano.com\\\/revista\\\/actualidad\\\/tendencias\\\/saber-elegir-los-muebles-adecuados-a-la-hora-de-hacer-reformas\\\/\"},\"author\":{\"name\":\"Redacci\u00f3n Centro Urbano\",\"@id\":\"https:\\\/\\\/centrourbano.com\\\/revista\\\/#\\\/schema\\\/person\\\/680e7c50f9d6e917e416c9efdc26f996\"},\"headline\":\"Saber elegir los muebles adecuados a la hora de hacer reformas\",\"datePublished\":\"2022-11-01T21:45:23+00:00\",\"dateModified\":\"2022-11-01T21:49:41+00:00\",\"mainEntityOfPage\":{\"@id\":\"https:\\\/\\\/centrourbano.com\\\/revista\\\/actualidad\\\/tendencias\\\/saber-elegir-los-muebles-adecuados-a-la-hora-de-hacer-reformas\\\/\"},\"wordCount\":910,\"commentCount\":0,\"publisher\":{\"@id\":\"https:\\\/\\\/centrourbano.com\\\/revista\\\/#organization\"},\"image\":{\"@id\":\"https:\\\/\\\/centrourbano.com\\\/revista\\\/actualidad\\\/tendencias\\\/saber-elegir-los-muebles-adecuados-a-la-hora-de-hacer-reformas\\\/#primaryimage\"},\"thumbnailUrl\":\"https:\\\/\\\/centrourbano.com\\\/revista\\\/wp-content\\\/uploads\\\/nota-1.jpg\",\"articleSection\":[\"Tendencias\"],\"inLanguage\":\"es\",\"potentialAction\":[{\"@type\":\"CommentAction\",\"name\":\"Comment\",\"target\":[\"https:\\\/\\\/centrourbano.com\\\/revista\\\/actualidad\\\/tendencias\\\/saber-elegir-los-muebles-adecuados-a-la-hora-de-hacer-reformas\\\/#respond\"]}]},{\"@type\":\"WebPage\",\"@id\":\"https:\\\/\\\/centrourbano.com\\\/revista\\\/actualidad\\\/tendencias\\\/saber-elegir-los-muebles-adecuados-a-la-hora-de-hacer-reformas\\\/\",\"url\":\"https:\\\/\\\/centrourbano.com\\\/revista\\\/actualidad\\\/tendencias\\\/saber-elegir-los-muebles-adecuados-a-la-hora-de-hacer-reformas\\\/\",\"name\":\"Saber elegir los muebles adecuados a la hora de hacer reformas\",\"isPartOf\":{\"@id\":\"https:\\\/\\\/centrourbano.com\\\/revista\\\/#website\"},\"primaryImageOfPage\":{\"@id\":\"https:\\\/\\\/centrourbano.com\\\/revista\\\/actualidad\\\/tendencias\\\/saber-elegir-los-muebles-adecuados-a-la-hora-de-hacer-reformas\\\/#primaryimage\"},\"image\":{\"@id\":\"https:\\\/\\\/centrourbano.com\\\/revista\\\/actualidad\\\/tendencias\\\/saber-elegir-los-muebles-adecuados-a-la-hora-de-hacer-reformas\\\/#primaryimage\"},\"thumbnailUrl\":\"https:\\\/\\\/centrourbano.com\\\/revista\\\/wp-content\\\/uploads\\\/nota-1.jpg\",\"datePublished\":\"2022-11-01T21:45:23+00:00\",\"dateModified\":\"2022-11-01T21:49:41+00:00\",\"description\":\"Mejorar el espacio en el que vives requiere de una planificaci\u00f3n detallada. Cada aspecto debe ser considerado con cuidado.\",\"breadcrumb\":{\"@id\":\"https:\\\/\\\/centrourbano.com\\\/revista\\\/actualidad\\\/tendencias\\\/saber-elegir-los-muebles-adecuados-a-la-hora-de-hacer-reformas\\\/#breadcrumb\"},\"inLanguage\":\"es\",\"potentialAction\":[{\"@type\":\"ReadAction\",\"target\":[\"https:\\\/\\\/centrourbano.com\\\/revista\\\/actualidad\\\/tendencias\\\/saber-elegir-los-muebles-adecuados-a-la-hora-de-hacer-reformas\\\/\"]}]},{\"@type\":\"ImageObject\",\"inLanguage\":\"es\",\"@id\":\"https:\\\/\\\/centrourbano.com\\\/revista\\\/actualidad\\\/tendencias\\\/saber-elegir-los-muebles-adecuados-a-la-hora-de-hacer-reformas\\\/#primaryimage\",\"url\":\"https:\\\/\\\/centrourbano.com\\\/revista\\\/wp-content\\\/uploads\\\/nota-1.jpg\",\"contentUrl\":\"https:\\\/\\\/centrourbano.com\\\/revista\\\/wp-content\\\/uploads\\\/nota-1.jpg\",\"width\":1600,\"height\":1232,\"caption\":\"Saber elegir los muebles adecuados a la hora de hacer reformas\"},{\"@type\":\"BreadcrumbList\",\"@id\":\"https:\\\/\\\/centrourbano.com\\\/revista\\\/actualidad\\\/tendencias\\\/saber-elegir-los-muebles-adecuados-a-la-hora-de-hacer-reformas\\\/#breadcrumb\",\"itemListElement\":[{\"@type\":\"ListItem\",\"position\":1,\"name\":\"Portada\",\"item\":\"https:\\\/\\\/centrourbano.com\\\/revista\\\/\"},{\"@type\":\"ListItem\",\"position\":2,\"name\":\"Saber elegir los muebles adecuados a la hora de hacer reformas\"}]},{\"@type\":\"WebSite\",\"@id\":\"https:\\\/\\\/centrourbano.com\\\/revista\\\/#website\",\"url\":\"https:\\\/\\\/centrourbano.com\\\/revista\\\/\",\"name\":\"Centro Urbano\",\"description\":\"Medio especializado en los sectores vivienda, inmobiliario, construcci\u00f3n, arquitectura y urbanismo.\",\"publisher\":{\"@id\":\"https:\\\/\\\/centrourbano.com\\\/revista\\\/#organization\"},\"potentialAction\":[{\"@type\":\"SearchAction\",\"target\":{\"@type\":\"EntryPoint\",\"urlTemplate\":\"https:\\\/\\\/centrourbano.com\\\/revista\\\/?s={search_term_string}\"},\"query-input\":{\"@type\":\"PropertyValueSpecification\",\"valueRequired\":true,\"valueName\":\"search_term_string\"}}],\"inLanguage\":\"es\"},{\"@type\":\"Organization\",\"@id\":\"https:\\\/\\\/centrourbano.com\\\/revista\\\/#organization\",\"name\":\"Centro Urbano\",\"url\":\"https:\\\/\\\/centrourbano.com\\\/revista\\\/\",\"logo\":{\"@type\":\"ImageObject\",\"inLanguage\":\"es\",\"@id\":\"https:\\\/\\\/centrourbano.com\\\/revista\\\/#\\\/schema\\\/logo\\\/image\\\/\",\"url\":\"https:\\\/\\\/centrourbano.com\\\/revista\\\/wp-content\\\/uploads\\\/web_CU_logo-1.png\",\"contentUrl\":\"https:\\\/\\\/centrourbano.com\\\/revista\\\/wp-content\\\/uploads\\\/web_CU_logo-1.png\",\"width\":350,\"height\":91,\"caption\":\"Centro Urbano\"},\"image\":{\"@id\":\"https:\\\/\\\/centrourbano.com\\\/revista\\\/#\\\/schema\\\/logo\\\/image\\\/\"},\"sameAs\":[\"https:\\\/\\\/www.facebook.com\\\/portalcentrourbano\",\"https:\\\/\\\/x.com\\\/CentroUrbano\",\"https:\\\/\\\/www.instagram.com\\\/centro_urbano\\\/\",\"https:\\\/\\\/www.linkedin.com\\\/company\\\/centro-urbano\\\/\",\"http:\\\/\\\/www.youtube.com\\\/user\\\/portalcentrourbano\"]},{\"@type\":\"Person\",\"@id\":\"https:\\\/\\\/centrourbano.com\\\/revista\\\/#\\\/schema\\\/person\\\/680e7c50f9d6e917e416c9efdc26f996\",\"name\":\"Redacci\u00f3n Centro Urbano\",\"image\":{\"@type\":\"ImageObject\",\"inLanguage\":\"es\",\"@id\":\"https:\\\/\\\/secure.gravatar.com\\\/avatar\\\/15a789f894398c0f311f3a7a2ee28032bbc0483098539da66b6a045aa810bf35?s=96&d=mm&r=g\",\"url\":\"https:\\\/\\\/secure.gravatar.com\\\/avatar\\\/15a789f894398c0f311f3a7a2ee28032bbc0483098539da66b6a045aa810bf35?s=96&d=mm&r=g\",\"contentUrl\":\"https:\\\/\\\/secure.gravatar.com\\\/avatar\\\/15a789f894398c0f311f3a7a2ee28032bbc0483098539da66b6a045aa810bf35?s=96&d=mm&r=g\",\"caption\":\"Redacci\u00f3n Centro Urbano\"},\"url\":\"https:\\\/\\\/centrourbano.com\\\/revista\\\/author\\\/editorial\\\/\"}]}<\/script>\n<!-- \/ Yoast SEO plugin. -->","yoast_head_json":{"title":"Saber elegir los muebles adecuados a la hora de hacer reformas","description":"Mejorar el espacio en el que vives requiere de una planificaci\u00f3n detallada. Cada aspecto debe ser considerado con cuidado.","robots":{"index":"index","follow":"follow","max-snippet":"max-snippet:-1","max-image-preview":"max-image-preview:large","max-video-preview":"max-video-preview:-1"},"canonical":"https:\/\/centrourbano.com\/revista\/actualidad\/tendencias\/saber-elegir-los-muebles-adecuados-a-la-hora-de-hacer-reformas\/","og_locale":"es_ES","og_type":"article","og_title":"Saber elegir los muebles adecuados a la hora de hacer reformas","og_description":"Mejorar el espacio en el que vives requiere de una planificaci\u00f3n detallada. Cada aspecto debe ser considerado con cuidado.","og_url":"https:\/\/centrourbano.com\/revista\/actualidad\/tendencias\/saber-elegir-los-muebles-adecuados-a-la-hora-de-hacer-reformas\/","og_site_name":"Centro Urbano","article_publisher":"https:\/\/www.facebook.com\/portalcentrourbano","article_published_time":"2022-11-01T21:45:23+00:00","article_modified_time":"2022-11-01T21:49:41+00:00","og_image":[{"width":1600,"height":1232,"url":"https:\/\/centrourbano.com\/revista\/wp-content\/uploads\/nota-1.jpg","type":"image\/jpeg"}],"author":"Redacci\u00f3n Centro Urbano","twitter_card":"summary_large_image","twitter_creator":"@CentroUrbano","twitter_site":"@CentroUrbano","twitter_misc":{"Escrito por":"Redacci\u00f3n Centro Urbano","Tiempo de lectura":"4 minutos"},"schema":{"@context":"https:\/\/schema.org","@graph":[{"@type":"Article","@id":"https:\/\/centrourbano.com\/revista\/actualidad\/tendencias\/saber-elegir-los-muebles-adecuados-a-la-hora-de-hacer-reformas\/#article","isPartOf":{"@id":"https:\/\/centrourbano.com\/revista\/actualidad\/tendencias\/saber-elegir-los-muebles-adecuados-a-la-hora-de-hacer-reformas\/"},"author":{"name":"Redacci\u00f3n Centro Urbano","@id":"https:\/\/centrourbano.com\/revista\/#\/schema\/person\/680e7c50f9d6e917e416c9efdc26f996"},"headline":"Saber elegir los muebles adecuados a la hora de hacer reformas","datePublished":"2022-11-01T21:45:23+00:00","dateModified":"2022-11-01T21:49:41+00:00","mainEntityOfPage":{"@id":"https:\/\/centrourbano.com\/revista\/actualidad\/tendencias\/saber-elegir-los-muebles-adecuados-a-la-hora-de-hacer-reformas\/"},"wordCount":910,"commentCount":0,"publisher":{"@id":"https:\/\/centrourbano.com\/revista\/#organization"},"image":{"@id":"https:\/\/centrourbano.com\/revista\/actualidad\/tendencias\/saber-elegir-los-muebles-adecuados-a-la-hora-de-hacer-reformas\/#primaryimage"},"thumbnailUrl":"https:\/\/centrourbano.com\/revista\/wp-content\/uploads\/nota-1.jpg","articleSection":["Tendencias"],"inLanguage":"es","potentialAction":[{"@type":"CommentAction","name":"Comment","target":["https:\/\/centrourbano.com\/revista\/actualidad\/tendencias\/saber-elegir-los-muebles-adecuados-a-la-hora-de-hacer-reformas\/#respond"]}]},{"@type":"WebPage","@id":"https:\/\/centrourbano.com\/revista\/actualidad\/tendencias\/saber-elegir-los-muebles-adecuados-a-la-hora-de-hacer-reformas\/","url":"https:\/\/centrourbano.com\/revista\/actualidad\/tendencias\/saber-elegir-los-muebles-adecuados-a-la-hora-de-hacer-reformas\/","name":"Saber elegir los muebles adecuados a la hora de hacer reformas","isPartOf":{"@id":"https:\/\/centrourbano.com\/revista\/#website"},"primaryImageOfPage":{"@id":"https:\/\/centrourbano.com\/revista\/actualidad\/tendencias\/saber-elegir-los-muebles-adecuados-a-la-hora-de-hacer-reformas\/#primaryimage"},"image":{"@id":"https:\/\/centrourbano.com\/revista\/actualidad\/tendencias\/saber-elegir-los-muebles-adecuados-a-la-hora-de-hacer-reformas\/#primaryimage"},"thumbnailUrl":"https:\/\/centrourbano.com\/revista\/wp-content\/uploads\/nota-1.jpg","datePublished":"2022-11-01T21:45:23+00:00","dateModified":"2022-11-01T21:49:41+00:00","description":"Mejorar el espacio en el que vives requiere de una planificaci\u00f3n detallada. Cada aspecto debe ser considerado con cuidado.","breadcrumb":{"@id":"https:\/\/centrourbano.com\/revista\/actualidad\/tendencias\/saber-elegir-los-muebles-adecuados-a-la-hora-de-hacer-reformas\/#breadcrumb"},"inLanguage":"es","potentialAction":[{"@type":"ReadAction","target":["https:\/\/centrourbano.com\/revista\/actualidad\/tendencias\/saber-elegir-los-muebles-adecuados-a-la-hora-de-hacer-reformas\/"]}]},{"@type":"ImageObject","inLanguage":"es","@id":"https:\/\/centrourbano.com\/revista\/actualidad\/tendencias\/saber-elegir-los-muebles-adecuados-a-la-hora-de-hacer-reformas\/#primaryimage","url":"https:\/\/centrourbano.com\/revista\/wp-content\/uploads\/nota-1.jpg","contentUrl":"https:\/\/centrourbano.com\/revista\/wp-content\/uploads\/nota-1.jpg","width":1600,"height":1232,"caption":"Saber elegir los muebles adecuados a la hora de hacer reformas"},{"@type":"BreadcrumbList","@id":"https:\/\/centrourbano.com\/revista\/actualidad\/tendencias\/saber-elegir-los-muebles-adecuados-a-la-hora-de-hacer-reformas\/#breadcrumb","itemListElement":[{"@type":"ListItem","position":1,"name":"Portada","item":"https:\/\/centrourbano.com\/revista\/"},{"@type":"ListItem","position":2,"name":"Saber elegir los muebles adecuados a la hora de hacer reformas"}]},{"@type":"WebSite","@id":"https:\/\/centrourbano.com\/revista\/#website","url":"https:\/\/centrourbano.com\/revista\/","name":"Centro Urbano","description":"Medio especializado en los sectores vivienda, inmobiliario, construcci\u00f3n, arquitectura y urbanismo.","publisher":{"@id":"https:\/\/centrourbano.com\/revista\/#organization"},"potentialAction":[{"@type":"SearchAction","target":{"@type":"EntryPoint","urlTemplate":"https:\/\/centrourbano.com\/revista\/?s={search_term_string}"},"query-input":{"@type":"PropertyValueSpecification","valueRequired":true,"valueName":"search_term_string"}}],"inLanguage":"es"},{"@type":"Organization","@id":"https:\/\/centrourbano.com\/revista\/#organization","name":"Centro Urbano","url":"https:\/\/centrourbano.com\/revista\/","logo":{"@type":"ImageObject","inLanguage":"es","@id":"https:\/\/centrourbano.com\/revista\/#\/schema\/logo\/image\/","url":"https:\/\/centrourbano.com\/revista\/wp-content\/uploads\/web_CU_logo-1.png","contentUrl":"https:\/\/centrourbano.com\/revista\/wp-content\/uploads\/web_CU_logo-1.png","width":350,"height":91,"caption":"Centro Urbano"},"image":{"@id":"https:\/\/centrourbano.com\/revista\/#\/schema\/logo\/image\/"},"sameAs":["https:\/\/www.facebook.com\/portalcentrourbano","https:\/\/x.com\/CentroUrbano","https:\/\/www.instagram.com\/centro_urbano\/","https:\/\/www.linkedin.com\/company\/centro-urbano\/","http:\/\/www.youtube.com\/user\/portalcentrourbano"]},{"@type":"Person","@id":"https:\/\/centrourbano.com\/revista\/#\/schema\/person\/680e7c50f9d6e917e416c9efdc26f996","name":"Redacci\u00f3n Centro Urbano","image":{"@type":"ImageObject","inLanguage":"es","@id":"https:\/\/secure.gravatar.com\/avatar\/15a789f894398c0f311f3a7a2ee28032bbc0483098539da66b6a045aa810bf35?s=96&d=mm&r=g","url":"https:\/\/secure.gravatar.com\/avatar\/15a789f894398c0f311f3a7a2ee28032bbc0483098539da66b6a045aa810bf35?s=96&d=mm&r=g","contentUrl":"https:\/\/secure.gravatar.com\/avatar\/15a789f894398c0f311f3a7a2ee28032bbc0483098539da66b6a045aa810bf35?s=96&d=mm&r=g","caption":"Redacci\u00f3n Centro Urbano"},"url":"https:\/\/centrourbano.com\/revista\/author\/editorial\/"}]}},"_links":{"self":[{"href":"https:\/\/centrourbano.com\/revista\/wp-json\/wp\/v2\/posts\/135131","targetHints":{"allow":["GET"]}}],"collection":[{"href":"https:\/\/centrourbano.com\/revista\/wp-json\/wp\/v2\/posts"}],"about":[{"href":"https:\/\/centrourbano.com\/revista\/wp-json\/wp\/v2\/types\/post"}],"author":[{"embeddable":true,"href":"https:\/\/centrourbano.com\/revista\/wp-json\/wp\/v2\/users\/14"}],"replies":[{"embeddable":true,"href":"https:\/\/centrourbano.com\/revista\/wp-json\/wp\/v2\/comments?post=135131"}],"version-history":[{"count":2,"href":"https:\/\/centrourbano.com\/revista\/wp-json\/wp\/v2\/posts\/135131\/revisions"}],"predecessor-version":[{"id":135134,"href":"https:\/\/centrourbano.com\/revista\/wp-json\/wp\/v2\/posts\/135131\/revisions\/135134"}],"wp:featuredmedia":[{"embeddable":true,"href":"https:\/\/centrourbano.com\/revista\/wp-json\/wp\/v2\/media\/135132"}],"wp:attachment":[{"href":"https:\/\/centrourbano.com\/revista\/wp-json\/wp\/v2\/media?parent=135131"}],"wp:term":[{"taxonomy":"category","embeddable":true,"href":"https:\/\/centrourbano.com\/revista\/wp-json\/wp\/v2\/categories?post=135131"},{"taxonomy":"post_tag","embeddable":true,"href":"https:\/\/centrourbano.com\/revista\/wp-json\/wp\/v2\/tags?post=135131"}],"curies":[{"name":"wp","href":"https:\/\/api.w.org\/{rel}","templated":true}]}}