{"id":135066,"date":"2022-10-31T11:52:14","date_gmt":"2022-10-31T17:52:14","guid":{"rendered":"https:\/\/centrourbano.com\/?p=135066"},"modified":"2022-10-31T11:52:14","modified_gmt":"2022-10-31T17:52:14","slug":"artha-capital-ancla-para-mexico-megainversion-de-ford","status":"publish","type":"post","link":"https:\/\/centrourbano.com\/revista\/opinion\/blog-desde-la-casa\/artha-capital-ancla-para-mexico-megainversion-de-ford\/","title":{"rendered":"Artha Capital ancla para M\u00e9xico megainversi\u00f3n de Ford"},"content":{"rendered":"<p><em>Modelando un proyecto inmobiliario de gran impacto, Artha Capital ancla para M\u00e9xico megainversi\u00f3n de Ford.<\/em><\/p>\n<p><em>Por Horacio Urbano.*<\/em><br \/>\n<!--more--><\/p>\n<p>Hoy a las dos de la tarde se materializar\u00e1 una gran noticia para el desarrollo econ\u00f3mico de M\u00e9xico.<\/p>\n<p>Noticia que llega anclada en un megaproyecto inmobiliario, cuya calidad, es factor determinante para atraer al pa\u00eds una enorme inversi\u00f3n de gran efecto multiplicador.<\/p>\n<p>Les cuento, esta tarde, el CEO mundial de <strong>Ford<\/strong>, <strong>Jim Farley<\/strong>, y el gobernador del Estado de M\u00e9xico, <a href=\"https:\/\/twitter.com\/alfredodelmazo\"><strong>Alfredo del Mazo<\/strong><\/a>, inaugurar\u00e1n el <strong>Centro Global de Tecnolog\u00eda y Negocios<\/strong> (GTBC, por sus siglas en ingles) de Ford, el mayor de los tres complejos de este tipo con que cuenta la firma a nivel global.<\/p>\n<p>Pero ojo, que la inmensa inversi\u00f3n que implica esta vanguardista instalaci\u00f3n, se ubica en Naucalpan, Estado de M\u00e9xico, gracias a las capacidades que le ofrece Latiz, un megaproyecto integralmente planeado, desarrollado por Artha Capital, que en un Plan Maestro de 190 hect\u00e1reas, refleja la visi\u00f3n del futuro del desarrollo inmobiliario, como factor en la construcci\u00f3n de competitividad social, econ\u00f3mica, ambiental y urbana.<\/p>\n<p>&nbsp;<\/p>\n<h2><strong>La megainversi\u00f3n de Ford<\/strong><\/h2>\n<p>El nuevo complejo de Ford refleja que la capacidad de atraer inversiones de un pa\u00eds, una regi\u00f3n, una ciudad o una parte de la misma, inevitablemente se ancla en la calidad de los activos inmobiliarios que pueden aprovechar.<\/p>\n<p>En este caso, el nuevo complejo de Ford es un monstruo de innovaci\u00f3n que representa el futuro de los espacios de trabajo, y con oficinas, uno de los mayores centros de ingenier\u00eda de Am\u00e9rica Latina y amenidades del mayor nivel, albergar\u00e1 hasta 9,000 colaboradores en formato de trabajo hibrido, de los que m\u00e1s de 4,000 ocupar\u00e1n en modalidad presencial las flamantes instalaciones.<\/p>\n<p>El complejo ser\u00e1 totalmente sustentable, con est\u00e1ndares de cero desechos, descargas cero, sistemas de drenaje pluvial e iluminaci\u00f3n inteligente. Y contar\u00e1 adem\u00e1s con 4.2 hect\u00e1reas de \u00e1rea verde natural protegida a cargo de Ford.<\/p>\n<p>&nbsp;<\/p>\n<h2><strong>Atraer inversiones para M\u00e9xico<\/strong><\/h2>\n<p>Y atenci\u00f3n, que esto solo es posible Gracias a los altos est\u00e1ndares que mantiene Artha Capital en sus proyectos.<\/p>\n<p>En este caso, Latiz es un megaproyecto que en 190 hect\u00e1reas ofrece un modelo urbano innovador y sustentable, que promueve un crecimiento ordenado, balanceado y debidamente planificado, con el objetivo de generar competitividad social, ambiental, urbana y econ\u00f3mica.<\/p>\n<p>Es un proyecto que busca convertirse en un polo integral de desarrollo, con capacidades lo mismo para albergar instalaciones productivas de la calidad de la que inaugura Ford, que desarrollos habitacionales, espacios recreativos e infraestructuras que responden con oportunidad y eficiencia a la demanda de la regi\u00f3n en que se ubica el proyecto.<\/p>\n<p>&nbsp;<\/p>\n<h2><strong>La capacidad de anclar inversiones <\/strong><\/h2>\n<p>No es noticia que en M\u00e9xico se generen proyectos inmobiliarios de esta escala y calidad, pero no deja de sorprender la madurez de un sector inmobiliario que cuenta para su desarrollo con figuras capaces de\u00a0 fortalecer sus capacidades t\u00e9cnicas y financieras.<\/p>\n<p>Figuras justamente como Artha Capital, firma mexicana, que bajo la tutela de Germ\u00e1n Ahumada Alduncin, se ha convertido en un gran fondo inmobiliario de muy alto impacto para las regiones en que opera y sus aliados estrat\u00e9gicos.<\/p>\n<p>Un gran fondo inmobiliario que es\u00a0 factor fundamental en la creaci\u00f3n y desarrollo de megaproyectos de alt\u00edsima calidad, que una vez concebidos quedan abiertos a la participaci\u00f3n de muchos actores del sector y de la econom\u00eda global, y se realizan bajo los m\u00e1s altos est\u00e1ndares internacionales, incluidos los de nivel ESG, dirigidos a implementar las mejores pr\u00e1cticas en materia ambiental, social y de gobernanza.<\/p>\n<p>&nbsp;<\/p>\n<h2><strong>La historia de \u00e9xito de Artha Capital<\/strong><\/h2>\n<p>Hay que decir que la de Artha Capital es una indudable historia de \u00e9xito. La historia de un fondo de capital privado que se fund\u00f3 apenas en el 2010, con el objetivo de desarrollar y administrar activos inmobiliarios, y que hoy tiene en su portafolios activos en administraci\u00f3n por m\u00e1s de 28,000 millones de pesos.<\/p>\n<p>Hoy la firma puede presumir que cuenta con m\u00e1s de 50 proyectos en desarrollo y administraci\u00f3n y tiene presencia en 16 entidades del pa\u00eds y en Estados Unidos.<\/p>\n<p>Y puede presumir tambi\u00e9n de la solidez y reincidencia de sus grupos de inversionistas, que se traducen en confianza hacia la firma, sus modelos de inversi\u00f3n, sus proyectos y su estrategia de negocios.<\/p>\n<p>Artha Capital modela megaproyectos que potencializan las capacidades de desarrollo urbano y econ\u00f3mico de las regiones del pa\u00eds en que opera.<\/p>\n<p>Y esta vez da la nota al anunciar un nuevo proyecto que de entrada se presenta como un polo de desarrollo que ya atrajo una gran, pero gran inversi\u00f3n.<\/p>\n<p>&nbsp;<\/p>\n<h2><strong>Compromiso ESG<\/strong><\/h2>\n<p>Y esto, que ya de por s\u00ed es una noticia muy relevante para el desarrollo econ\u00f3mico de M\u00e9xico, se complementa con el anuncio de que la firma obtuvo el Dictamen de Cumplimiento ISO 31000:2018 -Gesti\u00f3n del Riesgo, cuyo objetivo fundamental es fortalecer sus capacidades de gobernanza corporativa, al implementar una metodolog\u00eda para el an\u00e1lisis, evaluaci\u00f3n, priorizaci\u00f3n y mitigaci\u00f3n de riesgos en sus unidades de negocio y \u00e1reas de apoyo.<\/p>\n<p>Y no es tema menor, porque esta certificaci\u00f3n, una de las m\u00e1s importantes a nivel mundial en la materia, est\u00e1 alineada es parte de un proceso de mejora continua, y tiene el objetivo de beneficiar a sus inversionistas, al optimizar el manejo de instrumentos de inversi\u00f3n de acuerdo con los lineamientos establecidos por Normalizaci\u00f3n y Certificaci\u00f3n NYCE S.C.<\/p>\n<p>Es el futuro. Firmas inmobiliarias con esa visi\u00f3n de largo plazo y el compromiso de tener alto impacto en lo ambiental y lo social.<\/p>\n<p><strong>\u00a0<\/strong><\/p>\n<h2><strong>Hombres y Mujeres de la Casa 2022<\/strong><\/h2>\n<p>Estamos a semanas de la ceremonia en que<a href=\"https:\/\/twitter.com\/CentroUrbano\"> <strong>Centro Urbano<\/strong><\/a>, a trav\u00e9s de su Consejo Asesor, entregar\u00e1 el <strong>Premio Hombres y Mujeres de la Casa 2022<\/strong>.<\/p>\n<p>En la XXI edici\u00f3n de los Premios m\u00e1s importantes de la industria inmobiliaria mexicana, los galardonados son: <strong>Juan Jos\u00e9 Errej\u00f3n Hern\u00e1ndez<\/strong>, fundador de la desarrolladora de vivienda, <a href=\"https:\/\/twitter.com\/TyAOficial\">Tierra y Armon\u00eda<\/a>; <strong>Alejandro Vargas Barroso<\/strong>, fundador de la desarrolladora de vivienda,<a href=\"https:\/\/twitter.com\/esphabit\"> Esphabit<\/a>, y <strong>Jorge Mendoza S\u00e1nchez<\/strong>, director general de <a href=\"https:\/\/twitter.com\/SHFoficial\">Sociedad Hipotecaria Federal<\/a> y Banobras.<\/p>\n<p>La ceremonia se llevar\u00e1 a cabo en la Ciudad de M\u00e9xico en formato presencial, complementada con una plataforma en l\u00ednea.<\/p>\n<p>Informes y patrocinios: relacionespublicas@centrourbano.com.<\/p>\n<p style=\"text-align: right;\"><!--more-->*Horacio Urbano<\/p>\n<p>Presidente de Centro Urbano<\/p>\n","protected":false},"excerpt":{"rendered":"<p>Modelando un proyecto inmobiliario de gran impacto, Artha Capital ancla para M\u00e9xico megainversi\u00f3n de Ford. Por Horacio Urbano.*<\/p>\n","protected":false},"author":13,"featured_media":135070,"comment_status":"open","ping_status":"closed","sticky":false,"template":"","format":"standard","meta":{"om_disable_all_campaigns":false,"inline_featured_image":false,"_monsterinsights_skip_tracking":false,"_monsterinsights_sitenote_active":false,"_monsterinsights_sitenote_note":"","_monsterinsights_sitenote_category":0,"footnotes":""},"categories":[241,242,5,82],"tags":[],"class_list":["post-135066","post","type-post","status-publish","format-standard","has-post-thumbnail","hentry","category-blog-desde-la-casa","category-blog-de-invitado","category-opinion","category-urbanismo"],"yoast_head":"<!-- This site is optimized with the Yoast SEO plugin v27.4 - https:\/\/yoast.com\/product\/yoast-seo-wordpress\/ -->\n<title>Artha Capital ancla para M\u00e9xico megainversi\u00f3n de Ford<\/title>\n<meta name=\"description\" content=\"Modelando un proyecto inmobiliario de gran impacto, Artha Capital ancla para M\u00e9xico megainversi\u00f3n de Ford.\" \/>\n<meta name=\"robots\" content=\"index, follow, max-snippet:-1, max-image-preview:large, max-video-preview:-1\" \/>\n<link rel=\"canonical\" href=\"https:\/\/centrourbano.com\/revista\/opinion\/blog-desde-la-casa\/artha-capital-ancla-para-mexico-megainversion-de-ford\/\" \/>\n<meta property=\"og:locale\" content=\"es_ES\" \/>\n<meta property=\"og:type\" content=\"article\" \/>\n<meta property=\"og:title\" content=\"Artha Capital ancla para M\u00e9xico megainversi\u00f3n de Ford\" \/>\n<meta property=\"og:description\" content=\"Modelando un proyecto inmobiliario de gran impacto, Artha Capital ancla para M\u00e9xico megainversi\u00f3n de Ford.\" \/>\n<meta property=\"og:url\" content=\"https:\/\/centrourbano.com\/revista\/opinion\/blog-desde-la-casa\/artha-capital-ancla-para-mexico-megainversion-de-ford\/\" \/>\n<meta property=\"og:site_name\" content=\"Centro Urbano\" \/>\n<meta property=\"article:publisher\" content=\"https:\/\/www.facebook.com\/portalcentrourbano\" \/>\n<meta property=\"article:author\" content=\"https:\/\/www.facebook.com\/urbano.horacio\/\" \/>\n<meta property=\"article:published_time\" content=\"2022-10-31T17:52:14+00:00\" \/>\n<meta property=\"og:image\" content=\"https:\/\/centrourbano.com\/revista\/wp-content\/uploads\/Horacio-Urbano-1-18.jpg\" \/>\n\t<meta property=\"og:image:width\" content=\"445\" \/>\n\t<meta property=\"og:image:height\" content=\"445\" \/>\n\t<meta property=\"og:image:type\" content=\"image\/jpeg\" \/>\n<meta name=\"author\" content=\"Horacio Urbano\" \/>\n<meta name=\"twitter:card\" content=\"summary_large_image\" \/>\n<meta name=\"twitter:creator\" content=\"@https:\/\/twitter.com\/horacio_urbano\" \/>\n<meta name=\"twitter:site\" content=\"@CentroUrbano\" \/>\n<meta name=\"twitter:label1\" content=\"Escrito por\" \/>\n\t<meta name=\"twitter:data1\" content=\"Horacio Urbano\" \/>\n\t<meta name=\"twitter:label2\" content=\"Tiempo de lectura\" \/>\n\t<meta name=\"twitter:data2\" content=\"5 minutos\" \/>\n<script type=\"application\/ld+json\" class=\"yoast-schema-graph\">{\"@context\":\"https:\\\/\\\/schema.org\",\"@graph\":[{\"@type\":\"Article\",\"@id\":\"https:\\\/\\\/centrourbano.com\\\/revista\\\/opinion\\\/blog-desde-la-casa\\\/artha-capital-ancla-para-mexico-megainversion-de-ford\\\/#article\",\"isPartOf\":{\"@id\":\"https:\\\/\\\/centrourbano.com\\\/revista\\\/opinion\\\/blog-desde-la-casa\\\/artha-capital-ancla-para-mexico-megainversion-de-ford\\\/\"},\"author\":{\"name\":\"Horacio Urbano\",\"@id\":\"https:\\\/\\\/centrourbano.com\\\/revista\\\/#\\\/schema\\\/person\\\/69755154fe97eeebe4fe9394cb318d28\"},\"headline\":\"Artha Capital ancla para M\u00e9xico megainversi\u00f3n de Ford\",\"datePublished\":\"2022-10-31T17:52:14+00:00\",\"mainEntityOfPage\":{\"@id\":\"https:\\\/\\\/centrourbano.com\\\/revista\\\/opinion\\\/blog-desde-la-casa\\\/artha-capital-ancla-para-mexico-megainversion-de-ford\\\/\"},\"wordCount\":1100,\"commentCount\":0,\"publisher\":{\"@id\":\"https:\\\/\\\/centrourbano.com\\\/revista\\\/#organization\"},\"image\":{\"@id\":\"https:\\\/\\\/centrourbano.com\\\/revista\\\/opinion\\\/blog-desde-la-casa\\\/artha-capital-ancla-para-mexico-megainversion-de-ford\\\/#primaryimage\"},\"thumbnailUrl\":\"https:\\\/\\\/centrourbano.com\\\/revista\\\/wp-content\\\/uploads\\\/Horacio-Urbano-1-18.jpg\",\"articleSection\":[\"Desde la Casa\",\"En la opini\u00f3n de\",\"Opini\u00f3n\",\"Urbanismo\"],\"inLanguage\":\"es\",\"potentialAction\":[{\"@type\":\"CommentAction\",\"name\":\"Comment\",\"target\":[\"https:\\\/\\\/centrourbano.com\\\/revista\\\/opinion\\\/blog-desde-la-casa\\\/artha-capital-ancla-para-mexico-megainversion-de-ford\\\/#respond\"]}]},{\"@type\":\"WebPage\",\"@id\":\"https:\\\/\\\/centrourbano.com\\\/revista\\\/opinion\\\/blog-desde-la-casa\\\/artha-capital-ancla-para-mexico-megainversion-de-ford\\\/\",\"url\":\"https:\\\/\\\/centrourbano.com\\\/revista\\\/opinion\\\/blog-desde-la-casa\\\/artha-capital-ancla-para-mexico-megainversion-de-ford\\\/\",\"name\":\"Artha Capital ancla para M\u00e9xico megainversi\u00f3n de Ford\",\"isPartOf\":{\"@id\":\"https:\\\/\\\/centrourbano.com\\\/revista\\\/#website\"},\"primaryImageOfPage\":{\"@id\":\"https:\\\/\\\/centrourbano.com\\\/revista\\\/opinion\\\/blog-desde-la-casa\\\/artha-capital-ancla-para-mexico-megainversion-de-ford\\\/#primaryimage\"},\"image\":{\"@id\":\"https:\\\/\\\/centrourbano.com\\\/revista\\\/opinion\\\/blog-desde-la-casa\\\/artha-capital-ancla-para-mexico-megainversion-de-ford\\\/#primaryimage\"},\"thumbnailUrl\":\"https:\\\/\\\/centrourbano.com\\\/revista\\\/wp-content\\\/uploads\\\/Horacio-Urbano-1-18.jpg\",\"datePublished\":\"2022-10-31T17:52:14+00:00\",\"description\":\"Modelando un proyecto inmobiliario de gran impacto, Artha Capital ancla para M\u00e9xico megainversi\u00f3n de Ford.\",\"breadcrumb\":{\"@id\":\"https:\\\/\\\/centrourbano.com\\\/revista\\\/opinion\\\/blog-desde-la-casa\\\/artha-capital-ancla-para-mexico-megainversion-de-ford\\\/#breadcrumb\"},\"inLanguage\":\"es\",\"potentialAction\":[{\"@type\":\"ReadAction\",\"target\":[\"https:\\\/\\\/centrourbano.com\\\/revista\\\/opinion\\\/blog-desde-la-casa\\\/artha-capital-ancla-para-mexico-megainversion-de-ford\\\/\"]}]},{\"@type\":\"ImageObject\",\"inLanguage\":\"es\",\"@id\":\"https:\\\/\\\/centrourbano.com\\\/revista\\\/opinion\\\/blog-desde-la-casa\\\/artha-capital-ancla-para-mexico-megainversion-de-ford\\\/#primaryimage\",\"url\":\"https:\\\/\\\/centrourbano.com\\\/revista\\\/wp-content\\\/uploads\\\/Horacio-Urbano-1-18.jpg\",\"contentUrl\":\"https:\\\/\\\/centrourbano.com\\\/revista\\\/wp-content\\\/uploads\\\/Horacio-Urbano-1-18.jpg\",\"width\":445,\"height\":445,\"caption\":\"Artha Capital ancla para M\u00e9xico megainversi\u00f3n de Ford\"},{\"@type\":\"BreadcrumbList\",\"@id\":\"https:\\\/\\\/centrourbano.com\\\/revista\\\/opinion\\\/blog-desde-la-casa\\\/artha-capital-ancla-para-mexico-megainversion-de-ford\\\/#breadcrumb\",\"itemListElement\":[{\"@type\":\"ListItem\",\"position\":1,\"name\":\"Portada\",\"item\":\"https:\\\/\\\/centrourbano.com\\\/revista\\\/\"},{\"@type\":\"ListItem\",\"position\":2,\"name\":\"Artha Capital ancla para M\u00e9xico megainversi\u00f3n de Ford\"}]},{\"@type\":\"WebSite\",\"@id\":\"https:\\\/\\\/centrourbano.com\\\/revista\\\/#website\",\"url\":\"https:\\\/\\\/centrourbano.com\\\/revista\\\/\",\"name\":\"Centro Urbano\",\"description\":\"Medio especializado en los sectores vivienda, inmobiliario, construcci\u00f3n, arquitectura y urbanismo.\",\"publisher\":{\"@id\":\"https:\\\/\\\/centrourbano.com\\\/revista\\\/#organization\"},\"potentialAction\":[{\"@type\":\"SearchAction\",\"target\":{\"@type\":\"EntryPoint\",\"urlTemplate\":\"https:\\\/\\\/centrourbano.com\\\/revista\\\/?s={search_term_string}\"},\"query-input\":{\"@type\":\"PropertyValueSpecification\",\"valueRequired\":true,\"valueName\":\"search_term_string\"}}],\"inLanguage\":\"es\"},{\"@type\":\"Organization\",\"@id\":\"https:\\\/\\\/centrourbano.com\\\/revista\\\/#organization\",\"name\":\"Centro Urbano\",\"url\":\"https:\\\/\\\/centrourbano.com\\\/revista\\\/\",\"logo\":{\"@type\":\"ImageObject\",\"inLanguage\":\"es\",\"@id\":\"https:\\\/\\\/centrourbano.com\\\/revista\\\/#\\\/schema\\\/logo\\\/image\\\/\",\"url\":\"https:\\\/\\\/centrourbano.com\\\/revista\\\/wp-content\\\/uploads\\\/web_CU_logo-1.png\",\"contentUrl\":\"https:\\\/\\\/centrourbano.com\\\/revista\\\/wp-content\\\/uploads\\\/web_CU_logo-1.png\",\"width\":350,\"height\":91,\"caption\":\"Centro Urbano\"},\"image\":{\"@id\":\"https:\\\/\\\/centrourbano.com\\\/revista\\\/#\\\/schema\\\/logo\\\/image\\\/\"},\"sameAs\":[\"https:\\\/\\\/www.facebook.com\\\/portalcentrourbano\",\"https:\\\/\\\/x.com\\\/CentroUrbano\",\"https:\\\/\\\/www.instagram.com\\\/centro_urbano\\\/\",\"https:\\\/\\\/www.linkedin.com\\\/company\\\/centro-urbano\\\/\",\"http:\\\/\\\/www.youtube.com\\\/user\\\/portalcentrourbano\"]},{\"@type\":\"Person\",\"@id\":\"https:\\\/\\\/centrourbano.com\\\/revista\\\/#\\\/schema\\\/person\\\/69755154fe97eeebe4fe9394cb318d28\",\"name\":\"Horacio Urbano\",\"image\":{\"@type\":\"ImageObject\",\"inLanguage\":\"es\",\"@id\":\"https:\\\/\\\/secure.gravatar.com\\\/avatar\\\/bf4232bac122249113b7bcc4636a8d0432b9fa8bcce4243f1ed6c1ecb8fe915f?s=96&d=mm&r=g\",\"url\":\"https:\\\/\\\/secure.gravatar.com\\\/avatar\\\/bf4232bac122249113b7bcc4636a8d0432b9fa8bcce4243f1ed6c1ecb8fe915f?s=96&d=mm&r=g\",\"contentUrl\":\"https:\\\/\\\/secure.gravatar.com\\\/avatar\\\/bf4232bac122249113b7bcc4636a8d0432b9fa8bcce4243f1ed6c1ecb8fe915f?s=96&d=mm&r=g\",\"caption\":\"Horacio Urbano\"},\"description\":\"Horacio Urbano es arquitecto. Su experiencia profesional se ha desarrollado en los diferentes \u00e1mbitos que definen la industria de la vivienda. En 1999 inici\u00f3 un proyecto editorial dirigido a los sectores inmobiliario y construcci\u00f3n que a lo largo de los a\u00f1os se ha convertido en una poderosa plataforma multimedios y en una verdadera referencia para esta industria. Fundador, junto con la tambi\u00e9n arquitecta Roxana Fabris, de Grupo Centro Urbano, firma que impulsa y desarrolla una serie de esfuerzos de comunicaci\u00f3n relacionados con estos sectores. Como parte de su trabajo en M\u00e9xico y el extranjero, ha escrito o participado en una serie de libros especializados, es colaborador de diferentes medios impresos y electr\u00f3nicos, es activo conferencista y bajo diferentes modelos colabora tambi\u00e9n con diversas empresas e instituciones p\u00fablicas y privadas del sector.\",\"sameAs\":[\"http:\\\/\\\/horaciourbano.com\\\/home\\\/\",\"https:\\\/\\\/www.facebook.com\\\/urbano.horacio\\\/\",\"https:\\\/\\\/x.com\\\/https:\\\/\\\/twitter.com\\\/horacio_urbano\"],\"url\":\"https:\\\/\\\/centrourbano.com\\\/revista\\\/author\\\/horacio-urbano\\\/\"}]}<\/script>\n<!-- \/ Yoast SEO plugin. -->","yoast_head_json":{"title":"Artha Capital ancla para M\u00e9xico megainversi\u00f3n de Ford","description":"Modelando un proyecto inmobiliario de gran impacto, Artha Capital ancla para M\u00e9xico megainversi\u00f3n de Ford.","robots":{"index":"index","follow":"follow","max-snippet":"max-snippet:-1","max-image-preview":"max-image-preview:large","max-video-preview":"max-video-preview:-1"},"canonical":"https:\/\/centrourbano.com\/revista\/opinion\/blog-desde-la-casa\/artha-capital-ancla-para-mexico-megainversion-de-ford\/","og_locale":"es_ES","og_type":"article","og_title":"Artha Capital ancla para M\u00e9xico megainversi\u00f3n de Ford","og_description":"Modelando un proyecto inmobiliario de gran impacto, Artha Capital ancla para M\u00e9xico megainversi\u00f3n de Ford.","og_url":"https:\/\/centrourbano.com\/revista\/opinion\/blog-desde-la-casa\/artha-capital-ancla-para-mexico-megainversion-de-ford\/","og_site_name":"Centro Urbano","article_publisher":"https:\/\/www.facebook.com\/portalcentrourbano","article_author":"https:\/\/www.facebook.com\/urbano.horacio\/","article_published_time":"2022-10-31T17:52:14+00:00","og_image":[{"width":445,"height":445,"url":"https:\/\/centrourbano.com\/revista\/wp-content\/uploads\/Horacio-Urbano-1-18.jpg","type":"image\/jpeg"}],"author":"Horacio Urbano","twitter_card":"summary_large_image","twitter_creator":"@https:\/\/twitter.com\/horacio_urbano","twitter_site":"@CentroUrbano","twitter_misc":{"Escrito por":"Horacio Urbano","Tiempo de lectura":"5 minutos"},"schema":{"@context":"https:\/\/schema.org","@graph":[{"@type":"Article","@id":"https:\/\/centrourbano.com\/revista\/opinion\/blog-desde-la-casa\/artha-capital-ancla-para-mexico-megainversion-de-ford\/#article","isPartOf":{"@id":"https:\/\/centrourbano.com\/revista\/opinion\/blog-desde-la-casa\/artha-capital-ancla-para-mexico-megainversion-de-ford\/"},"author":{"name":"Horacio Urbano","@id":"https:\/\/centrourbano.com\/revista\/#\/schema\/person\/69755154fe97eeebe4fe9394cb318d28"},"headline":"Artha Capital ancla para M\u00e9xico megainversi\u00f3n de Ford","datePublished":"2022-10-31T17:52:14+00:00","mainEntityOfPage":{"@id":"https:\/\/centrourbano.com\/revista\/opinion\/blog-desde-la-casa\/artha-capital-ancla-para-mexico-megainversion-de-ford\/"},"wordCount":1100,"commentCount":0,"publisher":{"@id":"https:\/\/centrourbano.com\/revista\/#organization"},"image":{"@id":"https:\/\/centrourbano.com\/revista\/opinion\/blog-desde-la-casa\/artha-capital-ancla-para-mexico-megainversion-de-ford\/#primaryimage"},"thumbnailUrl":"https:\/\/centrourbano.com\/revista\/wp-content\/uploads\/Horacio-Urbano-1-18.jpg","articleSection":["Desde la Casa","En la opini\u00f3n de","Opini\u00f3n","Urbanismo"],"inLanguage":"es","potentialAction":[{"@type":"CommentAction","name":"Comment","target":["https:\/\/centrourbano.com\/revista\/opinion\/blog-desde-la-casa\/artha-capital-ancla-para-mexico-megainversion-de-ford\/#respond"]}]},{"@type":"WebPage","@id":"https:\/\/centrourbano.com\/revista\/opinion\/blog-desde-la-casa\/artha-capital-ancla-para-mexico-megainversion-de-ford\/","url":"https:\/\/centrourbano.com\/revista\/opinion\/blog-desde-la-casa\/artha-capital-ancla-para-mexico-megainversion-de-ford\/","name":"Artha Capital ancla para M\u00e9xico megainversi\u00f3n de Ford","isPartOf":{"@id":"https:\/\/centrourbano.com\/revista\/#website"},"primaryImageOfPage":{"@id":"https:\/\/centrourbano.com\/revista\/opinion\/blog-desde-la-casa\/artha-capital-ancla-para-mexico-megainversion-de-ford\/#primaryimage"},"image":{"@id":"https:\/\/centrourbano.com\/revista\/opinion\/blog-desde-la-casa\/artha-capital-ancla-para-mexico-megainversion-de-ford\/#primaryimage"},"thumbnailUrl":"https:\/\/centrourbano.com\/revista\/wp-content\/uploads\/Horacio-Urbano-1-18.jpg","datePublished":"2022-10-31T17:52:14+00:00","description":"Modelando un proyecto inmobiliario de gran impacto, Artha Capital ancla para M\u00e9xico megainversi\u00f3n de Ford.","breadcrumb":{"@id":"https:\/\/centrourbano.com\/revista\/opinion\/blog-desde-la-casa\/artha-capital-ancla-para-mexico-megainversion-de-ford\/#breadcrumb"},"inLanguage":"es","potentialAction":[{"@type":"ReadAction","target":["https:\/\/centrourbano.com\/revista\/opinion\/blog-desde-la-casa\/artha-capital-ancla-para-mexico-megainversion-de-ford\/"]}]},{"@type":"ImageObject","inLanguage":"es","@id":"https:\/\/centrourbano.com\/revista\/opinion\/blog-desde-la-casa\/artha-capital-ancla-para-mexico-megainversion-de-ford\/#primaryimage","url":"https:\/\/centrourbano.com\/revista\/wp-content\/uploads\/Horacio-Urbano-1-18.jpg","contentUrl":"https:\/\/centrourbano.com\/revista\/wp-content\/uploads\/Horacio-Urbano-1-18.jpg","width":445,"height":445,"caption":"Artha Capital ancla para M\u00e9xico megainversi\u00f3n de Ford"},{"@type":"BreadcrumbList","@id":"https:\/\/centrourbano.com\/revista\/opinion\/blog-desde-la-casa\/artha-capital-ancla-para-mexico-megainversion-de-ford\/#breadcrumb","itemListElement":[{"@type":"ListItem","position":1,"name":"Portada","item":"https:\/\/centrourbano.com\/revista\/"},{"@type":"ListItem","position":2,"name":"Artha Capital ancla para M\u00e9xico megainversi\u00f3n de Ford"}]},{"@type":"WebSite","@id":"https:\/\/centrourbano.com\/revista\/#website","url":"https:\/\/centrourbano.com\/revista\/","name":"Centro Urbano","description":"Medio especializado en los sectores vivienda, inmobiliario, construcci\u00f3n, arquitectura y urbanismo.","publisher":{"@id":"https:\/\/centrourbano.com\/revista\/#organization"},"potentialAction":[{"@type":"SearchAction","target":{"@type":"EntryPoint","urlTemplate":"https:\/\/centrourbano.com\/revista\/?s={search_term_string}"},"query-input":{"@type":"PropertyValueSpecification","valueRequired":true,"valueName":"search_term_string"}}],"inLanguage":"es"},{"@type":"Organization","@id":"https:\/\/centrourbano.com\/revista\/#organization","name":"Centro Urbano","url":"https:\/\/centrourbano.com\/revista\/","logo":{"@type":"ImageObject","inLanguage":"es","@id":"https:\/\/centrourbano.com\/revista\/#\/schema\/logo\/image\/","url":"https:\/\/centrourbano.com\/revista\/wp-content\/uploads\/web_CU_logo-1.png","contentUrl":"https:\/\/centrourbano.com\/revista\/wp-content\/uploads\/web_CU_logo-1.png","width":350,"height":91,"caption":"Centro Urbano"},"image":{"@id":"https:\/\/centrourbano.com\/revista\/#\/schema\/logo\/image\/"},"sameAs":["https:\/\/www.facebook.com\/portalcentrourbano","https:\/\/x.com\/CentroUrbano","https:\/\/www.instagram.com\/centro_urbano\/","https:\/\/www.linkedin.com\/company\/centro-urbano\/","http:\/\/www.youtube.com\/user\/portalcentrourbano"]},{"@type":"Person","@id":"https:\/\/centrourbano.com\/revista\/#\/schema\/person\/69755154fe97eeebe4fe9394cb318d28","name":"Horacio Urbano","image":{"@type":"ImageObject","inLanguage":"es","@id":"https:\/\/secure.gravatar.com\/avatar\/bf4232bac122249113b7bcc4636a8d0432b9fa8bcce4243f1ed6c1ecb8fe915f?s=96&d=mm&r=g","url":"https:\/\/secure.gravatar.com\/avatar\/bf4232bac122249113b7bcc4636a8d0432b9fa8bcce4243f1ed6c1ecb8fe915f?s=96&d=mm&r=g","contentUrl":"https:\/\/secure.gravatar.com\/avatar\/bf4232bac122249113b7bcc4636a8d0432b9fa8bcce4243f1ed6c1ecb8fe915f?s=96&d=mm&r=g","caption":"Horacio Urbano"},"description":"Horacio Urbano es arquitecto. Su experiencia profesional se ha desarrollado en los diferentes \u00e1mbitos que definen la industria de la vivienda. En 1999 inici\u00f3 un proyecto editorial dirigido a los sectores inmobiliario y construcci\u00f3n que a lo largo de los a\u00f1os se ha convertido en una poderosa plataforma multimedios y en una verdadera referencia para esta industria. Fundador, junto con la tambi\u00e9n arquitecta Roxana Fabris, de Grupo Centro Urbano, firma que impulsa y desarrolla una serie de esfuerzos de comunicaci\u00f3n relacionados con estos sectores. Como parte de su trabajo en M\u00e9xico y el extranjero, ha escrito o participado en una serie de libros especializados, es colaborador de diferentes medios impresos y electr\u00f3nicos, es activo conferencista y bajo diferentes modelos colabora tambi\u00e9n con diversas empresas e instituciones p\u00fablicas y privadas del sector.","sameAs":["http:\/\/horaciourbano.com\/home\/","https:\/\/www.facebook.com\/urbano.horacio\/","https:\/\/x.com\/https:\/\/twitter.com\/horacio_urbano"],"url":"https:\/\/centrourbano.com\/revista\/author\/horacio-urbano\/"}]}},"_links":{"self":[{"href":"https:\/\/centrourbano.com\/revista\/wp-json\/wp\/v2\/posts\/135066","targetHints":{"allow":["GET"]}}],"collection":[{"href":"https:\/\/centrourbano.com\/revista\/wp-json\/wp\/v2\/posts"}],"about":[{"href":"https:\/\/centrourbano.com\/revista\/wp-json\/wp\/v2\/types\/post"}],"author":[{"embeddable":true,"href":"https:\/\/centrourbano.com\/revista\/wp-json\/wp\/v2\/users\/13"}],"replies":[{"embeddable":true,"href":"https:\/\/centrourbano.com\/revista\/wp-json\/wp\/v2\/comments?post=135066"}],"version-history":[{"count":1,"href":"https:\/\/centrourbano.com\/revista\/wp-json\/wp\/v2\/posts\/135066\/revisions"}],"predecessor-version":[{"id":135071,"href":"https:\/\/centrourbano.com\/revista\/wp-json\/wp\/v2\/posts\/135066\/revisions\/135071"}],"wp:featuredmedia":[{"embeddable":true,"href":"https:\/\/centrourbano.com\/revista\/wp-json\/wp\/v2\/media\/135070"}],"wp:attachment":[{"href":"https:\/\/centrourbano.com\/revista\/wp-json\/wp\/v2\/media?parent=135066"}],"wp:term":[{"taxonomy":"category","embeddable":true,"href":"https:\/\/centrourbano.com\/revista\/wp-json\/wp\/v2\/categories?post=135066"},{"taxonomy":"post_tag","embeddable":true,"href":"https:\/\/centrourbano.com\/revista\/wp-json\/wp\/v2\/tags?post=135066"}],"curies":[{"name":"wp","href":"https:\/\/api.w.org\/{rel}","templated":true}]}}