{"id":135053,"date":"2022-10-31T07:00:12","date_gmt":"2022-10-31T13:00:12","guid":{"rendered":"https:\/\/centrourbano.com\/?p=135053"},"modified":"2022-10-31T09:25:00","modified_gmt":"2022-10-31T15:25:00","slug":"la-vivienda-social-esta-desapareciendo-aida-roel","status":"publish","type":"post","link":"https:\/\/centrourbano.com\/revista\/vivienda\/la-vivienda-social-esta-desapareciendo-aida-roel\/","title":{"rendered":"La vivienda social est\u00e1 desapareciendo: Aida Roel"},"content":{"rendered":"<p><em>Una de las razones por las que la vivienda social ir\u00e1 desvaneci\u00e9ndose es el crecimiento en la brecha econ\u00f3mica formal y lo que ofrece el mercado<\/em><!--more--><\/p>\n<p>De acuerdo con Aida Roel fundadora de <a href=\"https:\/\/tratodirecto.com\/\" target=\"_blank\" rel=\"noopener\">Trato Directo<\/a>, la vivienda social est\u00e1 desapareciendo debido a factores como inflaci\u00f3n, salarios de los trabajadores, cultura de inversi\u00f3n entre otros. Ante esta situaci\u00f3n, la especialista en inmobiliaria de vivienda explic\u00f3 algunas causas de este fen\u00f3meno y la manera de sobre llevarlas para poder formar con patrimonio.<\/p>\n<p>Roel indic\u00f3 que una de las razones por las que la vivienda social ir\u00e1 desvaneci\u00e9ndose es el crecimiento en la brecha econ\u00f3mica formal y lo que ofrece el mercado. Y no se trata de la ganancia que quieren recabar los desarrolladores, si no en cuesti\u00f3n de insumos.<\/p>\n<blockquote><p>\u201cNo es cuesti\u00f3n de que (los desarrolladores) se est\u00e1n haciendo ricos, no, para nada. Los insumos est\u00e1n arrastrando de manera importante el costo de las viviendas y a la poblaci\u00f3n de social ya no le alcanza\u201d.<\/p><\/blockquote>\n<p>En ese sentido, explic\u00f3 que, los trabajadores pueden realizar un ahorro de cierta cantidad, sin embargo cuando decidan ocuparlo, las casas habr\u00e1n subido de precio y no tendr\u00e1n fondos para cubrir el saldo faltante.<\/p>\n<h2>Salario vs Inflaci\u00f3n<\/h2>\n<p>De modo que, si bien, organismos como el Instituto del Fondo Nacional de la Vivienda para los Trabajadores (Infonavit), realizan cr\u00e9ditos para que las personas puedan adquirir una vivienda, el dinero otorgado no siempre es suficiente<\/p>\n<blockquote><p>\u201cEl Infonavit abri\u00f3 el esquema de unir cr\u00e9ditos, cada vez es m\u00e1s, que aunque junten dos pues ya se necesitar\u00eda un tercero, y entonces comprometes la capacidad de cr\u00e9dito de varios familiares para resolver una necesidad de vivienda\u201d, indic\u00f3 Roel.<\/p><\/blockquote>\n<p>Por esa raz\u00f3n, para la fundadora de Trato Directo, la principal causa de la desaparici\u00f3n de la vivienda social es el desequilibrio entre salario y costo de la vivienda. Esto en conjunto con la inflaci\u00f3n, ya que la alza en los precios puede provocar que gente que ya pod\u00eda adquirir una vivienda, ya no pueda hacerlo.<\/p>\n<blockquote><p>\u201cTenemos clientes que hace unos meses perfilaban, ya no perfilan. O los que todav\u00eda siguen perfilando dicen \u00abno, es que todo est\u00e1 bien caro, me voy a aguantar\u00bb, O nos hacen cuentas y me dicen que \u00absi pago la casa ya no me alcanza para el gasto\u00bb, ejemplific\u00f3.<\/p><\/blockquote>\n<p>Respecto al salario, Roel intervino que la elecci\u00f3n de la zona para vivir es correspondiente al salario.<\/p>\n<blockquote><p>\u201cImag\u00ednate alguien de que gana ocho mil pesos, pues, \u00bfd\u00f3nde va a vivir?, ni modo que quieras que viva en la Miguel Hidalgo o en la Cuauht\u00e9moc. Lo empiezas a alejar y alejar y alejar y no puedes voltearte para un lado porque tampoco es como que vaya a encontrar renta barata en dentro de la CDMX\u201d.<\/p><\/blockquote>\n<p>Seg\u00fan estad\u00edsticas de Trato Directo, el presupuesto m\u00e1s viable, en cuesti\u00f3n de vivienda es de entre un mill\u00f3n y dos millones; por ese precio pueden encontrarse departamentos o casas peque\u00f1as, ambos nuevos.<\/p>\n<blockquote><p>\u201cEn general por ese precio tienes viviendas de dos a tres rec\u00e1maras y que cuentan con un ba\u00f1o y medio en general, o dos ba\u00f1os y medio; dependiendo de la ciudad\u201d, indic\u00f3 la empresaria.<\/p><\/blockquote>\n<p>Para Roel, otra de las causas del fin de la vivienda social son las zonas en las que se encuentran los desarrollos, ya que el lugar es uno de los puntos determinantes del precio de los inmuebles; ya que los constructores deben procurar que la vivienda sea asequible para el comprador.<\/p>\n<h2>Si hoy te alcanza, adqui\u00e9rela hoy<\/h2>\n<p>A pesar de la situaci\u00f3n actual, Aida Roel explica que es un buen momento de adquirir viviendas a trav\u00e9s de Infonavit debido a las ventajas que el Instituto brinda.<\/p>\n<blockquote><p>\u201cInfonavit ahorita no ha aumentado tasas, si ahorita tienes condiciones para comprar compra ahorita, porque no sabes cu\u00e1nto va a costar el pr\u00f3ximo mes la vivienda. Si hoy te alcanza, adqui\u00e9rela hoy, porque no tenemos certeza de cu\u00e1nto va a costar hacia el fin del a\u00f1o\u201d<\/p><\/blockquote>\n<p>En ese sentido, la fundadora de Trato Directo, explic\u00f3 que en caso de comprar una vivienda por medio de una hipoteca, es mejor no cubrir el pr\u00e9stamo pronto; de esta manera el comprador podr\u00e1 aprovechar las bondades del aumento de la inflaci\u00f3n y de las tasas bancarias<\/p>\n<p>Respecto a esta decisi\u00f3n, Roel indic\u00f3 que es m\u00e1s probable que el precio de la vivienda suba, en vez de que baje.<\/p>\n<blockquote><p>\u201cLa velocidad a la que est\u00e1n subiendo los precios como resultado del aumento de los insumos vs el aumento que tienen sus sueldos, est\u00e1 haciendo que la brecha sea cada vez mayor\u201d, explic\u00f3.<\/p><\/blockquote>\n<p>Otra de las razones para no dejar para despu\u00e9s la compra de un inmueble es que en el tiempo de espera, la econom\u00eda de los trabajadores puede variar; ya sea por cambio de trabajo, de salario o deudas que van adquiriendo en el camino.<\/p>\n<p>En materia de inflaci\u00f3n, la empresaria explic\u00f3 la manera de proceder con un cr\u00e9dito bancario.<\/p>\n<blockquote><p>\u201cVamos a poner un ejemplo, t\u00fa tienes 100,000 pesos ahorrados; y t\u00fa vas a comprar un departamento de es de 2 millones, te piden 200,000 pesos, es mejor que los utilices en eso. Que saques una tasa del 10%, la inflaci\u00f3n pronto va a alcanzar lo que t\u00fa est\u00e1s pagando de tasa; y, entonces realmente lo que pagas pues tiene un impacto m\u00ednimo en tu cartera, porque ya la inflaci\u00f3n sobrepas\u00f3 lo que est\u00e1s pagando y utilizaste bien tu ahorro\u201d.<\/p><\/blockquote>\n<p>Por \u00faltimo, Aida Roel indic\u00f3 que la mejor manera de comprar una vivienda es hacerlo desde una decisi\u00f3n informada. El comprador debe estar consciente de su situaci\u00f3n econ\u00f3mica, de las opciones que brindan los desarrolladores, en cuanto a zonas y precios; adem\u00e1s de los cr\u00e9ditos que tienen disponibles y sus tasas de inter\u00e9s.<\/p>\n","protected":false},"excerpt":{"rendered":"<p>Una de las razones por las que la vivienda social ir\u00e1 desvaneci\u00e9ndose es el crecimiento en la brecha econ\u00f3mica formal y lo que ofrece el mercado<\/p>\n","protected":false},"author":88,"featured_media":135054,"comment_status":"open","ping_status":"closed","sticky":false,"template":"","format":"standard","meta":{"om_disable_all_campaigns":false,"inline_featured_image":false,"_monsterinsights_skip_tracking":false,"_monsterinsights_sitenote_active":false,"_monsterinsights_sitenote_note":"","_monsterinsights_sitenote_category":0,"footnotes":""},"categories":[12],"tags":[22295,553],"class_list":["post-135053","post","type-post","status-publish","format-standard","has-post-thumbnail","hentry","category-vivienda","tag-trato-directo","tag-vivienda-social"],"yoast_head":"<!-- This site is optimized with the Yoast SEO plugin v27.5 - https:\/\/yoast.com\/product\/yoast-seo-wordpress\/ -->\n<title>La vivienda social est\u00e1 desapareciendo: Aida Roel<\/title>\n<meta name=\"description\" content=\"Para Aida Roel, una de las causas de la desaparici\u00f3n de la vivienda social es el desequilibrio entre salario y costo de la vivienda.\" \/>\n<meta name=\"robots\" content=\"index, follow, max-snippet:-1, max-image-preview:large, max-video-preview:-1\" \/>\n<link rel=\"canonical\" href=\"https:\/\/centrourbano.com\/revista\/vivienda\/la-vivienda-social-esta-desapareciendo-aida-roel\/\" \/>\n<meta property=\"og:locale\" content=\"es_ES\" \/>\n<meta property=\"og:type\" content=\"article\" \/>\n<meta property=\"og:title\" content=\"La vivienda social est\u00e1 desapareciendo: Aida Roel\" \/>\n<meta property=\"og:description\" content=\"Para Aida Roel, una de las causas de la desaparici\u00f3n de la vivienda social es el desequilibrio entre salario y costo de la vivienda.\" \/>\n<meta property=\"og:url\" content=\"https:\/\/centrourbano.com\/revista\/vivienda\/la-vivienda-social-esta-desapareciendo-aida-roel\/\" \/>\n<meta property=\"og:site_name\" content=\"Centro Urbano\" \/>\n<meta property=\"article:publisher\" content=\"https:\/\/www.facebook.com\/portalcentrourbano\" \/>\n<meta property=\"article:published_time\" content=\"2022-10-31T13:00:12+00:00\" \/>\n<meta property=\"article:modified_time\" content=\"2022-10-31T15:25:00+00:00\" \/>\n<meta property=\"og:image\" content=\"https:\/\/centrourbano.com\/revista\/wp-content\/uploads\/vivienda-social-1.jpg\" \/>\n\t<meta property=\"og:image:width\" content=\"800\" \/>\n\t<meta property=\"og:image:height\" content=\"800\" \/>\n\t<meta property=\"og:image:type\" content=\"image\/jpeg\" \/>\n<meta name=\"author\" content=\"Rebeca Romero\" \/>\n<meta name=\"twitter:card\" content=\"summary_large_image\" \/>\n<meta name=\"twitter:creator\" content=\"@CentroUrbano\" \/>\n<meta name=\"twitter:site\" content=\"@CentroUrbano\" \/>\n<meta name=\"twitter:label1\" content=\"Escrito por\" \/>\n\t<meta name=\"twitter:data1\" content=\"Rebeca Romero\" \/>\n\t<meta name=\"twitter:label2\" content=\"Tiempo de lectura\" \/>\n\t<meta name=\"twitter:data2\" content=\"5 minutos\" \/>\n<script type=\"application\/ld+json\" class=\"yoast-schema-graph\">{\"@context\":\"https:\\\/\\\/schema.org\",\"@graph\":[{\"@type\":\"Article\",\"@id\":\"https:\\\/\\\/centrourbano.com\\\/revista\\\/vivienda\\\/la-vivienda-social-esta-desapareciendo-aida-roel\\\/#article\",\"isPartOf\":{\"@id\":\"https:\\\/\\\/centrourbano.com\\\/revista\\\/vivienda\\\/la-vivienda-social-esta-desapareciendo-aida-roel\\\/\"},\"author\":{\"name\":\"Rebeca Romero\",\"@id\":\"https:\\\/\\\/centrourbano.com\\\/revista\\\/#\\\/schema\\\/person\\\/c665f1c60da3ad48cd761a707b7090b0\"},\"headline\":\"La vivienda social est\u00e1 desapareciendo: Aida Roel\",\"datePublished\":\"2022-10-31T13:00:12+00:00\",\"dateModified\":\"2022-10-31T15:25:00+00:00\",\"mainEntityOfPage\":{\"@id\":\"https:\\\/\\\/centrourbano.com\\\/revista\\\/vivienda\\\/la-vivienda-social-esta-desapareciendo-aida-roel\\\/\"},\"wordCount\":1016,\"commentCount\":0,\"publisher\":{\"@id\":\"https:\\\/\\\/centrourbano.com\\\/revista\\\/#organization\"},\"image\":{\"@id\":\"https:\\\/\\\/centrourbano.com\\\/revista\\\/vivienda\\\/la-vivienda-social-esta-desapareciendo-aida-roel\\\/#primaryimage\"},\"thumbnailUrl\":\"https:\\\/\\\/centrourbano.com\\\/revista\\\/wp-content\\\/uploads\\\/vivienda-social-1.jpg\",\"keywords\":[\"Trato Directo\",\"Vivienda social\"],\"articleSection\":[\"Vivienda\"],\"inLanguage\":\"es\",\"potentialAction\":[{\"@type\":\"CommentAction\",\"name\":\"Comment\",\"target\":[\"https:\\\/\\\/centrourbano.com\\\/revista\\\/vivienda\\\/la-vivienda-social-esta-desapareciendo-aida-roel\\\/#respond\"]}]},{\"@type\":\"WebPage\",\"@id\":\"https:\\\/\\\/centrourbano.com\\\/revista\\\/vivienda\\\/la-vivienda-social-esta-desapareciendo-aida-roel\\\/\",\"url\":\"https:\\\/\\\/centrourbano.com\\\/revista\\\/vivienda\\\/la-vivienda-social-esta-desapareciendo-aida-roel\\\/\",\"name\":\"La vivienda social est\u00e1 desapareciendo: Aida Roel\",\"isPartOf\":{\"@id\":\"https:\\\/\\\/centrourbano.com\\\/revista\\\/#website\"},\"primaryImageOfPage\":{\"@id\":\"https:\\\/\\\/centrourbano.com\\\/revista\\\/vivienda\\\/la-vivienda-social-esta-desapareciendo-aida-roel\\\/#primaryimage\"},\"image\":{\"@id\":\"https:\\\/\\\/centrourbano.com\\\/revista\\\/vivienda\\\/la-vivienda-social-esta-desapareciendo-aida-roel\\\/#primaryimage\"},\"thumbnailUrl\":\"https:\\\/\\\/centrourbano.com\\\/revista\\\/wp-content\\\/uploads\\\/vivienda-social-1.jpg\",\"datePublished\":\"2022-10-31T13:00:12+00:00\",\"dateModified\":\"2022-10-31T15:25:00+00:00\",\"description\":\"Para Aida Roel, una de las causas de la desaparici\u00f3n de la vivienda social es el desequilibrio entre salario y costo de la vivienda.\",\"breadcrumb\":{\"@id\":\"https:\\\/\\\/centrourbano.com\\\/revista\\\/vivienda\\\/la-vivienda-social-esta-desapareciendo-aida-roel\\\/#breadcrumb\"},\"inLanguage\":\"es\",\"potentialAction\":[{\"@type\":\"ReadAction\",\"target\":[\"https:\\\/\\\/centrourbano.com\\\/revista\\\/vivienda\\\/la-vivienda-social-esta-desapareciendo-aida-roel\\\/\"]}]},{\"@type\":\"ImageObject\",\"inLanguage\":\"es\",\"@id\":\"https:\\\/\\\/centrourbano.com\\\/revista\\\/vivienda\\\/la-vivienda-social-esta-desapareciendo-aida-roel\\\/#primaryimage\",\"url\":\"https:\\\/\\\/centrourbano.com\\\/revista\\\/wp-content\\\/uploads\\\/vivienda-social-1.jpg\",\"contentUrl\":\"https:\\\/\\\/centrourbano.com\\\/revista\\\/wp-content\\\/uploads\\\/vivienda-social-1.jpg\",\"width\":800,\"height\":800,\"caption\":\"La vivienda social est\u00e1 desapareciendo: Aida Roel\"},{\"@type\":\"BreadcrumbList\",\"@id\":\"https:\\\/\\\/centrourbano.com\\\/revista\\\/vivienda\\\/la-vivienda-social-esta-desapareciendo-aida-roel\\\/#breadcrumb\",\"itemListElement\":[{\"@type\":\"ListItem\",\"position\":1,\"name\":\"Portada\",\"item\":\"https:\\\/\\\/centrourbano.com\\\/revista\\\/\"},{\"@type\":\"ListItem\",\"position\":2,\"name\":\"La vivienda social est\u00e1 desapareciendo: Aida Roel\"}]},{\"@type\":\"WebSite\",\"@id\":\"https:\\\/\\\/centrourbano.com\\\/revista\\\/#website\",\"url\":\"https:\\\/\\\/centrourbano.com\\\/revista\\\/\",\"name\":\"Centro Urbano\",\"description\":\"Medio especializado en los sectores vivienda, inmobiliario, construcci\u00f3n, arquitectura y urbanismo.\",\"publisher\":{\"@id\":\"https:\\\/\\\/centrourbano.com\\\/revista\\\/#organization\"},\"potentialAction\":[{\"@type\":\"SearchAction\",\"target\":{\"@type\":\"EntryPoint\",\"urlTemplate\":\"https:\\\/\\\/centrourbano.com\\\/revista\\\/?s={search_term_string}\"},\"query-input\":{\"@type\":\"PropertyValueSpecification\",\"valueRequired\":true,\"valueName\":\"search_term_string\"}}],\"inLanguage\":\"es\"},{\"@type\":\"Organization\",\"@id\":\"https:\\\/\\\/centrourbano.com\\\/revista\\\/#organization\",\"name\":\"Centro Urbano\",\"url\":\"https:\\\/\\\/centrourbano.com\\\/revista\\\/\",\"logo\":{\"@type\":\"ImageObject\",\"inLanguage\":\"es\",\"@id\":\"https:\\\/\\\/centrourbano.com\\\/revista\\\/#\\\/schema\\\/logo\\\/image\\\/\",\"url\":\"https:\\\/\\\/centrourbano.com\\\/revista\\\/wp-content\\\/uploads\\\/web_CU_logo-1.png\",\"contentUrl\":\"https:\\\/\\\/centrourbano.com\\\/revista\\\/wp-content\\\/uploads\\\/web_CU_logo-1.png\",\"width\":350,\"height\":91,\"caption\":\"Centro Urbano\"},\"image\":{\"@id\":\"https:\\\/\\\/centrourbano.com\\\/revista\\\/#\\\/schema\\\/logo\\\/image\\\/\"},\"sameAs\":[\"https:\\\/\\\/www.facebook.com\\\/portalcentrourbano\",\"https:\\\/\\\/x.com\\\/CentroUrbano\",\"https:\\\/\\\/www.instagram.com\\\/centro_urbano\\\/\",\"https:\\\/\\\/www.linkedin.com\\\/company\\\/centro-urbano\\\/\",\"http:\\\/\\\/www.youtube.com\\\/user\\\/portalcentrourbano\"]},{\"@type\":\"Person\",\"@id\":\"https:\\\/\\\/centrourbano.com\\\/revista\\\/#\\\/schema\\\/person\\\/c665f1c60da3ad48cd761a707b7090b0\",\"name\":\"Rebeca Romero\",\"image\":{\"@type\":\"ImageObject\",\"inLanguage\":\"es\",\"@id\":\"https:\\\/\\\/secure.gravatar.com\\\/avatar\\\/aee0068ae3cc041082e0e84a8258fe5ccc00a733f187bde73b0b40d86b892826?s=96&d=mm&r=g\",\"url\":\"https:\\\/\\\/secure.gravatar.com\\\/avatar\\\/aee0068ae3cc041082e0e84a8258fe5ccc00a733f187bde73b0b40d86b892826?s=96&d=mm&r=g\",\"contentUrl\":\"https:\\\/\\\/secure.gravatar.com\\\/avatar\\\/aee0068ae3cc041082e0e84a8258fe5ccc00a733f187bde73b0b40d86b892826?s=96&d=mm&r=g\",\"caption\":\"Rebeca Romero\"},\"url\":\"https:\\\/\\\/centrourbano.com\\\/revista\\\/author\\\/rebeca-romero\\\/\"}]}<\/script>\n<!-- \/ Yoast SEO plugin. -->","yoast_head_json":{"title":"La vivienda social est\u00e1 desapareciendo: Aida Roel","description":"Para Aida Roel, una de las causas de la desaparici\u00f3n de la vivienda social es el desequilibrio entre salario y costo de la vivienda.","robots":{"index":"index","follow":"follow","max-snippet":"max-snippet:-1","max-image-preview":"max-image-preview:large","max-video-preview":"max-video-preview:-1"},"canonical":"https:\/\/centrourbano.com\/revista\/vivienda\/la-vivienda-social-esta-desapareciendo-aida-roel\/","og_locale":"es_ES","og_type":"article","og_title":"La vivienda social est\u00e1 desapareciendo: Aida Roel","og_description":"Para Aida Roel, una de las causas de la desaparici\u00f3n de la vivienda social es el desequilibrio entre salario y costo de la vivienda.","og_url":"https:\/\/centrourbano.com\/revista\/vivienda\/la-vivienda-social-esta-desapareciendo-aida-roel\/","og_site_name":"Centro Urbano","article_publisher":"https:\/\/www.facebook.com\/portalcentrourbano","article_published_time":"2022-10-31T13:00:12+00:00","article_modified_time":"2022-10-31T15:25:00+00:00","og_image":[{"width":800,"height":800,"url":"https:\/\/centrourbano.com\/revista\/wp-content\/uploads\/vivienda-social-1.jpg","type":"image\/jpeg"}],"author":"Rebeca Romero","twitter_card":"summary_large_image","twitter_creator":"@CentroUrbano","twitter_site":"@CentroUrbano","twitter_misc":{"Escrito por":"Rebeca Romero","Tiempo de lectura":"5 minutos"},"schema":{"@context":"https:\/\/schema.org","@graph":[{"@type":"Article","@id":"https:\/\/centrourbano.com\/revista\/vivienda\/la-vivienda-social-esta-desapareciendo-aida-roel\/#article","isPartOf":{"@id":"https:\/\/centrourbano.com\/revista\/vivienda\/la-vivienda-social-esta-desapareciendo-aida-roel\/"},"author":{"name":"Rebeca Romero","@id":"https:\/\/centrourbano.com\/revista\/#\/schema\/person\/c665f1c60da3ad48cd761a707b7090b0"},"headline":"La vivienda social est\u00e1 desapareciendo: Aida Roel","datePublished":"2022-10-31T13:00:12+00:00","dateModified":"2022-10-31T15:25:00+00:00","mainEntityOfPage":{"@id":"https:\/\/centrourbano.com\/revista\/vivienda\/la-vivienda-social-esta-desapareciendo-aida-roel\/"},"wordCount":1016,"commentCount":0,"publisher":{"@id":"https:\/\/centrourbano.com\/revista\/#organization"},"image":{"@id":"https:\/\/centrourbano.com\/revista\/vivienda\/la-vivienda-social-esta-desapareciendo-aida-roel\/#primaryimage"},"thumbnailUrl":"https:\/\/centrourbano.com\/revista\/wp-content\/uploads\/vivienda-social-1.jpg","keywords":["Trato Directo","Vivienda social"],"articleSection":["Vivienda"],"inLanguage":"es","potentialAction":[{"@type":"CommentAction","name":"Comment","target":["https:\/\/centrourbano.com\/revista\/vivienda\/la-vivienda-social-esta-desapareciendo-aida-roel\/#respond"]}]},{"@type":"WebPage","@id":"https:\/\/centrourbano.com\/revista\/vivienda\/la-vivienda-social-esta-desapareciendo-aida-roel\/","url":"https:\/\/centrourbano.com\/revista\/vivienda\/la-vivienda-social-esta-desapareciendo-aida-roel\/","name":"La vivienda social est\u00e1 desapareciendo: Aida Roel","isPartOf":{"@id":"https:\/\/centrourbano.com\/revista\/#website"},"primaryImageOfPage":{"@id":"https:\/\/centrourbano.com\/revista\/vivienda\/la-vivienda-social-esta-desapareciendo-aida-roel\/#primaryimage"},"image":{"@id":"https:\/\/centrourbano.com\/revista\/vivienda\/la-vivienda-social-esta-desapareciendo-aida-roel\/#primaryimage"},"thumbnailUrl":"https:\/\/centrourbano.com\/revista\/wp-content\/uploads\/vivienda-social-1.jpg","datePublished":"2022-10-31T13:00:12+00:00","dateModified":"2022-10-31T15:25:00+00:00","description":"Para Aida Roel, una de las causas de la desaparici\u00f3n de la vivienda social es el desequilibrio entre salario y costo de la vivienda.","breadcrumb":{"@id":"https:\/\/centrourbano.com\/revista\/vivienda\/la-vivienda-social-esta-desapareciendo-aida-roel\/#breadcrumb"},"inLanguage":"es","potentialAction":[{"@type":"ReadAction","target":["https:\/\/centrourbano.com\/revista\/vivienda\/la-vivienda-social-esta-desapareciendo-aida-roel\/"]}]},{"@type":"ImageObject","inLanguage":"es","@id":"https:\/\/centrourbano.com\/revista\/vivienda\/la-vivienda-social-esta-desapareciendo-aida-roel\/#primaryimage","url":"https:\/\/centrourbano.com\/revista\/wp-content\/uploads\/vivienda-social-1.jpg","contentUrl":"https:\/\/centrourbano.com\/revista\/wp-content\/uploads\/vivienda-social-1.jpg","width":800,"height":800,"caption":"La vivienda social est\u00e1 desapareciendo: Aida Roel"},{"@type":"BreadcrumbList","@id":"https:\/\/centrourbano.com\/revista\/vivienda\/la-vivienda-social-esta-desapareciendo-aida-roel\/#breadcrumb","itemListElement":[{"@type":"ListItem","position":1,"name":"Portada","item":"https:\/\/centrourbano.com\/revista\/"},{"@type":"ListItem","position":2,"name":"La vivienda social est\u00e1 desapareciendo: Aida Roel"}]},{"@type":"WebSite","@id":"https:\/\/centrourbano.com\/revista\/#website","url":"https:\/\/centrourbano.com\/revista\/","name":"Centro Urbano","description":"Medio especializado en los sectores vivienda, inmobiliario, construcci\u00f3n, arquitectura y urbanismo.","publisher":{"@id":"https:\/\/centrourbano.com\/revista\/#organization"},"potentialAction":[{"@type":"SearchAction","target":{"@type":"EntryPoint","urlTemplate":"https:\/\/centrourbano.com\/revista\/?s={search_term_string}"},"query-input":{"@type":"PropertyValueSpecification","valueRequired":true,"valueName":"search_term_string"}}],"inLanguage":"es"},{"@type":"Organization","@id":"https:\/\/centrourbano.com\/revista\/#organization","name":"Centro Urbano","url":"https:\/\/centrourbano.com\/revista\/","logo":{"@type":"ImageObject","inLanguage":"es","@id":"https:\/\/centrourbano.com\/revista\/#\/schema\/logo\/image\/","url":"https:\/\/centrourbano.com\/revista\/wp-content\/uploads\/web_CU_logo-1.png","contentUrl":"https:\/\/centrourbano.com\/revista\/wp-content\/uploads\/web_CU_logo-1.png","width":350,"height":91,"caption":"Centro Urbano"},"image":{"@id":"https:\/\/centrourbano.com\/revista\/#\/schema\/logo\/image\/"},"sameAs":["https:\/\/www.facebook.com\/portalcentrourbano","https:\/\/x.com\/CentroUrbano","https:\/\/www.instagram.com\/centro_urbano\/","https:\/\/www.linkedin.com\/company\/centro-urbano\/","http:\/\/www.youtube.com\/user\/portalcentrourbano"]},{"@type":"Person","@id":"https:\/\/centrourbano.com\/revista\/#\/schema\/person\/c665f1c60da3ad48cd761a707b7090b0","name":"Rebeca Romero","image":{"@type":"ImageObject","inLanguage":"es","@id":"https:\/\/secure.gravatar.com\/avatar\/aee0068ae3cc041082e0e84a8258fe5ccc00a733f187bde73b0b40d86b892826?s=96&d=mm&r=g","url":"https:\/\/secure.gravatar.com\/avatar\/aee0068ae3cc041082e0e84a8258fe5ccc00a733f187bde73b0b40d86b892826?s=96&d=mm&r=g","contentUrl":"https:\/\/secure.gravatar.com\/avatar\/aee0068ae3cc041082e0e84a8258fe5ccc00a733f187bde73b0b40d86b892826?s=96&d=mm&r=g","caption":"Rebeca Romero"},"url":"https:\/\/centrourbano.com\/revista\/author\/rebeca-romero\/"}]}},"_links":{"self":[{"href":"https:\/\/centrourbano.com\/revista\/wp-json\/wp\/v2\/posts\/135053","targetHints":{"allow":["GET"]}}],"collection":[{"href":"https:\/\/centrourbano.com\/revista\/wp-json\/wp\/v2\/posts"}],"about":[{"href":"https:\/\/centrourbano.com\/revista\/wp-json\/wp\/v2\/types\/post"}],"author":[{"embeddable":true,"href":"https:\/\/centrourbano.com\/revista\/wp-json\/wp\/v2\/users\/88"}],"replies":[{"embeddable":true,"href":"https:\/\/centrourbano.com\/revista\/wp-json\/wp\/v2\/comments?post=135053"}],"version-history":[{"count":3,"href":"https:\/\/centrourbano.com\/revista\/wp-json\/wp\/v2\/posts\/135053\/revisions"}],"predecessor-version":[{"id":135064,"href":"https:\/\/centrourbano.com\/revista\/wp-json\/wp\/v2\/posts\/135053\/revisions\/135064"}],"wp:featuredmedia":[{"embeddable":true,"href":"https:\/\/centrourbano.com\/revista\/wp-json\/wp\/v2\/media\/135054"}],"wp:attachment":[{"href":"https:\/\/centrourbano.com\/revista\/wp-json\/wp\/v2\/media?parent=135053"}],"wp:term":[{"taxonomy":"category","embeddable":true,"href":"https:\/\/centrourbano.com\/revista\/wp-json\/wp\/v2\/categories?post=135053"},{"taxonomy":"post_tag","embeddable":true,"href":"https:\/\/centrourbano.com\/revista\/wp-json\/wp\/v2\/tags?post=135053"}],"curies":[{"name":"wp","href":"https:\/\/api.w.org\/{rel}","templated":true}]}}