{"id":134898,"date":"2022-10-26T08:15:18","date_gmt":"2022-10-26T13:15:18","guid":{"rendered":"https:\/\/centrourbano.com\/?p=134898"},"modified":"2022-10-26T02:39:53","modified_gmt":"2022-10-26T07:39:53","slug":"pandemia-contaminantes-cdmx","status":"publish","type":"post","link":"https:\/\/centrourbano.com\/revista\/urbanismo\/pandemia-contaminantes-cdmx\/","title":{"rendered":"Pandemia ayud\u00f3 a reducir contaminantes en el aire de la CDMX: BBVA"},"content":{"rendered":"<p><em>De acuerdo con un estudio, durante el segundo y tercer trimestre de 2020, los niveles de concentraci\u00f3n de los contaminantes decrecieron significativamente<\/em><!--more--><\/p>\n<p>De acuerdo con un estudio de <strong>BBVA Research<\/strong>, el cierre de las actividades econ\u00f3micas y la restricci\u00f3n a la movilidad a causa de la pandemia por Covid-19 propiciaron una reducci\u00f3n en los niveles de concentraci\u00f3n de los <strong>contaminantes en el aire de la Zona Metropolitana de la Ciudad de M\u00e9xico<\/strong> (<strong>ZMCDMX<\/strong>).<\/p>\n<p>El estudio revel\u00f3 que, durante el segundo y tercer trimestre de 2020, los niveles de concentraci\u00f3n de los contaminantes de <strong>Di\u00f3xido de azufre<\/strong> (SO2), <strong>\u00d3xido de nitr\u00f3geno<\/strong> (NOX), <strong>Mon\u00f3xido de nitr\u00f3geno<\/strong> (NO), <strong>Di\u00f3xido de nitr\u00f3geno<\/strong> (NO2), <strong>Mon\u00f3xido de carbono<\/strong> (CO) y <strong>Part\u00edculas de fracci\u00f3n gruesa<\/strong> (PCMO) tuvieron una disminuci\u00f3n significativa con respecto al periodo prepandemia.<\/p>\n<p>Pero, por otro lado, los niveles de <strong>Ozono<\/strong> (O3) presentaron un aumento significativo en el segundo trimestre de 2020 en comparaci\u00f3n con a\u00f1os anteriores.<\/p>\n<p>En t\u00e9rminos de elasticidades, los resultados obtenidos indicaron que, entre el 15 de febrero de 2020 y el 30 de junio de 2021 en la ZMCDMX, la disminuci\u00f3n de 1% en la <strong>movilidad<\/strong> redujo la concentraci\u00f3n de los contaminantes SO2, NO, NO2, NOX, CO y PMCO entre 0.40% y 1.47%. En contraste, por cada punto porcentual que decreci\u00f3 la movilidad, los niveles de O3 se incrementaron en 0.37 por ciento.<\/p>\n<p>No obstante, con la paulatina reapertura de las actividades econ\u00f3micas y el regreso a la nueva normalidad, a partir del <strong>cuarto trimestre de 2020<\/strong> la concentraci\u00f3n en el aire de los contaminantes ya se ubican en sus niveles prepandemia.<\/p>\n<p>\u201cEn s\u00edntesis, los efectos de la pandemia, si bien temporales, fueron favorables en la disminuci\u00f3n de los contaminantes de la ZMCDMX. Sin embargo, es necesario implementar programas que atiendan no solo la reducci\u00f3n de fuentes m\u00f3viles de contaminaci\u00f3n; sino programas integrales que atiendan la contribuci\u00f3n de emisiones de fuentes de \u00e1rea\u201d, se\u00f1ala el estudio.<\/p>\n","protected":false},"excerpt":{"rendered":"<p>De acuerdo con un estudio, durante el segundo y tercer trimestre de 2020, los niveles de concentraci\u00f3n de los contaminantes decrecieron significativamente<\/p>\n","protected":false},"author":73,"featured_media":134899,"comment_status":"open","ping_status":"closed","sticky":false,"template":"","format":"standard","meta":{"om_disable_all_campaigns":false,"inline_featured_image":false,"_monsterinsights_skip_tracking":false,"_monsterinsights_sitenote_active":false,"_monsterinsights_sitenote_note":"","_monsterinsights_sitenote_category":0,"footnotes":""},"categories":[82],"tags":[1053,10567,12914,13858,17777,14801],"class_list":["post-134898","post","type-post","status-publish","format-standard","has-post-thumbnail","hentry","category-urbanismo","tag-bbva","tag-calidad-del-aire","tag-confinamiento","tag-contaminantes","tag-pandemia","tag-zona-metropolitana-de-la-ciudad-de-mexico"],"yoast_head":"<!-- This site is optimized with the Yoast SEO plugin v27.5 - https:\/\/yoast.com\/product\/yoast-seo-wordpress\/ -->\n<title>Pandemia ayud\u00f3 a reducir contaminantes en el aire de la CDMX: BBVA<\/title>\n<meta name=\"description\" content=\"De acuerdo con un estudio, durante el segundo y tercer trimestre de 2020, los niveles de concentraci\u00f3n de los contaminantes decrecieron\" \/>\n<meta name=\"robots\" content=\"index, follow, max-snippet:-1, max-image-preview:large, max-video-preview:-1\" \/>\n<link rel=\"canonical\" href=\"https:\/\/centrourbano.com\/revista\/urbanismo\/pandemia-contaminantes-cdmx\/\" \/>\n<meta property=\"og:locale\" content=\"es_ES\" \/>\n<meta property=\"og:type\" content=\"article\" \/>\n<meta property=\"og:title\" content=\"Pandemia ayud\u00f3 a reducir contaminantes en el aire de la CDMX: BBVA\" \/>\n<meta property=\"og:description\" content=\"De acuerdo con un estudio, durante el segundo y tercer trimestre de 2020, los niveles de concentraci\u00f3n de los contaminantes decrecieron\" \/>\n<meta property=\"og:url\" content=\"https:\/\/centrourbano.com\/revista\/urbanismo\/pandemia-contaminantes-cdmx\/\" \/>\n<meta property=\"og:site_name\" content=\"Centro Urbano\" \/>\n<meta property=\"article:publisher\" content=\"https:\/\/www.facebook.com\/portalcentrourbano\" \/>\n<meta property=\"article:published_time\" content=\"2022-10-26T13:15:18+00:00\" \/>\n<meta property=\"og:image\" content=\"https:\/\/centrourbano.com\/revista\/wp-content\/uploads\/Pandemia-ayudo-a-reducir-contaminantes-en-el-aire-de-la-CDMX-BBVA.jpg\" \/>\n\t<meta property=\"og:image:width\" content=\"500\" \/>\n\t<meta property=\"og:image:height\" content=\"450\" \/>\n\t<meta property=\"og:image:type\" content=\"image\/jpeg\" \/>\n<meta name=\"author\" content=\"Fernanda Hern\u00e1ndez\" \/>\n<meta name=\"twitter:card\" content=\"summary_large_image\" \/>\n<meta name=\"twitter:creator\" content=\"@https:\/\/twitter.com\/Nannz_Hernandez\" \/>\n<meta name=\"twitter:site\" content=\"@CentroUrbano\" \/>\n<meta name=\"twitter:label1\" content=\"Escrito por\" \/>\n\t<meta name=\"twitter:data1\" content=\"Fernanda Hern\u00e1ndez\" \/>\n\t<meta name=\"twitter:label2\" content=\"Tiempo de lectura\" \/>\n\t<meta name=\"twitter:data2\" content=\"2 minutos\" \/>\n<script type=\"application\/ld+json\" class=\"yoast-schema-graph\">{\"@context\":\"https:\\\/\\\/schema.org\",\"@graph\":[{\"@type\":\"Article\",\"@id\":\"https:\\\/\\\/centrourbano.com\\\/revista\\\/urbanismo\\\/pandemia-contaminantes-cdmx\\\/#article\",\"isPartOf\":{\"@id\":\"https:\\\/\\\/centrourbano.com\\\/revista\\\/urbanismo\\\/pandemia-contaminantes-cdmx\\\/\"},\"author\":{\"name\":\"Fernanda Hern\u00e1ndez\",\"@id\":\"https:\\\/\\\/centrourbano.com\\\/revista\\\/#\\\/schema\\\/person\\\/b190b20bbbceb41ec72278c546fa8df3\"},\"headline\":\"Pandemia ayud\u00f3 a reducir contaminantes en el aire de la CDMX: BBVA\",\"datePublished\":\"2022-10-26T13:15:18+00:00\",\"mainEntityOfPage\":{\"@id\":\"https:\\\/\\\/centrourbano.com\\\/revista\\\/urbanismo\\\/pandemia-contaminantes-cdmx\\\/\"},\"wordCount\":346,\"commentCount\":0,\"publisher\":{\"@id\":\"https:\\\/\\\/centrourbano.com\\\/revista\\\/#organization\"},\"image\":{\"@id\":\"https:\\\/\\\/centrourbano.com\\\/revista\\\/urbanismo\\\/pandemia-contaminantes-cdmx\\\/#primaryimage\"},\"thumbnailUrl\":\"https:\\\/\\\/centrourbano.com\\\/revista\\\/wp-content\\\/uploads\\\/Pandemia-ayudo-a-reducir-contaminantes-en-el-aire-de-la-CDMX-BBVA.jpg\",\"keywords\":[\"BBVA\",\"Calidad del aire\",\"confinamiento\",\"contaminantes\",\"pandemia\",\"Zona Metropolitana de la Ciudad de M\u00e9xico\"],\"articleSection\":[\"Urbanismo\"],\"inLanguage\":\"es\",\"potentialAction\":[{\"@type\":\"CommentAction\",\"name\":\"Comment\",\"target\":[\"https:\\\/\\\/centrourbano.com\\\/revista\\\/urbanismo\\\/pandemia-contaminantes-cdmx\\\/#respond\"]}]},{\"@type\":\"WebPage\",\"@id\":\"https:\\\/\\\/centrourbano.com\\\/revista\\\/urbanismo\\\/pandemia-contaminantes-cdmx\\\/\",\"url\":\"https:\\\/\\\/centrourbano.com\\\/revista\\\/urbanismo\\\/pandemia-contaminantes-cdmx\\\/\",\"name\":\"Pandemia ayud\u00f3 a reducir contaminantes en el aire de la CDMX: BBVA\",\"isPartOf\":{\"@id\":\"https:\\\/\\\/centrourbano.com\\\/revista\\\/#website\"},\"primaryImageOfPage\":{\"@id\":\"https:\\\/\\\/centrourbano.com\\\/revista\\\/urbanismo\\\/pandemia-contaminantes-cdmx\\\/#primaryimage\"},\"image\":{\"@id\":\"https:\\\/\\\/centrourbano.com\\\/revista\\\/urbanismo\\\/pandemia-contaminantes-cdmx\\\/#primaryimage\"},\"thumbnailUrl\":\"https:\\\/\\\/centrourbano.com\\\/revista\\\/wp-content\\\/uploads\\\/Pandemia-ayudo-a-reducir-contaminantes-en-el-aire-de-la-CDMX-BBVA.jpg\",\"datePublished\":\"2022-10-26T13:15:18+00:00\",\"description\":\"De acuerdo con un estudio, durante el segundo y tercer trimestre de 2020, los niveles de concentraci\u00f3n de los contaminantes decrecieron\",\"breadcrumb\":{\"@id\":\"https:\\\/\\\/centrourbano.com\\\/revista\\\/urbanismo\\\/pandemia-contaminantes-cdmx\\\/#breadcrumb\"},\"inLanguage\":\"es\",\"potentialAction\":[{\"@type\":\"ReadAction\",\"target\":[\"https:\\\/\\\/centrourbano.com\\\/revista\\\/urbanismo\\\/pandemia-contaminantes-cdmx\\\/\"]}]},{\"@type\":\"ImageObject\",\"inLanguage\":\"es\",\"@id\":\"https:\\\/\\\/centrourbano.com\\\/revista\\\/urbanismo\\\/pandemia-contaminantes-cdmx\\\/#primaryimage\",\"url\":\"https:\\\/\\\/centrourbano.com\\\/revista\\\/wp-content\\\/uploads\\\/Pandemia-ayudo-a-reducir-contaminantes-en-el-aire-de-la-CDMX-BBVA.jpg\",\"contentUrl\":\"https:\\\/\\\/centrourbano.com\\\/revista\\\/wp-content\\\/uploads\\\/Pandemia-ayudo-a-reducir-contaminantes-en-el-aire-de-la-CDMX-BBVA.jpg\",\"width\":500,\"height\":450,\"caption\":\"De acuerdo con un estudio, durante el segundo y tercer trimestre de 2020, los niveles de concentraci\u00f3n de los contaminantes decrecieron significativamente\"},{\"@type\":\"BreadcrumbList\",\"@id\":\"https:\\\/\\\/centrourbano.com\\\/revista\\\/urbanismo\\\/pandemia-contaminantes-cdmx\\\/#breadcrumb\",\"itemListElement\":[{\"@type\":\"ListItem\",\"position\":1,\"name\":\"Portada\",\"item\":\"https:\\\/\\\/centrourbano.com\\\/revista\\\/\"},{\"@type\":\"ListItem\",\"position\":2,\"name\":\"Pandemia ayud\u00f3 a reducir contaminantes en el aire de la CDMX: BBVA\"}]},{\"@type\":\"WebSite\",\"@id\":\"https:\\\/\\\/centrourbano.com\\\/revista\\\/#website\",\"url\":\"https:\\\/\\\/centrourbano.com\\\/revista\\\/\",\"name\":\"Centro Urbano\",\"description\":\"Medio especializado en los sectores vivienda, inmobiliario, construcci\u00f3n, arquitectura y urbanismo.\",\"publisher\":{\"@id\":\"https:\\\/\\\/centrourbano.com\\\/revista\\\/#organization\"},\"potentialAction\":[{\"@type\":\"SearchAction\",\"target\":{\"@type\":\"EntryPoint\",\"urlTemplate\":\"https:\\\/\\\/centrourbano.com\\\/revista\\\/?s={search_term_string}\"},\"query-input\":{\"@type\":\"PropertyValueSpecification\",\"valueRequired\":true,\"valueName\":\"search_term_string\"}}],\"inLanguage\":\"es\"},{\"@type\":\"Organization\",\"@id\":\"https:\\\/\\\/centrourbano.com\\\/revista\\\/#organization\",\"name\":\"Centro Urbano\",\"url\":\"https:\\\/\\\/centrourbano.com\\\/revista\\\/\",\"logo\":{\"@type\":\"ImageObject\",\"inLanguage\":\"es\",\"@id\":\"https:\\\/\\\/centrourbano.com\\\/revista\\\/#\\\/schema\\\/logo\\\/image\\\/\",\"url\":\"https:\\\/\\\/centrourbano.com\\\/revista\\\/wp-content\\\/uploads\\\/web_CU_logo-1.png\",\"contentUrl\":\"https:\\\/\\\/centrourbano.com\\\/revista\\\/wp-content\\\/uploads\\\/web_CU_logo-1.png\",\"width\":350,\"height\":91,\"caption\":\"Centro Urbano\"},\"image\":{\"@id\":\"https:\\\/\\\/centrourbano.com\\\/revista\\\/#\\\/schema\\\/logo\\\/image\\\/\"},\"sameAs\":[\"https:\\\/\\\/www.facebook.com\\\/portalcentrourbano\",\"https:\\\/\\\/x.com\\\/CentroUrbano\",\"https:\\\/\\\/www.instagram.com\\\/centro_urbano\\\/\",\"https:\\\/\\\/www.linkedin.com\\\/company\\\/centro-urbano\\\/\",\"http:\\\/\\\/www.youtube.com\\\/user\\\/portalcentrourbano\"]},{\"@type\":\"Person\",\"@id\":\"https:\\\/\\\/centrourbano.com\\\/revista\\\/#\\\/schema\\\/person\\\/b190b20bbbceb41ec72278c546fa8df3\",\"name\":\"Fernanda Hern\u00e1ndez\",\"image\":{\"@type\":\"ImageObject\",\"inLanguage\":\"es\",\"@id\":\"https:\\\/\\\/secure.gravatar.com\\\/avatar\\\/9471831fb0a24eae9d32d826a7cb8ef07c34a41520aca1a0ab1f5c0903ba49b9?s=96&d=mm&r=g\",\"url\":\"https:\\\/\\\/secure.gravatar.com\\\/avatar\\\/9471831fb0a24eae9d32d826a7cb8ef07c34a41520aca1a0ab1f5c0903ba49b9?s=96&d=mm&r=g\",\"contentUrl\":\"https:\\\/\\\/secure.gravatar.com\\\/avatar\\\/9471831fb0a24eae9d32d826a7cb8ef07c34a41520aca1a0ab1f5c0903ba49b9?s=96&d=mm&r=g\",\"caption\":\"Fernanda Hern\u00e1ndez\"},\"description\":\"Reportera y redactora en Centro Urbano. Soy egresada de la licenciatura en Ciencias de la Comunicaci\u00f3n de la Facultad de Ciencias Pol\u00edticas y Sociales (UNAM). Me interesa la cultura, el urbanismo y la arquitectura. Amante del mundo digital, el cine, la m\u00fasica, la lectura y la escritura.\",\"sameAs\":[\"https:\\\/\\\/x.com\\\/https:\\\/\\\/twitter.com\\\/Nannz_Hernandez\"],\"url\":\"https:\\\/\\\/centrourbano.com\\\/revista\\\/author\\\/fernanda-hernandez\\\/\"}]}<\/script>\n<!-- \/ Yoast SEO plugin. -->","yoast_head_json":{"title":"Pandemia ayud\u00f3 a reducir contaminantes en el aire de la CDMX: BBVA","description":"De acuerdo con un estudio, durante el segundo y tercer trimestre de 2020, los niveles de concentraci\u00f3n de los contaminantes decrecieron","robots":{"index":"index","follow":"follow","max-snippet":"max-snippet:-1","max-image-preview":"max-image-preview:large","max-video-preview":"max-video-preview:-1"},"canonical":"https:\/\/centrourbano.com\/revista\/urbanismo\/pandemia-contaminantes-cdmx\/","og_locale":"es_ES","og_type":"article","og_title":"Pandemia ayud\u00f3 a reducir contaminantes en el aire de la CDMX: BBVA","og_description":"De acuerdo con un estudio, durante el segundo y tercer trimestre de 2020, los niveles de concentraci\u00f3n de los contaminantes decrecieron","og_url":"https:\/\/centrourbano.com\/revista\/urbanismo\/pandemia-contaminantes-cdmx\/","og_site_name":"Centro Urbano","article_publisher":"https:\/\/www.facebook.com\/portalcentrourbano","article_published_time":"2022-10-26T13:15:18+00:00","og_image":[{"width":500,"height":450,"url":"https:\/\/centrourbano.com\/revista\/wp-content\/uploads\/Pandemia-ayudo-a-reducir-contaminantes-en-el-aire-de-la-CDMX-BBVA.jpg","type":"image\/jpeg"}],"author":"Fernanda Hern\u00e1ndez","twitter_card":"summary_large_image","twitter_creator":"@https:\/\/twitter.com\/Nannz_Hernandez","twitter_site":"@CentroUrbano","twitter_misc":{"Escrito por":"Fernanda Hern\u00e1ndez","Tiempo de lectura":"2 minutos"},"schema":{"@context":"https:\/\/schema.org","@graph":[{"@type":"Article","@id":"https:\/\/centrourbano.com\/revista\/urbanismo\/pandemia-contaminantes-cdmx\/#article","isPartOf":{"@id":"https:\/\/centrourbano.com\/revista\/urbanismo\/pandemia-contaminantes-cdmx\/"},"author":{"name":"Fernanda Hern\u00e1ndez","@id":"https:\/\/centrourbano.com\/revista\/#\/schema\/person\/b190b20bbbceb41ec72278c546fa8df3"},"headline":"Pandemia ayud\u00f3 a reducir contaminantes en el aire de la CDMX: BBVA","datePublished":"2022-10-26T13:15:18+00:00","mainEntityOfPage":{"@id":"https:\/\/centrourbano.com\/revista\/urbanismo\/pandemia-contaminantes-cdmx\/"},"wordCount":346,"commentCount":0,"publisher":{"@id":"https:\/\/centrourbano.com\/revista\/#organization"},"image":{"@id":"https:\/\/centrourbano.com\/revista\/urbanismo\/pandemia-contaminantes-cdmx\/#primaryimage"},"thumbnailUrl":"https:\/\/centrourbano.com\/revista\/wp-content\/uploads\/Pandemia-ayudo-a-reducir-contaminantes-en-el-aire-de-la-CDMX-BBVA.jpg","keywords":["BBVA","Calidad del aire","confinamiento","contaminantes","pandemia","Zona Metropolitana de la Ciudad de M\u00e9xico"],"articleSection":["Urbanismo"],"inLanguage":"es","potentialAction":[{"@type":"CommentAction","name":"Comment","target":["https:\/\/centrourbano.com\/revista\/urbanismo\/pandemia-contaminantes-cdmx\/#respond"]}]},{"@type":"WebPage","@id":"https:\/\/centrourbano.com\/revista\/urbanismo\/pandemia-contaminantes-cdmx\/","url":"https:\/\/centrourbano.com\/revista\/urbanismo\/pandemia-contaminantes-cdmx\/","name":"Pandemia ayud\u00f3 a reducir contaminantes en el aire de la CDMX: BBVA","isPartOf":{"@id":"https:\/\/centrourbano.com\/revista\/#website"},"primaryImageOfPage":{"@id":"https:\/\/centrourbano.com\/revista\/urbanismo\/pandemia-contaminantes-cdmx\/#primaryimage"},"image":{"@id":"https:\/\/centrourbano.com\/revista\/urbanismo\/pandemia-contaminantes-cdmx\/#primaryimage"},"thumbnailUrl":"https:\/\/centrourbano.com\/revista\/wp-content\/uploads\/Pandemia-ayudo-a-reducir-contaminantes-en-el-aire-de-la-CDMX-BBVA.jpg","datePublished":"2022-10-26T13:15:18+00:00","description":"De acuerdo con un estudio, durante el segundo y tercer trimestre de 2020, los niveles de concentraci\u00f3n de los contaminantes decrecieron","breadcrumb":{"@id":"https:\/\/centrourbano.com\/revista\/urbanismo\/pandemia-contaminantes-cdmx\/#breadcrumb"},"inLanguage":"es","potentialAction":[{"@type":"ReadAction","target":["https:\/\/centrourbano.com\/revista\/urbanismo\/pandemia-contaminantes-cdmx\/"]}]},{"@type":"ImageObject","inLanguage":"es","@id":"https:\/\/centrourbano.com\/revista\/urbanismo\/pandemia-contaminantes-cdmx\/#primaryimage","url":"https:\/\/centrourbano.com\/revista\/wp-content\/uploads\/Pandemia-ayudo-a-reducir-contaminantes-en-el-aire-de-la-CDMX-BBVA.jpg","contentUrl":"https:\/\/centrourbano.com\/revista\/wp-content\/uploads\/Pandemia-ayudo-a-reducir-contaminantes-en-el-aire-de-la-CDMX-BBVA.jpg","width":500,"height":450,"caption":"De acuerdo con un estudio, durante el segundo y tercer trimestre de 2020, los niveles de concentraci\u00f3n de los contaminantes decrecieron significativamente"},{"@type":"BreadcrumbList","@id":"https:\/\/centrourbano.com\/revista\/urbanismo\/pandemia-contaminantes-cdmx\/#breadcrumb","itemListElement":[{"@type":"ListItem","position":1,"name":"Portada","item":"https:\/\/centrourbano.com\/revista\/"},{"@type":"ListItem","position":2,"name":"Pandemia ayud\u00f3 a reducir contaminantes en el aire de la CDMX: BBVA"}]},{"@type":"WebSite","@id":"https:\/\/centrourbano.com\/revista\/#website","url":"https:\/\/centrourbano.com\/revista\/","name":"Centro Urbano","description":"Medio especializado en los sectores vivienda, inmobiliario, construcci\u00f3n, arquitectura y urbanismo.","publisher":{"@id":"https:\/\/centrourbano.com\/revista\/#organization"},"potentialAction":[{"@type":"SearchAction","target":{"@type":"EntryPoint","urlTemplate":"https:\/\/centrourbano.com\/revista\/?s={search_term_string}"},"query-input":{"@type":"PropertyValueSpecification","valueRequired":true,"valueName":"search_term_string"}}],"inLanguage":"es"},{"@type":"Organization","@id":"https:\/\/centrourbano.com\/revista\/#organization","name":"Centro Urbano","url":"https:\/\/centrourbano.com\/revista\/","logo":{"@type":"ImageObject","inLanguage":"es","@id":"https:\/\/centrourbano.com\/revista\/#\/schema\/logo\/image\/","url":"https:\/\/centrourbano.com\/revista\/wp-content\/uploads\/web_CU_logo-1.png","contentUrl":"https:\/\/centrourbano.com\/revista\/wp-content\/uploads\/web_CU_logo-1.png","width":350,"height":91,"caption":"Centro Urbano"},"image":{"@id":"https:\/\/centrourbano.com\/revista\/#\/schema\/logo\/image\/"},"sameAs":["https:\/\/www.facebook.com\/portalcentrourbano","https:\/\/x.com\/CentroUrbano","https:\/\/www.instagram.com\/centro_urbano\/","https:\/\/www.linkedin.com\/company\/centro-urbano\/","http:\/\/www.youtube.com\/user\/portalcentrourbano"]},{"@type":"Person","@id":"https:\/\/centrourbano.com\/revista\/#\/schema\/person\/b190b20bbbceb41ec72278c546fa8df3","name":"Fernanda Hern\u00e1ndez","image":{"@type":"ImageObject","inLanguage":"es","@id":"https:\/\/secure.gravatar.com\/avatar\/9471831fb0a24eae9d32d826a7cb8ef07c34a41520aca1a0ab1f5c0903ba49b9?s=96&d=mm&r=g","url":"https:\/\/secure.gravatar.com\/avatar\/9471831fb0a24eae9d32d826a7cb8ef07c34a41520aca1a0ab1f5c0903ba49b9?s=96&d=mm&r=g","contentUrl":"https:\/\/secure.gravatar.com\/avatar\/9471831fb0a24eae9d32d826a7cb8ef07c34a41520aca1a0ab1f5c0903ba49b9?s=96&d=mm&r=g","caption":"Fernanda Hern\u00e1ndez"},"description":"Reportera y redactora en Centro Urbano. Soy egresada de la licenciatura en Ciencias de la Comunicaci\u00f3n de la Facultad de Ciencias Pol\u00edticas y Sociales (UNAM). Me interesa la cultura, el urbanismo y la arquitectura. Amante del mundo digital, el cine, la m\u00fasica, la lectura y la escritura.","sameAs":["https:\/\/x.com\/https:\/\/twitter.com\/Nannz_Hernandez"],"url":"https:\/\/centrourbano.com\/revista\/author\/fernanda-hernandez\/"}]}},"_links":{"self":[{"href":"https:\/\/centrourbano.com\/revista\/wp-json\/wp\/v2\/posts\/134898","targetHints":{"allow":["GET"]}}],"collection":[{"href":"https:\/\/centrourbano.com\/revista\/wp-json\/wp\/v2\/posts"}],"about":[{"href":"https:\/\/centrourbano.com\/revista\/wp-json\/wp\/v2\/types\/post"}],"author":[{"embeddable":true,"href":"https:\/\/centrourbano.com\/revista\/wp-json\/wp\/v2\/users\/73"}],"replies":[{"embeddable":true,"href":"https:\/\/centrourbano.com\/revista\/wp-json\/wp\/v2\/comments?post=134898"}],"version-history":[{"count":1,"href":"https:\/\/centrourbano.com\/revista\/wp-json\/wp\/v2\/posts\/134898\/revisions"}],"predecessor-version":[{"id":134900,"href":"https:\/\/centrourbano.com\/revista\/wp-json\/wp\/v2\/posts\/134898\/revisions\/134900"}],"wp:featuredmedia":[{"embeddable":true,"href":"https:\/\/centrourbano.com\/revista\/wp-json\/wp\/v2\/media\/134899"}],"wp:attachment":[{"href":"https:\/\/centrourbano.com\/revista\/wp-json\/wp\/v2\/media?parent=134898"}],"wp:term":[{"taxonomy":"category","embeddable":true,"href":"https:\/\/centrourbano.com\/revista\/wp-json\/wp\/v2\/categories?post=134898"},{"taxonomy":"post_tag","embeddable":true,"href":"https:\/\/centrourbano.com\/revista\/wp-json\/wp\/v2\/tags?post=134898"}],"curies":[{"name":"wp","href":"https:\/\/api.w.org\/{rel}","templated":true}]}}