{"id":134806,"date":"2022-10-24T18:00:11","date_gmt":"2022-10-24T23:00:11","guid":{"rendered":"https:\/\/centrourbano.com\/?p=134806"},"modified":"2022-10-26T11:48:13","modified_gmt":"2022-10-26T16:48:13","slug":"cdmx-y-municipios-de-nl-firman-convenio-de-coordinacion","status":"publish","type":"post","link":"https:\/\/centrourbano.com\/revista\/urbanismo\/cdmx-y-municipios-de-nl-firman-convenio-de-coordinacion\/","title":{"rendered":"CDMX y municipios de NL firman Convenio de Coordinaci\u00f3n"},"content":{"rendered":"<p><em>A trav\u00e9s de mesas de trabajo, los gobiernos locales dar\u00e1n seguimiento a los proyectos que se establezcan dentro del Convenio de Coordinaci\u00f3n; esto con el fin de atenci\u00f3n a las necesidades de los ciudadanos<\/em><!--more--><\/p>\n<p><span style=\"font-weight: 400;\">El gobierno de la <a href=\"https:\/\/cdmx.gob.mx\/\" target=\"_blank\" rel=\"noopener\">Ciudad de M\u00e9xico<\/a> y General Escobedo y Ci\u00e9nega de Flores, municipios de Nuevo Le\u00f3n, firmaron un Convenio de Coordinaci\u00f3n con el objetivo de realizar proyectos que cubran las necesidades de los ciudadanos.<\/span><\/p>\n<p><span style=\"font-weight: 400;\">Mediante el convenio firmado, los gobiernos locales buscar\u00e1n establecer bases y mecanismos en tecnolog\u00eda e innovaci\u00f3n; ya que a trav\u00e9s de estos ejes, los gobiernos esperan desarrollar iniciativas para seguridad, cultura, desarrollo econ\u00f3mico, ciudad sustentable, entre otros aspectos en favor de los habitantes.<\/span><\/p>\n<p><span style=\"font-weight: 400;\">Para poder lograr los objetivos del trabajo coordinado ser\u00e1n realizadas mesas de trabajo en las que los funcionarios se comprometen a dar seguimiento a los proyectos que se establezcan.<\/span><\/p>\n<p><span style=\"font-weight: 400;\">Claudia Sheinbaum Pardo, jefa de Gobierno de la CDMX indic\u00f3 que la raz\u00f3n de la firma del Convenio Coordinado es para dar atenci\u00f3n a las necesidades de la sociedad.<\/span><\/p>\n<blockquote><p><span style=\"font-weight: 400;\">\u00a0\u201cConozco las dificultades de lo que significa la atenci\u00f3n permanente a la ciudadan\u00eda, son los gobiernos que tienen mayor comunicaci\u00f3n con la ciudadan\u00eda para poder dar la atenci\u00f3n. En esa perspectiva es que firmamos hoy el convenio\u201d, expres\u00f3.<\/span><\/p><\/blockquote>\n<p><span style=\"font-weight: 400;\">Andr\u00e9s Mijes Llovera, presidente municipal de <\/span>General Escobedo indic\u00f3 que dentro de este trabajo conjunto, los gobiernos trabajar\u00e1n distintos aspectos para poder transformar a las comunidades.<\/p>\n<blockquote><p><span style=\"font-weight: 400;\">\u201cUno de mis objetivos, es que General Escobedo sea tan din\u00e1mico, atractivo y funcional como la Ciudad de M\u00e9xico; nuestra meta para el pr\u00f3ximo a\u00f1o es invertir 200 millones de pesos en modernizaci\u00f3n de plazas y conectividad.<\/span><\/p><\/blockquote>\n<p><span style=\"font-weight: 400;\">Mijes Llovera, asegur\u00f3 que es importante la participaci\u00f3n de Claudia Sheinbaum Pardo, para que apoye en materia de conexi\u00f3n.<\/span><\/p>\n<blockquote><p><span style=\"font-weight: 400;\">\u201cDeseamos que asesore a General Escobedo, para convertirlo en la ciudad mejor conectada del \u00e1rea metropolitana de Monterrey; no queremos que nadie se quede atr\u00e1s\u201d, indic\u00f3.<\/span><\/p><\/blockquote>\n<p><span style=\"font-weight: 400;\">Por su parte, Miguel \u00c1ngel Quiroga Trevi\u00f1o indic\u00f3, presidente municipal de Ci\u00e9nega de Flores, coment\u00f3 que a pesar de que el municipio se encuentra en crecimiento, espera que con el Convenio Coordinado logre realizar mejoras en la localidad.<\/span><\/p>\n<blockquote><p><span style=\"font-weight: 400;\">\u201cPodemos intercambiar muchas cosas positivas para esos municipios, y tambi\u00e9n, -como comentaba el alcalde Escobedo-, a lo mejor y nos podemos copiar unas cosas que usted ha hecho dentro de su labor como funcionaria, que podemos adoptarlas en nuestros municipios y seguir construyendo lo que nosotros queremos para Nuevo Le\u00f3n y para nuestros municipios\u201d, asegur\u00f3.<\/span><\/p><\/blockquote>\n","protected":false},"excerpt":{"rendered":"<p>A trav\u00e9s de mesas de trabajo, los gobiernos locales dar\u00e1n seguimiento a los proyectos que se establezcan dentro del Convenio de Coordinaci\u00f3n; esto con el fin de atenci\u00f3n a las necesidades de los ciudadanos<\/p>\n","protected":false},"author":88,"featured_media":134807,"comment_status":"open","ping_status":"closed","sticky":false,"template":"","format":"standard","meta":{"om_disable_all_campaigns":false,"inline_featured_image":false,"_monsterinsights_skip_tracking":false,"_monsterinsights_sitenote_active":false,"_monsterinsights_sitenote_note":"","_monsterinsights_sitenote_category":0,"footnotes":""},"categories":[82],"tags":[1828,22273,22272],"class_list":["post-134806","post","type-post","status-publish","format-standard","has-post-thumbnail","hentry","category-urbanismo","tag-gobierno-de-la-ciudad-de-mexico","tag-municipio-cienega-de-flores","tag-municipio-general-escobedo"],"yoast_head":"<!-- This site is optimized with the Yoast SEO plugin v27.4 - https:\/\/yoast.com\/product\/yoast-seo-wordpress\/ -->\n<title>CDMX y municipios de NL firman Convenio de Coordinaci\u00f3n<\/title>\n<meta name=\"description\" content=\"El Convenio de Coordinaci\u00f3n se realizar\u00e1 mediante mesas de trabajo donde los funcionarios dar\u00e1n seguimiento a los proyectos.\" \/>\n<meta name=\"robots\" content=\"index, follow, max-snippet:-1, max-image-preview:large, max-video-preview:-1\" \/>\n<link rel=\"canonical\" href=\"https:\/\/centrourbano.com\/revista\/urbanismo\/cdmx-y-municipios-de-nl-firman-convenio-de-coordinacion\/\" \/>\n<meta property=\"og:locale\" content=\"es_ES\" \/>\n<meta property=\"og:type\" content=\"article\" \/>\n<meta property=\"og:title\" content=\"CDMX y municipios de NL firman Convenio de Coordinaci\u00f3n\" \/>\n<meta property=\"og:description\" content=\"El Convenio de Coordinaci\u00f3n se realizar\u00e1 mediante mesas de trabajo donde los funcionarios dar\u00e1n seguimiento a los proyectos.\" \/>\n<meta property=\"og:url\" content=\"https:\/\/centrourbano.com\/revista\/urbanismo\/cdmx-y-municipios-de-nl-firman-convenio-de-coordinacion\/\" \/>\n<meta property=\"og:site_name\" content=\"Centro Urbano\" \/>\n<meta property=\"article:publisher\" content=\"https:\/\/www.facebook.com\/portalcentrourbano\" \/>\n<meta property=\"article:published_time\" content=\"2022-10-24T23:00:11+00:00\" \/>\n<meta property=\"article:modified_time\" content=\"2022-10-26T16:48:13+00:00\" \/>\n<meta property=\"og:image\" content=\"https:\/\/centrourbano.com\/revista\/wp-content\/uploads\/convenio-coordinado.jpg\" \/>\n\t<meta property=\"og:image:width\" content=\"800\" \/>\n\t<meta property=\"og:image:height\" content=\"800\" \/>\n\t<meta property=\"og:image:type\" content=\"image\/jpeg\" \/>\n<meta name=\"author\" content=\"Rebeca Romero\" \/>\n<meta name=\"twitter:card\" content=\"summary_large_image\" \/>\n<meta name=\"twitter:creator\" content=\"@CentroUrbano\" \/>\n<meta name=\"twitter:site\" content=\"@CentroUrbano\" \/>\n<meta name=\"twitter:label1\" content=\"Escrito por\" \/>\n\t<meta name=\"twitter:data1\" content=\"Rebeca Romero\" \/>\n\t<meta name=\"twitter:label2\" content=\"Tiempo de lectura\" \/>\n\t<meta name=\"twitter:data2\" content=\"2 minutos\" \/>\n<script type=\"application\/ld+json\" class=\"yoast-schema-graph\">{\"@context\":\"https:\\\/\\\/schema.org\",\"@graph\":[{\"@type\":\"Article\",\"@id\":\"https:\\\/\\\/centrourbano.com\\\/revista\\\/urbanismo\\\/cdmx-y-municipios-de-nl-firman-convenio-de-coordinacion\\\/#article\",\"isPartOf\":{\"@id\":\"https:\\\/\\\/centrourbano.com\\\/revista\\\/urbanismo\\\/cdmx-y-municipios-de-nl-firman-convenio-de-coordinacion\\\/\"},\"author\":{\"name\":\"Rebeca Romero\",\"@id\":\"https:\\\/\\\/centrourbano.com\\\/revista\\\/#\\\/schema\\\/person\\\/c665f1c60da3ad48cd761a707b7090b0\"},\"headline\":\"CDMX y municipios de NL firman Convenio de Coordinaci\u00f3n\",\"datePublished\":\"2022-10-24T23:00:11+00:00\",\"dateModified\":\"2022-10-26T16:48:13+00:00\",\"mainEntityOfPage\":{\"@id\":\"https:\\\/\\\/centrourbano.com\\\/revista\\\/urbanismo\\\/cdmx-y-municipios-de-nl-firman-convenio-de-coordinacion\\\/\"},\"wordCount\":454,\"commentCount\":0,\"publisher\":{\"@id\":\"https:\\\/\\\/centrourbano.com\\\/revista\\\/#organization\"},\"image\":{\"@id\":\"https:\\\/\\\/centrourbano.com\\\/revista\\\/urbanismo\\\/cdmx-y-municipios-de-nl-firman-convenio-de-coordinacion\\\/#primaryimage\"},\"thumbnailUrl\":\"https:\\\/\\\/centrourbano.com\\\/revista\\\/wp-content\\\/uploads\\\/convenio-coordinado.jpg\",\"keywords\":[\"Gobierno de la ciudad de M\u00e9xico\",\"Municipio Ci\u00e9nega de Flores\",\"Municipio General Escobedo\"],\"articleSection\":[\"Urbanismo\"],\"inLanguage\":\"es\",\"potentialAction\":[{\"@type\":\"CommentAction\",\"name\":\"Comment\",\"target\":[\"https:\\\/\\\/centrourbano.com\\\/revista\\\/urbanismo\\\/cdmx-y-municipios-de-nl-firman-convenio-de-coordinacion\\\/#respond\"]}]},{\"@type\":\"WebPage\",\"@id\":\"https:\\\/\\\/centrourbano.com\\\/revista\\\/urbanismo\\\/cdmx-y-municipios-de-nl-firman-convenio-de-coordinacion\\\/\",\"url\":\"https:\\\/\\\/centrourbano.com\\\/revista\\\/urbanismo\\\/cdmx-y-municipios-de-nl-firman-convenio-de-coordinacion\\\/\",\"name\":\"CDMX y municipios de NL firman Convenio de Coordinaci\u00f3n\",\"isPartOf\":{\"@id\":\"https:\\\/\\\/centrourbano.com\\\/revista\\\/#website\"},\"primaryImageOfPage\":{\"@id\":\"https:\\\/\\\/centrourbano.com\\\/revista\\\/urbanismo\\\/cdmx-y-municipios-de-nl-firman-convenio-de-coordinacion\\\/#primaryimage\"},\"image\":{\"@id\":\"https:\\\/\\\/centrourbano.com\\\/revista\\\/urbanismo\\\/cdmx-y-municipios-de-nl-firman-convenio-de-coordinacion\\\/#primaryimage\"},\"thumbnailUrl\":\"https:\\\/\\\/centrourbano.com\\\/revista\\\/wp-content\\\/uploads\\\/convenio-coordinado.jpg\",\"datePublished\":\"2022-10-24T23:00:11+00:00\",\"dateModified\":\"2022-10-26T16:48:13+00:00\",\"description\":\"El Convenio de Coordinaci\u00f3n se realizar\u00e1 mediante mesas de trabajo donde los funcionarios dar\u00e1n seguimiento a los proyectos.\",\"breadcrumb\":{\"@id\":\"https:\\\/\\\/centrourbano.com\\\/revista\\\/urbanismo\\\/cdmx-y-municipios-de-nl-firman-convenio-de-coordinacion\\\/#breadcrumb\"},\"inLanguage\":\"es\",\"potentialAction\":[{\"@type\":\"ReadAction\",\"target\":[\"https:\\\/\\\/centrourbano.com\\\/revista\\\/urbanismo\\\/cdmx-y-municipios-de-nl-firman-convenio-de-coordinacion\\\/\"]}]},{\"@type\":\"ImageObject\",\"inLanguage\":\"es\",\"@id\":\"https:\\\/\\\/centrourbano.com\\\/revista\\\/urbanismo\\\/cdmx-y-municipios-de-nl-firman-convenio-de-coordinacion\\\/#primaryimage\",\"url\":\"https:\\\/\\\/centrourbano.com\\\/revista\\\/wp-content\\\/uploads\\\/convenio-coordinado.jpg\",\"contentUrl\":\"https:\\\/\\\/centrourbano.com\\\/revista\\\/wp-content\\\/uploads\\\/convenio-coordinado.jpg\",\"width\":800,\"height\":800,\"caption\":\"CDMX y municipios de NL firman Convenio de Coordinaci\u00f3n\"},{\"@type\":\"BreadcrumbList\",\"@id\":\"https:\\\/\\\/centrourbano.com\\\/revista\\\/urbanismo\\\/cdmx-y-municipios-de-nl-firman-convenio-de-coordinacion\\\/#breadcrumb\",\"itemListElement\":[{\"@type\":\"ListItem\",\"position\":1,\"name\":\"Portada\",\"item\":\"https:\\\/\\\/centrourbano.com\\\/revista\\\/\"},{\"@type\":\"ListItem\",\"position\":2,\"name\":\"CDMX y municipios de NL firman Convenio de Coordinaci\u00f3n\"}]},{\"@type\":\"WebSite\",\"@id\":\"https:\\\/\\\/centrourbano.com\\\/revista\\\/#website\",\"url\":\"https:\\\/\\\/centrourbano.com\\\/revista\\\/\",\"name\":\"Centro Urbano\",\"description\":\"Medio especializado en los sectores vivienda, inmobiliario, construcci\u00f3n, arquitectura y urbanismo.\",\"publisher\":{\"@id\":\"https:\\\/\\\/centrourbano.com\\\/revista\\\/#organization\"},\"potentialAction\":[{\"@type\":\"SearchAction\",\"target\":{\"@type\":\"EntryPoint\",\"urlTemplate\":\"https:\\\/\\\/centrourbano.com\\\/revista\\\/?s={search_term_string}\"},\"query-input\":{\"@type\":\"PropertyValueSpecification\",\"valueRequired\":true,\"valueName\":\"search_term_string\"}}],\"inLanguage\":\"es\"},{\"@type\":\"Organization\",\"@id\":\"https:\\\/\\\/centrourbano.com\\\/revista\\\/#organization\",\"name\":\"Centro Urbano\",\"url\":\"https:\\\/\\\/centrourbano.com\\\/revista\\\/\",\"logo\":{\"@type\":\"ImageObject\",\"inLanguage\":\"es\",\"@id\":\"https:\\\/\\\/centrourbano.com\\\/revista\\\/#\\\/schema\\\/logo\\\/image\\\/\",\"url\":\"https:\\\/\\\/centrourbano.com\\\/revista\\\/wp-content\\\/uploads\\\/web_CU_logo-1.png\",\"contentUrl\":\"https:\\\/\\\/centrourbano.com\\\/revista\\\/wp-content\\\/uploads\\\/web_CU_logo-1.png\",\"width\":350,\"height\":91,\"caption\":\"Centro Urbano\"},\"image\":{\"@id\":\"https:\\\/\\\/centrourbano.com\\\/revista\\\/#\\\/schema\\\/logo\\\/image\\\/\"},\"sameAs\":[\"https:\\\/\\\/www.facebook.com\\\/portalcentrourbano\",\"https:\\\/\\\/x.com\\\/CentroUrbano\",\"https:\\\/\\\/www.instagram.com\\\/centro_urbano\\\/\",\"https:\\\/\\\/www.linkedin.com\\\/company\\\/centro-urbano\\\/\",\"http:\\\/\\\/www.youtube.com\\\/user\\\/portalcentrourbano\"]},{\"@type\":\"Person\",\"@id\":\"https:\\\/\\\/centrourbano.com\\\/revista\\\/#\\\/schema\\\/person\\\/c665f1c60da3ad48cd761a707b7090b0\",\"name\":\"Rebeca Romero\",\"image\":{\"@type\":\"ImageObject\",\"inLanguage\":\"es\",\"@id\":\"https:\\\/\\\/secure.gravatar.com\\\/avatar\\\/aee0068ae3cc041082e0e84a8258fe5ccc00a733f187bde73b0b40d86b892826?s=96&d=mm&r=g\",\"url\":\"https:\\\/\\\/secure.gravatar.com\\\/avatar\\\/aee0068ae3cc041082e0e84a8258fe5ccc00a733f187bde73b0b40d86b892826?s=96&d=mm&r=g\",\"contentUrl\":\"https:\\\/\\\/secure.gravatar.com\\\/avatar\\\/aee0068ae3cc041082e0e84a8258fe5ccc00a733f187bde73b0b40d86b892826?s=96&d=mm&r=g\",\"caption\":\"Rebeca Romero\"},\"url\":\"https:\\\/\\\/centrourbano.com\\\/revista\\\/author\\\/rebeca-romero\\\/\"}]}<\/script>\n<!-- \/ Yoast SEO plugin. -->","yoast_head_json":{"title":"CDMX y municipios de NL firman Convenio de Coordinaci\u00f3n","description":"El Convenio de Coordinaci\u00f3n se realizar\u00e1 mediante mesas de trabajo donde los funcionarios dar\u00e1n seguimiento a los proyectos.","robots":{"index":"index","follow":"follow","max-snippet":"max-snippet:-1","max-image-preview":"max-image-preview:large","max-video-preview":"max-video-preview:-1"},"canonical":"https:\/\/centrourbano.com\/revista\/urbanismo\/cdmx-y-municipios-de-nl-firman-convenio-de-coordinacion\/","og_locale":"es_ES","og_type":"article","og_title":"CDMX y municipios de NL firman Convenio de Coordinaci\u00f3n","og_description":"El Convenio de Coordinaci\u00f3n se realizar\u00e1 mediante mesas de trabajo donde los funcionarios dar\u00e1n seguimiento a los proyectos.","og_url":"https:\/\/centrourbano.com\/revista\/urbanismo\/cdmx-y-municipios-de-nl-firman-convenio-de-coordinacion\/","og_site_name":"Centro Urbano","article_publisher":"https:\/\/www.facebook.com\/portalcentrourbano","article_published_time":"2022-10-24T23:00:11+00:00","article_modified_time":"2022-10-26T16:48:13+00:00","og_image":[{"width":800,"height":800,"url":"https:\/\/centrourbano.com\/revista\/wp-content\/uploads\/convenio-coordinado.jpg","type":"image\/jpeg"}],"author":"Rebeca Romero","twitter_card":"summary_large_image","twitter_creator":"@CentroUrbano","twitter_site":"@CentroUrbano","twitter_misc":{"Escrito por":"Rebeca Romero","Tiempo de lectura":"2 minutos"},"schema":{"@context":"https:\/\/schema.org","@graph":[{"@type":"Article","@id":"https:\/\/centrourbano.com\/revista\/urbanismo\/cdmx-y-municipios-de-nl-firman-convenio-de-coordinacion\/#article","isPartOf":{"@id":"https:\/\/centrourbano.com\/revista\/urbanismo\/cdmx-y-municipios-de-nl-firman-convenio-de-coordinacion\/"},"author":{"name":"Rebeca Romero","@id":"https:\/\/centrourbano.com\/revista\/#\/schema\/person\/c665f1c60da3ad48cd761a707b7090b0"},"headline":"CDMX y municipios de NL firman Convenio de Coordinaci\u00f3n","datePublished":"2022-10-24T23:00:11+00:00","dateModified":"2022-10-26T16:48:13+00:00","mainEntityOfPage":{"@id":"https:\/\/centrourbano.com\/revista\/urbanismo\/cdmx-y-municipios-de-nl-firman-convenio-de-coordinacion\/"},"wordCount":454,"commentCount":0,"publisher":{"@id":"https:\/\/centrourbano.com\/revista\/#organization"},"image":{"@id":"https:\/\/centrourbano.com\/revista\/urbanismo\/cdmx-y-municipios-de-nl-firman-convenio-de-coordinacion\/#primaryimage"},"thumbnailUrl":"https:\/\/centrourbano.com\/revista\/wp-content\/uploads\/convenio-coordinado.jpg","keywords":["Gobierno de la ciudad de M\u00e9xico","Municipio Ci\u00e9nega de Flores","Municipio General Escobedo"],"articleSection":["Urbanismo"],"inLanguage":"es","potentialAction":[{"@type":"CommentAction","name":"Comment","target":["https:\/\/centrourbano.com\/revista\/urbanismo\/cdmx-y-municipios-de-nl-firman-convenio-de-coordinacion\/#respond"]}]},{"@type":"WebPage","@id":"https:\/\/centrourbano.com\/revista\/urbanismo\/cdmx-y-municipios-de-nl-firman-convenio-de-coordinacion\/","url":"https:\/\/centrourbano.com\/revista\/urbanismo\/cdmx-y-municipios-de-nl-firman-convenio-de-coordinacion\/","name":"CDMX y municipios de NL firman Convenio de Coordinaci\u00f3n","isPartOf":{"@id":"https:\/\/centrourbano.com\/revista\/#website"},"primaryImageOfPage":{"@id":"https:\/\/centrourbano.com\/revista\/urbanismo\/cdmx-y-municipios-de-nl-firman-convenio-de-coordinacion\/#primaryimage"},"image":{"@id":"https:\/\/centrourbano.com\/revista\/urbanismo\/cdmx-y-municipios-de-nl-firman-convenio-de-coordinacion\/#primaryimage"},"thumbnailUrl":"https:\/\/centrourbano.com\/revista\/wp-content\/uploads\/convenio-coordinado.jpg","datePublished":"2022-10-24T23:00:11+00:00","dateModified":"2022-10-26T16:48:13+00:00","description":"El Convenio de Coordinaci\u00f3n se realizar\u00e1 mediante mesas de trabajo donde los funcionarios dar\u00e1n seguimiento a los proyectos.","breadcrumb":{"@id":"https:\/\/centrourbano.com\/revista\/urbanismo\/cdmx-y-municipios-de-nl-firman-convenio-de-coordinacion\/#breadcrumb"},"inLanguage":"es","potentialAction":[{"@type":"ReadAction","target":["https:\/\/centrourbano.com\/revista\/urbanismo\/cdmx-y-municipios-de-nl-firman-convenio-de-coordinacion\/"]}]},{"@type":"ImageObject","inLanguage":"es","@id":"https:\/\/centrourbano.com\/revista\/urbanismo\/cdmx-y-municipios-de-nl-firman-convenio-de-coordinacion\/#primaryimage","url":"https:\/\/centrourbano.com\/revista\/wp-content\/uploads\/convenio-coordinado.jpg","contentUrl":"https:\/\/centrourbano.com\/revista\/wp-content\/uploads\/convenio-coordinado.jpg","width":800,"height":800,"caption":"CDMX y municipios de NL firman Convenio de Coordinaci\u00f3n"},{"@type":"BreadcrumbList","@id":"https:\/\/centrourbano.com\/revista\/urbanismo\/cdmx-y-municipios-de-nl-firman-convenio-de-coordinacion\/#breadcrumb","itemListElement":[{"@type":"ListItem","position":1,"name":"Portada","item":"https:\/\/centrourbano.com\/revista\/"},{"@type":"ListItem","position":2,"name":"CDMX y municipios de NL firman Convenio de Coordinaci\u00f3n"}]},{"@type":"WebSite","@id":"https:\/\/centrourbano.com\/revista\/#website","url":"https:\/\/centrourbano.com\/revista\/","name":"Centro Urbano","description":"Medio especializado en los sectores vivienda, inmobiliario, construcci\u00f3n, arquitectura y urbanismo.","publisher":{"@id":"https:\/\/centrourbano.com\/revista\/#organization"},"potentialAction":[{"@type":"SearchAction","target":{"@type":"EntryPoint","urlTemplate":"https:\/\/centrourbano.com\/revista\/?s={search_term_string}"},"query-input":{"@type":"PropertyValueSpecification","valueRequired":true,"valueName":"search_term_string"}}],"inLanguage":"es"},{"@type":"Organization","@id":"https:\/\/centrourbano.com\/revista\/#organization","name":"Centro Urbano","url":"https:\/\/centrourbano.com\/revista\/","logo":{"@type":"ImageObject","inLanguage":"es","@id":"https:\/\/centrourbano.com\/revista\/#\/schema\/logo\/image\/","url":"https:\/\/centrourbano.com\/revista\/wp-content\/uploads\/web_CU_logo-1.png","contentUrl":"https:\/\/centrourbano.com\/revista\/wp-content\/uploads\/web_CU_logo-1.png","width":350,"height":91,"caption":"Centro Urbano"},"image":{"@id":"https:\/\/centrourbano.com\/revista\/#\/schema\/logo\/image\/"},"sameAs":["https:\/\/www.facebook.com\/portalcentrourbano","https:\/\/x.com\/CentroUrbano","https:\/\/www.instagram.com\/centro_urbano\/","https:\/\/www.linkedin.com\/company\/centro-urbano\/","http:\/\/www.youtube.com\/user\/portalcentrourbano"]},{"@type":"Person","@id":"https:\/\/centrourbano.com\/revista\/#\/schema\/person\/c665f1c60da3ad48cd761a707b7090b0","name":"Rebeca Romero","image":{"@type":"ImageObject","inLanguage":"es","@id":"https:\/\/secure.gravatar.com\/avatar\/aee0068ae3cc041082e0e84a8258fe5ccc00a733f187bde73b0b40d86b892826?s=96&d=mm&r=g","url":"https:\/\/secure.gravatar.com\/avatar\/aee0068ae3cc041082e0e84a8258fe5ccc00a733f187bde73b0b40d86b892826?s=96&d=mm&r=g","contentUrl":"https:\/\/secure.gravatar.com\/avatar\/aee0068ae3cc041082e0e84a8258fe5ccc00a733f187bde73b0b40d86b892826?s=96&d=mm&r=g","caption":"Rebeca Romero"},"url":"https:\/\/centrourbano.com\/revista\/author\/rebeca-romero\/"}]}},"_links":{"self":[{"href":"https:\/\/centrourbano.com\/revista\/wp-json\/wp\/v2\/posts\/134806","targetHints":{"allow":["GET"]}}],"collection":[{"href":"https:\/\/centrourbano.com\/revista\/wp-json\/wp\/v2\/posts"}],"about":[{"href":"https:\/\/centrourbano.com\/revista\/wp-json\/wp\/v2\/types\/post"}],"author":[{"embeddable":true,"href":"https:\/\/centrourbano.com\/revista\/wp-json\/wp\/v2\/users\/88"}],"replies":[{"embeddable":true,"href":"https:\/\/centrourbano.com\/revista\/wp-json\/wp\/v2\/comments?post=134806"}],"version-history":[{"count":4,"href":"https:\/\/centrourbano.com\/revista\/wp-json\/wp\/v2\/posts\/134806\/revisions"}],"predecessor-version":[{"id":134930,"href":"https:\/\/centrourbano.com\/revista\/wp-json\/wp\/v2\/posts\/134806\/revisions\/134930"}],"wp:featuredmedia":[{"embeddable":true,"href":"https:\/\/centrourbano.com\/revista\/wp-json\/wp\/v2\/media\/134807"}],"wp:attachment":[{"href":"https:\/\/centrourbano.com\/revista\/wp-json\/wp\/v2\/media?parent=134806"}],"wp:term":[{"taxonomy":"category","embeddable":true,"href":"https:\/\/centrourbano.com\/revista\/wp-json\/wp\/v2\/categories?post=134806"},{"taxonomy":"post_tag","embeddable":true,"href":"https:\/\/centrourbano.com\/revista\/wp-json\/wp\/v2\/tags?post=134806"}],"curies":[{"name":"wp","href":"https:\/\/api.w.org\/{rel}","templated":true}]}}