{"id":134338,"date":"2022-10-06T19:35:56","date_gmt":"2022-10-07T00:35:56","guid":{"rendered":"https:\/\/centrourbano.com\/?p=134338"},"modified":"2022-10-06T19:35:56","modified_gmt":"2022-10-07T00:35:56","slug":"17-anos-de-fundacion-construyendo-y-creciendo","status":"publish","type":"post","link":"https:\/\/centrourbano.com\/revista\/sin-categoria\/17-anos-de-fundacion-construyendo-y-creciendo\/","title":{"rendered":"17 a\u00f1os de Fundaci\u00f3n Construyendo y Creciendo"},"content":{"rendered":"<p><strong><em>Fundaci\u00f3n Construyendo y Creciendo cumple 17 a\u00f1os apoyando a los trabajadores de la construcci\u00f3n para terminar sus estudios y calidad de vida.<\/em><\/strong><\/p>\n<p><a href=\"https:\/\/centrourbano.com\/vivienda\/fundacion-construyendo-y-creciendo-va-por-ampliar-su-alcance\/\">Construyendo y Creciendo<\/a> <em>nace en 2006<\/em> siendo un organismo social que brinda de manera gratuita oportunidades educativas a los trabajadores de la construcci\u00f3n dentro de las obras, la oferta educativa va desde alfabetizaci\u00f3n<strong><em>, <\/em><\/strong>primaria, secundaria y preparatoria, adem\u00e1s de cursos complementarios y desarrollo personal. El modelo educativo consiste en colocar aulas en los lugares de trabajo (obras en construcci\u00f3n) para facilitar que los trabajadores asistan a las asesor\u00edas.<\/p>\n<p><!--more--><\/p>\n<p>Parte de los estudios que ofrece la Fundaci\u00f3n son desde alfabetizaci\u00f3n hasta preparatoria, as\u00ed como cursos de computaci\u00f3n, talleres de oficios, finanzas personales, desarrollo personal, entre otros. Gracias a esta forma de aprendizaje, los estudiantes concluyen niveles como alfabetizaci\u00f3n, primaria o secundaria en periodos de 4 a 6 meses aproximadamente.<\/p>\n<p><!--more--><\/p>\n<p>Desde su creaci\u00f3n ha contribuido a la alfabetizaci\u00f3n de m\u00e1s de 27 mil trabajadores de la construcci\u00f3n en 19 estados de la Rep\u00fablica. Por ello, en 2021 fue reconocida con el <a href=\"https:\/\/www.unesco.org\/es\/articles\/la-unesco-entrega-el-premio-internacional-de-alfabetizacion-unesco-confucio-2021-la-fundacion\"><strong>Premio Internacional de Alfabetizaci\u00f3n UNESCO-Confucio. <\/strong><\/a><\/p>\n<p><strong>\u00a0<\/strong><!--more--><\/p>\n<p><strong>Antes de la pandemia por Covid-19 el programa hab\u00eda alfabetizado a cerca de 7 mil trabajadores, de los cuales, casi 50% son mujeres,<\/strong> pero a ra\u00edz de la emergencia sanitaria la fundaci\u00f3n implement\u00f3 un programa de aprendizaje inclusivo a distancia y una alfabetizaci\u00f3n basada en la tecnolog\u00eda.<!--more--><\/p>\n<p><strong>Debido a su exitoso resultado, hoy, la educaci\u00f3n a distancia es ya un modelo fijo en Construyendo y Creciendo<\/strong>, que se sum\u00f3 a la modalidad presencial.<\/p>\n<p><!--more--><\/p>\n","protected":false},"excerpt":{"rendered":"<p>Fundaci\u00f3n Construyendo y Creciendo cumple 17 a\u00f1os apoyando a los trabajadores de la construcci\u00f3n para terminar sus estudios y calidad de vida. Construyendo y Creciendo nace en 2006 siendo un organismo social que brinda de manera gratuita oportunidades educativas a los trabajadores de la construcci\u00f3n dentro de las obras, la oferta educativa va desde alfabetizaci\u00f3n, [&hellip;]<\/p>\n","protected":false},"author":89,"featured_media":134340,"comment_status":"open","ping_status":"closed","sticky":false,"template":"","format":"standard","meta":{"om_disable_all_campaigns":false,"inline_featured_image":false,"_monsterinsights_skip_tracking":false,"_monsterinsights_sitenote_active":false,"_monsterinsights_sitenote_note":"","_monsterinsights_sitenote_category":0,"footnotes":""},"categories":[1,12],"tags":[],"class_list":["post-134338","post","type-post","status-publish","format-standard","has-post-thumbnail","hentry","category-sin-categoria","category-vivienda"],"yoast_head":"<!-- This site is optimized with the Yoast SEO plugin v27.4 - https:\/\/yoast.com\/product\/yoast-seo-wordpress\/ -->\n<title>17 a\u00f1os de Fundaci\u00f3n Construyendo y Creciendo -<\/title>\n<meta name=\"description\" content=\"Fundaci\u00f3n Construyendo y Creciendo cumple 17 a\u00f1os apoyando a los trabajadores de la construcci\u00f3n para terminar sus estudios y calidad de vida.\" \/>\n<meta name=\"robots\" content=\"index, follow, max-snippet:-1, max-image-preview:large, max-video-preview:-1\" \/>\n<link rel=\"canonical\" href=\"https:\/\/centrourbano.com\/revista\/sin-categoria\/17-anos-de-fundacion-construyendo-y-creciendo\/\" \/>\n<meta property=\"og:locale\" content=\"es_ES\" \/>\n<meta property=\"og:type\" content=\"article\" \/>\n<meta property=\"og:title\" content=\"17 a\u00f1os de Fundaci\u00f3n Construyendo y Creciendo -\" \/>\n<meta property=\"og:description\" content=\"Fundaci\u00f3n Construyendo y Creciendo cumple 17 a\u00f1os apoyando a los trabajadores de la construcci\u00f3n para terminar sus estudios y calidad de vida.\" \/>\n<meta property=\"og:url\" content=\"https:\/\/centrourbano.com\/revista\/sin-categoria\/17-anos-de-fundacion-construyendo-y-creciendo\/\" \/>\n<meta property=\"og:site_name\" content=\"Centro Urbano\" \/>\n<meta property=\"article:publisher\" content=\"https:\/\/www.facebook.com\/portalcentrourbano\" \/>\n<meta property=\"article:published_time\" content=\"2022-10-07T00:35:56+00:00\" \/>\n<meta property=\"og:image\" content=\"https:\/\/centrourbano.com\/revista\/wp-content\/uploads\/281905309_4589903114444466_8024154047404663682_n.jpg\" \/>\n\t<meta property=\"og:image:width\" content=\"768\" \/>\n\t<meta property=\"og:image:height\" content=\"576\" \/>\n\t<meta property=\"og:image:type\" content=\"image\/jpeg\" \/>\n<meta name=\"author\" content=\"Samantha Navarrete\" \/>\n<meta name=\"twitter:card\" content=\"summary_large_image\" \/>\n<meta name=\"twitter:creator\" content=\"@CentroUrbano\" \/>\n<meta name=\"twitter:site\" content=\"@CentroUrbano\" \/>\n<meta name=\"twitter:label1\" content=\"Escrito por\" \/>\n\t<meta name=\"twitter:data1\" content=\"Samantha Navarrete\" \/>\n\t<meta name=\"twitter:label2\" content=\"Tiempo de lectura\" \/>\n\t<meta name=\"twitter:data2\" content=\"2 minutos\" \/>\n<script type=\"application\/ld+json\" class=\"yoast-schema-graph\">{\"@context\":\"https:\\\/\\\/schema.org\",\"@graph\":[{\"@type\":\"Article\",\"@id\":\"https:\\\/\\\/centrourbano.com\\\/revista\\\/sin-categoria\\\/17-anos-de-fundacion-construyendo-y-creciendo\\\/#article\",\"isPartOf\":{\"@id\":\"https:\\\/\\\/centrourbano.com\\\/revista\\\/sin-categoria\\\/17-anos-de-fundacion-construyendo-y-creciendo\\\/\"},\"author\":{\"name\":\"Samantha Navarrete\",\"@id\":\"https:\\\/\\\/centrourbano.com\\\/revista\\\/#\\\/schema\\\/person\\\/29a11bc6f89e81ad25525f9e9d3bddb7\"},\"headline\":\"17 a\u00f1os de Fundaci\u00f3n Construyendo y Creciendo\",\"datePublished\":\"2022-10-07T00:35:56+00:00\",\"mainEntityOfPage\":{\"@id\":\"https:\\\/\\\/centrourbano.com\\\/revista\\\/sin-categoria\\\/17-anos-de-fundacion-construyendo-y-creciendo\\\/\"},\"wordCount\":272,\"commentCount\":0,\"publisher\":{\"@id\":\"https:\\\/\\\/centrourbano.com\\\/revista\\\/#organization\"},\"image\":{\"@id\":\"https:\\\/\\\/centrourbano.com\\\/revista\\\/sin-categoria\\\/17-anos-de-fundacion-construyendo-y-creciendo\\\/#primaryimage\"},\"thumbnailUrl\":\"https:\\\/\\\/centrourbano.com\\\/revista\\\/wp-content\\\/uploads\\\/281905309_4589903114444466_8024154047404663682_n.jpg\",\"articleSection\":{\"1\":\"Vivienda\"},\"inLanguage\":\"es\",\"potentialAction\":[{\"@type\":\"CommentAction\",\"name\":\"Comment\",\"target\":[\"https:\\\/\\\/centrourbano.com\\\/revista\\\/sin-categoria\\\/17-anos-de-fundacion-construyendo-y-creciendo\\\/#respond\"]}]},{\"@type\":\"WebPage\",\"@id\":\"https:\\\/\\\/centrourbano.com\\\/revista\\\/sin-categoria\\\/17-anos-de-fundacion-construyendo-y-creciendo\\\/\",\"url\":\"https:\\\/\\\/centrourbano.com\\\/revista\\\/sin-categoria\\\/17-anos-de-fundacion-construyendo-y-creciendo\\\/\",\"name\":\"17 a\u00f1os de Fundaci\u00f3n Construyendo y Creciendo -\",\"isPartOf\":{\"@id\":\"https:\\\/\\\/centrourbano.com\\\/revista\\\/#website\"},\"primaryImageOfPage\":{\"@id\":\"https:\\\/\\\/centrourbano.com\\\/revista\\\/sin-categoria\\\/17-anos-de-fundacion-construyendo-y-creciendo\\\/#primaryimage\"},\"image\":{\"@id\":\"https:\\\/\\\/centrourbano.com\\\/revista\\\/sin-categoria\\\/17-anos-de-fundacion-construyendo-y-creciendo\\\/#primaryimage\"},\"thumbnailUrl\":\"https:\\\/\\\/centrourbano.com\\\/revista\\\/wp-content\\\/uploads\\\/281905309_4589903114444466_8024154047404663682_n.jpg\",\"datePublished\":\"2022-10-07T00:35:56+00:00\",\"description\":\"Fundaci\u00f3n Construyendo y Creciendo cumple 17 a\u00f1os apoyando a los trabajadores de la construcci\u00f3n para terminar sus estudios y calidad de vida.\",\"breadcrumb\":{\"@id\":\"https:\\\/\\\/centrourbano.com\\\/revista\\\/sin-categoria\\\/17-anos-de-fundacion-construyendo-y-creciendo\\\/#breadcrumb\"},\"inLanguage\":\"es\",\"potentialAction\":[{\"@type\":\"ReadAction\",\"target\":[\"https:\\\/\\\/centrourbano.com\\\/revista\\\/sin-categoria\\\/17-anos-de-fundacion-construyendo-y-creciendo\\\/\"]}]},{\"@type\":\"ImageObject\",\"inLanguage\":\"es\",\"@id\":\"https:\\\/\\\/centrourbano.com\\\/revista\\\/sin-categoria\\\/17-anos-de-fundacion-construyendo-y-creciendo\\\/#primaryimage\",\"url\":\"https:\\\/\\\/centrourbano.com\\\/revista\\\/wp-content\\\/uploads\\\/281905309_4589903114444466_8024154047404663682_n.jpg\",\"contentUrl\":\"https:\\\/\\\/centrourbano.com\\\/revista\\\/wp-content\\\/uploads\\\/281905309_4589903114444466_8024154047404663682_n.jpg\",\"width\":768,\"height\":576},{\"@type\":\"BreadcrumbList\",\"@id\":\"https:\\\/\\\/centrourbano.com\\\/revista\\\/sin-categoria\\\/17-anos-de-fundacion-construyendo-y-creciendo\\\/#breadcrumb\",\"itemListElement\":[{\"@type\":\"ListItem\",\"position\":1,\"name\":\"Portada\",\"item\":\"https:\\\/\\\/centrourbano.com\\\/revista\\\/\"},{\"@type\":\"ListItem\",\"position\":2,\"name\":\"17 a\u00f1os de Fundaci\u00f3n Construyendo y Creciendo\"}]},{\"@type\":\"WebSite\",\"@id\":\"https:\\\/\\\/centrourbano.com\\\/revista\\\/#website\",\"url\":\"https:\\\/\\\/centrourbano.com\\\/revista\\\/\",\"name\":\"Centro Urbano\",\"description\":\"Medio especializado en los sectores vivienda, inmobiliario, construcci\u00f3n, arquitectura y urbanismo.\",\"publisher\":{\"@id\":\"https:\\\/\\\/centrourbano.com\\\/revista\\\/#organization\"},\"potentialAction\":[{\"@type\":\"SearchAction\",\"target\":{\"@type\":\"EntryPoint\",\"urlTemplate\":\"https:\\\/\\\/centrourbano.com\\\/revista\\\/?s={search_term_string}\"},\"query-input\":{\"@type\":\"PropertyValueSpecification\",\"valueRequired\":true,\"valueName\":\"search_term_string\"}}],\"inLanguage\":\"es\"},{\"@type\":\"Organization\",\"@id\":\"https:\\\/\\\/centrourbano.com\\\/revista\\\/#organization\",\"name\":\"Centro Urbano\",\"url\":\"https:\\\/\\\/centrourbano.com\\\/revista\\\/\",\"logo\":{\"@type\":\"ImageObject\",\"inLanguage\":\"es\",\"@id\":\"https:\\\/\\\/centrourbano.com\\\/revista\\\/#\\\/schema\\\/logo\\\/image\\\/\",\"url\":\"https:\\\/\\\/centrourbano.com\\\/revista\\\/wp-content\\\/uploads\\\/web_CU_logo-1.png\",\"contentUrl\":\"https:\\\/\\\/centrourbano.com\\\/revista\\\/wp-content\\\/uploads\\\/web_CU_logo-1.png\",\"width\":350,\"height\":91,\"caption\":\"Centro Urbano\"},\"image\":{\"@id\":\"https:\\\/\\\/centrourbano.com\\\/revista\\\/#\\\/schema\\\/logo\\\/image\\\/\"},\"sameAs\":[\"https:\\\/\\\/www.facebook.com\\\/portalcentrourbano\",\"https:\\\/\\\/x.com\\\/CentroUrbano\",\"https:\\\/\\\/www.instagram.com\\\/centro_urbano\\\/\",\"https:\\\/\\\/www.linkedin.com\\\/company\\\/centro-urbano\\\/\",\"http:\\\/\\\/www.youtube.com\\\/user\\\/portalcentrourbano\"]},{\"@type\":\"Person\",\"@id\":\"https:\\\/\\\/centrourbano.com\\\/revista\\\/#\\\/schema\\\/person\\\/29a11bc6f89e81ad25525f9e9d3bddb7\",\"name\":\"Samantha Navarrete\",\"image\":{\"@type\":\"ImageObject\",\"inLanguage\":\"es\",\"@id\":\"https:\\\/\\\/secure.gravatar.com\\\/avatar\\\/ac327b04343ef4665d1a7f2439feef4e95e9989dadeb927fddaf7f9a45c7c842?s=96&d=mm&r=g\",\"url\":\"https:\\\/\\\/secure.gravatar.com\\\/avatar\\\/ac327b04343ef4665d1a7f2439feef4e95e9989dadeb927fddaf7f9a45c7c842?s=96&d=mm&r=g\",\"contentUrl\":\"https:\\\/\\\/secure.gravatar.com\\\/avatar\\\/ac327b04343ef4665d1a7f2439feef4e95e9989dadeb927fddaf7f9a45c7c842?s=96&d=mm&r=g\",\"caption\":\"Samantha Navarrete\"},\"url\":\"https:\\\/\\\/centrourbano.com\\\/revista\\\/author\\\/samantha-navarrete\\\/\"}]}<\/script>\n<!-- \/ Yoast SEO plugin. -->","yoast_head_json":{"title":"17 a\u00f1os de Fundaci\u00f3n Construyendo y Creciendo -","description":"Fundaci\u00f3n Construyendo y Creciendo cumple 17 a\u00f1os apoyando a los trabajadores de la construcci\u00f3n para terminar sus estudios y calidad de vida.","robots":{"index":"index","follow":"follow","max-snippet":"max-snippet:-1","max-image-preview":"max-image-preview:large","max-video-preview":"max-video-preview:-1"},"canonical":"https:\/\/centrourbano.com\/revista\/sin-categoria\/17-anos-de-fundacion-construyendo-y-creciendo\/","og_locale":"es_ES","og_type":"article","og_title":"17 a\u00f1os de Fundaci\u00f3n Construyendo y Creciendo -","og_description":"Fundaci\u00f3n Construyendo y Creciendo cumple 17 a\u00f1os apoyando a los trabajadores de la construcci\u00f3n para terminar sus estudios y calidad de vida.","og_url":"https:\/\/centrourbano.com\/revista\/sin-categoria\/17-anos-de-fundacion-construyendo-y-creciendo\/","og_site_name":"Centro Urbano","article_publisher":"https:\/\/www.facebook.com\/portalcentrourbano","article_published_time":"2022-10-07T00:35:56+00:00","og_image":[{"width":768,"height":576,"url":"https:\/\/centrourbano.com\/revista\/wp-content\/uploads\/281905309_4589903114444466_8024154047404663682_n.jpg","type":"image\/jpeg"}],"author":"Samantha Navarrete","twitter_card":"summary_large_image","twitter_creator":"@CentroUrbano","twitter_site":"@CentroUrbano","twitter_misc":{"Escrito por":"Samantha Navarrete","Tiempo de lectura":"2 minutos"},"schema":{"@context":"https:\/\/schema.org","@graph":[{"@type":"Article","@id":"https:\/\/centrourbano.com\/revista\/sin-categoria\/17-anos-de-fundacion-construyendo-y-creciendo\/#article","isPartOf":{"@id":"https:\/\/centrourbano.com\/revista\/sin-categoria\/17-anos-de-fundacion-construyendo-y-creciendo\/"},"author":{"name":"Samantha Navarrete","@id":"https:\/\/centrourbano.com\/revista\/#\/schema\/person\/29a11bc6f89e81ad25525f9e9d3bddb7"},"headline":"17 a\u00f1os de Fundaci\u00f3n Construyendo y Creciendo","datePublished":"2022-10-07T00:35:56+00:00","mainEntityOfPage":{"@id":"https:\/\/centrourbano.com\/revista\/sin-categoria\/17-anos-de-fundacion-construyendo-y-creciendo\/"},"wordCount":272,"commentCount":0,"publisher":{"@id":"https:\/\/centrourbano.com\/revista\/#organization"},"image":{"@id":"https:\/\/centrourbano.com\/revista\/sin-categoria\/17-anos-de-fundacion-construyendo-y-creciendo\/#primaryimage"},"thumbnailUrl":"https:\/\/centrourbano.com\/revista\/wp-content\/uploads\/281905309_4589903114444466_8024154047404663682_n.jpg","articleSection":{"1":"Vivienda"},"inLanguage":"es","potentialAction":[{"@type":"CommentAction","name":"Comment","target":["https:\/\/centrourbano.com\/revista\/sin-categoria\/17-anos-de-fundacion-construyendo-y-creciendo\/#respond"]}]},{"@type":"WebPage","@id":"https:\/\/centrourbano.com\/revista\/sin-categoria\/17-anos-de-fundacion-construyendo-y-creciendo\/","url":"https:\/\/centrourbano.com\/revista\/sin-categoria\/17-anos-de-fundacion-construyendo-y-creciendo\/","name":"17 a\u00f1os de Fundaci\u00f3n Construyendo y Creciendo -","isPartOf":{"@id":"https:\/\/centrourbano.com\/revista\/#website"},"primaryImageOfPage":{"@id":"https:\/\/centrourbano.com\/revista\/sin-categoria\/17-anos-de-fundacion-construyendo-y-creciendo\/#primaryimage"},"image":{"@id":"https:\/\/centrourbano.com\/revista\/sin-categoria\/17-anos-de-fundacion-construyendo-y-creciendo\/#primaryimage"},"thumbnailUrl":"https:\/\/centrourbano.com\/revista\/wp-content\/uploads\/281905309_4589903114444466_8024154047404663682_n.jpg","datePublished":"2022-10-07T00:35:56+00:00","description":"Fundaci\u00f3n Construyendo y Creciendo cumple 17 a\u00f1os apoyando a los trabajadores de la construcci\u00f3n para terminar sus estudios y calidad de vida.","breadcrumb":{"@id":"https:\/\/centrourbano.com\/revista\/sin-categoria\/17-anos-de-fundacion-construyendo-y-creciendo\/#breadcrumb"},"inLanguage":"es","potentialAction":[{"@type":"ReadAction","target":["https:\/\/centrourbano.com\/revista\/sin-categoria\/17-anos-de-fundacion-construyendo-y-creciendo\/"]}]},{"@type":"ImageObject","inLanguage":"es","@id":"https:\/\/centrourbano.com\/revista\/sin-categoria\/17-anos-de-fundacion-construyendo-y-creciendo\/#primaryimage","url":"https:\/\/centrourbano.com\/revista\/wp-content\/uploads\/281905309_4589903114444466_8024154047404663682_n.jpg","contentUrl":"https:\/\/centrourbano.com\/revista\/wp-content\/uploads\/281905309_4589903114444466_8024154047404663682_n.jpg","width":768,"height":576},{"@type":"BreadcrumbList","@id":"https:\/\/centrourbano.com\/revista\/sin-categoria\/17-anos-de-fundacion-construyendo-y-creciendo\/#breadcrumb","itemListElement":[{"@type":"ListItem","position":1,"name":"Portada","item":"https:\/\/centrourbano.com\/revista\/"},{"@type":"ListItem","position":2,"name":"17 a\u00f1os de Fundaci\u00f3n Construyendo y Creciendo"}]},{"@type":"WebSite","@id":"https:\/\/centrourbano.com\/revista\/#website","url":"https:\/\/centrourbano.com\/revista\/","name":"Centro Urbano","description":"Medio especializado en los sectores vivienda, inmobiliario, construcci\u00f3n, arquitectura y urbanismo.","publisher":{"@id":"https:\/\/centrourbano.com\/revista\/#organization"},"potentialAction":[{"@type":"SearchAction","target":{"@type":"EntryPoint","urlTemplate":"https:\/\/centrourbano.com\/revista\/?s={search_term_string}"},"query-input":{"@type":"PropertyValueSpecification","valueRequired":true,"valueName":"search_term_string"}}],"inLanguage":"es"},{"@type":"Organization","@id":"https:\/\/centrourbano.com\/revista\/#organization","name":"Centro Urbano","url":"https:\/\/centrourbano.com\/revista\/","logo":{"@type":"ImageObject","inLanguage":"es","@id":"https:\/\/centrourbano.com\/revista\/#\/schema\/logo\/image\/","url":"https:\/\/centrourbano.com\/revista\/wp-content\/uploads\/web_CU_logo-1.png","contentUrl":"https:\/\/centrourbano.com\/revista\/wp-content\/uploads\/web_CU_logo-1.png","width":350,"height":91,"caption":"Centro Urbano"},"image":{"@id":"https:\/\/centrourbano.com\/revista\/#\/schema\/logo\/image\/"},"sameAs":["https:\/\/www.facebook.com\/portalcentrourbano","https:\/\/x.com\/CentroUrbano","https:\/\/www.instagram.com\/centro_urbano\/","https:\/\/www.linkedin.com\/company\/centro-urbano\/","http:\/\/www.youtube.com\/user\/portalcentrourbano"]},{"@type":"Person","@id":"https:\/\/centrourbano.com\/revista\/#\/schema\/person\/29a11bc6f89e81ad25525f9e9d3bddb7","name":"Samantha Navarrete","image":{"@type":"ImageObject","inLanguage":"es","@id":"https:\/\/secure.gravatar.com\/avatar\/ac327b04343ef4665d1a7f2439feef4e95e9989dadeb927fddaf7f9a45c7c842?s=96&d=mm&r=g","url":"https:\/\/secure.gravatar.com\/avatar\/ac327b04343ef4665d1a7f2439feef4e95e9989dadeb927fddaf7f9a45c7c842?s=96&d=mm&r=g","contentUrl":"https:\/\/secure.gravatar.com\/avatar\/ac327b04343ef4665d1a7f2439feef4e95e9989dadeb927fddaf7f9a45c7c842?s=96&d=mm&r=g","caption":"Samantha Navarrete"},"url":"https:\/\/centrourbano.com\/revista\/author\/samantha-navarrete\/"}]}},"_links":{"self":[{"href":"https:\/\/centrourbano.com\/revista\/wp-json\/wp\/v2\/posts\/134338","targetHints":{"allow":["GET"]}}],"collection":[{"href":"https:\/\/centrourbano.com\/revista\/wp-json\/wp\/v2\/posts"}],"about":[{"href":"https:\/\/centrourbano.com\/revista\/wp-json\/wp\/v2\/types\/post"}],"author":[{"embeddable":true,"href":"https:\/\/centrourbano.com\/revista\/wp-json\/wp\/v2\/users\/89"}],"replies":[{"embeddable":true,"href":"https:\/\/centrourbano.com\/revista\/wp-json\/wp\/v2\/comments?post=134338"}],"version-history":[{"count":2,"href":"https:\/\/centrourbano.com\/revista\/wp-json\/wp\/v2\/posts\/134338\/revisions"}],"predecessor-version":[{"id":134341,"href":"https:\/\/centrourbano.com\/revista\/wp-json\/wp\/v2\/posts\/134338\/revisions\/134341"}],"wp:featuredmedia":[{"embeddable":true,"href":"https:\/\/centrourbano.com\/revista\/wp-json\/wp\/v2\/media\/134340"}],"wp:attachment":[{"href":"https:\/\/centrourbano.com\/revista\/wp-json\/wp\/v2\/media?parent=134338"}],"wp:term":[{"taxonomy":"category","embeddable":true,"href":"https:\/\/centrourbano.com\/revista\/wp-json\/wp\/v2\/categories?post=134338"},{"taxonomy":"post_tag","embeddable":true,"href":"https:\/\/centrourbano.com\/revista\/wp-json\/wp\/v2\/tags?post=134338"}],"curies":[{"name":"wp","href":"https:\/\/api.w.org\/{rel}","templated":true}]}}