{"id":13407,"date":"2014-12-10T14:19:36","date_gmt":"2014-12-10T20:19:36","guid":{"rendered":"http:\/\/centrourbano.com\/?p=13407"},"modified":"2014-12-10T15:45:33","modified_gmt":"2014-12-10T21:45:33","slug":"anuncian-complejo-de-uso-mixto-en-durango","status":"publish","type":"post","link":"https:\/\/centrourbano.com\/revista\/inmobiliario\/anuncian-complejo-de-uso-mixto-en-durango\/","title":{"rendered":"Anuncian complejo de uso mixto en Durango"},"content":{"rendered":"<p>&nbsp;<\/p>\n<p>Grupo Altozano llevar\u00e1 la obra con una inversi\u00f3n inicial de 100 millones de d\u00f3lares\u00a0<!--more--><\/p>\n<p>&nbsp;<\/p>\n<p>Autoridades estatales\u00a0en conjunto con grupo desarrollador\u00a0confirmaron la inversi\u00f3n para un complejo\u00a0de uso mixto en G\u00f3mez Palacio, Durango. El proyecto de nombre \u201cLas Huertas\u201d contar\u00e1 con una inversi\u00f3n de 100 millones de d\u00f3lares en su primera etapa y ser\u00e1 llevado por Grupo Altozano.<\/p>\n<p>En una primera etapa, el desarrollo proyecta el levantamiento de 2,900 viviendas los cuales tendr\u00e1n un valor de un mill\u00f3n de pesos. De igual manera incluye un parque lineal con ciclov\u00eda integrada en el lecho del r\u00edo Nava, una casa club, \u00e1rea comercial y canchas deportivas en un espacio de 300 hect\u00e1reas.<\/p>\n<p>El mapa del proyecto estipula que un 50 por ciento del predio acordado estar\u00e1 ocupado por \u00e1reas comerciales, \u00e1reas verdes e infraestructura urbana, mientras el otro 50 por ciento se destinar\u00e1 al espacio residencial y una universidad.<\/p>\n<p>La obra de construcci\u00f3n arrancar\u00e1 a partir del primer trimestre de 2015, esperando concluir su etapa final a finales del mismo a\u00f1o. La estructura cuenta con un dise\u00f1o sustentable, el cual permitir\u00e1 un sistema de riego que suministrar\u00e1 agua de la planta tratadora Oriente, ubicado en las inmediaciones del predio.<\/p>\n","protected":false},"excerpt":{"rendered":"<p>&nbsp; Grupo Altozano llevar\u00e1 la obra con una inversi\u00f3n inicial de 100 millones de d\u00f3lares\u00a0<\/p>\n","protected":false},"author":1,"featured_media":0,"comment_status":"open","ping_status":"closed","sticky":false,"template":"","format":"standard","meta":{"om_disable_all_campaigns":false,"inline_featured_image":false,"_monsterinsights_skip_tracking":false,"_monsterinsights_sitenote_active":false,"_monsterinsights_sitenote_note":"","_monsterinsights_sitenote_category":0,"footnotes":""},"categories":[15],"tags":[312,1087,3898],"class_list":["post-13407","post","type-post","status-publish","format-standard","hentry","category-inmobiliario","tag-durango","tag-gomez-palacio","tag-grupo-altozano"],"yoast_head":"<!-- This site is optimized with the Yoast SEO plugin v27.4 - https:\/\/yoast.com\/product\/yoast-seo-wordpress\/ -->\n<title>Anuncian complejo de uso mixto en Durango -<\/title>\n<meta name=\"description\" content=\"&nbsp; Grupo Altozano llevar\u00e1 la obra con una inversi\u00f3n inicial de 100 millones de d\u00f3lares\u00a0 &nbsp; Autoridades estatales\u00a0en conjunto con grupo\" \/>\n<meta name=\"robots\" content=\"index, follow, max-snippet:-1, max-image-preview:large, max-video-preview:-1\" \/>\n<link rel=\"canonical\" href=\"https:\/\/centrourbano.com\/revista\/inmobiliario\/anuncian-complejo-de-uso-mixto-en-durango\/\" \/>\n<meta property=\"og:locale\" content=\"es_ES\" \/>\n<meta property=\"og:type\" content=\"article\" \/>\n<meta property=\"og:title\" content=\"Anuncian complejo de uso mixto en Durango -\" \/>\n<meta property=\"og:description\" content=\"&nbsp; Grupo Altozano llevar\u00e1 la obra con una inversi\u00f3n inicial de 100 millones de d\u00f3lares\u00a0 &nbsp; Autoridades estatales\u00a0en conjunto con grupo\" \/>\n<meta property=\"og:url\" content=\"https:\/\/centrourbano.com\/revista\/inmobiliario\/anuncian-complejo-de-uso-mixto-en-durango\/\" \/>\n<meta property=\"og:site_name\" content=\"Centro Urbano\" \/>\n<meta property=\"article:publisher\" content=\"https:\/\/www.facebook.com\/portalcentrourbano\" \/>\n<meta property=\"article:published_time\" content=\"2014-12-10T20:19:36+00:00\" \/>\n<meta property=\"article:modified_time\" content=\"2014-12-10T21:45:33+00:00\" \/>\n<meta property=\"og:image\" content=\"https:\/\/centrourbano.com\/revista\/wp-content\/uploads\/CU-logo.png\" \/>\n\t<meta property=\"og:image:width\" content=\"350\" \/>\n\t<meta property=\"og:image:height\" content=\"91\" \/>\n\t<meta property=\"og:image:type\" content=\"image\/png\" \/>\n<meta name=\"author\" content=\"BlogCU 2022\" \/>\n<meta name=\"twitter:card\" content=\"summary_large_image\" \/>\n<meta name=\"twitter:creator\" content=\"@CentroUrbano\" \/>\n<meta name=\"twitter:site\" content=\"@CentroUrbano\" \/>\n<meta name=\"twitter:label1\" content=\"Escrito por\" \/>\n\t<meta name=\"twitter:data1\" content=\"BlogCU 2022\" \/>\n\t<meta name=\"twitter:label2\" content=\"Tiempo de lectura\" \/>\n\t<meta name=\"twitter:data2\" content=\"1 minuto\" \/>\n<script type=\"application\/ld+json\" class=\"yoast-schema-graph\">{\"@context\":\"https:\\\/\\\/schema.org\",\"@graph\":[{\"@type\":\"Article\",\"@id\":\"https:\\\/\\\/centrourbano.com\\\/revista\\\/inmobiliario\\\/anuncian-complejo-de-uso-mixto-en-durango\\\/#article\",\"isPartOf\":{\"@id\":\"https:\\\/\\\/centrourbano.com\\\/revista\\\/inmobiliario\\\/anuncian-complejo-de-uso-mixto-en-durango\\\/\"},\"author\":{\"name\":\"BlogCU 2022\",\"@id\":\"https:\\\/\\\/centrourbano.com\\\/revista\\\/#\\\/schema\\\/person\\\/26c0ab2d8952e32eb17ccf62f8e88ce6\"},\"headline\":\"Anuncian complejo de uso mixto en Durango\",\"datePublished\":\"2014-12-10T20:19:36+00:00\",\"dateModified\":\"2014-12-10T21:45:33+00:00\",\"mainEntityOfPage\":{\"@id\":\"https:\\\/\\\/centrourbano.com\\\/revista\\\/inmobiliario\\\/anuncian-complejo-de-uso-mixto-en-durango\\\/\"},\"wordCount\":214,\"commentCount\":0,\"publisher\":{\"@id\":\"https:\\\/\\\/centrourbano.com\\\/revista\\\/#organization\"},\"keywords\":[\"Durango\",\"G\u00f3mez Palacio\",\"Grupo Altozano\"],\"articleSection\":[\"Inmobiliario\"],\"inLanguage\":\"es\",\"potentialAction\":[{\"@type\":\"CommentAction\",\"name\":\"Comment\",\"target\":[\"https:\\\/\\\/centrourbano.com\\\/revista\\\/inmobiliario\\\/anuncian-complejo-de-uso-mixto-en-durango\\\/#respond\"]}]},{\"@type\":\"WebPage\",\"@id\":\"https:\\\/\\\/centrourbano.com\\\/revista\\\/inmobiliario\\\/anuncian-complejo-de-uso-mixto-en-durango\\\/\",\"url\":\"https:\\\/\\\/centrourbano.com\\\/revista\\\/inmobiliario\\\/anuncian-complejo-de-uso-mixto-en-durango\\\/\",\"name\":\"Anuncian complejo de uso mixto en Durango -\",\"isPartOf\":{\"@id\":\"https:\\\/\\\/centrourbano.com\\\/revista\\\/#website\"},\"datePublished\":\"2014-12-10T20:19:36+00:00\",\"dateModified\":\"2014-12-10T21:45:33+00:00\",\"description\":\"&nbsp; Grupo Altozano llevar\u00e1 la obra con una inversi\u00f3n inicial de 100 millones de d\u00f3lares\u00a0 &nbsp; Autoridades estatales\u00a0en conjunto con grupo\",\"breadcrumb\":{\"@id\":\"https:\\\/\\\/centrourbano.com\\\/revista\\\/inmobiliario\\\/anuncian-complejo-de-uso-mixto-en-durango\\\/#breadcrumb\"},\"inLanguage\":\"es\",\"potentialAction\":[{\"@type\":\"ReadAction\",\"target\":[\"https:\\\/\\\/centrourbano.com\\\/revista\\\/inmobiliario\\\/anuncian-complejo-de-uso-mixto-en-durango\\\/\"]}]},{\"@type\":\"BreadcrumbList\",\"@id\":\"https:\\\/\\\/centrourbano.com\\\/revista\\\/inmobiliario\\\/anuncian-complejo-de-uso-mixto-en-durango\\\/#breadcrumb\",\"itemListElement\":[{\"@type\":\"ListItem\",\"position\":1,\"name\":\"Portada\",\"item\":\"https:\\\/\\\/centrourbano.com\\\/revista\\\/\"},{\"@type\":\"ListItem\",\"position\":2,\"name\":\"Anuncian complejo de uso mixto en Durango\"}]},{\"@type\":\"WebSite\",\"@id\":\"https:\\\/\\\/centrourbano.com\\\/revista\\\/#website\",\"url\":\"https:\\\/\\\/centrourbano.com\\\/revista\\\/\",\"name\":\"Centro Urbano\",\"description\":\"Medio especializado en los sectores vivienda, inmobiliario, construcci\u00f3n, arquitectura y urbanismo.\",\"publisher\":{\"@id\":\"https:\\\/\\\/centrourbano.com\\\/revista\\\/#organization\"},\"potentialAction\":[{\"@type\":\"SearchAction\",\"target\":{\"@type\":\"EntryPoint\",\"urlTemplate\":\"https:\\\/\\\/centrourbano.com\\\/revista\\\/?s={search_term_string}\"},\"query-input\":{\"@type\":\"PropertyValueSpecification\",\"valueRequired\":true,\"valueName\":\"search_term_string\"}}],\"inLanguage\":\"es\"},{\"@type\":\"Organization\",\"@id\":\"https:\\\/\\\/centrourbano.com\\\/revista\\\/#organization\",\"name\":\"Centro Urbano\",\"url\":\"https:\\\/\\\/centrourbano.com\\\/revista\\\/\",\"logo\":{\"@type\":\"ImageObject\",\"inLanguage\":\"es\",\"@id\":\"https:\\\/\\\/centrourbano.com\\\/revista\\\/#\\\/schema\\\/logo\\\/image\\\/\",\"url\":\"https:\\\/\\\/centrourbano.com\\\/revista\\\/wp-content\\\/uploads\\\/web_CU_logo-1.png\",\"contentUrl\":\"https:\\\/\\\/centrourbano.com\\\/revista\\\/wp-content\\\/uploads\\\/web_CU_logo-1.png\",\"width\":350,\"height\":91,\"caption\":\"Centro Urbano\"},\"image\":{\"@id\":\"https:\\\/\\\/centrourbano.com\\\/revista\\\/#\\\/schema\\\/logo\\\/image\\\/\"},\"sameAs\":[\"https:\\\/\\\/www.facebook.com\\\/portalcentrourbano\",\"https:\\\/\\\/x.com\\\/CentroUrbano\",\"https:\\\/\\\/www.instagram.com\\\/centro_urbano\\\/\",\"https:\\\/\\\/www.linkedin.com\\\/company\\\/centro-urbano\\\/\",\"http:\\\/\\\/www.youtube.com\\\/user\\\/portalcentrourbano\"]},{\"@type\":\"Person\",\"@id\":\"https:\\\/\\\/centrourbano.com\\\/revista\\\/#\\\/schema\\\/person\\\/26c0ab2d8952e32eb17ccf62f8e88ce6\",\"name\":\"BlogCU 2022\",\"image\":{\"@type\":\"ImageObject\",\"inLanguage\":\"es\",\"@id\":\"https:\\\/\\\/secure.gravatar.com\\\/avatar\\\/5ec2975f6d4b1643c723f08ef135c488131c64cba4524740d438f2e04dbeacdc?s=96&d=mm&r=g\",\"url\":\"https:\\\/\\\/secure.gravatar.com\\\/avatar\\\/5ec2975f6d4b1643c723f08ef135c488131c64cba4524740d438f2e04dbeacdc?s=96&d=mm&r=g\",\"contentUrl\":\"https:\\\/\\\/secure.gravatar.com\\\/avatar\\\/5ec2975f6d4b1643c723f08ef135c488131c64cba4524740d438f2e04dbeacdc?s=96&d=mm&r=g\",\"caption\":\"BlogCU 2022\"},\"url\":\"https:\\\/\\\/centrourbano.com\\\/revista\\\/author\\\/BlogCU 2022\\\/\"}]}<\/script>\n<!-- \/ Yoast SEO plugin. -->","yoast_head_json":{"title":"Anuncian complejo de uso mixto en Durango -","description":"&nbsp; Grupo Altozano llevar\u00e1 la obra con una inversi\u00f3n inicial de 100 millones de d\u00f3lares\u00a0 &nbsp; Autoridades estatales\u00a0en conjunto con grupo","robots":{"index":"index","follow":"follow","max-snippet":"max-snippet:-1","max-image-preview":"max-image-preview:large","max-video-preview":"max-video-preview:-1"},"canonical":"https:\/\/centrourbano.com\/revista\/inmobiliario\/anuncian-complejo-de-uso-mixto-en-durango\/","og_locale":"es_ES","og_type":"article","og_title":"Anuncian complejo de uso mixto en Durango -","og_description":"&nbsp; Grupo Altozano llevar\u00e1 la obra con una inversi\u00f3n inicial de 100 millones de d\u00f3lares\u00a0 &nbsp; Autoridades estatales\u00a0en conjunto con grupo","og_url":"https:\/\/centrourbano.com\/revista\/inmobiliario\/anuncian-complejo-de-uso-mixto-en-durango\/","og_site_name":"Centro Urbano","article_publisher":"https:\/\/www.facebook.com\/portalcentrourbano","article_published_time":"2014-12-10T20:19:36+00:00","article_modified_time":"2014-12-10T21:45:33+00:00","og_image":[{"width":350,"height":91,"url":"https:\/\/centrourbano.com\/revista\/wp-content\/uploads\/CU-logo.png","type":"image\/png"}],"author":"BlogCU 2022","twitter_card":"summary_large_image","twitter_creator":"@CentroUrbano","twitter_site":"@CentroUrbano","twitter_misc":{"Escrito por":"BlogCU 2022","Tiempo de lectura":"1 minuto"},"schema":{"@context":"https:\/\/schema.org","@graph":[{"@type":"Article","@id":"https:\/\/centrourbano.com\/revista\/inmobiliario\/anuncian-complejo-de-uso-mixto-en-durango\/#article","isPartOf":{"@id":"https:\/\/centrourbano.com\/revista\/inmobiliario\/anuncian-complejo-de-uso-mixto-en-durango\/"},"author":{"name":"BlogCU 2022","@id":"https:\/\/centrourbano.com\/revista\/#\/schema\/person\/26c0ab2d8952e32eb17ccf62f8e88ce6"},"headline":"Anuncian complejo de uso mixto en Durango","datePublished":"2014-12-10T20:19:36+00:00","dateModified":"2014-12-10T21:45:33+00:00","mainEntityOfPage":{"@id":"https:\/\/centrourbano.com\/revista\/inmobiliario\/anuncian-complejo-de-uso-mixto-en-durango\/"},"wordCount":214,"commentCount":0,"publisher":{"@id":"https:\/\/centrourbano.com\/revista\/#organization"},"keywords":["Durango","G\u00f3mez Palacio","Grupo Altozano"],"articleSection":["Inmobiliario"],"inLanguage":"es","potentialAction":[{"@type":"CommentAction","name":"Comment","target":["https:\/\/centrourbano.com\/revista\/inmobiliario\/anuncian-complejo-de-uso-mixto-en-durango\/#respond"]}]},{"@type":"WebPage","@id":"https:\/\/centrourbano.com\/revista\/inmobiliario\/anuncian-complejo-de-uso-mixto-en-durango\/","url":"https:\/\/centrourbano.com\/revista\/inmobiliario\/anuncian-complejo-de-uso-mixto-en-durango\/","name":"Anuncian complejo de uso mixto en Durango -","isPartOf":{"@id":"https:\/\/centrourbano.com\/revista\/#website"},"datePublished":"2014-12-10T20:19:36+00:00","dateModified":"2014-12-10T21:45:33+00:00","description":"&nbsp; Grupo Altozano llevar\u00e1 la obra con una inversi\u00f3n inicial de 100 millones de d\u00f3lares\u00a0 &nbsp; Autoridades estatales\u00a0en conjunto con grupo","breadcrumb":{"@id":"https:\/\/centrourbano.com\/revista\/inmobiliario\/anuncian-complejo-de-uso-mixto-en-durango\/#breadcrumb"},"inLanguage":"es","potentialAction":[{"@type":"ReadAction","target":["https:\/\/centrourbano.com\/revista\/inmobiliario\/anuncian-complejo-de-uso-mixto-en-durango\/"]}]},{"@type":"BreadcrumbList","@id":"https:\/\/centrourbano.com\/revista\/inmobiliario\/anuncian-complejo-de-uso-mixto-en-durango\/#breadcrumb","itemListElement":[{"@type":"ListItem","position":1,"name":"Portada","item":"https:\/\/centrourbano.com\/revista\/"},{"@type":"ListItem","position":2,"name":"Anuncian complejo de uso mixto en Durango"}]},{"@type":"WebSite","@id":"https:\/\/centrourbano.com\/revista\/#website","url":"https:\/\/centrourbano.com\/revista\/","name":"Centro Urbano","description":"Medio especializado en los sectores vivienda, inmobiliario, construcci\u00f3n, arquitectura y urbanismo.","publisher":{"@id":"https:\/\/centrourbano.com\/revista\/#organization"},"potentialAction":[{"@type":"SearchAction","target":{"@type":"EntryPoint","urlTemplate":"https:\/\/centrourbano.com\/revista\/?s={search_term_string}"},"query-input":{"@type":"PropertyValueSpecification","valueRequired":true,"valueName":"search_term_string"}}],"inLanguage":"es"},{"@type":"Organization","@id":"https:\/\/centrourbano.com\/revista\/#organization","name":"Centro Urbano","url":"https:\/\/centrourbano.com\/revista\/","logo":{"@type":"ImageObject","inLanguage":"es","@id":"https:\/\/centrourbano.com\/revista\/#\/schema\/logo\/image\/","url":"https:\/\/centrourbano.com\/revista\/wp-content\/uploads\/web_CU_logo-1.png","contentUrl":"https:\/\/centrourbano.com\/revista\/wp-content\/uploads\/web_CU_logo-1.png","width":350,"height":91,"caption":"Centro Urbano"},"image":{"@id":"https:\/\/centrourbano.com\/revista\/#\/schema\/logo\/image\/"},"sameAs":["https:\/\/www.facebook.com\/portalcentrourbano","https:\/\/x.com\/CentroUrbano","https:\/\/www.instagram.com\/centro_urbano\/","https:\/\/www.linkedin.com\/company\/centro-urbano\/","http:\/\/www.youtube.com\/user\/portalcentrourbano"]},{"@type":"Person","@id":"https:\/\/centrourbano.com\/revista\/#\/schema\/person\/26c0ab2d8952e32eb17ccf62f8e88ce6","name":"BlogCU 2022","image":{"@type":"ImageObject","inLanguage":"es","@id":"https:\/\/secure.gravatar.com\/avatar\/5ec2975f6d4b1643c723f08ef135c488131c64cba4524740d438f2e04dbeacdc?s=96&d=mm&r=g","url":"https:\/\/secure.gravatar.com\/avatar\/5ec2975f6d4b1643c723f08ef135c488131c64cba4524740d438f2e04dbeacdc?s=96&d=mm&r=g","contentUrl":"https:\/\/secure.gravatar.com\/avatar\/5ec2975f6d4b1643c723f08ef135c488131c64cba4524740d438f2e04dbeacdc?s=96&d=mm&r=g","caption":"BlogCU 2022"},"url":"https:\/\/centrourbano.com\/revista\/author\/BlogCU 2022\/"}]}},"_links":{"self":[{"href":"https:\/\/centrourbano.com\/revista\/wp-json\/wp\/v2\/posts\/13407","targetHints":{"allow":["GET"]}}],"collection":[{"href":"https:\/\/centrourbano.com\/revista\/wp-json\/wp\/v2\/posts"}],"about":[{"href":"https:\/\/centrourbano.com\/revista\/wp-json\/wp\/v2\/types\/post"}],"author":[{"embeddable":true,"href":"https:\/\/centrourbano.com\/revista\/wp-json\/wp\/v2\/users\/1"}],"replies":[{"embeddable":true,"href":"https:\/\/centrourbano.com\/revista\/wp-json\/wp\/v2\/comments?post=13407"}],"version-history":[{"count":0,"href":"https:\/\/centrourbano.com\/revista\/wp-json\/wp\/v2\/posts\/13407\/revisions"}],"wp:attachment":[{"href":"https:\/\/centrourbano.com\/revista\/wp-json\/wp\/v2\/media?parent=13407"}],"wp:term":[{"taxonomy":"category","embeddable":true,"href":"https:\/\/centrourbano.com\/revista\/wp-json\/wp\/v2\/categories?post=13407"},{"taxonomy":"post_tag","embeddable":true,"href":"https:\/\/centrourbano.com\/revista\/wp-json\/wp\/v2\/tags?post=13407"}],"curies":[{"name":"wp","href":"https:\/\/api.w.org\/{rel}","templated":true}]}}