{"id":133706,"date":"2022-09-15T14:14:27","date_gmt":"2022-09-15T19:14:27","guid":{"rendered":"https:\/\/centrourbano.com\/?p=133706"},"modified":"2022-09-15T14:14:27","modified_gmt":"2022-09-15T19:14:27","slug":"revoluciones-industriales-y-crisis-economicas-transformadores-de-oficinas","status":"publish","type":"post","link":"https:\/\/centrourbano.com\/revista\/inmobiliario\/revoluciones-industriales-y-crisis-economicas-transformadores-de-oficinas\/","title":{"rendered":"Revoluciones industriales y crisis econ\u00f3micas: transformadores de oficinas"},"content":{"rendered":"<p><em>La nanotecnolog\u00eda y el Big Data, forman parte de la cuarta revoluci\u00f3n industrial y el futuro transformador de las oficinas<\/em><!--more--><\/p>\n<p><strong>La transformaci\u00f3n de las oficinas no se considera un acontecimiento nuevo, se\u00f1al\u00f3 Ignacio Vargas, especialista en workplace de <a href=\"https:\/\/twitter.com\/Newmark_Latam\" target=\"_blank\" rel=\"noopener\">Newmark<\/a> se\u00f1ala que los espacios corporativos se han reinventado en diversas ocaciones. Dentro de las principales causas se encuentran las revoluciones industriales y la crisis econ\u00f3mica.<\/strong><\/p>\n<p><strong>En ese sentido, Klaus Schwab, fundador del foro econ\u00f3mico mundial destac\u00f3 que la cuarta revoluci\u00f3n industrial inici\u00f3 cuando lo digital se cruz\u00f3 con la nanotecnolog\u00eda y el Big Data.<\/strong> Debido a ello, los espacios de oficinas sufrir\u00e1n inmersiones conforme a las nuevas fusiones tecnol\u00f3gicas.<\/p>\n<p><strong>Por ahora, las diferentes empresas comienzan con la adopci\u00f3n de nuevos sistemas de colaboraci\u00f3n, entre los que se encuentra; el esquema h\u00edbrido y el trabajo 100% digital o virtual.<\/strong><\/p>\n<p>Sin embargo, esto no significa que no dejen de tener una huella constructiva dentro del mercado inmobiliario. Ya que, al final, se necesitan espacios de almacenamiento para los sistemas inform\u00e1ticos y de datos para las empresas.<\/p>\n<p><strong>Este panorama, apertura diversas cuestiones entorno a la adaptabilidad de las empresas y sus colaboradores.<\/strong> Por lo que, el especialista en workplace asegur\u00f3 que a pesar de no tener respuesta, se podr\u00eda vislumbrar a trav\u00e9s de preguntas m\u00e1s espec\u00edficas.<\/p>\n<p>Por tal motivo, entre las soluciones que encuentra Newmark, se despliega la inclusi\u00f3n de todas las \u00e1reas de trabajo en un solo espacio. Adem\u00e1s de la ruptura de jerarqu\u00edas que se mantuvo durante mucho tiempo.<\/p>\n<p>Por otra parte, ser\u00e1 fundamental integrar las oficinas con los espacios abiertos, que podr\u00edan ser utilizados por cualquier persona, en cualquier momento.<\/p>\n<blockquote><p>\u201cHoy hay soluciones que permiten ir a diversos lugares que podemos ocupar por hora, cercanos al centro de trabajo. Tambi\u00e9n existen estaciones de trabajo que priorizan posturas diferentes o con movimiento constante, hacer pausas, inclusive ejercicio; lo que evita un estilo de vida sedentario que pueda repercutir de forma negativa en nuestra salud\u201d, finaliz\u00f3.<\/p><\/blockquote>\n<p>&nbsp;<\/p>\n<p>&nbsp;<\/p>\n","protected":false},"excerpt":{"rendered":"<p>La nanotecnolog\u00eda y el Big Data, forman parte de la cuarta revoluci\u00f3n industrial y el futuro transformador de las oficinas<\/p>\n","protected":false},"author":80,"featured_media":133707,"comment_status":"open","ping_status":"closed","sticky":false,"template":"","format":"standard","meta":{"om_disable_all_campaigns":false,"inline_featured_image":false,"_monsterinsights_skip_tracking":false,"_monsterinsights_sitenote_active":false,"_monsterinsights_sitenote_note":"","_monsterinsights_sitenote_category":0,"footnotes":""},"categories":[15],"tags":[11915,21232,6402,19261],"class_list":["post-133706","post","type-post","status-publish","format-standard","has-post-thumbnail","hentry","category-inmobiliario","tag-diseno-de-oficinas","tag-espacios-de-oficinas","tag-remodelacion-de-oficinas","tag-retorno-a-las-oficinas"],"yoast_head":"<!-- This site is optimized with the Yoast SEO plugin v27.4 - https:\/\/yoast.com\/product\/yoast-seo-wordpress\/ -->\n<title>Revoluciones industriales y crisis econ\u00f3micas: transformadores de oficinas<\/title>\n<meta name=\"description\" content=\"La nanotecnolog\u00eda y el Big Data, forman parte de la cuarta revoluci\u00f3n industrial y el futuro transformador de las oficinas\" \/>\n<meta name=\"robots\" content=\"index, follow, max-snippet:-1, max-image-preview:large, max-video-preview:-1\" \/>\n<link rel=\"canonical\" href=\"https:\/\/centrourbano.com\/revista\/inmobiliario\/revoluciones-industriales-y-crisis-economicas-transformadores-de-oficinas\/\" \/>\n<meta property=\"og:locale\" content=\"es_ES\" \/>\n<meta property=\"og:type\" content=\"article\" \/>\n<meta property=\"og:title\" content=\"Revoluciones industriales y crisis econ\u00f3micas: transformadores de oficinas\" \/>\n<meta property=\"og:description\" content=\"La nanotecnolog\u00eda y el Big Data, forman parte de la cuarta revoluci\u00f3n industrial y el futuro transformador de las oficinas\" \/>\n<meta property=\"og:url\" content=\"https:\/\/centrourbano.com\/revista\/inmobiliario\/revoluciones-industriales-y-crisis-economicas-transformadores-de-oficinas\/\" \/>\n<meta property=\"og:site_name\" content=\"Centro Urbano\" \/>\n<meta property=\"article:publisher\" content=\"https:\/\/www.facebook.com\/portalcentrourbano\" \/>\n<meta property=\"article:published_time\" content=\"2022-09-15T19:14:27+00:00\" \/>\n<meta property=\"og:image\" content=\"https:\/\/centrourbano.com\/revista\/wp-content\/uploads\/image2.png\" \/>\n\t<meta property=\"og:image:width\" content=\"445\" \/>\n\t<meta property=\"og:image:height\" content=\"445\" \/>\n\t<meta property=\"og:image:type\" content=\"image\/png\" \/>\n<meta name=\"author\" content=\"Jackeline Valle\" \/>\n<meta name=\"twitter:card\" content=\"summary_large_image\" \/>\n<meta name=\"twitter:creator\" content=\"@CentroUrbano\" \/>\n<meta name=\"twitter:site\" content=\"@CentroUrbano\" \/>\n<meta name=\"twitter:label1\" content=\"Escrito por\" \/>\n\t<meta name=\"twitter:data1\" content=\"Jackeline Valle\" \/>\n\t<meta name=\"twitter:label2\" content=\"Tiempo de lectura\" \/>\n\t<meta name=\"twitter:data2\" content=\"2 minutos\" \/>\n<script type=\"application\/ld+json\" class=\"yoast-schema-graph\">{\"@context\":\"https:\\\/\\\/schema.org\",\"@graph\":[{\"@type\":\"Article\",\"@id\":\"https:\\\/\\\/centrourbano.com\\\/revista\\\/inmobiliario\\\/revoluciones-industriales-y-crisis-economicas-transformadores-de-oficinas\\\/#article\",\"isPartOf\":{\"@id\":\"https:\\\/\\\/centrourbano.com\\\/revista\\\/inmobiliario\\\/revoluciones-industriales-y-crisis-economicas-transformadores-de-oficinas\\\/\"},\"author\":{\"name\":\"Jackeline Valle\",\"@id\":\"https:\\\/\\\/centrourbano.com\\\/revista\\\/#\\\/schema\\\/person\\\/910180bf1a924c1932a01f6032f5991a\"},\"headline\":\"Revoluciones industriales y crisis econ\u00f3micas: transformadores de oficinas\",\"datePublished\":\"2022-09-15T19:14:27+00:00\",\"mainEntityOfPage\":{\"@id\":\"https:\\\/\\\/centrourbano.com\\\/revista\\\/inmobiliario\\\/revoluciones-industriales-y-crisis-economicas-transformadores-de-oficinas\\\/\"},\"wordCount\":357,\"commentCount\":0,\"publisher\":{\"@id\":\"https:\\\/\\\/centrourbano.com\\\/revista\\\/#organization\"},\"image\":{\"@id\":\"https:\\\/\\\/centrourbano.com\\\/revista\\\/inmobiliario\\\/revoluciones-industriales-y-crisis-economicas-transformadores-de-oficinas\\\/#primaryimage\"},\"thumbnailUrl\":\"https:\\\/\\\/centrourbano.com\\\/revista\\\/wp-content\\\/uploads\\\/image2.png\",\"keywords\":[\"dise\u00f1o de oficinas\",\"Espacios de oficinas\",\"remodelaci\u00f3n de oficinas\",\"Retorno a las Oficinas\"],\"articleSection\":[\"Inmobiliario\"],\"inLanguage\":\"es\",\"potentialAction\":[{\"@type\":\"CommentAction\",\"name\":\"Comment\",\"target\":[\"https:\\\/\\\/centrourbano.com\\\/revista\\\/inmobiliario\\\/revoluciones-industriales-y-crisis-economicas-transformadores-de-oficinas\\\/#respond\"]}]},{\"@type\":\"WebPage\",\"@id\":\"https:\\\/\\\/centrourbano.com\\\/revista\\\/inmobiliario\\\/revoluciones-industriales-y-crisis-economicas-transformadores-de-oficinas\\\/\",\"url\":\"https:\\\/\\\/centrourbano.com\\\/revista\\\/inmobiliario\\\/revoluciones-industriales-y-crisis-economicas-transformadores-de-oficinas\\\/\",\"name\":\"Revoluciones industriales y crisis econ\u00f3micas: transformadores de oficinas\",\"isPartOf\":{\"@id\":\"https:\\\/\\\/centrourbano.com\\\/revista\\\/#website\"},\"primaryImageOfPage\":{\"@id\":\"https:\\\/\\\/centrourbano.com\\\/revista\\\/inmobiliario\\\/revoluciones-industriales-y-crisis-economicas-transformadores-de-oficinas\\\/#primaryimage\"},\"image\":{\"@id\":\"https:\\\/\\\/centrourbano.com\\\/revista\\\/inmobiliario\\\/revoluciones-industriales-y-crisis-economicas-transformadores-de-oficinas\\\/#primaryimage\"},\"thumbnailUrl\":\"https:\\\/\\\/centrourbano.com\\\/revista\\\/wp-content\\\/uploads\\\/image2.png\",\"datePublished\":\"2022-09-15T19:14:27+00:00\",\"description\":\"La nanotecnolog\u00eda y el Big Data, forman parte de la cuarta revoluci\u00f3n industrial y el futuro transformador de las oficinas\",\"breadcrumb\":{\"@id\":\"https:\\\/\\\/centrourbano.com\\\/revista\\\/inmobiliario\\\/revoluciones-industriales-y-crisis-economicas-transformadores-de-oficinas\\\/#breadcrumb\"},\"inLanguage\":\"es\",\"potentialAction\":[{\"@type\":\"ReadAction\",\"target\":[\"https:\\\/\\\/centrourbano.com\\\/revista\\\/inmobiliario\\\/revoluciones-industriales-y-crisis-economicas-transformadores-de-oficinas\\\/\"]}]},{\"@type\":\"ImageObject\",\"inLanguage\":\"es\",\"@id\":\"https:\\\/\\\/centrourbano.com\\\/revista\\\/inmobiliario\\\/revoluciones-industriales-y-crisis-economicas-transformadores-de-oficinas\\\/#primaryimage\",\"url\":\"https:\\\/\\\/centrourbano.com\\\/revista\\\/wp-content\\\/uploads\\\/image2.png\",\"contentUrl\":\"https:\\\/\\\/centrourbano.com\\\/revista\\\/wp-content\\\/uploads\\\/image2.png\",\"width\":445,\"height\":445,\"caption\":\"La nanotecnolog\u00eda y el Big Data, forman parte de la cuarta revoluci\u00f3n industrial y el futuro transformador de las oficinas\"},{\"@type\":\"BreadcrumbList\",\"@id\":\"https:\\\/\\\/centrourbano.com\\\/revista\\\/inmobiliario\\\/revoluciones-industriales-y-crisis-economicas-transformadores-de-oficinas\\\/#breadcrumb\",\"itemListElement\":[{\"@type\":\"ListItem\",\"position\":1,\"name\":\"Portada\",\"item\":\"https:\\\/\\\/centrourbano.com\\\/revista\\\/\"},{\"@type\":\"ListItem\",\"position\":2,\"name\":\"Revoluciones industriales y crisis econ\u00f3micas: transformadores de oficinas\"}]},{\"@type\":\"WebSite\",\"@id\":\"https:\\\/\\\/centrourbano.com\\\/revista\\\/#website\",\"url\":\"https:\\\/\\\/centrourbano.com\\\/revista\\\/\",\"name\":\"Centro Urbano\",\"description\":\"Medio especializado en los sectores vivienda, inmobiliario, construcci\u00f3n, arquitectura y urbanismo.\",\"publisher\":{\"@id\":\"https:\\\/\\\/centrourbano.com\\\/revista\\\/#organization\"},\"potentialAction\":[{\"@type\":\"SearchAction\",\"target\":{\"@type\":\"EntryPoint\",\"urlTemplate\":\"https:\\\/\\\/centrourbano.com\\\/revista\\\/?s={search_term_string}\"},\"query-input\":{\"@type\":\"PropertyValueSpecification\",\"valueRequired\":true,\"valueName\":\"search_term_string\"}}],\"inLanguage\":\"es\"},{\"@type\":\"Organization\",\"@id\":\"https:\\\/\\\/centrourbano.com\\\/revista\\\/#organization\",\"name\":\"Centro Urbano\",\"url\":\"https:\\\/\\\/centrourbano.com\\\/revista\\\/\",\"logo\":{\"@type\":\"ImageObject\",\"inLanguage\":\"es\",\"@id\":\"https:\\\/\\\/centrourbano.com\\\/revista\\\/#\\\/schema\\\/logo\\\/image\\\/\",\"url\":\"https:\\\/\\\/centrourbano.com\\\/revista\\\/wp-content\\\/uploads\\\/web_CU_logo-1.png\",\"contentUrl\":\"https:\\\/\\\/centrourbano.com\\\/revista\\\/wp-content\\\/uploads\\\/web_CU_logo-1.png\",\"width\":350,\"height\":91,\"caption\":\"Centro Urbano\"},\"image\":{\"@id\":\"https:\\\/\\\/centrourbano.com\\\/revista\\\/#\\\/schema\\\/logo\\\/image\\\/\"},\"sameAs\":[\"https:\\\/\\\/www.facebook.com\\\/portalcentrourbano\",\"https:\\\/\\\/x.com\\\/CentroUrbano\",\"https:\\\/\\\/www.instagram.com\\\/centro_urbano\\\/\",\"https:\\\/\\\/www.linkedin.com\\\/company\\\/centro-urbano\\\/\",\"http:\\\/\\\/www.youtube.com\\\/user\\\/portalcentrourbano\"]},{\"@type\":\"Person\",\"@id\":\"https:\\\/\\\/centrourbano.com\\\/revista\\\/#\\\/schema\\\/person\\\/910180bf1a924c1932a01f6032f5991a\",\"name\":\"Jackeline Valle\",\"image\":{\"@type\":\"ImageObject\",\"inLanguage\":\"es\",\"@id\":\"https:\\\/\\\/secure.gravatar.com\\\/avatar\\\/6dfa6899b228d3621bbf2fb01332e7e4b7afc7cd1374760becdb163b7f5436dd?s=96&d=mm&r=g\",\"url\":\"https:\\\/\\\/secure.gravatar.com\\\/avatar\\\/6dfa6899b228d3621bbf2fb01332e7e4b7afc7cd1374760becdb163b7f5436dd?s=96&d=mm&r=g\",\"contentUrl\":\"https:\\\/\\\/secure.gravatar.com\\\/avatar\\\/6dfa6899b228d3621bbf2fb01332e7e4b7afc7cd1374760becdb163b7f5436dd?s=96&d=mm&r=g\",\"caption\":\"Jackeline Valle\"},\"description\":\"Reportera en Centro Urbano. Egresada de la Licenciatura en Comunicaci\u00f3n y Cultura por la Universidad Aut\u00f3noma de la Ciudad de M\u00e9xico (UACM). Interesada en cine y la cultura. Apasionada de los deportes electr\u00f3nicos y el desarrollo de medios audiovisuales.\",\"url\":\"https:\\\/\\\/centrourbano.com\\\/revista\\\/author\\\/jackeline-valle\\\/\"}]}<\/script>\n<!-- \/ Yoast SEO plugin. -->","yoast_head_json":{"title":"Revoluciones industriales y crisis econ\u00f3micas: transformadores de oficinas","description":"La nanotecnolog\u00eda y el Big Data, forman parte de la cuarta revoluci\u00f3n industrial y el futuro transformador de las oficinas","robots":{"index":"index","follow":"follow","max-snippet":"max-snippet:-1","max-image-preview":"max-image-preview:large","max-video-preview":"max-video-preview:-1"},"canonical":"https:\/\/centrourbano.com\/revista\/inmobiliario\/revoluciones-industriales-y-crisis-economicas-transformadores-de-oficinas\/","og_locale":"es_ES","og_type":"article","og_title":"Revoluciones industriales y crisis econ\u00f3micas: transformadores de oficinas","og_description":"La nanotecnolog\u00eda y el Big Data, forman parte de la cuarta revoluci\u00f3n industrial y el futuro transformador de las oficinas","og_url":"https:\/\/centrourbano.com\/revista\/inmobiliario\/revoluciones-industriales-y-crisis-economicas-transformadores-de-oficinas\/","og_site_name":"Centro Urbano","article_publisher":"https:\/\/www.facebook.com\/portalcentrourbano","article_published_time":"2022-09-15T19:14:27+00:00","og_image":[{"width":445,"height":445,"url":"https:\/\/centrourbano.com\/revista\/wp-content\/uploads\/image2.png","type":"image\/png"}],"author":"Jackeline Valle","twitter_card":"summary_large_image","twitter_creator":"@CentroUrbano","twitter_site":"@CentroUrbano","twitter_misc":{"Escrito por":"Jackeline Valle","Tiempo de lectura":"2 minutos"},"schema":{"@context":"https:\/\/schema.org","@graph":[{"@type":"Article","@id":"https:\/\/centrourbano.com\/revista\/inmobiliario\/revoluciones-industriales-y-crisis-economicas-transformadores-de-oficinas\/#article","isPartOf":{"@id":"https:\/\/centrourbano.com\/revista\/inmobiliario\/revoluciones-industriales-y-crisis-economicas-transformadores-de-oficinas\/"},"author":{"name":"Jackeline Valle","@id":"https:\/\/centrourbano.com\/revista\/#\/schema\/person\/910180bf1a924c1932a01f6032f5991a"},"headline":"Revoluciones industriales y crisis econ\u00f3micas: transformadores de oficinas","datePublished":"2022-09-15T19:14:27+00:00","mainEntityOfPage":{"@id":"https:\/\/centrourbano.com\/revista\/inmobiliario\/revoluciones-industriales-y-crisis-economicas-transformadores-de-oficinas\/"},"wordCount":357,"commentCount":0,"publisher":{"@id":"https:\/\/centrourbano.com\/revista\/#organization"},"image":{"@id":"https:\/\/centrourbano.com\/revista\/inmobiliario\/revoluciones-industriales-y-crisis-economicas-transformadores-de-oficinas\/#primaryimage"},"thumbnailUrl":"https:\/\/centrourbano.com\/revista\/wp-content\/uploads\/image2.png","keywords":["dise\u00f1o de oficinas","Espacios de oficinas","remodelaci\u00f3n de oficinas","Retorno a las Oficinas"],"articleSection":["Inmobiliario"],"inLanguage":"es","potentialAction":[{"@type":"CommentAction","name":"Comment","target":["https:\/\/centrourbano.com\/revista\/inmobiliario\/revoluciones-industriales-y-crisis-economicas-transformadores-de-oficinas\/#respond"]}]},{"@type":"WebPage","@id":"https:\/\/centrourbano.com\/revista\/inmobiliario\/revoluciones-industriales-y-crisis-economicas-transformadores-de-oficinas\/","url":"https:\/\/centrourbano.com\/revista\/inmobiliario\/revoluciones-industriales-y-crisis-economicas-transformadores-de-oficinas\/","name":"Revoluciones industriales y crisis econ\u00f3micas: transformadores de oficinas","isPartOf":{"@id":"https:\/\/centrourbano.com\/revista\/#website"},"primaryImageOfPage":{"@id":"https:\/\/centrourbano.com\/revista\/inmobiliario\/revoluciones-industriales-y-crisis-economicas-transformadores-de-oficinas\/#primaryimage"},"image":{"@id":"https:\/\/centrourbano.com\/revista\/inmobiliario\/revoluciones-industriales-y-crisis-economicas-transformadores-de-oficinas\/#primaryimage"},"thumbnailUrl":"https:\/\/centrourbano.com\/revista\/wp-content\/uploads\/image2.png","datePublished":"2022-09-15T19:14:27+00:00","description":"La nanotecnolog\u00eda y el Big Data, forman parte de la cuarta revoluci\u00f3n industrial y el futuro transformador de las oficinas","breadcrumb":{"@id":"https:\/\/centrourbano.com\/revista\/inmobiliario\/revoluciones-industriales-y-crisis-economicas-transformadores-de-oficinas\/#breadcrumb"},"inLanguage":"es","potentialAction":[{"@type":"ReadAction","target":["https:\/\/centrourbano.com\/revista\/inmobiliario\/revoluciones-industriales-y-crisis-economicas-transformadores-de-oficinas\/"]}]},{"@type":"ImageObject","inLanguage":"es","@id":"https:\/\/centrourbano.com\/revista\/inmobiliario\/revoluciones-industriales-y-crisis-economicas-transformadores-de-oficinas\/#primaryimage","url":"https:\/\/centrourbano.com\/revista\/wp-content\/uploads\/image2.png","contentUrl":"https:\/\/centrourbano.com\/revista\/wp-content\/uploads\/image2.png","width":445,"height":445,"caption":"La nanotecnolog\u00eda y el Big Data, forman parte de la cuarta revoluci\u00f3n industrial y el futuro transformador de las oficinas"},{"@type":"BreadcrumbList","@id":"https:\/\/centrourbano.com\/revista\/inmobiliario\/revoluciones-industriales-y-crisis-economicas-transformadores-de-oficinas\/#breadcrumb","itemListElement":[{"@type":"ListItem","position":1,"name":"Portada","item":"https:\/\/centrourbano.com\/revista\/"},{"@type":"ListItem","position":2,"name":"Revoluciones industriales y crisis econ\u00f3micas: transformadores de oficinas"}]},{"@type":"WebSite","@id":"https:\/\/centrourbano.com\/revista\/#website","url":"https:\/\/centrourbano.com\/revista\/","name":"Centro Urbano","description":"Medio especializado en los sectores vivienda, inmobiliario, construcci\u00f3n, arquitectura y urbanismo.","publisher":{"@id":"https:\/\/centrourbano.com\/revista\/#organization"},"potentialAction":[{"@type":"SearchAction","target":{"@type":"EntryPoint","urlTemplate":"https:\/\/centrourbano.com\/revista\/?s={search_term_string}"},"query-input":{"@type":"PropertyValueSpecification","valueRequired":true,"valueName":"search_term_string"}}],"inLanguage":"es"},{"@type":"Organization","@id":"https:\/\/centrourbano.com\/revista\/#organization","name":"Centro Urbano","url":"https:\/\/centrourbano.com\/revista\/","logo":{"@type":"ImageObject","inLanguage":"es","@id":"https:\/\/centrourbano.com\/revista\/#\/schema\/logo\/image\/","url":"https:\/\/centrourbano.com\/revista\/wp-content\/uploads\/web_CU_logo-1.png","contentUrl":"https:\/\/centrourbano.com\/revista\/wp-content\/uploads\/web_CU_logo-1.png","width":350,"height":91,"caption":"Centro Urbano"},"image":{"@id":"https:\/\/centrourbano.com\/revista\/#\/schema\/logo\/image\/"},"sameAs":["https:\/\/www.facebook.com\/portalcentrourbano","https:\/\/x.com\/CentroUrbano","https:\/\/www.instagram.com\/centro_urbano\/","https:\/\/www.linkedin.com\/company\/centro-urbano\/","http:\/\/www.youtube.com\/user\/portalcentrourbano"]},{"@type":"Person","@id":"https:\/\/centrourbano.com\/revista\/#\/schema\/person\/910180bf1a924c1932a01f6032f5991a","name":"Jackeline Valle","image":{"@type":"ImageObject","inLanguage":"es","@id":"https:\/\/secure.gravatar.com\/avatar\/6dfa6899b228d3621bbf2fb01332e7e4b7afc7cd1374760becdb163b7f5436dd?s=96&d=mm&r=g","url":"https:\/\/secure.gravatar.com\/avatar\/6dfa6899b228d3621bbf2fb01332e7e4b7afc7cd1374760becdb163b7f5436dd?s=96&d=mm&r=g","contentUrl":"https:\/\/secure.gravatar.com\/avatar\/6dfa6899b228d3621bbf2fb01332e7e4b7afc7cd1374760becdb163b7f5436dd?s=96&d=mm&r=g","caption":"Jackeline Valle"},"description":"Reportera en Centro Urbano. Egresada de la Licenciatura en Comunicaci\u00f3n y Cultura por la Universidad Aut\u00f3noma de la Ciudad de M\u00e9xico (UACM). Interesada en cine y la cultura. Apasionada de los deportes electr\u00f3nicos y el desarrollo de medios audiovisuales.","url":"https:\/\/centrourbano.com\/revista\/author\/jackeline-valle\/"}]}},"_links":{"self":[{"href":"https:\/\/centrourbano.com\/revista\/wp-json\/wp\/v2\/posts\/133706","targetHints":{"allow":["GET"]}}],"collection":[{"href":"https:\/\/centrourbano.com\/revista\/wp-json\/wp\/v2\/posts"}],"about":[{"href":"https:\/\/centrourbano.com\/revista\/wp-json\/wp\/v2\/types\/post"}],"author":[{"embeddable":true,"href":"https:\/\/centrourbano.com\/revista\/wp-json\/wp\/v2\/users\/80"}],"replies":[{"embeddable":true,"href":"https:\/\/centrourbano.com\/revista\/wp-json\/wp\/v2\/comments?post=133706"}],"version-history":[{"count":1,"href":"https:\/\/centrourbano.com\/revista\/wp-json\/wp\/v2\/posts\/133706\/revisions"}],"predecessor-version":[{"id":133708,"href":"https:\/\/centrourbano.com\/revista\/wp-json\/wp\/v2\/posts\/133706\/revisions\/133708"}],"wp:featuredmedia":[{"embeddable":true,"href":"https:\/\/centrourbano.com\/revista\/wp-json\/wp\/v2\/media\/133707"}],"wp:attachment":[{"href":"https:\/\/centrourbano.com\/revista\/wp-json\/wp\/v2\/media?parent=133706"}],"wp:term":[{"taxonomy":"category","embeddable":true,"href":"https:\/\/centrourbano.com\/revista\/wp-json\/wp\/v2\/categories?post=133706"},{"taxonomy":"post_tag","embeddable":true,"href":"https:\/\/centrourbano.com\/revista\/wp-json\/wp\/v2\/tags?post=133706"}],"curies":[{"name":"wp","href":"https:\/\/api.w.org\/{rel}","templated":true}]}}