{"id":133696,"date":"2022-09-19T08:09:48","date_gmt":"2022-09-19T13:09:48","guid":{"rendered":"https:\/\/centrourbano.com\/?p=133696"},"modified":"2022-09-15T12:15:43","modified_gmt":"2022-09-15T17:15:43","slug":"la-creacion-de-litiomx-sera-de-la-misma-magnitud-que-pemex","status":"publish","type":"post","link":"https:\/\/centrourbano.com\/revista\/actualidad\/la-creacion-de-litiomx-sera-de-la-misma-magnitud-que-pemex\/","title":{"rendered":"La creaci\u00f3n de LitioMX ser\u00e1 de la misma magnitud que Pemex"},"content":{"rendered":"<p><em>Se espera que LitioMx se reconozca como un organismo descentralizado que se encargue de explorar y aprovechar el recurso<\/em><!--more--><\/p>\n<p>Despu\u00e9s del anunci\u00f3 de la creaci\u00f3n de la empresa LitioMx, realizado por el Presidente de la rep\u00fablica, Andr\u00e9s Manuel L\u00f3pez Obrador; <strong>La Jefa de Gobierno, Claudia Sheinbaum Pardo destac\u00f3 que este impuls\u00f3 ser\u00e1 de la misma magnitud que Petr\u00f3leos Mexicanos (Pemex).<\/strong><\/p>\n<p><strong>En ese sentido, a trav\u00e9s de un comunicado resalt\u00f3 que la formaci\u00f3n de la empresa permitir\u00e1 a los residentes de M\u00e9xico obtener soberan\u00eda sobre el mineral.<\/strong> Para ello, el gobierno se encargar\u00e1 de definir un plan estrat\u00e9gico para la explotaci\u00f3n del recurso, a la par de generar un mejor impacto ambiental.<\/p>\n<p><strong>Bajo esta premisa, se espera que LitioMx se reconozca como un organismo descentralizado que se encargue de explorar y aprovechar el recurso.<\/strong> Puesto que M\u00e9xico es considerado el cuart\u00f3 pa\u00eds con mayor concentraci\u00f3n del mineral en Latinoam\u00e9rica.<\/p>\n<blockquote><p>\u201cLa empresa LitioMX nos hace ganar por donde se le vea; tenemos el mineral, tendremos la infraestructura y contribuiremos al desarrollo energ\u00e9tico tanto de M\u00e9xico como de todo el mundo. Vamos a formar parte de este avance tecnol\u00f3gico sin perder el piso y sin faltarle a la historia de nuestro pa\u00eds, entendiendo los cambios hacia un futuro sustentable\u201d, destac\u00f3 la mandataria.<\/p><\/blockquote>\n<h2>LitioMx, la organizaci\u00f3n del recurso tecnol\u00f3gico<\/h2>\n<p><strong>El litio se reconoce por ser el principal componente para las bater\u00edas de dispositivos m\u00f3viles y veh\u00edculos. Por tal motivo, sin el debido aprovechamiento del recurso, ser\u00eda dif\u00edcil transitar de energ\u00edas combustibles contaminantes a energ\u00edas renovables.<\/strong><\/p>\n<p>Debido a ello, el Congreso de la Uni\u00f3n aprob\u00f3 la nacionalizaci\u00f3n del mineral por considerarse de utilidad p\u00fablica. Y, con ello se establecieron reglamentaciones entorno al mineral; no otorgamiento de concesiones, licencias, contratos, permisos o autorizaciones, as\u00ed como considerar zonas de reserva minera.<\/p>\n<p>Por tal motivo, se decidi\u00f3 en consenso la creaci\u00f3n de LitioMx, que permitir\u00e1 innovaci\u00f3n y transici\u00f3n a fuentes renovables de energ\u00eda.<strong> Lo que resultar\u00e1 en la expansi\u00f3n de M\u00e9xico a nivel industrial y consolidar\u00e1 su lugar como parte de los l\u00edderes mundiales en materia energ\u00e9tica.<br \/>\n<\/strong><\/p>\n","protected":false},"excerpt":{"rendered":"<p>Se espera que LitioMx se reconozca como un organismo descentralizado que se encargue de explorar y aprovechar el recurso<\/p>\n","protected":false},"author":80,"featured_media":133697,"comment_status":"open","ping_status":"closed","sticky":false,"template":"","format":"standard","meta":{"om_disable_all_campaigns":false,"inline_featured_image":false,"_monsterinsights_skip_tracking":false,"_monsterinsights_sitenote_active":false,"_monsterinsights_sitenote_note":"","_monsterinsights_sitenote_category":0,"footnotes":""},"categories":[80],"tags":[16241,2175,12298,6444],"class_list":["post-133696","post","type-post","status-publish","format-standard","has-post-thumbnail","hentry","category-actualidad","tag-aprovechamiento-de-recursos","tag-cambio-climatico","tag-cdmx-cambio-climatico","tag-energia-alternativa"],"yoast_head":"<!-- This site is optimized with the Yoast SEO plugin v27.4 - https:\/\/yoast.com\/product\/yoast-seo-wordpress\/ -->\n<title>La creaci\u00f3n de LitioMX ser\u00e1 de la misma magnitud que Pemex<\/title>\n<meta name=\"description\" content=\"Se espera que LitioMx se reconozca como un organismo descentralizado que se encargue de explorar y aprovechar el recurso\" \/>\n<meta name=\"robots\" content=\"index, follow, max-snippet:-1, max-image-preview:large, max-video-preview:-1\" \/>\n<link rel=\"canonical\" href=\"https:\/\/centrourbano.com\/revista\/actualidad\/la-creacion-de-litiomx-sera-de-la-misma-magnitud-que-pemex\/\" \/>\n<meta property=\"og:locale\" content=\"es_ES\" \/>\n<meta property=\"og:type\" content=\"article\" \/>\n<meta property=\"og:title\" content=\"La creaci\u00f3n de LitioMX ser\u00e1 de la misma magnitud que Pemex\" \/>\n<meta property=\"og:description\" content=\"Se espera que LitioMx se reconozca como un organismo descentralizado que se encargue de explorar y aprovechar el recurso\" \/>\n<meta property=\"og:url\" content=\"https:\/\/centrourbano.com\/revista\/actualidad\/la-creacion-de-litiomx-sera-de-la-misma-magnitud-que-pemex\/\" \/>\n<meta property=\"og:site_name\" content=\"Centro Urbano\" \/>\n<meta property=\"article:publisher\" content=\"https:\/\/www.facebook.com\/portalcentrourbano\" \/>\n<meta property=\"article:published_time\" content=\"2022-09-19T13:09:48+00:00\" \/>\n<meta property=\"og:image\" content=\"https:\/\/centrourbano.com\/revista\/wp-content\/uploads\/litio.png\" \/>\n\t<meta property=\"og:image:width\" content=\"803\" \/>\n\t<meta property=\"og:image:height\" content=\"803\" \/>\n\t<meta property=\"og:image:type\" content=\"image\/png\" \/>\n<meta name=\"author\" content=\"Jackeline Valle\" \/>\n<meta name=\"twitter:card\" content=\"summary_large_image\" \/>\n<meta name=\"twitter:creator\" content=\"@CentroUrbano\" \/>\n<meta name=\"twitter:site\" content=\"@CentroUrbano\" \/>\n<meta name=\"twitter:label1\" content=\"Escrito por\" \/>\n\t<meta name=\"twitter:data1\" content=\"Jackeline Valle\" \/>\n\t<meta name=\"twitter:label2\" content=\"Tiempo de lectura\" \/>\n\t<meta name=\"twitter:data2\" content=\"2 minutos\" \/>\n<script type=\"application\/ld+json\" class=\"yoast-schema-graph\">{\"@context\":\"https:\\\/\\\/schema.org\",\"@graph\":[{\"@type\":\"Article\",\"@id\":\"https:\\\/\\\/centrourbano.com\\\/revista\\\/actualidad\\\/la-creacion-de-litiomx-sera-de-la-misma-magnitud-que-pemex\\\/#article\",\"isPartOf\":{\"@id\":\"https:\\\/\\\/centrourbano.com\\\/revista\\\/actualidad\\\/la-creacion-de-litiomx-sera-de-la-misma-magnitud-que-pemex\\\/\"},\"author\":{\"name\":\"Jackeline Valle\",\"@id\":\"https:\\\/\\\/centrourbano.com\\\/revista\\\/#\\\/schema\\\/person\\\/910180bf1a924c1932a01f6032f5991a\"},\"headline\":\"La creaci\u00f3n de LitioMX ser\u00e1 de la misma magnitud que Pemex\",\"datePublished\":\"2022-09-19T13:09:48+00:00\",\"mainEntityOfPage\":{\"@id\":\"https:\\\/\\\/centrourbano.com\\\/revista\\\/actualidad\\\/la-creacion-de-litiomx-sera-de-la-misma-magnitud-que-pemex\\\/\"},\"wordCount\":391,\"commentCount\":0,\"publisher\":{\"@id\":\"https:\\\/\\\/centrourbano.com\\\/revista\\\/#organization\"},\"image\":{\"@id\":\"https:\\\/\\\/centrourbano.com\\\/revista\\\/actualidad\\\/la-creacion-de-litiomx-sera-de-la-misma-magnitud-que-pemex\\\/#primaryimage\"},\"thumbnailUrl\":\"https:\\\/\\\/centrourbano.com\\\/revista\\\/wp-content\\\/uploads\\\/litio.png\",\"keywords\":[\"Aprovechamiento de recursos\",\"Cambio Clim\u00e1tico\",\"CDMX; cambio clim\u00e1tico\",\"Energ\u00eda Alternativa\"],\"articleSection\":[\"Actualidad\"],\"inLanguage\":\"es\",\"potentialAction\":[{\"@type\":\"CommentAction\",\"name\":\"Comment\",\"target\":[\"https:\\\/\\\/centrourbano.com\\\/revista\\\/actualidad\\\/la-creacion-de-litiomx-sera-de-la-misma-magnitud-que-pemex\\\/#respond\"]}]},{\"@type\":\"WebPage\",\"@id\":\"https:\\\/\\\/centrourbano.com\\\/revista\\\/actualidad\\\/la-creacion-de-litiomx-sera-de-la-misma-magnitud-que-pemex\\\/\",\"url\":\"https:\\\/\\\/centrourbano.com\\\/revista\\\/actualidad\\\/la-creacion-de-litiomx-sera-de-la-misma-magnitud-que-pemex\\\/\",\"name\":\"La creaci\u00f3n de LitioMX ser\u00e1 de la misma magnitud que Pemex\",\"isPartOf\":{\"@id\":\"https:\\\/\\\/centrourbano.com\\\/revista\\\/#website\"},\"primaryImageOfPage\":{\"@id\":\"https:\\\/\\\/centrourbano.com\\\/revista\\\/actualidad\\\/la-creacion-de-litiomx-sera-de-la-misma-magnitud-que-pemex\\\/#primaryimage\"},\"image\":{\"@id\":\"https:\\\/\\\/centrourbano.com\\\/revista\\\/actualidad\\\/la-creacion-de-litiomx-sera-de-la-misma-magnitud-que-pemex\\\/#primaryimage\"},\"thumbnailUrl\":\"https:\\\/\\\/centrourbano.com\\\/revista\\\/wp-content\\\/uploads\\\/litio.png\",\"datePublished\":\"2022-09-19T13:09:48+00:00\",\"description\":\"Se espera que LitioMx se reconozca como un organismo descentralizado que se encargue de explorar y aprovechar el recurso\",\"breadcrumb\":{\"@id\":\"https:\\\/\\\/centrourbano.com\\\/revista\\\/actualidad\\\/la-creacion-de-litiomx-sera-de-la-misma-magnitud-que-pemex\\\/#breadcrumb\"},\"inLanguage\":\"es\",\"potentialAction\":[{\"@type\":\"ReadAction\",\"target\":[\"https:\\\/\\\/centrourbano.com\\\/revista\\\/actualidad\\\/la-creacion-de-litiomx-sera-de-la-misma-magnitud-que-pemex\\\/\"]}]},{\"@type\":\"ImageObject\",\"inLanguage\":\"es\",\"@id\":\"https:\\\/\\\/centrourbano.com\\\/revista\\\/actualidad\\\/la-creacion-de-litiomx-sera-de-la-misma-magnitud-que-pemex\\\/#primaryimage\",\"url\":\"https:\\\/\\\/centrourbano.com\\\/revista\\\/wp-content\\\/uploads\\\/litio.png\",\"contentUrl\":\"https:\\\/\\\/centrourbano.com\\\/revista\\\/wp-content\\\/uploads\\\/litio.png\",\"width\":803,\"height\":803,\"caption\":\"Se espera que LitioMx se reconozca como un organismo descentralizado que se encargue de explorar y aprovechar el recurso\"},{\"@type\":\"BreadcrumbList\",\"@id\":\"https:\\\/\\\/centrourbano.com\\\/revista\\\/actualidad\\\/la-creacion-de-litiomx-sera-de-la-misma-magnitud-que-pemex\\\/#breadcrumb\",\"itemListElement\":[{\"@type\":\"ListItem\",\"position\":1,\"name\":\"Portada\",\"item\":\"https:\\\/\\\/centrourbano.com\\\/revista\\\/\"},{\"@type\":\"ListItem\",\"position\":2,\"name\":\"La creaci\u00f3n de LitioMX ser\u00e1 de la misma magnitud que Pemex\"}]},{\"@type\":\"WebSite\",\"@id\":\"https:\\\/\\\/centrourbano.com\\\/revista\\\/#website\",\"url\":\"https:\\\/\\\/centrourbano.com\\\/revista\\\/\",\"name\":\"Centro Urbano\",\"description\":\"Medio especializado en los sectores vivienda, inmobiliario, construcci\u00f3n, arquitectura y urbanismo.\",\"publisher\":{\"@id\":\"https:\\\/\\\/centrourbano.com\\\/revista\\\/#organization\"},\"potentialAction\":[{\"@type\":\"SearchAction\",\"target\":{\"@type\":\"EntryPoint\",\"urlTemplate\":\"https:\\\/\\\/centrourbano.com\\\/revista\\\/?s={search_term_string}\"},\"query-input\":{\"@type\":\"PropertyValueSpecification\",\"valueRequired\":true,\"valueName\":\"search_term_string\"}}],\"inLanguage\":\"es\"},{\"@type\":\"Organization\",\"@id\":\"https:\\\/\\\/centrourbano.com\\\/revista\\\/#organization\",\"name\":\"Centro Urbano\",\"url\":\"https:\\\/\\\/centrourbano.com\\\/revista\\\/\",\"logo\":{\"@type\":\"ImageObject\",\"inLanguage\":\"es\",\"@id\":\"https:\\\/\\\/centrourbano.com\\\/revista\\\/#\\\/schema\\\/logo\\\/image\\\/\",\"url\":\"https:\\\/\\\/centrourbano.com\\\/revista\\\/wp-content\\\/uploads\\\/web_CU_logo-1.png\",\"contentUrl\":\"https:\\\/\\\/centrourbano.com\\\/revista\\\/wp-content\\\/uploads\\\/web_CU_logo-1.png\",\"width\":350,\"height\":91,\"caption\":\"Centro Urbano\"},\"image\":{\"@id\":\"https:\\\/\\\/centrourbano.com\\\/revista\\\/#\\\/schema\\\/logo\\\/image\\\/\"},\"sameAs\":[\"https:\\\/\\\/www.facebook.com\\\/portalcentrourbano\",\"https:\\\/\\\/x.com\\\/CentroUrbano\",\"https:\\\/\\\/www.instagram.com\\\/centro_urbano\\\/\",\"https:\\\/\\\/www.linkedin.com\\\/company\\\/centro-urbano\\\/\",\"http:\\\/\\\/www.youtube.com\\\/user\\\/portalcentrourbano\"]},{\"@type\":\"Person\",\"@id\":\"https:\\\/\\\/centrourbano.com\\\/revista\\\/#\\\/schema\\\/person\\\/910180bf1a924c1932a01f6032f5991a\",\"name\":\"Jackeline Valle\",\"image\":{\"@type\":\"ImageObject\",\"inLanguage\":\"es\",\"@id\":\"https:\\\/\\\/secure.gravatar.com\\\/avatar\\\/6dfa6899b228d3621bbf2fb01332e7e4b7afc7cd1374760becdb163b7f5436dd?s=96&d=mm&r=g\",\"url\":\"https:\\\/\\\/secure.gravatar.com\\\/avatar\\\/6dfa6899b228d3621bbf2fb01332e7e4b7afc7cd1374760becdb163b7f5436dd?s=96&d=mm&r=g\",\"contentUrl\":\"https:\\\/\\\/secure.gravatar.com\\\/avatar\\\/6dfa6899b228d3621bbf2fb01332e7e4b7afc7cd1374760becdb163b7f5436dd?s=96&d=mm&r=g\",\"caption\":\"Jackeline Valle\"},\"description\":\"Reportera en Centro Urbano. Egresada de la Licenciatura en Comunicaci\u00f3n y Cultura por la Universidad Aut\u00f3noma de la Ciudad de M\u00e9xico (UACM). Interesada en cine y la cultura. Apasionada de los deportes electr\u00f3nicos y el desarrollo de medios audiovisuales.\",\"url\":\"https:\\\/\\\/centrourbano.com\\\/revista\\\/author\\\/jackeline-valle\\\/\"}]}<\/script>\n<!-- \/ Yoast SEO plugin. -->","yoast_head_json":{"title":"La creaci\u00f3n de LitioMX ser\u00e1 de la misma magnitud que Pemex","description":"Se espera que LitioMx se reconozca como un organismo descentralizado que se encargue de explorar y aprovechar el recurso","robots":{"index":"index","follow":"follow","max-snippet":"max-snippet:-1","max-image-preview":"max-image-preview:large","max-video-preview":"max-video-preview:-1"},"canonical":"https:\/\/centrourbano.com\/revista\/actualidad\/la-creacion-de-litiomx-sera-de-la-misma-magnitud-que-pemex\/","og_locale":"es_ES","og_type":"article","og_title":"La creaci\u00f3n de LitioMX ser\u00e1 de la misma magnitud que Pemex","og_description":"Se espera que LitioMx se reconozca como un organismo descentralizado que se encargue de explorar y aprovechar el recurso","og_url":"https:\/\/centrourbano.com\/revista\/actualidad\/la-creacion-de-litiomx-sera-de-la-misma-magnitud-que-pemex\/","og_site_name":"Centro Urbano","article_publisher":"https:\/\/www.facebook.com\/portalcentrourbano","article_published_time":"2022-09-19T13:09:48+00:00","og_image":[{"width":803,"height":803,"url":"https:\/\/centrourbano.com\/revista\/wp-content\/uploads\/litio.png","type":"image\/png"}],"author":"Jackeline Valle","twitter_card":"summary_large_image","twitter_creator":"@CentroUrbano","twitter_site":"@CentroUrbano","twitter_misc":{"Escrito por":"Jackeline Valle","Tiempo de lectura":"2 minutos"},"schema":{"@context":"https:\/\/schema.org","@graph":[{"@type":"Article","@id":"https:\/\/centrourbano.com\/revista\/actualidad\/la-creacion-de-litiomx-sera-de-la-misma-magnitud-que-pemex\/#article","isPartOf":{"@id":"https:\/\/centrourbano.com\/revista\/actualidad\/la-creacion-de-litiomx-sera-de-la-misma-magnitud-que-pemex\/"},"author":{"name":"Jackeline Valle","@id":"https:\/\/centrourbano.com\/revista\/#\/schema\/person\/910180bf1a924c1932a01f6032f5991a"},"headline":"La creaci\u00f3n de LitioMX ser\u00e1 de la misma magnitud que Pemex","datePublished":"2022-09-19T13:09:48+00:00","mainEntityOfPage":{"@id":"https:\/\/centrourbano.com\/revista\/actualidad\/la-creacion-de-litiomx-sera-de-la-misma-magnitud-que-pemex\/"},"wordCount":391,"commentCount":0,"publisher":{"@id":"https:\/\/centrourbano.com\/revista\/#organization"},"image":{"@id":"https:\/\/centrourbano.com\/revista\/actualidad\/la-creacion-de-litiomx-sera-de-la-misma-magnitud-que-pemex\/#primaryimage"},"thumbnailUrl":"https:\/\/centrourbano.com\/revista\/wp-content\/uploads\/litio.png","keywords":["Aprovechamiento de recursos","Cambio Clim\u00e1tico","CDMX; cambio clim\u00e1tico","Energ\u00eda Alternativa"],"articleSection":["Actualidad"],"inLanguage":"es","potentialAction":[{"@type":"CommentAction","name":"Comment","target":["https:\/\/centrourbano.com\/revista\/actualidad\/la-creacion-de-litiomx-sera-de-la-misma-magnitud-que-pemex\/#respond"]}]},{"@type":"WebPage","@id":"https:\/\/centrourbano.com\/revista\/actualidad\/la-creacion-de-litiomx-sera-de-la-misma-magnitud-que-pemex\/","url":"https:\/\/centrourbano.com\/revista\/actualidad\/la-creacion-de-litiomx-sera-de-la-misma-magnitud-que-pemex\/","name":"La creaci\u00f3n de LitioMX ser\u00e1 de la misma magnitud que Pemex","isPartOf":{"@id":"https:\/\/centrourbano.com\/revista\/#website"},"primaryImageOfPage":{"@id":"https:\/\/centrourbano.com\/revista\/actualidad\/la-creacion-de-litiomx-sera-de-la-misma-magnitud-que-pemex\/#primaryimage"},"image":{"@id":"https:\/\/centrourbano.com\/revista\/actualidad\/la-creacion-de-litiomx-sera-de-la-misma-magnitud-que-pemex\/#primaryimage"},"thumbnailUrl":"https:\/\/centrourbano.com\/revista\/wp-content\/uploads\/litio.png","datePublished":"2022-09-19T13:09:48+00:00","description":"Se espera que LitioMx se reconozca como un organismo descentralizado que se encargue de explorar y aprovechar el recurso","breadcrumb":{"@id":"https:\/\/centrourbano.com\/revista\/actualidad\/la-creacion-de-litiomx-sera-de-la-misma-magnitud-que-pemex\/#breadcrumb"},"inLanguage":"es","potentialAction":[{"@type":"ReadAction","target":["https:\/\/centrourbano.com\/revista\/actualidad\/la-creacion-de-litiomx-sera-de-la-misma-magnitud-que-pemex\/"]}]},{"@type":"ImageObject","inLanguage":"es","@id":"https:\/\/centrourbano.com\/revista\/actualidad\/la-creacion-de-litiomx-sera-de-la-misma-magnitud-que-pemex\/#primaryimage","url":"https:\/\/centrourbano.com\/revista\/wp-content\/uploads\/litio.png","contentUrl":"https:\/\/centrourbano.com\/revista\/wp-content\/uploads\/litio.png","width":803,"height":803,"caption":"Se espera que LitioMx se reconozca como un organismo descentralizado que se encargue de explorar y aprovechar el recurso"},{"@type":"BreadcrumbList","@id":"https:\/\/centrourbano.com\/revista\/actualidad\/la-creacion-de-litiomx-sera-de-la-misma-magnitud-que-pemex\/#breadcrumb","itemListElement":[{"@type":"ListItem","position":1,"name":"Portada","item":"https:\/\/centrourbano.com\/revista\/"},{"@type":"ListItem","position":2,"name":"La creaci\u00f3n de LitioMX ser\u00e1 de la misma magnitud que Pemex"}]},{"@type":"WebSite","@id":"https:\/\/centrourbano.com\/revista\/#website","url":"https:\/\/centrourbano.com\/revista\/","name":"Centro Urbano","description":"Medio especializado en los sectores vivienda, inmobiliario, construcci\u00f3n, arquitectura y urbanismo.","publisher":{"@id":"https:\/\/centrourbano.com\/revista\/#organization"},"potentialAction":[{"@type":"SearchAction","target":{"@type":"EntryPoint","urlTemplate":"https:\/\/centrourbano.com\/revista\/?s={search_term_string}"},"query-input":{"@type":"PropertyValueSpecification","valueRequired":true,"valueName":"search_term_string"}}],"inLanguage":"es"},{"@type":"Organization","@id":"https:\/\/centrourbano.com\/revista\/#organization","name":"Centro Urbano","url":"https:\/\/centrourbano.com\/revista\/","logo":{"@type":"ImageObject","inLanguage":"es","@id":"https:\/\/centrourbano.com\/revista\/#\/schema\/logo\/image\/","url":"https:\/\/centrourbano.com\/revista\/wp-content\/uploads\/web_CU_logo-1.png","contentUrl":"https:\/\/centrourbano.com\/revista\/wp-content\/uploads\/web_CU_logo-1.png","width":350,"height":91,"caption":"Centro Urbano"},"image":{"@id":"https:\/\/centrourbano.com\/revista\/#\/schema\/logo\/image\/"},"sameAs":["https:\/\/www.facebook.com\/portalcentrourbano","https:\/\/x.com\/CentroUrbano","https:\/\/www.instagram.com\/centro_urbano\/","https:\/\/www.linkedin.com\/company\/centro-urbano\/","http:\/\/www.youtube.com\/user\/portalcentrourbano"]},{"@type":"Person","@id":"https:\/\/centrourbano.com\/revista\/#\/schema\/person\/910180bf1a924c1932a01f6032f5991a","name":"Jackeline Valle","image":{"@type":"ImageObject","inLanguage":"es","@id":"https:\/\/secure.gravatar.com\/avatar\/6dfa6899b228d3621bbf2fb01332e7e4b7afc7cd1374760becdb163b7f5436dd?s=96&d=mm&r=g","url":"https:\/\/secure.gravatar.com\/avatar\/6dfa6899b228d3621bbf2fb01332e7e4b7afc7cd1374760becdb163b7f5436dd?s=96&d=mm&r=g","contentUrl":"https:\/\/secure.gravatar.com\/avatar\/6dfa6899b228d3621bbf2fb01332e7e4b7afc7cd1374760becdb163b7f5436dd?s=96&d=mm&r=g","caption":"Jackeline Valle"},"description":"Reportera en Centro Urbano. Egresada de la Licenciatura en Comunicaci\u00f3n y Cultura por la Universidad Aut\u00f3noma de la Ciudad de M\u00e9xico (UACM). Interesada en cine y la cultura. Apasionada de los deportes electr\u00f3nicos y el desarrollo de medios audiovisuales.","url":"https:\/\/centrourbano.com\/revista\/author\/jackeline-valle\/"}]}},"_links":{"self":[{"href":"https:\/\/centrourbano.com\/revista\/wp-json\/wp\/v2\/posts\/133696","targetHints":{"allow":["GET"]}}],"collection":[{"href":"https:\/\/centrourbano.com\/revista\/wp-json\/wp\/v2\/posts"}],"about":[{"href":"https:\/\/centrourbano.com\/revista\/wp-json\/wp\/v2\/types\/post"}],"author":[{"embeddable":true,"href":"https:\/\/centrourbano.com\/revista\/wp-json\/wp\/v2\/users\/80"}],"replies":[{"embeddable":true,"href":"https:\/\/centrourbano.com\/revista\/wp-json\/wp\/v2\/comments?post=133696"}],"version-history":[{"count":2,"href":"https:\/\/centrourbano.com\/revista\/wp-json\/wp\/v2\/posts\/133696\/revisions"}],"predecessor-version":[{"id":133737,"href":"https:\/\/centrourbano.com\/revista\/wp-json\/wp\/v2\/posts\/133696\/revisions\/133737"}],"wp:featuredmedia":[{"embeddable":true,"href":"https:\/\/centrourbano.com\/revista\/wp-json\/wp\/v2\/media\/133697"}],"wp:attachment":[{"href":"https:\/\/centrourbano.com\/revista\/wp-json\/wp\/v2\/media?parent=133696"}],"wp:term":[{"taxonomy":"category","embeddable":true,"href":"https:\/\/centrourbano.com\/revista\/wp-json\/wp\/v2\/categories?post=133696"},{"taxonomy":"post_tag","embeddable":true,"href":"https:\/\/centrourbano.com\/revista\/wp-json\/wp\/v2\/tags?post=133696"}],"curies":[{"name":"wp","href":"https:\/\/api.w.org\/{rel}","templated":true}]}}