{"id":133587,"date":"2022-09-12T09:24:13","date_gmt":"2022-09-12T14:24:13","guid":{"rendered":"https:\/\/centrourbano.com\/?p=133587"},"modified":"2022-09-12T09:24:13","modified_gmt":"2022-09-12T14:24:13","slug":"ciudades-mexicanas-chaparritas-cuerpo-de-uva","status":"publish","type":"post","link":"https:\/\/centrourbano.com\/revista\/opinion\/blog-desde-la-casa\/ciudades-mexicanas-chaparritas-cuerpo-de-uva\/","title":{"rendered":"Ciudades mexicanas; chaparritas cuerpo de uva"},"content":{"rendered":"<p><em>Queda mucho por hacer para llevar al futuro a las ciudades mexicanas, que hoy no son m\u00e1s que chaparritas cuerpo de uva.<\/em><\/p>\n<p><em>Por Horacio Urbano.*<\/em><!--more--><\/p>\n<p>La agenda urbana ha hecho explosi\u00f3n en los a\u00f1os recientes, al grado que si traz\u00e1ramos paralelismos con el mundo de la moda, bien podr\u00edamos decir que las ciudades son el nuevo negro.<\/p>\n<p>Son lo de hoy\u2026<\/p>\n<p>Son pretexto para innumerables foros y ejercicios acad\u00e9micos que buscan dar nuevas lecturas y nuevas soluciones al inmenso reto urbano.<\/p>\n<p>Son tema del que se habla en el caf\u00e9 con los amigos\u2026 O con el conductor del Uber.<\/p>\n<p>Y son, tambi\u00e9n, sujeto de estudio que que se traduce en nuevos paradigmas, muchos de los cuales fueron recogidos por ONU Habitat en la Nueva Agenda Urbana, que se gener\u00f3 a partir de Habitat 3, la Cumbre Mundial de Ciudades que se llev\u00f3 a cabo en Quito, Ecuador, en el 2016.<\/p>\n<p>&nbsp;<\/p>\n<h2><strong>Chaparritas cuerpo de uva <\/strong><\/h2>\n<p>Pero el caso es que basta voltear a ver las ciudades mexicanas para darnos cuenta de que cada vez se ven m\u00e1s lejos de los ideales que plantea esa Nueva Agenda Urbana.<\/p>\n<p>Ideales entre los que, en busca de dar total prioridad a las personas, destacan la densidad, los usos mixtos, la verticalidad, la sustentabilidad y la vivienda adecuada.<\/p>\n<p>Basta despegar o aterrizar de cualquiera de nuestras ciudades para encontrar horribles manchas urbanas amorfas, extensas y planas\u2026<\/p>\n<p>Con eso basta para que nos quede m\u00e1s que claro que queda mucho por hacer para llevar al futuro a las ciudades mexicanas, que hoy no son m\u00e1s que, robando una frase de Pedro Infante: chaparritas cuerpo de uva.<\/p>\n<p>Amorfas chaparritas cuerpo de uva que crecen pa\u2019los lados y en la anarqu\u00eda, en lugar de crecer para arriba y con una forma predeterminada.<\/p>\n<p>&nbsp;<\/p>\n<h2><strong>La magia no se hace sola<\/strong><\/h2>\n<p>Y el problema es que si algo sobra son diagn\u00f3sticos y hojas de ruta. Y si algo falta es coordinaci\u00f3n institucional; debilidades regulatorias, presupuestarias y operativas, y definici\u00f3n de roles y capacidades de los diferentes actores involucrados, sobre la base de modelos de acci\u00f3n verdaderamente integrales y complementarios.<\/p>\n<p>Y eso es un problema muy grave si queremos que nuestras ciudades sean esas m\u00e1quinas del tiempo que nos lleven al futuro.<\/p>\n<p>Al futuro\u2026 Porque pa\u2019tras qu\u00e9\u2026 Pa\u2019tras, ni pa tomar impulso.<\/p>\n<p>Y no a cualquier futuro, sino a un futuro deseable y planeado, en que la gente encuentre en su ciudad, un vigoroso multiplicador de todo tipo de oportunidades.<\/p>\n<p>Pero esas ciudades maravillosas no se hacen solas, ni con la magia de darle apenas una hojeada a la Nueva Agenda Urbana o armar o asistir a unos cuantos foros.<\/p>\n<p>&nbsp;<\/p>\n<h2><strong>El valor de los acuerdos <\/strong><\/h2>\n<p>La soluci\u00f3n, porque hay que buscar una soluci\u00f3n y no estacionarse en el interminable y vano an\u00e1lisis, pasa por alcanzar acuerdos que permitan que gobiernos, sociedad e iniciativa privada, unifiquen visiones, estrategias y fortalezas, y tengan, sobre todo, la capacidad de traducir tanta teor\u00eda en acciones.<\/p>\n<p>Queda mucho por hacer para llevar al futuro a las ciudades mexicanas, que hoy no son m\u00e1s que esas chaparritas cuerpo de uva de que hablaba Pedrito Infante, y ello implica dar prioridad al reto urbano con base en acciones muy espec\u00edficas y contundentes, como apostar en forma decidida por la densidad, los usos mixtos, la verticalidad, la sustentabilidad y la vivienda adecuada.<\/p>\n<p>Porque ojo, del total de la vivienda que hoy se construye en el pa\u00eds, y pese al objetivo de verticalizar su producci\u00f3n, apenas 25% es vertical, en tanto que el 75% restante sigue siendo horizontal. Esos son los hechos.<\/p>\n<p>&nbsp;<\/p>\n<h2><strong>Ciudades mexicanas<\/strong><\/h2>\n<p>Urge entender que la gente debe vivir en las ciudades y que ello implica ajustar la regulaci\u00f3n en l\u00ednea con ese objetivo.<\/p>\n<p>Urge modelar sistemas que permitan que las ciudades ofrezcan soluciones de vivienda que respondan a las necesidades y posibilidades de todos los grupos de poblaci\u00f3n y que ello implica dar un giro de 180 grados que permita dar un uso mucho m\u00e1s eficiente al valioso y escaso suelo urbano.<\/p>\n<p>Urge entender que la vida de urbana se gesta a partir de la mezcla de usos y la diversidad de la gente que la vive.<\/p>\n<p>Urge\u2026 Pero en verdad urge, que los gobiernos asuman su responsabilidad y entiendan que no basta con pretender conducir los procesos, sino que hacerlo implica ajustar normativas, invertir, coordinar y generar apoyos e incentivos que aceleren y hagan viables los procesos.<\/p>\n<p>&nbsp;<\/p>\n<h2><strong>\u00bfY la vivienda?<\/strong><\/h2>\n<p>Es necesario que los gobiernos entiendan que deben ser facilitadores y promotores que permitan y fomenten la participaci\u00f3n de todos los que conforman las sociedades urbanas, para que juntos puedan transformar su ciudad con base en un proyecto com\u00fan.<\/p>\n<p>Deben ser facilitadores y promotores\u2026 Y no f\u00e9rreos frenos de mano.<\/p>\n<p>Los gobiernos; federal, estatal, municipal y metropolitano, tendr\u00edan reconocer objetivos comunes y ser capaces de actuar en forma coordinada desde sus diferentes \u00e1mbitos.<\/p>\n<p>As\u00ed, en el caso del reto habitacional, podr\u00edan tomar como eje la pol\u00edtica nacional, para traducirla y complementarla con sus propios programas y apoyos de \u00edndole estatal, municipal o metropolitana.<\/p>\n<p>&nbsp;<\/p>\n<h2><strong>\u00bfY las gobernanzas metropolitanas?<\/strong><\/h2>\n<p>\u00bfQu\u00e9 tal que los gobiernos municipales dieran apoyos e incentivos en l\u00ednea con el cumplimiento de objetivos de un s\u00f3lido proyecto urbano?<\/p>\n<p>Incentivos que vayan desde la compra de suelo destinado a vivienda social y que pasen por procesos de simplificaci\u00f3n administrativa, eliminaci\u00f3n de costo de permisos, un real combate a la corrupci\u00f3n, e, incluso, el otorgamiento de subsidios a los grupos vulnerables que necesiten una vivienda.<\/p>\n<p>\u00bfQu\u00e9 tal que los gobiernos estatales se sumar\u00e1n con apoyos y m\u00e1s subsidios?<\/p>\n<p>\u00bfY qu\u00e9 tal que hubiera ajustes estructurales que garantizaran la existencia de gobernanzas metropolitanas e instancias de planeaci\u00f3n independientes de los gobiernos estatales o municipales?<\/p>\n<p>El reto es reconocer que nuestras ciudades son chaparritas cuerpo de uva y asumir el compromiso de hacerles un cambio extremo que las convierta en esas deseables ciudades marcadas por la densidad, los usos mixtos, la verticalidad, la sustentabilidad y la vivienda adecuada.<\/p>\n<p style=\"text-align: right;\"><!--more-->*Horacio Urbano.<\/p>\n<p style=\"text-align: right;\">Presidente de Centro Urbano<\/p>\n","protected":false},"excerpt":{"rendered":"<p>Queda mucho por hacer para llevar al futuro a las ciudades mexicanas, que hoy no son m\u00e1s que chaparritas cuerpo de uva. Por Horacio Urbano.*<\/p>\n","protected":false},"author":13,"featured_media":133588,"comment_status":"open","ping_status":"closed","sticky":false,"template":"","format":"standard","meta":{"om_disable_all_campaigns":false,"inline_featured_image":false,"_monsterinsights_skip_tracking":false,"_monsterinsights_sitenote_active":false,"_monsterinsights_sitenote_note":"","_monsterinsights_sitenote_category":0,"footnotes":""},"categories":[241,242,5],"tags":[21195,22078,170],"class_list":["post-133587","post","type-post","status-publish","format-standard","has-post-thumbnail","hentry","category-blog-desde-la-casa","category-blog-de-invitado","category-opinion","tag-desde-la-casa","tag-en-la-opinion","tag-horacio-urbano"],"yoast_head":"<!-- This site is optimized with the Yoast SEO plugin v27.4 - https:\/\/yoast.com\/product\/yoast-seo-wordpress\/ -->\n<title>Ciudades mexicanas; chaparritas cuerpo de uva<\/title>\n<meta name=\"description\" content=\"Queda mucho por hacer para llevar al futuro a las ciudades mexicanas, que hoy no son m\u00e1s que chaparritas cuerpo de uva.\" \/>\n<meta name=\"robots\" content=\"index, follow, max-snippet:-1, max-image-preview:large, max-video-preview:-1\" \/>\n<link rel=\"canonical\" href=\"https:\/\/centrourbano.com\/revista\/opinion\/blog-desde-la-casa\/ciudades-mexicanas-chaparritas-cuerpo-de-uva\/\" \/>\n<meta property=\"og:locale\" content=\"es_ES\" \/>\n<meta property=\"og:type\" content=\"article\" \/>\n<meta property=\"og:title\" content=\"Ciudades mexicanas; chaparritas cuerpo de uva\" \/>\n<meta property=\"og:description\" content=\"Queda mucho por hacer para llevar al futuro a las ciudades mexicanas, que hoy no son m\u00e1s que chaparritas cuerpo de uva.\" \/>\n<meta property=\"og:url\" content=\"https:\/\/centrourbano.com\/revista\/opinion\/blog-desde-la-casa\/ciudades-mexicanas-chaparritas-cuerpo-de-uva\/\" \/>\n<meta property=\"og:site_name\" content=\"Centro Urbano\" \/>\n<meta property=\"article:publisher\" content=\"https:\/\/www.facebook.com\/portalcentrourbano\" \/>\n<meta property=\"article:author\" content=\"https:\/\/www.facebook.com\/urbano.horacio\/\" \/>\n<meta property=\"article:published_time\" content=\"2022-09-12T14:24:13+00:00\" \/>\n<meta property=\"og:image\" content=\"https:\/\/centrourbano.com\/revista\/wp-content\/uploads\/Horacio-Urbano-1-13.jpg\" \/>\n\t<meta property=\"og:image:width\" content=\"445\" \/>\n\t<meta property=\"og:image:height\" content=\"445\" \/>\n\t<meta property=\"og:image:type\" content=\"image\/jpeg\" \/>\n<meta name=\"author\" content=\"Horacio Urbano\" \/>\n<meta name=\"twitter:card\" content=\"summary_large_image\" \/>\n<meta name=\"twitter:creator\" content=\"@https:\/\/twitter.com\/horacio_urbano\" \/>\n<meta name=\"twitter:site\" content=\"@CentroUrbano\" \/>\n<meta name=\"twitter:label1\" content=\"Escrito por\" \/>\n\t<meta name=\"twitter:data1\" content=\"Horacio Urbano\" \/>\n\t<meta name=\"twitter:label2\" content=\"Tiempo de lectura\" \/>\n\t<meta name=\"twitter:data2\" content=\"5 minutos\" \/>\n<script type=\"application\/ld+json\" class=\"yoast-schema-graph\">{\"@context\":\"https:\\\/\\\/schema.org\",\"@graph\":[{\"@type\":\"Article\",\"@id\":\"https:\\\/\\\/centrourbano.com\\\/revista\\\/opinion\\\/blog-desde-la-casa\\\/ciudades-mexicanas-chaparritas-cuerpo-de-uva\\\/#article\",\"isPartOf\":{\"@id\":\"https:\\\/\\\/centrourbano.com\\\/revista\\\/opinion\\\/blog-desde-la-casa\\\/ciudades-mexicanas-chaparritas-cuerpo-de-uva\\\/\"},\"author\":{\"name\":\"Horacio Urbano\",\"@id\":\"https:\\\/\\\/centrourbano.com\\\/revista\\\/#\\\/schema\\\/person\\\/69755154fe97eeebe4fe9394cb318d28\"},\"headline\":\"Ciudades mexicanas; chaparritas cuerpo de uva\",\"datePublished\":\"2022-09-12T14:24:13+00:00\",\"mainEntityOfPage\":{\"@id\":\"https:\\\/\\\/centrourbano.com\\\/revista\\\/opinion\\\/blog-desde-la-casa\\\/ciudades-mexicanas-chaparritas-cuerpo-de-uva\\\/\"},\"wordCount\":1046,\"commentCount\":0,\"publisher\":{\"@id\":\"https:\\\/\\\/centrourbano.com\\\/revista\\\/#organization\"},\"image\":{\"@id\":\"https:\\\/\\\/centrourbano.com\\\/revista\\\/opinion\\\/blog-desde-la-casa\\\/ciudades-mexicanas-chaparritas-cuerpo-de-uva\\\/#primaryimage\"},\"thumbnailUrl\":\"https:\\\/\\\/centrourbano.com\\\/revista\\\/wp-content\\\/uploads\\\/Horacio-Urbano-1-13.jpg\",\"keywords\":[\"Desde la Casa\",\"En la opini\u00f3n\",\"Horacio Urbano\"],\"articleSection\":[\"Desde la Casa\",\"En la opini\u00f3n de\",\"Opini\u00f3n\"],\"inLanguage\":\"es\",\"potentialAction\":[{\"@type\":\"CommentAction\",\"name\":\"Comment\",\"target\":[\"https:\\\/\\\/centrourbano.com\\\/revista\\\/opinion\\\/blog-desde-la-casa\\\/ciudades-mexicanas-chaparritas-cuerpo-de-uva\\\/#respond\"]}]},{\"@type\":\"WebPage\",\"@id\":\"https:\\\/\\\/centrourbano.com\\\/revista\\\/opinion\\\/blog-desde-la-casa\\\/ciudades-mexicanas-chaparritas-cuerpo-de-uva\\\/\",\"url\":\"https:\\\/\\\/centrourbano.com\\\/revista\\\/opinion\\\/blog-desde-la-casa\\\/ciudades-mexicanas-chaparritas-cuerpo-de-uva\\\/\",\"name\":\"Ciudades mexicanas; chaparritas cuerpo de uva\",\"isPartOf\":{\"@id\":\"https:\\\/\\\/centrourbano.com\\\/revista\\\/#website\"},\"primaryImageOfPage\":{\"@id\":\"https:\\\/\\\/centrourbano.com\\\/revista\\\/opinion\\\/blog-desde-la-casa\\\/ciudades-mexicanas-chaparritas-cuerpo-de-uva\\\/#primaryimage\"},\"image\":{\"@id\":\"https:\\\/\\\/centrourbano.com\\\/revista\\\/opinion\\\/blog-desde-la-casa\\\/ciudades-mexicanas-chaparritas-cuerpo-de-uva\\\/#primaryimage\"},\"thumbnailUrl\":\"https:\\\/\\\/centrourbano.com\\\/revista\\\/wp-content\\\/uploads\\\/Horacio-Urbano-1-13.jpg\",\"datePublished\":\"2022-09-12T14:24:13+00:00\",\"description\":\"Queda mucho por hacer para llevar al futuro a las ciudades mexicanas, que hoy no son m\u00e1s que chaparritas cuerpo de uva.\",\"breadcrumb\":{\"@id\":\"https:\\\/\\\/centrourbano.com\\\/revista\\\/opinion\\\/blog-desde-la-casa\\\/ciudades-mexicanas-chaparritas-cuerpo-de-uva\\\/#breadcrumb\"},\"inLanguage\":\"es\",\"potentialAction\":[{\"@type\":\"ReadAction\",\"target\":[\"https:\\\/\\\/centrourbano.com\\\/revista\\\/opinion\\\/blog-desde-la-casa\\\/ciudades-mexicanas-chaparritas-cuerpo-de-uva\\\/\"]}]},{\"@type\":\"ImageObject\",\"inLanguage\":\"es\",\"@id\":\"https:\\\/\\\/centrourbano.com\\\/revista\\\/opinion\\\/blog-desde-la-casa\\\/ciudades-mexicanas-chaparritas-cuerpo-de-uva\\\/#primaryimage\",\"url\":\"https:\\\/\\\/centrourbano.com\\\/revista\\\/wp-content\\\/uploads\\\/Horacio-Urbano-1-13.jpg\",\"contentUrl\":\"https:\\\/\\\/centrourbano.com\\\/revista\\\/wp-content\\\/uploads\\\/Horacio-Urbano-1-13.jpg\",\"width\":445,\"height\":445,\"caption\":\"Ciudades mexicanas; chaparritas cuerpo de uva\"},{\"@type\":\"BreadcrumbList\",\"@id\":\"https:\\\/\\\/centrourbano.com\\\/revista\\\/opinion\\\/blog-desde-la-casa\\\/ciudades-mexicanas-chaparritas-cuerpo-de-uva\\\/#breadcrumb\",\"itemListElement\":[{\"@type\":\"ListItem\",\"position\":1,\"name\":\"Portada\",\"item\":\"https:\\\/\\\/centrourbano.com\\\/revista\\\/\"},{\"@type\":\"ListItem\",\"position\":2,\"name\":\"Ciudades mexicanas; chaparritas cuerpo de uva\"}]},{\"@type\":\"WebSite\",\"@id\":\"https:\\\/\\\/centrourbano.com\\\/revista\\\/#website\",\"url\":\"https:\\\/\\\/centrourbano.com\\\/revista\\\/\",\"name\":\"Centro Urbano\",\"description\":\"Medio especializado en los sectores vivienda, inmobiliario, construcci\u00f3n, arquitectura y urbanismo.\",\"publisher\":{\"@id\":\"https:\\\/\\\/centrourbano.com\\\/revista\\\/#organization\"},\"potentialAction\":[{\"@type\":\"SearchAction\",\"target\":{\"@type\":\"EntryPoint\",\"urlTemplate\":\"https:\\\/\\\/centrourbano.com\\\/revista\\\/?s={search_term_string}\"},\"query-input\":{\"@type\":\"PropertyValueSpecification\",\"valueRequired\":true,\"valueName\":\"search_term_string\"}}],\"inLanguage\":\"es\"},{\"@type\":\"Organization\",\"@id\":\"https:\\\/\\\/centrourbano.com\\\/revista\\\/#organization\",\"name\":\"Centro Urbano\",\"url\":\"https:\\\/\\\/centrourbano.com\\\/revista\\\/\",\"logo\":{\"@type\":\"ImageObject\",\"inLanguage\":\"es\",\"@id\":\"https:\\\/\\\/centrourbano.com\\\/revista\\\/#\\\/schema\\\/logo\\\/image\\\/\",\"url\":\"https:\\\/\\\/centrourbano.com\\\/revista\\\/wp-content\\\/uploads\\\/web_CU_logo-1.png\",\"contentUrl\":\"https:\\\/\\\/centrourbano.com\\\/revista\\\/wp-content\\\/uploads\\\/web_CU_logo-1.png\",\"width\":350,\"height\":91,\"caption\":\"Centro Urbano\"},\"image\":{\"@id\":\"https:\\\/\\\/centrourbano.com\\\/revista\\\/#\\\/schema\\\/logo\\\/image\\\/\"},\"sameAs\":[\"https:\\\/\\\/www.facebook.com\\\/portalcentrourbano\",\"https:\\\/\\\/x.com\\\/CentroUrbano\",\"https:\\\/\\\/www.instagram.com\\\/centro_urbano\\\/\",\"https:\\\/\\\/www.linkedin.com\\\/company\\\/centro-urbano\\\/\",\"http:\\\/\\\/www.youtube.com\\\/user\\\/portalcentrourbano\"]},{\"@type\":\"Person\",\"@id\":\"https:\\\/\\\/centrourbano.com\\\/revista\\\/#\\\/schema\\\/person\\\/69755154fe97eeebe4fe9394cb318d28\",\"name\":\"Horacio Urbano\",\"image\":{\"@type\":\"ImageObject\",\"inLanguage\":\"es\",\"@id\":\"https:\\\/\\\/secure.gravatar.com\\\/avatar\\\/bf4232bac122249113b7bcc4636a8d0432b9fa8bcce4243f1ed6c1ecb8fe915f?s=96&d=mm&r=g\",\"url\":\"https:\\\/\\\/secure.gravatar.com\\\/avatar\\\/bf4232bac122249113b7bcc4636a8d0432b9fa8bcce4243f1ed6c1ecb8fe915f?s=96&d=mm&r=g\",\"contentUrl\":\"https:\\\/\\\/secure.gravatar.com\\\/avatar\\\/bf4232bac122249113b7bcc4636a8d0432b9fa8bcce4243f1ed6c1ecb8fe915f?s=96&d=mm&r=g\",\"caption\":\"Horacio Urbano\"},\"description\":\"Horacio Urbano es arquitecto. Su experiencia profesional se ha desarrollado en los diferentes \u00e1mbitos que definen la industria de la vivienda. En 1999 inici\u00f3 un proyecto editorial dirigido a los sectores inmobiliario y construcci\u00f3n que a lo largo de los a\u00f1os se ha convertido en una poderosa plataforma multimedios y en una verdadera referencia para esta industria. Fundador, junto con la tambi\u00e9n arquitecta Roxana Fabris, de Grupo Centro Urbano, firma que impulsa y desarrolla una serie de esfuerzos de comunicaci\u00f3n relacionados con estos sectores. Como parte de su trabajo en M\u00e9xico y el extranjero, ha escrito o participado en una serie de libros especializados, es colaborador de diferentes medios impresos y electr\u00f3nicos, es activo conferencista y bajo diferentes modelos colabora tambi\u00e9n con diversas empresas e instituciones p\u00fablicas y privadas del sector.\",\"sameAs\":[\"http:\\\/\\\/horaciourbano.com\\\/home\\\/\",\"https:\\\/\\\/www.facebook.com\\\/urbano.horacio\\\/\",\"https:\\\/\\\/x.com\\\/https:\\\/\\\/twitter.com\\\/horacio_urbano\"],\"url\":\"https:\\\/\\\/centrourbano.com\\\/revista\\\/author\\\/horacio-urbano\\\/\"}]}<\/script>\n<!-- \/ Yoast SEO plugin. -->","yoast_head_json":{"title":"Ciudades mexicanas; chaparritas cuerpo de uva","description":"Queda mucho por hacer para llevar al futuro a las ciudades mexicanas, que hoy no son m\u00e1s que chaparritas cuerpo de uva.","robots":{"index":"index","follow":"follow","max-snippet":"max-snippet:-1","max-image-preview":"max-image-preview:large","max-video-preview":"max-video-preview:-1"},"canonical":"https:\/\/centrourbano.com\/revista\/opinion\/blog-desde-la-casa\/ciudades-mexicanas-chaparritas-cuerpo-de-uva\/","og_locale":"es_ES","og_type":"article","og_title":"Ciudades mexicanas; chaparritas cuerpo de uva","og_description":"Queda mucho por hacer para llevar al futuro a las ciudades mexicanas, que hoy no son m\u00e1s que chaparritas cuerpo de uva.","og_url":"https:\/\/centrourbano.com\/revista\/opinion\/blog-desde-la-casa\/ciudades-mexicanas-chaparritas-cuerpo-de-uva\/","og_site_name":"Centro Urbano","article_publisher":"https:\/\/www.facebook.com\/portalcentrourbano","article_author":"https:\/\/www.facebook.com\/urbano.horacio\/","article_published_time":"2022-09-12T14:24:13+00:00","og_image":[{"width":445,"height":445,"url":"https:\/\/centrourbano.com\/revista\/wp-content\/uploads\/Horacio-Urbano-1-13.jpg","type":"image\/jpeg"}],"author":"Horacio Urbano","twitter_card":"summary_large_image","twitter_creator":"@https:\/\/twitter.com\/horacio_urbano","twitter_site":"@CentroUrbano","twitter_misc":{"Escrito por":"Horacio Urbano","Tiempo de lectura":"5 minutos"},"schema":{"@context":"https:\/\/schema.org","@graph":[{"@type":"Article","@id":"https:\/\/centrourbano.com\/revista\/opinion\/blog-desde-la-casa\/ciudades-mexicanas-chaparritas-cuerpo-de-uva\/#article","isPartOf":{"@id":"https:\/\/centrourbano.com\/revista\/opinion\/blog-desde-la-casa\/ciudades-mexicanas-chaparritas-cuerpo-de-uva\/"},"author":{"name":"Horacio Urbano","@id":"https:\/\/centrourbano.com\/revista\/#\/schema\/person\/69755154fe97eeebe4fe9394cb318d28"},"headline":"Ciudades mexicanas; chaparritas cuerpo de uva","datePublished":"2022-09-12T14:24:13+00:00","mainEntityOfPage":{"@id":"https:\/\/centrourbano.com\/revista\/opinion\/blog-desde-la-casa\/ciudades-mexicanas-chaparritas-cuerpo-de-uva\/"},"wordCount":1046,"commentCount":0,"publisher":{"@id":"https:\/\/centrourbano.com\/revista\/#organization"},"image":{"@id":"https:\/\/centrourbano.com\/revista\/opinion\/blog-desde-la-casa\/ciudades-mexicanas-chaparritas-cuerpo-de-uva\/#primaryimage"},"thumbnailUrl":"https:\/\/centrourbano.com\/revista\/wp-content\/uploads\/Horacio-Urbano-1-13.jpg","keywords":["Desde la Casa","En la opini\u00f3n","Horacio Urbano"],"articleSection":["Desde la Casa","En la opini\u00f3n de","Opini\u00f3n"],"inLanguage":"es","potentialAction":[{"@type":"CommentAction","name":"Comment","target":["https:\/\/centrourbano.com\/revista\/opinion\/blog-desde-la-casa\/ciudades-mexicanas-chaparritas-cuerpo-de-uva\/#respond"]}]},{"@type":"WebPage","@id":"https:\/\/centrourbano.com\/revista\/opinion\/blog-desde-la-casa\/ciudades-mexicanas-chaparritas-cuerpo-de-uva\/","url":"https:\/\/centrourbano.com\/revista\/opinion\/blog-desde-la-casa\/ciudades-mexicanas-chaparritas-cuerpo-de-uva\/","name":"Ciudades mexicanas; chaparritas cuerpo de uva","isPartOf":{"@id":"https:\/\/centrourbano.com\/revista\/#website"},"primaryImageOfPage":{"@id":"https:\/\/centrourbano.com\/revista\/opinion\/blog-desde-la-casa\/ciudades-mexicanas-chaparritas-cuerpo-de-uva\/#primaryimage"},"image":{"@id":"https:\/\/centrourbano.com\/revista\/opinion\/blog-desde-la-casa\/ciudades-mexicanas-chaparritas-cuerpo-de-uva\/#primaryimage"},"thumbnailUrl":"https:\/\/centrourbano.com\/revista\/wp-content\/uploads\/Horacio-Urbano-1-13.jpg","datePublished":"2022-09-12T14:24:13+00:00","description":"Queda mucho por hacer para llevar al futuro a las ciudades mexicanas, que hoy no son m\u00e1s que chaparritas cuerpo de uva.","breadcrumb":{"@id":"https:\/\/centrourbano.com\/revista\/opinion\/blog-desde-la-casa\/ciudades-mexicanas-chaparritas-cuerpo-de-uva\/#breadcrumb"},"inLanguage":"es","potentialAction":[{"@type":"ReadAction","target":["https:\/\/centrourbano.com\/revista\/opinion\/blog-desde-la-casa\/ciudades-mexicanas-chaparritas-cuerpo-de-uva\/"]}]},{"@type":"ImageObject","inLanguage":"es","@id":"https:\/\/centrourbano.com\/revista\/opinion\/blog-desde-la-casa\/ciudades-mexicanas-chaparritas-cuerpo-de-uva\/#primaryimage","url":"https:\/\/centrourbano.com\/revista\/wp-content\/uploads\/Horacio-Urbano-1-13.jpg","contentUrl":"https:\/\/centrourbano.com\/revista\/wp-content\/uploads\/Horacio-Urbano-1-13.jpg","width":445,"height":445,"caption":"Ciudades mexicanas; chaparritas cuerpo de uva"},{"@type":"BreadcrumbList","@id":"https:\/\/centrourbano.com\/revista\/opinion\/blog-desde-la-casa\/ciudades-mexicanas-chaparritas-cuerpo-de-uva\/#breadcrumb","itemListElement":[{"@type":"ListItem","position":1,"name":"Portada","item":"https:\/\/centrourbano.com\/revista\/"},{"@type":"ListItem","position":2,"name":"Ciudades mexicanas; chaparritas cuerpo de uva"}]},{"@type":"WebSite","@id":"https:\/\/centrourbano.com\/revista\/#website","url":"https:\/\/centrourbano.com\/revista\/","name":"Centro Urbano","description":"Medio especializado en los sectores vivienda, inmobiliario, construcci\u00f3n, arquitectura y urbanismo.","publisher":{"@id":"https:\/\/centrourbano.com\/revista\/#organization"},"potentialAction":[{"@type":"SearchAction","target":{"@type":"EntryPoint","urlTemplate":"https:\/\/centrourbano.com\/revista\/?s={search_term_string}"},"query-input":{"@type":"PropertyValueSpecification","valueRequired":true,"valueName":"search_term_string"}}],"inLanguage":"es"},{"@type":"Organization","@id":"https:\/\/centrourbano.com\/revista\/#organization","name":"Centro Urbano","url":"https:\/\/centrourbano.com\/revista\/","logo":{"@type":"ImageObject","inLanguage":"es","@id":"https:\/\/centrourbano.com\/revista\/#\/schema\/logo\/image\/","url":"https:\/\/centrourbano.com\/revista\/wp-content\/uploads\/web_CU_logo-1.png","contentUrl":"https:\/\/centrourbano.com\/revista\/wp-content\/uploads\/web_CU_logo-1.png","width":350,"height":91,"caption":"Centro Urbano"},"image":{"@id":"https:\/\/centrourbano.com\/revista\/#\/schema\/logo\/image\/"},"sameAs":["https:\/\/www.facebook.com\/portalcentrourbano","https:\/\/x.com\/CentroUrbano","https:\/\/www.instagram.com\/centro_urbano\/","https:\/\/www.linkedin.com\/company\/centro-urbano\/","http:\/\/www.youtube.com\/user\/portalcentrourbano"]},{"@type":"Person","@id":"https:\/\/centrourbano.com\/revista\/#\/schema\/person\/69755154fe97eeebe4fe9394cb318d28","name":"Horacio Urbano","image":{"@type":"ImageObject","inLanguage":"es","@id":"https:\/\/secure.gravatar.com\/avatar\/bf4232bac122249113b7bcc4636a8d0432b9fa8bcce4243f1ed6c1ecb8fe915f?s=96&d=mm&r=g","url":"https:\/\/secure.gravatar.com\/avatar\/bf4232bac122249113b7bcc4636a8d0432b9fa8bcce4243f1ed6c1ecb8fe915f?s=96&d=mm&r=g","contentUrl":"https:\/\/secure.gravatar.com\/avatar\/bf4232bac122249113b7bcc4636a8d0432b9fa8bcce4243f1ed6c1ecb8fe915f?s=96&d=mm&r=g","caption":"Horacio Urbano"},"description":"Horacio Urbano es arquitecto. Su experiencia profesional se ha desarrollado en los diferentes \u00e1mbitos que definen la industria de la vivienda. En 1999 inici\u00f3 un proyecto editorial dirigido a los sectores inmobiliario y construcci\u00f3n que a lo largo de los a\u00f1os se ha convertido en una poderosa plataforma multimedios y en una verdadera referencia para esta industria. Fundador, junto con la tambi\u00e9n arquitecta Roxana Fabris, de Grupo Centro Urbano, firma que impulsa y desarrolla una serie de esfuerzos de comunicaci\u00f3n relacionados con estos sectores. Como parte de su trabajo en M\u00e9xico y el extranjero, ha escrito o participado en una serie de libros especializados, es colaborador de diferentes medios impresos y electr\u00f3nicos, es activo conferencista y bajo diferentes modelos colabora tambi\u00e9n con diversas empresas e instituciones p\u00fablicas y privadas del sector.","sameAs":["http:\/\/horaciourbano.com\/home\/","https:\/\/www.facebook.com\/urbano.horacio\/","https:\/\/x.com\/https:\/\/twitter.com\/horacio_urbano"],"url":"https:\/\/centrourbano.com\/revista\/author\/horacio-urbano\/"}]}},"_links":{"self":[{"href":"https:\/\/centrourbano.com\/revista\/wp-json\/wp\/v2\/posts\/133587","targetHints":{"allow":["GET"]}}],"collection":[{"href":"https:\/\/centrourbano.com\/revista\/wp-json\/wp\/v2\/posts"}],"about":[{"href":"https:\/\/centrourbano.com\/revista\/wp-json\/wp\/v2\/types\/post"}],"author":[{"embeddable":true,"href":"https:\/\/centrourbano.com\/revista\/wp-json\/wp\/v2\/users\/13"}],"replies":[{"embeddable":true,"href":"https:\/\/centrourbano.com\/revista\/wp-json\/wp\/v2\/comments?post=133587"}],"version-history":[{"count":1,"href":"https:\/\/centrourbano.com\/revista\/wp-json\/wp\/v2\/posts\/133587\/revisions"}],"predecessor-version":[{"id":133589,"href":"https:\/\/centrourbano.com\/revista\/wp-json\/wp\/v2\/posts\/133587\/revisions\/133589"}],"wp:featuredmedia":[{"embeddable":true,"href":"https:\/\/centrourbano.com\/revista\/wp-json\/wp\/v2\/media\/133588"}],"wp:attachment":[{"href":"https:\/\/centrourbano.com\/revista\/wp-json\/wp\/v2\/media?parent=133587"}],"wp:term":[{"taxonomy":"category","embeddable":true,"href":"https:\/\/centrourbano.com\/revista\/wp-json\/wp\/v2\/categories?post=133587"},{"taxonomy":"post_tag","embeddable":true,"href":"https:\/\/centrourbano.com\/revista\/wp-json\/wp\/v2\/tags?post=133587"}],"curies":[{"name":"wp","href":"https:\/\/api.w.org\/{rel}","templated":true}]}}