{"id":133342,"date":"2022-08-30T16:18:07","date_gmt":"2022-08-30T21:18:07","guid":{"rendered":"https:\/\/centrourbano.com\/?p=133342"},"modified":"2022-08-30T17:38:32","modified_gmt":"2022-08-30T22:38:32","slug":"plan-abastecimiento-agua","status":"publish","type":"post","link":"https:\/\/centrourbano.com\/revista\/urbanismo\/plan-abastecimiento-agua\/","title":{"rendered":"Presentan Plan de abastecimiento de agua para el Valle de M\u00e9xico"},"content":{"rendered":"<p><em>\u201cPor primera vez en la historia, el Edomex y la CDMX tenemos un plan de abastecimiento de agua potable para la Zona Metropolitana\u201d, dijo Sheinbaum<\/em><!--more--><\/p>\n<p><strong>Claudia Sheinbaum Pardo<\/strong>, <strong>jefa de gobierno de la Ciudad de M\u00e9xico<\/strong>, y <strong>Alfredo del Mazo<\/strong>, <strong>gobernador del Estado de M\u00e9xico<\/strong>, en coordinaci\u00f3n con la <strong>Comisi\u00f3n Nacional del Agua<\/strong> (<strong>Conagua<\/strong>), presentaron el <strong>Plan Integral de Abastecimiento de Agua Potable para el Valle de M\u00e9xico<\/strong> <strong>2019-2030<\/strong>.<\/p>\n<p>Dicho <strong>Plan<\/strong>, que representa una inversi\u00f3n de <strong>19,000 millones de pesos<\/strong> (mdp), tiene el objetivo de garantizar el acceso al agua potable de los habitantes del Valle de M\u00e9xico. Esto mediante intervenciones integrales y sustentables que permitir\u00e1n incrementar la producci\u00f3n de 64.5 metros c\u00fabicos por segundo (m\u00b3\/s) de agua en 2022 a 74.4 m\u00b3\/s en 2024.<\/p>\n<p>Actualmente, esta estrategia presenta un <strong>avance de alrededor del 40%;<\/strong> el cual se resume en tres puntos:<\/p>\n<ul>\n<li>Eficientar los sistemas actuales de abastecimiento de agua<\/li>\n<li>Reciclar el agua de lluvia y las aguas del Valle de M\u00e9xico<\/li>\n<li>Recuperar los servicios ambientales de la cuenca<\/li>\n<\/ul>\n<p>Adem\u00e1s, el Plan permitir\u00e1 la rehabilitaci\u00f3n del <strong>Sistema Lerma<\/strong> con la recuperaci\u00f3n de pozos para riego; de esta manera se recuperar\u00e1 la aportaci\u00f3n de hasta 2 m\u00b3\/s a la Zona Metropolitana. As\u00ed como la construcci\u00f3n de la <strong>Planta de Bombeo en Ixtlahuaca<\/strong> y de una <strong>Planta Potabilizadora en la Presa Mad\u00edn<\/strong> que se terminar\u00e1 en marzo de 2023 y que beneficiar\u00e1 a 155 mil habitantes.<\/p>\n<p>Adicionalmente, se continuar\u00e1 con el programa de mantenimiento y conservaci\u00f3n del <strong>Sistema Cutzamala<\/strong>, como el saneamiento de sus presas Villa Victoria y Colorines; as\u00ed como sus plantas de bombeo, y el mejoramiento de los sistemas de lodos. Esto contempla la tecnificaci\u00f3n de 2,300 hect\u00e1reas de riego agr\u00edcola de la <strong>Presa El Bosque<\/strong>, en Michoac\u00e1n; que permitir\u00e1 recuperar un caudal de 1.5 m\u00b3\/s en beneficios de 600,000 habitantes del Valle de M\u00e9xico y de 1,600 productores agr\u00edcolas michoacanos.<\/p>\n<p>Asimismo, ya se construye una <strong>L\u00ednea Metropolitana de conducci\u00f3n de agua potable<\/strong> de 34.4 kil\u00f3metros; que presenta un avance del 89% y culminar\u00e1 el 21 de diciembre de 2022. En tanto que se realizar\u00e1 la ampliaci\u00f3n de <strong>Zumpango I<\/strong> con la perforaci\u00f3n de 19 pozos, para la recuperaci\u00f3n de 1 m\u00b3\/s; la ampliaci\u00f3n de <strong>Zumpango II<\/strong> con perforaci\u00f3n de 11 pozos adicionales para la recuperaci\u00f3n de 0.5 m\u00b3\/s; la ampliaci\u00f3n de <strong>Zumpango III<\/strong> para mezclar agua de lluvia con agua tratada para recuperar un caudal de 3.5 m\u00b3\/s; as\u00ed como la construcci\u00f3n de un humedal, dos plantas de tratamiento y una planta potabilizadora en la <a href=\"https:\/\/centrourbano.com\/urbanismo\/cdmx-edomex-y-conagua-trabajaran-juntos-por-el-lago-tlahuac-xico\/\" target=\"_blank\" rel=\"noopener\">laguna de Xico<\/a>.<\/p>\n<p>\u201cPor primera vez en la historia, en coordinaci\u00f3n la <strong>Conagua<\/strong>, el <strong>Estado de M\u00e9xico<\/strong> y la <strong>Ciudad de M\u00e9xico<\/strong> tenemos un plan integral de abastecimiento de agua potable para la Zona Metropolitana; garantizando el derecho humano al agua y los servicios ambientales de los ecosistemas\u201d, se\u00f1al\u00f3 <strong>Sheinbaum<\/strong>.<\/p>\n<p>Por su parte, <strong>del Mazo<\/strong> indic\u00f3 que este Plan es hist\u00f3rico, pues es una estrategia de mediano y largo plazo. \u201cEste esfuerzo que d\u00eda de hoy presentamos, este programa, esta agenda metropolitana en materia de agua ha sido impulsado por la <strong>Jefa de Gobierno de la Ciudad de M\u00e9xico<\/strong>; quien ha estado detr\u00e1s de este programa para hacerlo realidad\u201d, puntualiz\u00f3.<\/p>\n","protected":false},"excerpt":{"rendered":"<p>\u201cPor primera vez en la historia, el Edomex y la CDMX tenemos un plan de abastecimiento de agua potable para la Zona Metropolitana\u201d, dijo Sheinbaum<\/p>\n","protected":false},"author":73,"featured_media":133343,"comment_status":"open","ping_status":"closed","sticky":false,"template":"","format":"standard","meta":{"om_disable_all_campaigns":false,"inline_featured_image":false,"_monsterinsights_skip_tracking":false,"_monsterinsights_sitenote_active":false,"_monsterinsights_sitenote_note":"","_monsterinsights_sitenote_category":0,"footnotes":""},"categories":[82],"tags":[277,606,276,589,22032],"class_list":["post-133342","post","type-post","status-publish","format-standard","has-post-thumbnail","hentry","category-urbanismo","tag-agua","tag-cdmx","tag-conagua","tag-edomex","tag-plan-integral-de-abastecimiento-de-agua-potable-para-el-valle-de-mexico"],"yoast_head":"<!-- This site is optimized with the Yoast SEO plugin v27.4 - https:\/\/yoast.com\/product\/yoast-seo-wordpress\/ -->\n<title>Presentan Plan de abastecimiento de agua para el Valle de M\u00e9xico<\/title>\n<meta name=\"description\" content=\"\u201cPor primera vez, el Edomex y la CDMX tenemos un plan de abastecimiento de agua potable para la Zona Metropolitana\u201d, dijo Sheinbaum\" \/>\n<meta name=\"robots\" content=\"index, follow, max-snippet:-1, max-image-preview:large, max-video-preview:-1\" \/>\n<link rel=\"canonical\" href=\"https:\/\/centrourbano.com\/revista\/urbanismo\/plan-abastecimiento-agua\/\" \/>\n<meta property=\"og:locale\" content=\"es_ES\" \/>\n<meta property=\"og:type\" content=\"article\" \/>\n<meta property=\"og:title\" content=\"Presentan Plan de abastecimiento de agua para el Valle de M\u00e9xico\" \/>\n<meta property=\"og:description\" content=\"\u201cPor primera vez, el Edomex y la CDMX tenemos un plan de abastecimiento de agua potable para la Zona Metropolitana\u201d, dijo Sheinbaum\" \/>\n<meta property=\"og:url\" content=\"https:\/\/centrourbano.com\/revista\/urbanismo\/plan-abastecimiento-agua\/\" \/>\n<meta property=\"og:site_name\" content=\"Centro Urbano\" \/>\n<meta property=\"article:publisher\" content=\"https:\/\/www.facebook.com\/portalcentrourbano\" \/>\n<meta property=\"article:published_time\" content=\"2022-08-30T21:18:07+00:00\" \/>\n<meta property=\"article:modified_time\" content=\"2022-08-30T22:38:32+00:00\" \/>\n<meta property=\"og:image\" content=\"https:\/\/centrourbano.com\/revista\/wp-content\/uploads\/Presentan-Plan-de-abastecimiento-de-agua-para-el-Valle-de-Mexico.jpg\" \/>\n\t<meta property=\"og:image:width\" content=\"500\" \/>\n\t<meta property=\"og:image:height\" content=\"450\" \/>\n\t<meta property=\"og:image:type\" content=\"image\/jpeg\" \/>\n<meta name=\"author\" content=\"Fernanda Hern\u00e1ndez\" \/>\n<meta name=\"twitter:card\" content=\"summary_large_image\" \/>\n<meta name=\"twitter:creator\" content=\"@https:\/\/twitter.com\/Nannz_Hernandez\" \/>\n<meta name=\"twitter:site\" content=\"@CentroUrbano\" \/>\n<meta name=\"twitter:label1\" content=\"Escrito por\" \/>\n\t<meta name=\"twitter:data1\" content=\"Fernanda Hern\u00e1ndez\" \/>\n\t<meta name=\"twitter:label2\" content=\"Tiempo de lectura\" \/>\n\t<meta name=\"twitter:data2\" content=\"3 minutos\" \/>\n<script type=\"application\/ld+json\" class=\"yoast-schema-graph\">{\"@context\":\"https:\\\/\\\/schema.org\",\"@graph\":[{\"@type\":\"Article\",\"@id\":\"https:\\\/\\\/centrourbano.com\\\/revista\\\/urbanismo\\\/plan-abastecimiento-agua\\\/#article\",\"isPartOf\":{\"@id\":\"https:\\\/\\\/centrourbano.com\\\/revista\\\/urbanismo\\\/plan-abastecimiento-agua\\\/\"},\"author\":{\"name\":\"Fernanda Hern\u00e1ndez\",\"@id\":\"https:\\\/\\\/centrourbano.com\\\/revista\\\/#\\\/schema\\\/person\\\/b190b20bbbceb41ec72278c546fa8df3\"},\"headline\":\"Presentan Plan de abastecimiento de agua para el Valle de M\u00e9xico\",\"datePublished\":\"2022-08-30T21:18:07+00:00\",\"dateModified\":\"2022-08-30T22:38:32+00:00\",\"mainEntityOfPage\":{\"@id\":\"https:\\\/\\\/centrourbano.com\\\/revista\\\/urbanismo\\\/plan-abastecimiento-agua\\\/\"},\"wordCount\":566,\"commentCount\":0,\"publisher\":{\"@id\":\"https:\\\/\\\/centrourbano.com\\\/revista\\\/#organization\"},\"image\":{\"@id\":\"https:\\\/\\\/centrourbano.com\\\/revista\\\/urbanismo\\\/plan-abastecimiento-agua\\\/#primaryimage\"},\"thumbnailUrl\":\"https:\\\/\\\/centrourbano.com\\\/revista\\\/wp-content\\\/uploads\\\/Presentan-Plan-de-abastecimiento-de-agua-para-el-Valle-de-Mexico.jpg\",\"keywords\":[\"agua\",\"CDMX\",\"Conagua\",\"Edomex\",\"Plan Integral de Abastecimiento de Agua Potable para el Valle de M\u00e9xico\"],\"articleSection\":[\"Urbanismo\"],\"inLanguage\":\"es\",\"potentialAction\":[{\"@type\":\"CommentAction\",\"name\":\"Comment\",\"target\":[\"https:\\\/\\\/centrourbano.com\\\/revista\\\/urbanismo\\\/plan-abastecimiento-agua\\\/#respond\"]}]},{\"@type\":\"WebPage\",\"@id\":\"https:\\\/\\\/centrourbano.com\\\/revista\\\/urbanismo\\\/plan-abastecimiento-agua\\\/\",\"url\":\"https:\\\/\\\/centrourbano.com\\\/revista\\\/urbanismo\\\/plan-abastecimiento-agua\\\/\",\"name\":\"Presentan Plan de abastecimiento de agua para el Valle de M\u00e9xico\",\"isPartOf\":{\"@id\":\"https:\\\/\\\/centrourbano.com\\\/revista\\\/#website\"},\"primaryImageOfPage\":{\"@id\":\"https:\\\/\\\/centrourbano.com\\\/revista\\\/urbanismo\\\/plan-abastecimiento-agua\\\/#primaryimage\"},\"image\":{\"@id\":\"https:\\\/\\\/centrourbano.com\\\/revista\\\/urbanismo\\\/plan-abastecimiento-agua\\\/#primaryimage\"},\"thumbnailUrl\":\"https:\\\/\\\/centrourbano.com\\\/revista\\\/wp-content\\\/uploads\\\/Presentan-Plan-de-abastecimiento-de-agua-para-el-Valle-de-Mexico.jpg\",\"datePublished\":\"2022-08-30T21:18:07+00:00\",\"dateModified\":\"2022-08-30T22:38:32+00:00\",\"description\":\"\u201cPor primera vez, el Edomex y la CDMX tenemos un plan de abastecimiento de agua potable para la Zona Metropolitana\u201d, dijo Sheinbaum\",\"breadcrumb\":{\"@id\":\"https:\\\/\\\/centrourbano.com\\\/revista\\\/urbanismo\\\/plan-abastecimiento-agua\\\/#breadcrumb\"},\"inLanguage\":\"es\",\"potentialAction\":[{\"@type\":\"ReadAction\",\"target\":[\"https:\\\/\\\/centrourbano.com\\\/revista\\\/urbanismo\\\/plan-abastecimiento-agua\\\/\"]}]},{\"@type\":\"ImageObject\",\"inLanguage\":\"es\",\"@id\":\"https:\\\/\\\/centrourbano.com\\\/revista\\\/urbanismo\\\/plan-abastecimiento-agua\\\/#primaryimage\",\"url\":\"https:\\\/\\\/centrourbano.com\\\/revista\\\/wp-content\\\/uploads\\\/Presentan-Plan-de-abastecimiento-de-agua-para-el-Valle-de-Mexico.jpg\",\"contentUrl\":\"https:\\\/\\\/centrourbano.com\\\/revista\\\/wp-content\\\/uploads\\\/Presentan-Plan-de-abastecimiento-de-agua-para-el-Valle-de-Mexico.jpg\",\"width\":500,\"height\":450,\"caption\":\"\u201cPor primera vez, el Edomex y la CDMX tenemos un plan de abastecimiento de agua potable para la Zona Metropolitana\u201d, dijo Sheinbaum\"},{\"@type\":\"BreadcrumbList\",\"@id\":\"https:\\\/\\\/centrourbano.com\\\/revista\\\/urbanismo\\\/plan-abastecimiento-agua\\\/#breadcrumb\",\"itemListElement\":[{\"@type\":\"ListItem\",\"position\":1,\"name\":\"Portada\",\"item\":\"https:\\\/\\\/centrourbano.com\\\/revista\\\/\"},{\"@type\":\"ListItem\",\"position\":2,\"name\":\"Presentan Plan de abastecimiento de agua para el Valle de M\u00e9xico\"}]},{\"@type\":\"WebSite\",\"@id\":\"https:\\\/\\\/centrourbano.com\\\/revista\\\/#website\",\"url\":\"https:\\\/\\\/centrourbano.com\\\/revista\\\/\",\"name\":\"Centro Urbano\",\"description\":\"Medio especializado en los sectores vivienda, inmobiliario, construcci\u00f3n, arquitectura y urbanismo.\",\"publisher\":{\"@id\":\"https:\\\/\\\/centrourbano.com\\\/revista\\\/#organization\"},\"potentialAction\":[{\"@type\":\"SearchAction\",\"target\":{\"@type\":\"EntryPoint\",\"urlTemplate\":\"https:\\\/\\\/centrourbano.com\\\/revista\\\/?s={search_term_string}\"},\"query-input\":{\"@type\":\"PropertyValueSpecification\",\"valueRequired\":true,\"valueName\":\"search_term_string\"}}],\"inLanguage\":\"es\"},{\"@type\":\"Organization\",\"@id\":\"https:\\\/\\\/centrourbano.com\\\/revista\\\/#organization\",\"name\":\"Centro Urbano\",\"url\":\"https:\\\/\\\/centrourbano.com\\\/revista\\\/\",\"logo\":{\"@type\":\"ImageObject\",\"inLanguage\":\"es\",\"@id\":\"https:\\\/\\\/centrourbano.com\\\/revista\\\/#\\\/schema\\\/logo\\\/image\\\/\",\"url\":\"https:\\\/\\\/centrourbano.com\\\/revista\\\/wp-content\\\/uploads\\\/web_CU_logo-1.png\",\"contentUrl\":\"https:\\\/\\\/centrourbano.com\\\/revista\\\/wp-content\\\/uploads\\\/web_CU_logo-1.png\",\"width\":350,\"height\":91,\"caption\":\"Centro Urbano\"},\"image\":{\"@id\":\"https:\\\/\\\/centrourbano.com\\\/revista\\\/#\\\/schema\\\/logo\\\/image\\\/\"},\"sameAs\":[\"https:\\\/\\\/www.facebook.com\\\/portalcentrourbano\",\"https:\\\/\\\/x.com\\\/CentroUrbano\",\"https:\\\/\\\/www.instagram.com\\\/centro_urbano\\\/\",\"https:\\\/\\\/www.linkedin.com\\\/company\\\/centro-urbano\\\/\",\"http:\\\/\\\/www.youtube.com\\\/user\\\/portalcentrourbano\"]},{\"@type\":\"Person\",\"@id\":\"https:\\\/\\\/centrourbano.com\\\/revista\\\/#\\\/schema\\\/person\\\/b190b20bbbceb41ec72278c546fa8df3\",\"name\":\"Fernanda Hern\u00e1ndez\",\"image\":{\"@type\":\"ImageObject\",\"inLanguage\":\"es\",\"@id\":\"https:\\\/\\\/secure.gravatar.com\\\/avatar\\\/9471831fb0a24eae9d32d826a7cb8ef07c34a41520aca1a0ab1f5c0903ba49b9?s=96&d=mm&r=g\",\"url\":\"https:\\\/\\\/secure.gravatar.com\\\/avatar\\\/9471831fb0a24eae9d32d826a7cb8ef07c34a41520aca1a0ab1f5c0903ba49b9?s=96&d=mm&r=g\",\"contentUrl\":\"https:\\\/\\\/secure.gravatar.com\\\/avatar\\\/9471831fb0a24eae9d32d826a7cb8ef07c34a41520aca1a0ab1f5c0903ba49b9?s=96&d=mm&r=g\",\"caption\":\"Fernanda Hern\u00e1ndez\"},\"description\":\"Reportera y redactora en Centro Urbano. Soy egresada de la licenciatura en Ciencias de la Comunicaci\u00f3n de la Facultad de Ciencias Pol\u00edticas y Sociales (UNAM). Me interesa la cultura, el urbanismo y la arquitectura. Amante del mundo digital, el cine, la m\u00fasica, la lectura y la escritura.\",\"sameAs\":[\"https:\\\/\\\/x.com\\\/https:\\\/\\\/twitter.com\\\/Nannz_Hernandez\"],\"url\":\"https:\\\/\\\/centrourbano.com\\\/revista\\\/author\\\/fernanda-hernandez\\\/\"}]}<\/script>\n<!-- \/ Yoast SEO plugin. -->","yoast_head_json":{"title":"Presentan Plan de abastecimiento de agua para el Valle de M\u00e9xico","description":"\u201cPor primera vez, el Edomex y la CDMX tenemos un plan de abastecimiento de agua potable para la Zona Metropolitana\u201d, dijo Sheinbaum","robots":{"index":"index","follow":"follow","max-snippet":"max-snippet:-1","max-image-preview":"max-image-preview:large","max-video-preview":"max-video-preview:-1"},"canonical":"https:\/\/centrourbano.com\/revista\/urbanismo\/plan-abastecimiento-agua\/","og_locale":"es_ES","og_type":"article","og_title":"Presentan Plan de abastecimiento de agua para el Valle de M\u00e9xico","og_description":"\u201cPor primera vez, el Edomex y la CDMX tenemos un plan de abastecimiento de agua potable para la Zona Metropolitana\u201d, dijo Sheinbaum","og_url":"https:\/\/centrourbano.com\/revista\/urbanismo\/plan-abastecimiento-agua\/","og_site_name":"Centro Urbano","article_publisher":"https:\/\/www.facebook.com\/portalcentrourbano","article_published_time":"2022-08-30T21:18:07+00:00","article_modified_time":"2022-08-30T22:38:32+00:00","og_image":[{"width":500,"height":450,"url":"https:\/\/centrourbano.com\/revista\/wp-content\/uploads\/Presentan-Plan-de-abastecimiento-de-agua-para-el-Valle-de-Mexico.jpg","type":"image\/jpeg"}],"author":"Fernanda Hern\u00e1ndez","twitter_card":"summary_large_image","twitter_creator":"@https:\/\/twitter.com\/Nannz_Hernandez","twitter_site":"@CentroUrbano","twitter_misc":{"Escrito por":"Fernanda Hern\u00e1ndez","Tiempo de lectura":"3 minutos"},"schema":{"@context":"https:\/\/schema.org","@graph":[{"@type":"Article","@id":"https:\/\/centrourbano.com\/revista\/urbanismo\/plan-abastecimiento-agua\/#article","isPartOf":{"@id":"https:\/\/centrourbano.com\/revista\/urbanismo\/plan-abastecimiento-agua\/"},"author":{"name":"Fernanda Hern\u00e1ndez","@id":"https:\/\/centrourbano.com\/revista\/#\/schema\/person\/b190b20bbbceb41ec72278c546fa8df3"},"headline":"Presentan Plan de abastecimiento de agua para el Valle de M\u00e9xico","datePublished":"2022-08-30T21:18:07+00:00","dateModified":"2022-08-30T22:38:32+00:00","mainEntityOfPage":{"@id":"https:\/\/centrourbano.com\/revista\/urbanismo\/plan-abastecimiento-agua\/"},"wordCount":566,"commentCount":0,"publisher":{"@id":"https:\/\/centrourbano.com\/revista\/#organization"},"image":{"@id":"https:\/\/centrourbano.com\/revista\/urbanismo\/plan-abastecimiento-agua\/#primaryimage"},"thumbnailUrl":"https:\/\/centrourbano.com\/revista\/wp-content\/uploads\/Presentan-Plan-de-abastecimiento-de-agua-para-el-Valle-de-Mexico.jpg","keywords":["agua","CDMX","Conagua","Edomex","Plan Integral de Abastecimiento de Agua Potable para el Valle de M\u00e9xico"],"articleSection":["Urbanismo"],"inLanguage":"es","potentialAction":[{"@type":"CommentAction","name":"Comment","target":["https:\/\/centrourbano.com\/revista\/urbanismo\/plan-abastecimiento-agua\/#respond"]}]},{"@type":"WebPage","@id":"https:\/\/centrourbano.com\/revista\/urbanismo\/plan-abastecimiento-agua\/","url":"https:\/\/centrourbano.com\/revista\/urbanismo\/plan-abastecimiento-agua\/","name":"Presentan Plan de abastecimiento de agua para el Valle de M\u00e9xico","isPartOf":{"@id":"https:\/\/centrourbano.com\/revista\/#website"},"primaryImageOfPage":{"@id":"https:\/\/centrourbano.com\/revista\/urbanismo\/plan-abastecimiento-agua\/#primaryimage"},"image":{"@id":"https:\/\/centrourbano.com\/revista\/urbanismo\/plan-abastecimiento-agua\/#primaryimage"},"thumbnailUrl":"https:\/\/centrourbano.com\/revista\/wp-content\/uploads\/Presentan-Plan-de-abastecimiento-de-agua-para-el-Valle-de-Mexico.jpg","datePublished":"2022-08-30T21:18:07+00:00","dateModified":"2022-08-30T22:38:32+00:00","description":"\u201cPor primera vez, el Edomex y la CDMX tenemos un plan de abastecimiento de agua potable para la Zona Metropolitana\u201d, dijo Sheinbaum","breadcrumb":{"@id":"https:\/\/centrourbano.com\/revista\/urbanismo\/plan-abastecimiento-agua\/#breadcrumb"},"inLanguage":"es","potentialAction":[{"@type":"ReadAction","target":["https:\/\/centrourbano.com\/revista\/urbanismo\/plan-abastecimiento-agua\/"]}]},{"@type":"ImageObject","inLanguage":"es","@id":"https:\/\/centrourbano.com\/revista\/urbanismo\/plan-abastecimiento-agua\/#primaryimage","url":"https:\/\/centrourbano.com\/revista\/wp-content\/uploads\/Presentan-Plan-de-abastecimiento-de-agua-para-el-Valle-de-Mexico.jpg","contentUrl":"https:\/\/centrourbano.com\/revista\/wp-content\/uploads\/Presentan-Plan-de-abastecimiento-de-agua-para-el-Valle-de-Mexico.jpg","width":500,"height":450,"caption":"\u201cPor primera vez, el Edomex y la CDMX tenemos un plan de abastecimiento de agua potable para la Zona Metropolitana\u201d, dijo Sheinbaum"},{"@type":"BreadcrumbList","@id":"https:\/\/centrourbano.com\/revista\/urbanismo\/plan-abastecimiento-agua\/#breadcrumb","itemListElement":[{"@type":"ListItem","position":1,"name":"Portada","item":"https:\/\/centrourbano.com\/revista\/"},{"@type":"ListItem","position":2,"name":"Presentan Plan de abastecimiento de agua para el Valle de M\u00e9xico"}]},{"@type":"WebSite","@id":"https:\/\/centrourbano.com\/revista\/#website","url":"https:\/\/centrourbano.com\/revista\/","name":"Centro Urbano","description":"Medio especializado en los sectores vivienda, inmobiliario, construcci\u00f3n, arquitectura y urbanismo.","publisher":{"@id":"https:\/\/centrourbano.com\/revista\/#organization"},"potentialAction":[{"@type":"SearchAction","target":{"@type":"EntryPoint","urlTemplate":"https:\/\/centrourbano.com\/revista\/?s={search_term_string}"},"query-input":{"@type":"PropertyValueSpecification","valueRequired":true,"valueName":"search_term_string"}}],"inLanguage":"es"},{"@type":"Organization","@id":"https:\/\/centrourbano.com\/revista\/#organization","name":"Centro Urbano","url":"https:\/\/centrourbano.com\/revista\/","logo":{"@type":"ImageObject","inLanguage":"es","@id":"https:\/\/centrourbano.com\/revista\/#\/schema\/logo\/image\/","url":"https:\/\/centrourbano.com\/revista\/wp-content\/uploads\/web_CU_logo-1.png","contentUrl":"https:\/\/centrourbano.com\/revista\/wp-content\/uploads\/web_CU_logo-1.png","width":350,"height":91,"caption":"Centro Urbano"},"image":{"@id":"https:\/\/centrourbano.com\/revista\/#\/schema\/logo\/image\/"},"sameAs":["https:\/\/www.facebook.com\/portalcentrourbano","https:\/\/x.com\/CentroUrbano","https:\/\/www.instagram.com\/centro_urbano\/","https:\/\/www.linkedin.com\/company\/centro-urbano\/","http:\/\/www.youtube.com\/user\/portalcentrourbano"]},{"@type":"Person","@id":"https:\/\/centrourbano.com\/revista\/#\/schema\/person\/b190b20bbbceb41ec72278c546fa8df3","name":"Fernanda Hern\u00e1ndez","image":{"@type":"ImageObject","inLanguage":"es","@id":"https:\/\/secure.gravatar.com\/avatar\/9471831fb0a24eae9d32d826a7cb8ef07c34a41520aca1a0ab1f5c0903ba49b9?s=96&d=mm&r=g","url":"https:\/\/secure.gravatar.com\/avatar\/9471831fb0a24eae9d32d826a7cb8ef07c34a41520aca1a0ab1f5c0903ba49b9?s=96&d=mm&r=g","contentUrl":"https:\/\/secure.gravatar.com\/avatar\/9471831fb0a24eae9d32d826a7cb8ef07c34a41520aca1a0ab1f5c0903ba49b9?s=96&d=mm&r=g","caption":"Fernanda Hern\u00e1ndez"},"description":"Reportera y redactora en Centro Urbano. Soy egresada de la licenciatura en Ciencias de la Comunicaci\u00f3n de la Facultad de Ciencias Pol\u00edticas y Sociales (UNAM). Me interesa la cultura, el urbanismo y la arquitectura. Amante del mundo digital, el cine, la m\u00fasica, la lectura y la escritura.","sameAs":["https:\/\/x.com\/https:\/\/twitter.com\/Nannz_Hernandez"],"url":"https:\/\/centrourbano.com\/revista\/author\/fernanda-hernandez\/"}]}},"_links":{"self":[{"href":"https:\/\/centrourbano.com\/revista\/wp-json\/wp\/v2\/posts\/133342","targetHints":{"allow":["GET"]}}],"collection":[{"href":"https:\/\/centrourbano.com\/revista\/wp-json\/wp\/v2\/posts"}],"about":[{"href":"https:\/\/centrourbano.com\/revista\/wp-json\/wp\/v2\/types\/post"}],"author":[{"embeddable":true,"href":"https:\/\/centrourbano.com\/revista\/wp-json\/wp\/v2\/users\/73"}],"replies":[{"embeddable":true,"href":"https:\/\/centrourbano.com\/revista\/wp-json\/wp\/v2\/comments?post=133342"}],"version-history":[{"count":1,"href":"https:\/\/centrourbano.com\/revista\/wp-json\/wp\/v2\/posts\/133342\/revisions"}],"predecessor-version":[{"id":133344,"href":"https:\/\/centrourbano.com\/revista\/wp-json\/wp\/v2\/posts\/133342\/revisions\/133344"}],"wp:featuredmedia":[{"embeddable":true,"href":"https:\/\/centrourbano.com\/revista\/wp-json\/wp\/v2\/media\/133343"}],"wp:attachment":[{"href":"https:\/\/centrourbano.com\/revista\/wp-json\/wp\/v2\/media?parent=133342"}],"wp:term":[{"taxonomy":"category","embeddable":true,"href":"https:\/\/centrourbano.com\/revista\/wp-json\/wp\/v2\/categories?post=133342"},{"taxonomy":"post_tag","embeddable":true,"href":"https:\/\/centrourbano.com\/revista\/wp-json\/wp\/v2\/tags?post=133342"}],"curies":[{"name":"wp","href":"https:\/\/api.w.org\/{rel}","templated":true}]}}