{"id":13330,"date":"2014-12-08T16:29:30","date_gmt":"2014-12-08T22:29:30","guid":{"rendered":"http:\/\/centrourbano.com\/?p=13330"},"modified":"2014-12-08T16:29:30","modified_gmt":"2014-12-08T22:29:30","slug":"participa-cdmx-en-la-conferencia-de-las-partes-cop20","status":"publish","type":"post","link":"https:\/\/centrourbano.com\/revista\/saladeprensa\/participa-cdmx-en-la-conferencia-de-las-partes-cop20\/","title":{"rendered":"Participa CDMX en la Conferencia de las Partes (COP20)"},"content":{"rendered":"<p>&nbsp;<\/p>\n<ul>\n<li><em>Busca reducir las concentraciones de Gases de Efecto Invernadero en la atm\u00f3sfera<\/em><\/li>\n<\/ul>\n<p><!--more--><\/p>\n<p>&nbsp;<\/p>\n<p>El Gobierno de la Ciudad de M\u00e9xico, a trav\u00e9s de la Secretar\u00eda del Medio Ambiente (Sedema), participa en la Conferencia de las Partes (COP20) de las Naciones Unidas los d\u00edas 7, 8 y 9 de diciembre en Lima Per\u00fa. Esta conferencia re\u00fane cada a\u00f1o a los representantes de diferentes pa\u00edses, a fin de mantener los compromisos y acciones internacionales para combatir el cambio clim\u00e1tico.<\/p>\n<p>&nbsp;<\/p>\n<p>En su primera intervenci\u00f3n, en el marco de la COP20, la titular de la Sedema, Tanya M\u00fcller Garc\u00eda, particip\u00f3 en la clausura del D\u00eda del Transporte, donde destac\u00f3 la importancia de este tipo de encuentros internacionales: \u201cLa Ciudad de M\u00e9xico es actualmente un referente internacional en la gesti\u00f3n de acciones y pol\u00edticas para mejorar la calidad del aire y contrarrestar los efectos del cambio clim\u00e1tico, por eso es tan importante participar de este tipo de eventos que nos permiten compartir con otras capitales del mundo experiencias exitosas y desaf\u00edos comunes en este campo\u201d.<\/p>\n<p>&nbsp;<\/p>\n<p>En esta jornada tambi\u00e9n estuvieron presentes el Alcalde de Bogot\u00e1 Colombia, Gustavo Petro; Norbert Goriben del Ministerio Federal de Ambiente de Alemania; y Gabriel Quijandr\u00eda, Viceministro de Ambiente de Per\u00fa.<\/p>\n<p>&nbsp;<\/p>\n<p>La Conferencia de las Partes (COP20) es el \u00f3rgano supremo de La Convenci\u00f3n Marco de las Naciones Unidas Sobre el Cambio Clim\u00e1tico que entr\u00f3 en vigor en 1994 y tiene como objetivo reducir las concentraciones de Gases de Efecto Invernadero en la atm\u00f3sfera y buscar soluciones multilaterales a la grave amenaza del cambio clim\u00e1tico, asimismo es un importante catalizador para la adopci\u00f3n de tecnolog\u00edas limpias o fuentes de energ\u00eda renovables.<\/p>\n<p>&nbsp;<\/p>\n<p>Son 195 pa\u00edses que cada a\u00f1o se re\u00fanen para revisar la aplicaci\u00f3n de la convenci\u00f3n y compartir informaci\u00f3n sobre las emisiones de Gases de Efecto Invernadero, pol\u00edticas, estrategias nacionales para contrarrestar el problema de las emisiones, adaptarse a los impactos del cambio clim\u00e1tico y determinar el apoyo financiero y tecnol\u00f3gico a los pa\u00edses en v\u00edas de desarrollo.<\/p>\n<p>&nbsp;<\/p>\n<p>Los eventos en los que participa la CDMX se enfocan en dar a conocer las acciones locales por el clima que llevan a cabo importantes megaciudades como la Ciudad de M\u00e9xico, que desarrolla pol\u00edticas para contrarrestar los efectos del cambio clim\u00e1tico y mejorar la adaptaci\u00f3n de sus habitantes al mismo, como el Programa de Acci\u00f3n Clim\u00e1tica PAC2014-2020 o el Sistema de Monitoreo de la Calidad del Aire, entre otros.<\/p>\n<p>&nbsp;<\/p>\n<p>Son tres d\u00edas de encuentros en los que la ciudad compartir\u00e1 sus experiencias con representantes de otras capitales del mundo y de la regi\u00f3n, para discutir sobre la relevancia de los Gobiernos locales en los procesos de mitigaci\u00f3n y adaptaci\u00f3n al cambio clim\u00e1tico.<\/p>\n<p>&nbsp;<\/p>\n","protected":false},"excerpt":{"rendered":"<p>&nbsp; Busca reducir las concentraciones de Gases de Efecto Invernadero en la atm\u00f3sfera<\/p>\n","protected":false},"author":14,"featured_media":0,"comment_status":"open","ping_status":"closed","sticky":false,"template":"","format":"standard","meta":{"om_disable_all_campaigns":false,"inline_featured_image":false,"_monsterinsights_skip_tracking":false,"_monsterinsights_sitenote_active":false,"_monsterinsights_sitenote_note":"","_monsterinsights_sitenote_category":0,"footnotes":""},"categories":[7],"tags":[606,3873,167],"class_list":["post-13330","post","type-post","status-publish","format-standard","hentry","category-saladeprensa","tag-cdmx","tag-conferencia-de-las-partes-cop20","tag-sedema"],"yoast_head":"<!-- This site is optimized with the Yoast SEO plugin v27.4 - https:\/\/yoast.com\/product\/yoast-seo-wordpress\/ -->\n<title>Participa CDMX en la Conferencia de las Partes (COP20) -<\/title>\n<meta name=\"description\" content=\"&nbsp; Busca reducir las concentraciones de Gases de Efecto Invernadero en la atm\u00f3sfera &nbsp; El Gobierno de la Ciudad de M\u00e9xico, a trav\u00e9s de la\" \/>\n<meta name=\"robots\" content=\"index, follow, max-snippet:-1, max-image-preview:large, max-video-preview:-1\" \/>\n<link rel=\"canonical\" href=\"https:\/\/centrourbano.com\/revista\/saladeprensa\/participa-cdmx-en-la-conferencia-de-las-partes-cop20\/\" \/>\n<meta property=\"og:locale\" content=\"es_ES\" \/>\n<meta property=\"og:type\" content=\"article\" \/>\n<meta property=\"og:title\" content=\"Participa CDMX en la Conferencia de las Partes (COP20) -\" \/>\n<meta property=\"og:description\" content=\"&nbsp; Busca reducir las concentraciones de Gases de Efecto Invernadero en la atm\u00f3sfera &nbsp; El Gobierno de la Ciudad de M\u00e9xico, a trav\u00e9s de la\" \/>\n<meta property=\"og:url\" content=\"https:\/\/centrourbano.com\/revista\/saladeprensa\/participa-cdmx-en-la-conferencia-de-las-partes-cop20\/\" \/>\n<meta property=\"og:site_name\" content=\"Centro Urbano\" \/>\n<meta property=\"article:publisher\" content=\"https:\/\/www.facebook.com\/portalcentrourbano\" \/>\n<meta property=\"article:published_time\" content=\"2014-12-08T22:29:30+00:00\" \/>\n<meta property=\"og:image\" content=\"https:\/\/centrourbano.com\/revista\/wp-content\/uploads\/CU-logo.png\" \/>\n\t<meta property=\"og:image:width\" content=\"350\" \/>\n\t<meta property=\"og:image:height\" content=\"91\" \/>\n\t<meta property=\"og:image:type\" content=\"image\/png\" \/>\n<meta name=\"author\" content=\"Redacci\u00f3n Centro Urbano\" \/>\n<meta name=\"twitter:card\" content=\"summary_large_image\" \/>\n<meta name=\"twitter:creator\" content=\"@CentroUrbano\" \/>\n<meta name=\"twitter:site\" content=\"@CentroUrbano\" \/>\n<meta name=\"twitter:label1\" content=\"Escrito por\" \/>\n\t<meta name=\"twitter:data1\" content=\"Redacci\u00f3n Centro Urbano\" \/>\n\t<meta name=\"twitter:label2\" content=\"Tiempo de lectura\" \/>\n\t<meta name=\"twitter:data2\" content=\"2 minutos\" \/>\n<script type=\"application\/ld+json\" class=\"yoast-schema-graph\">{\"@context\":\"https:\\\/\\\/schema.org\",\"@graph\":[{\"@type\":\"Article\",\"@id\":\"https:\\\/\\\/centrourbano.com\\\/revista\\\/saladeprensa\\\/participa-cdmx-en-la-conferencia-de-las-partes-cop20\\\/#article\",\"isPartOf\":{\"@id\":\"https:\\\/\\\/centrourbano.com\\\/revista\\\/saladeprensa\\\/participa-cdmx-en-la-conferencia-de-las-partes-cop20\\\/\"},\"author\":{\"name\":\"Redacci\u00f3n Centro Urbano\",\"@id\":\"https:\\\/\\\/centrourbano.com\\\/revista\\\/#\\\/schema\\\/person\\\/680e7c50f9d6e917e416c9efdc26f996\"},\"headline\":\"Participa CDMX en la Conferencia de las Partes (COP20)\",\"datePublished\":\"2014-12-08T22:29:30+00:00\",\"mainEntityOfPage\":{\"@id\":\"https:\\\/\\\/centrourbano.com\\\/revista\\\/saladeprensa\\\/participa-cdmx-en-la-conferencia-de-las-partes-cop20\\\/\"},\"wordCount\":501,\"commentCount\":0,\"publisher\":{\"@id\":\"https:\\\/\\\/centrourbano.com\\\/revista\\\/#organization\"},\"keywords\":[\"CDMX\",\"Conferencia de las Partes (COP20)\",\"Sedema\"],\"articleSection\":[\"Sala de Prensa\"],\"inLanguage\":\"es\",\"potentialAction\":[{\"@type\":\"CommentAction\",\"name\":\"Comment\",\"target\":[\"https:\\\/\\\/centrourbano.com\\\/revista\\\/saladeprensa\\\/participa-cdmx-en-la-conferencia-de-las-partes-cop20\\\/#respond\"]}]},{\"@type\":\"WebPage\",\"@id\":\"https:\\\/\\\/centrourbano.com\\\/revista\\\/saladeprensa\\\/participa-cdmx-en-la-conferencia-de-las-partes-cop20\\\/\",\"url\":\"https:\\\/\\\/centrourbano.com\\\/revista\\\/saladeprensa\\\/participa-cdmx-en-la-conferencia-de-las-partes-cop20\\\/\",\"name\":\"Participa CDMX en la Conferencia de las Partes (COP20) -\",\"isPartOf\":{\"@id\":\"https:\\\/\\\/centrourbano.com\\\/revista\\\/#website\"},\"datePublished\":\"2014-12-08T22:29:30+00:00\",\"description\":\"&nbsp; Busca reducir las concentraciones de Gases de Efecto Invernadero en la atm\u00f3sfera &nbsp; El Gobierno de la Ciudad de M\u00e9xico, a trav\u00e9s de la\",\"breadcrumb\":{\"@id\":\"https:\\\/\\\/centrourbano.com\\\/revista\\\/saladeprensa\\\/participa-cdmx-en-la-conferencia-de-las-partes-cop20\\\/#breadcrumb\"},\"inLanguage\":\"es\",\"potentialAction\":[{\"@type\":\"ReadAction\",\"target\":[\"https:\\\/\\\/centrourbano.com\\\/revista\\\/saladeprensa\\\/participa-cdmx-en-la-conferencia-de-las-partes-cop20\\\/\"]}]},{\"@type\":\"BreadcrumbList\",\"@id\":\"https:\\\/\\\/centrourbano.com\\\/revista\\\/saladeprensa\\\/participa-cdmx-en-la-conferencia-de-las-partes-cop20\\\/#breadcrumb\",\"itemListElement\":[{\"@type\":\"ListItem\",\"position\":1,\"name\":\"Portada\",\"item\":\"https:\\\/\\\/centrourbano.com\\\/revista\\\/\"},{\"@type\":\"ListItem\",\"position\":2,\"name\":\"Participa CDMX en la Conferencia de las Partes (COP20)\"}]},{\"@type\":\"WebSite\",\"@id\":\"https:\\\/\\\/centrourbano.com\\\/revista\\\/#website\",\"url\":\"https:\\\/\\\/centrourbano.com\\\/revista\\\/\",\"name\":\"Centro Urbano\",\"description\":\"Medio especializado en los sectores vivienda, inmobiliario, construcci\u00f3n, arquitectura y urbanismo.\",\"publisher\":{\"@id\":\"https:\\\/\\\/centrourbano.com\\\/revista\\\/#organization\"},\"potentialAction\":[{\"@type\":\"SearchAction\",\"target\":{\"@type\":\"EntryPoint\",\"urlTemplate\":\"https:\\\/\\\/centrourbano.com\\\/revista\\\/?s={search_term_string}\"},\"query-input\":{\"@type\":\"PropertyValueSpecification\",\"valueRequired\":true,\"valueName\":\"search_term_string\"}}],\"inLanguage\":\"es\"},{\"@type\":\"Organization\",\"@id\":\"https:\\\/\\\/centrourbano.com\\\/revista\\\/#organization\",\"name\":\"Centro Urbano\",\"url\":\"https:\\\/\\\/centrourbano.com\\\/revista\\\/\",\"logo\":{\"@type\":\"ImageObject\",\"inLanguage\":\"es\",\"@id\":\"https:\\\/\\\/centrourbano.com\\\/revista\\\/#\\\/schema\\\/logo\\\/image\\\/\",\"url\":\"https:\\\/\\\/centrourbano.com\\\/revista\\\/wp-content\\\/uploads\\\/web_CU_logo-1.png\",\"contentUrl\":\"https:\\\/\\\/centrourbano.com\\\/revista\\\/wp-content\\\/uploads\\\/web_CU_logo-1.png\",\"width\":350,\"height\":91,\"caption\":\"Centro Urbano\"},\"image\":{\"@id\":\"https:\\\/\\\/centrourbano.com\\\/revista\\\/#\\\/schema\\\/logo\\\/image\\\/\"},\"sameAs\":[\"https:\\\/\\\/www.facebook.com\\\/portalcentrourbano\",\"https:\\\/\\\/x.com\\\/CentroUrbano\",\"https:\\\/\\\/www.instagram.com\\\/centro_urbano\\\/\",\"https:\\\/\\\/www.linkedin.com\\\/company\\\/centro-urbano\\\/\",\"http:\\\/\\\/www.youtube.com\\\/user\\\/portalcentrourbano\"]},{\"@type\":\"Person\",\"@id\":\"https:\\\/\\\/centrourbano.com\\\/revista\\\/#\\\/schema\\\/person\\\/680e7c50f9d6e917e416c9efdc26f996\",\"name\":\"Redacci\u00f3n Centro Urbano\",\"image\":{\"@type\":\"ImageObject\",\"inLanguage\":\"es\",\"@id\":\"https:\\\/\\\/secure.gravatar.com\\\/avatar\\\/15a789f894398c0f311f3a7a2ee28032bbc0483098539da66b6a045aa810bf35?s=96&d=mm&r=g\",\"url\":\"https:\\\/\\\/secure.gravatar.com\\\/avatar\\\/15a789f894398c0f311f3a7a2ee28032bbc0483098539da66b6a045aa810bf35?s=96&d=mm&r=g\",\"contentUrl\":\"https:\\\/\\\/secure.gravatar.com\\\/avatar\\\/15a789f894398c0f311f3a7a2ee28032bbc0483098539da66b6a045aa810bf35?s=96&d=mm&r=g\",\"caption\":\"Redacci\u00f3n Centro Urbano\"},\"url\":\"https:\\\/\\\/centrourbano.com\\\/revista\\\/author\\\/editorial\\\/\"}]}<\/script>\n<!-- \/ Yoast SEO plugin. -->","yoast_head_json":{"title":"Participa CDMX en la Conferencia de las Partes (COP20) -","description":"&nbsp; Busca reducir las concentraciones de Gases de Efecto Invernadero en la atm\u00f3sfera &nbsp; El Gobierno de la Ciudad de M\u00e9xico, a trav\u00e9s de la","robots":{"index":"index","follow":"follow","max-snippet":"max-snippet:-1","max-image-preview":"max-image-preview:large","max-video-preview":"max-video-preview:-1"},"canonical":"https:\/\/centrourbano.com\/revista\/saladeprensa\/participa-cdmx-en-la-conferencia-de-las-partes-cop20\/","og_locale":"es_ES","og_type":"article","og_title":"Participa CDMX en la Conferencia de las Partes (COP20) -","og_description":"&nbsp; Busca reducir las concentraciones de Gases de Efecto Invernadero en la atm\u00f3sfera &nbsp; El Gobierno de la Ciudad de M\u00e9xico, a trav\u00e9s de la","og_url":"https:\/\/centrourbano.com\/revista\/saladeprensa\/participa-cdmx-en-la-conferencia-de-las-partes-cop20\/","og_site_name":"Centro Urbano","article_publisher":"https:\/\/www.facebook.com\/portalcentrourbano","article_published_time":"2014-12-08T22:29:30+00:00","og_image":[{"width":350,"height":91,"url":"https:\/\/centrourbano.com\/revista\/wp-content\/uploads\/CU-logo.png","type":"image\/png"}],"author":"Redacci\u00f3n Centro Urbano","twitter_card":"summary_large_image","twitter_creator":"@CentroUrbano","twitter_site":"@CentroUrbano","twitter_misc":{"Escrito por":"Redacci\u00f3n Centro Urbano","Tiempo de lectura":"2 minutos"},"schema":{"@context":"https:\/\/schema.org","@graph":[{"@type":"Article","@id":"https:\/\/centrourbano.com\/revista\/saladeprensa\/participa-cdmx-en-la-conferencia-de-las-partes-cop20\/#article","isPartOf":{"@id":"https:\/\/centrourbano.com\/revista\/saladeprensa\/participa-cdmx-en-la-conferencia-de-las-partes-cop20\/"},"author":{"name":"Redacci\u00f3n Centro Urbano","@id":"https:\/\/centrourbano.com\/revista\/#\/schema\/person\/680e7c50f9d6e917e416c9efdc26f996"},"headline":"Participa CDMX en la Conferencia de las Partes (COP20)","datePublished":"2014-12-08T22:29:30+00:00","mainEntityOfPage":{"@id":"https:\/\/centrourbano.com\/revista\/saladeprensa\/participa-cdmx-en-la-conferencia-de-las-partes-cop20\/"},"wordCount":501,"commentCount":0,"publisher":{"@id":"https:\/\/centrourbano.com\/revista\/#organization"},"keywords":["CDMX","Conferencia de las Partes (COP20)","Sedema"],"articleSection":["Sala de Prensa"],"inLanguage":"es","potentialAction":[{"@type":"CommentAction","name":"Comment","target":["https:\/\/centrourbano.com\/revista\/saladeprensa\/participa-cdmx-en-la-conferencia-de-las-partes-cop20\/#respond"]}]},{"@type":"WebPage","@id":"https:\/\/centrourbano.com\/revista\/saladeprensa\/participa-cdmx-en-la-conferencia-de-las-partes-cop20\/","url":"https:\/\/centrourbano.com\/revista\/saladeprensa\/participa-cdmx-en-la-conferencia-de-las-partes-cop20\/","name":"Participa CDMX en la Conferencia de las Partes (COP20) -","isPartOf":{"@id":"https:\/\/centrourbano.com\/revista\/#website"},"datePublished":"2014-12-08T22:29:30+00:00","description":"&nbsp; Busca reducir las concentraciones de Gases de Efecto Invernadero en la atm\u00f3sfera &nbsp; El Gobierno de la Ciudad de M\u00e9xico, a trav\u00e9s de la","breadcrumb":{"@id":"https:\/\/centrourbano.com\/revista\/saladeprensa\/participa-cdmx-en-la-conferencia-de-las-partes-cop20\/#breadcrumb"},"inLanguage":"es","potentialAction":[{"@type":"ReadAction","target":["https:\/\/centrourbano.com\/revista\/saladeprensa\/participa-cdmx-en-la-conferencia-de-las-partes-cop20\/"]}]},{"@type":"BreadcrumbList","@id":"https:\/\/centrourbano.com\/revista\/saladeprensa\/participa-cdmx-en-la-conferencia-de-las-partes-cop20\/#breadcrumb","itemListElement":[{"@type":"ListItem","position":1,"name":"Portada","item":"https:\/\/centrourbano.com\/revista\/"},{"@type":"ListItem","position":2,"name":"Participa CDMX en la Conferencia de las Partes (COP20)"}]},{"@type":"WebSite","@id":"https:\/\/centrourbano.com\/revista\/#website","url":"https:\/\/centrourbano.com\/revista\/","name":"Centro Urbano","description":"Medio especializado en los sectores vivienda, inmobiliario, construcci\u00f3n, arquitectura y urbanismo.","publisher":{"@id":"https:\/\/centrourbano.com\/revista\/#organization"},"potentialAction":[{"@type":"SearchAction","target":{"@type":"EntryPoint","urlTemplate":"https:\/\/centrourbano.com\/revista\/?s={search_term_string}"},"query-input":{"@type":"PropertyValueSpecification","valueRequired":true,"valueName":"search_term_string"}}],"inLanguage":"es"},{"@type":"Organization","@id":"https:\/\/centrourbano.com\/revista\/#organization","name":"Centro Urbano","url":"https:\/\/centrourbano.com\/revista\/","logo":{"@type":"ImageObject","inLanguage":"es","@id":"https:\/\/centrourbano.com\/revista\/#\/schema\/logo\/image\/","url":"https:\/\/centrourbano.com\/revista\/wp-content\/uploads\/web_CU_logo-1.png","contentUrl":"https:\/\/centrourbano.com\/revista\/wp-content\/uploads\/web_CU_logo-1.png","width":350,"height":91,"caption":"Centro Urbano"},"image":{"@id":"https:\/\/centrourbano.com\/revista\/#\/schema\/logo\/image\/"},"sameAs":["https:\/\/www.facebook.com\/portalcentrourbano","https:\/\/x.com\/CentroUrbano","https:\/\/www.instagram.com\/centro_urbano\/","https:\/\/www.linkedin.com\/company\/centro-urbano\/","http:\/\/www.youtube.com\/user\/portalcentrourbano"]},{"@type":"Person","@id":"https:\/\/centrourbano.com\/revista\/#\/schema\/person\/680e7c50f9d6e917e416c9efdc26f996","name":"Redacci\u00f3n Centro Urbano","image":{"@type":"ImageObject","inLanguage":"es","@id":"https:\/\/secure.gravatar.com\/avatar\/15a789f894398c0f311f3a7a2ee28032bbc0483098539da66b6a045aa810bf35?s=96&d=mm&r=g","url":"https:\/\/secure.gravatar.com\/avatar\/15a789f894398c0f311f3a7a2ee28032bbc0483098539da66b6a045aa810bf35?s=96&d=mm&r=g","contentUrl":"https:\/\/secure.gravatar.com\/avatar\/15a789f894398c0f311f3a7a2ee28032bbc0483098539da66b6a045aa810bf35?s=96&d=mm&r=g","caption":"Redacci\u00f3n Centro Urbano"},"url":"https:\/\/centrourbano.com\/revista\/author\/editorial\/"}]}},"_links":{"self":[{"href":"https:\/\/centrourbano.com\/revista\/wp-json\/wp\/v2\/posts\/13330","targetHints":{"allow":["GET"]}}],"collection":[{"href":"https:\/\/centrourbano.com\/revista\/wp-json\/wp\/v2\/posts"}],"about":[{"href":"https:\/\/centrourbano.com\/revista\/wp-json\/wp\/v2\/types\/post"}],"author":[{"embeddable":true,"href":"https:\/\/centrourbano.com\/revista\/wp-json\/wp\/v2\/users\/14"}],"replies":[{"embeddable":true,"href":"https:\/\/centrourbano.com\/revista\/wp-json\/wp\/v2\/comments?post=13330"}],"version-history":[{"count":0,"href":"https:\/\/centrourbano.com\/revista\/wp-json\/wp\/v2\/posts\/13330\/revisions"}],"wp:attachment":[{"href":"https:\/\/centrourbano.com\/revista\/wp-json\/wp\/v2\/media?parent=13330"}],"wp:term":[{"taxonomy":"category","embeddable":true,"href":"https:\/\/centrourbano.com\/revista\/wp-json\/wp\/v2\/categories?post=13330"},{"taxonomy":"post_tag","embeddable":true,"href":"https:\/\/centrourbano.com\/revista\/wp-json\/wp\/v2\/tags?post=13330"}],"curies":[{"name":"wp","href":"https:\/\/api.w.org\/{rel}","templated":true}]}}