{"id":1333,"date":"2013-11-29T11:39:45","date_gmt":"2013-11-29T17:39:45","guid":{"rendered":"http:\/\/centrourbano.com\/?p=1333"},"modified":"2014-03-21T12:46:28","modified_gmt":"2014-03-21T18:46:28","slug":"aseguran-a-habitantes-en-regularizacion-de-asentamientos","status":"publish","type":"post","link":"https:\/\/centrourbano.com\/revista\/urbanismo\/aseguran-a-habitantes-en-regularizacion-de-asentamientos\/","title":{"rendered":"Aseguran a habitantes en regularizaci\u00f3n de asentamientos"},"content":{"rendered":"<p><i>La Seduvi, en conjunto con la Semarnat, busca la seguridad de la poblaci\u00f3n as\u00ed como la preservaci\u00f3n de zonas con valor ambiental, otro factor de peso en las decisiones<\/i><\/p>\n<p><i><!--more--><\/i><\/p>\n<p>&nbsp;<\/p>\n<p>Los asentamientos humanos irregulares que podr\u00edan ser susceptibles de regularizaci\u00f3n ser\u00e1n aquellos que no se encuentran en zonas con valor ambiental o en \u00e1reas de riesgo para sus habitantes, aclar\u00f3 la urbanista Gabriela Quiroga, coordinadora general de Desarrollo y Administraci\u00f3n Urbana de la Secretar\u00eda de Desarrollo Urbano y Vivienda (Seduvi).<\/p>\n<p>&nbsp;<\/p>\n<p>Despu\u00e9s de que la Asamblea Legislativa del Distrito Federal aprob\u00f3 un conjunto de modificaciones a Programas Delegacionales de Desarrollo Urbano, explic\u00f3 que el proceso de regularizaci\u00f3n no se realizar\u00e1 de manera inmediata, porque los asentamientos ser\u00e1n sujetos a estudios de factibilidad, a cargo de diferentes universidades.<\/p>\n<p>&nbsp;<\/p>\n<p>Como primer paso, dijo, se formar\u00e1 un comit\u00e9 de regularizaci\u00f3n especial de asentamientos humanos irregulares, integrado por autoridades delegacionales y\u00a0 los titulares de las secretar\u00edas de Desarrollo Urbano y Vivienda; y de Medio Ambiente.<\/p>\n<p>&nbsp;<\/p>\n<p>Esa instancia tomar\u00e1 en consideraci\u00f3n una serie de variables para la eventual regularizaci\u00f3n, por ejemplo que el Cerro de la Estrella, localizado en Iztapalapa, tiene \u201cun valor ambiental muy importante\u201d.<\/p>\n<p>&nbsp;<\/p>\n<p>En la misma demarcaci\u00f3n se encuentra la Sierra de Santa Catarina que tiene un valor ambiental y de riesgo, sobre todo por las pendientes y las zonas de fallas geol\u00f3gicas que no se pueden dejar de lado. En este caso, el tema n\u00famero uno para la regularizaci\u00f3n de este asentamiento tendr\u00e1 que ver con autoridades de Protecci\u00f3n Civil\u00a0 y de la Secretar\u00eda del Medio Ambiente.<\/p>\n<p>&nbsp;<\/p>\n<p>La urbanista Quiroga adelant\u00f3 que dada la relevancia del estudio y la seriedad t\u00e9cnica que requiere, las instituciones de educaci\u00f3n superior no tendr\u00e1n un tiempo l\u00edmite.<\/p>\n<p>&nbsp;<\/p>\n<p>Por su parte, Sim\u00f3n Neumann Ladenzon, titular de la Secretar\u00eda de Desarrollo Urbano y Vivienda (Seduvi), insisti\u00f3 que la preservaci\u00f3n de los recursos naturales es tarea de todos y que, por ello, cobra vital importancia la participaci\u00f3n de los legisladores.<\/p>\n","protected":false},"excerpt":{"rendered":"<p>La Seduvi, en conjunto con la Semarnat, busca la seguridad de la poblaci\u00f3n as\u00ed como la preservaci\u00f3n de zonas con valor ambiental, otro factor de peso en las decisiones<\/p>\n","protected":false},"author":7,"featured_media":16652,"comment_status":"open","ping_status":"closed","sticky":false,"template":"","format":"standard","meta":{"om_disable_all_campaigns":false,"inline_featured_image":false,"_monsterinsights_skip_tracking":false,"_monsterinsights_sitenote_active":false,"_monsterinsights_sitenote_note":"","_monsterinsights_sitenote_category":0,"footnotes":""},"categories":[82],"tags":[166,126,195],"class_list":["post-1333","post","type-post","status-publish","format-standard","has-post-thumbnail","hentry","category-urbanismo","tag-asentamientos-irregulares","tag-seduvi","tag-semarnat"],"yoast_head":"<!-- This site is optimized with the Yoast SEO plugin v27.4 - https:\/\/yoast.com\/product\/yoast-seo-wordpress\/ -->\n<title>Aseguran a habitantes en regularizaci\u00f3n de asentamientos -<\/title>\n<meta name=\"description\" content=\"La Seduvi, en conjunto con la Semarnat, busca la seguridad de la poblaci\u00f3n as\u00ed como la preservaci\u00f3n de zonas con valor ambiental, otro factor de peso en\" \/>\n<meta name=\"robots\" content=\"index, follow, max-snippet:-1, max-image-preview:large, max-video-preview:-1\" \/>\n<link rel=\"canonical\" href=\"https:\/\/centrourbano.com\/revista\/urbanismo\/aseguran-a-habitantes-en-regularizacion-de-asentamientos\/\" \/>\n<meta property=\"og:locale\" content=\"es_ES\" \/>\n<meta property=\"og:type\" content=\"article\" \/>\n<meta property=\"og:title\" content=\"Aseguran a habitantes en regularizaci\u00f3n de asentamientos -\" \/>\n<meta property=\"og:description\" content=\"La Seduvi, en conjunto con la Semarnat, busca la seguridad de la poblaci\u00f3n as\u00ed como la preservaci\u00f3n de zonas con valor ambiental, otro factor de peso en\" \/>\n<meta property=\"og:url\" content=\"https:\/\/centrourbano.com\/revista\/urbanismo\/aseguran-a-habitantes-en-regularizacion-de-asentamientos\/\" \/>\n<meta property=\"og:site_name\" content=\"Centro Urbano\" \/>\n<meta property=\"article:publisher\" content=\"https:\/\/www.facebook.com\/portalcentrourbano\" \/>\n<meta property=\"article:published_time\" content=\"2013-11-29T17:39:45+00:00\" \/>\n<meta property=\"article:modified_time\" content=\"2014-03-21T18:46:28+00:00\" \/>\n<meta property=\"og:image\" content=\"https:\/\/centrourbano.com\/revista\/wp-content\/uploads\/asentamientos3.jpg\" \/>\n\t<meta property=\"og:image:width\" content=\"650\" \/>\n\t<meta property=\"og:image:height\" content=\"380\" \/>\n\t<meta property=\"og:image:type\" content=\"image\/jpeg\" \/>\n<meta name=\"author\" content=\"Yuriko Barrera\" \/>\n<meta name=\"twitter:card\" content=\"summary_large_image\" \/>\n<meta name=\"twitter:creator\" content=\"@CentroUrbano\" \/>\n<meta name=\"twitter:site\" content=\"@CentroUrbano\" \/>\n<meta name=\"twitter:label1\" content=\"Escrito por\" \/>\n\t<meta name=\"twitter:data1\" content=\"Yuriko Barrera\" \/>\n\t<meta name=\"twitter:label2\" content=\"Tiempo de lectura\" \/>\n\t<meta name=\"twitter:data2\" content=\"2 minutos\" \/>\n<script type=\"application\/ld+json\" class=\"yoast-schema-graph\">{\"@context\":\"https:\\\/\\\/schema.org\",\"@graph\":[{\"@type\":\"Article\",\"@id\":\"https:\\\/\\\/centrourbano.com\\\/revista\\\/urbanismo\\\/aseguran-a-habitantes-en-regularizacion-de-asentamientos\\\/#article\",\"isPartOf\":{\"@id\":\"https:\\\/\\\/centrourbano.com\\\/revista\\\/urbanismo\\\/aseguran-a-habitantes-en-regularizacion-de-asentamientos\\\/\"},\"author\":{\"name\":\"Yuriko Barrera\",\"@id\":\"https:\\\/\\\/centrourbano.com\\\/revista\\\/#\\\/schema\\\/person\\\/c5bbb779a2487874e965890c32543e7c\"},\"headline\":\"Aseguran a habitantes en regularizaci\u00f3n de asentamientos\",\"datePublished\":\"2013-11-29T17:39:45+00:00\",\"dateModified\":\"2014-03-21T18:46:28+00:00\",\"mainEntityOfPage\":{\"@id\":\"https:\\\/\\\/centrourbano.com\\\/revista\\\/urbanismo\\\/aseguran-a-habitantes-en-regularizacion-de-asentamientos\\\/\"},\"wordCount\":363,\"commentCount\":0,\"publisher\":{\"@id\":\"https:\\\/\\\/centrourbano.com\\\/revista\\\/#organization\"},\"image\":{\"@id\":\"https:\\\/\\\/centrourbano.com\\\/revista\\\/urbanismo\\\/aseguran-a-habitantes-en-regularizacion-de-asentamientos\\\/#primaryimage\"},\"thumbnailUrl\":\"https:\\\/\\\/centrourbano.com\\\/revista\\\/wp-content\\\/uploads\\\/asentamientos3.jpg\",\"keywords\":[\"Asentamientos irregulares\",\"Seduvi\",\"Semarnat\"],\"articleSection\":[\"Urbanismo\"],\"inLanguage\":\"es\",\"potentialAction\":[{\"@type\":\"CommentAction\",\"name\":\"Comment\",\"target\":[\"https:\\\/\\\/centrourbano.com\\\/revista\\\/urbanismo\\\/aseguran-a-habitantes-en-regularizacion-de-asentamientos\\\/#respond\"]}]},{\"@type\":\"WebPage\",\"@id\":\"https:\\\/\\\/centrourbano.com\\\/revista\\\/urbanismo\\\/aseguran-a-habitantes-en-regularizacion-de-asentamientos\\\/\",\"url\":\"https:\\\/\\\/centrourbano.com\\\/revista\\\/urbanismo\\\/aseguran-a-habitantes-en-regularizacion-de-asentamientos\\\/\",\"name\":\"Aseguran a habitantes en regularizaci\u00f3n de asentamientos -\",\"isPartOf\":{\"@id\":\"https:\\\/\\\/centrourbano.com\\\/revista\\\/#website\"},\"primaryImageOfPage\":{\"@id\":\"https:\\\/\\\/centrourbano.com\\\/revista\\\/urbanismo\\\/aseguran-a-habitantes-en-regularizacion-de-asentamientos\\\/#primaryimage\"},\"image\":{\"@id\":\"https:\\\/\\\/centrourbano.com\\\/revista\\\/urbanismo\\\/aseguran-a-habitantes-en-regularizacion-de-asentamientos\\\/#primaryimage\"},\"thumbnailUrl\":\"https:\\\/\\\/centrourbano.com\\\/revista\\\/wp-content\\\/uploads\\\/asentamientos3.jpg\",\"datePublished\":\"2013-11-29T17:39:45+00:00\",\"dateModified\":\"2014-03-21T18:46:28+00:00\",\"description\":\"La Seduvi, en conjunto con la Semarnat, busca la seguridad de la poblaci\u00f3n as\u00ed como la preservaci\u00f3n de zonas con valor ambiental, otro factor de peso en\",\"breadcrumb\":{\"@id\":\"https:\\\/\\\/centrourbano.com\\\/revista\\\/urbanismo\\\/aseguran-a-habitantes-en-regularizacion-de-asentamientos\\\/#breadcrumb\"},\"inLanguage\":\"es\",\"potentialAction\":[{\"@type\":\"ReadAction\",\"target\":[\"https:\\\/\\\/centrourbano.com\\\/revista\\\/urbanismo\\\/aseguran-a-habitantes-en-regularizacion-de-asentamientos\\\/\"]}]},{\"@type\":\"ImageObject\",\"inLanguage\":\"es\",\"@id\":\"https:\\\/\\\/centrourbano.com\\\/revista\\\/urbanismo\\\/aseguran-a-habitantes-en-regularizacion-de-asentamientos\\\/#primaryimage\",\"url\":\"https:\\\/\\\/centrourbano.com\\\/revista\\\/wp-content\\\/uploads\\\/asentamientos3.jpg\",\"contentUrl\":\"https:\\\/\\\/centrourbano.com\\\/revista\\\/wp-content\\\/uploads\\\/asentamientos3.jpg\",\"width\":650,\"height\":380},{\"@type\":\"BreadcrumbList\",\"@id\":\"https:\\\/\\\/centrourbano.com\\\/revista\\\/urbanismo\\\/aseguran-a-habitantes-en-regularizacion-de-asentamientos\\\/#breadcrumb\",\"itemListElement\":[{\"@type\":\"ListItem\",\"position\":1,\"name\":\"Portada\",\"item\":\"https:\\\/\\\/centrourbano.com\\\/revista\\\/\"},{\"@type\":\"ListItem\",\"position\":2,\"name\":\"Aseguran a habitantes en regularizaci\u00f3n de asentamientos\"}]},{\"@type\":\"WebSite\",\"@id\":\"https:\\\/\\\/centrourbano.com\\\/revista\\\/#website\",\"url\":\"https:\\\/\\\/centrourbano.com\\\/revista\\\/\",\"name\":\"Centro Urbano\",\"description\":\"Medio especializado en los sectores vivienda, inmobiliario, construcci\u00f3n, arquitectura y urbanismo.\",\"publisher\":{\"@id\":\"https:\\\/\\\/centrourbano.com\\\/revista\\\/#organization\"},\"potentialAction\":[{\"@type\":\"SearchAction\",\"target\":{\"@type\":\"EntryPoint\",\"urlTemplate\":\"https:\\\/\\\/centrourbano.com\\\/revista\\\/?s={search_term_string}\"},\"query-input\":{\"@type\":\"PropertyValueSpecification\",\"valueRequired\":true,\"valueName\":\"search_term_string\"}}],\"inLanguage\":\"es\"},{\"@type\":\"Organization\",\"@id\":\"https:\\\/\\\/centrourbano.com\\\/revista\\\/#organization\",\"name\":\"Centro Urbano\",\"url\":\"https:\\\/\\\/centrourbano.com\\\/revista\\\/\",\"logo\":{\"@type\":\"ImageObject\",\"inLanguage\":\"es\",\"@id\":\"https:\\\/\\\/centrourbano.com\\\/revista\\\/#\\\/schema\\\/logo\\\/image\\\/\",\"url\":\"https:\\\/\\\/centrourbano.com\\\/revista\\\/wp-content\\\/uploads\\\/web_CU_logo-1.png\",\"contentUrl\":\"https:\\\/\\\/centrourbano.com\\\/revista\\\/wp-content\\\/uploads\\\/web_CU_logo-1.png\",\"width\":350,\"height\":91,\"caption\":\"Centro Urbano\"},\"image\":{\"@id\":\"https:\\\/\\\/centrourbano.com\\\/revista\\\/#\\\/schema\\\/logo\\\/image\\\/\"},\"sameAs\":[\"https:\\\/\\\/www.facebook.com\\\/portalcentrourbano\",\"https:\\\/\\\/x.com\\\/CentroUrbano\",\"https:\\\/\\\/www.instagram.com\\\/centro_urbano\\\/\",\"https:\\\/\\\/www.linkedin.com\\\/company\\\/centro-urbano\\\/\",\"http:\\\/\\\/www.youtube.com\\\/user\\\/portalcentrourbano\"]},{\"@type\":\"Person\",\"@id\":\"https:\\\/\\\/centrourbano.com\\\/revista\\\/#\\\/schema\\\/person\\\/c5bbb779a2487874e965890c32543e7c\",\"name\":\"Yuriko Barrera\",\"image\":{\"@type\":\"ImageObject\",\"inLanguage\":\"es\",\"@id\":\"https:\\\/\\\/secure.gravatar.com\\\/avatar\\\/134d0d2b59080428f5a714c59baa8306f3f3d3a3083bd6efeff035d884a8bf97?s=96&d=mm&r=g\",\"url\":\"https:\\\/\\\/secure.gravatar.com\\\/avatar\\\/134d0d2b59080428f5a714c59baa8306f3f3d3a3083bd6efeff035d884a8bf97?s=96&d=mm&r=g\",\"contentUrl\":\"https:\\\/\\\/secure.gravatar.com\\\/avatar\\\/134d0d2b59080428f5a714c59baa8306f3f3d3a3083bd6efeff035d884a8bf97?s=96&d=mm&r=g\",\"caption\":\"Yuriko Barrera\"},\"description\":\"Egresada de la Facultad de Ciencias Pol\u00edticas y Sociales de la UNAM. Boxeadora, tragona, cocinera y bailadora. Gusto de las m\u00e1scaras t\u00e9tricas, los cuervos, el cine de terror y la m\u00fasica. Escribo en mi blog, Me divierto con lo que hago. Reportera porque amo y twittera porque quiero.\",\"url\":\"https:\\\/\\\/centrourbano.com\\\/revista\\\/author\\\/yuriko-barrera\\\/\"}]}<\/script>\n<!-- \/ Yoast SEO plugin. -->","yoast_head_json":{"title":"Aseguran a habitantes en regularizaci\u00f3n de asentamientos -","description":"La Seduvi, en conjunto con la Semarnat, busca la seguridad de la poblaci\u00f3n as\u00ed como la preservaci\u00f3n de zonas con valor ambiental, otro factor de peso en","robots":{"index":"index","follow":"follow","max-snippet":"max-snippet:-1","max-image-preview":"max-image-preview:large","max-video-preview":"max-video-preview:-1"},"canonical":"https:\/\/centrourbano.com\/revista\/urbanismo\/aseguran-a-habitantes-en-regularizacion-de-asentamientos\/","og_locale":"es_ES","og_type":"article","og_title":"Aseguran a habitantes en regularizaci\u00f3n de asentamientos -","og_description":"La Seduvi, en conjunto con la Semarnat, busca la seguridad de la poblaci\u00f3n as\u00ed como la preservaci\u00f3n de zonas con valor ambiental, otro factor de peso en","og_url":"https:\/\/centrourbano.com\/revista\/urbanismo\/aseguran-a-habitantes-en-regularizacion-de-asentamientos\/","og_site_name":"Centro Urbano","article_publisher":"https:\/\/www.facebook.com\/portalcentrourbano","article_published_time":"2013-11-29T17:39:45+00:00","article_modified_time":"2014-03-21T18:46:28+00:00","og_image":[{"width":650,"height":380,"url":"https:\/\/centrourbano.com\/revista\/wp-content\/uploads\/asentamientos3.jpg","type":"image\/jpeg"}],"author":"Yuriko Barrera","twitter_card":"summary_large_image","twitter_creator":"@CentroUrbano","twitter_site":"@CentroUrbano","twitter_misc":{"Escrito por":"Yuriko Barrera","Tiempo de lectura":"2 minutos"},"schema":{"@context":"https:\/\/schema.org","@graph":[{"@type":"Article","@id":"https:\/\/centrourbano.com\/revista\/urbanismo\/aseguran-a-habitantes-en-regularizacion-de-asentamientos\/#article","isPartOf":{"@id":"https:\/\/centrourbano.com\/revista\/urbanismo\/aseguran-a-habitantes-en-regularizacion-de-asentamientos\/"},"author":{"name":"Yuriko Barrera","@id":"https:\/\/centrourbano.com\/revista\/#\/schema\/person\/c5bbb779a2487874e965890c32543e7c"},"headline":"Aseguran a habitantes en regularizaci\u00f3n de asentamientos","datePublished":"2013-11-29T17:39:45+00:00","dateModified":"2014-03-21T18:46:28+00:00","mainEntityOfPage":{"@id":"https:\/\/centrourbano.com\/revista\/urbanismo\/aseguran-a-habitantes-en-regularizacion-de-asentamientos\/"},"wordCount":363,"commentCount":0,"publisher":{"@id":"https:\/\/centrourbano.com\/revista\/#organization"},"image":{"@id":"https:\/\/centrourbano.com\/revista\/urbanismo\/aseguran-a-habitantes-en-regularizacion-de-asentamientos\/#primaryimage"},"thumbnailUrl":"https:\/\/centrourbano.com\/revista\/wp-content\/uploads\/asentamientos3.jpg","keywords":["Asentamientos irregulares","Seduvi","Semarnat"],"articleSection":["Urbanismo"],"inLanguage":"es","potentialAction":[{"@type":"CommentAction","name":"Comment","target":["https:\/\/centrourbano.com\/revista\/urbanismo\/aseguran-a-habitantes-en-regularizacion-de-asentamientos\/#respond"]}]},{"@type":"WebPage","@id":"https:\/\/centrourbano.com\/revista\/urbanismo\/aseguran-a-habitantes-en-regularizacion-de-asentamientos\/","url":"https:\/\/centrourbano.com\/revista\/urbanismo\/aseguran-a-habitantes-en-regularizacion-de-asentamientos\/","name":"Aseguran a habitantes en regularizaci\u00f3n de asentamientos -","isPartOf":{"@id":"https:\/\/centrourbano.com\/revista\/#website"},"primaryImageOfPage":{"@id":"https:\/\/centrourbano.com\/revista\/urbanismo\/aseguran-a-habitantes-en-regularizacion-de-asentamientos\/#primaryimage"},"image":{"@id":"https:\/\/centrourbano.com\/revista\/urbanismo\/aseguran-a-habitantes-en-regularizacion-de-asentamientos\/#primaryimage"},"thumbnailUrl":"https:\/\/centrourbano.com\/revista\/wp-content\/uploads\/asentamientos3.jpg","datePublished":"2013-11-29T17:39:45+00:00","dateModified":"2014-03-21T18:46:28+00:00","description":"La Seduvi, en conjunto con la Semarnat, busca la seguridad de la poblaci\u00f3n as\u00ed como la preservaci\u00f3n de zonas con valor ambiental, otro factor de peso en","breadcrumb":{"@id":"https:\/\/centrourbano.com\/revista\/urbanismo\/aseguran-a-habitantes-en-regularizacion-de-asentamientos\/#breadcrumb"},"inLanguage":"es","potentialAction":[{"@type":"ReadAction","target":["https:\/\/centrourbano.com\/revista\/urbanismo\/aseguran-a-habitantes-en-regularizacion-de-asentamientos\/"]}]},{"@type":"ImageObject","inLanguage":"es","@id":"https:\/\/centrourbano.com\/revista\/urbanismo\/aseguran-a-habitantes-en-regularizacion-de-asentamientos\/#primaryimage","url":"https:\/\/centrourbano.com\/revista\/wp-content\/uploads\/asentamientos3.jpg","contentUrl":"https:\/\/centrourbano.com\/revista\/wp-content\/uploads\/asentamientos3.jpg","width":650,"height":380},{"@type":"BreadcrumbList","@id":"https:\/\/centrourbano.com\/revista\/urbanismo\/aseguran-a-habitantes-en-regularizacion-de-asentamientos\/#breadcrumb","itemListElement":[{"@type":"ListItem","position":1,"name":"Portada","item":"https:\/\/centrourbano.com\/revista\/"},{"@type":"ListItem","position":2,"name":"Aseguran a habitantes en regularizaci\u00f3n de asentamientos"}]},{"@type":"WebSite","@id":"https:\/\/centrourbano.com\/revista\/#website","url":"https:\/\/centrourbano.com\/revista\/","name":"Centro Urbano","description":"Medio especializado en los sectores vivienda, inmobiliario, construcci\u00f3n, arquitectura y urbanismo.","publisher":{"@id":"https:\/\/centrourbano.com\/revista\/#organization"},"potentialAction":[{"@type":"SearchAction","target":{"@type":"EntryPoint","urlTemplate":"https:\/\/centrourbano.com\/revista\/?s={search_term_string}"},"query-input":{"@type":"PropertyValueSpecification","valueRequired":true,"valueName":"search_term_string"}}],"inLanguage":"es"},{"@type":"Organization","@id":"https:\/\/centrourbano.com\/revista\/#organization","name":"Centro Urbano","url":"https:\/\/centrourbano.com\/revista\/","logo":{"@type":"ImageObject","inLanguage":"es","@id":"https:\/\/centrourbano.com\/revista\/#\/schema\/logo\/image\/","url":"https:\/\/centrourbano.com\/revista\/wp-content\/uploads\/web_CU_logo-1.png","contentUrl":"https:\/\/centrourbano.com\/revista\/wp-content\/uploads\/web_CU_logo-1.png","width":350,"height":91,"caption":"Centro Urbano"},"image":{"@id":"https:\/\/centrourbano.com\/revista\/#\/schema\/logo\/image\/"},"sameAs":["https:\/\/www.facebook.com\/portalcentrourbano","https:\/\/x.com\/CentroUrbano","https:\/\/www.instagram.com\/centro_urbano\/","https:\/\/www.linkedin.com\/company\/centro-urbano\/","http:\/\/www.youtube.com\/user\/portalcentrourbano"]},{"@type":"Person","@id":"https:\/\/centrourbano.com\/revista\/#\/schema\/person\/c5bbb779a2487874e965890c32543e7c","name":"Yuriko Barrera","image":{"@type":"ImageObject","inLanguage":"es","@id":"https:\/\/secure.gravatar.com\/avatar\/134d0d2b59080428f5a714c59baa8306f3f3d3a3083bd6efeff035d884a8bf97?s=96&d=mm&r=g","url":"https:\/\/secure.gravatar.com\/avatar\/134d0d2b59080428f5a714c59baa8306f3f3d3a3083bd6efeff035d884a8bf97?s=96&d=mm&r=g","contentUrl":"https:\/\/secure.gravatar.com\/avatar\/134d0d2b59080428f5a714c59baa8306f3f3d3a3083bd6efeff035d884a8bf97?s=96&d=mm&r=g","caption":"Yuriko Barrera"},"description":"Egresada de la Facultad de Ciencias Pol\u00edticas y Sociales de la UNAM. Boxeadora, tragona, cocinera y bailadora. Gusto de las m\u00e1scaras t\u00e9tricas, los cuervos, el cine de terror y la m\u00fasica. Escribo en mi blog, Me divierto con lo que hago. Reportera porque amo y twittera porque quiero.","url":"https:\/\/centrourbano.com\/revista\/author\/yuriko-barrera\/"}]}},"_links":{"self":[{"href":"https:\/\/centrourbano.com\/revista\/wp-json\/wp\/v2\/posts\/1333","targetHints":{"allow":["GET"]}}],"collection":[{"href":"https:\/\/centrourbano.com\/revista\/wp-json\/wp\/v2\/posts"}],"about":[{"href":"https:\/\/centrourbano.com\/revista\/wp-json\/wp\/v2\/types\/post"}],"author":[{"embeddable":true,"href":"https:\/\/centrourbano.com\/revista\/wp-json\/wp\/v2\/users\/7"}],"replies":[{"embeddable":true,"href":"https:\/\/centrourbano.com\/revista\/wp-json\/wp\/v2\/comments?post=1333"}],"version-history":[{"count":0,"href":"https:\/\/centrourbano.com\/revista\/wp-json\/wp\/v2\/posts\/1333\/revisions"}],"wp:featuredmedia":[{"embeddable":true,"href":"https:\/\/centrourbano.com\/revista\/wp-json\/wp\/v2\/media\/16652"}],"wp:attachment":[{"href":"https:\/\/centrourbano.com\/revista\/wp-json\/wp\/v2\/media?parent=1333"}],"wp:term":[{"taxonomy":"category","embeddable":true,"href":"https:\/\/centrourbano.com\/revista\/wp-json\/wp\/v2\/categories?post=1333"},{"taxonomy":"post_tag","embeddable":true,"href":"https:\/\/centrourbano.com\/revista\/wp-json\/wp\/v2\/tags?post=1333"}],"curies":[{"name":"wp","href":"https:\/\/api.w.org\/{rel}","templated":true}]}}