{"id":13322,"date":"2014-12-08T15:03:19","date_gmt":"2014-12-08T21:03:19","guid":{"rendered":"http:\/\/centrourbano.com\/?p=13322"},"modified":"2014-12-08T15:03:19","modified_gmt":"2014-12-08T21:03:19","slug":"preven-anadir-45-kilometros-mas-a-la-red-del-stc-metro","status":"publish","type":"post","link":"https:\/\/centrourbano.com\/revista\/construccion\/preven-anadir-45-kilometros-mas-a-la-red-del-stc-metro\/","title":{"rendered":"Prev\u00e9n a\u00f1adir 45 kil\u00f3metros m\u00e1s a la red del STC Metro"},"content":{"rendered":"<p><em>La ampliaci\u00f3n y puesta en operaci\u00f3n se realizar\u00e1 con cuidado y calma para mejorar la movilidad en diversos espacios de la Zona Metropolitana<\/em><br \/>\n<!--more--><\/p>\n<p>El Jefe de Gobierno de la Ciudad de M\u00e9xico, Miguel \u00c1ngel Mancera Espinosa anunci\u00f3 la probabilidad de que antes que concluya el sexenio podr\u00edan ser inaugurados 45 kil\u00f3metros m\u00e1s de la red del Sistema de Transporte Colectivo Metro, alcanzando con ello a diversas \u00e1reas de la zona metropolitana.<\/p>\n<p>As\u00ed lo indic\u00f3 al refrendar su compromiso con la ciudadan\u00eda de avanzar hacia la modernizaci\u00f3n de la infraestructura del STC que atiende a m\u00e1s de 5 millones de pasajeros por d\u00eda.<\/p>\n<p>En ese sentido, enfatiz\u00f3 que la ampliaci\u00f3n y puesta en operaci\u00f3n de 45 kil\u00f3metros m\u00e1s de ruta que se tiene previsto efectuar, se realizar\u00e1 con cuidado y calma para mejorar la movilidad en diversos espacios de la Zona Metropolitana, ya que los cambios no pueden darse de manera inmediata, pero ser\u00e1n tangibles y se realizar\u00e1n de manera responsable para brindar seguridad, eficacia y eficiencia.<\/p>\n<p>Lo anterior, debido que se trata de un sistema de transporte cuyo trazo de m\u00e1s de 225 kil\u00f3metros en circulaci\u00f3n, ejecuta 9.1 millones de viajes al d\u00eda, y brinda acceso gratuito a 500 mil personas con discapacidad; menores de cinco a\u00f1os, personal uniformado y estudiantes con apoyos del Instituto de la Juventud local.<\/p>\n<p>En el Antiguo Palacio del Ayuntamiento, el mandatario\u00a0\u00a0dio la bienvenida a los representantes de\u00a0Barcelona, Buenos Aires, Madrid, M\u00e1laga, Medell\u00edn, Panam\u00e1, Quito, R\u00edo de Janeiro, Santiago, Valencia, Valpara\u00edso\u00a0y de las ciudades de Guadalajara y Monterrey quienes participan en la XXVIII Asamblea General de la Asociaci\u00f3n Latinoamericana de Metros Subterr\u00e1neos (ALAMYS), se discutieron y analizaron acciones que permitan optimizar el servicio que presentan en sus respectivas ciudades.<\/p>\n<p>Ah\u00ed, indic\u00f3 que con los recursos de la tarifa del Metro, equivalente a 35 centavos de d\u00f3lar, se atienden los pagos de servicios como: La rehabilitaci\u00f3n de 105 trenes que permanec\u00edan hacinados desde hace varios a\u00f1os y de los cuales ya fueron puestos en operaci\u00f3n 85; fueron adquiridos 45 m\u00e1s; son rehabilitadas 150 escaleras el\u00e9ctricas; est\u00e1n siendo puestos en funcionamiento 19 elevadores para personas con discapacidad, m\u00e1s la aplicaci\u00f3n de tarjetas inteligentes, entre otros.<\/p>\n<p>Por su parte, el titular del STC, Joel Ortega Cuevas, detall\u00f3 que las escaleras el\u00e9ctricas que operan en las l\u00edneas 1, 2 y 3 son las originales, de ah\u00ed que el Gobierno de la CDMX las someta a un proceso de rehabilitaci\u00f3n.<\/p>\n","protected":false},"excerpt":{"rendered":"<p>La ampliaci\u00f3n y puesta en operaci\u00f3n se realizar\u00e1 con cuidado y calma para mejorar la movilidad en diversos espacios de la Zona Metropolitana<\/p>\n","protected":false},"author":9,"featured_media":0,"comment_status":"open","ping_status":"closed","sticky":false,"template":"","format":"standard","meta":{"om_disable_all_campaigns":false,"inline_featured_image":false,"_monsterinsights_skip_tracking":false,"_monsterinsights_sitenote_active":false,"_monsterinsights_sitenote_note":"","_monsterinsights_sitenote_category":0,"footnotes":""},"categories":[14],"tags":[32,605,1129,721],"class_list":["post-13322","post","type-post","status-publish","format-standard","hentry","category-construccion","tag-metro","tag-miguel-angel-mancera-espinosa","tag-sistema-de-transporte-colectivo-stc-metro","tag-stc-metro"],"yoast_head":"<!-- This site is optimized with the Yoast SEO plugin v27.4 - https:\/\/yoast.com\/product\/yoast-seo-wordpress\/ -->\n<title>Prev\u00e9n a\u00f1adir 45 kil\u00f3metros m\u00e1s a la red del STC Metro -<\/title>\n<meta name=\"description\" content=\"La ampliaci\u00f3n y puesta en operaci\u00f3n se realizar\u00e1 con cuidado y calma para mejorar la movilidad en diversos espacios de la Zona Metropolitana El Jefe de\" \/>\n<meta name=\"robots\" content=\"index, follow, max-snippet:-1, max-image-preview:large, max-video-preview:-1\" \/>\n<link rel=\"canonical\" href=\"https:\/\/centrourbano.com\/revista\/construccion\/preven-anadir-45-kilometros-mas-a-la-red-del-stc-metro\/\" \/>\n<meta property=\"og:locale\" content=\"es_ES\" \/>\n<meta property=\"og:type\" content=\"article\" \/>\n<meta property=\"og:title\" content=\"Prev\u00e9n a\u00f1adir 45 kil\u00f3metros m\u00e1s a la red del STC Metro -\" \/>\n<meta property=\"og:description\" content=\"La ampliaci\u00f3n y puesta en operaci\u00f3n se realizar\u00e1 con cuidado y calma para mejorar la movilidad en diversos espacios de la Zona Metropolitana El Jefe de\" \/>\n<meta property=\"og:url\" content=\"https:\/\/centrourbano.com\/revista\/construccion\/preven-anadir-45-kilometros-mas-a-la-red-del-stc-metro\/\" \/>\n<meta property=\"og:site_name\" content=\"Centro Urbano\" \/>\n<meta property=\"article:publisher\" content=\"https:\/\/www.facebook.com\/portalcentrourbano\" \/>\n<meta property=\"article:published_time\" content=\"2014-12-08T21:03:19+00:00\" \/>\n<meta property=\"og:image\" content=\"https:\/\/centrourbano.com\/revista\/wp-content\/uploads\/CU-logo.png\" \/>\n\t<meta property=\"og:image:width\" content=\"350\" \/>\n\t<meta property=\"og:image:height\" content=\"91\" \/>\n\t<meta property=\"og:image:type\" content=\"image\/png\" \/>\n<meta name=\"author\" content=\"Dinorah Nava\" \/>\n<meta name=\"twitter:card\" content=\"summary_large_image\" \/>\n<meta name=\"twitter:creator\" content=\"@https:\/\/twitter.com\/Dinorah_Nava28\" \/>\n<meta name=\"twitter:site\" content=\"@CentroUrbano\" \/>\n<meta name=\"twitter:label1\" content=\"Escrito por\" \/>\n\t<meta name=\"twitter:data1\" content=\"Dinorah Nava\" \/>\n\t<meta name=\"twitter:label2\" content=\"Tiempo de lectura\" \/>\n\t<meta name=\"twitter:data2\" content=\"2 minutos\" \/>\n<script type=\"application\/ld+json\" class=\"yoast-schema-graph\">{\"@context\":\"https:\\\/\\\/schema.org\",\"@graph\":[{\"@type\":\"Article\",\"@id\":\"https:\\\/\\\/centrourbano.com\\\/revista\\\/construccion\\\/preven-anadir-45-kilometros-mas-a-la-red-del-stc-metro\\\/#article\",\"isPartOf\":{\"@id\":\"https:\\\/\\\/centrourbano.com\\\/revista\\\/construccion\\\/preven-anadir-45-kilometros-mas-a-la-red-del-stc-metro\\\/\"},\"author\":{\"name\":\"Dinorah Nava\",\"@id\":\"https:\\\/\\\/centrourbano.com\\\/revista\\\/#\\\/schema\\\/person\\\/b45db815d96831257ba428a3d5a5fbdc\"},\"headline\":\"Prev\u00e9n a\u00f1adir 45 kil\u00f3metros m\u00e1s a la red del STC Metro\",\"datePublished\":\"2014-12-08T21:03:19+00:00\",\"mainEntityOfPage\":{\"@id\":\"https:\\\/\\\/centrourbano.com\\\/revista\\\/construccion\\\/preven-anadir-45-kilometros-mas-a-la-red-del-stc-metro\\\/\"},\"wordCount\":442,\"commentCount\":0,\"publisher\":{\"@id\":\"https:\\\/\\\/centrourbano.com\\\/revista\\\/#organization\"},\"keywords\":[\"metro\",\"Miguel \u00c1ngel Mancera Espinosa\",\"Sistema de Transporte Colectivo (STC) Metro\",\"STC Metro\"],\"articleSection\":[\"Construcci\u00f3n\"],\"inLanguage\":\"es\",\"potentialAction\":[{\"@type\":\"CommentAction\",\"name\":\"Comment\",\"target\":[\"https:\\\/\\\/centrourbano.com\\\/revista\\\/construccion\\\/preven-anadir-45-kilometros-mas-a-la-red-del-stc-metro\\\/#respond\"]}]},{\"@type\":\"WebPage\",\"@id\":\"https:\\\/\\\/centrourbano.com\\\/revista\\\/construccion\\\/preven-anadir-45-kilometros-mas-a-la-red-del-stc-metro\\\/\",\"url\":\"https:\\\/\\\/centrourbano.com\\\/revista\\\/construccion\\\/preven-anadir-45-kilometros-mas-a-la-red-del-stc-metro\\\/\",\"name\":\"Prev\u00e9n a\u00f1adir 45 kil\u00f3metros m\u00e1s a la red del STC Metro -\",\"isPartOf\":{\"@id\":\"https:\\\/\\\/centrourbano.com\\\/revista\\\/#website\"},\"datePublished\":\"2014-12-08T21:03:19+00:00\",\"description\":\"La ampliaci\u00f3n y puesta en operaci\u00f3n se realizar\u00e1 con cuidado y calma para mejorar la movilidad en diversos espacios de la Zona Metropolitana El Jefe de\",\"breadcrumb\":{\"@id\":\"https:\\\/\\\/centrourbano.com\\\/revista\\\/construccion\\\/preven-anadir-45-kilometros-mas-a-la-red-del-stc-metro\\\/#breadcrumb\"},\"inLanguage\":\"es\",\"potentialAction\":[{\"@type\":\"ReadAction\",\"target\":[\"https:\\\/\\\/centrourbano.com\\\/revista\\\/construccion\\\/preven-anadir-45-kilometros-mas-a-la-red-del-stc-metro\\\/\"]}]},{\"@type\":\"BreadcrumbList\",\"@id\":\"https:\\\/\\\/centrourbano.com\\\/revista\\\/construccion\\\/preven-anadir-45-kilometros-mas-a-la-red-del-stc-metro\\\/#breadcrumb\",\"itemListElement\":[{\"@type\":\"ListItem\",\"position\":1,\"name\":\"Portada\",\"item\":\"https:\\\/\\\/centrourbano.com\\\/revista\\\/\"},{\"@type\":\"ListItem\",\"position\":2,\"name\":\"Prev\u00e9n a\u00f1adir 45 kil\u00f3metros m\u00e1s a la red del STC Metro\"}]},{\"@type\":\"WebSite\",\"@id\":\"https:\\\/\\\/centrourbano.com\\\/revista\\\/#website\",\"url\":\"https:\\\/\\\/centrourbano.com\\\/revista\\\/\",\"name\":\"Centro Urbano\",\"description\":\"Medio especializado en los sectores vivienda, inmobiliario, construcci\u00f3n, arquitectura y urbanismo.\",\"publisher\":{\"@id\":\"https:\\\/\\\/centrourbano.com\\\/revista\\\/#organization\"},\"potentialAction\":[{\"@type\":\"SearchAction\",\"target\":{\"@type\":\"EntryPoint\",\"urlTemplate\":\"https:\\\/\\\/centrourbano.com\\\/revista\\\/?s={search_term_string}\"},\"query-input\":{\"@type\":\"PropertyValueSpecification\",\"valueRequired\":true,\"valueName\":\"search_term_string\"}}],\"inLanguage\":\"es\"},{\"@type\":\"Organization\",\"@id\":\"https:\\\/\\\/centrourbano.com\\\/revista\\\/#organization\",\"name\":\"Centro Urbano\",\"url\":\"https:\\\/\\\/centrourbano.com\\\/revista\\\/\",\"logo\":{\"@type\":\"ImageObject\",\"inLanguage\":\"es\",\"@id\":\"https:\\\/\\\/centrourbano.com\\\/revista\\\/#\\\/schema\\\/logo\\\/image\\\/\",\"url\":\"https:\\\/\\\/centrourbano.com\\\/revista\\\/wp-content\\\/uploads\\\/web_CU_logo-1.png\",\"contentUrl\":\"https:\\\/\\\/centrourbano.com\\\/revista\\\/wp-content\\\/uploads\\\/web_CU_logo-1.png\",\"width\":350,\"height\":91,\"caption\":\"Centro Urbano\"},\"image\":{\"@id\":\"https:\\\/\\\/centrourbano.com\\\/revista\\\/#\\\/schema\\\/logo\\\/image\\\/\"},\"sameAs\":[\"https:\\\/\\\/www.facebook.com\\\/portalcentrourbano\",\"https:\\\/\\\/x.com\\\/CentroUrbano\",\"https:\\\/\\\/www.instagram.com\\\/centro_urbano\\\/\",\"https:\\\/\\\/www.linkedin.com\\\/company\\\/centro-urbano\\\/\",\"http:\\\/\\\/www.youtube.com\\\/user\\\/portalcentrourbano\"]},{\"@type\":\"Person\",\"@id\":\"https:\\\/\\\/centrourbano.com\\\/revista\\\/#\\\/schema\\\/person\\\/b45db815d96831257ba428a3d5a5fbdc\",\"name\":\"Dinorah Nava\",\"image\":{\"@type\":\"ImageObject\",\"inLanguage\":\"es\",\"@id\":\"https:\\\/\\\/secure.gravatar.com\\\/avatar\\\/f6ca6430c51d147f363940f84e1225aa4b8183885c11802cc3b042305a4ecc1a?s=96&d=mm&r=g\",\"url\":\"https:\\\/\\\/secure.gravatar.com\\\/avatar\\\/f6ca6430c51d147f363940f84e1225aa4b8183885c11802cc3b042305a4ecc1a?s=96&d=mm&r=g\",\"contentUrl\":\"https:\\\/\\\/secure.gravatar.com\\\/avatar\\\/f6ca6430c51d147f363940f84e1225aa4b8183885c11802cc3b042305a4ecc1a?s=96&d=mm&r=g\",\"caption\":\"Dinorah Nava\"},\"description\":\"Editora de Contenidos y Estrategias Digitales en Centro Urbano y Coeditora en Peri\u00f3dico Mi Casa. Egresada de la licenciatura en Comunicaci\u00f3n y Periodismo de la Facultad de Estudios Superiores Arag\u00f3n (UNAM). Amante de la edici\u00f3n y correcci\u00f3n de estilo, las redes sociales y el mundo digital. Especialista en temas son arquitectura, inmobiliario y urbanismo.\",\"sameAs\":[\"linkedin.com\\\/in\\\/dinorah-nava\",\"https:\\\/\\\/x.com\\\/https:\\\/\\\/twitter.com\\\/Dinorah_Nava28\"],\"url\":\"https:\\\/\\\/centrourbano.com\\\/revista\\\/author\\\/dinorah-nava\\\/\"}]}<\/script>\n<!-- \/ Yoast SEO plugin. -->","yoast_head_json":{"title":"Prev\u00e9n a\u00f1adir 45 kil\u00f3metros m\u00e1s a la red del STC Metro -","description":"La ampliaci\u00f3n y puesta en operaci\u00f3n se realizar\u00e1 con cuidado y calma para mejorar la movilidad en diversos espacios de la Zona Metropolitana El Jefe de","robots":{"index":"index","follow":"follow","max-snippet":"max-snippet:-1","max-image-preview":"max-image-preview:large","max-video-preview":"max-video-preview:-1"},"canonical":"https:\/\/centrourbano.com\/revista\/construccion\/preven-anadir-45-kilometros-mas-a-la-red-del-stc-metro\/","og_locale":"es_ES","og_type":"article","og_title":"Prev\u00e9n a\u00f1adir 45 kil\u00f3metros m\u00e1s a la red del STC Metro -","og_description":"La ampliaci\u00f3n y puesta en operaci\u00f3n se realizar\u00e1 con cuidado y calma para mejorar la movilidad en diversos espacios de la Zona Metropolitana El Jefe de","og_url":"https:\/\/centrourbano.com\/revista\/construccion\/preven-anadir-45-kilometros-mas-a-la-red-del-stc-metro\/","og_site_name":"Centro Urbano","article_publisher":"https:\/\/www.facebook.com\/portalcentrourbano","article_published_time":"2014-12-08T21:03:19+00:00","og_image":[{"width":350,"height":91,"url":"https:\/\/centrourbano.com\/revista\/wp-content\/uploads\/CU-logo.png","type":"image\/png"}],"author":"Dinorah Nava","twitter_card":"summary_large_image","twitter_creator":"@https:\/\/twitter.com\/Dinorah_Nava28","twitter_site":"@CentroUrbano","twitter_misc":{"Escrito por":"Dinorah Nava","Tiempo de lectura":"2 minutos"},"schema":{"@context":"https:\/\/schema.org","@graph":[{"@type":"Article","@id":"https:\/\/centrourbano.com\/revista\/construccion\/preven-anadir-45-kilometros-mas-a-la-red-del-stc-metro\/#article","isPartOf":{"@id":"https:\/\/centrourbano.com\/revista\/construccion\/preven-anadir-45-kilometros-mas-a-la-red-del-stc-metro\/"},"author":{"name":"Dinorah Nava","@id":"https:\/\/centrourbano.com\/revista\/#\/schema\/person\/b45db815d96831257ba428a3d5a5fbdc"},"headline":"Prev\u00e9n a\u00f1adir 45 kil\u00f3metros m\u00e1s a la red del STC Metro","datePublished":"2014-12-08T21:03:19+00:00","mainEntityOfPage":{"@id":"https:\/\/centrourbano.com\/revista\/construccion\/preven-anadir-45-kilometros-mas-a-la-red-del-stc-metro\/"},"wordCount":442,"commentCount":0,"publisher":{"@id":"https:\/\/centrourbano.com\/revista\/#organization"},"keywords":["metro","Miguel \u00c1ngel Mancera Espinosa","Sistema de Transporte Colectivo (STC) Metro","STC Metro"],"articleSection":["Construcci\u00f3n"],"inLanguage":"es","potentialAction":[{"@type":"CommentAction","name":"Comment","target":["https:\/\/centrourbano.com\/revista\/construccion\/preven-anadir-45-kilometros-mas-a-la-red-del-stc-metro\/#respond"]}]},{"@type":"WebPage","@id":"https:\/\/centrourbano.com\/revista\/construccion\/preven-anadir-45-kilometros-mas-a-la-red-del-stc-metro\/","url":"https:\/\/centrourbano.com\/revista\/construccion\/preven-anadir-45-kilometros-mas-a-la-red-del-stc-metro\/","name":"Prev\u00e9n a\u00f1adir 45 kil\u00f3metros m\u00e1s a la red del STC Metro -","isPartOf":{"@id":"https:\/\/centrourbano.com\/revista\/#website"},"datePublished":"2014-12-08T21:03:19+00:00","description":"La ampliaci\u00f3n y puesta en operaci\u00f3n se realizar\u00e1 con cuidado y calma para mejorar la movilidad en diversos espacios de la Zona Metropolitana El Jefe de","breadcrumb":{"@id":"https:\/\/centrourbano.com\/revista\/construccion\/preven-anadir-45-kilometros-mas-a-la-red-del-stc-metro\/#breadcrumb"},"inLanguage":"es","potentialAction":[{"@type":"ReadAction","target":["https:\/\/centrourbano.com\/revista\/construccion\/preven-anadir-45-kilometros-mas-a-la-red-del-stc-metro\/"]}]},{"@type":"BreadcrumbList","@id":"https:\/\/centrourbano.com\/revista\/construccion\/preven-anadir-45-kilometros-mas-a-la-red-del-stc-metro\/#breadcrumb","itemListElement":[{"@type":"ListItem","position":1,"name":"Portada","item":"https:\/\/centrourbano.com\/revista\/"},{"@type":"ListItem","position":2,"name":"Prev\u00e9n a\u00f1adir 45 kil\u00f3metros m\u00e1s a la red del STC Metro"}]},{"@type":"WebSite","@id":"https:\/\/centrourbano.com\/revista\/#website","url":"https:\/\/centrourbano.com\/revista\/","name":"Centro Urbano","description":"Medio especializado en los sectores vivienda, inmobiliario, construcci\u00f3n, arquitectura y urbanismo.","publisher":{"@id":"https:\/\/centrourbano.com\/revista\/#organization"},"potentialAction":[{"@type":"SearchAction","target":{"@type":"EntryPoint","urlTemplate":"https:\/\/centrourbano.com\/revista\/?s={search_term_string}"},"query-input":{"@type":"PropertyValueSpecification","valueRequired":true,"valueName":"search_term_string"}}],"inLanguage":"es"},{"@type":"Organization","@id":"https:\/\/centrourbano.com\/revista\/#organization","name":"Centro Urbano","url":"https:\/\/centrourbano.com\/revista\/","logo":{"@type":"ImageObject","inLanguage":"es","@id":"https:\/\/centrourbano.com\/revista\/#\/schema\/logo\/image\/","url":"https:\/\/centrourbano.com\/revista\/wp-content\/uploads\/web_CU_logo-1.png","contentUrl":"https:\/\/centrourbano.com\/revista\/wp-content\/uploads\/web_CU_logo-1.png","width":350,"height":91,"caption":"Centro Urbano"},"image":{"@id":"https:\/\/centrourbano.com\/revista\/#\/schema\/logo\/image\/"},"sameAs":["https:\/\/www.facebook.com\/portalcentrourbano","https:\/\/x.com\/CentroUrbano","https:\/\/www.instagram.com\/centro_urbano\/","https:\/\/www.linkedin.com\/company\/centro-urbano\/","http:\/\/www.youtube.com\/user\/portalcentrourbano"]},{"@type":"Person","@id":"https:\/\/centrourbano.com\/revista\/#\/schema\/person\/b45db815d96831257ba428a3d5a5fbdc","name":"Dinorah Nava","image":{"@type":"ImageObject","inLanguage":"es","@id":"https:\/\/secure.gravatar.com\/avatar\/f6ca6430c51d147f363940f84e1225aa4b8183885c11802cc3b042305a4ecc1a?s=96&d=mm&r=g","url":"https:\/\/secure.gravatar.com\/avatar\/f6ca6430c51d147f363940f84e1225aa4b8183885c11802cc3b042305a4ecc1a?s=96&d=mm&r=g","contentUrl":"https:\/\/secure.gravatar.com\/avatar\/f6ca6430c51d147f363940f84e1225aa4b8183885c11802cc3b042305a4ecc1a?s=96&d=mm&r=g","caption":"Dinorah Nava"},"description":"Editora de Contenidos y Estrategias Digitales en Centro Urbano y Coeditora en Peri\u00f3dico Mi Casa. Egresada de la licenciatura en Comunicaci\u00f3n y Periodismo de la Facultad de Estudios Superiores Arag\u00f3n (UNAM). Amante de la edici\u00f3n y correcci\u00f3n de estilo, las redes sociales y el mundo digital. Especialista en temas son arquitectura, inmobiliario y urbanismo.","sameAs":["linkedin.com\/in\/dinorah-nava","https:\/\/x.com\/https:\/\/twitter.com\/Dinorah_Nava28"],"url":"https:\/\/centrourbano.com\/revista\/author\/dinorah-nava\/"}]}},"_links":{"self":[{"href":"https:\/\/centrourbano.com\/revista\/wp-json\/wp\/v2\/posts\/13322","targetHints":{"allow":["GET"]}}],"collection":[{"href":"https:\/\/centrourbano.com\/revista\/wp-json\/wp\/v2\/posts"}],"about":[{"href":"https:\/\/centrourbano.com\/revista\/wp-json\/wp\/v2\/types\/post"}],"author":[{"embeddable":true,"href":"https:\/\/centrourbano.com\/revista\/wp-json\/wp\/v2\/users\/9"}],"replies":[{"embeddable":true,"href":"https:\/\/centrourbano.com\/revista\/wp-json\/wp\/v2\/comments?post=13322"}],"version-history":[{"count":0,"href":"https:\/\/centrourbano.com\/revista\/wp-json\/wp\/v2\/posts\/13322\/revisions"}],"wp:attachment":[{"href":"https:\/\/centrourbano.com\/revista\/wp-json\/wp\/v2\/media?parent=13322"}],"wp:term":[{"taxonomy":"category","embeddable":true,"href":"https:\/\/centrourbano.com\/revista\/wp-json\/wp\/v2\/categories?post=13322"},{"taxonomy":"post_tag","embeddable":true,"href":"https:\/\/centrourbano.com\/revista\/wp-json\/wp\/v2\/tags?post=13322"}],"curies":[{"name":"wp","href":"https:\/\/api.w.org\/{rel}","templated":true}]}}