{"id":133207,"date":"2022-08-26T08:30:03","date_gmt":"2022-08-26T13:30:03","guid":{"rendered":"https:\/\/centrourbano.com\/?p=133207"},"modified":"2022-08-25T18:14:57","modified_gmt":"2022-08-25T23:14:57","slug":"ruv-canadevi-ventanilla-unica","status":"publish","type":"post","link":"https:\/\/centrourbano.com\/revista\/vivienda\/ruv-canadevi-ventanilla-unica\/","title":{"rendered":"RUV y Canadevi impulsan Ventanilla \u00danica para agilizaci\u00f3n de tr\u00e1mites"},"content":{"rendered":"<p><em>El presidente nacional de la Canadevi destac\u00f3 que la Ventanilla \u00danica del RUV ayudar\u00e1 a agilizar los procesos de los desarrolladores de vivienda<\/em><!--more--><\/p>\n<p>En el marco de la 5a. sesi\u00f3n de <strong>Consejo Directivo de la C\u00e1mara Nacional de la Industria de Desarrollo y Promoci\u00f3n de Vivienda<\/strong> (Canadevi), <strong>Gerardo Cornejo Ni\u00f1o<\/strong>, <strong>director general del Registro \u00danico de Vivienda<\/strong> (<strong>RUV<\/strong>), y <strong>Luis Alberto Moreno G\u00f3mez Monroy, presidente nacional de la Canadevi<\/strong>, invitaron a los desarrolladores a utilizar la <strong>Ventanilla \u00danica<\/strong> para la agilizaci\u00f3n de tr\u00e1mites.<\/p>\n<p>El titular del <strong>RUV<\/strong> destac\u00f3 que la <strong>Ventanilla \u00danica<\/strong> es una plataforma digital que tiene el objetivo de eficientar el proceso y gesti\u00f3n de tr\u00e1mites para la autorizaci\u00f3n de proyectos de vivienda por parte de las autoridades municipales.<\/p>\n<p>\u201cEsta es una herramienta muy poderosa que agilizar\u00e1 nuestros procesos; lo que permitir\u00e1 mejorar y optimizar los tiempos en toda la tramitolog\u00eda a nivel municipal y estatal\u201d, agreg\u00f3 el <strong>presidente de la Canadevi<\/strong>.<\/p>\n<h2><strong>Beneficios de la Ventanilla \u00danica<\/strong><\/h2>\n<p><strong>Cornejo Ni\u00f1o<\/strong> mencion\u00f3 que la <strong>Ventanilla \u00danica<\/strong> tiene beneficios como:<\/p>\n<ul>\n<li>Simplificaci\u00f3n en el proceso de registro de proyectos de vivienda y documentaci\u00f3n para la gesti\u00f3n con los ayuntamientos.<\/li>\n<li>Cubre las necesidades particulares de cada municipio, de acuerdo con las caracter\u00edsticas de sus tr\u00e1mites.<\/li>\n<li>La posibilidad de llevar a cabo tr\u00e1mites de forma paralela y\/o secuenciales, incluso, por diferentes dependencias.<\/li>\n<li>Almacenamiento de la informaci\u00f3n de forma digital y disponibilidad inmediata.<\/li>\n<\/ul>\n<p>Adem\u00e1s, tiene ventajas tanto para los <strong>ayuntamientos<\/strong>, como para los <strong>usuarios externos<\/strong>. Por ejemplo, para los <strong>ayuntamientos<\/strong> son: la interacci\u00f3n de los actores del proceso de gesti\u00f3n en una sola herramienta; su implementaci\u00f3n no genera costos para los ayuntamientos; el almacenamiento de informaci\u00f3n en forma digital en la nube y la generaci\u00f3n de estad\u00edsticas que permiten la mejora continua en su gesti\u00f3n.<\/p>\n<p>Por otro lado, para los <strong>usuarios externos<\/strong>, las ventajas son que los documentos pueden ser cargados de forma digital una sola vez para todos los tr\u00e1mites; monitoreo y seguimiento de los tr\u00e1mites sin acudir a oficinas de gesti\u00f3n de diversas dependencias o ayuntamientos; env\u00edo y regreso de informaci\u00f3n de forma inmediata con alertas entre el solicitante y la persona que atiende el tr\u00e1mite.<\/p>\n<a href=\"https:\/\/centrourbano.com\/revista\/wp-content\/uploads\/5a-sesioin-de-Consejo-Directivo-CANADEVI-2.jpeg\" target=\"_blank\" rel=\"noopener\"><img loading=\"lazy\" decoding=\"async\" class=\"aligncenter wp-image-133209 \" src=\"https:\/\/centrourbano.com\/revista\/wp-content\/uploads\/5a-sesioin-de-Consejo-Directivo-CANADEVI-2.jpeg\" alt=\"\" width=\"717\" height=\"400\" srcset=\"https:\/\/centrourbano.com\/revista\/wp-content\/uploads\/5a-sesioin-de-Consejo-Directivo-CANADEVI-2.jpeg 1600w, https:\/\/centrourbano.com\/revista\/wp-content\/uploads\/5a-sesioin-de-Consejo-Directivo-CANADEVI-2-300x167.jpeg 300w, https:\/\/centrourbano.com\/revista\/wp-content\/uploads\/5a-sesioin-de-Consejo-Directivo-CANADEVI-2-1000x558.jpeg 1000w, https:\/\/centrourbano.com\/revista\/wp-content\/uploads\/5a-sesioin-de-Consejo-Directivo-CANADEVI-2-768x428.jpeg 768w, https:\/\/centrourbano.com\/revista\/wp-content\/uploads\/5a-sesioin-de-Consejo-Directivo-CANADEVI-2-1536x856.jpeg 1536w\" sizes=\"auto, (max-width: 717px) 100vw, 717px\" \/><\/a>\n","protected":false},"excerpt":{"rendered":"<p>El presidente nacional de la Canadevi destac\u00f3 que la Ventanilla \u00danica del RUV ayudar\u00e1 a agilizar los procesos de los desarrolladores de vivienda<\/p>\n","protected":false},"author":73,"featured_media":133208,"comment_status":"open","ping_status":"closed","sticky":false,"template":"","format":"standard","meta":{"om_disable_all_campaigns":false,"inline_featured_image":false,"_monsterinsights_skip_tracking":false,"_monsterinsights_sitenote_active":false,"_monsterinsights_sitenote_note":"","_monsterinsights_sitenote_category":0,"footnotes":""},"categories":[12],"tags":[22015,99,190,104,974,60],"class_list":["post-133207","post","type-post","status-publish","format-standard","has-post-thumbnail","hentry","category-vivienda","tag-agilizacion-de-tramites","tag-canadevi","tag-desarrolladores","tag-ruv","tag-ventanilla-unica","tag-vivienda-2"],"yoast_head":"<!-- This site is optimized with the Yoast SEO plugin v27.5 - https:\/\/yoast.com\/product\/yoast-seo-wordpress\/ -->\n<title>RUV y Canadevi impulsan Ventanilla \u00danica para agilizaci\u00f3n de tr\u00e1mites<\/title>\n<meta name=\"description\" content=\"El presidente nacional de la Canadevi destac\u00f3 que la Ventanilla \u00danica ayudar\u00e1 a agilizar los procesos de los desarrolladores de vivienda\" \/>\n<meta name=\"robots\" content=\"index, follow, max-snippet:-1, max-image-preview:large, max-video-preview:-1\" \/>\n<link rel=\"canonical\" href=\"https:\/\/centrourbano.com\/revista\/vivienda\/ruv-canadevi-ventanilla-unica\/\" \/>\n<meta property=\"og:locale\" content=\"es_ES\" \/>\n<meta property=\"og:type\" content=\"article\" \/>\n<meta property=\"og:title\" content=\"RUV y Canadevi impulsan Ventanilla \u00danica para agilizaci\u00f3n de tr\u00e1mites\" \/>\n<meta property=\"og:description\" content=\"El presidente nacional de la Canadevi destac\u00f3 que la Ventanilla \u00danica ayudar\u00e1 a agilizar los procesos de los desarrolladores de vivienda\" \/>\n<meta property=\"og:url\" content=\"https:\/\/centrourbano.com\/revista\/vivienda\/ruv-canadevi-ventanilla-unica\/\" \/>\n<meta property=\"og:site_name\" content=\"Centro Urbano\" \/>\n<meta property=\"article:publisher\" content=\"https:\/\/www.facebook.com\/portalcentrourbano\" \/>\n<meta property=\"article:published_time\" content=\"2022-08-26T13:30:03+00:00\" \/>\n<meta property=\"og:image\" content=\"https:\/\/centrourbano.com\/revista\/wp-content\/uploads\/RUV-y-Canadevi-impulsan-Ventanilla-Unica-para-agilizacion-de-tramites.jpg\" \/>\n\t<meta property=\"og:image:width\" content=\"500\" \/>\n\t<meta property=\"og:image:height\" content=\"450\" \/>\n\t<meta property=\"og:image:type\" content=\"image\/jpeg\" \/>\n<meta name=\"author\" content=\"Fernanda Hern\u00e1ndez\" \/>\n<meta name=\"twitter:card\" content=\"summary_large_image\" \/>\n<meta name=\"twitter:creator\" content=\"@https:\/\/twitter.com\/Nannz_Hernandez\" \/>\n<meta name=\"twitter:site\" content=\"@CentroUrbano\" \/>\n<meta name=\"twitter:label1\" content=\"Escrito por\" \/>\n\t<meta name=\"twitter:data1\" content=\"Fernanda Hern\u00e1ndez\" \/>\n\t<meta name=\"twitter:label2\" content=\"Tiempo de lectura\" \/>\n\t<meta name=\"twitter:data2\" content=\"2 minutos\" \/>\n<script type=\"application\/ld+json\" class=\"yoast-schema-graph\">{\"@context\":\"https:\\\/\\\/schema.org\",\"@graph\":[{\"@type\":\"Article\",\"@id\":\"https:\\\/\\\/centrourbano.com\\\/revista\\\/vivienda\\\/ruv-canadevi-ventanilla-unica\\\/#article\",\"isPartOf\":{\"@id\":\"https:\\\/\\\/centrourbano.com\\\/revista\\\/vivienda\\\/ruv-canadevi-ventanilla-unica\\\/\"},\"author\":{\"name\":\"Fernanda Hern\u00e1ndez\",\"@id\":\"https:\\\/\\\/centrourbano.com\\\/revista\\\/#\\\/schema\\\/person\\\/b190b20bbbceb41ec72278c546fa8df3\"},\"headline\":\"RUV y Canadevi impulsan Ventanilla \u00danica para agilizaci\u00f3n de tr\u00e1mites\",\"datePublished\":\"2022-08-26T13:30:03+00:00\",\"mainEntityOfPage\":{\"@id\":\"https:\\\/\\\/centrourbano.com\\\/revista\\\/vivienda\\\/ruv-canadevi-ventanilla-unica\\\/\"},\"wordCount\":399,\"commentCount\":0,\"publisher\":{\"@id\":\"https:\\\/\\\/centrourbano.com\\\/revista\\\/#organization\"},\"image\":{\"@id\":\"https:\\\/\\\/centrourbano.com\\\/revista\\\/vivienda\\\/ruv-canadevi-ventanilla-unica\\\/#primaryimage\"},\"thumbnailUrl\":\"https:\\\/\\\/centrourbano.com\\\/revista\\\/wp-content\\\/uploads\\\/RUV-y-Canadevi-impulsan-Ventanilla-Unica-para-agilizacion-de-tramites.jpg\",\"keywords\":[\"Agilizaci\u00f3n de tr\u00e1mites\",\"Canadevi\",\"desarrolladores\",\"RUV\",\"Ventanilla \u00danica\",\"vivienda\"],\"articleSection\":[\"Vivienda\"],\"inLanguage\":\"es\",\"potentialAction\":[{\"@type\":\"CommentAction\",\"name\":\"Comment\",\"target\":[\"https:\\\/\\\/centrourbano.com\\\/revista\\\/vivienda\\\/ruv-canadevi-ventanilla-unica\\\/#respond\"]}]},{\"@type\":\"WebPage\",\"@id\":\"https:\\\/\\\/centrourbano.com\\\/revista\\\/vivienda\\\/ruv-canadevi-ventanilla-unica\\\/\",\"url\":\"https:\\\/\\\/centrourbano.com\\\/revista\\\/vivienda\\\/ruv-canadevi-ventanilla-unica\\\/\",\"name\":\"RUV y Canadevi impulsan Ventanilla \u00danica para agilizaci\u00f3n de tr\u00e1mites\",\"isPartOf\":{\"@id\":\"https:\\\/\\\/centrourbano.com\\\/revista\\\/#website\"},\"primaryImageOfPage\":{\"@id\":\"https:\\\/\\\/centrourbano.com\\\/revista\\\/vivienda\\\/ruv-canadevi-ventanilla-unica\\\/#primaryimage\"},\"image\":{\"@id\":\"https:\\\/\\\/centrourbano.com\\\/revista\\\/vivienda\\\/ruv-canadevi-ventanilla-unica\\\/#primaryimage\"},\"thumbnailUrl\":\"https:\\\/\\\/centrourbano.com\\\/revista\\\/wp-content\\\/uploads\\\/RUV-y-Canadevi-impulsan-Ventanilla-Unica-para-agilizacion-de-tramites.jpg\",\"datePublished\":\"2022-08-26T13:30:03+00:00\",\"description\":\"El presidente nacional de la Canadevi destac\u00f3 que la Ventanilla \u00danica ayudar\u00e1 a agilizar los procesos de los desarrolladores de vivienda\",\"breadcrumb\":{\"@id\":\"https:\\\/\\\/centrourbano.com\\\/revista\\\/vivienda\\\/ruv-canadevi-ventanilla-unica\\\/#breadcrumb\"},\"inLanguage\":\"es\",\"potentialAction\":[{\"@type\":\"ReadAction\",\"target\":[\"https:\\\/\\\/centrourbano.com\\\/revista\\\/vivienda\\\/ruv-canadevi-ventanilla-unica\\\/\"]}]},{\"@type\":\"ImageObject\",\"inLanguage\":\"es\",\"@id\":\"https:\\\/\\\/centrourbano.com\\\/revista\\\/vivienda\\\/ruv-canadevi-ventanilla-unica\\\/#primaryimage\",\"url\":\"https:\\\/\\\/centrourbano.com\\\/revista\\\/wp-content\\\/uploads\\\/RUV-y-Canadevi-impulsan-Ventanilla-Unica-para-agilizacion-de-tramites.jpg\",\"contentUrl\":\"https:\\\/\\\/centrourbano.com\\\/revista\\\/wp-content\\\/uploads\\\/RUV-y-Canadevi-impulsan-Ventanilla-Unica-para-agilizacion-de-tramites.jpg\",\"width\":500,\"height\":450,\"caption\":\"El presidente nacional de la Canadevi destac\u00f3 que la Ventanilla \u00danica ayudar\u00e1 a agilizar los procesos de los desarrolladores de vivienda\"},{\"@type\":\"BreadcrumbList\",\"@id\":\"https:\\\/\\\/centrourbano.com\\\/revista\\\/vivienda\\\/ruv-canadevi-ventanilla-unica\\\/#breadcrumb\",\"itemListElement\":[{\"@type\":\"ListItem\",\"position\":1,\"name\":\"Portada\",\"item\":\"https:\\\/\\\/centrourbano.com\\\/revista\\\/\"},{\"@type\":\"ListItem\",\"position\":2,\"name\":\"RUV y Canadevi impulsan Ventanilla \u00danica para agilizaci\u00f3n de tr\u00e1mites\"}]},{\"@type\":\"WebSite\",\"@id\":\"https:\\\/\\\/centrourbano.com\\\/revista\\\/#website\",\"url\":\"https:\\\/\\\/centrourbano.com\\\/revista\\\/\",\"name\":\"Centro Urbano\",\"description\":\"Medio especializado en los sectores vivienda, inmobiliario, construcci\u00f3n, arquitectura y urbanismo.\",\"publisher\":{\"@id\":\"https:\\\/\\\/centrourbano.com\\\/revista\\\/#organization\"},\"potentialAction\":[{\"@type\":\"SearchAction\",\"target\":{\"@type\":\"EntryPoint\",\"urlTemplate\":\"https:\\\/\\\/centrourbano.com\\\/revista\\\/?s={search_term_string}\"},\"query-input\":{\"@type\":\"PropertyValueSpecification\",\"valueRequired\":true,\"valueName\":\"search_term_string\"}}],\"inLanguage\":\"es\"},{\"@type\":\"Organization\",\"@id\":\"https:\\\/\\\/centrourbano.com\\\/revista\\\/#organization\",\"name\":\"Centro Urbano\",\"url\":\"https:\\\/\\\/centrourbano.com\\\/revista\\\/\",\"logo\":{\"@type\":\"ImageObject\",\"inLanguage\":\"es\",\"@id\":\"https:\\\/\\\/centrourbano.com\\\/revista\\\/#\\\/schema\\\/logo\\\/image\\\/\",\"url\":\"https:\\\/\\\/centrourbano.com\\\/revista\\\/wp-content\\\/uploads\\\/web_CU_logo-1.png\",\"contentUrl\":\"https:\\\/\\\/centrourbano.com\\\/revista\\\/wp-content\\\/uploads\\\/web_CU_logo-1.png\",\"width\":350,\"height\":91,\"caption\":\"Centro Urbano\"},\"image\":{\"@id\":\"https:\\\/\\\/centrourbano.com\\\/revista\\\/#\\\/schema\\\/logo\\\/image\\\/\"},\"sameAs\":[\"https:\\\/\\\/www.facebook.com\\\/portalcentrourbano\",\"https:\\\/\\\/x.com\\\/CentroUrbano\",\"https:\\\/\\\/www.instagram.com\\\/centro_urbano\\\/\",\"https:\\\/\\\/www.linkedin.com\\\/company\\\/centro-urbano\\\/\",\"http:\\\/\\\/www.youtube.com\\\/user\\\/portalcentrourbano\"]},{\"@type\":\"Person\",\"@id\":\"https:\\\/\\\/centrourbano.com\\\/revista\\\/#\\\/schema\\\/person\\\/b190b20bbbceb41ec72278c546fa8df3\",\"name\":\"Fernanda Hern\u00e1ndez\",\"image\":{\"@type\":\"ImageObject\",\"inLanguage\":\"es\",\"@id\":\"https:\\\/\\\/secure.gravatar.com\\\/avatar\\\/9471831fb0a24eae9d32d826a7cb8ef07c34a41520aca1a0ab1f5c0903ba49b9?s=96&d=mm&r=g\",\"url\":\"https:\\\/\\\/secure.gravatar.com\\\/avatar\\\/9471831fb0a24eae9d32d826a7cb8ef07c34a41520aca1a0ab1f5c0903ba49b9?s=96&d=mm&r=g\",\"contentUrl\":\"https:\\\/\\\/secure.gravatar.com\\\/avatar\\\/9471831fb0a24eae9d32d826a7cb8ef07c34a41520aca1a0ab1f5c0903ba49b9?s=96&d=mm&r=g\",\"caption\":\"Fernanda Hern\u00e1ndez\"},\"description\":\"Reportera y redactora en Centro Urbano. Soy egresada de la licenciatura en Ciencias de la Comunicaci\u00f3n de la Facultad de Ciencias Pol\u00edticas y Sociales (UNAM). Me interesa la cultura, el urbanismo y la arquitectura. Amante del mundo digital, el cine, la m\u00fasica, la lectura y la escritura.\",\"sameAs\":[\"https:\\\/\\\/x.com\\\/https:\\\/\\\/twitter.com\\\/Nannz_Hernandez\"],\"url\":\"https:\\\/\\\/centrourbano.com\\\/revista\\\/author\\\/fernanda-hernandez\\\/\"}]}<\/script>\n<!-- \/ Yoast SEO plugin. -->","yoast_head_json":{"title":"RUV y Canadevi impulsan Ventanilla \u00danica para agilizaci\u00f3n de tr\u00e1mites","description":"El presidente nacional de la Canadevi destac\u00f3 que la Ventanilla \u00danica ayudar\u00e1 a agilizar los procesos de los desarrolladores de vivienda","robots":{"index":"index","follow":"follow","max-snippet":"max-snippet:-1","max-image-preview":"max-image-preview:large","max-video-preview":"max-video-preview:-1"},"canonical":"https:\/\/centrourbano.com\/revista\/vivienda\/ruv-canadevi-ventanilla-unica\/","og_locale":"es_ES","og_type":"article","og_title":"RUV y Canadevi impulsan Ventanilla \u00danica para agilizaci\u00f3n de tr\u00e1mites","og_description":"El presidente nacional de la Canadevi destac\u00f3 que la Ventanilla \u00danica ayudar\u00e1 a agilizar los procesos de los desarrolladores de vivienda","og_url":"https:\/\/centrourbano.com\/revista\/vivienda\/ruv-canadevi-ventanilla-unica\/","og_site_name":"Centro Urbano","article_publisher":"https:\/\/www.facebook.com\/portalcentrourbano","article_published_time":"2022-08-26T13:30:03+00:00","og_image":[{"width":500,"height":450,"url":"https:\/\/centrourbano.com\/revista\/wp-content\/uploads\/RUV-y-Canadevi-impulsan-Ventanilla-Unica-para-agilizacion-de-tramites.jpg","type":"image\/jpeg"}],"author":"Fernanda Hern\u00e1ndez","twitter_card":"summary_large_image","twitter_creator":"@https:\/\/twitter.com\/Nannz_Hernandez","twitter_site":"@CentroUrbano","twitter_misc":{"Escrito por":"Fernanda Hern\u00e1ndez","Tiempo de lectura":"2 minutos"},"schema":{"@context":"https:\/\/schema.org","@graph":[{"@type":"Article","@id":"https:\/\/centrourbano.com\/revista\/vivienda\/ruv-canadevi-ventanilla-unica\/#article","isPartOf":{"@id":"https:\/\/centrourbano.com\/revista\/vivienda\/ruv-canadevi-ventanilla-unica\/"},"author":{"name":"Fernanda Hern\u00e1ndez","@id":"https:\/\/centrourbano.com\/revista\/#\/schema\/person\/b190b20bbbceb41ec72278c546fa8df3"},"headline":"RUV y Canadevi impulsan Ventanilla \u00danica para agilizaci\u00f3n de tr\u00e1mites","datePublished":"2022-08-26T13:30:03+00:00","mainEntityOfPage":{"@id":"https:\/\/centrourbano.com\/revista\/vivienda\/ruv-canadevi-ventanilla-unica\/"},"wordCount":399,"commentCount":0,"publisher":{"@id":"https:\/\/centrourbano.com\/revista\/#organization"},"image":{"@id":"https:\/\/centrourbano.com\/revista\/vivienda\/ruv-canadevi-ventanilla-unica\/#primaryimage"},"thumbnailUrl":"https:\/\/centrourbano.com\/revista\/wp-content\/uploads\/RUV-y-Canadevi-impulsan-Ventanilla-Unica-para-agilizacion-de-tramites.jpg","keywords":["Agilizaci\u00f3n de tr\u00e1mites","Canadevi","desarrolladores","RUV","Ventanilla \u00danica","vivienda"],"articleSection":["Vivienda"],"inLanguage":"es","potentialAction":[{"@type":"CommentAction","name":"Comment","target":["https:\/\/centrourbano.com\/revista\/vivienda\/ruv-canadevi-ventanilla-unica\/#respond"]}]},{"@type":"WebPage","@id":"https:\/\/centrourbano.com\/revista\/vivienda\/ruv-canadevi-ventanilla-unica\/","url":"https:\/\/centrourbano.com\/revista\/vivienda\/ruv-canadevi-ventanilla-unica\/","name":"RUV y Canadevi impulsan Ventanilla \u00danica para agilizaci\u00f3n de tr\u00e1mites","isPartOf":{"@id":"https:\/\/centrourbano.com\/revista\/#website"},"primaryImageOfPage":{"@id":"https:\/\/centrourbano.com\/revista\/vivienda\/ruv-canadevi-ventanilla-unica\/#primaryimage"},"image":{"@id":"https:\/\/centrourbano.com\/revista\/vivienda\/ruv-canadevi-ventanilla-unica\/#primaryimage"},"thumbnailUrl":"https:\/\/centrourbano.com\/revista\/wp-content\/uploads\/RUV-y-Canadevi-impulsan-Ventanilla-Unica-para-agilizacion-de-tramites.jpg","datePublished":"2022-08-26T13:30:03+00:00","description":"El presidente nacional de la Canadevi destac\u00f3 que la Ventanilla \u00danica ayudar\u00e1 a agilizar los procesos de los desarrolladores de vivienda","breadcrumb":{"@id":"https:\/\/centrourbano.com\/revista\/vivienda\/ruv-canadevi-ventanilla-unica\/#breadcrumb"},"inLanguage":"es","potentialAction":[{"@type":"ReadAction","target":["https:\/\/centrourbano.com\/revista\/vivienda\/ruv-canadevi-ventanilla-unica\/"]}]},{"@type":"ImageObject","inLanguage":"es","@id":"https:\/\/centrourbano.com\/revista\/vivienda\/ruv-canadevi-ventanilla-unica\/#primaryimage","url":"https:\/\/centrourbano.com\/revista\/wp-content\/uploads\/RUV-y-Canadevi-impulsan-Ventanilla-Unica-para-agilizacion-de-tramites.jpg","contentUrl":"https:\/\/centrourbano.com\/revista\/wp-content\/uploads\/RUV-y-Canadevi-impulsan-Ventanilla-Unica-para-agilizacion-de-tramites.jpg","width":500,"height":450,"caption":"El presidente nacional de la Canadevi destac\u00f3 que la Ventanilla \u00danica ayudar\u00e1 a agilizar los procesos de los desarrolladores de vivienda"},{"@type":"BreadcrumbList","@id":"https:\/\/centrourbano.com\/revista\/vivienda\/ruv-canadevi-ventanilla-unica\/#breadcrumb","itemListElement":[{"@type":"ListItem","position":1,"name":"Portada","item":"https:\/\/centrourbano.com\/revista\/"},{"@type":"ListItem","position":2,"name":"RUV y Canadevi impulsan Ventanilla \u00danica para agilizaci\u00f3n de tr\u00e1mites"}]},{"@type":"WebSite","@id":"https:\/\/centrourbano.com\/revista\/#website","url":"https:\/\/centrourbano.com\/revista\/","name":"Centro Urbano","description":"Medio especializado en los sectores vivienda, inmobiliario, construcci\u00f3n, arquitectura y urbanismo.","publisher":{"@id":"https:\/\/centrourbano.com\/revista\/#organization"},"potentialAction":[{"@type":"SearchAction","target":{"@type":"EntryPoint","urlTemplate":"https:\/\/centrourbano.com\/revista\/?s={search_term_string}"},"query-input":{"@type":"PropertyValueSpecification","valueRequired":true,"valueName":"search_term_string"}}],"inLanguage":"es"},{"@type":"Organization","@id":"https:\/\/centrourbano.com\/revista\/#organization","name":"Centro Urbano","url":"https:\/\/centrourbano.com\/revista\/","logo":{"@type":"ImageObject","inLanguage":"es","@id":"https:\/\/centrourbano.com\/revista\/#\/schema\/logo\/image\/","url":"https:\/\/centrourbano.com\/revista\/wp-content\/uploads\/web_CU_logo-1.png","contentUrl":"https:\/\/centrourbano.com\/revista\/wp-content\/uploads\/web_CU_logo-1.png","width":350,"height":91,"caption":"Centro Urbano"},"image":{"@id":"https:\/\/centrourbano.com\/revista\/#\/schema\/logo\/image\/"},"sameAs":["https:\/\/www.facebook.com\/portalcentrourbano","https:\/\/x.com\/CentroUrbano","https:\/\/www.instagram.com\/centro_urbano\/","https:\/\/www.linkedin.com\/company\/centro-urbano\/","http:\/\/www.youtube.com\/user\/portalcentrourbano"]},{"@type":"Person","@id":"https:\/\/centrourbano.com\/revista\/#\/schema\/person\/b190b20bbbceb41ec72278c546fa8df3","name":"Fernanda Hern\u00e1ndez","image":{"@type":"ImageObject","inLanguage":"es","@id":"https:\/\/secure.gravatar.com\/avatar\/9471831fb0a24eae9d32d826a7cb8ef07c34a41520aca1a0ab1f5c0903ba49b9?s=96&d=mm&r=g","url":"https:\/\/secure.gravatar.com\/avatar\/9471831fb0a24eae9d32d826a7cb8ef07c34a41520aca1a0ab1f5c0903ba49b9?s=96&d=mm&r=g","contentUrl":"https:\/\/secure.gravatar.com\/avatar\/9471831fb0a24eae9d32d826a7cb8ef07c34a41520aca1a0ab1f5c0903ba49b9?s=96&d=mm&r=g","caption":"Fernanda Hern\u00e1ndez"},"description":"Reportera y redactora en Centro Urbano. Soy egresada de la licenciatura en Ciencias de la Comunicaci\u00f3n de la Facultad de Ciencias Pol\u00edticas y Sociales (UNAM). Me interesa la cultura, el urbanismo y la arquitectura. Amante del mundo digital, el cine, la m\u00fasica, la lectura y la escritura.","sameAs":["https:\/\/x.com\/https:\/\/twitter.com\/Nannz_Hernandez"],"url":"https:\/\/centrourbano.com\/revista\/author\/fernanda-hernandez\/"}]}},"_links":{"self":[{"href":"https:\/\/centrourbano.com\/revista\/wp-json\/wp\/v2\/posts\/133207","targetHints":{"allow":["GET"]}}],"collection":[{"href":"https:\/\/centrourbano.com\/revista\/wp-json\/wp\/v2\/posts"}],"about":[{"href":"https:\/\/centrourbano.com\/revista\/wp-json\/wp\/v2\/types\/post"}],"author":[{"embeddable":true,"href":"https:\/\/centrourbano.com\/revista\/wp-json\/wp\/v2\/users\/73"}],"replies":[{"embeddable":true,"href":"https:\/\/centrourbano.com\/revista\/wp-json\/wp\/v2\/comments?post=133207"}],"version-history":[{"count":1,"href":"https:\/\/centrourbano.com\/revista\/wp-json\/wp\/v2\/posts\/133207\/revisions"}],"predecessor-version":[{"id":133210,"href":"https:\/\/centrourbano.com\/revista\/wp-json\/wp\/v2\/posts\/133207\/revisions\/133210"}],"wp:featuredmedia":[{"embeddable":true,"href":"https:\/\/centrourbano.com\/revista\/wp-json\/wp\/v2\/media\/133208"}],"wp:attachment":[{"href":"https:\/\/centrourbano.com\/revista\/wp-json\/wp\/v2\/media?parent=133207"}],"wp:term":[{"taxonomy":"category","embeddable":true,"href":"https:\/\/centrourbano.com\/revista\/wp-json\/wp\/v2\/categories?post=133207"},{"taxonomy":"post_tag","embeddable":true,"href":"https:\/\/centrourbano.com\/revista\/wp-json\/wp\/v2\/tags?post=133207"}],"curies":[{"name":"wp","href":"https:\/\/api.w.org\/{rel}","templated":true}]}}