{"id":133143,"date":"2022-08-24T09:00:09","date_gmt":"2022-08-24T14:00:09","guid":{"rendered":"https:\/\/centrourbano.com\/?p=133143"},"modified":"2022-08-24T00:21:40","modified_gmt":"2022-08-24T05:21:40","slug":"vinte-calificacion-pcr-verum","status":"publish","type":"post","link":"https:\/\/centrourbano.com\/revista\/vivienda\/vinte-calificacion-pcr-verum\/","title":{"rendered":"Vinte obtiene calificaci\u00f3n corporativa A+\/M por PCR Verum"},"content":{"rendered":"<p><em>En el 1S2022, Vinte registr\u00f3 Ventas Netas por 1,761 mdp, 5% m\u00e1s respecto al 1S2021; y para lo que resta de 2022 se espera un alza en las ventas de la compa\u00f1\u00eda<\/em><!--more--><\/p>\n<p>La inmobiliaria <strong>Vinte<\/strong> obtuvo la <strong>calificaci\u00f3n<\/strong> <strong>corporativa de \u2018A+\/M\u2019<\/strong> para el largo plazo y con perspectiva \u2018Estable\u2019 por parte de la calificadora <strong>PCR Verum<\/strong>. Esto gracias a la estabilidad que ha mostrado la viviendera en su desempe\u00f1o financiero durante la pandemia de Covid-19.<\/p>\n<p>La calificadora destac\u00f3 que <strong>Vinte<\/strong> ha registrado una importante acumulaci\u00f3n de <strong>flujo de efectivo operativo<\/strong>; aunque observando <strong>niveles de rentabilidad<\/strong> m\u00e1s bajos respecto al periodo prepandemia.<\/p>\n<p>\u201c<strong>Vinte<\/strong> ha afrontado correctamente los distintos retos presentados en la industria, en gran medida por su buena <strong>flexibilidad operativa<\/strong>, su modelo de <strong>comunidades integradas<\/strong>; aunado a que consistentemente ha mantenido un c\u00f3modo perfil de vencimientos de deuda, una alta disponibilidad en sus l\u00edneas de fondeo y elevados niveles de liquidez\u201d, se\u00f1al\u00f3 <strong>PCR<\/strong>.<\/p>\n<p>Asimismo, detall\u00f3 que, en 2021, la desarrolladora escritur\u00f3 <strong>3,938 viviendas<\/strong>; lo cual es 3.6% menos respecto a 2020. Mientras que en el primer semestre de 2022 (1S2022) sum\u00f3 <strong>1,682 viviendas<\/strong>, 6.8% menos respecto al 1S2021.<\/p>\n<p>Adem\u00e1s, la oferta de productos de <strong>Vinte<\/strong> evolucionado hacia los segmentos \u2018<strong>Medio\u2019<\/strong> y \u2018<strong>Residencial\u2019<\/strong>; los cuales significaron el 54.4% y 32.1% de la mezcla total de viviendas escrituradas en 2021, respectivamente.<\/p>\n<p>La calificadora indic\u00f3 que, en el 1S2022, <strong>Vinte<\/strong> registr\u00f3 <strong>ventas netas<\/strong> por 1,761 millones de pesos (mdp), 5% m\u00e1s respecto al 1S2021; din\u00e1mica considerada como moderada si se toma en cuenta el entorno inflacionario que persiste. Para lo que resta de 2022, <strong>PCR<\/strong> prev\u00e9 un alza en las ventas de <strong>Vinte<\/strong>, en l\u00ednea con los \u00faltimos periodos.<\/p>\n<p>\u201cLa perspectiva de la calificaci\u00f3n de largo plazo es \u2018<strong>Estable\u2019<\/strong>. Una mejora en la calificaci\u00f3n ocurrir\u00eda en la medida que los <a href=\"https:\/\/centrourbano.com\/vivienda\/vinte-2t2022-ingresos\/\" target=\"_blank\" rel=\"noopener\"><strong>ingresos de<\/strong> <strong>Vinte<\/strong><\/a> aumenten de forma consistente; permitiendo un nuevo fortalecimiento en su rentabilidad y una reducci\u00f3n en el apalancamiento a niveles cercanos a los observados previo a la pandemia\u201d, finaliz\u00f3 <strong>PCR Verum.<\/strong><\/p>\n","protected":false},"excerpt":{"rendered":"<p>En el 1S2022, Vinte registr\u00f3 Ventas Netas por 1,761 mdp, 5% m\u00e1s respecto al 1S2021; y para lo que resta de 2022 se espera un alza en las ventas de la compa\u00f1\u00eda<\/p>\n","protected":false},"author":73,"featured_media":133144,"comment_status":"open","ping_status":"closed","sticky":false,"template":"","format":"standard","meta":{"om_disable_all_campaigns":false,"inline_featured_image":false,"_monsterinsights_skip_tracking":false,"_monsterinsights_sitenote_active":false,"_monsterinsights_sitenote_note":"","_monsterinsights_sitenote_category":0,"footnotes":""},"categories":[15,12],"tags":[22008,2561,22009,4954,373,60],"class_list":["post-133143","post","type-post","status-publish","format-standard","has-post-thumbnail","hentry","category-inmobiliario","category-vivienda","tag-calificacion-corporativa","tag-ingresos","tag-pcr-verum","tag-ventas","tag-vinte","tag-vivienda-2"],"yoast_head":"<!-- This site is optimized with the Yoast SEO plugin v27.5 - https:\/\/yoast.com\/product\/yoast-seo-wordpress\/ -->\n<title>Vinte obtiene calificaci\u00f3n corporativa A+\/M por PCR Verum<\/title>\n<meta name=\"description\" content=\"En el 1S2022, Vinte registr\u00f3 Ventas Netas por 1,761 mdp; y para lo que resta de 2022 se espera un alza en las ventas de la compa\u00f1\u00eda\" \/>\n<meta name=\"robots\" content=\"index, follow, max-snippet:-1, max-image-preview:large, max-video-preview:-1\" \/>\n<link rel=\"canonical\" href=\"https:\/\/centrourbano.com\/revista\/vivienda\/vinte-calificacion-pcr-verum\/\" \/>\n<meta property=\"og:locale\" content=\"es_ES\" \/>\n<meta property=\"og:type\" content=\"article\" \/>\n<meta property=\"og:title\" content=\"Vinte obtiene calificaci\u00f3n corporativa A+\/M por PCR Verum\" \/>\n<meta property=\"og:description\" content=\"En el 1S2022, Vinte registr\u00f3 Ventas Netas por 1,761 mdp; y para lo que resta de 2022 se espera un alza en las ventas de la compa\u00f1\u00eda\" \/>\n<meta property=\"og:url\" content=\"https:\/\/centrourbano.com\/revista\/vivienda\/vinte-calificacion-pcr-verum\/\" \/>\n<meta property=\"og:site_name\" content=\"Centro Urbano\" \/>\n<meta property=\"article:publisher\" content=\"https:\/\/www.facebook.com\/portalcentrourbano\" \/>\n<meta property=\"article:published_time\" content=\"2022-08-24T14:00:09+00:00\" \/>\n<meta property=\"og:image\" content=\"https:\/\/centrourbano.com\/revista\/wp-content\/uploads\/Vinte-obtiene-calificacion-corporativa-AM-por-PCR-Verum.jpg\" \/>\n\t<meta property=\"og:image:width\" content=\"500\" \/>\n\t<meta property=\"og:image:height\" content=\"400\" \/>\n\t<meta property=\"og:image:type\" content=\"image\/jpeg\" \/>\n<meta name=\"author\" content=\"Fernanda Hern\u00e1ndez\" \/>\n<meta name=\"twitter:card\" content=\"summary_large_image\" \/>\n<meta name=\"twitter:creator\" content=\"@https:\/\/twitter.com\/Nannz_Hernandez\" \/>\n<meta name=\"twitter:site\" content=\"@CentroUrbano\" \/>\n<meta name=\"twitter:label1\" content=\"Escrito por\" \/>\n\t<meta name=\"twitter:data1\" content=\"Fernanda Hern\u00e1ndez\" \/>\n\t<meta name=\"twitter:label2\" content=\"Tiempo de lectura\" \/>\n\t<meta name=\"twitter:data2\" content=\"2 minutos\" \/>\n<script type=\"application\/ld+json\" class=\"yoast-schema-graph\">{\"@context\":\"https:\\\/\\\/schema.org\",\"@graph\":[{\"@type\":\"Article\",\"@id\":\"https:\\\/\\\/centrourbano.com\\\/revista\\\/vivienda\\\/vinte-calificacion-pcr-verum\\\/#article\",\"isPartOf\":{\"@id\":\"https:\\\/\\\/centrourbano.com\\\/revista\\\/vivienda\\\/vinte-calificacion-pcr-verum\\\/\"},\"author\":{\"name\":\"Fernanda Hern\u00e1ndez\",\"@id\":\"https:\\\/\\\/centrourbano.com\\\/revista\\\/#\\\/schema\\\/person\\\/b190b20bbbceb41ec72278c546fa8df3\"},\"headline\":\"Vinte obtiene calificaci\u00f3n corporativa A+\\\/M por PCR Verum\",\"datePublished\":\"2022-08-24T14:00:09+00:00\",\"mainEntityOfPage\":{\"@id\":\"https:\\\/\\\/centrourbano.com\\\/revista\\\/vivienda\\\/vinte-calificacion-pcr-verum\\\/\"},\"wordCount\":342,\"commentCount\":0,\"publisher\":{\"@id\":\"https:\\\/\\\/centrourbano.com\\\/revista\\\/#organization\"},\"image\":{\"@id\":\"https:\\\/\\\/centrourbano.com\\\/revista\\\/vivienda\\\/vinte-calificacion-pcr-verum\\\/#primaryimage\"},\"thumbnailUrl\":\"https:\\\/\\\/centrourbano.com\\\/revista\\\/wp-content\\\/uploads\\\/Vinte-obtiene-calificacion-corporativa-AM-por-PCR-Verum.jpg\",\"keywords\":[\"Calificaci\u00f3n corporativa\",\"ingresos\",\"PCR Verum\",\"Ventas\",\"Vinte\",\"vivienda\"],\"articleSection\":[\"Inmobiliario\",\"Vivienda\"],\"inLanguage\":\"es\",\"potentialAction\":[{\"@type\":\"CommentAction\",\"name\":\"Comment\",\"target\":[\"https:\\\/\\\/centrourbano.com\\\/revista\\\/vivienda\\\/vinte-calificacion-pcr-verum\\\/#respond\"]}]},{\"@type\":\"WebPage\",\"@id\":\"https:\\\/\\\/centrourbano.com\\\/revista\\\/vivienda\\\/vinte-calificacion-pcr-verum\\\/\",\"url\":\"https:\\\/\\\/centrourbano.com\\\/revista\\\/vivienda\\\/vinte-calificacion-pcr-verum\\\/\",\"name\":\"Vinte obtiene calificaci\u00f3n corporativa A+\\\/M por PCR Verum\",\"isPartOf\":{\"@id\":\"https:\\\/\\\/centrourbano.com\\\/revista\\\/#website\"},\"primaryImageOfPage\":{\"@id\":\"https:\\\/\\\/centrourbano.com\\\/revista\\\/vivienda\\\/vinte-calificacion-pcr-verum\\\/#primaryimage\"},\"image\":{\"@id\":\"https:\\\/\\\/centrourbano.com\\\/revista\\\/vivienda\\\/vinte-calificacion-pcr-verum\\\/#primaryimage\"},\"thumbnailUrl\":\"https:\\\/\\\/centrourbano.com\\\/revista\\\/wp-content\\\/uploads\\\/Vinte-obtiene-calificacion-corporativa-AM-por-PCR-Verum.jpg\",\"datePublished\":\"2022-08-24T14:00:09+00:00\",\"description\":\"En el 1S2022, Vinte registr\u00f3 Ventas Netas por 1,761 mdp; y para lo que resta de 2022 se espera un alza en las ventas de la compa\u00f1\u00eda\",\"breadcrumb\":{\"@id\":\"https:\\\/\\\/centrourbano.com\\\/revista\\\/vivienda\\\/vinte-calificacion-pcr-verum\\\/#breadcrumb\"},\"inLanguage\":\"es\",\"potentialAction\":[{\"@type\":\"ReadAction\",\"target\":[\"https:\\\/\\\/centrourbano.com\\\/revista\\\/vivienda\\\/vinte-calificacion-pcr-verum\\\/\"]}]},{\"@type\":\"ImageObject\",\"inLanguage\":\"es\",\"@id\":\"https:\\\/\\\/centrourbano.com\\\/revista\\\/vivienda\\\/vinte-calificacion-pcr-verum\\\/#primaryimage\",\"url\":\"https:\\\/\\\/centrourbano.com\\\/revista\\\/wp-content\\\/uploads\\\/Vinte-obtiene-calificacion-corporativa-AM-por-PCR-Verum.jpg\",\"contentUrl\":\"https:\\\/\\\/centrourbano.com\\\/revista\\\/wp-content\\\/uploads\\\/Vinte-obtiene-calificacion-corporativa-AM-por-PCR-Verum.jpg\",\"width\":500,\"height\":400,\"caption\":\"En el 1S2022, Vinte registr\u00f3 Ventas Netas por 1,761 mdp; y para lo que resta de 2022 se espera un alza en las ventas de la compa\u00f1\u00eda\"},{\"@type\":\"BreadcrumbList\",\"@id\":\"https:\\\/\\\/centrourbano.com\\\/revista\\\/vivienda\\\/vinte-calificacion-pcr-verum\\\/#breadcrumb\",\"itemListElement\":[{\"@type\":\"ListItem\",\"position\":1,\"name\":\"Portada\",\"item\":\"https:\\\/\\\/centrourbano.com\\\/revista\\\/\"},{\"@type\":\"ListItem\",\"position\":2,\"name\":\"Vinte obtiene calificaci\u00f3n corporativa A+\\\/M por PCR Verum\"}]},{\"@type\":\"WebSite\",\"@id\":\"https:\\\/\\\/centrourbano.com\\\/revista\\\/#website\",\"url\":\"https:\\\/\\\/centrourbano.com\\\/revista\\\/\",\"name\":\"Centro Urbano\",\"description\":\"Medio especializado en los sectores vivienda, inmobiliario, construcci\u00f3n, arquitectura y urbanismo.\",\"publisher\":{\"@id\":\"https:\\\/\\\/centrourbano.com\\\/revista\\\/#organization\"},\"potentialAction\":[{\"@type\":\"SearchAction\",\"target\":{\"@type\":\"EntryPoint\",\"urlTemplate\":\"https:\\\/\\\/centrourbano.com\\\/revista\\\/?s={search_term_string}\"},\"query-input\":{\"@type\":\"PropertyValueSpecification\",\"valueRequired\":true,\"valueName\":\"search_term_string\"}}],\"inLanguage\":\"es\"},{\"@type\":\"Organization\",\"@id\":\"https:\\\/\\\/centrourbano.com\\\/revista\\\/#organization\",\"name\":\"Centro Urbano\",\"url\":\"https:\\\/\\\/centrourbano.com\\\/revista\\\/\",\"logo\":{\"@type\":\"ImageObject\",\"inLanguage\":\"es\",\"@id\":\"https:\\\/\\\/centrourbano.com\\\/revista\\\/#\\\/schema\\\/logo\\\/image\\\/\",\"url\":\"https:\\\/\\\/centrourbano.com\\\/revista\\\/wp-content\\\/uploads\\\/web_CU_logo-1.png\",\"contentUrl\":\"https:\\\/\\\/centrourbano.com\\\/revista\\\/wp-content\\\/uploads\\\/web_CU_logo-1.png\",\"width\":350,\"height\":91,\"caption\":\"Centro Urbano\"},\"image\":{\"@id\":\"https:\\\/\\\/centrourbano.com\\\/revista\\\/#\\\/schema\\\/logo\\\/image\\\/\"},\"sameAs\":[\"https:\\\/\\\/www.facebook.com\\\/portalcentrourbano\",\"https:\\\/\\\/x.com\\\/CentroUrbano\",\"https:\\\/\\\/www.instagram.com\\\/centro_urbano\\\/\",\"https:\\\/\\\/www.linkedin.com\\\/company\\\/centro-urbano\\\/\",\"http:\\\/\\\/www.youtube.com\\\/user\\\/portalcentrourbano\"]},{\"@type\":\"Person\",\"@id\":\"https:\\\/\\\/centrourbano.com\\\/revista\\\/#\\\/schema\\\/person\\\/b190b20bbbceb41ec72278c546fa8df3\",\"name\":\"Fernanda Hern\u00e1ndez\",\"image\":{\"@type\":\"ImageObject\",\"inLanguage\":\"es\",\"@id\":\"https:\\\/\\\/secure.gravatar.com\\\/avatar\\\/9471831fb0a24eae9d32d826a7cb8ef07c34a41520aca1a0ab1f5c0903ba49b9?s=96&d=mm&r=g\",\"url\":\"https:\\\/\\\/secure.gravatar.com\\\/avatar\\\/9471831fb0a24eae9d32d826a7cb8ef07c34a41520aca1a0ab1f5c0903ba49b9?s=96&d=mm&r=g\",\"contentUrl\":\"https:\\\/\\\/secure.gravatar.com\\\/avatar\\\/9471831fb0a24eae9d32d826a7cb8ef07c34a41520aca1a0ab1f5c0903ba49b9?s=96&d=mm&r=g\",\"caption\":\"Fernanda Hern\u00e1ndez\"},\"description\":\"Reportera y redactora en Centro Urbano. Soy egresada de la licenciatura en Ciencias de la Comunicaci\u00f3n de la Facultad de Ciencias Pol\u00edticas y Sociales (UNAM). Me interesa la cultura, el urbanismo y la arquitectura. Amante del mundo digital, el cine, la m\u00fasica, la lectura y la escritura.\",\"sameAs\":[\"https:\\\/\\\/x.com\\\/https:\\\/\\\/twitter.com\\\/Nannz_Hernandez\"],\"url\":\"https:\\\/\\\/centrourbano.com\\\/revista\\\/author\\\/fernanda-hernandez\\\/\"}]}<\/script>\n<!-- \/ Yoast SEO plugin. -->","yoast_head_json":{"title":"Vinte obtiene calificaci\u00f3n corporativa A+\/M por PCR Verum","description":"En el 1S2022, Vinte registr\u00f3 Ventas Netas por 1,761 mdp; y para lo que resta de 2022 se espera un alza en las ventas de la compa\u00f1\u00eda","robots":{"index":"index","follow":"follow","max-snippet":"max-snippet:-1","max-image-preview":"max-image-preview:large","max-video-preview":"max-video-preview:-1"},"canonical":"https:\/\/centrourbano.com\/revista\/vivienda\/vinte-calificacion-pcr-verum\/","og_locale":"es_ES","og_type":"article","og_title":"Vinte obtiene calificaci\u00f3n corporativa A+\/M por PCR Verum","og_description":"En el 1S2022, Vinte registr\u00f3 Ventas Netas por 1,761 mdp; y para lo que resta de 2022 se espera un alza en las ventas de la compa\u00f1\u00eda","og_url":"https:\/\/centrourbano.com\/revista\/vivienda\/vinte-calificacion-pcr-verum\/","og_site_name":"Centro Urbano","article_publisher":"https:\/\/www.facebook.com\/portalcentrourbano","article_published_time":"2022-08-24T14:00:09+00:00","og_image":[{"width":500,"height":400,"url":"https:\/\/centrourbano.com\/revista\/wp-content\/uploads\/Vinte-obtiene-calificacion-corporativa-AM-por-PCR-Verum.jpg","type":"image\/jpeg"}],"author":"Fernanda Hern\u00e1ndez","twitter_card":"summary_large_image","twitter_creator":"@https:\/\/twitter.com\/Nannz_Hernandez","twitter_site":"@CentroUrbano","twitter_misc":{"Escrito por":"Fernanda Hern\u00e1ndez","Tiempo de lectura":"2 minutos"},"schema":{"@context":"https:\/\/schema.org","@graph":[{"@type":"Article","@id":"https:\/\/centrourbano.com\/revista\/vivienda\/vinte-calificacion-pcr-verum\/#article","isPartOf":{"@id":"https:\/\/centrourbano.com\/revista\/vivienda\/vinte-calificacion-pcr-verum\/"},"author":{"name":"Fernanda Hern\u00e1ndez","@id":"https:\/\/centrourbano.com\/revista\/#\/schema\/person\/b190b20bbbceb41ec72278c546fa8df3"},"headline":"Vinte obtiene calificaci\u00f3n corporativa A+\/M por PCR Verum","datePublished":"2022-08-24T14:00:09+00:00","mainEntityOfPage":{"@id":"https:\/\/centrourbano.com\/revista\/vivienda\/vinte-calificacion-pcr-verum\/"},"wordCount":342,"commentCount":0,"publisher":{"@id":"https:\/\/centrourbano.com\/revista\/#organization"},"image":{"@id":"https:\/\/centrourbano.com\/revista\/vivienda\/vinte-calificacion-pcr-verum\/#primaryimage"},"thumbnailUrl":"https:\/\/centrourbano.com\/revista\/wp-content\/uploads\/Vinte-obtiene-calificacion-corporativa-AM-por-PCR-Verum.jpg","keywords":["Calificaci\u00f3n corporativa","ingresos","PCR Verum","Ventas","Vinte","vivienda"],"articleSection":["Inmobiliario","Vivienda"],"inLanguage":"es","potentialAction":[{"@type":"CommentAction","name":"Comment","target":["https:\/\/centrourbano.com\/revista\/vivienda\/vinte-calificacion-pcr-verum\/#respond"]}]},{"@type":"WebPage","@id":"https:\/\/centrourbano.com\/revista\/vivienda\/vinte-calificacion-pcr-verum\/","url":"https:\/\/centrourbano.com\/revista\/vivienda\/vinte-calificacion-pcr-verum\/","name":"Vinte obtiene calificaci\u00f3n corporativa A+\/M por PCR Verum","isPartOf":{"@id":"https:\/\/centrourbano.com\/revista\/#website"},"primaryImageOfPage":{"@id":"https:\/\/centrourbano.com\/revista\/vivienda\/vinte-calificacion-pcr-verum\/#primaryimage"},"image":{"@id":"https:\/\/centrourbano.com\/revista\/vivienda\/vinte-calificacion-pcr-verum\/#primaryimage"},"thumbnailUrl":"https:\/\/centrourbano.com\/revista\/wp-content\/uploads\/Vinte-obtiene-calificacion-corporativa-AM-por-PCR-Verum.jpg","datePublished":"2022-08-24T14:00:09+00:00","description":"En el 1S2022, Vinte registr\u00f3 Ventas Netas por 1,761 mdp; y para lo que resta de 2022 se espera un alza en las ventas de la compa\u00f1\u00eda","breadcrumb":{"@id":"https:\/\/centrourbano.com\/revista\/vivienda\/vinte-calificacion-pcr-verum\/#breadcrumb"},"inLanguage":"es","potentialAction":[{"@type":"ReadAction","target":["https:\/\/centrourbano.com\/revista\/vivienda\/vinte-calificacion-pcr-verum\/"]}]},{"@type":"ImageObject","inLanguage":"es","@id":"https:\/\/centrourbano.com\/revista\/vivienda\/vinte-calificacion-pcr-verum\/#primaryimage","url":"https:\/\/centrourbano.com\/revista\/wp-content\/uploads\/Vinte-obtiene-calificacion-corporativa-AM-por-PCR-Verum.jpg","contentUrl":"https:\/\/centrourbano.com\/revista\/wp-content\/uploads\/Vinte-obtiene-calificacion-corporativa-AM-por-PCR-Verum.jpg","width":500,"height":400,"caption":"En el 1S2022, Vinte registr\u00f3 Ventas Netas por 1,761 mdp; y para lo que resta de 2022 se espera un alza en las ventas de la compa\u00f1\u00eda"},{"@type":"BreadcrumbList","@id":"https:\/\/centrourbano.com\/revista\/vivienda\/vinte-calificacion-pcr-verum\/#breadcrumb","itemListElement":[{"@type":"ListItem","position":1,"name":"Portada","item":"https:\/\/centrourbano.com\/revista\/"},{"@type":"ListItem","position":2,"name":"Vinte obtiene calificaci\u00f3n corporativa A+\/M por PCR Verum"}]},{"@type":"WebSite","@id":"https:\/\/centrourbano.com\/revista\/#website","url":"https:\/\/centrourbano.com\/revista\/","name":"Centro Urbano","description":"Medio especializado en los sectores vivienda, inmobiliario, construcci\u00f3n, arquitectura y urbanismo.","publisher":{"@id":"https:\/\/centrourbano.com\/revista\/#organization"},"potentialAction":[{"@type":"SearchAction","target":{"@type":"EntryPoint","urlTemplate":"https:\/\/centrourbano.com\/revista\/?s={search_term_string}"},"query-input":{"@type":"PropertyValueSpecification","valueRequired":true,"valueName":"search_term_string"}}],"inLanguage":"es"},{"@type":"Organization","@id":"https:\/\/centrourbano.com\/revista\/#organization","name":"Centro Urbano","url":"https:\/\/centrourbano.com\/revista\/","logo":{"@type":"ImageObject","inLanguage":"es","@id":"https:\/\/centrourbano.com\/revista\/#\/schema\/logo\/image\/","url":"https:\/\/centrourbano.com\/revista\/wp-content\/uploads\/web_CU_logo-1.png","contentUrl":"https:\/\/centrourbano.com\/revista\/wp-content\/uploads\/web_CU_logo-1.png","width":350,"height":91,"caption":"Centro Urbano"},"image":{"@id":"https:\/\/centrourbano.com\/revista\/#\/schema\/logo\/image\/"},"sameAs":["https:\/\/www.facebook.com\/portalcentrourbano","https:\/\/x.com\/CentroUrbano","https:\/\/www.instagram.com\/centro_urbano\/","https:\/\/www.linkedin.com\/company\/centro-urbano\/","http:\/\/www.youtube.com\/user\/portalcentrourbano"]},{"@type":"Person","@id":"https:\/\/centrourbano.com\/revista\/#\/schema\/person\/b190b20bbbceb41ec72278c546fa8df3","name":"Fernanda Hern\u00e1ndez","image":{"@type":"ImageObject","inLanguage":"es","@id":"https:\/\/secure.gravatar.com\/avatar\/9471831fb0a24eae9d32d826a7cb8ef07c34a41520aca1a0ab1f5c0903ba49b9?s=96&d=mm&r=g","url":"https:\/\/secure.gravatar.com\/avatar\/9471831fb0a24eae9d32d826a7cb8ef07c34a41520aca1a0ab1f5c0903ba49b9?s=96&d=mm&r=g","contentUrl":"https:\/\/secure.gravatar.com\/avatar\/9471831fb0a24eae9d32d826a7cb8ef07c34a41520aca1a0ab1f5c0903ba49b9?s=96&d=mm&r=g","caption":"Fernanda Hern\u00e1ndez"},"description":"Reportera y redactora en Centro Urbano. Soy egresada de la licenciatura en Ciencias de la Comunicaci\u00f3n de la Facultad de Ciencias Pol\u00edticas y Sociales (UNAM). Me interesa la cultura, el urbanismo y la arquitectura. Amante del mundo digital, el cine, la m\u00fasica, la lectura y la escritura.","sameAs":["https:\/\/x.com\/https:\/\/twitter.com\/Nannz_Hernandez"],"url":"https:\/\/centrourbano.com\/revista\/author\/fernanda-hernandez\/"}]}},"_links":{"self":[{"href":"https:\/\/centrourbano.com\/revista\/wp-json\/wp\/v2\/posts\/133143","targetHints":{"allow":["GET"]}}],"collection":[{"href":"https:\/\/centrourbano.com\/revista\/wp-json\/wp\/v2\/posts"}],"about":[{"href":"https:\/\/centrourbano.com\/revista\/wp-json\/wp\/v2\/types\/post"}],"author":[{"embeddable":true,"href":"https:\/\/centrourbano.com\/revista\/wp-json\/wp\/v2\/users\/73"}],"replies":[{"embeddable":true,"href":"https:\/\/centrourbano.com\/revista\/wp-json\/wp\/v2\/comments?post=133143"}],"version-history":[{"count":1,"href":"https:\/\/centrourbano.com\/revista\/wp-json\/wp\/v2\/posts\/133143\/revisions"}],"predecessor-version":[{"id":133145,"href":"https:\/\/centrourbano.com\/revista\/wp-json\/wp\/v2\/posts\/133143\/revisions\/133145"}],"wp:featuredmedia":[{"embeddable":true,"href":"https:\/\/centrourbano.com\/revista\/wp-json\/wp\/v2\/media\/133144"}],"wp:attachment":[{"href":"https:\/\/centrourbano.com\/revista\/wp-json\/wp\/v2\/media?parent=133143"}],"wp:term":[{"taxonomy":"category","embeddable":true,"href":"https:\/\/centrourbano.com\/revista\/wp-json\/wp\/v2\/categories?post=133143"},{"taxonomy":"post_tag","embeddable":true,"href":"https:\/\/centrourbano.com\/revista\/wp-json\/wp\/v2\/tags?post=133143"}],"curies":[{"name":"wp","href":"https:\/\/api.w.org\/{rel}","templated":true}]}}