{"id":132770,"date":"2022-08-11T08:43:34","date_gmt":"2022-08-11T13:43:34","guid":{"rendered":"https:\/\/centrourbano.com\/?p=132770"},"modified":"2022-08-10T16:10:05","modified_gmt":"2022-08-10T21:10:05","slug":"cambio-de-uso-mejora-el-panorama-de-las-oficinas-en-cdmx","status":"publish","type":"post","link":"https:\/\/centrourbano.com\/revista\/inmobiliario\/cambio-de-uso-mejora-el-panorama-de-las-oficinas-en-cdmx\/","title":{"rendered":"Cambio de uso mejora el panorama de las oficinas en CDMX"},"content":{"rendered":"<p><em>A trav\u00e9s de transformar oficinas en cl\u00ednicas, hospitales, vivienda, entre otros, mejora el panorama entorno a la sobre oferta corporativa<\/em><!--more--><\/p>\n<p><strong>Actualmente, la Ciudad de M\u00e9xico (CDMX) logr\u00f3 suavizar el crecimiento de la vacancia dentro de sus oficinas. En ese sentido, los cambios de uso de edificaciones jugaron un papel importante en la mejora del panorama.<\/strong><\/p>\n<p>Sin embargo, se debe tomar en cuenta que las oficinas modificadas en la capital, fueron seleccionadas por obsolescencia operativa o facilidad de adaptaci\u00f3n para otro uso.<\/p>\n<p><strong>\u00a0Bajo esta premisa, Fibra Uno seleccion\u00f3 a finales de 2021 oficinas que se transformar\u00edan en cl\u00ednicas y hospitales.<\/strong> Como resultado, se gener\u00f3 una doble ventaja para estos inmuebles y se atendi\u00f3 la falta de infraestructura de salud existente.<\/p>\n<p><strong>A la par, <a href=\"http:\/\/solili.mx\/\" target=\"_blank\" rel=\"noopener\">Solili<\/a> inform\u00f3 que inmuebles como \u2018La Viga\u2019 se sumaron a la flota de edificaciones que apoyaron a las necesidades m\u00e9dicas de la capital<\/strong>. Sumado a ello, Plaza Sat\u00e9lite en el Estado de M\u00e9xico, se conceptualiz\u00f3 como un proyecto de usos mixtos. A pesar de ello, se opt\u00f3 por transformar los espacios de oficina en un hospital.<\/p>\n<h2>Vivienda en la CDMX<\/h2>\n<p><strong>Mientras tanto, el gobierno de la CDMX lanz\u00f3 un acuerdo para establecer lineamientos para la reconversi\u00f3n de oficinas a vivienda.<\/strong> Esto con la intenci\u00f3n de disminuir la brecha del d\u00e9ficit de vivienda y la sobre oferta de oficinas.<\/p>\n<p><strong>Debido a ello, la Secretar\u00eda de Desarrollo Urbano y Vivienda (Seduvi) contemplo que por lo menos 50 edificios de oficinas ser\u00edan reconvertidos a departamentos en los pr\u00f3ximos meses.<\/strong> Por lo tanto, se otorgar\u00e1n facilidades para el cambio de uso de suelo, entre otros, para facilitar la reconversi\u00f3n.<\/p>\n<p>No obstante, se neg\u00f3 la demolici\u00f3n total de los inmuebles y abri\u00f3 la posibilidad de conservar el 40% del \u00e1rea neta para uso de oficinas.\u00a0 En ese sentido, corredores como Insurgentes, Reforma y Polanco, que agrupan el 46% de la vacancia actual, podr\u00e1n optar por mejorar sus posibilidades.<\/p>\n<h2>\u00bfRealmente mejora el panorama?<\/h2>\n<p>Actualmente, la vacancia corporativa de la CDMX se posiciona en 22.8%, con una pendiente que pareciera suavizarse. Sin embargo, el cambio de uso de suelo no figura como el \u00fanico aliado en dicha mejor\u00eda.<\/p>\n<p><strong>Otro factor determinante es la gradual recuperaci\u00f3n de la demanda bruta, la cual ha presentado cifras superiores a 2021.<\/strong> Bajo esta l\u00ednea, la demanda bruta cerr\u00f3 durante el segundo trimestre con 137,000 metros cuadrados (m<sup>2<\/sup>), cifra 150% mayor al mismo periodo de 2021.<\/p>\n<p><strong>Por otra parte, los ajustes a la baja en la desocupaci\u00f3n lograron volver a cifras positivas con 67,000 m<sup>2<\/sup>.<\/strong> Logro suscitado despu\u00e9s de un rev\u00e9s durante el 1T2022, periodo en que la desocupaci\u00f3n super\u00f3 a la demanda.<\/p>\n","protected":false},"excerpt":{"rendered":"<p>A trav\u00e9s de transformar oficinas en cl\u00ednicas, hospitales, vivienda, entre otros, mejora el panorama entorno a la sobre oferta corporativa<\/p>\n","protected":false},"author":80,"featured_media":132771,"comment_status":"open","ping_status":"closed","sticky":false,"template":"","format":"standard","meta":{"om_disable_all_campaigns":false,"inline_featured_image":false,"_monsterinsights_skip_tracking":false,"_monsterinsights_sitenote_active":false,"_monsterinsights_sitenote_note":"","_monsterinsights_sitenote_category":0,"footnotes":""},"categories":[15],"tags":[18985,6034,18466,6057,2651],"class_list":["post-132770","post","type-post","status-publish","format-standard","has-post-thumbnail","hentry","category-inmobiliario","tag-actividades-en-oficinas","tag-espacios-corporativos","tag-proyectos-corporativos","tag-reconversion-de-espacios","tag-sector-de-oficinas"],"yoast_head":"<!-- This site is optimized with the Yoast SEO plugin v27.4 - https:\/\/yoast.com\/product\/yoast-seo-wordpress\/ -->\n<title>Cambio de uso mejora el panorama de las oficinas en CDMX<\/title>\n<meta name=\"description\" content=\"A trav\u00e9s de transformar oficinas en cl\u00ednicas, hospitales, vivienda, entre otros, mejora el panorama entorno a la sobre oferta corporativa\" \/>\n<meta name=\"robots\" content=\"index, follow, max-snippet:-1, max-image-preview:large, max-video-preview:-1\" \/>\n<link rel=\"canonical\" href=\"https:\/\/centrourbano.com\/revista\/inmobiliario\/cambio-de-uso-mejora-el-panorama-de-las-oficinas-en-cdmx\/\" \/>\n<meta property=\"og:locale\" content=\"es_ES\" \/>\n<meta property=\"og:type\" content=\"article\" \/>\n<meta property=\"og:title\" content=\"Cambio de uso mejora el panorama de las oficinas en CDMX\" \/>\n<meta property=\"og:description\" content=\"A trav\u00e9s de transformar oficinas en cl\u00ednicas, hospitales, vivienda, entre otros, mejora el panorama entorno a la sobre oferta corporativa\" \/>\n<meta property=\"og:url\" content=\"https:\/\/centrourbano.com\/revista\/inmobiliario\/cambio-de-uso-mejora-el-panorama-de-las-oficinas-en-cdmx\/\" \/>\n<meta property=\"og:site_name\" content=\"Centro Urbano\" \/>\n<meta property=\"article:publisher\" content=\"https:\/\/www.facebook.com\/portalcentrourbano\" \/>\n<meta property=\"article:published_time\" content=\"2022-08-11T13:43:34+00:00\" \/>\n<meta property=\"og:image\" content=\"https:\/\/centrourbano.com\/revista\/wp-content\/uploads\/PO-1534_1497282184.jpg\" \/>\n\t<meta property=\"og:image:width\" content=\"533\" \/>\n\t<meta property=\"og:image:height\" content=\"533\" \/>\n\t<meta property=\"og:image:type\" content=\"image\/jpeg\" \/>\n<meta name=\"author\" content=\"Jackeline Valle\" \/>\n<meta name=\"twitter:card\" content=\"summary_large_image\" \/>\n<meta name=\"twitter:creator\" content=\"@CentroUrbano\" \/>\n<meta name=\"twitter:site\" content=\"@CentroUrbano\" \/>\n<meta name=\"twitter:label1\" content=\"Escrito por\" \/>\n\t<meta name=\"twitter:data1\" content=\"Jackeline Valle\" \/>\n\t<meta name=\"twitter:label2\" content=\"Tiempo de lectura\" \/>\n\t<meta name=\"twitter:data2\" content=\"2 minutos\" \/>\n<script type=\"application\/ld+json\" class=\"yoast-schema-graph\">{\"@context\":\"https:\\\/\\\/schema.org\",\"@graph\":[{\"@type\":\"Article\",\"@id\":\"https:\\\/\\\/centrourbano.com\\\/revista\\\/inmobiliario\\\/cambio-de-uso-mejora-el-panorama-de-las-oficinas-en-cdmx\\\/#article\",\"isPartOf\":{\"@id\":\"https:\\\/\\\/centrourbano.com\\\/revista\\\/inmobiliario\\\/cambio-de-uso-mejora-el-panorama-de-las-oficinas-en-cdmx\\\/\"},\"author\":{\"name\":\"Jackeline Valle\",\"@id\":\"https:\\\/\\\/centrourbano.com\\\/revista\\\/#\\\/schema\\\/person\\\/910180bf1a924c1932a01f6032f5991a\"},\"headline\":\"Cambio de uso mejora el panorama de las oficinas en CDMX\",\"datePublished\":\"2022-08-11T13:43:34+00:00\",\"mainEntityOfPage\":{\"@id\":\"https:\\\/\\\/centrourbano.com\\\/revista\\\/inmobiliario\\\/cambio-de-uso-mejora-el-panorama-de-las-oficinas-en-cdmx\\\/\"},\"wordCount\":460,\"commentCount\":0,\"publisher\":{\"@id\":\"https:\\\/\\\/centrourbano.com\\\/revista\\\/#organization\"},\"image\":{\"@id\":\"https:\\\/\\\/centrourbano.com\\\/revista\\\/inmobiliario\\\/cambio-de-uso-mejora-el-panorama-de-las-oficinas-en-cdmx\\\/#primaryimage\"},\"thumbnailUrl\":\"https:\\\/\\\/centrourbano.com\\\/revista\\\/wp-content\\\/uploads\\\/PO-1534_1497282184.jpg\",\"keywords\":[\"actividades en oficinas\",\"espacios corporativos\",\"proyectos corporativos\",\"reconversi\u00f3n de espacios\",\"sector de oficinas\"],\"articleSection\":[\"Inmobiliario\"],\"inLanguage\":\"es\",\"potentialAction\":[{\"@type\":\"CommentAction\",\"name\":\"Comment\",\"target\":[\"https:\\\/\\\/centrourbano.com\\\/revista\\\/inmobiliario\\\/cambio-de-uso-mejora-el-panorama-de-las-oficinas-en-cdmx\\\/#respond\"]}]},{\"@type\":\"WebPage\",\"@id\":\"https:\\\/\\\/centrourbano.com\\\/revista\\\/inmobiliario\\\/cambio-de-uso-mejora-el-panorama-de-las-oficinas-en-cdmx\\\/\",\"url\":\"https:\\\/\\\/centrourbano.com\\\/revista\\\/inmobiliario\\\/cambio-de-uso-mejora-el-panorama-de-las-oficinas-en-cdmx\\\/\",\"name\":\"Cambio de uso mejora el panorama de las oficinas en CDMX\",\"isPartOf\":{\"@id\":\"https:\\\/\\\/centrourbano.com\\\/revista\\\/#website\"},\"primaryImageOfPage\":{\"@id\":\"https:\\\/\\\/centrourbano.com\\\/revista\\\/inmobiliario\\\/cambio-de-uso-mejora-el-panorama-de-las-oficinas-en-cdmx\\\/#primaryimage\"},\"image\":{\"@id\":\"https:\\\/\\\/centrourbano.com\\\/revista\\\/inmobiliario\\\/cambio-de-uso-mejora-el-panorama-de-las-oficinas-en-cdmx\\\/#primaryimage\"},\"thumbnailUrl\":\"https:\\\/\\\/centrourbano.com\\\/revista\\\/wp-content\\\/uploads\\\/PO-1534_1497282184.jpg\",\"datePublished\":\"2022-08-11T13:43:34+00:00\",\"description\":\"A trav\u00e9s de transformar oficinas en cl\u00ednicas, hospitales, vivienda, entre otros, mejora el panorama entorno a la sobre oferta corporativa\",\"breadcrumb\":{\"@id\":\"https:\\\/\\\/centrourbano.com\\\/revista\\\/inmobiliario\\\/cambio-de-uso-mejora-el-panorama-de-las-oficinas-en-cdmx\\\/#breadcrumb\"},\"inLanguage\":\"es\",\"potentialAction\":[{\"@type\":\"ReadAction\",\"target\":[\"https:\\\/\\\/centrourbano.com\\\/revista\\\/inmobiliario\\\/cambio-de-uso-mejora-el-panorama-de-las-oficinas-en-cdmx\\\/\"]}]},{\"@type\":\"ImageObject\",\"inLanguage\":\"es\",\"@id\":\"https:\\\/\\\/centrourbano.com\\\/revista\\\/inmobiliario\\\/cambio-de-uso-mejora-el-panorama-de-las-oficinas-en-cdmx\\\/#primaryimage\",\"url\":\"https:\\\/\\\/centrourbano.com\\\/revista\\\/wp-content\\\/uploads\\\/PO-1534_1497282184.jpg\",\"contentUrl\":\"https:\\\/\\\/centrourbano.com\\\/revista\\\/wp-content\\\/uploads\\\/PO-1534_1497282184.jpg\",\"width\":533,\"height\":533,\"caption\":\"A trav\u00e9s de transformar oficinas en cl\u00ednicas, hospitales, vivienda, entre otros, mejora el panorama entorno a la sobre oferta corporativa\"},{\"@type\":\"BreadcrumbList\",\"@id\":\"https:\\\/\\\/centrourbano.com\\\/revista\\\/inmobiliario\\\/cambio-de-uso-mejora-el-panorama-de-las-oficinas-en-cdmx\\\/#breadcrumb\",\"itemListElement\":[{\"@type\":\"ListItem\",\"position\":1,\"name\":\"Portada\",\"item\":\"https:\\\/\\\/centrourbano.com\\\/revista\\\/\"},{\"@type\":\"ListItem\",\"position\":2,\"name\":\"Cambio de uso mejora el panorama de las oficinas en CDMX\"}]},{\"@type\":\"WebSite\",\"@id\":\"https:\\\/\\\/centrourbano.com\\\/revista\\\/#website\",\"url\":\"https:\\\/\\\/centrourbano.com\\\/revista\\\/\",\"name\":\"Centro Urbano\",\"description\":\"Medio especializado en los sectores vivienda, inmobiliario, construcci\u00f3n, arquitectura y urbanismo.\",\"publisher\":{\"@id\":\"https:\\\/\\\/centrourbano.com\\\/revista\\\/#organization\"},\"potentialAction\":[{\"@type\":\"SearchAction\",\"target\":{\"@type\":\"EntryPoint\",\"urlTemplate\":\"https:\\\/\\\/centrourbano.com\\\/revista\\\/?s={search_term_string}\"},\"query-input\":{\"@type\":\"PropertyValueSpecification\",\"valueRequired\":true,\"valueName\":\"search_term_string\"}}],\"inLanguage\":\"es\"},{\"@type\":\"Organization\",\"@id\":\"https:\\\/\\\/centrourbano.com\\\/revista\\\/#organization\",\"name\":\"Centro Urbano\",\"url\":\"https:\\\/\\\/centrourbano.com\\\/revista\\\/\",\"logo\":{\"@type\":\"ImageObject\",\"inLanguage\":\"es\",\"@id\":\"https:\\\/\\\/centrourbano.com\\\/revista\\\/#\\\/schema\\\/logo\\\/image\\\/\",\"url\":\"https:\\\/\\\/centrourbano.com\\\/revista\\\/wp-content\\\/uploads\\\/web_CU_logo-1.png\",\"contentUrl\":\"https:\\\/\\\/centrourbano.com\\\/revista\\\/wp-content\\\/uploads\\\/web_CU_logo-1.png\",\"width\":350,\"height\":91,\"caption\":\"Centro Urbano\"},\"image\":{\"@id\":\"https:\\\/\\\/centrourbano.com\\\/revista\\\/#\\\/schema\\\/logo\\\/image\\\/\"},\"sameAs\":[\"https:\\\/\\\/www.facebook.com\\\/portalcentrourbano\",\"https:\\\/\\\/x.com\\\/CentroUrbano\",\"https:\\\/\\\/www.instagram.com\\\/centro_urbano\\\/\",\"https:\\\/\\\/www.linkedin.com\\\/company\\\/centro-urbano\\\/\",\"http:\\\/\\\/www.youtube.com\\\/user\\\/portalcentrourbano\"]},{\"@type\":\"Person\",\"@id\":\"https:\\\/\\\/centrourbano.com\\\/revista\\\/#\\\/schema\\\/person\\\/910180bf1a924c1932a01f6032f5991a\",\"name\":\"Jackeline Valle\",\"image\":{\"@type\":\"ImageObject\",\"inLanguage\":\"es\",\"@id\":\"https:\\\/\\\/secure.gravatar.com\\\/avatar\\\/6dfa6899b228d3621bbf2fb01332e7e4b7afc7cd1374760becdb163b7f5436dd?s=96&d=mm&r=g\",\"url\":\"https:\\\/\\\/secure.gravatar.com\\\/avatar\\\/6dfa6899b228d3621bbf2fb01332e7e4b7afc7cd1374760becdb163b7f5436dd?s=96&d=mm&r=g\",\"contentUrl\":\"https:\\\/\\\/secure.gravatar.com\\\/avatar\\\/6dfa6899b228d3621bbf2fb01332e7e4b7afc7cd1374760becdb163b7f5436dd?s=96&d=mm&r=g\",\"caption\":\"Jackeline Valle\"},\"description\":\"Reportera en Centro Urbano. Egresada de la Licenciatura en Comunicaci\u00f3n y Cultura por la Universidad Aut\u00f3noma de la Ciudad de M\u00e9xico (UACM). Interesada en cine y la cultura. Apasionada de los deportes electr\u00f3nicos y el desarrollo de medios audiovisuales.\",\"url\":\"https:\\\/\\\/centrourbano.com\\\/revista\\\/author\\\/jackeline-valle\\\/\"}]}<\/script>\n<!-- \/ Yoast SEO plugin. -->","yoast_head_json":{"title":"Cambio de uso mejora el panorama de las oficinas en CDMX","description":"A trav\u00e9s de transformar oficinas en cl\u00ednicas, hospitales, vivienda, entre otros, mejora el panorama entorno a la sobre oferta corporativa","robots":{"index":"index","follow":"follow","max-snippet":"max-snippet:-1","max-image-preview":"max-image-preview:large","max-video-preview":"max-video-preview:-1"},"canonical":"https:\/\/centrourbano.com\/revista\/inmobiliario\/cambio-de-uso-mejora-el-panorama-de-las-oficinas-en-cdmx\/","og_locale":"es_ES","og_type":"article","og_title":"Cambio de uso mejora el panorama de las oficinas en CDMX","og_description":"A trav\u00e9s de transformar oficinas en cl\u00ednicas, hospitales, vivienda, entre otros, mejora el panorama entorno a la sobre oferta corporativa","og_url":"https:\/\/centrourbano.com\/revista\/inmobiliario\/cambio-de-uso-mejora-el-panorama-de-las-oficinas-en-cdmx\/","og_site_name":"Centro Urbano","article_publisher":"https:\/\/www.facebook.com\/portalcentrourbano","article_published_time":"2022-08-11T13:43:34+00:00","og_image":[{"width":533,"height":533,"url":"https:\/\/centrourbano.com\/revista\/wp-content\/uploads\/PO-1534_1497282184.jpg","type":"image\/jpeg"}],"author":"Jackeline Valle","twitter_card":"summary_large_image","twitter_creator":"@CentroUrbano","twitter_site":"@CentroUrbano","twitter_misc":{"Escrito por":"Jackeline Valle","Tiempo de lectura":"2 minutos"},"schema":{"@context":"https:\/\/schema.org","@graph":[{"@type":"Article","@id":"https:\/\/centrourbano.com\/revista\/inmobiliario\/cambio-de-uso-mejora-el-panorama-de-las-oficinas-en-cdmx\/#article","isPartOf":{"@id":"https:\/\/centrourbano.com\/revista\/inmobiliario\/cambio-de-uso-mejora-el-panorama-de-las-oficinas-en-cdmx\/"},"author":{"name":"Jackeline Valle","@id":"https:\/\/centrourbano.com\/revista\/#\/schema\/person\/910180bf1a924c1932a01f6032f5991a"},"headline":"Cambio de uso mejora el panorama de las oficinas en CDMX","datePublished":"2022-08-11T13:43:34+00:00","mainEntityOfPage":{"@id":"https:\/\/centrourbano.com\/revista\/inmobiliario\/cambio-de-uso-mejora-el-panorama-de-las-oficinas-en-cdmx\/"},"wordCount":460,"commentCount":0,"publisher":{"@id":"https:\/\/centrourbano.com\/revista\/#organization"},"image":{"@id":"https:\/\/centrourbano.com\/revista\/inmobiliario\/cambio-de-uso-mejora-el-panorama-de-las-oficinas-en-cdmx\/#primaryimage"},"thumbnailUrl":"https:\/\/centrourbano.com\/revista\/wp-content\/uploads\/PO-1534_1497282184.jpg","keywords":["actividades en oficinas","espacios corporativos","proyectos corporativos","reconversi\u00f3n de espacios","sector de oficinas"],"articleSection":["Inmobiliario"],"inLanguage":"es","potentialAction":[{"@type":"CommentAction","name":"Comment","target":["https:\/\/centrourbano.com\/revista\/inmobiliario\/cambio-de-uso-mejora-el-panorama-de-las-oficinas-en-cdmx\/#respond"]}]},{"@type":"WebPage","@id":"https:\/\/centrourbano.com\/revista\/inmobiliario\/cambio-de-uso-mejora-el-panorama-de-las-oficinas-en-cdmx\/","url":"https:\/\/centrourbano.com\/revista\/inmobiliario\/cambio-de-uso-mejora-el-panorama-de-las-oficinas-en-cdmx\/","name":"Cambio de uso mejora el panorama de las oficinas en CDMX","isPartOf":{"@id":"https:\/\/centrourbano.com\/revista\/#website"},"primaryImageOfPage":{"@id":"https:\/\/centrourbano.com\/revista\/inmobiliario\/cambio-de-uso-mejora-el-panorama-de-las-oficinas-en-cdmx\/#primaryimage"},"image":{"@id":"https:\/\/centrourbano.com\/revista\/inmobiliario\/cambio-de-uso-mejora-el-panorama-de-las-oficinas-en-cdmx\/#primaryimage"},"thumbnailUrl":"https:\/\/centrourbano.com\/revista\/wp-content\/uploads\/PO-1534_1497282184.jpg","datePublished":"2022-08-11T13:43:34+00:00","description":"A trav\u00e9s de transformar oficinas en cl\u00ednicas, hospitales, vivienda, entre otros, mejora el panorama entorno a la sobre oferta corporativa","breadcrumb":{"@id":"https:\/\/centrourbano.com\/revista\/inmobiliario\/cambio-de-uso-mejora-el-panorama-de-las-oficinas-en-cdmx\/#breadcrumb"},"inLanguage":"es","potentialAction":[{"@type":"ReadAction","target":["https:\/\/centrourbano.com\/revista\/inmobiliario\/cambio-de-uso-mejora-el-panorama-de-las-oficinas-en-cdmx\/"]}]},{"@type":"ImageObject","inLanguage":"es","@id":"https:\/\/centrourbano.com\/revista\/inmobiliario\/cambio-de-uso-mejora-el-panorama-de-las-oficinas-en-cdmx\/#primaryimage","url":"https:\/\/centrourbano.com\/revista\/wp-content\/uploads\/PO-1534_1497282184.jpg","contentUrl":"https:\/\/centrourbano.com\/revista\/wp-content\/uploads\/PO-1534_1497282184.jpg","width":533,"height":533,"caption":"A trav\u00e9s de transformar oficinas en cl\u00ednicas, hospitales, vivienda, entre otros, mejora el panorama entorno a la sobre oferta corporativa"},{"@type":"BreadcrumbList","@id":"https:\/\/centrourbano.com\/revista\/inmobiliario\/cambio-de-uso-mejora-el-panorama-de-las-oficinas-en-cdmx\/#breadcrumb","itemListElement":[{"@type":"ListItem","position":1,"name":"Portada","item":"https:\/\/centrourbano.com\/revista\/"},{"@type":"ListItem","position":2,"name":"Cambio de uso mejora el panorama de las oficinas en CDMX"}]},{"@type":"WebSite","@id":"https:\/\/centrourbano.com\/revista\/#website","url":"https:\/\/centrourbano.com\/revista\/","name":"Centro Urbano","description":"Medio especializado en los sectores vivienda, inmobiliario, construcci\u00f3n, arquitectura y urbanismo.","publisher":{"@id":"https:\/\/centrourbano.com\/revista\/#organization"},"potentialAction":[{"@type":"SearchAction","target":{"@type":"EntryPoint","urlTemplate":"https:\/\/centrourbano.com\/revista\/?s={search_term_string}"},"query-input":{"@type":"PropertyValueSpecification","valueRequired":true,"valueName":"search_term_string"}}],"inLanguage":"es"},{"@type":"Organization","@id":"https:\/\/centrourbano.com\/revista\/#organization","name":"Centro Urbano","url":"https:\/\/centrourbano.com\/revista\/","logo":{"@type":"ImageObject","inLanguage":"es","@id":"https:\/\/centrourbano.com\/revista\/#\/schema\/logo\/image\/","url":"https:\/\/centrourbano.com\/revista\/wp-content\/uploads\/web_CU_logo-1.png","contentUrl":"https:\/\/centrourbano.com\/revista\/wp-content\/uploads\/web_CU_logo-1.png","width":350,"height":91,"caption":"Centro Urbano"},"image":{"@id":"https:\/\/centrourbano.com\/revista\/#\/schema\/logo\/image\/"},"sameAs":["https:\/\/www.facebook.com\/portalcentrourbano","https:\/\/x.com\/CentroUrbano","https:\/\/www.instagram.com\/centro_urbano\/","https:\/\/www.linkedin.com\/company\/centro-urbano\/","http:\/\/www.youtube.com\/user\/portalcentrourbano"]},{"@type":"Person","@id":"https:\/\/centrourbano.com\/revista\/#\/schema\/person\/910180bf1a924c1932a01f6032f5991a","name":"Jackeline Valle","image":{"@type":"ImageObject","inLanguage":"es","@id":"https:\/\/secure.gravatar.com\/avatar\/6dfa6899b228d3621bbf2fb01332e7e4b7afc7cd1374760becdb163b7f5436dd?s=96&d=mm&r=g","url":"https:\/\/secure.gravatar.com\/avatar\/6dfa6899b228d3621bbf2fb01332e7e4b7afc7cd1374760becdb163b7f5436dd?s=96&d=mm&r=g","contentUrl":"https:\/\/secure.gravatar.com\/avatar\/6dfa6899b228d3621bbf2fb01332e7e4b7afc7cd1374760becdb163b7f5436dd?s=96&d=mm&r=g","caption":"Jackeline Valle"},"description":"Reportera en Centro Urbano. Egresada de la Licenciatura en Comunicaci\u00f3n y Cultura por la Universidad Aut\u00f3noma de la Ciudad de M\u00e9xico (UACM). Interesada en cine y la cultura. Apasionada de los deportes electr\u00f3nicos y el desarrollo de medios audiovisuales.","url":"https:\/\/centrourbano.com\/revista\/author\/jackeline-valle\/"}]}},"_links":{"self":[{"href":"https:\/\/centrourbano.com\/revista\/wp-json\/wp\/v2\/posts\/132770","targetHints":{"allow":["GET"]}}],"collection":[{"href":"https:\/\/centrourbano.com\/revista\/wp-json\/wp\/v2\/posts"}],"about":[{"href":"https:\/\/centrourbano.com\/revista\/wp-json\/wp\/v2\/types\/post"}],"author":[{"embeddable":true,"href":"https:\/\/centrourbano.com\/revista\/wp-json\/wp\/v2\/users\/80"}],"replies":[{"embeddable":true,"href":"https:\/\/centrourbano.com\/revista\/wp-json\/wp\/v2\/comments?post=132770"}],"version-history":[{"count":2,"href":"https:\/\/centrourbano.com\/revista\/wp-json\/wp\/v2\/posts\/132770\/revisions"}],"predecessor-version":[{"id":132781,"href":"https:\/\/centrourbano.com\/revista\/wp-json\/wp\/v2\/posts\/132770\/revisions\/132781"}],"wp:featuredmedia":[{"embeddable":true,"href":"https:\/\/centrourbano.com\/revista\/wp-json\/wp\/v2\/media\/132771"}],"wp:attachment":[{"href":"https:\/\/centrourbano.com\/revista\/wp-json\/wp\/v2\/media?parent=132770"}],"wp:term":[{"taxonomy":"category","embeddable":true,"href":"https:\/\/centrourbano.com\/revista\/wp-json\/wp\/v2\/categories?post=132770"},{"taxonomy":"post_tag","embeddable":true,"href":"https:\/\/centrourbano.com\/revista\/wp-json\/wp\/v2\/tags?post=132770"}],"curies":[{"name":"wp","href":"https:\/\/api.w.org\/{rel}","templated":true}]}}