{"id":132647,"date":"2022-08-04T18:56:14","date_gmt":"2022-08-04T23:56:14","guid":{"rendered":"https:\/\/centrourbano.com\/?p=132647"},"modified":"2022-08-05T12:32:06","modified_gmt":"2022-08-05T17:32:06","slug":"con-alma-de-arquitecto-eduardo-matos-moctezuma-y-juan-villoro","status":"publish","type":"post","link":"https:\/\/centrourbano.com\/revista\/arquitectura-2\/con-alma-de-arquitecto-eduardo-matos-moctezuma-y-juan-villoro\/","title":{"rendered":"Con alma de arquitecto: Eduardo Matos Moctezuma y Juan Villoro"},"content":{"rendered":"<p><em>La ANA realiz\u00f3 el nombramiento de arquitecto honorario a dos grandes personalidades int\u00e9rpretes del sue\u00f1o arquitect\u00f3nico<\/em><!--more--><\/p>\n<p>L<strong>a arquitectura representa el arte y la t\u00e9cnica de proyectar y dise\u00f1ar edificios, espacios y estructuras. Sin embargo, existen enfoques que llevan a la arquitectura m\u00e1s all\u00e1 de la sola edificaci\u00f3n de una estructura; es por eso que con alma de arquitecto se reconoci\u00f3 al arque\u00f3logo Eduardo Matos Moctezuma y al escritor Juan Villoro como acad\u00e9micos honorarios.<\/strong><\/p>\n<p><strong>La realizaci\u00f3n de los nombramientos fue hecha por la Academia Nacional de Arquitectura (ANA)<\/strong>. Que a trav\u00e9s de un consenso realizaron el reconocimiento de dos grandes personalidades mexicanas.<\/p>\n<p>En ese sentido, el <em>Presidente de la<\/em> ANA, Jose Francisco Reygadas Valdez destac\u00f3 que la interpretaci\u00f3n del sue\u00f1o arquitect\u00f3nico por aportar espacios habitables y arm\u00f3nicos en su entorno queda en manos de otros.<strong>\u201clos historiadores, literatos, esos agudos observadores de las personas y de sus obras quienes asumen esta apasionante tarea.\u201d<\/strong><\/p>\n<p><strong>Por ello, la selecci\u00f3n de Matos Moctezum es indiscutible. Ya que, es uno de los m\u00e1s importantes investigadores de M\u00e9xico del periodo antes de la conquista.<\/strong> Adem\u00e1s, de aportar una visi\u00f3n sobre la fusi\u00f3n de dos entornos diferentes del mundo, que dieron paso al conglomerado urbano m\u00e1s grande de Am\u00e9rica.<\/p>\n<p><strong>Por otra parte, Juan Villoro logr\u00f3 referenciar a trav\u00e9s de sus letras y ensayos el patrimonio cultural de M\u00e9xico. Espec\u00edficamente de la Ciudad de M\u00e9xico, sus habitantes y la urbanizaci\u00f3n como personajes literarios.<\/strong><\/p>\n<p>Personajes que lograron ser testigos contempor\u00e1neos y citadinos de las transformaciones, destrucci\u00f3n y renacimiento de la capital. As\u00ed como practicantes de la memoria, que dotan de sentido a estructuras que ya no pertenecen al espacio, pero s\u00ed a la memoria.<\/p>\n<h2>Arquitectos impl\u00edcitos<\/h2>\n<p>El trabajo realizado por ambos acad\u00e9micos es bien reconocido en sus respectivas \u00e1reas. A pesar de ello, Reygadas Valdez asegur\u00f3 que es trabajo de la academia reconocer los esfuerzos de aquellos que trabajan en la arquitectura desde otras disciplinas.<\/p>\n<blockquote><p>\u201cDesde la academia de arquitectura no podemos sino reconocer a estos estudios de la cultura que dedican sus vidas a las obras de otros humanos y que desde sus propias \u00e1reas de conocimiento y del arte, recuperan el significado de las obras y la sociedad pasadas o presentes\u201d, agreg\u00f3<\/p><\/blockquote>\n<p><strong>Debido a ello, la selecci\u00f3n de Matos Moctezuma y Villoro navega en lo sublime, al estudiar el pasado y el presente de la capital.<\/strong><\/p>\n<p><strong>Eduardo Matos Moctezuma dedica su vida a descubrir la arqueolog\u00eda con alma de arquitecto, durante diferentes momentos de su vida. A la par de descubrir\u00a0 diferentes manifestaciones arquitect\u00f3nicas producto de investigaciones arqueol\u00f3gicas.<\/strong><\/p>\n<blockquote><p>\u00abEl mundo prehisp\u00e1nico fue testigo de los primeros asentamientos en los que las sociedades comunales construyeron aldeas, que m\u00e1s tardes se convirtieron en ciudades planificadas, en las que se guardaba la conjunci\u00f3n con la naturaleza\u201d, asegur\u00f3.<\/p>\n<p>\u201cQuiero hacer patente mi alegr\u00eda por el honroso nombramiento que hoy se me hace. Debo mencionar que mi alegr\u00eda es doble porque hoy tambi\u00e9n recibe el nombramiento mi amigo, Juan Villoro, verdadero arquitecto de la palabra\u201d, agradeci\u00f3 Matos Moctezuma<\/p><\/blockquote>\n<p><strong>Mientras que Juan Villoro aprendi\u00f3 a percibir a la arquitectura como parte de la belleza y con ello como inspiraci\u00f3n.<\/strong><\/p>\n<blockquote><p>\u201cMi sola presencia en esta sala revela que los arquitectos mexicanos han sabido sobreponerse a los arrebatos de la tierra, de un modo elemental, agradezco que los ladrillos sigan en su sitio. No es un milagro menor que en este territorio incierto hayan prosperado los espacios m\u00edticos de Luis Barrag\u00e1n, las unidades habitacionales de Mario Pani, entre otros\u201d, acentu\u00f3 Villoro.<\/p>\n<p>\u201cLos arquitectos no han dejado de dialogar con el espacio, ni los escritores de narrarlo.Hoy en d\u00eda ser\u00eda necesario una asamblea de escritores para captar las muchas ciudades que llamamos M\u00e9xico\u201d Finaliz\u00f3.<\/p><\/blockquote>\n","protected":false},"excerpt":{"rendered":"<p>La ANA realiz\u00f3 el nombramiento de arquitecto honorario a dos grandes personalidades int\u00e9rpretes del sue\u00f1o arquitect\u00f3nico<\/p>\n","protected":false},"author":80,"featured_media":132648,"comment_status":"open","ping_status":"closed","sticky":false,"template":"","format":"standard","meta":{"om_disable_all_campaigns":false,"inline_featured_image":false,"_monsterinsights_skip_tracking":false,"_monsterinsights_sitenote_active":false,"_monsterinsights_sitenote_note":"","_monsterinsights_sitenote_category":0,"footnotes":""},"categories":[81],"tags":[6097,1238,9492,6156],"class_list":["post-132647","post","type-post","status-publish","format-standard","has-post-thumbnail","hentry","category-arquitectura-2","tag-academia-nacional-de-arquitectura","tag-arquitectura-contemporanea","tag-arquitectura-y-urbanismo","tag-urbanismo"],"yoast_head":"<!-- This site is optimized with the Yoast SEO plugin v27.5 - https:\/\/yoast.com\/product\/yoast-seo-wordpress\/ -->\n<title>Con alma de arquitecto: Eduardo Matos Moctezuma y Juan Villoro<\/title>\n<meta name=\"description\" content=\"La ANA realiz\u00f3 el nombramiento de arquitecto honorario a dos grandes personalidades int\u00e9rpretes del sue\u00f1o arquitect\u00f3nico\" \/>\n<meta name=\"robots\" content=\"index, follow, max-snippet:-1, max-image-preview:large, max-video-preview:-1\" \/>\n<link rel=\"canonical\" href=\"https:\/\/centrourbano.com\/revista\/arquitectura-2\/con-alma-de-arquitecto-eduardo-matos-moctezuma-y-juan-villoro\/\" \/>\n<meta property=\"og:locale\" content=\"es_ES\" \/>\n<meta property=\"og:type\" content=\"article\" \/>\n<meta property=\"og:title\" content=\"Con alma de arquitecto: Eduardo Matos Moctezuma y Juan Villoro\" \/>\n<meta property=\"og:description\" content=\"La ANA realiz\u00f3 el nombramiento de arquitecto honorario a dos grandes personalidades int\u00e9rpretes del sue\u00f1o arquitect\u00f3nico\" \/>\n<meta property=\"og:url\" content=\"https:\/\/centrourbano.com\/revista\/arquitectura-2\/con-alma-de-arquitecto-eduardo-matos-moctezuma-y-juan-villoro\/\" \/>\n<meta property=\"og:site_name\" content=\"Centro Urbano\" \/>\n<meta property=\"article:publisher\" content=\"https:\/\/www.facebook.com\/portalcentrourbano\" \/>\n<meta property=\"article:published_time\" content=\"2022-08-04T23:56:14+00:00\" \/>\n<meta property=\"article:modified_time\" content=\"2022-08-05T17:32:06+00:00\" \/>\n<meta property=\"og:image\" content=\"https:\/\/centrourbano.com\/revista\/wp-content\/uploads\/WhatsApp-Image-2022-08-04-at-6.08.02-PM.jpeg\" \/>\n\t<meta property=\"og:image:width\" content=\"1597\" \/>\n\t<meta property=\"og:image:height\" content=\"1600\" \/>\n\t<meta property=\"og:image:type\" content=\"image\/jpeg\" \/>\n<meta name=\"author\" content=\"Jackeline Valle\" \/>\n<meta name=\"twitter:card\" content=\"summary_large_image\" \/>\n<meta name=\"twitter:creator\" content=\"@CentroUrbano\" \/>\n<meta name=\"twitter:site\" content=\"@CentroUrbano\" \/>\n<meta name=\"twitter:label1\" content=\"Escrito por\" \/>\n\t<meta name=\"twitter:data1\" content=\"Jackeline Valle\" \/>\n\t<meta name=\"twitter:label2\" content=\"Tiempo de lectura\" \/>\n\t<meta name=\"twitter:data2\" content=\"3 minutos\" \/>\n<script type=\"application\/ld+json\" class=\"yoast-schema-graph\">{\"@context\":\"https:\\\/\\\/schema.org\",\"@graph\":[{\"@type\":\"Article\",\"@id\":\"https:\\\/\\\/centrourbano.com\\\/revista\\\/arquitectura-2\\\/con-alma-de-arquitecto-eduardo-matos-moctezuma-y-juan-villoro\\\/#article\",\"isPartOf\":{\"@id\":\"https:\\\/\\\/centrourbano.com\\\/revista\\\/arquitectura-2\\\/con-alma-de-arquitecto-eduardo-matos-moctezuma-y-juan-villoro\\\/\"},\"author\":{\"name\":\"Jackeline Valle\",\"@id\":\"https:\\\/\\\/centrourbano.com\\\/revista\\\/#\\\/schema\\\/person\\\/1fb150d566fcd0facc2cddffbb96d1f1\"},\"headline\":\"Con alma de arquitecto: Eduardo Matos Moctezuma y Juan Villoro\",\"datePublished\":\"2022-08-04T23:56:14+00:00\",\"dateModified\":\"2022-08-05T17:32:06+00:00\",\"mainEntityOfPage\":{\"@id\":\"https:\\\/\\\/centrourbano.com\\\/revista\\\/arquitectura-2\\\/con-alma-de-arquitecto-eduardo-matos-moctezuma-y-juan-villoro\\\/\"},\"wordCount\":667,\"commentCount\":0,\"publisher\":{\"@id\":\"https:\\\/\\\/centrourbano.com\\\/revista\\\/#organization\"},\"image\":{\"@id\":\"https:\\\/\\\/centrourbano.com\\\/revista\\\/arquitectura-2\\\/con-alma-de-arquitecto-eduardo-matos-moctezuma-y-juan-villoro\\\/#primaryimage\"},\"thumbnailUrl\":\"https:\\\/\\\/centrourbano.com\\\/revista\\\/wp-content\\\/uploads\\\/WhatsApp-Image-2022-08-04-at-6.08.02-PM.jpeg\",\"keywords\":[\"Academia Nacional de Arquitectura\",\"Arquitectura contempor\u00e1nea\",\"Arquitectura y Urbanismo\",\"Urbanismo\"],\"articleSection\":[\"Arquitectura\"],\"inLanguage\":\"es\",\"potentialAction\":[{\"@type\":\"CommentAction\",\"name\":\"Comment\",\"target\":[\"https:\\\/\\\/centrourbano.com\\\/revista\\\/arquitectura-2\\\/con-alma-de-arquitecto-eduardo-matos-moctezuma-y-juan-villoro\\\/#respond\"]}]},{\"@type\":\"WebPage\",\"@id\":\"https:\\\/\\\/centrourbano.com\\\/revista\\\/arquitectura-2\\\/con-alma-de-arquitecto-eduardo-matos-moctezuma-y-juan-villoro\\\/\",\"url\":\"https:\\\/\\\/centrourbano.com\\\/revista\\\/arquitectura-2\\\/con-alma-de-arquitecto-eduardo-matos-moctezuma-y-juan-villoro\\\/\",\"name\":\"Con alma de arquitecto: Eduardo Matos Moctezuma y Juan Villoro\",\"isPartOf\":{\"@id\":\"https:\\\/\\\/centrourbano.com\\\/revista\\\/#website\"},\"primaryImageOfPage\":{\"@id\":\"https:\\\/\\\/centrourbano.com\\\/revista\\\/arquitectura-2\\\/con-alma-de-arquitecto-eduardo-matos-moctezuma-y-juan-villoro\\\/#primaryimage\"},\"image\":{\"@id\":\"https:\\\/\\\/centrourbano.com\\\/revista\\\/arquitectura-2\\\/con-alma-de-arquitecto-eduardo-matos-moctezuma-y-juan-villoro\\\/#primaryimage\"},\"thumbnailUrl\":\"https:\\\/\\\/centrourbano.com\\\/revista\\\/wp-content\\\/uploads\\\/WhatsApp-Image-2022-08-04-at-6.08.02-PM.jpeg\",\"datePublished\":\"2022-08-04T23:56:14+00:00\",\"dateModified\":\"2022-08-05T17:32:06+00:00\",\"description\":\"La ANA realiz\u00f3 el nombramiento de arquitecto honorario a dos grandes personalidades int\u00e9rpretes del sue\u00f1o arquitect\u00f3nico\",\"breadcrumb\":{\"@id\":\"https:\\\/\\\/centrourbano.com\\\/revista\\\/arquitectura-2\\\/con-alma-de-arquitecto-eduardo-matos-moctezuma-y-juan-villoro\\\/#breadcrumb\"},\"inLanguage\":\"es\",\"potentialAction\":[{\"@type\":\"ReadAction\",\"target\":[\"https:\\\/\\\/centrourbano.com\\\/revista\\\/arquitectura-2\\\/con-alma-de-arquitecto-eduardo-matos-moctezuma-y-juan-villoro\\\/\"]}]},{\"@type\":\"ImageObject\",\"inLanguage\":\"es\",\"@id\":\"https:\\\/\\\/centrourbano.com\\\/revista\\\/arquitectura-2\\\/con-alma-de-arquitecto-eduardo-matos-moctezuma-y-juan-villoro\\\/#primaryimage\",\"url\":\"https:\\\/\\\/centrourbano.com\\\/revista\\\/wp-content\\\/uploads\\\/WhatsApp-Image-2022-08-04-at-6.08.02-PM.jpeg\",\"contentUrl\":\"https:\\\/\\\/centrourbano.com\\\/revista\\\/wp-content\\\/uploads\\\/WhatsApp-Image-2022-08-04-at-6.08.02-PM.jpeg\",\"width\":1597,\"height\":1600,\"caption\":\"La ANA realiz\u00f3 el nombramiento de arquitecto honorario a dos grandes personalidades int\u00e9rpretes del sue\u00f1o arquitect\u00f3nico\"},{\"@type\":\"BreadcrumbList\",\"@id\":\"https:\\\/\\\/centrourbano.com\\\/revista\\\/arquitectura-2\\\/con-alma-de-arquitecto-eduardo-matos-moctezuma-y-juan-villoro\\\/#breadcrumb\",\"itemListElement\":[{\"@type\":\"ListItem\",\"position\":1,\"name\":\"Portada\",\"item\":\"https:\\\/\\\/centrourbano.com\\\/revista\\\/\"},{\"@type\":\"ListItem\",\"position\":2,\"name\":\"Con alma de arquitecto: Eduardo Matos Moctezuma y Juan Villoro\"}]},{\"@type\":\"WebSite\",\"@id\":\"https:\\\/\\\/centrourbano.com\\\/revista\\\/#website\",\"url\":\"https:\\\/\\\/centrourbano.com\\\/revista\\\/\",\"name\":\"Centro Urbano\",\"description\":\"Medio especializado en los sectores vivienda, inmobiliario, construcci\u00f3n, arquitectura y urbanismo.\",\"publisher\":{\"@id\":\"https:\\\/\\\/centrourbano.com\\\/revista\\\/#organization\"},\"potentialAction\":[{\"@type\":\"SearchAction\",\"target\":{\"@type\":\"EntryPoint\",\"urlTemplate\":\"https:\\\/\\\/centrourbano.com\\\/revista\\\/?s={search_term_string}\"},\"query-input\":{\"@type\":\"PropertyValueSpecification\",\"valueRequired\":true,\"valueName\":\"search_term_string\"}}],\"inLanguage\":\"es\"},{\"@type\":\"Organization\",\"@id\":\"https:\\\/\\\/centrourbano.com\\\/revista\\\/#organization\",\"name\":\"Centro Urbano\",\"url\":\"https:\\\/\\\/centrourbano.com\\\/revista\\\/\",\"logo\":{\"@type\":\"ImageObject\",\"inLanguage\":\"es\",\"@id\":\"https:\\\/\\\/centrourbano.com\\\/revista\\\/#\\\/schema\\\/logo\\\/image\\\/\",\"url\":\"https:\\\/\\\/centrourbano.com\\\/revista\\\/wp-content\\\/uploads\\\/web_CU_logo-1.png\",\"contentUrl\":\"https:\\\/\\\/centrourbano.com\\\/revista\\\/wp-content\\\/uploads\\\/web_CU_logo-1.png\",\"width\":350,\"height\":91,\"caption\":\"Centro Urbano\"},\"image\":{\"@id\":\"https:\\\/\\\/centrourbano.com\\\/revista\\\/#\\\/schema\\\/logo\\\/image\\\/\"},\"sameAs\":[\"https:\\\/\\\/www.facebook.com\\\/portalcentrourbano\",\"https:\\\/\\\/x.com\\\/CentroUrbano\",\"https:\\\/\\\/www.instagram.com\\\/centro_urbano\\\/\",\"https:\\\/\\\/www.linkedin.com\\\/company\\\/centro-urbano\\\/\",\"http:\\\/\\\/www.youtube.com\\\/user\\\/portalcentrourbano\"]},{\"@type\":\"Person\",\"@id\":\"https:\\\/\\\/centrourbano.com\\\/revista\\\/#\\\/schema\\\/person\\\/1fb150d566fcd0facc2cddffbb96d1f1\",\"name\":\"Jackeline Valle\",\"image\":{\"@type\":\"ImageObject\",\"inLanguage\":\"es\",\"@id\":\"https:\\\/\\\/secure.gravatar.com\\\/avatar\\\/6dfa6899b228d3621bbf2fb01332e7e4b7afc7cd1374760becdb163b7f5436dd?s=96&d=mm&r=g\",\"url\":\"https:\\\/\\\/secure.gravatar.com\\\/avatar\\\/6dfa6899b228d3621bbf2fb01332e7e4b7afc7cd1374760becdb163b7f5436dd?s=96&d=mm&r=g\",\"contentUrl\":\"https:\\\/\\\/secure.gravatar.com\\\/avatar\\\/6dfa6899b228d3621bbf2fb01332e7e4b7afc7cd1374760becdb163b7f5436dd?s=96&d=mm&r=g\",\"caption\":\"Jackeline Valle\"},\"description\":\"Reportera en Centro Urbano. Egresada de la Licenciatura en Comunicaci\u00f3n y Cultura por la Universidad Aut\u00f3noma de la Ciudad de M\u00e9xico (UACM). Interesada en cine y la cultura. Apasionada de los deportes electr\u00f3nicos y el desarrollo de medios audiovisuales.\",\"url\":\"https:\\\/\\\/centrourbano.com\\\/revista\\\/author\\\/jackeline-valle\\\/\"}]}<\/script>\n<!-- \/ Yoast SEO plugin. -->","yoast_head_json":{"title":"Con alma de arquitecto: Eduardo Matos Moctezuma y Juan Villoro","description":"La ANA realiz\u00f3 el nombramiento de arquitecto honorario a dos grandes personalidades int\u00e9rpretes del sue\u00f1o arquitect\u00f3nico","robots":{"index":"index","follow":"follow","max-snippet":"max-snippet:-1","max-image-preview":"max-image-preview:large","max-video-preview":"max-video-preview:-1"},"canonical":"https:\/\/centrourbano.com\/revista\/arquitectura-2\/con-alma-de-arquitecto-eduardo-matos-moctezuma-y-juan-villoro\/","og_locale":"es_ES","og_type":"article","og_title":"Con alma de arquitecto: Eduardo Matos Moctezuma y Juan Villoro","og_description":"La ANA realiz\u00f3 el nombramiento de arquitecto honorario a dos grandes personalidades int\u00e9rpretes del sue\u00f1o arquitect\u00f3nico","og_url":"https:\/\/centrourbano.com\/revista\/arquitectura-2\/con-alma-de-arquitecto-eduardo-matos-moctezuma-y-juan-villoro\/","og_site_name":"Centro Urbano","article_publisher":"https:\/\/www.facebook.com\/portalcentrourbano","article_published_time":"2022-08-04T23:56:14+00:00","article_modified_time":"2022-08-05T17:32:06+00:00","og_image":[{"width":1597,"height":1600,"url":"https:\/\/centrourbano.com\/revista\/wp-content\/uploads\/WhatsApp-Image-2022-08-04-at-6.08.02-PM.jpeg","type":"image\/jpeg"}],"author":"Jackeline Valle","twitter_card":"summary_large_image","twitter_creator":"@CentroUrbano","twitter_site":"@CentroUrbano","twitter_misc":{"Escrito por":"Jackeline Valle","Tiempo de lectura":"3 minutos"},"schema":{"@context":"https:\/\/schema.org","@graph":[{"@type":"Article","@id":"https:\/\/centrourbano.com\/revista\/arquitectura-2\/con-alma-de-arquitecto-eduardo-matos-moctezuma-y-juan-villoro\/#article","isPartOf":{"@id":"https:\/\/centrourbano.com\/revista\/arquitectura-2\/con-alma-de-arquitecto-eduardo-matos-moctezuma-y-juan-villoro\/"},"author":{"name":"Jackeline Valle","@id":"https:\/\/centrourbano.com\/revista\/#\/schema\/person\/1fb150d566fcd0facc2cddffbb96d1f1"},"headline":"Con alma de arquitecto: Eduardo Matos Moctezuma y Juan Villoro","datePublished":"2022-08-04T23:56:14+00:00","dateModified":"2022-08-05T17:32:06+00:00","mainEntityOfPage":{"@id":"https:\/\/centrourbano.com\/revista\/arquitectura-2\/con-alma-de-arquitecto-eduardo-matos-moctezuma-y-juan-villoro\/"},"wordCount":667,"commentCount":0,"publisher":{"@id":"https:\/\/centrourbano.com\/revista\/#organization"},"image":{"@id":"https:\/\/centrourbano.com\/revista\/arquitectura-2\/con-alma-de-arquitecto-eduardo-matos-moctezuma-y-juan-villoro\/#primaryimage"},"thumbnailUrl":"https:\/\/centrourbano.com\/revista\/wp-content\/uploads\/WhatsApp-Image-2022-08-04-at-6.08.02-PM.jpeg","keywords":["Academia Nacional de Arquitectura","Arquitectura contempor\u00e1nea","Arquitectura y Urbanismo","Urbanismo"],"articleSection":["Arquitectura"],"inLanguage":"es","potentialAction":[{"@type":"CommentAction","name":"Comment","target":["https:\/\/centrourbano.com\/revista\/arquitectura-2\/con-alma-de-arquitecto-eduardo-matos-moctezuma-y-juan-villoro\/#respond"]}]},{"@type":"WebPage","@id":"https:\/\/centrourbano.com\/revista\/arquitectura-2\/con-alma-de-arquitecto-eduardo-matos-moctezuma-y-juan-villoro\/","url":"https:\/\/centrourbano.com\/revista\/arquitectura-2\/con-alma-de-arquitecto-eduardo-matos-moctezuma-y-juan-villoro\/","name":"Con alma de arquitecto: Eduardo Matos Moctezuma y Juan Villoro","isPartOf":{"@id":"https:\/\/centrourbano.com\/revista\/#website"},"primaryImageOfPage":{"@id":"https:\/\/centrourbano.com\/revista\/arquitectura-2\/con-alma-de-arquitecto-eduardo-matos-moctezuma-y-juan-villoro\/#primaryimage"},"image":{"@id":"https:\/\/centrourbano.com\/revista\/arquitectura-2\/con-alma-de-arquitecto-eduardo-matos-moctezuma-y-juan-villoro\/#primaryimage"},"thumbnailUrl":"https:\/\/centrourbano.com\/revista\/wp-content\/uploads\/WhatsApp-Image-2022-08-04-at-6.08.02-PM.jpeg","datePublished":"2022-08-04T23:56:14+00:00","dateModified":"2022-08-05T17:32:06+00:00","description":"La ANA realiz\u00f3 el nombramiento de arquitecto honorario a dos grandes personalidades int\u00e9rpretes del sue\u00f1o arquitect\u00f3nico","breadcrumb":{"@id":"https:\/\/centrourbano.com\/revista\/arquitectura-2\/con-alma-de-arquitecto-eduardo-matos-moctezuma-y-juan-villoro\/#breadcrumb"},"inLanguage":"es","potentialAction":[{"@type":"ReadAction","target":["https:\/\/centrourbano.com\/revista\/arquitectura-2\/con-alma-de-arquitecto-eduardo-matos-moctezuma-y-juan-villoro\/"]}]},{"@type":"ImageObject","inLanguage":"es","@id":"https:\/\/centrourbano.com\/revista\/arquitectura-2\/con-alma-de-arquitecto-eduardo-matos-moctezuma-y-juan-villoro\/#primaryimage","url":"https:\/\/centrourbano.com\/revista\/wp-content\/uploads\/WhatsApp-Image-2022-08-04-at-6.08.02-PM.jpeg","contentUrl":"https:\/\/centrourbano.com\/revista\/wp-content\/uploads\/WhatsApp-Image-2022-08-04-at-6.08.02-PM.jpeg","width":1597,"height":1600,"caption":"La ANA realiz\u00f3 el nombramiento de arquitecto honorario a dos grandes personalidades int\u00e9rpretes del sue\u00f1o arquitect\u00f3nico"},{"@type":"BreadcrumbList","@id":"https:\/\/centrourbano.com\/revista\/arquitectura-2\/con-alma-de-arquitecto-eduardo-matos-moctezuma-y-juan-villoro\/#breadcrumb","itemListElement":[{"@type":"ListItem","position":1,"name":"Portada","item":"https:\/\/centrourbano.com\/revista\/"},{"@type":"ListItem","position":2,"name":"Con alma de arquitecto: Eduardo Matos Moctezuma y Juan Villoro"}]},{"@type":"WebSite","@id":"https:\/\/centrourbano.com\/revista\/#website","url":"https:\/\/centrourbano.com\/revista\/","name":"Centro Urbano","description":"Medio especializado en los sectores vivienda, inmobiliario, construcci\u00f3n, arquitectura y urbanismo.","publisher":{"@id":"https:\/\/centrourbano.com\/revista\/#organization"},"potentialAction":[{"@type":"SearchAction","target":{"@type":"EntryPoint","urlTemplate":"https:\/\/centrourbano.com\/revista\/?s={search_term_string}"},"query-input":{"@type":"PropertyValueSpecification","valueRequired":true,"valueName":"search_term_string"}}],"inLanguage":"es"},{"@type":"Organization","@id":"https:\/\/centrourbano.com\/revista\/#organization","name":"Centro Urbano","url":"https:\/\/centrourbano.com\/revista\/","logo":{"@type":"ImageObject","inLanguage":"es","@id":"https:\/\/centrourbano.com\/revista\/#\/schema\/logo\/image\/","url":"https:\/\/centrourbano.com\/revista\/wp-content\/uploads\/web_CU_logo-1.png","contentUrl":"https:\/\/centrourbano.com\/revista\/wp-content\/uploads\/web_CU_logo-1.png","width":350,"height":91,"caption":"Centro Urbano"},"image":{"@id":"https:\/\/centrourbano.com\/revista\/#\/schema\/logo\/image\/"},"sameAs":["https:\/\/www.facebook.com\/portalcentrourbano","https:\/\/x.com\/CentroUrbano","https:\/\/www.instagram.com\/centro_urbano\/","https:\/\/www.linkedin.com\/company\/centro-urbano\/","http:\/\/www.youtube.com\/user\/portalcentrourbano"]},{"@type":"Person","@id":"https:\/\/centrourbano.com\/revista\/#\/schema\/person\/1fb150d566fcd0facc2cddffbb96d1f1","name":"Jackeline Valle","image":{"@type":"ImageObject","inLanguage":"es","@id":"https:\/\/secure.gravatar.com\/avatar\/6dfa6899b228d3621bbf2fb01332e7e4b7afc7cd1374760becdb163b7f5436dd?s=96&d=mm&r=g","url":"https:\/\/secure.gravatar.com\/avatar\/6dfa6899b228d3621bbf2fb01332e7e4b7afc7cd1374760becdb163b7f5436dd?s=96&d=mm&r=g","contentUrl":"https:\/\/secure.gravatar.com\/avatar\/6dfa6899b228d3621bbf2fb01332e7e4b7afc7cd1374760becdb163b7f5436dd?s=96&d=mm&r=g","caption":"Jackeline Valle"},"description":"Reportera en Centro Urbano. Egresada de la Licenciatura en Comunicaci\u00f3n y Cultura por la Universidad Aut\u00f3noma de la Ciudad de M\u00e9xico (UACM). Interesada en cine y la cultura. Apasionada de los deportes electr\u00f3nicos y el desarrollo de medios audiovisuales.","url":"https:\/\/centrourbano.com\/revista\/author\/jackeline-valle\/"}]}},"_links":{"self":[{"href":"https:\/\/centrourbano.com\/revista\/wp-json\/wp\/v2\/posts\/132647","targetHints":{"allow":["GET"]}}],"collection":[{"href":"https:\/\/centrourbano.com\/revista\/wp-json\/wp\/v2\/posts"}],"about":[{"href":"https:\/\/centrourbano.com\/revista\/wp-json\/wp\/v2\/types\/post"}],"author":[{"embeddable":true,"href":"https:\/\/centrourbano.com\/revista\/wp-json\/wp\/v2\/users\/80"}],"replies":[{"embeddable":true,"href":"https:\/\/centrourbano.com\/revista\/wp-json\/wp\/v2\/comments?post=132647"}],"version-history":[{"count":4,"href":"https:\/\/centrourbano.com\/revista\/wp-json\/wp\/v2\/posts\/132647\/revisions"}],"predecessor-version":[{"id":132664,"href":"https:\/\/centrourbano.com\/revista\/wp-json\/wp\/v2\/posts\/132647\/revisions\/132664"}],"wp:featuredmedia":[{"embeddable":true,"href":"https:\/\/centrourbano.com\/revista\/wp-json\/wp\/v2\/media\/132648"}],"wp:attachment":[{"href":"https:\/\/centrourbano.com\/revista\/wp-json\/wp\/v2\/media?parent=132647"}],"wp:term":[{"taxonomy":"category","embeddable":true,"href":"https:\/\/centrourbano.com\/revista\/wp-json\/wp\/v2\/categories?post=132647"},{"taxonomy":"post_tag","embeddable":true,"href":"https:\/\/centrourbano.com\/revista\/wp-json\/wp\/v2\/tags?post=132647"}],"curies":[{"name":"wp","href":"https:\/\/api.w.org\/{rel}","templated":true}]}}